{"id":56207,"date":"2021-08-06T10:00:38","date_gmt":"2021-08-06T08:00:38","guid":{"rendered":"https:\/\/www.tomajazz.com\/web\/?p=56207"},"modified":"2021-08-05T17:52:40","modified_gmt":"2021-08-05T15:52:40","slug":"festival-montijazz-vendimia-2021-10-11-y-18-de-septiembre-de-2021-montilla-cordoba-noticias-de-jazz","status":"publish","type":"post","link":"https:\/\/tomajazz.com\/web\/festival-montijazz-vendimia-2021-10-11-y-18-de-septiembre-de-2021-montilla-cordoba-noticias-de-jazz\/","title":{"rendered":"Festival Montijazz Vendimia 2021 (10, 11 y 18 de septiembre de 2021. Montilla, C\u00f3rdoba) [Noticias de jazz]"},"content":{"rendered":"<p>&nbsp;<\/p>\n<p style=\"text-align: center;\"><img loading=\"lazy\" decoding=\"async\" class=\"aligncenter size-full wp-image-56208\" src=\"https:\/\/tomajazz.com\/web\/wp-content\/uploads\/2021\/08\/Montijazz-2021_peq.jpg\" alt=\"\" width=\"420\" height=\"594\" title=\"\" srcset=\"https:\/\/tomajazz.com\/web\/wp-content\/uploads\/2021\/08\/Montijazz-2021_peq.jpg 420w, https:\/\/tomajazz.com\/web\/wp-content\/uploads\/2021\/08\/Montijazz-2021_peq-141x200.jpg 141w, https:\/\/tomajazz.com\/web\/wp-content\/uploads\/2021\/08\/Montijazz-2021_peq-389x550.jpg 389w, https:\/\/tomajazz.com\/web\/wp-content\/uploads\/2021\/08\/Montijazz-2021_peq-354x500.jpg 354w\" sizes=\"auto, (max-width: 420px) 100vw, 420px\" \/><\/p>\n<p>Entre el 10 y el 18 de septiembre de 2021, organizado por Asociaci\u00f3n Cultural Jazz Amontillado, tendr\u00e1 lugar en Montilla (C\u00f3rdoba), el <strong>Festival Montijazz Vendimia 2021<\/strong>.<\/p>\n<p>Programa<br \/>\n<strong>10 de septiembre. Bodegas Albear. 21:00<\/strong><br \/>\n<strong>Four Women Quartet<\/strong><br \/>\nNatalia Ruciero (voz y percusi\u00f3n)<br \/>\nLaura Dom\u00ednguez (piano y voces)<br \/>\nBlanca Barranco (contrabajo y voces)<br \/>\nVirginia Moreno (clarinete y voces)<\/p>\n<p><strong>Alba Careta Group<\/strong><br \/>\nAlba Careta (trompeta y voz)<br \/>\nLucas Mart\u00ednez (saxo tenor)<br \/>\nRoger Santacana (piano)<br \/>\nGiusepe Campisi (contrabajo)<br \/>\nJosep Cordob\u00e9s (bater\u00eda)<\/p>\n<p><strong>11 de septiembre. Bodegas Albear. 21:00<\/strong><br \/>\n<strong>David Ruiz Septeto<\/strong><br \/>\nDavid Ruiz (contrabajo)<br \/>\nShayam Fathi (bater\u00eda)<br \/>\nMarcos Collado (guitarra)<br \/>\nGabriel Peso (piano)<br \/>\nJorge Vistel (trompeta)<br \/>\nRoberto Nieva (saxof\u00f3n)<br \/>\nDani Navarro (baile)<\/p>\n<p><strong>Dry Martina<\/strong><br \/>\nLaura Insausti (voz)<br \/>\nJaime Fern\u00e1ndez (tromb\u00f3n)<br \/>\nStefano Tomaselli (saxof\u00f3n)<br \/>\nNacho Loring (trompeta)<br \/>\nJuan Baca (contrabajo)<br \/>\nPablo Guzm\u00e1n (guitarra)<\/p>\n<p><strong>18 de septiembre. Cooperativa La Uni\u00f3n. 21:00<\/strong><br \/>\n<strong>Zoot Suiters<\/strong><br \/>\nCoco Carmona (voz)<br \/>\nOliver K\u00f6nig (saxo y clarinete)<br \/>\nJaime de la Cruz (tromb\u00f3n)<br \/>\nJos\u00e9 Manuel Lucas (trompeta)<br \/>\nOliver Cuello (guitarra)<br \/>\nMario Mart\u00ednez(contrabajo)<br \/>\nRafa Gilabert (bater\u00eda)<\/p>\n<p>M\u00e1s informaci\u00f3n en <a href=\"https:\/\/montijazz.com\/\" target=\"_blank\" rel=\"noopener\">https:\/\/montijazz.com\/<\/a><\/p>\n","protected":false},"excerpt":{"rendered":"<p>Entre el 10 y el 18 de septiembre de 2021 tendr\u00e1 lugar en Montilla (C\u00f3rdoba), el Festival Montijazz Vendimia 2021.<span class=\"more-link\"><a href=\"https:\/\/tomajazz.com\/web\/festival-montijazz-vendimia-2021-10-11-y-18-de-septiembre-de-2021-montilla-cordoba-noticias-de-jazz\/\">Contin\u00faa leyendo<\/a><\/span><\/p>\n","protected":false},"author":1,"featured_media":56208,"comment_status":"open","ping_status":"closed","sticky":false,"template":"","format":"standard","meta":{"jetpack_post_was_ever_published":false,"_jetpack_newsletter_access":"","_jetpack_dont_email_post_to_subs":false,"_jetpack_newsletter_tier_id":0,"_jetpack_memberships_contains_paywalled_content":false,"_jetpack_memberships_contains_paid_content":false,"footnotes":""},"categories":[17858,15795,1038],"tags":[13,25546,15296],"class_list":["entry","author-pachi","has-excerpt","post-56207","post","type-post","status-publish","format-standard","has-post-thumbnail","category-redaccion","category-noticias-2","category-contenidos","tag-jazz","tag-montijazz-vendimia","tag-noticias-de-jazz"],"jetpack_featured_media_url":"https:\/\/tomajazz.com\/web\/wp-content\/uploads\/2021\/08\/Montijazz-2021_peq.jpg","jetpack_likes_enabled":true,"jetpack_sharing_enabled":true,"jetpack-related-posts":[{"id":76735,"url":"https:\/\/tomajazz.com\/web\/vii-montijazz-vendimia-2023\/","url_meta":{"origin":56207,"position":0},"title":"VII Montijazz Vendimia 2023 &#8211; VII Festival de Jazz de Montilla 2023 (Montilla, C\u00f3rdoba. 8 al 16 de septiembre de 2023) [Noticias de jazz]","author":"Tomajazz","date":"30 julio, 2023","format":false,"excerpt":"Entre el 8 y el 16 de septiembre de 2023 tendr\u00e1 lugar en Montilla (C\u00f3rdoba), el VII Festival de Jazz de Montilla 2023 - VII Montijazz Vendimia 2023 #Ciclodejazz #FestivalDeJazz #Festivalesdejazz #Noticiasdejazz","rel":"","context":"En \u00abFestivales de jazz de verano 2023\u00bb","block_context":{"text":"Festivales de jazz de verano 2023","link":"https:\/\/tomajazz.com\/web\/category\/contenidos\/noticias-2\/festivales-de-jazz-de-verano-2023\/"},"img":{"alt_text":"VII Montijazz Vendimia 2023 - VII Festival de Jazz de Montilla 2023 (Montilla, C\u00f3rdoba. 8 al 16 de septiembre de 2023) [Noticias de jazz] - Tomajazz 9.0 - Entre el 8 y el 16 de septiembre de 2023 tendr\u00e1 lugar en Montilla (C\u00f3rdoba), el VII Festival de Jazz de Montilla 2023 - VII Montijazz Vendimia 2023 #Ciclodejazz #FestivalDeJazz #Festivalesdejazz #Noticiasdejazz","src":"https:\/\/i0.wp.com\/tomajazz.com\/web\/wp-content\/uploads\/2023\/07\/VII-Montijazz-Vendimia-2023-VII-Festival-de-Jazz-de-Montilla-2023-Tomajazz-Noticias.jpg?resize=350%2C200&ssl=1","width":350,"height":200,"srcset":"https:\/\/i0.wp.com\/tomajazz.com\/web\/wp-content\/uploads\/2023\/07\/VII-Montijazz-Vendimia-2023-VII-Festival-de-Jazz-de-Montilla-2023-Tomajazz-Noticias.jpg?resize=350%2C200&ssl=1 1x, https:\/\/i0.wp.com\/tomajazz.com\/web\/wp-content\/uploads\/2023\/07\/VII-Montijazz-Vendimia-2023-VII-Festival-de-Jazz-de-Montilla-2023-Tomajazz-Noticias.jpg?resize=525%2C300&ssl=1 1.5x"},"classes":[]},{"id":54586,"url":"https:\/\/tomajazz.com\/web\/instantzz-alba-careta-group-31e-jazz-granollers-festival-casino-de-granollers-club-de-ritme-granollers-barcelona-2021-04-16-galeria-fotografica-aka-fotoblog-de-jazz-impro-y-algo\/","url_meta":{"origin":56207,"position":1},"title":"INSTANTZZ: Alba Careta Group  (31\u00e8 Jazz Granollers Festival \/ Casino de Granollers Club de Ritme, Granollers -Barcelona-.  2021-04-16) [Galer\u00eda fotogr\u00e1fica AKA Fotoblog de jazz, impro\u2026 y algo m\u00e1s] Por Joan Cort\u00e8s","author":"Tomajazz","date":"6 mayo, 2021","format":false,"excerpt":"Joan Cort\u00e8s trae a INSTANTZZ una galer\u00eda fotogr\u00e1fica con la actuaci\u00f3n del Alba Careta Group en el 31\u00e8 Jazz Granollers Festival.","rel":"","context":"En \u00abIm\u00e1genes\u00bb","block_context":{"text":"Im\u00e1genes","link":"https:\/\/tomajazz.com\/web\/category\/contenidos\/imagenes\/"},"img":{"alt_text":"","src":"https:\/\/i0.wp.com\/tomajazz.com\/web\/wp-content\/uploads\/2021\/05\/07_lb-Crt-Grp-Joan-Cortes_16brl21_31JGF_CGCR_Grn.jpg?resize=350%2C200&ssl=1","width":350,"height":200,"srcset":"https:\/\/i0.wp.com\/tomajazz.com\/web\/wp-content\/uploads\/2021\/05\/07_lb-Crt-Grp-Joan-Cortes_16brl21_31JGF_CGCR_Grn.jpg?resize=350%2C200&ssl=1 1x, https:\/\/i0.wp.com\/tomajazz.com\/web\/wp-content\/uploads\/2021\/05\/07_lb-Crt-Grp-Joan-Cortes_16brl21_31JGF_CGCR_Grn.jpg?resize=525%2C300&ssl=1 1.5x"},"classes":[]},{"id":56786,"url":"https:\/\/tomajazz.com\/web\/instantzz-alba-careta-group-especial-jazzene-2021-vi-galeria-fotografica-aka-fotoblog-de-jazz-impro-y-algo-mas-por-jose-luis-luna-rocafort\/","url_meta":{"origin":56207,"position":2},"title":"INSTANTZZ: Alba Careta Group [Especial Jazze\u00f1e 2021 VII] [Galer\u00eda fotogr\u00e1fica AKA Fotoblog de jazz, impro\u2026 y algo m\u00e1s] Por Jos\u00e9 Luis Luna Rocafort","author":"Tomajazz","date":"30 agosto, 2021","format":false,"excerpt":"En INSTANTZZ el especial JazzE\u00f1e 2021 va llegando a su final. En la pen\u00faltima entrega, la actuaci\u00f3n de Alba Careta Group. Las im\u00e1genes de Jos\u00e9 Luis Luna Rocafort.","rel":"","context":"En \u00abINSTANTZZ\u00bb","block_context":{"text":"INSTANTZZ","link":"https:\/\/tomajazz.com\/web\/category\/contenidos\/imagenes\/photoblogs\/instantzz\/"},"img":{"alt_text":"","src":"https:\/\/i0.wp.com\/tomajazz.com\/web\/wp-content\/uploads\/2021\/08\/001-4.jpg?resize=350%2C200&ssl=1","width":350,"height":200,"srcset":"https:\/\/i0.wp.com\/tomajazz.com\/web\/wp-content\/uploads\/2021\/08\/001-4.jpg?resize=350%2C200&ssl=1 1x, https:\/\/i0.wp.com\/tomajazz.com\/web\/wp-content\/uploads\/2021\/08\/001-4.jpg?resize=525%2C300&ssl=1 1.5x"},"classes":[]},{"id":56735,"url":"https:\/\/tomajazz.com\/web\/xxi-festival-alcudiajazz-septiembre-2021-noticias-de-jazz\/","url_meta":{"origin":56207,"position":3},"title":"XXI Festival Alc\u00fadiajazz (Septiembre 2021) [Noticias de Jazz]","author":"Tomajazz","date":"30 agosto, 2021","format":false,"excerpt":"Durante el mes de septiembre tendr\u00e1 lugar en Alc\u00fadia (Mallorca), el XXI Alc\u00fadiajazz.","rel":"","context":"En \u00ab*_Redacci\u00f3n\u00bb","block_context":{"text":"*_Redacci\u00f3n","link":"https:\/\/tomajazz.com\/web\/category\/redaccion\/"},"img":{"alt_text":"","src":"https:\/\/i0.wp.com\/tomajazz.com\/web\/wp-content\/uploads\/2021\/08\/0001.jpg?resize=350%2C200&ssl=1","width":350,"height":200,"srcset":"https:\/\/i0.wp.com\/tomajazz.com\/web\/wp-content\/uploads\/2021\/08\/0001.jpg?resize=350%2C200&ssl=1 1x, https:\/\/i0.wp.com\/tomajazz.com\/web\/wp-content\/uploads\/2021\/08\/0001.jpg?resize=525%2C300&ssl=1 1.5x, https:\/\/i0.wp.com\/tomajazz.com\/web\/wp-content\/uploads\/2021\/08\/0001.jpg?resize=700%2C400&ssl=1 2x, https:\/\/i0.wp.com\/tomajazz.com\/web\/wp-content\/uploads\/2021\/08\/0001.jpg?resize=1050%2C600&ssl=1 3x, https:\/\/i0.wp.com\/tomajazz.com\/web\/wp-content\/uploads\/2021\/08\/0001.jpg?resize=1400%2C800&ssl=1 4x"},"classes":[]},{"id":104847,"url":"https:\/\/tomajazz.com\/web\/alba-careta-group-panical-jazz-granollers-2026\/","url_meta":{"origin":56207,"position":4},"title":"Alba Careta Group \u201cPanical\u201d (36\u00e8 Jazz Granollers Festival \/ Casino, 2026-02-27 \/ Granollers -Barcelona-) [II] Por Joan Cort\u00e8s [INSTANTZZ AKA Galer\u00eda fotogr\u00e1fica AKA Fotoblog de jazz, impro\u2026 y algo m\u00e1s]","author":"Tomajazz","date":"12 abril, 2026","format":false,"excerpt":"Alba Careta Group \u201cPanical\u201d actu\u00f3 en el 36\u00e8 Jazz Granollers Festival, el 27 de febrero de 2026. Joan Cort\u00e8s lo retrata en INSTANTZZ. Alba Careta Group \u201cPanical\u201d son Alba Careta, Lucas Mart\u00ednez, Roger Santacana, Giuseppe Campisi, Jordi Pallar\u00e9s","rel":"","context":"En \u00ab36 Jazz Granollers Festival 2026\u00bb","block_context":{"text":"36 Jazz Granollers Festival 2026","link":"https:\/\/tomajazz.com\/web\/category\/contenidos\/especial-contenidos\/36-jazz-granollers-festival-2026\/"},"img":{"alt_text":"Alba Careta Group \u201cPanical\u201d (36\u00e8 Jazz Granollers Festival \/ Casino, 2026-02-27 \/ Granollers -Barcelona-) [II] Por Joan Cort\u00e8s [INSTANTZZ AKA Galer\u00eda fotogr\u00e1fica AKA Fotoblog de jazz, impro\u2026 y algo m\u00e1s] - Tomajazz - Alba Careta Group \u201cPanical\u201d actu\u00f3 en el 36\u00e8 Jazz Granollers Festival, el 27 de febrero de 2026. Joan Cort\u00e8s lo retrata en INSTANTZZ. Alba Careta Group \u201cPanical\u201d son Alba Careta, Lucas Mart\u00ednez, Roger Santacana, Giuseppe Campisi, Jordi Pallar\u00e9s\n","src":"https:\/\/i0.wp.com\/tomajazz.com\/web\/wp-content\/uploads\/2026\/04\/destacada-03-lb-Crt-Grp-Photo-by-Joan-Cortes-27fbr26-36JGF-CG-CR-Grnllrs.jpg?resize=350%2C200&ssl=1","width":350,"height":200,"srcset":"https:\/\/i0.wp.com\/tomajazz.com\/web\/wp-content\/uploads\/2026\/04\/destacada-03-lb-Crt-Grp-Photo-by-Joan-Cortes-27fbr26-36JGF-CG-CR-Grnllrs.jpg?resize=350%2C200&ssl=1 1x, https:\/\/i0.wp.com\/tomajazz.com\/web\/wp-content\/uploads\/2026\/04\/destacada-03-lb-Crt-Grp-Photo-by-Joan-Cortes-27fbr26-36JGF-CG-CR-Grnllrs.jpg?resize=525%2C300&ssl=1 1.5x"},"classes":[]},{"id":103512,"url":"https:\/\/tomajazz.com\/web\/36-jazz-granollers-festival-2026\/","url_meta":{"origin":56207,"position":5},"title":"36 Jazz Granollers Festival 2026 (del 23 de enero al 27 de marzo 2026. Granollers, Barcelona) [Noticias de jazz]","author":"Tomajazz","date":"18 enero, 2026","format":false,"excerpt":"El 36\u00e8 Jazz Granollers Festival 2026 se celebrar\u00e1 del 23 de enero al 27 de marzo de 2026 con quince jornadas y actuaciones de Lluc Casares, Irene Reig, Alba Careta, Marco Mezquida y m\u00e1s #Noticiasdejazz","rel":"","context":"En \u00ab36 Jazz Granollers Festival 2026\u00bb","block_context":{"text":"36 Jazz Granollers Festival 2026","link":"https:\/\/tomajazz.com\/web\/category\/contenidos\/especial-contenidos\/36-jazz-granollers-festival-2026\/"},"img":{"alt_text":"36 Jazz Granollers Festival 2026 (del 23 de enero al 27 de marzo 2026. Granollers, Barcelona) [Noticias de jazz] - Tomajazz - El 36\u00e8 Jazz Granollers Festival 2026 se celebrar\u00e1 del 23 de enero al 27 de marzo de 2026 con quince jornadas y actuaciones de Lluc Casares, Irene Reig, Alba Careta, Marco Mezquida y m\u00e1s #Noticiasdejazz","src":"https:\/\/i0.wp.com\/tomajazz.com\/web\/wp-content\/uploads\/2026\/01\/Cartell-36e-Jazz-Granollers-Festival-2026.jpg?resize=350%2C200&ssl=1","width":350,"height":200,"srcset":"https:\/\/i0.wp.com\/tomajazz.com\/web\/wp-content\/uploads\/2026\/01\/Cartell-36e-Jazz-Granollers-Festival-2026.jpg?resize=350%2C200&ssl=1 1x, https:\/\/i0.wp.com\/tomajazz.com\/web\/wp-content\/uploads\/2026\/01\/Cartell-36e-Jazz-Granollers-Festival-2026.jpg?resize=525%2C300&ssl=1 1.5x, https:\/\/i0.wp.com\/tomajazz.com\/web\/wp-content\/uploads\/2026\/01\/Cartell-36e-Jazz-Granollers-Festival-2026.jpg?resize=700%2C400&ssl=1 2x"},"classes":[]}],"_links":{"self":[{"href":"https:\/\/tomajazz.com\/web\/wp-json\/wp\/v2\/posts\/56207","targetHints":{"allow":["GET"]}}],"collection":[{"href":"https:\/\/tomajazz.com\/web\/wp-json\/wp\/v2\/posts"}],"about":[{"href":"https:\/\/tomajazz.com\/web\/wp-json\/wp\/v2\/types\/post"}],"author":[{"embeddable":true,"href":"https:\/\/tomajazz.com\/web\/wp-json\/wp\/v2\/users\/1"}],"replies":[{"embeddable":true,"href":"https:\/\/tomajazz.com\/web\/wp-json\/wp\/v2\/comments?post=56207"}],"version-history":[{"count":2,"href":"https:\/\/tomajazz.com\/web\/wp-json\/wp\/v2\/posts\/56207\/revisions"}],"predecessor-version":[{"id":56210,"href":"https:\/\/tomajazz.com\/web\/wp-json\/wp\/v2\/posts\/56207\/revisions\/56210"}],"wp:featuredmedia":[{"embeddable":true,"href":"https:\/\/tomajazz.com\/web\/wp-json\/wp\/v2\/media\/56208"}],"wp:attachment":[{"href":"https:\/\/tomajazz.com\/web\/wp-json\/wp\/v2\/media?parent=56207"}],"wp:term":[{"taxonomy":"category","embeddable":true,"href":"https:\/\/tomajazz.com\/web\/wp-json\/wp\/v2\/categories?post=56207"},{"taxonomy":"post_tag","embeddable":true,"href":"https:\/\/tomajazz.com\/web\/wp-json\/wp\/v2\/tags?post=56207"}],"curies":[{"name":"wp","href":"https:\/\/api.w.org\/{rel}","templated":true}]}}