{"id":56444,"date":"2021-08-17T10:30:16","date_gmt":"2021-08-17T08:30:16","guid":{"rendered":"https:\/\/www.tomajazz.com\/web\/?p=56444"},"modified":"2021-08-16T21:21:26","modified_gmt":"2021-08-16T19:21:26","slug":"vasko-atanasovski-adrabesa-quartet-phoenix-moonjune-records-2021-grabacion-de-jazz-por-enrique-farelo","status":"publish","type":"post","link":"https:\/\/tomajazz.com\/web\/vasko-atanasovski-adrabesa-quartet-phoenix-moonjune-records-2021-grabacion-de-jazz-por-enrique-farelo\/","title":{"rendered":"Vasko Atanasovski Adrabesa Quartet: Phoenix (MoonJune records 2021) [Grabaci\u00f3n de jazz] Por Enrique Farelo"},"content":{"rendered":"<p><img loading=\"lazy\" decoding=\"async\" class=\"alignleft wp-image-56445 size-medium\" src=\"https:\/\/tomajazz.com\/web\/wp-content\/uploads\/2021\/08\/Vasko-Atanasovski-Adrabesa-Quartet-Phoenix-200x200.jpg\" alt=\"\" width=\"200\" height=\"200\" title=\"\" srcset=\"https:\/\/tomajazz.com\/web\/wp-content\/uploads\/2021\/08\/Vasko-Atanasovski-Adrabesa-Quartet-Phoenix-200x200.jpg 200w, https:\/\/tomajazz.com\/web\/wp-content\/uploads\/2021\/08\/Vasko-Atanasovski-Adrabesa-Quartet-Phoenix-600x600.jpg 600w, https:\/\/tomajazz.com\/web\/wp-content\/uploads\/2021\/08\/Vasko-Atanasovski-Adrabesa-Quartet-Phoenix-150x150.jpg 150w, https:\/\/tomajazz.com\/web\/wp-content\/uploads\/2021\/08\/Vasko-Atanasovski-Adrabesa-Quartet-Phoenix-768x768.jpg 768w, https:\/\/tomajazz.com\/web\/wp-content\/uploads\/2021\/08\/Vasko-Atanasovski-Adrabesa-Quartet-Phoenix-465x465.jpg 465w, https:\/\/tomajazz.com\/web\/wp-content\/uploads\/2021\/08\/Vasko-Atanasovski-Adrabesa-Quartet-Phoenix-500x500.jpg 500w, https:\/\/tomajazz.com\/web\/wp-content\/uploads\/2021\/08\/Vasko-Atanasovski-Adrabesa-Quartet-Phoenix.jpg 1200w\" sizes=\"auto, (max-width: 200px) 100vw, 200px\" \/>\u00bfQu\u00e9 ofrece <em>Phoenix<\/em>? <em>Phoenix<\/em>, ofrece es una amalgama, un crisol folcl\u00f3rico de ritmos y sonidos de los Balcanes y del Mediterr\u00e1neo o lo que de forma gen\u00e9rica podr\u00edamos definir como <em>World Music<\/em>, condimentado por una paleta colorista que transita entre el jazz y la m\u00fasica cl\u00e1sica; piezas como la extensa \u201cLiberation\u201d sugieren un homenaje cifrado y dirigido para J. S.Bach, donde el acorde\u00f3n de Simone Zanchini se viste de \u00f3rgano en el comienzo y la flauta de Vasko Atanasovski cobra protagonismo en los solos o interactuando con la tuba de Michel Godard y el violonchelo de Ariel Vei Atanasovski, adem\u00e1s del acorde\u00f3n de Simone Zanchini desembocando en un final festivo-folcl\u00f3rico en el que Bodek Janke tambi\u00e9n tiene su momento de lucimiento.<\/p>\n<p>La inicial \u201cMeeting\u201d marca el camino a seguir y es el paradigma de <em>Phoenix<\/em>; \u201cGreen Nymph\u201d, al inicio es una pieza medieval de aires calmados y liricos. Poes\u00eda encarnada en Ariel Vei Atanasovski, Vasko Atanasovski y Simone Zanchini al que replica Michel Godard; \u201cThe Partisan Song\u201d posee menor carga po\u00e9tica que \u201cMeeting\u201d pero similar y algo m\u00e1s de <em>swing<\/em>.<\/p>\n<p>La amable y festiva \u201cBalet\u201d estructura sus solos en clave <em>be-bop<\/em> brillando Michel Godard; \u201cConcerto Epico\u201d danza y danza, se enmara\u00f1a en di\u00e1logos instrumentales hasta converger en la deserci\u00f3n y desembocar en un final <em>swingueante<\/em> y folcl\u00f3rico una vez m\u00e1s. En \u201cThornica\u201d la tabla y el <em>konankol<\/em> de Bodek Janke se orienta hacia la India rememorando a Shakti; \u201cYellow Sky\u201d es pieza corta que baila al son del <em>vals<\/em> o de las danzas balc\u00e1nicas. La reflexiva y casi solemne \u201cOutro\u201d sirve de broche.<\/p>\n<p style=\"text-align: right;\">Tomajazz: \u00a9\u00a0<strong>Enrique Farelo<\/strong>, 2021<\/p>\n<p><strong>Vasko Atanasovski Adrabesa Quartet<\/strong>: <em>Phoenix<\/em><\/p>\n<p>M\u00fasicos: Vasko Atanasovski (Eslovenia) (saxos alto &amp; soprano, flauta), Simone Zanchini (Italia), (acorde\u00f3n); Michel Godard (Francia) (tuba y serpent\u00edn); Bodek Janke (Polania\/Alemania) (tabla y bater\u00eda) y la colaboraci\u00f3n de Ariel Vei Atanasovski (Eslovenia) (violonchelo).<br \/>\nComposiciones: \u201cMeeting\u201d, \u201cGreen Nymph\u201d, \u201cThe Partisan Song\u201d, \u201cLiberation\u201d, \u201cBalet\u201d, \u201cConcerto Epico\u201d, \u201cThornica\u201d, \u201cYellow Sky\u201d y \u201cOutro\u201d.<br \/>\nTodos los temas compuestos por Vasko Atanasovski.<br \/>\nGrabado el 29 de\u00a0 Noviembre 2019 en RTV Slovenia Studio Maribor.<br \/>\nPublicado en 2021 por MoonJune Records.<\/p>\n<p>&nbsp;<\/p>\n","protected":false},"excerpt":{"rendered":"<p>Rese\u00f1a de Enrique Farelo de la grabaci\u00f3n Phoenix (MoonJune Records) de Vasko Atanasovski Adrabesa Quartet. <span class=\"more-link\"><a href=\"https:\/\/tomajazz.com\/web\/vasko-atanasovski-adrabesa-quartet-phoenix-moonjune-records-2021-grabacion-de-jazz-por-enrique-farelo\/\">Contin\u00faa leyendo<\/a><\/span><\/p>\n","protected":false},"author":1,"featured_media":56445,"comment_status":"open","ping_status":"closed","sticky":false,"template":"","format":"standard","meta":{"jetpack_post_was_ever_published":false,"_jetpack_newsletter_access":"","_jetpack_dont_email_post_to_subs":false,"_jetpack_newsletter_tier_id":0,"_jetpack_memberships_contains_paywalled_content":false,"_jetpack_memberships_contains_paid_content":false,"footnotes":""},"categories":[17848,5,15517,1038],"tags":[25603,11656,304,25518,16211,5991,25602,25601,25600],"class_list":["entry","author-pachi","has-excerpt","post-56444","post","type-post","status-publish","format-standard","has-post-thumbnail","category-enrique-farelo","category-grabaciones","category-textos","category-contenidos","tag-ariel-vei-atanasonvski","tag-bodek-janke","tag-enrique-farelo","tag-grabacion-de-jazz","tag-michel-godard","tag-moonjune-records","tag-simone-zanchini","tag-vasko-atanasovski","tag-vasko-atanasovski-adrabesa-quartet"],"jetpack_featured_media_url":"https:\/\/tomajazz.com\/web\/wp-content\/uploads\/2021\/08\/Vasko-Atanasovski-Adrabesa-Quartet-Phoenix.jpg","jetpack_likes_enabled":true,"jetpack_sharing_enabled":true,"jetpack-related-posts":[{"id":57263,"url":"https:\/\/tomajazz.com\/web\/jazzx5281-vasko-atanasovski-adrabesa-quartet-balet-phoenix-moonjune-records-2021-minipodcast-de-jazz-por-pachi-tapiz\/","url_meta":{"origin":56444,"position":0},"title":"JazzX5#281. Vasko Atanasovski Adrabesa Quartet: \u00abBalet\u00bb [Phoenix (MoonJune Records, 2021)] [Minipodcast de jazz] Por Pachi Tapiz","author":"Tomajazz","date":"23 septiembre, 2021","format":false,"excerpt":"El tema \"Balet\" del Vasko Atanasovski Adrabesa Quartet suena en JazzX5. El tema aparece en Phoenix (MoonJune Records, 2021)","rel":"","context":"En \u00abJazzX5\u00bb","block_context":{"text":"JazzX5","link":"https:\/\/tomajazz.com\/web\/category\/contenidos\/sonidos\/podcast\/jazzx5\/"},"img":{"alt_text":"","src":"https:\/\/i0.wp.com\/tomajazz.com\/web\/wp-content\/uploads\/2021\/09\/JazzX5_281.jpg?resize=350%2C200&ssl=1","width":350,"height":200,"srcset":"https:\/\/i0.wp.com\/tomajazz.com\/web\/wp-content\/uploads\/2021\/09\/JazzX5_281.jpg?resize=350%2C200&ssl=1 1x, https:\/\/i0.wp.com\/tomajazz.com\/web\/wp-content\/uploads\/2021\/09\/JazzX5_281.jpg?resize=525%2C300&ssl=1 1.5x, https:\/\/i0.wp.com\/tomajazz.com\/web\/wp-content\/uploads\/2021\/09\/JazzX5_281.jpg?resize=700%2C400&ssl=1 2x"},"classes":[]},{"id":103993,"url":"https:\/\/tomajazz.com\/web\/dewa-budjana-praguenayama-2026\/","url_meta":{"origin":56444,"position":1},"title":"Dewa Budjana &#038; Czech Symphony Orchestra: Praguenayama (MoonJune Records; 2026) Por Enrique Farelo [Grabaci\u00f3n de jazz]","author":"Tomajazz","date":"12 febrero, 2026","format":false,"excerpt":"Praguenayama (MoonJune Records; 2026) es lo nuevo de Dewa Budjana con la Czech Symphony Orchestra. Enrique Farelo repasa la grabaci\u00f3n","rel":"","context":"En \u00abGrabaciones...\u00bb","block_context":{"text":"Grabaciones...","link":"https:\/\/tomajazz.com\/web\/category\/contenidos\/textos\/grabaciones\/"},"img":{"alt_text":"Dewa Budjana & Czech Symphony Orchestra: Praguenayama (MoonJune Records; 2026) Por Enrique Farelo [Grabaci\u00f3n de jazz] - Tomajazz - Praguenayama (MoonJune Records; 2026) es lo nuevo de Dewa Budjana con la Czech Symphony Orchestra. Enrique Farelo repasa la grabaci\u00f3n","src":"https:\/\/i0.wp.com\/tomajazz.com\/web\/wp-content\/uploads\/2026\/02\/Dewa-Budjana-Czech-Symphony-Orchestra-Praguenayama-MoonJune-Records-2026-.jpg?resize=350%2C200&ssl=1","width":350,"height":200,"srcset":"https:\/\/i0.wp.com\/tomajazz.com\/web\/wp-content\/uploads\/2026\/02\/Dewa-Budjana-Czech-Symphony-Orchestra-Praguenayama-MoonJune-Records-2026-.jpg?resize=350%2C200&ssl=1 1x, https:\/\/i0.wp.com\/tomajazz.com\/web\/wp-content\/uploads\/2026\/02\/Dewa-Budjana-Czech-Symphony-Orchestra-Praguenayama-MoonJune-Records-2026-.jpg?resize=525%2C300&ssl=1 1.5x, https:\/\/i0.wp.com\/tomajazz.com\/web\/wp-content\/uploads\/2026\/02\/Dewa-Budjana-Czech-Symphony-Orchestra-Praguenayama-MoonJune-Records-2026-.jpg?resize=700%2C400&ssl=1 2x"},"classes":[]},{"id":103372,"url":"https:\/\/tomajazz.com\/web\/mark-wingfield-the-gathering-2024-vrsn-2026\/","url_meta":{"origin":56444,"position":2},"title":"Mark Wingfield: The Gathering (MoonJune Records; 2024) Por Enrique Farelo [Grabaci\u00f3n de jazz]","author":"Tomajazz","date":"12 enero, 2026","format":false,"excerpt":"The Gathering (MoonJune Records; 2024) es la grabaci\u00f3n de Mark Wingfield rese\u00f1ada por Enrique Farelo. Con Mark Wingfield, Gary Husband, Asaf Sirkis, Tony Levin, Percy Jones","rel":"","context":"En \u00ab*_Enrique Farelo\u00bb","block_context":{"text":"*_Enrique Farelo","link":"https:\/\/tomajazz.com\/web\/category\/enrique-farelo\/"},"img":{"alt_text":"Mark Wingfield: The Gathering (MoonJune Records; 2024) Por Enrique Farelo [Grabaci\u00f3n de jazz] - Tomajazz - The Gathering (MoonJune Records; 2024) es la grabaci\u00f3n de Mark Wingfield rese\u00f1ada por Enrique Farelo. Con Mark Wingfield, Gary Husband, Asaf Sirkis, Tony Levin, Percy Jones\n","src":"https:\/\/i0.wp.com\/tomajazz.com\/web\/wp-content\/uploads\/2026\/01\/Mark-Wingfield-The-Gathering-MoonJune-Records-2024.jpg?resize=350%2C200&ssl=1","width":350,"height":200,"srcset":"https:\/\/i0.wp.com\/tomajazz.com\/web\/wp-content\/uploads\/2026\/01\/Mark-Wingfield-The-Gathering-MoonJune-Records-2024.jpg?resize=350%2C200&ssl=1 1x, https:\/\/i0.wp.com\/tomajazz.com\/web\/wp-content\/uploads\/2026\/01\/Mark-Wingfield-The-Gathering-MoonJune-Records-2024.jpg?resize=525%2C300&ssl=1 1.5x, https:\/\/i0.wp.com\/tomajazz.com\/web\/wp-content\/uploads\/2026\/01\/Mark-Wingfield-The-Gathering-MoonJune-Records-2024.jpg?resize=700%2C400&ssl=1 2x"},"classes":[]},{"id":101193,"url":"https:\/\/tomajazz.com\/web\/seaorm-atlan-2025\/","url_meta":{"origin":56444,"position":3},"title":"Seaorm: Atlan (octoberXart Records, 2025) Por Enrique Farelo [Grabaci\u00f3n de jazz]","author":"Tomajazz","date":"31 octubre, 2025","format":false,"excerpt":"Atlan (octoberXart Records, 2025) es la nueva grabaci\u00f3n de Seaorm. Enrique Farelo repasa la grabaci\u00f3n. Seaormson Ark Fedotov, Ivan Fedotov, \u00c1ngel Ontalva","rel":"","context":"En \u00abGrabaciones...\u00bb","block_context":{"text":"Grabaciones...","link":"https:\/\/tomajazz.com\/web\/category\/contenidos\/textos\/grabaciones\/"},"img":{"alt_text":"Seaorm: Atlan (octoberXart Records, 2025) Por Enrique Farelo [Grabaci\u00f3n de jazz] - Tomajazz - Atlan (octoberXart Records, 2025) es la nueva grabaci\u00f3n de Seaorm. Enrique Farelo repasa la grabaci\u00f3n. Seaormson Ark Fedotov, Ivan Fedotov, \u00c1ngel Ontalva","src":"https:\/\/i0.wp.com\/tomajazz.com\/web\/wp-content\/uploads\/2025\/10\/Seaorm-Atlan-octoberXart-Records-2025-Tomajazz.jpg?resize=350%2C200&ssl=1","width":350,"height":200,"srcset":"https:\/\/i0.wp.com\/tomajazz.com\/web\/wp-content\/uploads\/2025\/10\/Seaorm-Atlan-octoberXart-Records-2025-Tomajazz.jpg?resize=350%2C200&ssl=1 1x, https:\/\/i0.wp.com\/tomajazz.com\/web\/wp-content\/uploads\/2025\/10\/Seaorm-Atlan-octoberXart-Records-2025-Tomajazz.jpg?resize=525%2C300&ssl=1 1.5x, https:\/\/i0.wp.com\/tomajazz.com\/web\/wp-content\/uploads\/2025\/10\/Seaorm-Atlan-octoberXart-Records-2025-Tomajazz.jpg?resize=700%2C400&ssl=1 2x"},"classes":[]},{"id":103238,"url":"https:\/\/tomajazz.com\/web\/markus-reuter-stephen-thelen-poabw-2025\/","url_meta":{"origin":56444,"position":4},"title":"Markus Reuter &#038; Stephen Thelen: Promise of a Better World (Iapetus Records; 2025) Por Enrique Farelo [Grabaci\u00f3n de jazz]","author":"Tomajazz","date":"8 enero, 2026","format":false,"excerpt":"Promise of a Better World (Iapetus records 2025) es lo nuevo de Markus Reuter & Stephen Thelen. Enrique Farelo repasa la grabaci\u00f3n","rel":"","context":"En \u00abGrabaciones...\u00bb","block_context":{"text":"Grabaciones...","link":"https:\/\/tomajazz.com\/web\/category\/contenidos\/textos\/grabaciones\/"},"img":{"alt_text":"Markus Reuter & Stephen Thelen-Promise of a Better World (Iapetus records 2025)  Por Enrique Farelo [Grabaci\u00f3n de jazz] - Tomajazz","src":"https:\/\/i0.wp.com\/tomajazz.com\/web\/wp-content\/uploads\/2026\/01\/Markus-Reuter-Stephen-Thelen-Promise-of-a-Better-World-Iapetus-records-2025.jpg?resize=350%2C200&ssl=1","width":350,"height":200,"srcset":"https:\/\/i0.wp.com\/tomajazz.com\/web\/wp-content\/uploads\/2026\/01\/Markus-Reuter-Stephen-Thelen-Promise-of-a-Better-World-Iapetus-records-2025.jpg?resize=350%2C200&ssl=1 1x, https:\/\/i0.wp.com\/tomajazz.com\/web\/wp-content\/uploads\/2026\/01\/Markus-Reuter-Stephen-Thelen-Promise-of-a-Better-World-Iapetus-records-2025.jpg?resize=525%2C300&ssl=1 1.5x, https:\/\/i0.wp.com\/tomajazz.com\/web\/wp-content\/uploads\/2026\/01\/Markus-Reuter-Stephen-Thelen-Promise-of-a-Better-World-Iapetus-records-2025.jpg?resize=700%2C400&ssl=1 2x"},"classes":[]},{"id":103402,"url":"https:\/\/tomajazz.com\/web\/anchor-and-burden-sunken-fleet-2025\/","url_meta":{"origin":56444,"position":5},"title":"Anchor and Burden: Sunken Fleet (Iapetus Records; 2025) Por Enrique Farelo [Grabaci\u00f3n de jazz]","author":"Tomajazz","date":"13 enero, 2026","format":false,"excerpt":"Sunken Fleet (Iapetus Records; 2025) es lo nuevo de Anchor and Burden. Enrique Farelo repasa la grabaci\u00f3n. Con Markus Reuter, Alexander Paul Dowerk, Bernhard W\u00f6stheinrich, Asaf Sirkis","rel":"","context":"En \u00ab*_Enrique Farelo\u00bb","block_context":{"text":"*_Enrique Farelo","link":"https:\/\/tomajazz.com\/web\/category\/enrique-farelo\/"},"img":{"alt_text":"Anchor and Burden: Sunken Fleet (Iapetus Records; 2025) Por Enrique Farelo [Grabaci\u00f3n de jazz] - Tomajazz - Sunken Fleet (Iapetus Records; 2025) es lo nuevo de Anchor and Burden. Enrique Farelo repasa la grabaci\u00f3n. Con Markus Reuter, Alexander Paul Dowerk, Bernhard W\u00f6stheinrich, Asaf Sirkis","src":"https:\/\/i0.wp.com\/tomajazz.com\/web\/wp-content\/uploads\/2026\/01\/Anchor-and-Burden-Sunken-Fleet-Iapetus-Records-2025-.jpg?resize=350%2C200&ssl=1","width":350,"height":200,"srcset":"https:\/\/i0.wp.com\/tomajazz.com\/web\/wp-content\/uploads\/2026\/01\/Anchor-and-Burden-Sunken-Fleet-Iapetus-Records-2025-.jpg?resize=350%2C200&ssl=1 1x, https:\/\/i0.wp.com\/tomajazz.com\/web\/wp-content\/uploads\/2026\/01\/Anchor-and-Burden-Sunken-Fleet-Iapetus-Records-2025-.jpg?resize=525%2C300&ssl=1 1.5x, https:\/\/i0.wp.com\/tomajazz.com\/web\/wp-content\/uploads\/2026\/01\/Anchor-and-Burden-Sunken-Fleet-Iapetus-Records-2025-.jpg?resize=700%2C400&ssl=1 2x"},"classes":[]}],"_links":{"self":[{"href":"https:\/\/tomajazz.com\/web\/wp-json\/wp\/v2\/posts\/56444","targetHints":{"allow":["GET"]}}],"collection":[{"href":"https:\/\/tomajazz.com\/web\/wp-json\/wp\/v2\/posts"}],"about":[{"href":"https:\/\/tomajazz.com\/web\/wp-json\/wp\/v2\/types\/post"}],"author":[{"embeddable":true,"href":"https:\/\/tomajazz.com\/web\/wp-json\/wp\/v2\/users\/1"}],"replies":[{"embeddable":true,"href":"https:\/\/tomajazz.com\/web\/wp-json\/wp\/v2\/comments?post=56444"}],"version-history":[{"count":3,"href":"https:\/\/tomajazz.com\/web\/wp-json\/wp\/v2\/posts\/56444\/revisions"}],"predecessor-version":[{"id":56447,"href":"https:\/\/tomajazz.com\/web\/wp-json\/wp\/v2\/posts\/56444\/revisions\/56447"}],"wp:featuredmedia":[{"embeddable":true,"href":"https:\/\/tomajazz.com\/web\/wp-json\/wp\/v2\/media\/56445"}],"wp:attachment":[{"href":"https:\/\/tomajazz.com\/web\/wp-json\/wp\/v2\/media?parent=56444"}],"wp:term":[{"taxonomy":"category","embeddable":true,"href":"https:\/\/tomajazz.com\/web\/wp-json\/wp\/v2\/categories?post=56444"},{"taxonomy":"post_tag","embeddable":true,"href":"https:\/\/tomajazz.com\/web\/wp-json\/wp\/v2\/tags?post=56444"}],"curies":[{"name":"wp","href":"https:\/\/api.w.org\/{rel}","templated":true}]}}