{"id":56540,"date":"2021-08-19T10:30:51","date_gmt":"2021-08-19T08:30:51","guid":{"rendered":"https:\/\/www.tomajazz.com\/web\/?p=56540"},"modified":"2021-08-18T21:34:46","modified_gmt":"2021-08-18T19:34:46","slug":"jazzx5246-dave-stryker-tough-bakers-circle-strikezone-records-2021-minipodcast-por-pachi-tapiz","status":"publish","type":"post","link":"https:\/\/tomajazz.com\/web\/jazzx5246-dave-stryker-tough-bakers-circle-strikezone-records-2021-minipodcast-por-pachi-tapiz\/","title":{"rendered":"JazzX5#246. Dave Stryker: \u00abTough\u00bb [Baker&#8217;s Circle (Strikezone Records, 2021)] [Minipodcast] Por Pachi Tapiz"},"content":{"rendered":"<p style=\"text-align: left;\"><img loading=\"lazy\" decoding=\"async\" class=\"alignleft wp-image-54128 size-medium\" src=\"https:\/\/tomajazz.com\/web\/wp-content\/uploads\/2021\/03\/Dave-Stryker-Bakers-Circle-200x200.jpg\" alt=\"\" width=\"200\" height=\"200\" title=\"\" srcset=\"https:\/\/tomajazz.com\/web\/wp-content\/uploads\/2021\/03\/Dave-Stryker-Bakers-Circle-200x200.jpg 200w, https:\/\/tomajazz.com\/web\/wp-content\/uploads\/2021\/03\/Dave-Stryker-Bakers-Circle-600x600.jpg 600w, https:\/\/tomajazz.com\/web\/wp-content\/uploads\/2021\/03\/Dave-Stryker-Bakers-Circle-150x150.jpg 150w, https:\/\/tomajazz.com\/web\/wp-content\/uploads\/2021\/03\/Dave-Stryker-Bakers-Circle-50x50.jpg 50w, https:\/\/tomajazz.com\/web\/wp-content\/uploads\/2021\/03\/Dave-Stryker-Bakers-Circle.jpg 700w\" sizes=\"auto, (max-width: 200px) 100vw, 200px\" \/>\u00abTough\u00bb<br \/>\n<strong>Dave Stryker<\/strong>: <em>Baker&#8217;s Circle<\/em> (Strikezone Records, 2021)<br \/>\n<strong>Dave Stryker<\/strong>, <strong>Walter Smith III<\/strong>, <strong>Jared Gold<\/strong>, <strong>McClenty Hunter<\/strong>. El tema es una composici\u00f3n de Dave Stryker.<\/p>\n<p style=\"text-align: left;\"><span style=\"text-align: right;\">\u00a9 <\/span><strong style=\"text-align: right;\">Pachi Tapiz<\/strong><span style=\"text-align: right;\">, 2021<\/span><br \/>\n<iframe id=\"audio_74291650\" style=\"width: 100%;\" src=\"https:\/\/www.ivoox.com\/player_ej_74291650_6_1.html\" height=\"200\" frameborder=\"0\" scrolling=\"no\" allowfullscreen=\"allowfullscreen\"><\/iframe><br \/>\n<strong>JazzX5<\/strong> es un minipodcast de HDO de la Factor\u00eda Tomajazz presentado, editado y producido por\u00a0<strong>Pachi Tapiz<\/strong>.<br \/>\n<strong>JazzX5<\/strong> comenz\u00f3 su andadura el 24 de junio de 2019.<br \/>\nTodas las entregas de <strong>JazzX5<\/strong> est\u00e1n disponibles en <strong><a href=\"https:\/\/tomajazz.com\/web\/?cat=23120\" target=\"_blank\" rel=\"noopener noreferrer\">https:\/\/tomajazz.com\/web\/?cat=23120<\/a> \/ <a href=\"https:\/\/www.ivoox.com\/jazzx5_bk_list_642835_1.html\" target=\"_blank\" rel=\"noopener noreferrer\">https:\/\/www.ivoox.com\/jazzx5_bk_list_642835_1.html<\/a><\/strong>.<\/p>\n<p>Juan F. Trillo rese\u00f1\u00f3 Baker&#8217;s Circle en <a href=\"https:\/\/tomajazz.com\/web\/?p=54127\" target=\"_blank\" rel=\"noopener\">https:\/\/tomajazz.com\/web\/?p=54127<\/a><\/p>\n<p>&nbsp;<\/p>\n","protected":false},"excerpt":{"rendered":"<p>En JazzX5 el tema \u00abRough\u00bb de la grabaci\u00f3n Baker&#8217;s Circle (Strikezone Records) del guitarrista Dave Stryker. <span class=\"more-link\"><a href=\"https:\/\/tomajazz.com\/web\/jazzx5246-dave-stryker-tough-bakers-circle-strikezone-records-2021-minipodcast-por-pachi-tapiz\/\">Contin\u00faa leyendo<\/a><\/span><\/p>\n","protected":false},"author":1,"featured_media":56542,"comment_status":"open","ping_status":"closed","sticky":false,"template":"","format":"standard","meta":{"jetpack_post_was_ever_published":false,"_jetpack_newsletter_access":"","_jetpack_dont_email_post_to_subs":false,"_jetpack_newsletter_tier_id":0,"_jetpack_memberships_contains_paywalled_content":false,"_jetpack_memberships_contains_paid_content":false,"footnotes":""},"categories":[17847,23120,12814,15518,1038],"tags":[22926,12406,23118,25200,25573,31,15310,6819],"class_list":["entry","author-pachi","has-excerpt","post-56540","post","type-post","status-publish","format-standard","has-post-thumbnail","category-pachi-tapiz","category-jazzx5","category-podcast","category-sonidos","category-contenidos","tag-dave-stryker","tag-jared-gold","tag-jazzx5","tag-mcclenty-hunter","tag-minipodcast","tag-pachi-tapiz","tag-podcast-de-jazz","tag-walter-smith-iii"],"jetpack_featured_media_url":"https:\/\/tomajazz.com\/web\/wp-content\/uploads\/2021\/08\/JazzX5_246.jpg","jetpack_likes_enabled":true,"jetpack_sharing_enabled":true,"jetpack-related-posts":[{"id":54127,"url":"https:\/\/tomajazz.com\/web\/dave-stryker-bakers-circle-entre-el-jazz-y-el-soul-strikezone-records-2021-grabacion-de-jazz-por-juan-f-trillo\/","url_meta":{"origin":56540,"position":0},"title":"Dave Stryker: Baker\u2019s Circle. Entre el jazz y el soul. (Strikezone Records, 2021) [Grabaci\u00f3n de jazz] Por Juan F. Trillo","author":"Tomajazz","date":"10 marzo, 2021","format":false,"excerpt":"Juan F. Trilllo repasa \"Baker's Circle\", la nueva grabaci\u00f3n del guitarrista Dave Stryker.","rel":"","context":"En \u00abTextos\u00bb","block_context":{"text":"Textos","link":"https:\/\/tomajazz.com\/web\/category\/contenidos\/textos\/"},"img":{"alt_text":"","src":"https:\/\/i0.wp.com\/tomajazz.com\/web\/wp-content\/uploads\/2021\/03\/Dave-Stryker-Bakers-Circle.jpg?resize=350%2C200&ssl=1","width":350,"height":200,"srcset":"https:\/\/i0.wp.com\/tomajazz.com\/web\/wp-content\/uploads\/2021\/03\/Dave-Stryker-Bakers-Circle.jpg?resize=350%2C200&ssl=1 1x, https:\/\/i0.wp.com\/tomajazz.com\/web\/wp-content\/uploads\/2021\/03\/Dave-Stryker-Bakers-Circle.jpg?resize=525%2C300&ssl=1 1.5x, https:\/\/i0.wp.com\/tomajazz.com\/web\/wp-content\/uploads\/2021\/03\/Dave-Stryker-Bakers-Circle.jpg?resize=700%2C400&ssl=1 2x"},"classes":[]},{"id":60351,"url":"https:\/\/tomajazz.com\/web\/jazzx5398-dave-stryker-river-man-as-we-are-strikezone-2022-minipodcast-de-jazz-por-pachi-tapiz\/","url_meta":{"origin":56540,"position":1},"title":"JazzX5#398. Dave Stryker: \u201cRiver Man\u201d [As We Are (Strikezone, 2022)] [Minipodcast de jazz] Por Pachi Tapiz","author":"Tomajazz","date":"18 enero, 2022","format":false,"excerpt":"En JazzX5 suena la versi\u00f3n de \"River Man\" (Nick Drake) que aparece en As We Are (Strikezone, 2022) de Dave Stryker. JazzX5 es un podcast de JazzX5.","rel":"","context":"En \u00abJazzX5\u00bb","block_context":{"text":"JazzX5","link":"https:\/\/tomajazz.com\/web\/category\/contenidos\/sonidos\/podcast\/jazzx5\/"},"img":{"alt_text":"","src":"https:\/\/i0.wp.com\/tomajazz.com\/web\/wp-content\/uploads\/2022\/01\/JazzX5_398.jpg?resize=350%2C200&ssl=1","width":350,"height":200,"srcset":"https:\/\/i0.wp.com\/tomajazz.com\/web\/wp-content\/uploads\/2022\/01\/JazzX5_398.jpg?resize=350%2C200&ssl=1 1x, https:\/\/i0.wp.com\/tomajazz.com\/web\/wp-content\/uploads\/2022\/01\/JazzX5_398.jpg?resize=525%2C300&ssl=1 1.5x, https:\/\/i0.wp.com\/tomajazz.com\/web\/wp-content\/uploads\/2022\/01\/JazzX5_398.jpg?resize=700%2C400&ssl=1 2x"},"classes":[]},{"id":72389,"url":"https:\/\/tomajazz.com\/web\/the-dave-stryker-trio-prime-2023\/","url_meta":{"origin":56540,"position":2},"title":"The Dave Stryker Trio: Prime (Strykezone Records, 2023) Por Juan F. Trillo [Grabaci\u00f3n de jazz]","author":"Tomajazz","date":"20 marzo, 2023","format":false,"excerpt":"Prime (Strykezone Records, 2023) es la nueva grabaci\u00f3n de The Dave Stryker Trio. Juan F. Trillo repasa esta grabaci\u00f3n.","rel":"","context":"En \u00abGrabaciones...\u00bb","block_context":{"text":"Grabaciones...","link":"https:\/\/tomajazz.com\/web\/category\/contenidos\/textos\/grabaciones\/"},"img":{"alt_text":"The Dave Stryker Trio: Prime (Strykezone Records, 2023) Por Juan F. Trillo [Grabaci\u00f3n de jazz] The Dave Stryker Trio Prime Strikezone Records 2023 WEB Tomajazz 9.0 - Prime (Strykezone Records, 2023) es la nueva grabaci\u00f3n de The Dave Stryker Trio. Juan F. Trillo repasa esta grabaci\u00f3n.","src":"https:\/\/i0.wp.com\/tomajazz.com\/web\/wp-content\/uploads\/2023\/03\/The-Dave-Stryker-Trio-Prime-Strikezone-Records-2023-WEB.jpg?resize=350%2C200&ssl=1","width":350,"height":200,"srcset":"https:\/\/i0.wp.com\/tomajazz.com\/web\/wp-content\/uploads\/2023\/03\/The-Dave-Stryker-Trio-Prime-Strikezone-Records-2023-WEB.jpg?resize=350%2C200&ssl=1 1x, https:\/\/i0.wp.com\/tomajazz.com\/web\/wp-content\/uploads\/2023\/03\/The-Dave-Stryker-Trio-Prime-Strikezone-Records-2023-WEB.jpg?resize=525%2C300&ssl=1 1.5x, https:\/\/i0.wp.com\/tomajazz.com\/web\/wp-content\/uploads\/2023\/03\/The-Dave-Stryker-Trio-Prime-Strikezone-Records-2023-WEB.jpg?resize=700%2C400&ssl=1 2x"},"classes":[]},{"id":61250,"url":"https:\/\/tomajazz.com\/web\/jazz-para-ti-72-novedades-jpt-t4-13-podcast-de-jazz-por-pachi-tapiz\/","url_meta":{"origin":56540,"position":3},"title":"Jazz Para Ti 72: novedades. JPT.T4.13 [Podcast de jazz] Por Pachi Tapiz","author":"Tomajazz","date":"20 febrero, 2022","format":false,"excerpt":"En la entrega de Jazz Para Ti de la semana del 13 de febrero de 2022, suena la m\u00fasica de Javier Navas, Juan de Diego, Dave Stryker y Beledo, entre otros. Jazz Para Ti es un programa de radio editado, presentado y producido por Pachi Tapiz.","rel":"","context":"En \u00abJazz Para Ti\u00bb","block_context":{"text":"Jazz Para Ti","link":"https:\/\/tomajazz.com\/web\/category\/contenidos\/sonidos\/podcast\/jazz_para_ti\/"},"img":{"alt_text":"Jazz Para Ti 72: novedades. JPT.T4.13 [Podcast de jazz] Por Pachi Tapiz","src":"https:\/\/i0.wp.com\/tomajazz.com\/web\/wp-content\/uploads\/2022\/02\/JazzParaTi_72.jpg?resize=350%2C200&ssl=1","width":350,"height":200,"srcset":"https:\/\/i0.wp.com\/tomajazz.com\/web\/wp-content\/uploads\/2022\/02\/JazzParaTi_72.jpg?resize=350%2C200&ssl=1 1x, https:\/\/i0.wp.com\/tomajazz.com\/web\/wp-content\/uploads\/2022\/02\/JazzParaTi_72.jpg?resize=525%2C300&ssl=1 1.5x, https:\/\/i0.wp.com\/tomajazz.com\/web\/wp-content\/uploads\/2022\/02\/JazzParaTi_72.jpg?resize=700%2C400&ssl=1 2x"},"classes":[]},{"id":100071,"url":"https:\/\/tomajazz.com\/web\/dave-stryker-with-strings-goes-to-the-movies-2025\/","url_meta":{"origin":56540,"position":4},"title":"Dave Stryker: Stryker with Strings Goes to the Movies (Strikezone Records; 2025) Por Pachi Tapiz [Grabaci\u00f3n de jazz]","author":"Tomajazz","date":"6 octubre, 2025","format":false,"excerpt":"Stryker with Strings Goes to the Movies (Strikezone Records; 2025) es la nueva grabaci\u00f3n del guitarrista Dave Stryker. Pachi Tapiz repasa la grabaci\u00f3n","rel":"","context":"En \u00abTomajazz (la revista) al completo\u00bb","block_context":{"text":"Tomajazz (la revista) al completo","link":"https:\/\/tomajazz.com\/web\/category\/contenidos\/"},"img":{"alt_text":"Dave Stryker: Stryker with Strings Goes to the Movies (Strikezone Records; 2025) Por Pachi Tapiz [Grabaci\u00f3n de jazz] - Tomajazz - Stryker with Strings Goes to the Movies (Strikezone Records; 2025) es la nueva grabaci\u00f3n del guitarrista Dave Stryker. Pachi Tapiz repasa la grabaci\u00f3n","src":"https:\/\/i0.wp.com\/tomajazz.com\/web\/wp-content\/uploads\/2025\/10\/Dave-Stryker-with-Strings-Goes-to-the-Movies-2025-Tomajazz.jpg?resize=350%2C200&ssl=1","width":350,"height":200,"srcset":"https:\/\/i0.wp.com\/tomajazz.com\/web\/wp-content\/uploads\/2025\/10\/Dave-Stryker-with-Strings-Goes-to-the-Movies-2025-Tomajazz.jpg?resize=350%2C200&ssl=1 1x, https:\/\/i0.wp.com\/tomajazz.com\/web\/wp-content\/uploads\/2025\/10\/Dave-Stryker-with-Strings-Goes-to-the-Movies-2025-Tomajazz.jpg?resize=525%2C300&ssl=1 1.5x, https:\/\/i0.wp.com\/tomajazz.com\/web\/wp-content\/uploads\/2025\/10\/Dave-Stryker-with-Strings-Goes-to-the-Movies-2025-Tomajazz.jpg?resize=700%2C400&ssl=1 2x"},"classes":[]},{"id":59279,"url":"https:\/\/tomajazz.com\/web\/jazzx5355-dave-rempis-avreeayl-ra-fire-and-ash-bennu-aerophonic-records-2021-minipodcast-de-jazz-por-pachi-tapiz\/","url_meta":{"origin":56540,"position":5},"title":"JazzX5#355. Dave Rempis &#8211; Avreeayl Ra: \u00abFire And Ash\u00bb [Bennu (Aerophonic Records, 2021)] [Minipodcast de jazz] Por Pachi Tapiz","author":"Tomajazz","date":"6 diciembre, 2021","format":false,"excerpt":"En JazzX5 para el lunes 5 de diciembre de 2021 suena el tema \"Fire and Ash\" de Dave Rempis - Avreeayl Ra que aparece en Bennu (Aerophonic Records, 2021). JazzX5 es un minipodcast de jazz de Pachi Tapiz.","rel":"","context":"En \u00abJazzX5\u00bb","block_context":{"text":"JazzX5","link":"https:\/\/tomajazz.com\/web\/category\/contenidos\/sonidos\/podcast\/jazzx5\/"},"img":{"alt_text":"JazzX5#355. Dave Rempis - Avreeayl Ra: \"Fire And Ash\" [Bennu (Aerophonic Records, 2021)] [Minipodcast de jazz] Por Pachi Tapiz","src":"https:\/\/i0.wp.com\/tomajazz.com\/web\/wp-content\/uploads\/2021\/12\/JazzX5_355.jpg?resize=350%2C200&ssl=1","width":350,"height":200,"srcset":"https:\/\/i0.wp.com\/tomajazz.com\/web\/wp-content\/uploads\/2021\/12\/JazzX5_355.jpg?resize=350%2C200&ssl=1 1x, https:\/\/i0.wp.com\/tomajazz.com\/web\/wp-content\/uploads\/2021\/12\/JazzX5_355.jpg?resize=525%2C300&ssl=1 1.5x, https:\/\/i0.wp.com\/tomajazz.com\/web\/wp-content\/uploads\/2021\/12\/JazzX5_355.jpg?resize=700%2C400&ssl=1 2x"},"classes":[]}],"_links":{"self":[{"href":"https:\/\/tomajazz.com\/web\/wp-json\/wp\/v2\/posts\/56540","targetHints":{"allow":["GET"]}}],"collection":[{"href":"https:\/\/tomajazz.com\/web\/wp-json\/wp\/v2\/posts"}],"about":[{"href":"https:\/\/tomajazz.com\/web\/wp-json\/wp\/v2\/types\/post"}],"author":[{"embeddable":true,"href":"https:\/\/tomajazz.com\/web\/wp-json\/wp\/v2\/users\/1"}],"replies":[{"embeddable":true,"href":"https:\/\/tomajazz.com\/web\/wp-json\/wp\/v2\/comments?post=56540"}],"version-history":[{"count":1,"href":"https:\/\/tomajazz.com\/web\/wp-json\/wp\/v2\/posts\/56540\/revisions"}],"predecessor-version":[{"id":56543,"href":"https:\/\/tomajazz.com\/web\/wp-json\/wp\/v2\/posts\/56540\/revisions\/56543"}],"wp:featuredmedia":[{"embeddable":true,"href":"https:\/\/tomajazz.com\/web\/wp-json\/wp\/v2\/media\/56542"}],"wp:attachment":[{"href":"https:\/\/tomajazz.com\/web\/wp-json\/wp\/v2\/media?parent=56540"}],"wp:term":[{"taxonomy":"category","embeddable":true,"href":"https:\/\/tomajazz.com\/web\/wp-json\/wp\/v2\/categories?post=56540"},{"taxonomy":"post_tag","embeddable":true,"href":"https:\/\/tomajazz.com\/web\/wp-json\/wp\/v2\/tags?post=56540"}],"curies":[{"name":"wp","href":"https:\/\/api.w.org\/{rel}","templated":true}]}}