{"id":56567,"date":"2021-08-20T21:22:23","date_gmt":"2021-08-20T19:22:23","guid":{"rendered":"https:\/\/www.tomajazz.com\/web\/?p=56567"},"modified":"2021-08-20T21:22:23","modified_gmt":"2021-08-20T19:22:23","slug":"jaca-club-de-jazz-agosto-2021-noticias-de-jazz","status":"publish","type":"post","link":"https:\/\/tomajazz.com\/web\/jaca-club-de-jazz-agosto-2021-noticias-de-jazz\/","title":{"rendered":"Jaca Club de Jazz (Agosto 2021) [Noticias de jazz]"},"content":{"rendered":"<p>Por\u00a0<strong>Redacci\u00f3n<\/strong>.<\/p>\n<p style=\"text-align: center;\"><img loading=\"lazy\" decoding=\"async\" class=\"aligncenter size-large wp-image-56568\" src=\"https:\/\/tomajazz.com\/web\/wp-content\/uploads\/2021\/08\/Jaca_Club-de-Jazz-21-431x600.jpg\" alt=\"\" width=\"431\" height=\"600\" title=\"\" srcset=\"https:\/\/tomajazz.com\/web\/wp-content\/uploads\/2021\/08\/Jaca_Club-de-Jazz-21-431x600.jpg 431w, https:\/\/tomajazz.com\/web\/wp-content\/uploads\/2021\/08\/Jaca_Club-de-Jazz-21-144x200.jpg 144w, https:\/\/tomajazz.com\/web\/wp-content\/uploads\/2021\/08\/Jaca_Club-de-Jazz-21-395x550.jpg 395w, https:\/\/tomajazz.com\/web\/wp-content\/uploads\/2021\/08\/Jaca_Club-de-Jazz-21-359x500.jpg 359w, https:\/\/tomajazz.com\/web\/wp-content\/uploads\/2021\/08\/Jaca_Club-de-Jazz-21.jpg 700w\" sizes=\"auto, (max-width: 431px) 100vw, 431px\" \/><\/p>\n<p>Jaca Club de Jazz presenta la programaci\u00f3n de agosto de 2021.<br \/>\nConciertos y proyecci\u00f3n a las 22:00<\/p>\n<p>Viernes 20. Palacio de Congresos.<br \/>\nJohn Lee Sanders &amp; The Gospel Messengers. Entradas 10\u20ac y 8\u20ac<\/p>\n<p>Domingo 22. Ciudadela.<br \/>\nTangled Tape. Entradas 8\u20ac y 6\u20ac<\/p>\n<p>Martes 24. Palacio de Congresos.<br \/>\nProyecci\u00f3n \u00abLos EEUU contra Billie Holiday\u00bb. Entrada libre con invitaci\u00f3n.<\/p>\n<p>Viernes 27. Palacio de Congresos.<br \/>\nJazz4Fun. Entradas 6\u20ac y 5\u20ac.<\/p>\n<p>M\u00e1s informaci\u00f3n en <a href=\"http:\/\/congresosjaca.es\/\" target=\"_blank\" rel=\"noopener\">http:\/\/congresosjaca.es\/<\/a><\/p>\n","protected":false},"excerpt":{"rendered":"<p>Entre el 20 y el 27 de agosto de 2021 tendr\u00e1 lugar el ciclo de Agosto de Jaca Club de Jazz. <span class=\"more-link\"><a href=\"https:\/\/tomajazz.com\/web\/jaca-club-de-jazz-agosto-2021-noticias-de-jazz\/\">Contin\u00faa leyendo<\/a><\/span><\/p>\n","protected":false},"author":1,"featured_media":56568,"comment_status":"open","ping_status":"closed","sticky":false,"template":"","format":"standard","meta":{"jetpack_post_was_ever_published":false,"_jetpack_newsletter_access":"","_jetpack_dont_email_post_to_subs":false,"_jetpack_newsletter_tier_id":0,"_jetpack_memberships_contains_paywalled_content":false,"_jetpack_memberships_contains_paid_content":false,"footnotes":""},"categories":[17858,15795,1038],"tags":[25619,15296],"class_list":["entry","author-pachi","has-excerpt","post-56567","post","type-post","status-publish","format-standard","has-post-thumbnail","category-redaccion","category-noticias-2","category-contenidos","tag-jaca-club-de-jazz","tag-noticias-de-jazz"],"jetpack_featured_media_url":"https:\/\/tomajazz.com\/web\/wp-content\/uploads\/2021\/08\/Jaca_Club-de-Jazz-21.jpg","jetpack_likes_enabled":true,"jetpack_sharing_enabled":true,"jetpack-related-posts":[{"id":104681,"url":"https:\/\/tomajazz.com\/web\/abe-rabade-jaca-club-de-jazz-2026\/","url_meta":{"origin":56567,"position":0},"title":"Abe R\u00e1bade (Ciclo Jaca Club de Jazz 2026. Palacio de Congresos, Jaca. 2026-03-21) Por Fabio Galicia [INSTANTZZ AKA Galer\u00eda fotogr\u00e1fica AKA Fotoblog de jazz, impro\u2026 y algo m\u00e1s]","author":"Tomajazz","date":"3 abril, 2026","format":false,"excerpt":"Abe R\u00e1bade actu\u00f3 en el Ciclo Jaca Club de Jazz 2026, el 21 de marzo de 2026. Fabio Galicia lo retrata en INSTANTZZ. Actuaron Abe R\u00e1bade y Ariel Br\u00ednguez","rel":"","context":"En \u00abINSTANTZZ\u00bb","block_context":{"text":"INSTANTZZ","link":"https:\/\/tomajazz.com\/web\/category\/contenidos\/imagenes\/photoblogs\/instantzz\/"},"img":{"alt_text":"Abe R\u00e1bade (Ciclo Jaca Club de Jazz 2026. Palacio de Congresos, Jaca. 2026-03-21) Por Fabio Galicia [INSTANTZZ AKA Galer\u00eda fotogr\u00e1fica AKA Fotoblog de jazz, impro\u2026 y algo m\u00e1s] - Tomajazz - Abe R\u00e1bade actu\u00f3 en el Ciclo Jaca Club de Jazz 2026, el 21 de marzo de 2026. Fabio Galicia lo retrata en INSTANTZZ. Actuaron Abe R\u00e1bade y Ariel Br\u00ednguez","src":"https:\/\/i0.wp.com\/tomajazz.com\/web\/wp-content\/uploads\/2026\/04\/2603021-ABE-RABADE-12.jpg?resize=350%2C200&ssl=1","width":350,"height":200,"srcset":"https:\/\/i0.wp.com\/tomajazz.com\/web\/wp-content\/uploads\/2026\/04\/2603021-ABE-RABADE-12.jpg?resize=350%2C200&ssl=1 1x, https:\/\/i0.wp.com\/tomajazz.com\/web\/wp-content\/uploads\/2026\/04\/2603021-ABE-RABADE-12.jpg?resize=525%2C300&ssl=1 1.5x, https:\/\/i0.wp.com\/tomajazz.com\/web\/wp-content\/uploads\/2026\/04\/2603021-ABE-RABADE-12.jpg?resize=700%2C400&ssl=1 2x, https:\/\/i0.wp.com\/tomajazz.com\/web\/wp-content\/uploads\/2026\/04\/2603021-ABE-RABADE-12.jpg?resize=1050%2C600&ssl=1 3x"},"classes":[]},{"id":104748,"url":"https:\/\/tomajazz.com\/web\/ivan-lewis-trio-jaca-club-de-jazz-2026\/","url_meta":{"origin":56567,"position":1},"title":"Iv\u00e1n Lewis Tr\u00edo \u201cLuces y sombras\u201d (Ciclo Jaca Club de Jazz 2026. Palacio de Congresos, Jaca. 2026-03-28) Por Fabio Galicia [INSTANTZZ AKA Galer\u00eda fotogr\u00e1fica AKA Fotoblog de jazz, impro\u2026 y algo m\u00e1s]","author":"Tomajazz","date":"6 abril, 2026","format":false,"excerpt":"Iv\u00e1n Lewis Tr\u00edo \u201cLuces y sombras\u201d actu\u00f3 en el Ciclo Jaca Club de Jazz 2026, el 28 de marzo de 2026. Fabio Galicia lo retrata en INSTANTZZ. Actuaron Iv\u00e1n Lewis, Yandy Mart\u00ednez, Georvis Pico","rel":"","context":"En \u00abINSTANTZZ\u00bb","block_context":{"text":"INSTANTZZ","link":"https:\/\/tomajazz.com\/web\/category\/contenidos\/imagenes\/photoblogs\/instantzz\/"},"img":{"alt_text":"Iv\u00e1n Lewis Tr\u00edo \u201cLuces y sombras\u201d (Ciclo Jaca Club de Jazz 2026. Palacio de Congresos, Jaca. 2026-03-28) Por Fabio Galicia [INSTANTZZ AKA Galer\u00eda fotogr\u00e1fica AKA Fotoblog de jazz, impro\u2026 y algo m\u00e1s] - Tomajazz - Iv\u00e1n Lewis Tr\u00edo \u201cLuces y sombras\u201d actu\u00f3 en el Ciclo Jaca Club de Jazz 2026, el 28 de marzo de 2026. Fabio Galicia lo retrata en INSTANTZZ. Actuaron","src":"https:\/\/i0.wp.com\/tomajazz.com\/web\/wp-content\/uploads\/2026\/04\/260328-IVAN-LEWIS-9.jpg?resize=350%2C200&ssl=1","width":350,"height":200,"srcset":"https:\/\/i0.wp.com\/tomajazz.com\/web\/wp-content\/uploads\/2026\/04\/260328-IVAN-LEWIS-9.jpg?resize=350%2C200&ssl=1 1x, https:\/\/i0.wp.com\/tomajazz.com\/web\/wp-content\/uploads\/2026\/04\/260328-IVAN-LEWIS-9.jpg?resize=525%2C300&ssl=1 1.5x, https:\/\/i0.wp.com\/tomajazz.com\/web\/wp-content\/uploads\/2026\/04\/260328-IVAN-LEWIS-9.jpg?resize=700%2C400&ssl=1 2x, https:\/\/i0.wp.com\/tomajazz.com\/web\/wp-content\/uploads\/2026\/04\/260328-IVAN-LEWIS-9.jpg?resize=1050%2C600&ssl=1 3x"},"classes":[]},{"id":104895,"url":"https:\/\/tomajazz.com\/web\/olga-pericet-jaca-2026\/","url_meta":{"origin":56567,"position":2},"title":"Olga Pericet \u201cBaile Sonoro\u201d (Palacio de Congresos, Jaca. 2026-03-28) Por Fabio Galicia [Flamencuras AKA INSTANTZZ AKA Galer\u00eda fotogr\u00e1fica AKA Fotoblog de jazz, impro\u2026 y algo m\u00e1s]","author":"Tomajazz","date":"15 abril, 2026","format":false,"excerpt":"Olga Pericet \u201cBaile Sonoro\u201d actu\u00f3 en el Palacio de Congresos de Jaca, el 28 de marzo de 2026. Fabio Galicia lo retrata en las Flamencuras de INSTANTZZ. Con Jos\u00e9 Manuel Le\u00f3n, Mercedes Cort\u00e9s, Olga Pericet","rel":"","context":"En \u00abFlamencuras\u00bb","block_context":{"text":"Flamencuras","link":"https:\/\/tomajazz.com\/web\/category\/contenidos\/imagenes\/photoblogs\/flamencuras\/"},"img":{"alt_text":"Olga Pericet \u201cBaile Sonoro\u201d (Palacio de Congresos, Jaca. 2026-03-28) Por Fabio Galicia [Flamencuras AKA INSTANTZZ AKA Galer\u00eda fotogr\u00e1fica AKA Fotoblog de jazz, impro\u2026 y algo m\u00e1s] - Tomajazz - Olga Pericet \u201cBaile Sonoro\u201d actu\u00f3 en el Palacio de Congresos de Jaca, el 28 de marzo de 2026. Fabio Galicia lo retrata en las Flamencuras de INSTANTZZ. Con Jos\u00e9 Manuel Le\u00f3n, Mercedes Cort\u00e9s, Olga Pericet\n","src":"https:\/\/i0.wp.com\/tomajazz.com\/web\/wp-content\/uploads\/2026\/04\/Olga-Pericet-29.jpg?resize=350%2C200&ssl=1","width":350,"height":200,"srcset":"https:\/\/i0.wp.com\/tomajazz.com\/web\/wp-content\/uploads\/2026\/04\/Olga-Pericet-29.jpg?resize=350%2C200&ssl=1 1x, https:\/\/i0.wp.com\/tomajazz.com\/web\/wp-content\/uploads\/2026\/04\/Olga-Pericet-29.jpg?resize=525%2C300&ssl=1 1.5x, https:\/\/i0.wp.com\/tomajazz.com\/web\/wp-content\/uploads\/2026\/04\/Olga-Pericet-29.jpg?resize=700%2C400&ssl=1 2x, https:\/\/i0.wp.com\/tomajazz.com\/web\/wp-content\/uploads\/2026\/04\/Olga-Pericet-29.jpg?resize=1050%2C600&ssl=1 3x"},"classes":[]},{"id":61732,"url":"https:\/\/tomajazz.com\/web\/jaca-club-de-jazz-marzo-2022-noticias-de-jazz\/","url_meta":{"origin":56567,"position":3},"title":"Jaca Club de Jazz (Marzo 2022) [Noticias de jazz]","author":"Tomajazz","date":"7 marzo, 2022","format":false,"excerpt":"Durante el mes de marzo tendr\u00e1 lugar la programaci\u00f3n de Jaca Club de Jazz con varios conciertos, proyecciones y sendas exposiciones fotogr\u00e1ficas de Fabio Galicia.","rel":"","context":"En \u00abNoticias\u00bb","block_context":{"text":"Noticias","link":"https:\/\/tomajazz.com\/web\/category\/contenidos\/noticias-2\/"},"img":{"alt_text":"Jaca Club de Jazz Marzo 2022","src":"https:\/\/i0.wp.com\/tomajazz.com\/web\/wp-content\/uploads\/2022\/03\/Jaca-Club-de-Jazz-Marzo-2022.jpeg?resize=350%2C200&ssl=1","width":350,"height":200,"srcset":"https:\/\/i0.wp.com\/tomajazz.com\/web\/wp-content\/uploads\/2022\/03\/Jaca-Club-de-Jazz-Marzo-2022.jpeg?resize=350%2C200&ssl=1 1x, https:\/\/i0.wp.com\/tomajazz.com\/web\/wp-content\/uploads\/2022\/03\/Jaca-Club-de-Jazz-Marzo-2022.jpeg?resize=525%2C300&ssl=1 1.5x"},"classes":[]},{"id":104197,"url":"https:\/\/tomajazz.com\/web\/ciclo-jazz-jaca-2026-news\/","url_meta":{"origin":56567,"position":4},"title":"Ciclo Jazz Jaca 2026 (Jaca. Marzo 2026) [Noticias de jazz]","author":"Tomajazz","date":"26 febrero, 2026","format":false,"excerpt":"Durante el mes de marzo de 2026 tendr\u00e1 lugar el Ciclo Jazz Jaca 2026 incluyendo conciertos y otras actividades #Noticiasdejazz","rel":"","context":"En \u00ab*_Redacci\u00f3n\u00bb","block_context":{"text":"*_Redacci\u00f3n","link":"https:\/\/tomajazz.com\/web\/category\/redaccion\/"},"img":{"alt_text":"Ciclo Jazz Jaca 2026 (Jaca. Marzo 2026) [Noticias de jazz] - Tomajazz - Durante el mes de marzo de 2026 tendr\u00e1 lugar el Ciclo Jazz Jaca 2026 incluyendo conciertos y otras actividades #Noticiasdejazz","src":"https:\/\/i0.wp.com\/tomajazz.com\/web\/wp-content\/uploads\/2026\/02\/Ciclo-Jazz-Jaca-2026-Noticias-Tomajazz.jpg?resize=350%2C200&ssl=1","width":350,"height":200,"srcset":"https:\/\/i0.wp.com\/tomajazz.com\/web\/wp-content\/uploads\/2026\/02\/Ciclo-Jazz-Jaca-2026-Noticias-Tomajazz.jpg?resize=350%2C200&ssl=1 1x, https:\/\/i0.wp.com\/tomajazz.com\/web\/wp-content\/uploads\/2026\/02\/Ciclo-Jazz-Jaca-2026-Noticias-Tomajazz.jpg?resize=525%2C300&ssl=1 1.5x, https:\/\/i0.wp.com\/tomajazz.com\/web\/wp-content\/uploads\/2026\/02\/Ciclo-Jazz-Jaca-2026-Noticias-Tomajazz.jpg?resize=700%2C400&ssl=1 2x"},"classes":[]},{"id":56697,"url":"https:\/\/tomajazz.com\/web\/instantzz-john-lee-sanders-the-gospel-messengers-jaca-club-de-jazz-agosto-2021-huesca-galeria-fotografica-aka-fotoblog-de-jazz-impro-y-algo-mas-por-fabio-galicia\/","url_meta":{"origin":56567,"position":5},"title":"INSTANTZZ: John Lee Sanders &#038; The Gospel Messengers (Jaca Club de Jazz Agosto 2021, Huesca) [Galer\u00eda fotogr\u00e1fica AKA Fotoblog de jazz, impro\u2026 y algo m\u00e1s] Por Fabio Galicia","author":"Tomajazz","date":"26 agosto, 2021","format":false,"excerpt":"En INSTANTZZ las im\u00e1genes de la actuaci\u00f3n de John Lee Sanders & The Gospel Messengers en su actuaci\u00f3n en Jaca Club de Jazz. Fabio Galicia es el autor de las fotograf\u00edas.","rel":"","context":"En \u00ab*_Fabio Galicia\u00bb","block_context":{"text":"*_Fabio Galicia","link":"https:\/\/tomajazz.com\/web\/category\/_fabio-galicia\/"},"img":{"alt_text":"","src":"https:\/\/i0.wp.com\/tomajazz.com\/web\/wp-content\/uploads\/2021\/08\/10_FGJ0091-TOMAJAZZ-21-08-21-John-Lee-Sanders-The-Gospel-Messengers.jpg?resize=350%2C200&ssl=1","width":350,"height":200,"srcset":"https:\/\/i0.wp.com\/tomajazz.com\/web\/wp-content\/uploads\/2021\/08\/10_FGJ0091-TOMAJAZZ-21-08-21-John-Lee-Sanders-The-Gospel-Messengers.jpg?resize=350%2C200&ssl=1 1x, https:\/\/i0.wp.com\/tomajazz.com\/web\/wp-content\/uploads\/2021\/08\/10_FGJ0091-TOMAJAZZ-21-08-21-John-Lee-Sanders-The-Gospel-Messengers.jpg?resize=525%2C300&ssl=1 1.5x"},"classes":[]}],"_links":{"self":[{"href":"https:\/\/tomajazz.com\/web\/wp-json\/wp\/v2\/posts\/56567","targetHints":{"allow":["GET"]}}],"collection":[{"href":"https:\/\/tomajazz.com\/web\/wp-json\/wp\/v2\/posts"}],"about":[{"href":"https:\/\/tomajazz.com\/web\/wp-json\/wp\/v2\/types\/post"}],"author":[{"embeddable":true,"href":"https:\/\/tomajazz.com\/web\/wp-json\/wp\/v2\/users\/1"}],"replies":[{"embeddable":true,"href":"https:\/\/tomajazz.com\/web\/wp-json\/wp\/v2\/comments?post=56567"}],"version-history":[{"count":1,"href":"https:\/\/tomajazz.com\/web\/wp-json\/wp\/v2\/posts\/56567\/revisions"}],"predecessor-version":[{"id":56569,"href":"https:\/\/tomajazz.com\/web\/wp-json\/wp\/v2\/posts\/56567\/revisions\/56569"}],"wp:featuredmedia":[{"embeddable":true,"href":"https:\/\/tomajazz.com\/web\/wp-json\/wp\/v2\/media\/56568"}],"wp:attachment":[{"href":"https:\/\/tomajazz.com\/web\/wp-json\/wp\/v2\/media?parent=56567"}],"wp:term":[{"taxonomy":"category","embeddable":true,"href":"https:\/\/tomajazz.com\/web\/wp-json\/wp\/v2\/categories?post=56567"},{"taxonomy":"post_tag","embeddable":true,"href":"https:\/\/tomajazz.com\/web\/wp-json\/wp\/v2\/tags?post=56567"}],"curies":[{"name":"wp","href":"https:\/\/api.w.org\/{rel}","templated":true}]}}