{"id":56771,"date":"2021-08-29T11:00:01","date_gmt":"2021-08-29T09:00:01","guid":{"rendered":"https:\/\/www.tomajazz.com\/web\/?p=56771"},"modified":"2021-08-28T21:15:23","modified_gmt":"2021-08-28T19:15:23","slug":"instantzz-tangled-tape-jaca-club-de-jazz-agosto-2021-huesca-galeria-fotografica-aka-fotoblog-de-jazz-impro-y-algo-mas-por-fabio-galicia","status":"publish","type":"post","link":"https:\/\/tomajazz.com\/web\/instantzz-tangled-tape-jaca-club-de-jazz-agosto-2021-huesca-galeria-fotografica-aka-fotoblog-de-jazz-impro-y-algo-mas-por-fabio-galicia\/","title":{"rendered":"INSTANTZZ: Tangled Tape (Jaca Club de Jazz Agosto 2021, Huesca) [Galer\u00eda fotogr\u00e1fica AKA Fotoblog de jazz, impro\u2026 y algo m\u00e1s] Por Fabio Galicia"},"content":{"rendered":"<p><strong>Jaca Club de Jazz Agosto 2021<\/strong><\/p>\n<ul>\n<li>Lugar: Polvor\u00edn de la Ciudadela de Jaca (Huesca)<\/li>\n<li>Fecha y hora: 22.00 h, del domingo 22 de agosto de 2021<\/li>\n<li>Grupo:<br \/>\n<strong>Tangled Tape<br \/>\n<\/strong>Ornella Mesple-Somps: voz<br \/>\nSolen Goffi: samplers, teclados, m\u00e1quinas<br \/>\nMaya Cros: teclados<br \/>\nLouis-Nicolas Gubert: bajo<br \/>\nYoan Bonnin: bater\u00eda<\/li>\n<\/ul>\n<p style=\"text-align: center;\"><img loading=\"lazy\" decoding=\"async\" class=\"aligncenter size-full wp-image-56772\" src=\"https:\/\/tomajazz.com\/web\/wp-content\/uploads\/2021\/08\/Tangled-Tape-1.jpg\" alt=\"\" width=\"600\" height=\"401\" title=\"\" srcset=\"https:\/\/tomajazz.com\/web\/wp-content\/uploads\/2021\/08\/Tangled-Tape-1.jpg 600w, https:\/\/tomajazz.com\/web\/wp-content\/uploads\/2021\/08\/Tangled-Tape-1-200x134.jpg 200w, https:\/\/tomajazz.com\/web\/wp-content\/uploads\/2021\/08\/Tangled-Tape-1-465x311.jpg 465w\" sizes=\"auto, (max-width: 600px) 100vw, 600px\" \/> <img loading=\"lazy\" decoding=\"async\" class=\"aligncenter size-large wp-image-56773\" src=\"https:\/\/tomajazz.com\/web\/wp-content\/uploads\/2021\/08\/Tangled-Tape-2.jpg\" alt=\"\" width=\"600\" height=\"401\" title=\"\" srcset=\"https:\/\/tomajazz.com\/web\/wp-content\/uploads\/2021\/08\/Tangled-Tape-2.jpg 600w, https:\/\/tomajazz.com\/web\/wp-content\/uploads\/2021\/08\/Tangled-Tape-2-200x134.jpg 200w, https:\/\/tomajazz.com\/web\/wp-content\/uploads\/2021\/08\/Tangled-Tape-2-465x311.jpg 465w\" sizes=\"auto, (max-width: 600px) 100vw, 600px\" \/> <img loading=\"lazy\" decoding=\"async\" class=\"aligncenter size-large wp-image-56774\" src=\"https:\/\/tomajazz.com\/web\/wp-content\/uploads\/2021\/08\/Tangled-Tape-3.jpg\" alt=\"\" width=\"600\" height=\"400\" title=\"\" srcset=\"https:\/\/tomajazz.com\/web\/wp-content\/uploads\/2021\/08\/Tangled-Tape-3.jpg 600w, https:\/\/tomajazz.com\/web\/wp-content\/uploads\/2021\/08\/Tangled-Tape-3-200x133.jpg 200w, https:\/\/tomajazz.com\/web\/wp-content\/uploads\/2021\/08\/Tangled-Tape-3-465x310.jpg 465w\" sizes=\"auto, (max-width: 600px) 100vw, 600px\" \/> <img loading=\"lazy\" decoding=\"async\" class=\"aligncenter size-large wp-image-56775\" src=\"https:\/\/tomajazz.com\/web\/wp-content\/uploads\/2021\/08\/Tangled-Tape-4.jpg\" alt=\"\" width=\"600\" height=\"400\" title=\"\" srcset=\"https:\/\/tomajazz.com\/web\/wp-content\/uploads\/2021\/08\/Tangled-Tape-4.jpg 600w, https:\/\/tomajazz.com\/web\/wp-content\/uploads\/2021\/08\/Tangled-Tape-4-200x133.jpg 200w, https:\/\/tomajazz.com\/web\/wp-content\/uploads\/2021\/08\/Tangled-Tape-4-465x310.jpg 465w\" sizes=\"auto, (max-width: 600px) 100vw, 600px\" \/> <img loading=\"lazy\" decoding=\"async\" class=\"aligncenter size-large wp-image-56776\" src=\"https:\/\/tomajazz.com\/web\/wp-content\/uploads\/2021\/08\/Tangled-Tape-5.jpg\" alt=\"\" width=\"600\" height=\"401\" title=\"\" srcset=\"https:\/\/tomajazz.com\/web\/wp-content\/uploads\/2021\/08\/Tangled-Tape-5.jpg 600w, https:\/\/tomajazz.com\/web\/wp-content\/uploads\/2021\/08\/Tangled-Tape-5-200x134.jpg 200w, https:\/\/tomajazz.com\/web\/wp-content\/uploads\/2021\/08\/Tangled-Tape-5-465x311.jpg 465w\" sizes=\"auto, (max-width: 600px) 100vw, 600px\" \/> <img loading=\"lazy\" decoding=\"async\" class=\"aligncenter size-large wp-image-56777\" src=\"https:\/\/tomajazz.com\/web\/wp-content\/uploads\/2021\/08\/Tangled-Tape-6.jpg\" alt=\"\" width=\"600\" height=\"401\" title=\"\" srcset=\"https:\/\/tomajazz.com\/web\/wp-content\/uploads\/2021\/08\/Tangled-Tape-6.jpg 600w, https:\/\/tomajazz.com\/web\/wp-content\/uploads\/2021\/08\/Tangled-Tape-6-200x134.jpg 200w, https:\/\/tomajazz.com\/web\/wp-content\/uploads\/2021\/08\/Tangled-Tape-6-465x311.jpg 465w\" sizes=\"auto, (max-width: 600px) 100vw, 600px\" \/> <img loading=\"lazy\" decoding=\"async\" class=\"aligncenter size-large wp-image-56778\" src=\"https:\/\/tomajazz.com\/web\/wp-content\/uploads\/2021\/08\/Tangled-Tape-7.jpg\" alt=\"\" width=\"600\" height=\"401\" title=\"\" srcset=\"https:\/\/tomajazz.com\/web\/wp-content\/uploads\/2021\/08\/Tangled-Tape-7.jpg 600w, https:\/\/tomajazz.com\/web\/wp-content\/uploads\/2021\/08\/Tangled-Tape-7-200x134.jpg 200w, https:\/\/tomajazz.com\/web\/wp-content\/uploads\/2021\/08\/Tangled-Tape-7-465x311.jpg 465w\" sizes=\"auto, (max-width: 600px) 100vw, 600px\" \/> <img loading=\"lazy\" decoding=\"async\" class=\"aligncenter size-large wp-image-56779\" src=\"https:\/\/tomajazz.com\/web\/wp-content\/uploads\/2021\/08\/Tangled-Tape-8.jpg\" alt=\"\" width=\"600\" height=\"401\" title=\"\" srcset=\"https:\/\/tomajazz.com\/web\/wp-content\/uploads\/2021\/08\/Tangled-Tape-8.jpg 600w, https:\/\/tomajazz.com\/web\/wp-content\/uploads\/2021\/08\/Tangled-Tape-8-200x134.jpg 200w, https:\/\/tomajazz.com\/web\/wp-content\/uploads\/2021\/08\/Tangled-Tape-8-465x311.jpg 465w\" sizes=\"auto, (max-width: 600px) 100vw, 600px\" \/> <img loading=\"lazy\" decoding=\"async\" class=\"aligncenter size-large wp-image-56780\" src=\"https:\/\/tomajazz.com\/web\/wp-content\/uploads\/2021\/08\/Tangled-Tape-9.jpg\" alt=\"\" width=\"600\" height=\"401\" title=\"\" srcset=\"https:\/\/tomajazz.com\/web\/wp-content\/uploads\/2021\/08\/Tangled-Tape-9.jpg 600w, https:\/\/tomajazz.com\/web\/wp-content\/uploads\/2021\/08\/Tangled-Tape-9-200x134.jpg 200w, https:\/\/tomajazz.com\/web\/wp-content\/uploads\/2021\/08\/Tangled-Tape-9-465x311.jpg 465w\" sizes=\"auto, (max-width: 600px) 100vw, 600px\" \/> <img loading=\"lazy\" decoding=\"async\" class=\"aligncenter size-large wp-image-56781\" src=\"https:\/\/tomajazz.com\/web\/wp-content\/uploads\/2021\/08\/Tangled-Tape-10.jpg\" alt=\"\" width=\"600\" height=\"401\" title=\"\" srcset=\"https:\/\/tomajazz.com\/web\/wp-content\/uploads\/2021\/08\/Tangled-Tape-10.jpg 600w, https:\/\/tomajazz.com\/web\/wp-content\/uploads\/2021\/08\/Tangled-Tape-10-200x134.jpg 200w, https:\/\/tomajazz.com\/web\/wp-content\/uploads\/2021\/08\/Tangled-Tape-10-465x311.jpg 465w\" sizes=\"auto, (max-width: 600px) 100vw, 600px\" \/> <img loading=\"lazy\" decoding=\"async\" class=\"aligncenter size-large wp-image-56782\" src=\"https:\/\/tomajazz.com\/web\/wp-content\/uploads\/2021\/08\/Tangled-Tape-11.jpg\" alt=\"\" width=\"600\" height=\"400\" title=\"\" srcset=\"https:\/\/tomajazz.com\/web\/wp-content\/uploads\/2021\/08\/Tangled-Tape-11.jpg 600w, https:\/\/tomajazz.com\/web\/wp-content\/uploads\/2021\/08\/Tangled-Tape-11-200x133.jpg 200w, https:\/\/tomajazz.com\/web\/wp-content\/uploads\/2021\/08\/Tangled-Tape-11-465x310.jpg 465w\" sizes=\"auto, (max-width: 600px) 100vw, 600px\" \/><\/p>\n<p style=\"text-align: right;\">Tomajazz: \u00a9\u00a0<a href=\"https:\/\/www.flickr.com\/photos\/fgjazzgz\" target=\"_blank\" rel=\"noopener noreferrer\"><strong>Fabio Galicia<\/strong><\/a>, 2021<\/p>\n","protected":false},"excerpt":{"rendered":"<p>Fabio Galicia trae a INSTANTZZ las im\u00e1genes de la actuaci\u00f3n de Tangled Tape en su concierto dentro del ciclo Jaca Club de Jazz Agosto 2021. <span class=\"more-link\"><a href=\"https:\/\/tomajazz.com\/web\/instantzz-tangled-tape-jaca-club-de-jazz-agosto-2021-huesca-galeria-fotografica-aka-fotoblog-de-jazz-impro-y-algo-mas-por-fabio-galicia\/\">Contin\u00faa leyendo<\/a><\/span><\/p>\n","protected":false},"author":1,"featured_media":56782,"comment_status":"open","ping_status":"closed","sticky":false,"template":"","format":"standard","meta":{"jetpack_post_was_ever_published":false,"_jetpack_newsletter_access":"","_jetpack_dont_email_post_to_subs":false,"_jetpack_newsletter_tier_id":0,"_jetpack_memberships_contains_paywalled_content":false,"_jetpack_memberships_contains_paid_content":false,"footnotes":""},"categories":[22655,11262,15516,11261,1038],"tags":[22659,15275,11263,25657,25656,25655,25654,25658],"class_list":["entry","author-pachi","has-excerpt","post-56771","post","type-post","status-publish","format-standard","has-post-thumbnail","category-_fabio-galicia","category-photoblogs","category-imagenes","category-instantzz","category-contenidos","tag-fabio-galicia","tag-galeria-fotografica","tag-instantzz-2","tag-louis-nicolas-gubert","tag-maya-cros","tag-ornella-mesple-somps","tag-tangled-tape","tag-yoan-bonnin"],"jetpack_featured_media_url":"https:\/\/tomajazz.com\/web\/wp-content\/uploads\/2021\/08\/Tangled-Tape-11.jpg","jetpack_likes_enabled":true,"jetpack_sharing_enabled":true,"jetpack-related-posts":[{"id":104681,"url":"https:\/\/tomajazz.com\/web\/abe-rabade-jaca-club-de-jazz-2026\/","url_meta":{"origin":56771,"position":0},"title":"Abe R\u00e1bade (Ciclo Jaca Club de Jazz 2026. Palacio de Congresos, Jaca. 2026-03-21) Por Fabio Galicia [INSTANTZZ AKA Galer\u00eda fotogr\u00e1fica AKA Fotoblog de jazz, impro\u2026 y algo m\u00e1s]","author":"Tomajazz","date":"3 abril, 2026","format":false,"excerpt":"Abe R\u00e1bade actu\u00f3 en el Ciclo Jaca Club de Jazz 2026, el 21 de marzo de 2026. Fabio Galicia lo retrata en INSTANTZZ. Actuaron Abe R\u00e1bade y Ariel Br\u00ednguez","rel":"","context":"En \u00abINSTANTZZ\u00bb","block_context":{"text":"INSTANTZZ","link":"https:\/\/tomajazz.com\/web\/category\/contenidos\/imagenes\/photoblogs\/instantzz\/"},"img":{"alt_text":"Abe R\u00e1bade (Ciclo Jaca Club de Jazz 2026. Palacio de Congresos, Jaca. 2026-03-21) Por Fabio Galicia [INSTANTZZ AKA Galer\u00eda fotogr\u00e1fica AKA Fotoblog de jazz, impro\u2026 y algo m\u00e1s] - Tomajazz - Abe R\u00e1bade actu\u00f3 en el Ciclo Jaca Club de Jazz 2026, el 21 de marzo de 2026. Fabio Galicia lo retrata en INSTANTZZ. Actuaron Abe R\u00e1bade y Ariel Br\u00ednguez","src":"https:\/\/i0.wp.com\/tomajazz.com\/web\/wp-content\/uploads\/2026\/04\/2603021-ABE-RABADE-12.jpg?resize=350%2C200&ssl=1","width":350,"height":200,"srcset":"https:\/\/i0.wp.com\/tomajazz.com\/web\/wp-content\/uploads\/2026\/04\/2603021-ABE-RABADE-12.jpg?resize=350%2C200&ssl=1 1x, https:\/\/i0.wp.com\/tomajazz.com\/web\/wp-content\/uploads\/2026\/04\/2603021-ABE-RABADE-12.jpg?resize=525%2C300&ssl=1 1.5x, https:\/\/i0.wp.com\/tomajazz.com\/web\/wp-content\/uploads\/2026\/04\/2603021-ABE-RABADE-12.jpg?resize=700%2C400&ssl=1 2x, https:\/\/i0.wp.com\/tomajazz.com\/web\/wp-content\/uploads\/2026\/04\/2603021-ABE-RABADE-12.jpg?resize=1050%2C600&ssl=1 3x"},"classes":[]},{"id":104748,"url":"https:\/\/tomajazz.com\/web\/ivan-lewis-trio-jaca-club-de-jazz-2026\/","url_meta":{"origin":56771,"position":1},"title":"Iv\u00e1n Lewis Tr\u00edo \u201cLuces y sombras\u201d (Ciclo Jaca Club de Jazz 2026. Palacio de Congresos, Jaca. 2026-03-28) Por Fabio Galicia [INSTANTZZ AKA Galer\u00eda fotogr\u00e1fica AKA Fotoblog de jazz, impro\u2026 y algo m\u00e1s]","author":"Tomajazz","date":"6 abril, 2026","format":false,"excerpt":"Iv\u00e1n Lewis Tr\u00edo \u201cLuces y sombras\u201d actu\u00f3 en el Ciclo Jaca Club de Jazz 2026, el 28 de marzo de 2026. Fabio Galicia lo retrata en INSTANTZZ. Actuaron Iv\u00e1n Lewis, Yandy Mart\u00ednez, Georvis Pico","rel":"","context":"En \u00abINSTANTZZ\u00bb","block_context":{"text":"INSTANTZZ","link":"https:\/\/tomajazz.com\/web\/category\/contenidos\/imagenes\/photoblogs\/instantzz\/"},"img":{"alt_text":"Iv\u00e1n Lewis Tr\u00edo \u201cLuces y sombras\u201d (Ciclo Jaca Club de Jazz 2026. Palacio de Congresos, Jaca. 2026-03-28) Por Fabio Galicia [INSTANTZZ AKA Galer\u00eda fotogr\u00e1fica AKA Fotoblog de jazz, impro\u2026 y algo m\u00e1s] - Tomajazz - Iv\u00e1n Lewis Tr\u00edo \u201cLuces y sombras\u201d actu\u00f3 en el Ciclo Jaca Club de Jazz 2026, el 28 de marzo de 2026. Fabio Galicia lo retrata en INSTANTZZ. Actuaron","src":"https:\/\/i0.wp.com\/tomajazz.com\/web\/wp-content\/uploads\/2026\/04\/260328-IVAN-LEWIS-9.jpg?resize=350%2C200&ssl=1","width":350,"height":200,"srcset":"https:\/\/i0.wp.com\/tomajazz.com\/web\/wp-content\/uploads\/2026\/04\/260328-IVAN-LEWIS-9.jpg?resize=350%2C200&ssl=1 1x, https:\/\/i0.wp.com\/tomajazz.com\/web\/wp-content\/uploads\/2026\/04\/260328-IVAN-LEWIS-9.jpg?resize=525%2C300&ssl=1 1.5x, https:\/\/i0.wp.com\/tomajazz.com\/web\/wp-content\/uploads\/2026\/04\/260328-IVAN-LEWIS-9.jpg?resize=700%2C400&ssl=1 2x, https:\/\/i0.wp.com\/tomajazz.com\/web\/wp-content\/uploads\/2026\/04\/260328-IVAN-LEWIS-9.jpg?resize=1050%2C600&ssl=1 3x"},"classes":[]},{"id":104895,"url":"https:\/\/tomajazz.com\/web\/olga-pericet-jaca-2026\/","url_meta":{"origin":56771,"position":2},"title":"Olga Pericet \u201cBaile Sonoro\u201d (Palacio de Congresos, Jaca. 2026-03-28) Por Fabio Galicia [Flamencuras AKA INSTANTZZ AKA Galer\u00eda fotogr\u00e1fica AKA Fotoblog de jazz, impro\u2026 y algo m\u00e1s]","author":"Tomajazz","date":"15 abril, 2026","format":false,"excerpt":"Olga Pericet \u201cBaile Sonoro\u201d actu\u00f3 en el Palacio de Congresos de Jaca, el 28 de marzo de 2026. Fabio Galicia lo retrata en las Flamencuras de INSTANTZZ. Con Jos\u00e9 Manuel Le\u00f3n, Mercedes Cort\u00e9s, Olga Pericet","rel":"","context":"En \u00abFlamencuras\u00bb","block_context":{"text":"Flamencuras","link":"https:\/\/tomajazz.com\/web\/category\/contenidos\/imagenes\/photoblogs\/flamencuras\/"},"img":{"alt_text":"Olga Pericet \u201cBaile Sonoro\u201d (Palacio de Congresos, Jaca. 2026-03-28) Por Fabio Galicia [Flamencuras AKA INSTANTZZ AKA Galer\u00eda fotogr\u00e1fica AKA Fotoblog de jazz, impro\u2026 y algo m\u00e1s] - Tomajazz - Olga Pericet \u201cBaile Sonoro\u201d actu\u00f3 en el Palacio de Congresos de Jaca, el 28 de marzo de 2026. Fabio Galicia lo retrata en las Flamencuras de INSTANTZZ. Con Jos\u00e9 Manuel Le\u00f3n, Mercedes Cort\u00e9s, Olga Pericet\n","src":"https:\/\/i0.wp.com\/tomajazz.com\/web\/wp-content\/uploads\/2026\/04\/Olga-Pericet-29.jpg?resize=350%2C200&ssl=1","width":350,"height":200,"srcset":"https:\/\/i0.wp.com\/tomajazz.com\/web\/wp-content\/uploads\/2026\/04\/Olga-Pericet-29.jpg?resize=350%2C200&ssl=1 1x, https:\/\/i0.wp.com\/tomajazz.com\/web\/wp-content\/uploads\/2026\/04\/Olga-Pericet-29.jpg?resize=525%2C300&ssl=1 1.5x, https:\/\/i0.wp.com\/tomajazz.com\/web\/wp-content\/uploads\/2026\/04\/Olga-Pericet-29.jpg?resize=700%2C400&ssl=1 2x, https:\/\/i0.wp.com\/tomajazz.com\/web\/wp-content\/uploads\/2026\/04\/Olga-Pericet-29.jpg?resize=1050%2C600&ssl=1 3x"},"classes":[]},{"id":56882,"url":"https:\/\/tomajazz.com\/web\/instantzz-jazz-for-fun-j4f-jaca-club-de-jazz-agosto-2021-huesca-galeria-fotografica-aka-fotoblog-de-jazz-impro-y-algo-mas-por-fabio-galicia\/","url_meta":{"origin":56771,"position":3},"title":"INSTANTZZ: Jazz For Fun &#8211; J4F (Jaca Club de Jazz Agosto 2021, Huesca) [Galer\u00eda fotogr\u00e1fica AKA Fotoblog de jazz, impro\u2026 y algo m\u00e1s] Por Fabio Galicia","author":"Tomajazz","date":"3 septiembre, 2021","format":false,"excerpt":"En INSTANTZZ una galer\u00eda fotogr\u00e1fica de Fabio Galicia del grupo Jazz For Fun - J4F en Jaca Club de Jazz de Agosto de 2021.","rel":"","context":"En \u00abINSTANTZZ\u00bb","block_context":{"text":"INSTANTZZ","link":"https:\/\/tomajazz.com\/web\/category\/contenidos\/imagenes\/photoblogs\/instantzz\/"},"img":{"alt_text":"","src":"https:\/\/i0.wp.com\/tomajazz.com\/web\/wp-content\/uploads\/2021\/09\/Jazz-for-fun-12.jpg?resize=350%2C200&ssl=1","width":350,"height":200,"srcset":"https:\/\/i0.wp.com\/tomajazz.com\/web\/wp-content\/uploads\/2021\/09\/Jazz-for-fun-12.jpg?resize=350%2C200&ssl=1 1x, https:\/\/i0.wp.com\/tomajazz.com\/web\/wp-content\/uploads\/2021\/09\/Jazz-for-fun-12.jpg?resize=525%2C300&ssl=1 1.5x"},"classes":[]},{"id":56697,"url":"https:\/\/tomajazz.com\/web\/instantzz-john-lee-sanders-the-gospel-messengers-jaca-club-de-jazz-agosto-2021-huesca-galeria-fotografica-aka-fotoblog-de-jazz-impro-y-algo-mas-por-fabio-galicia\/","url_meta":{"origin":56771,"position":4},"title":"INSTANTZZ: John Lee Sanders &#038; The Gospel Messengers (Jaca Club de Jazz Agosto 2021, Huesca) [Galer\u00eda fotogr\u00e1fica AKA Fotoblog de jazz, impro\u2026 y algo m\u00e1s] Por Fabio Galicia","author":"Tomajazz","date":"26 agosto, 2021","format":false,"excerpt":"En INSTANTZZ las im\u00e1genes de la actuaci\u00f3n de John Lee Sanders & The Gospel Messengers en su actuaci\u00f3n en Jaca Club de Jazz. Fabio Galicia es el autor de las fotograf\u00edas.","rel":"","context":"En \u00ab*_Fabio Galicia\u00bb","block_context":{"text":"*_Fabio Galicia","link":"https:\/\/tomajazz.com\/web\/category\/_fabio-galicia\/"},"img":{"alt_text":"","src":"https:\/\/i0.wp.com\/tomajazz.com\/web\/wp-content\/uploads\/2021\/08\/10_FGJ0091-TOMAJAZZ-21-08-21-John-Lee-Sanders-The-Gospel-Messengers.jpg?resize=350%2C200&ssl=1","width":350,"height":200,"srcset":"https:\/\/i0.wp.com\/tomajazz.com\/web\/wp-content\/uploads\/2021\/08\/10_FGJ0091-TOMAJAZZ-21-08-21-John-Lee-Sanders-The-Gospel-Messengers.jpg?resize=350%2C200&ssl=1 1x, https:\/\/i0.wp.com\/tomajazz.com\/web\/wp-content\/uploads\/2021\/08\/10_FGJ0091-TOMAJAZZ-21-08-21-John-Lee-Sanders-The-Gospel-Messengers.jpg?resize=525%2C300&ssl=1 1.5x"},"classes":[]},{"id":101587,"url":"https:\/\/tomajazz.com\/web\/pocket-corner-juan-sebastian-bar-2025\/","url_meta":{"origin":56771,"position":5},"title":"Pocket Corner \u00abFree Keys\u00bb (Juan Sebasti\u00e1n Bar, Huesca. 2025-11-06) Por Fabio Galicia [INSTANTZZ AKA Galer\u00eda fotogr\u00e1fica AKA Fotoblog de jazz, impro\u2026 y algo m\u00e1s]","author":"Tomajazz","date":"9 noviembre, 2025","format":false,"excerpt":"Pocket Corner actuaron en Juan Sebasti\u00e1n Bar de Huesca, el 6 de noviembre de 2025. Fabio Galicia lo retrata en INSTANTZZ. Actuaron Didrik Ingvaldsen, Glenn B. Henriksen, Kjetil Jerve, St\u00e5le Birkeland","rel":"","context":"En \u00abJuan Sebasti\u00e1n Bar (Huesca)\u00bb","block_context":{"text":"Juan Sebasti\u00e1n Bar (Huesca)","link":"https:\/\/tomajazz.com\/web\/category\/contenidos\/especial-contenidos\/juan-sebastian-bar-huesca\/"},"img":{"alt_text":"Pocket Corner \"Free Keys\" (Juan Sebasti\u00e1n Bar, Huesca. 2025-11-06) Por Fabio Galicia [INSTANTZZ AKA Galer\u00eda fotogr\u00e1fica AKA Fotoblog de jazz, impro\u2026 y algo m\u00e1s] - Tomajazz - Pocket Corner actuaron en Juan Sebasti\u00e1n Bar de Huesca, el 6 de noviembre de 2025. Fabio Galicia lo retrata en INSTANTZZ. Actuaron","src":"https:\/\/i0.wp.com\/tomajazz.com\/web\/wp-content\/uploads\/2025\/11\/Pocket-Corner-12.jpg?resize=350%2C200&ssl=1","width":350,"height":200,"srcset":"https:\/\/i0.wp.com\/tomajazz.com\/web\/wp-content\/uploads\/2025\/11\/Pocket-Corner-12.jpg?resize=350%2C200&ssl=1 1x, https:\/\/i0.wp.com\/tomajazz.com\/web\/wp-content\/uploads\/2025\/11\/Pocket-Corner-12.jpg?resize=525%2C300&ssl=1 1.5x, https:\/\/i0.wp.com\/tomajazz.com\/web\/wp-content\/uploads\/2025\/11\/Pocket-Corner-12.jpg?resize=700%2C400&ssl=1 2x, https:\/\/i0.wp.com\/tomajazz.com\/web\/wp-content\/uploads\/2025\/11\/Pocket-Corner-12.jpg?resize=1050%2C600&ssl=1 3x"},"classes":[]}],"_links":{"self":[{"href":"https:\/\/tomajazz.com\/web\/wp-json\/wp\/v2\/posts\/56771","targetHints":{"allow":["GET"]}}],"collection":[{"href":"https:\/\/tomajazz.com\/web\/wp-json\/wp\/v2\/posts"}],"about":[{"href":"https:\/\/tomajazz.com\/web\/wp-json\/wp\/v2\/types\/post"}],"author":[{"embeddable":true,"href":"https:\/\/tomajazz.com\/web\/wp-json\/wp\/v2\/users\/1"}],"replies":[{"embeddable":true,"href":"https:\/\/tomajazz.com\/web\/wp-json\/wp\/v2\/comments?post=56771"}],"version-history":[{"count":2,"href":"https:\/\/tomajazz.com\/web\/wp-json\/wp\/v2\/posts\/56771\/revisions"}],"predecessor-version":[{"id":56784,"href":"https:\/\/tomajazz.com\/web\/wp-json\/wp\/v2\/posts\/56771\/revisions\/56784"}],"wp:featuredmedia":[{"embeddable":true,"href":"https:\/\/tomajazz.com\/web\/wp-json\/wp\/v2\/media\/56782"}],"wp:attachment":[{"href":"https:\/\/tomajazz.com\/web\/wp-json\/wp\/v2\/media?parent=56771"}],"wp:term":[{"taxonomy":"category","embeddable":true,"href":"https:\/\/tomajazz.com\/web\/wp-json\/wp\/v2\/categories?post=56771"},{"taxonomy":"post_tag","embeddable":true,"href":"https:\/\/tomajazz.com\/web\/wp-json\/wp\/v2\/tags?post=56771"}],"curies":[{"name":"wp","href":"https:\/\/api.w.org\/{rel}","templated":true}]}}