{"id":56882,"date":"2021-09-03T11:00:19","date_gmt":"2021-09-03T09:00:19","guid":{"rendered":"https:\/\/www.tomajazz.com\/web\/?p=56882"},"modified":"2021-09-03T11:28:22","modified_gmt":"2021-09-03T09:28:22","slug":"instantzz-jazz-for-fun-j4f-jaca-club-de-jazz-agosto-2021-huesca-galeria-fotografica-aka-fotoblog-de-jazz-impro-y-algo-mas-por-fabio-galicia","status":"publish","type":"post","link":"https:\/\/tomajazz.com\/web\/instantzz-jazz-for-fun-j4f-jaca-club-de-jazz-agosto-2021-huesca-galeria-fotografica-aka-fotoblog-de-jazz-impro-y-algo-mas-por-fabio-galicia\/","title":{"rendered":"INSTANTZZ: Jazz For Fun &#8211; J4F (Jaca Club de Jazz Agosto 2021, Huesca) [Galer\u00eda fotogr\u00e1fica AKA Fotoblog de jazz, impro\u2026 y algo m\u00e1s] Por Fabio Galicia"},"content":{"rendered":"<p><strong>Jaca Club de Jazz Agosto 2021<\/strong><\/p>\n<ul>\n<li>Lugar: Palacio de Congresos de Jaca (Huesca)<\/li>\n<li>Fecha y hora: domingo 22 de agosto de 2021. Prueba de sonido y concierto a las 22:00<\/li>\n<li>Grupo:<br \/>\n<strong>Jazz For Fun &#8211; J4F<br \/>\n<\/strong>Jaime Arilla: piano<br \/>\nNicol\u00e1s Mora: guitarra<br \/>\nPatrick Philips: bajo<br \/>\nCarlos \u00c1lvarez: bater\u00eda<\/li>\n<\/ul>\n<p style=\"text-align: center;\"><img loading=\"lazy\" decoding=\"async\" class=\"aligncenter size-full wp-image-56883\" src=\"https:\/\/tomajazz.com\/web\/wp-content\/uploads\/2021\/09\/Jazz-for-fun-1.jpg\" alt=\"\" width=\"600\" height=\"401\" title=\"\" srcset=\"https:\/\/tomajazz.com\/web\/wp-content\/uploads\/2021\/09\/Jazz-for-fun-1.jpg 600w, https:\/\/tomajazz.com\/web\/wp-content\/uploads\/2021\/09\/Jazz-for-fun-1-200x134.jpg 200w, https:\/\/tomajazz.com\/web\/wp-content\/uploads\/2021\/09\/Jazz-for-fun-1-465x311.jpg 465w\" sizes=\"auto, (max-width: 600px) 100vw, 600px\" \/> <img loading=\"lazy\" decoding=\"async\" class=\"aligncenter size-large wp-image-56884\" src=\"https:\/\/tomajazz.com\/web\/wp-content\/uploads\/2021\/09\/Jazz-for-fun-2.jpg\" alt=\"\" width=\"600\" height=\"400\" title=\"\" srcset=\"https:\/\/tomajazz.com\/web\/wp-content\/uploads\/2021\/09\/Jazz-for-fun-2.jpg 600w, https:\/\/tomajazz.com\/web\/wp-content\/uploads\/2021\/09\/Jazz-for-fun-2-200x133.jpg 200w, https:\/\/tomajazz.com\/web\/wp-content\/uploads\/2021\/09\/Jazz-for-fun-2-465x310.jpg 465w\" sizes=\"auto, (max-width: 600px) 100vw, 600px\" \/> <img loading=\"lazy\" decoding=\"async\" class=\"aligncenter size-large wp-image-56885\" src=\"https:\/\/tomajazz.com\/web\/wp-content\/uploads\/2021\/09\/Jazz-for-fun-3.jpg\" alt=\"\" width=\"600\" height=\"401\" title=\"\" srcset=\"https:\/\/tomajazz.com\/web\/wp-content\/uploads\/2021\/09\/Jazz-for-fun-3.jpg 600w, https:\/\/tomajazz.com\/web\/wp-content\/uploads\/2021\/09\/Jazz-for-fun-3-200x134.jpg 200w, https:\/\/tomajazz.com\/web\/wp-content\/uploads\/2021\/09\/Jazz-for-fun-3-465x311.jpg 465w\" sizes=\"auto, (max-width: 600px) 100vw, 600px\" \/> <img loading=\"lazy\" decoding=\"async\" class=\"aligncenter size-large wp-image-56886\" src=\"https:\/\/tomajazz.com\/web\/wp-content\/uploads\/2021\/09\/Jazz-for-fun-4.jpg\" alt=\"\" width=\"600\" height=\"401\" title=\"\" srcset=\"https:\/\/tomajazz.com\/web\/wp-content\/uploads\/2021\/09\/Jazz-for-fun-4.jpg 600w, https:\/\/tomajazz.com\/web\/wp-content\/uploads\/2021\/09\/Jazz-for-fun-4-200x134.jpg 200w, https:\/\/tomajazz.com\/web\/wp-content\/uploads\/2021\/09\/Jazz-for-fun-4-465x311.jpg 465w\" sizes=\"auto, (max-width: 600px) 100vw, 600px\" \/> <img loading=\"lazy\" decoding=\"async\" class=\"aligncenter size-large wp-image-56887\" src=\"https:\/\/tomajazz.com\/web\/wp-content\/uploads\/2021\/09\/Jazz-for-fun-5.jpg\" alt=\"\" width=\"600\" height=\"400\" title=\"\" srcset=\"https:\/\/tomajazz.com\/web\/wp-content\/uploads\/2021\/09\/Jazz-for-fun-5.jpg 600w, https:\/\/tomajazz.com\/web\/wp-content\/uploads\/2021\/09\/Jazz-for-fun-5-200x133.jpg 200w, https:\/\/tomajazz.com\/web\/wp-content\/uploads\/2021\/09\/Jazz-for-fun-5-465x310.jpg 465w\" sizes=\"auto, (max-width: 600px) 100vw, 600px\" \/> <img loading=\"lazy\" decoding=\"async\" class=\"aligncenter size-large wp-image-56888\" src=\"https:\/\/tomajazz.com\/web\/wp-content\/uploads\/2021\/09\/Jazz-for-fun-6.jpg\" alt=\"\" width=\"600\" height=\"401\" title=\"\" srcset=\"https:\/\/tomajazz.com\/web\/wp-content\/uploads\/2021\/09\/Jazz-for-fun-6.jpg 600w, https:\/\/tomajazz.com\/web\/wp-content\/uploads\/2021\/09\/Jazz-for-fun-6-200x134.jpg 200w, https:\/\/tomajazz.com\/web\/wp-content\/uploads\/2021\/09\/Jazz-for-fun-6-465x311.jpg 465w\" sizes=\"auto, (max-width: 600px) 100vw, 600px\" \/> <img loading=\"lazy\" decoding=\"async\" class=\"aligncenter size-large wp-image-56889\" src=\"https:\/\/tomajazz.com\/web\/wp-content\/uploads\/2021\/09\/Jazz-for-fun-7.jpg\" alt=\"\" width=\"600\" height=\"401\" title=\"\" srcset=\"https:\/\/tomajazz.com\/web\/wp-content\/uploads\/2021\/09\/Jazz-for-fun-7.jpg 600w, https:\/\/tomajazz.com\/web\/wp-content\/uploads\/2021\/09\/Jazz-for-fun-7-200x134.jpg 200w, https:\/\/tomajazz.com\/web\/wp-content\/uploads\/2021\/09\/Jazz-for-fun-7-465x311.jpg 465w\" sizes=\"auto, (max-width: 600px) 100vw, 600px\" \/> <img loading=\"lazy\" decoding=\"async\" class=\"aligncenter size-large wp-image-56890\" src=\"https:\/\/tomajazz.com\/web\/wp-content\/uploads\/2021\/09\/Jazz-for-fun-8.jpg\" alt=\"\" width=\"600\" height=\"400\" title=\"\" srcset=\"https:\/\/tomajazz.com\/web\/wp-content\/uploads\/2021\/09\/Jazz-for-fun-8.jpg 600w, https:\/\/tomajazz.com\/web\/wp-content\/uploads\/2021\/09\/Jazz-for-fun-8-200x133.jpg 200w, https:\/\/tomajazz.com\/web\/wp-content\/uploads\/2021\/09\/Jazz-for-fun-8-465x310.jpg 465w\" sizes=\"auto, (max-width: 600px) 100vw, 600px\" \/> <img loading=\"lazy\" decoding=\"async\" class=\"aligncenter size-large wp-image-56891\" src=\"https:\/\/tomajazz.com\/web\/wp-content\/uploads\/2021\/09\/Jazz-for-fun-9.jpg\" alt=\"\" width=\"600\" height=\"401\" title=\"\" srcset=\"https:\/\/tomajazz.com\/web\/wp-content\/uploads\/2021\/09\/Jazz-for-fun-9.jpg 600w, https:\/\/tomajazz.com\/web\/wp-content\/uploads\/2021\/09\/Jazz-for-fun-9-200x134.jpg 200w, https:\/\/tomajazz.com\/web\/wp-content\/uploads\/2021\/09\/Jazz-for-fun-9-465x311.jpg 465w\" sizes=\"auto, (max-width: 600px) 100vw, 600px\" \/> <img loading=\"lazy\" decoding=\"async\" class=\"aligncenter size-large wp-image-56892\" src=\"https:\/\/tomajazz.com\/web\/wp-content\/uploads\/2021\/09\/Jazz-for-fun-10.jpg\" alt=\"\" width=\"600\" height=\"401\" title=\"\" srcset=\"https:\/\/tomajazz.com\/web\/wp-content\/uploads\/2021\/09\/Jazz-for-fun-10.jpg 600w, https:\/\/tomajazz.com\/web\/wp-content\/uploads\/2021\/09\/Jazz-for-fun-10-200x134.jpg 200w, https:\/\/tomajazz.com\/web\/wp-content\/uploads\/2021\/09\/Jazz-for-fun-10-465x311.jpg 465w\" sizes=\"auto, (max-width: 600px) 100vw, 600px\" \/> <img loading=\"lazy\" decoding=\"async\" class=\"aligncenter size-large wp-image-56893\" src=\"https:\/\/tomajazz.com\/web\/wp-content\/uploads\/2021\/09\/Jazz-for-fun-11.jpg\" alt=\"\" width=\"600\" height=\"401\" title=\"\" srcset=\"https:\/\/tomajazz.com\/web\/wp-content\/uploads\/2021\/09\/Jazz-for-fun-11.jpg 600w, https:\/\/tomajazz.com\/web\/wp-content\/uploads\/2021\/09\/Jazz-for-fun-11-200x134.jpg 200w, https:\/\/tomajazz.com\/web\/wp-content\/uploads\/2021\/09\/Jazz-for-fun-11-465x311.jpg 465w\" sizes=\"auto, (max-width: 600px) 100vw, 600px\" \/> <img loading=\"lazy\" decoding=\"async\" class=\"aligncenter size-large wp-image-56894\" src=\"https:\/\/tomajazz.com\/web\/wp-content\/uploads\/2021\/09\/Jazz-for-fun-12.jpg\" alt=\"\" width=\"600\" height=\"400\" title=\"\" srcset=\"https:\/\/tomajazz.com\/web\/wp-content\/uploads\/2021\/09\/Jazz-for-fun-12.jpg 600w, https:\/\/tomajazz.com\/web\/wp-content\/uploads\/2021\/09\/Jazz-for-fun-12-200x133.jpg 200w, https:\/\/tomajazz.com\/web\/wp-content\/uploads\/2021\/09\/Jazz-for-fun-12-465x310.jpg 465w\" sizes=\"auto, (max-width: 600px) 100vw, 600px\" \/> <img loading=\"lazy\" decoding=\"async\" class=\"aligncenter size-large wp-image-56895\" src=\"https:\/\/tomajazz.com\/web\/wp-content\/uploads\/2021\/09\/Jazz-for-fun-13.jpg\" alt=\"\" width=\"600\" height=\"400\" title=\"\" srcset=\"https:\/\/tomajazz.com\/web\/wp-content\/uploads\/2021\/09\/Jazz-for-fun-13.jpg 600w, https:\/\/tomajazz.com\/web\/wp-content\/uploads\/2021\/09\/Jazz-for-fun-13-200x133.jpg 200w, https:\/\/tomajazz.com\/web\/wp-content\/uploads\/2021\/09\/Jazz-for-fun-13-465x310.jpg 465w\" sizes=\"auto, (max-width: 600px) 100vw, 600px\" \/> <img loading=\"lazy\" decoding=\"async\" class=\"aligncenter size-large wp-image-56896\" src=\"https:\/\/tomajazz.com\/web\/wp-content\/uploads\/2021\/09\/Jazz-for-fun-14.jpg\" alt=\"\" width=\"600\" height=\"401\" title=\"\" srcset=\"https:\/\/tomajazz.com\/web\/wp-content\/uploads\/2021\/09\/Jazz-for-fun-14.jpg 600w, https:\/\/tomajazz.com\/web\/wp-content\/uploads\/2021\/09\/Jazz-for-fun-14-200x134.jpg 200w, https:\/\/tomajazz.com\/web\/wp-content\/uploads\/2021\/09\/Jazz-for-fun-14-465x311.jpg 465w\" sizes=\"auto, (max-width: 600px) 100vw, 600px\" \/><\/p>\n<p style=\"text-align: right;\">Tomajazz: \u00a9\u00a0<a href=\"https:\/\/www.flickr.com\/photos\/fgjazzgz\" target=\"_blank\" rel=\"noopener noreferrer\"><strong>Fabio Galicia<\/strong><\/a>, 2021<\/p>\n","protected":false},"excerpt":{"rendered":"<p>En INSTANTZZ una galer\u00eda fotogr\u00e1fica de Fabio Galicia del grupo Jazz For Fun &#8211; J4F en Jaca Club de Jazz de Agosto de 2021. <span class=\"more-link\"><a href=\"https:\/\/tomajazz.com\/web\/instantzz-jazz-for-fun-j4f-jaca-club-de-jazz-agosto-2021-huesca-galeria-fotografica-aka-fotoblog-de-jazz-impro-y-algo-mas-por-fabio-galicia\/\">Contin\u00faa leyendo<\/a><\/span><\/p>\n","protected":false},"author":1,"featured_media":56894,"comment_status":"open","ping_status":"closed","sticky":false,"template":"","format":"standard","meta":{"jetpack_post_was_ever_published":false,"_jetpack_newsletter_access":"","_jetpack_dont_email_post_to_subs":false,"_jetpack_newsletter_tier_id":0,"_jetpack_memberships_contains_paywalled_content":false,"_jetpack_memberships_contains_paid_content":false,"footnotes":""},"categories":[11261,22655,11262,15516,1038],"tags":[25680,11263,25676,25677,25675,25678,31,25679],"class_list":["entry","author-pachi","has-excerpt","post-56882","post","type-post","status-publish","format-standard","has-post-thumbnail","category-instantzz","category-_fabio-galicia","category-photoblogs","category-imagenes","category-contenidos","tag-carlos-alvarez","tag-instantzz-2","tag-j4f","tag-jaime-arilla","tag-jazz-for-fun","tag-nicolas-mora","tag-pachi-tapiz","tag-patrick-philips"],"jetpack_featured_media_url":"https:\/\/tomajazz.com\/web\/wp-content\/uploads\/2021\/09\/Jazz-for-fun-12.jpg","jetpack_likes_enabled":true,"jetpack_sharing_enabled":true,"jetpack-related-posts":[{"id":94201,"url":"https:\/\/tomajazz.com\/web\/jazz-4-fun-juanse-huesca-2025\/","url_meta":{"origin":56882,"position":0},"title":"Jazz 4 Fun \u201c10 de 10\u201d (Juan Sebasti\u00e1n Bar, Huesca. 2025-01-23) Por Fabio Galicia [INSTANTZZ AKA Galer\u00eda fotogr\u00e1fica AKA Fotoblog de jazz, impro\u2026 y algo m\u00e1s]","author":"Tomajazz","date":"26 enero, 2025","format":false,"excerpt":"Jazz 4 Fun \u201c10 de 10\u201d actu\u00f3 en el Juan Sebasti\u00e1n Bar de Huesca el 23 de enero de 2025. Fabio Galicia los retrata en INSTANTZZ. Jazz 4 Fun son Juan Rebenaque, Nicol\u00e1s Mora, Jaime Arilla, Carlos \u00c1lvarez","rel":"","context":"En \u00abJuan Sebasti\u00e1n Bar (Huesca)\u00bb","block_context":{"text":"Juan Sebasti\u00e1n Bar (Huesca)","link":"https:\/\/tomajazz.com\/web\/category\/contenidos\/especial-contenidos\/juan-sebastian-bar-huesca\/"},"img":{"alt_text":"Jazz 4 Fun \u201c10 de 10\u201d  (Juan Sebasti\u00e1n Bar, Huesca. 2025-01-23) Por Fabio Galicia [INSTANTZZ AKA Galer\u00eda fotogr\u00e1fica AKA Fotoblog de jazz, impro\u2026 y algo m\u00e1s] - Tomajazz - Jazz 4 Fun \u201c10 de 10\u201d  actu\u00f3 en el Juan Sebasti\u00e1n Bar de Huesca el 23 de enero de 2025. Fabio Galicia los retrata en INSTANTZZ. Jazz Juan Rebenaque: bajo\nNicol\u00e1s Mora: guitarra\nJaime Arilla: teclados\nCarlos \u00c1lvarez: bater\u00eda","src":"https:\/\/i0.wp.com\/tomajazz.com\/web\/wp-content\/uploads\/2025\/01\/250123-J4F-1.jpg?resize=350%2C200&ssl=1","width":350,"height":200,"srcset":"https:\/\/i0.wp.com\/tomajazz.com\/web\/wp-content\/uploads\/2025\/01\/250123-J4F-1.jpg?resize=350%2C200&ssl=1 1x, https:\/\/i0.wp.com\/tomajazz.com\/web\/wp-content\/uploads\/2025\/01\/250123-J4F-1.jpg?resize=525%2C300&ssl=1 1.5x"},"classes":[]},{"id":104681,"url":"https:\/\/tomajazz.com\/web\/abe-rabade-jaca-club-de-jazz-2026\/","url_meta":{"origin":56882,"position":1},"title":"Abe R\u00e1bade (Ciclo Jaca Club de Jazz 2026. Palacio de Congresos, Jaca. 2026-03-21) Por Fabio Galicia [INSTANTZZ AKA Galer\u00eda fotogr\u00e1fica AKA Fotoblog de jazz, impro\u2026 y algo m\u00e1s]","author":"Tomajazz","date":"3 abril, 2026","format":false,"excerpt":"Abe R\u00e1bade actu\u00f3 en el Ciclo Jaca Club de Jazz 2026, el 21 de marzo de 2026. Fabio Galicia lo retrata en INSTANTZZ. Actuaron Abe R\u00e1bade y Ariel Br\u00ednguez","rel":"","context":"En \u00abINSTANTZZ\u00bb","block_context":{"text":"INSTANTZZ","link":"https:\/\/tomajazz.com\/web\/category\/contenidos\/imagenes\/photoblogs\/instantzz\/"},"img":{"alt_text":"Abe R\u00e1bade (Ciclo Jaca Club de Jazz 2026. Palacio de Congresos, Jaca. 2026-03-21) Por Fabio Galicia [INSTANTZZ AKA Galer\u00eda fotogr\u00e1fica AKA Fotoblog de jazz, impro\u2026 y algo m\u00e1s] - Tomajazz - Abe R\u00e1bade actu\u00f3 en el Ciclo Jaca Club de Jazz 2026, el 21 de marzo de 2026. Fabio Galicia lo retrata en INSTANTZZ. Actuaron Abe R\u00e1bade y Ariel Br\u00ednguez","src":"https:\/\/i0.wp.com\/tomajazz.com\/web\/wp-content\/uploads\/2026\/04\/2603021-ABE-RABADE-12.jpg?resize=350%2C200&ssl=1","width":350,"height":200,"srcset":"https:\/\/i0.wp.com\/tomajazz.com\/web\/wp-content\/uploads\/2026\/04\/2603021-ABE-RABADE-12.jpg?resize=350%2C200&ssl=1 1x, https:\/\/i0.wp.com\/tomajazz.com\/web\/wp-content\/uploads\/2026\/04\/2603021-ABE-RABADE-12.jpg?resize=525%2C300&ssl=1 1.5x, https:\/\/i0.wp.com\/tomajazz.com\/web\/wp-content\/uploads\/2026\/04\/2603021-ABE-RABADE-12.jpg?resize=700%2C400&ssl=1 2x, https:\/\/i0.wp.com\/tomajazz.com\/web\/wp-content\/uploads\/2026\/04\/2603021-ABE-RABADE-12.jpg?resize=1050%2C600&ssl=1 3x"},"classes":[]},{"id":104748,"url":"https:\/\/tomajazz.com\/web\/ivan-lewis-trio-jaca-club-de-jazz-2026\/","url_meta":{"origin":56882,"position":2},"title":"Iv\u00e1n Lewis Tr\u00edo \u201cLuces y sombras\u201d (Ciclo Jaca Club de Jazz 2026. Palacio de Congresos, Jaca. 2026-03-28) Por Fabio Galicia [INSTANTZZ AKA Galer\u00eda fotogr\u00e1fica AKA Fotoblog de jazz, impro\u2026 y algo m\u00e1s]","author":"Tomajazz","date":"6 abril, 2026","format":false,"excerpt":"Iv\u00e1n Lewis Tr\u00edo \u201cLuces y sombras\u201d actu\u00f3 en el Ciclo Jaca Club de Jazz 2026, el 28 de marzo de 2026. Fabio Galicia lo retrata en INSTANTZZ. Actuaron Iv\u00e1n Lewis, Yandy Mart\u00ednez, Georvis Pico","rel":"","context":"En \u00abINSTANTZZ\u00bb","block_context":{"text":"INSTANTZZ","link":"https:\/\/tomajazz.com\/web\/category\/contenidos\/imagenes\/photoblogs\/instantzz\/"},"img":{"alt_text":"Iv\u00e1n Lewis Tr\u00edo \u201cLuces y sombras\u201d (Ciclo Jaca Club de Jazz 2026. Palacio de Congresos, Jaca. 2026-03-28) Por Fabio Galicia [INSTANTZZ AKA Galer\u00eda fotogr\u00e1fica AKA Fotoblog de jazz, impro\u2026 y algo m\u00e1s] - Tomajazz - Iv\u00e1n Lewis Tr\u00edo \u201cLuces y sombras\u201d actu\u00f3 en el Ciclo Jaca Club de Jazz 2026, el 28 de marzo de 2026. Fabio Galicia lo retrata en INSTANTZZ. Actuaron","src":"https:\/\/i0.wp.com\/tomajazz.com\/web\/wp-content\/uploads\/2026\/04\/260328-IVAN-LEWIS-9.jpg?resize=350%2C200&ssl=1","width":350,"height":200,"srcset":"https:\/\/i0.wp.com\/tomajazz.com\/web\/wp-content\/uploads\/2026\/04\/260328-IVAN-LEWIS-9.jpg?resize=350%2C200&ssl=1 1x, https:\/\/i0.wp.com\/tomajazz.com\/web\/wp-content\/uploads\/2026\/04\/260328-IVAN-LEWIS-9.jpg?resize=525%2C300&ssl=1 1.5x, https:\/\/i0.wp.com\/tomajazz.com\/web\/wp-content\/uploads\/2026\/04\/260328-IVAN-LEWIS-9.jpg?resize=700%2C400&ssl=1 2x, https:\/\/i0.wp.com\/tomajazz.com\/web\/wp-content\/uploads\/2026\/04\/260328-IVAN-LEWIS-9.jpg?resize=1050%2C600&ssl=1 3x"},"classes":[]},{"id":93824,"url":"https:\/\/tomajazz.com\/web\/juan-sebastian-bar-enero-2025\/","url_meta":{"origin":56882,"position":3},"title":"Parminter \/ J4F Jazz For Fun en Juan Sebasti\u00e1n Bar en enero (Huesca. 16 y 23 de enero de 2025) [Noticias de jazz]","author":"Tomajazz","date":"14 enero, 2025","format":false,"excerpt":"Parminter \/ J4F Jazz For Fun actuar\u00e1n en Juan Sebasti\u00e1n Bar en enero los d\u00edas 16 y 23 de enero de 2025 #Noticias de jazz","rel":"","context":"En \u00abJuan Sebasti\u00e1n Bar (Huesca)\u00bb","block_context":{"text":"Juan Sebasti\u00e1n Bar (Huesca)","link":"https:\/\/tomajazz.com\/web\/category\/contenidos\/especial-contenidos\/juan-sebastian-bar-huesca\/"},"img":{"alt_text":"Parminter \/ J4F Jazz For Fun en Juan Sebasti\u00e1n Bar en enero (Huesca. 16 y 23 de enero de 2025) [Noticias de jazz] - Tomajazz - Parminter \/ J4F Jazz For Fun actuar\u00e1n en Juan Sebasti\u00e1n Bar en enero los d\u00edas 16 y 23 de enero de 2025 #Noticias de jazz","src":"https:\/\/i0.wp.com\/tomajazz.com\/web\/wp-content\/uploads\/2025\/01\/Parminter-Jazz4Fun-Juan-Sebastian-Bar-Huesca-2025-01.gif?resize=350%2C200&ssl=1","width":350,"height":200,"srcset":"https:\/\/i0.wp.com\/tomajazz.com\/web\/wp-content\/uploads\/2025\/01\/Parminter-Jazz4Fun-Juan-Sebastian-Bar-Huesca-2025-01.gif?resize=350%2C200&ssl=1 1x, https:\/\/i0.wp.com\/tomajazz.com\/web\/wp-content\/uploads\/2025\/01\/Parminter-Jazz4Fun-Juan-Sebastian-Bar-Huesca-2025-01.gif?resize=525%2C300&ssl=1 1.5x"},"classes":[]},{"id":104895,"url":"https:\/\/tomajazz.com\/web\/olga-pericet-jaca-2026\/","url_meta":{"origin":56882,"position":4},"title":"Olga Pericet \u201cBaile Sonoro\u201d (Palacio de Congresos, Jaca. 2026-03-28) Por Fabio Galicia [Flamencuras AKA INSTANTZZ AKA Galer\u00eda fotogr\u00e1fica AKA Fotoblog de jazz, impro\u2026 y algo m\u00e1s]","author":"Tomajazz","date":"15 abril, 2026","format":false,"excerpt":"Olga Pericet \u201cBaile Sonoro\u201d actu\u00f3 en el Palacio de Congresos de Jaca, el 28 de marzo de 2026. Fabio Galicia lo retrata en las Flamencuras de INSTANTZZ. Con Jos\u00e9 Manuel Le\u00f3n, Mercedes Cort\u00e9s, Olga Pericet","rel":"","context":"En \u00abFlamencuras\u00bb","block_context":{"text":"Flamencuras","link":"https:\/\/tomajazz.com\/web\/category\/contenidos\/imagenes\/photoblogs\/flamencuras\/"},"img":{"alt_text":"Olga Pericet \u201cBaile Sonoro\u201d (Palacio de Congresos, Jaca. 2026-03-28) Por Fabio Galicia [Flamencuras AKA INSTANTZZ AKA Galer\u00eda fotogr\u00e1fica AKA Fotoblog de jazz, impro\u2026 y algo m\u00e1s] - Tomajazz - Olga Pericet \u201cBaile Sonoro\u201d actu\u00f3 en el Palacio de Congresos de Jaca, el 28 de marzo de 2026. Fabio Galicia lo retrata en las Flamencuras de INSTANTZZ. Con Jos\u00e9 Manuel Le\u00f3n, Mercedes Cort\u00e9s, Olga Pericet\n","src":"https:\/\/i0.wp.com\/tomajazz.com\/web\/wp-content\/uploads\/2026\/04\/Olga-Pericet-29.jpg?resize=350%2C200&ssl=1","width":350,"height":200,"srcset":"https:\/\/i0.wp.com\/tomajazz.com\/web\/wp-content\/uploads\/2026\/04\/Olga-Pericet-29.jpg?resize=350%2C200&ssl=1 1x, https:\/\/i0.wp.com\/tomajazz.com\/web\/wp-content\/uploads\/2026\/04\/Olga-Pericet-29.jpg?resize=525%2C300&ssl=1 1.5x, https:\/\/i0.wp.com\/tomajazz.com\/web\/wp-content\/uploads\/2026\/04\/Olga-Pericet-29.jpg?resize=700%2C400&ssl=1 2x, https:\/\/i0.wp.com\/tomajazz.com\/web\/wp-content\/uploads\/2026\/04\/Olga-Pericet-29.jpg?resize=1050%2C600&ssl=1 3x"},"classes":[]},{"id":56771,"url":"https:\/\/tomajazz.com\/web\/instantzz-tangled-tape-jaca-club-de-jazz-agosto-2021-huesca-galeria-fotografica-aka-fotoblog-de-jazz-impro-y-algo-mas-por-fabio-galicia\/","url_meta":{"origin":56882,"position":5},"title":"INSTANTZZ: Tangled Tape (Jaca Club de Jazz Agosto 2021, Huesca) [Galer\u00eda fotogr\u00e1fica AKA Fotoblog de jazz, impro\u2026 y algo m\u00e1s] Por Fabio Galicia","author":"Tomajazz","date":"29 agosto, 2021","format":false,"excerpt":"Fabio Galicia trae a INSTANTZZ las im\u00e1genes de la actuaci\u00f3n de Tangled Tape en su concierto dentro del ciclo Jaca Club de Jazz Agosto 2021.","rel":"","context":"En \u00ab*_Fabio Galicia\u00bb","block_context":{"text":"*_Fabio Galicia","link":"https:\/\/tomajazz.com\/web\/category\/_fabio-galicia\/"},"img":{"alt_text":"","src":"https:\/\/i0.wp.com\/tomajazz.com\/web\/wp-content\/uploads\/2021\/08\/Tangled-Tape-11.jpg?resize=350%2C200&ssl=1","width":350,"height":200,"srcset":"https:\/\/i0.wp.com\/tomajazz.com\/web\/wp-content\/uploads\/2021\/08\/Tangled-Tape-11.jpg?resize=350%2C200&ssl=1 1x, https:\/\/i0.wp.com\/tomajazz.com\/web\/wp-content\/uploads\/2021\/08\/Tangled-Tape-11.jpg?resize=525%2C300&ssl=1 1.5x"},"classes":[]}],"_links":{"self":[{"href":"https:\/\/tomajazz.com\/web\/wp-json\/wp\/v2\/posts\/56882","targetHints":{"allow":["GET"]}}],"collection":[{"href":"https:\/\/tomajazz.com\/web\/wp-json\/wp\/v2\/posts"}],"about":[{"href":"https:\/\/tomajazz.com\/web\/wp-json\/wp\/v2\/types\/post"}],"author":[{"embeddable":true,"href":"https:\/\/tomajazz.com\/web\/wp-json\/wp\/v2\/users\/1"}],"replies":[{"embeddable":true,"href":"https:\/\/tomajazz.com\/web\/wp-json\/wp\/v2\/comments?post=56882"}],"version-history":[{"count":2,"href":"https:\/\/tomajazz.com\/web\/wp-json\/wp\/v2\/posts\/56882\/revisions"}],"predecessor-version":[{"id":56898,"href":"https:\/\/tomajazz.com\/web\/wp-json\/wp\/v2\/posts\/56882\/revisions\/56898"}],"wp:featuredmedia":[{"embeddable":true,"href":"https:\/\/tomajazz.com\/web\/wp-json\/wp\/v2\/media\/56894"}],"wp:attachment":[{"href":"https:\/\/tomajazz.com\/web\/wp-json\/wp\/v2\/media?parent=56882"}],"wp:term":[{"taxonomy":"category","embeddable":true,"href":"https:\/\/tomajazz.com\/web\/wp-json\/wp\/v2\/categories?post=56882"},{"taxonomy":"post_tag","embeddable":true,"href":"https:\/\/tomajazz.com\/web\/wp-json\/wp\/v2\/tags?post=56882"}],"curies":[{"name":"wp","href":"https:\/\/api.w.org\/{rel}","templated":true}]}}