{"id":57091,"date":"2021-09-16T09:00:11","date_gmt":"2021-09-16T07:00:11","guid":{"rendered":"https:\/\/www.tomajazz.com\/web\/?p=57091"},"modified":"2024-10-09T20:50:20","modified_gmt":"2024-10-09T18:50:20","slug":"universos-paralelos-emision-16-de-septiembre-de-2021-t-27-p-3-noticias-de-jazz","status":"publish","type":"post","link":"https:\/\/tomajazz.com\/web\/universos-paralelos-emision-16-de-septiembre-de-2021-t-27-p-3-noticias-de-jazz\/","title":{"rendered":"Universos Paralelos: Emisi\u00f3n 16 de septiembre de 2021 (T.27 P.3) [Noticias de jazz]"},"content":{"rendered":"<blockquote><p><strong>25+1 +1 temporadas en el aire<\/strong> (y unos pocos en la red)&#8230; \u00a1y seguimos descubriendo buena m\u00fasica!<\/p><\/blockquote>\n<div><img loading=\"lazy\" decoding=\"async\" class=\"alignleft wp-image-57092 size-medium\" src=\"https:\/\/tomajazz.com\/web\/wp-content\/uploads\/2021\/09\/Aki_Rissanen_Divided_Horizon-200x200.jpg\" alt=\"\" width=\"200\" height=\"200\" title=\"\" srcset=\"https:\/\/tomajazz.com\/web\/wp-content\/uploads\/2021\/09\/Aki_Rissanen_Divided_Horizon-200x200.jpg 200w, https:\/\/tomajazz.com\/web\/wp-content\/uploads\/2021\/09\/Aki_Rissanen_Divided_Horizon-150x150.jpg 150w, https:\/\/tomajazz.com\/web\/wp-content\/uploads\/2021\/09\/Aki_Rissanen_Divided_Horizon.jpg 350w\" sizes=\"auto, (max-width: 200px) 100vw, 200px\" \/>Ya est\u00e1 disponible una nueva emisi\u00f3n de Universos Paralelos, el programa de radio dirigido por <strong>Sergio Cabanillas<\/strong>.<\/div>\n<div>\n<p>En la emisi\u00f3n del 16 de septiembre de 2021: Nicolas Llerandi, Tassos Spiliotopoulos, Aki Rissanen, Javier Vercher, Cristina Miguel Mart\u00ednez &amp; Marcel\u00b7L\u00ed Bayer, Pablo Fern\u00e1ndez Arrieta, Jorge Cabadas.<\/p>\n<p>Disponible en <a href=\"https:\/\/universosparalelosradioshow.blogspot.com\/2021\/09\/emision-16092021.html\" target=\"_blank\" rel=\"noopener noreferrer\">universosparalelosradioshow.blogspot.com.es<\/a><\/p>\n<\/div>\n<div>\u00a1Novedad! Para estar al tanto en primicia de sus nuevos contenidos, <strong>Universos Paralelos<\/strong> ha puesto a disposici\u00f3n de los seguidores del programa un canal de Telegram en <a href=\"https:\/\/t.me\/universosparalelosradioshow\" target=\"_blank\" rel=\"noopener\">https:\/\/t.me\/universosparalelosradioshow<\/a><\/div>\n<div style=\"text-align: right;\">\n<p>\u00a9 <strong>Tomajazz<\/strong>, 2021<\/p>\n<\/div>\n","protected":false},"excerpt":{"rendered":"<p>Disponible una nueva edici\u00f3n del programa Universos Paralelos que dirige, edita y presenta Sergio Cabanillas. <span class=\"more-link\"><a href=\"https:\/\/tomajazz.com\/web\/universos-paralelos-emision-16-de-septiembre-de-2021-t-27-p-3-noticias-de-jazz\/\">Contin\u00faa leyendo<\/a><\/span><\/p>\n","protected":false},"author":1,"featured_media":57092,"comment_status":"open","ping_status":"closed","sticky":false,"template":"","format":"standard","meta":{"jetpack_post_was_ever_published":false,"_jetpack_newsletter_access":"","_jetpack_dont_email_post_to_subs":false,"_jetpack_newsletter_tier_id":0,"_jetpack_memberships_contains_paywalled_content":false,"_jetpack_memberships_contains_paid_content":false,"footnotes":""},"categories":[15795,17858,1038,31550],"tags":[187,7664],"class_list":["entry","author-pachi","has-excerpt","post-57091","post","type-post","status-publish","format-standard","has-post-thumbnail","category-noticias-2","category-redaccion","category-contenidos","category-universos-paralelos-up","tag-sergio-cabanillas","tag-universos-paralelos"],"jetpack_featured_media_url":"https:\/\/tomajazz.com\/web\/wp-content\/uploads\/2021\/09\/Aki_Rissanen_Divided_Horizon.jpg","jetpack_likes_enabled":true,"jetpack_sharing_enabled":true,"jetpack-related-posts":[{"id":102754,"url":"https:\/\/tomajazz.com\/web\/universos-paralelos-t31-p13-2025-26\/","url_meta":{"origin":57091,"position":0},"title":"Universos Paralelos: emisi\u00f3n 11 de diciembre de 2025 (UP.T.31 P.12+1) [Noticias de jazz]","author":"Tomajazz","date":"11 diciembre, 2025","format":false,"excerpt":"Universos Paralelos de Sergio Cabanillas del 11 de diciembre de 2025. Portada lo nuevo de Emma Rawicz... y mucho m\u00e1s... #Noticiasdejazz","rel":"","context":"En \u00ab*_Redacci\u00f3n\u00bb","block_context":{"text":"*_Redacci\u00f3n","link":"https:\/\/tomajazz.com\/web\/category\/redaccion\/"},"img":{"alt_text":"Universos Paralelos: emisi\u00f3n 11 de diciembre de 2025 (UP.T.31 P.12+1) [Noticias de jazz] - Tomajazz - Universos Paralelos de Sergio Cabanillas del 11 de diciembre de 2025. Portada lo nuevo de Emma Rawicz... y mucho m\u00e1s... #Noticiasdejazz","src":"https:\/\/i0.wp.com\/tomajazz.com\/web\/wp-content\/uploads\/2025\/12\/destadado-Emma-Rawicz-Inkyra-UP-Noticias-Tomajazz.jpg?resize=350%2C200&ssl=1","width":350,"height":200,"srcset":"https:\/\/i0.wp.com\/tomajazz.com\/web\/wp-content\/uploads\/2025\/12\/destadado-Emma-Rawicz-Inkyra-UP-Noticias-Tomajazz.jpg?resize=350%2C200&ssl=1 1x, https:\/\/i0.wp.com\/tomajazz.com\/web\/wp-content\/uploads\/2025\/12\/destadado-Emma-Rawicz-Inkyra-UP-Noticias-Tomajazz.jpg?resize=525%2C300&ssl=1 1.5x, https:\/\/i0.wp.com\/tomajazz.com\/web\/wp-content\/uploads\/2025\/12\/destadado-Emma-Rawicz-Inkyra-UP-Noticias-Tomajazz.jpg?resize=700%2C400&ssl=1 2x"},"classes":[]},{"id":103987,"url":"https:\/\/tomajazz.com\/web\/universos-paralelos-t31-p17-2025-26\/","url_meta":{"origin":57091,"position":1},"title":"Universos Paralelos: emisi\u00f3n 12 de febrero de 2026 (UP.T.31 P.17) [Noticias de jazz]","author":"Tomajazz","date":"12 febrero, 2026","format":false,"excerpt":"Universos Paralelos. Emisi\u00f3n del 12 de febrero de 2026. Sergio Cabanillas selecciona y comenta m\u00fasicas de Eelco Van Zanten, Cuarteto Fuerte, Rai Castells, Weber \/ Morris Big Band, Josep Llu\u00eds Galiana #Noticiasdejazz","rel":"","context":"En \u00abUniversos Paralelos - UP\u00bb","block_context":{"text":"Universos Paralelos - UP","link":"https:\/\/tomajazz.com\/web\/category\/contenidos\/noticias-2\/universos-paralelos-up\/"},"img":{"alt_text":"Universos Paralelos: emisi\u00f3n 12 de febrero de 2026 (UP.T.31 P.17) [Noticias de jazz] - Tomajazz - Universos Paralelos. Emisi\u00f3n del 12 de febrero de 2026. Sergio Cabanillas selecciona y comenta m\u00fasicas de Eelco Van Zanten, Cuarteto Fuerte, Rai Castells, Weber \/ Morris Big Band, Josep Llu\u00eds Galiana #Noticiasdejazz","src":"https:\/\/i0.wp.com\/tomajazz.com\/web\/wp-content\/uploads\/2026\/02\/destacada-Rai-Castells-Shifting-1080.jpg?resize=350%2C200&ssl=1","width":350,"height":200,"srcset":"https:\/\/i0.wp.com\/tomajazz.com\/web\/wp-content\/uploads\/2026\/02\/destacada-Rai-Castells-Shifting-1080.jpg?resize=350%2C200&ssl=1 1x, https:\/\/i0.wp.com\/tomajazz.com\/web\/wp-content\/uploads\/2026\/02\/destacada-Rai-Castells-Shifting-1080.jpg?resize=525%2C300&ssl=1 1.5x, https:\/\/i0.wp.com\/tomajazz.com\/web\/wp-content\/uploads\/2026\/02\/destacada-Rai-Castells-Shifting-1080.jpg?resize=700%2C400&ssl=1 2x"},"classes":[]},{"id":105026,"url":"https:\/\/tomajazz.com\/web\/universos-paralelos-up-t31-p25-2025-26\/","url_meta":{"origin":57091,"position":2},"title":"Universos Paralelos: emisi\u00f3n 16 de abril de 2026 (UP.T.31 P.25) [Noticias de jazz]","author":"Tomajazz","date":"22 abril, 2026","format":false,"excerpt":"En Universos Paralelos del 16 de abril de 2026, Sergio Cabanillas elige lo nuevo de V\u00edctor de Diego como disco de portada. Adem\u00e1s suena m\u00fasica de Juzz, Rai Castells, Manuel \u00c1lvarez Trio, Baptiste Bailly \/ Matthew Baker \/ Efr\u00e9n L\u00f3pez #Noticiasdejazz","rel":"","context":"En \u00ab*_Redacci\u00f3n\u00bb","block_context":{"text":"*_Redacci\u00f3n","link":"https:\/\/tomajazz.com\/web\/category\/redaccion\/"},"img":{"alt_text":"Universos Paralelos: emisi\u00f3n 16 de abril de 2026 (UP.T.31 P.25) [Noticias de jazz] - Tomajazz - En Universos Paralelos del 16 de abril de 2026, Sergio Cabanillas elige lo nuevo de V\u00edctor de Diego como disco de portada. Adem\u00e1s suena m\u00fasica de Juzz, Rai Castells, Manuel \u00c1lvarez Trio, Baptiste Bailly \/ Matthew Baker \/ Efr\u00e9n L\u00f3pez #Noticiasdejazz","src":"https:\/\/i0.wp.com\/tomajazz.com\/web\/wp-content\/uploads\/2026\/04\/portada-Victor-De-Diego-Haize-1080.jpg?resize=350%2C200&ssl=1","width":350,"height":200,"srcset":"https:\/\/i0.wp.com\/tomajazz.com\/web\/wp-content\/uploads\/2026\/04\/portada-Victor-De-Diego-Haize-1080.jpg?resize=350%2C200&ssl=1 1x, https:\/\/i0.wp.com\/tomajazz.com\/web\/wp-content\/uploads\/2026\/04\/portada-Victor-De-Diego-Haize-1080.jpg?resize=525%2C300&ssl=1 1.5x, https:\/\/i0.wp.com\/tomajazz.com\/web\/wp-content\/uploads\/2026\/04\/portada-Victor-De-Diego-Haize-1080.jpg?resize=700%2C400&ssl=1 2x"},"classes":[]},{"id":100330,"url":"https:\/\/tomajazz.com\/web\/universos-paralelos-t31-p04-2025-26\/","url_meta":{"origin":57091,"position":3},"title":"Universos Paralelos: emisi\u00f3n 9 de octubre de 2025 (UP.T.31 P.04) [Noticias de jazz]","author":"Tomajazz","date":"9 octubre, 2025","format":false,"excerpt":"En los Universos Paralelos dirigidos por Sergio Cabanillas, el 9 de octubre de 2025 suena m\u00fasica de Chronojazz, Gilad Hekselman, Hakan Ba\u015far, Miguel \u00c2ngelo Trio, Diego Alonso, Matthias Loibner #Noticiasdejazz","rel":"","context":"En \u00abUniversos Paralelos - UP\u00bb","block_context":{"text":"Universos Paralelos - UP","link":"https:\/\/tomajazz.com\/web\/category\/contenidos\/noticias-2\/universos-paralelos-up\/"},"img":{"alt_text":"Universos Paralelos: emisi\u00f3n 9 de octubre de 2025 (UP.T.31 P.04) [Noticias de jazz] - Tomajazz - En los Universos Paralelos dirigidos por Sergio Cabanillas, el 9 de octubre de 2025 suena m\u00fasica de Chronojazz, Gilad Hekselman, Hakan Ba\u015far, Miguel \u00c2ngelo Trio, Diego Alonso, Matthias Loibner #Noticiasdejazz","src":"https:\/\/i0.wp.com\/tomajazz.com\/web\/wp-content\/uploads\/2025\/10\/destacado-Matthias-Loibner-Aussichten-1080.jpg?resize=350%2C200&ssl=1","width":350,"height":200,"srcset":"https:\/\/i0.wp.com\/tomajazz.com\/web\/wp-content\/uploads\/2025\/10\/destacado-Matthias-Loibner-Aussichten-1080.jpg?resize=350%2C200&ssl=1 1x, https:\/\/i0.wp.com\/tomajazz.com\/web\/wp-content\/uploads\/2025\/10\/destacado-Matthias-Loibner-Aussichten-1080.jpg?resize=525%2C300&ssl=1 1.5x, https:\/\/i0.wp.com\/tomajazz.com\/web\/wp-content\/uploads\/2025\/10\/destacado-Matthias-Loibner-Aussichten-1080.jpg?resize=700%2C400&ssl=1 2x"},"classes":[]},{"id":104087,"url":"https:\/\/tomajazz.com\/web\/universos-paralelos-t31-p18-2025-26\/","url_meta":{"origin":57091,"position":4},"title":"Universos Paralelos: emisi\u00f3n 19 de febrero de 2026 (UP.T.31 P.18) [Noticias de jazz]","author":"Tomajazz","date":"18 febrero, 2026","format":false,"excerpt":"En la entrega de Universos Paralelos del 19 de febrero de 2026, Sergio Cabanillas selecciona m\u00fasicas de Grand Discovery & Andre Nieri, The Adr\u00e9s Le\u00f3n Project, Freysteinn, Natsuko Sugao Big Band, John Scofield & Dave Holland #Noticiasdejazz","rel":"","context":"En \u00abUniversos Paralelos - UP\u00bb","block_context":{"text":"Universos Paralelos - UP","link":"https:\/\/tomajazz.com\/web\/category\/contenidos\/noticias-2\/universos-paralelos-up\/"},"img":{"alt_text":"Universos Paralelos: emisi\u00f3n 19 de febrero de 2026 (UP.T.31 P.18) [Noticias de jazz] - Tomajazz - En la entrega de Universos Paralelos del 19 de febrero de 2026, Sergio Cabanillas selecciona m\u00fasicas de Grand Discovery & Andre Nieri, The Adr\u00e9s Le\u00f3n Project, Freysteinn, Natsuko Sugao Big Band, John Scofield & Dave Holland #Noticiasdejazz","src":"https:\/\/i0.wp.com\/tomajazz.com\/web\/wp-content\/uploads\/2026\/02\/destacada-Freysteinn-Thoughts-1080.jpg?resize=350%2C200&ssl=1","width":350,"height":200,"srcset":"https:\/\/i0.wp.com\/tomajazz.com\/web\/wp-content\/uploads\/2026\/02\/destacada-Freysteinn-Thoughts-1080.jpg?resize=350%2C200&ssl=1 1x, https:\/\/i0.wp.com\/tomajazz.com\/web\/wp-content\/uploads\/2026\/02\/destacada-Freysteinn-Thoughts-1080.jpg?resize=525%2C300&ssl=1 1.5x, https:\/\/i0.wp.com\/tomajazz.com\/web\/wp-content\/uploads\/2026\/02\/destacada-Freysteinn-Thoughts-1080.jpg?resize=700%2C400&ssl=1 2x, https:\/\/i0.wp.com\/tomajazz.com\/web\/wp-content\/uploads\/2026\/02\/destacada-Freysteinn-Thoughts-1080.jpg?resize=1050%2C600&ssl=1 3x"},"classes":[]},{"id":104290,"url":"https:\/\/tomajazz.com\/web\/universos-paralelos-t31-p20-2025-26\/","url_meta":{"origin":57091,"position":5},"title":"Universos Paralelos: emisi\u00f3n 5 de marzo de 2026 (UP.T.31 P.20) [Noticias de jazz]","author":"Tomajazz","date":"5 marzo, 2026","format":false,"excerpt":"Lo nuevo de Iosu Izaguirre es el disco de portada de Universos Paralelos del 5 de marzo de 2026. No es la \u00fanica m\u00fasica seleccionada por Sergio Cabanillas... #Noticiasdejazz","rel":"","context":"En \u00abUniversos Paralelos - UP\u00bb","block_context":{"text":"Universos Paralelos - UP","link":"https:\/\/tomajazz.com\/web\/category\/contenidos\/noticias-2\/universos-paralelos-up\/"},"img":{"alt_text":"Universos Paralelos: emisi\u00f3n 5 de marzo de 2026 (UP.T.31 P.20) [Noticias de jazz] - Tomajazz - Lo nuevo de Iosu Izaguirre es el disco de portada de Universos Paralelos del 5 de marzo de 2026. No es la \u00fanica m\u00fasica seleccionada por Sergio Cabanillas... #Noticiasdejazz","src":"https:\/\/i0.wp.com\/tomajazz.com\/web\/wp-content\/uploads\/2026\/03\/destacada-Iosu-Izaguirre-Ilusio-1080.jpg?resize=350%2C200&ssl=1","width":350,"height":200,"srcset":"https:\/\/i0.wp.com\/tomajazz.com\/web\/wp-content\/uploads\/2026\/03\/destacada-Iosu-Izaguirre-Ilusio-1080.jpg?resize=350%2C200&ssl=1 1x, https:\/\/i0.wp.com\/tomajazz.com\/web\/wp-content\/uploads\/2026\/03\/destacada-Iosu-Izaguirre-Ilusio-1080.jpg?resize=525%2C300&ssl=1 1.5x, https:\/\/i0.wp.com\/tomajazz.com\/web\/wp-content\/uploads\/2026\/03\/destacada-Iosu-Izaguirre-Ilusio-1080.jpg?resize=700%2C400&ssl=1 2x"},"classes":[]}],"_links":{"self":[{"href":"https:\/\/tomajazz.com\/web\/wp-json\/wp\/v2\/posts\/57091","targetHints":{"allow":["GET"]}}],"collection":[{"href":"https:\/\/tomajazz.com\/web\/wp-json\/wp\/v2\/posts"}],"about":[{"href":"https:\/\/tomajazz.com\/web\/wp-json\/wp\/v2\/types\/post"}],"author":[{"embeddable":true,"href":"https:\/\/tomajazz.com\/web\/wp-json\/wp\/v2\/users\/1"}],"replies":[{"embeddable":true,"href":"https:\/\/tomajazz.com\/web\/wp-json\/wp\/v2\/comments?post=57091"}],"version-history":[{"count":2,"href":"https:\/\/tomajazz.com\/web\/wp-json\/wp\/v2\/posts\/57091\/revisions"}],"predecessor-version":[{"id":57094,"href":"https:\/\/tomajazz.com\/web\/wp-json\/wp\/v2\/posts\/57091\/revisions\/57094"}],"wp:featuredmedia":[{"embeddable":true,"href":"https:\/\/tomajazz.com\/web\/wp-json\/wp\/v2\/media\/57092"}],"wp:attachment":[{"href":"https:\/\/tomajazz.com\/web\/wp-json\/wp\/v2\/media?parent=57091"}],"wp:term":[{"taxonomy":"category","embeddable":true,"href":"https:\/\/tomajazz.com\/web\/wp-json\/wp\/v2\/categories?post=57091"},{"taxonomy":"post_tag","embeddable":true,"href":"https:\/\/tomajazz.com\/web\/wp-json\/wp\/v2\/tags?post=57091"}],"curies":[{"name":"wp","href":"https:\/\/api.w.org\/{rel}","templated":true}]}}