{"id":5727,"date":"2013-04-04T11:26:50","date_gmt":"2013-04-04T09:26:50","guid":{"rendered":"http:\/\/www.tomajazz.com\/web\/?p=5727"},"modified":"2016-11-13T16:33:24","modified_gmt":"2016-11-13T15:33:24","slug":"free-art-ensemble-fae-antes-existio-el-grito-centre-cultural-cardedeu-cecuca-cardedeu-barcelona-2013-03-27","status":"publish","type":"post","link":"https:\/\/tomajazz.com\/web\/free-art-ensemble-fae-antes-existio-el-grito-centre-cultural-cardedeu-cecuca-cardedeu-barcelona-2013-03-27\/","title":{"rendered":"Free Art Ensemble \u2013 FAE \u201cAntes existi\u00f3 el grito\u201d (Centre Cultural Cardedeu \u2013 Cecuca-, Cardedeu, Barcelona, 2013-03-27)"},"content":{"rendered":"<ul>\n<li><span style=\"font-size: 13px; line-height: 19px;\"><strong>Lugar<\/strong>: Centre Cultural Cardedeu \u2013Cecuca-, Cardedeu (Barcelona).<\/span><\/li>\n<li><span style=\"font-size: 13px; line-height: 19px;\"><strong>Fecha:<\/strong> Mi\u00e9rcoles, 27 de marzo de 2013.<\/span><\/li>\n<li><span style=\"font-size: 13px; line-height: 19px;\"><strong>Componentes<\/strong>:<br \/>\n<span style=\"font-size: 13px; line-height: 19px;\">Juli\u00e1n S\u00e1nchez: trompeta, balaf\u00f3n y conducci\u00f3n<br \/>\n<span style=\"font-size: 13px; line-height: 19px;\">Pol Padr\u00f3s: trompeta<br \/>\n<span style=\"font-size: 13px; line-height: 19px;\">Iv\u00e1n Gonz\u00e1lez: trompeta, trompa y conducci\u00f3n<br \/>\n<span style=\"font-size: 13px; line-height: 19px;\">Oriol Fontclara: saxo alto<br \/>\n<span style=\"font-size: 13px; line-height: 19px;\">Albert Cirera: saxos soprano, alto, tenor y conducci\u00f3n<br \/>\n<span style=\"font-size: 13px; line-height: 19px;\">Valent\u00edn Murillo: saxo tenor y flautas<br \/>\n<span style=\"font-size: 13px; line-height: 19px;\">Alejandro \u201cWassylli\u201d Granados: contrabajo<br \/>\n<span style=\"font-size: 13px; line-height: 19px;\">Joan Massana: contrabajo<br \/>\n<span style=\"font-size: 13px; line-height: 19px;\">Carles D\u00e9nia: cante y palmas<br \/>\n<span style=\"font-size: 13px; line-height: 19px;\">S\u00f2nia S\u00e1nchez: baile y palmas<br \/>\n<span style=\"font-size: 13px; line-height: 19px;\">Ivo Sans: bater\u00eda<br \/>\n<span style=\"font-size: 13px; line-height: 19px;\">David Le\u00f3n: percusi\u00f3n<\/span><\/span><\/span><\/span><\/span><\/span><\/span><\/span><\/span><\/span><\/span><\/span><\/span><\/li>\n<\/ul>\n<p>&nbsp;<\/p>\n<p><strong>Comentario<\/strong>:<\/p>\n<p style=\"text-align: justify;\">En estos tiempos actuales suceden cosas, muchas cosas, cosas muy distintas de lo que seg\u00fan algunos te\u00f3ricos y muchos m\u00e1s columnistas, y de esto todav\u00eda no hace ni cinco a\u00f1os, nos hablaban o profetizaban. La refundaci\u00f3n del capitalismo hacia postulados m\u00e1s humanistas, por lo que se ve, eran portadores de un GPS excesivamente desconfigurado. El capitalismo ciertamente se est\u00e1 refundado, pero el humanismo es una de las quitas que se est\u00e1 cobrando para poder seguir manteniendo los privilegios de las castas dirigentes, y encamin\u00e1ndose, como m\u00e1s de un autor sugiere, hacia una especie de nuevo totalitarismo feudal. Vivimos tiempos en que la resistencia, donde la haya, parece insuficiente, cuando no caduca, hay, todav\u00eda, demasiado espectador expectante, y como bien dijo Gil Scott Heron, y de esto hace ya cuatro d\u00e9cadas, \u201cla revoluci\u00f3n no ser\u00e1 televisada\u201d.<\/p>\n<p><a href=\"http:\/\/www.tomajazz.com\/web\/wp-content\/uploads\/2013\/04\/01_130327_FAE+SSCD-Joan-Cort\u00e8s_Cardedeu.jpg\"><img loading=\"lazy\" decoding=\"async\" class=\"aligncenter size-full wp-image-5728\" alt=\"01_130327_FAE+SS&amp;CD (Joan Cort\u00e8s)_Cardedeu\" src=\"http:\/\/www.tomajazz.com\/web\/wp-content\/uploads\/2013\/04\/01_130327_FAE+SSCD-Joan-Cort\u00e8s_Cardedeu.jpg\" width=\"600\" height=\"399\" title=\"\" srcset=\"https:\/\/tomajazz.com\/web\/wp-content\/uploads\/2013\/04\/01_130327_FAE+SSCD-Joan-Cort\u00e8s_Cardedeu.jpg 600w, https:\/\/tomajazz.com\/web\/wp-content\/uploads\/2013\/04\/01_130327_FAE+SSCD-Joan-Cort\u00e8s_Cardedeu-300x199.jpg 300w\" sizes=\"auto, (max-width: 600px) 100vw, 600px\" \/><\/a><\/p>\n<p style=\"text-align: justify;\">Como dec\u00edamos al inicio, suceden cosas, y, por suerte, no todas en la misma direcci\u00f3n. Una de estas \u00faltimas la pudimos disfrutar en el peque\u00f1o teatro-auditorio del CeCuCa de Cardedeu (Barcelona). Un trabajo colectivo, autogestionario, con matices libertarios, una de las dos propuestas de la FAE (no confundir con otro acr\u00f3nimo similar terminado en ese, y que corresponde a la f\u00e1brica de \u201cideas\u201d aznariana, que inspira al actual gobierno espa\u00f1ol en su af\u00e1n, entre otros, de terminar de desballestar nuestro, ya de por s\u00ed debilitado, estado del bienestar, af\u00e1n, nada dispar con el del gobierno catal\u00e1n). La otra propuesta corresponde <a title=\"Free Art Ensemble con Agust\u00ed Fern\u00e1ndez (Barcelona, 10-VI-2012)\" href=\"http:\/\/www.tomajazz.com\/web\/?p=4840\" target=\"_blank\">a la colaboraci\u00f3n con el maestro y pianista Agust\u00ed Fern\u00e1ndez<\/a> (con el que han grabado<a title=\"Free Art Ensemble + Agust\u00ed Fern\u00e1ndez: Free Art Ensemble + Agust\u00ed Fern\u00e1ndez (Autoeditado, 2013)\" href=\"http:\/\/www.tomajazz.com\/web\/?p=5528\" target=\"_blank\"> el interesante disco doble, <i>Free Art Ensemble + Agust\u00ed Fern\u00e1ndez -2012-<\/i> <\/a>)<br \/>\n<a href=\"http:\/\/www.tomajazz.com\/web\/wp-content\/uploads\/2013\/04\/02_130327_FAE+SSCD-Joan-Cort\u00e8s_Cardedeu.jpg\"><img loading=\"lazy\" decoding=\"async\" class=\"aligncenter size-full wp-image-5729\" alt=\"02_130327_FAE+SS&amp;CD (Joan Cort\u00e8s)_Cardedeu\" src=\"http:\/\/www.tomajazz.com\/web\/wp-content\/uploads\/2013\/04\/02_130327_FAE+SSCD-Joan-Cort\u00e8s_Cardedeu.jpg\" width=\"600\" height=\"399\" title=\"\" srcset=\"https:\/\/tomajazz.com\/web\/wp-content\/uploads\/2013\/04\/02_130327_FAE+SSCD-Joan-Cort\u00e8s_Cardedeu.jpg 600w, https:\/\/tomajazz.com\/web\/wp-content\/uploads\/2013\/04\/02_130327_FAE+SSCD-Joan-Cort\u00e8s_Cardedeu-300x199.jpg 300w\" sizes=\"auto, (max-width: 600px) 100vw, 600px\" \/><\/a><\/p>\n<p style=\"text-align: justify;\">El Free Art Eensemble \u2013FAE-, formado por tres trompetistas, tres saxofonistas, dos contrabajistas, un bater\u00eda, un percusionista m\u00e1s el cantaor Carles D\u00e9nia y la bailaora S\u00f2nia S\u00e1nchez, nos ofrecieron una de aquellas actuaciones para enmarcar y rememorar, por su disciplina, profesionalidad, participaci\u00f3n, capacidad de reacci\u00f3n, de interactuar, por la importancia del aporte de cada uno de los miembros al resultado colectivo, por los cambios de directores, mejor dicho, de conductores ( en ocasiones en paralelo), por los juegos de texturas, colores y timbres. Por la propuesta, desarrollo y resultado final.<br \/>\n<a href=\"http:\/\/www.tomajazz.com\/web\/wp-content\/uploads\/2013\/04\/03_130327_FAE+SSCD-Joan-Cort\u00e8s_Cardedeu.jpg\"><img loading=\"lazy\" decoding=\"async\" class=\"aligncenter size-full wp-image-5730\" alt=\"03_130327_FAE+SS&amp;CD (Joan Cort\u00e8s)_Cardedeu\" src=\"http:\/\/www.tomajazz.com\/web\/wp-content\/uploads\/2013\/04\/03_130327_FAE+SSCD-Joan-Cort\u00e8s_Cardedeu.jpg\" width=\"600\" height=\"399\" title=\"\" srcset=\"https:\/\/tomajazz.com\/web\/wp-content\/uploads\/2013\/04\/03_130327_FAE+SSCD-Joan-Cort\u00e8s_Cardedeu.jpg 600w, https:\/\/tomajazz.com\/web\/wp-content\/uploads\/2013\/04\/03_130327_FAE+SSCD-Joan-Cort\u00e8s_Cardedeu-300x199.jpg 300w\" sizes=\"auto, (max-width: 600px) 100vw, 600px\" \/><\/a><\/p>\n<p style=\"text-align: justify;\">\u00bfEn qu\u00e9 consiste esta propuesta?, en el ensamblaje de un collage m\u00faltiple, abierto, variado y vivo. En palabras textuales de uno de sus componentes, el saxofonista, compositor y conductor Albert Cirera, \u201cfree, jazz, flamenco, no sabemos exactamente lo que hacemos, ni lo que buscamos,\u2026, pero hacemos\u201d. Verdaderamente hacen y encuentran, muy posiblemente, al modo del infatigable Pablo Picasso cuando remarcaba \u201cyo no busco, encuentro\u201d. Un evidente hacer, un persistente hacer, estando activa, paciente y constantemente atento, para poder encontrar; los resultados no llegan solos, o formulado a la manera del escritor napolitano, Erri De Luca, \u201cpreguntar, porque no preguntar es la rendici\u00f3n\u201d.<br \/>\n<a href=\"http:\/\/www.tomajazz.com\/web\/wp-content\/uploads\/2013\/04\/04_130327_FAE+SSCD-Joan-Cort\u00e8s_Cardedeu.jpg\"><img loading=\"lazy\" decoding=\"async\" class=\"aligncenter size-full wp-image-5731\" alt=\"04_130327_FAE+SS&amp;CD (Joan Cort\u00e8s)_Cardedeu\" src=\"http:\/\/www.tomajazz.com\/web\/wp-content\/uploads\/2013\/04\/04_130327_FAE+SSCD-Joan-Cort\u00e8s_Cardedeu.jpg\" width=\"600\" height=\"399\" title=\"\" srcset=\"https:\/\/tomajazz.com\/web\/wp-content\/uploads\/2013\/04\/04_130327_FAE+SSCD-Joan-Cort\u00e8s_Cardedeu.jpg 600w, https:\/\/tomajazz.com\/web\/wp-content\/uploads\/2013\/04\/04_130327_FAE+SSCD-Joan-Cort\u00e8s_Cardedeu-300x199.jpg 300w\" sizes=\"auto, (max-width: 600px) 100vw, 600px\" \/><\/a><\/p>\n<p style=\"text-align: justify;\">En este hacer nada contemplativo y muy activo, donde mezclan diferentes palos del flamenco \u2013martinetes, soleas, saetas, tanguillos y buler\u00edas- con distintas fuentes jazz\u00edsticas \u2013desde la cant\u00e1bile hasta los puntuales destellos fren\u00e9ticos del <i>free<\/i> m\u00e1s visceral, pasando por distintos y distantes valores r\u00edtmicos. As\u00ed pudimos pasar de la \u00e1frica negra a paisajes selv\u00e1ticos amaz\u00f3nicos, encontr\u00e1ndonos de repente en un auditorio moderno con madera color IKEA, para saltar a un peque\u00f1o teatro a\u00f1ejo, o, incluso en la plaza mayor de cualquier pueblo en fiestas, sin olvidar los tr\u00e1nsitos en hora punta de cualquier gran ciudad.<br \/>\n<a href=\"http:\/\/www.tomajazz.com\/web\/wp-content\/uploads\/2013\/04\/05_130327_FAE+SSCD-Joan-Cort\u00e8s_Cardedeu.jpg\"><img loading=\"lazy\" decoding=\"async\" class=\"aligncenter size-full wp-image-5732\" alt=\"05_130327_FAE+SS&amp;CD (Joan Cort\u00e8s)_Cardedeu\" src=\"http:\/\/www.tomajazz.com\/web\/wp-content\/uploads\/2013\/04\/05_130327_FAE+SSCD-Joan-Cort\u00e8s_Cardedeu.jpg\" width=\"600\" height=\"399\" title=\"\" srcset=\"https:\/\/tomajazz.com\/web\/wp-content\/uploads\/2013\/04\/05_130327_FAE+SSCD-Joan-Cort\u00e8s_Cardedeu.jpg 600w, https:\/\/tomajazz.com\/web\/wp-content\/uploads\/2013\/04\/05_130327_FAE+SSCD-Joan-Cort\u00e8s_Cardedeu-300x199.jpg 300w\" sizes=\"auto, (max-width: 600px) 100vw, 600px\" \/><\/a><\/p>\n<p style=\"text-align: justify;\">Se pueden apreciar, de forma creativa y fragmentaria, sin soluci\u00f3n de continuidad, como referentes musicales frescamente v\u00e1lidos, los aires de Gil Evans, Charles Mingus, Mario Bauza &amp; Machito, Roscoe Mitchell, Lester Bowie, Butch Morris, John Zorn, Enrique Morente, El Cabrero o Carmen Linares.<br \/>\n<a href=\"http:\/\/www.tomajazz.com\/web\/wp-content\/uploads\/2013\/04\/06_130327_FAE+SSCD-Joan-Cort\u00e8s_Cardedeu.jpg\"><img loading=\"lazy\" decoding=\"async\" class=\"aligncenter size-full wp-image-5733\" alt=\"06_130327_FAE+SS&amp;CD (Joan Cort\u00e8s)_Cardedeu\" src=\"http:\/\/www.tomajazz.com\/web\/wp-content\/uploads\/2013\/04\/06_130327_FAE+SSCD-Joan-Cort\u00e8s_Cardedeu.jpg\" width=\"600\" height=\"399\" title=\"\" srcset=\"https:\/\/tomajazz.com\/web\/wp-content\/uploads\/2013\/04\/06_130327_FAE+SSCD-Joan-Cort\u00e8s_Cardedeu.jpg 600w, https:\/\/tomajazz.com\/web\/wp-content\/uploads\/2013\/04\/06_130327_FAE+SSCD-Joan-Cort\u00e8s_Cardedeu-300x199.jpg 300w\" sizes=\"auto, (max-width: 600px) 100vw, 600px\" \/><\/a><\/p>\n<p style=\"text-align: justify;\">Todo bien articulado con la voz flamenca, donde las haya, de Carles D\u00e9nia, voz con quej\u00edo, con v\u00edsceras, cerebro y sentimiento, con excelente afinaci\u00f3n y no menor seguridad, con una notable capacidad para la improvisaci\u00f3n. El baile de S\u00f2nia S\u00e1nchez, con su flamenco enriquecido y perfectamente ensamblado con tendencias contempor\u00e1neas japonesas, nos hac\u00eda sugerir el suave aleteo de un halc\u00f3n, el trote elegante de un equino, los desplazamientos encorvados de un anciano, fusionados con el zapateado y desplantes chulescos y altaneros de las buler\u00edas, una mezcla de tradici\u00f3n e innovaci\u00f3n totalmente hecha suya, totalmente cre\u00edble como el resto de sus once acompa\u00f1antes.<br \/>\n<a href=\"http:\/\/www.tomajazz.com\/web\/wp-content\/uploads\/2013\/04\/07_130327_FAE+SSCD-Joan-Cort\u00e8s_Cardedeu.jpg\"><img loading=\"lazy\" decoding=\"async\" class=\"aligncenter size-full wp-image-5734\" alt=\"07_130327_FAE+SS&amp;CD (Joan Cort\u00e8s)_Cardedeu\" src=\"http:\/\/www.tomajazz.com\/web\/wp-content\/uploads\/2013\/04\/07_130327_FAE+SSCD-Joan-Cort\u00e8s_Cardedeu.jpg\" width=\"600\" height=\"300\" title=\"\" srcset=\"https:\/\/tomajazz.com\/web\/wp-content\/uploads\/2013\/04\/07_130327_FAE+SSCD-Joan-Cort\u00e8s_Cardedeu.jpg 600w, https:\/\/tomajazz.com\/web\/wp-content\/uploads\/2013\/04\/07_130327_FAE+SSCD-Joan-Cort\u00e8s_Cardedeu-300x150.jpg 300w\" sizes=\"auto, (max-width: 600px) 100vw, 600px\" \/><\/a><\/p>\n<p style=\"text-align: justify;\">\u201cAntes existi\u00f3 el grito\u201d es el t\u00edtulo de esta propuesta. Ignoro si este grito guarda relaci\u00f3n, o no, con el posible ligamen entre el cante flamenco y el grito primigenio del primer llanto de un reci\u00e9n nacido, como una vez sugiri\u00f3 el gran maestro, y desgraciadamente desaparecido, Enrique Morente. Aunque tambi\u00e9n podr\u00eda ser el grito de impotencia previo a cualquier rebeld\u00eda.<br \/>\n<a href=\"http:\/\/www.tomajazz.com\/web\/wp-content\/uploads\/2013\/04\/08_130327_FAE+SSCD-Joan-Cort\u00e8s_Cardedeu.jpg\"><img loading=\"lazy\" decoding=\"async\" class=\"aligncenter size-full wp-image-5735\" alt=\"08_130327_FAE+SS&amp;CD (Joan Cort\u00e8s)_Cardedeu\" src=\"http:\/\/www.tomajazz.com\/web\/wp-content\/uploads\/2013\/04\/08_130327_FAE+SSCD-Joan-Cort\u00e8s_Cardedeu.jpg\" width=\"600\" height=\"399\" title=\"\" srcset=\"https:\/\/tomajazz.com\/web\/wp-content\/uploads\/2013\/04\/08_130327_FAE+SSCD-Joan-Cort\u00e8s_Cardedeu.jpg 600w, https:\/\/tomajazz.com\/web\/wp-content\/uploads\/2013\/04\/08_130327_FAE+SSCD-Joan-Cort\u00e8s_Cardedeu-300x199.jpg 300w\" sizes=\"auto, (max-width: 600px) 100vw, 600px\" \/><\/a><\/p>\n<p style=\"text-align: justify;\">Recomendable al 99\u20199% -el 0\u20191% restante corresponder\u00eda a la mejora de sus presentaciones habladas-. Pr\u00f3ximamente se los podr\u00e1 ver, escuchar y disfrutar, durante el mes de mayo, en el segundo festival de jazz de La Garriga, y en festival Ciutat Flamenco (antiguo Flamenco Ciutat Vella), de Barcelona.<br \/>\n<a href=\"http:\/\/www.tomajazz.com\/web\/wp-content\/uploads\/2013\/04\/09_130327_FAE+SSCD-Joan-Cort\u00e8s_Cardedeu.jpg\"><img loading=\"lazy\" decoding=\"async\" class=\"aligncenter size-full wp-image-5736\" alt=\"09_130327_FAE+SS&amp;CD (Joan Cort\u00e8s)_Cardedeu\" src=\"http:\/\/www.tomajazz.com\/web\/wp-content\/uploads\/2013\/04\/09_130327_FAE+SSCD-Joan-Cort\u00e8s_Cardedeu.jpg\" width=\"600\" height=\"399\" title=\"\" srcset=\"https:\/\/tomajazz.com\/web\/wp-content\/uploads\/2013\/04\/09_130327_FAE+SSCD-Joan-Cort\u00e8s_Cardedeu.jpg 600w, https:\/\/tomajazz.com\/web\/wp-content\/uploads\/2013\/04\/09_130327_FAE+SSCD-Joan-Cort\u00e8s_Cardedeu-300x199.jpg 300w\" sizes=\"auto, (max-width: 600px) 100vw, 600px\" \/><\/a><\/p>\n<p style=\"text-align: justify;\">Volviendo de nuevo a Erri De Luca, \u201caprendo de buena gana de los poetas y de los trabajadores manuales, alg\u00fan verso, alg\u00fan gesto que me zumba en el cuerpo\u201d. Algunos m\u00fasicos, cantaores y bailaores\/as consiguen aunar las dos referencias, gestualidad y poes\u00eda \u2013\u201cque no es un arte de colocar flores, sino urgencia de aferrarse a un borde en plena tempestad\u201d-. En la noche del mi\u00e9rcoles ocurri\u00f3 en m\u00e1s de una ocasi\u00f3n.<br \/>\n<a href=\"http:\/\/www.tomajazz.com\/web\/wp-content\/uploads\/2013\/04\/10_130327_FAE+SSCD-Joan-Cort\u00e8s_Cardedeu.jpg\"><img loading=\"lazy\" decoding=\"async\" class=\"aligncenter size-full wp-image-5737\" alt=\"10_130327_FAE+SS&amp;CD (Joan Cort\u00e8s)_Cardedeu\" src=\"http:\/\/www.tomajazz.com\/web\/wp-content\/uploads\/2013\/04\/10_130327_FAE+SSCD-Joan-Cort\u00e8s_Cardedeu.jpg\" width=\"600\" height=\"276\" title=\"\" srcset=\"https:\/\/tomajazz.com\/web\/wp-content\/uploads\/2013\/04\/10_130327_FAE+SSCD-Joan-Cort\u00e8s_Cardedeu.jpg 600w, https:\/\/tomajazz.com\/web\/wp-content\/uploads\/2013\/04\/10_130327_FAE+SSCD-Joan-Cort\u00e8s_Cardedeu-300x138.jpg 300w\" sizes=\"auto, (max-width: 600px) 100vw, 600px\" \/><\/a><\/p>\n<p style=\"text-align: justify;\">\u201cFree, jazz, flamenco,\u2026, hacemos\u201d, m\u00fasica y baile, de capacidad y esp\u00edritu libre, donde dos actuaciones nunca podr\u00e1n ser iguales. Sin duda alguna, la mejor combinaci\u00f3n de los tres conceptos enunciados, que uno ha podido escuchar y disfrutar en directo.<br \/>\n<a href=\"http:\/\/www.tomajazz.com\/web\/wp-content\/uploads\/2013\/04\/11_130327_FAE+SSCD-Joan-Cort\u00e8s_Cardedeu.jpg\"><img loading=\"lazy\" decoding=\"async\" class=\"aligncenter size-full wp-image-5738\" alt=\"11_130327_FAE+SS&amp;CD (Joan Cort\u00e8s)_Cardedeu\" src=\"http:\/\/www.tomajazz.com\/web\/wp-content\/uploads\/2013\/04\/11_130327_FAE+SSCD-Joan-Cort\u00e8s_Cardedeu.jpg\" width=\"600\" height=\"399\" title=\"\" srcset=\"https:\/\/tomajazz.com\/web\/wp-content\/uploads\/2013\/04\/11_130327_FAE+SSCD-Joan-Cort\u00e8s_Cardedeu.jpg 600w, https:\/\/tomajazz.com\/web\/wp-content\/uploads\/2013\/04\/11_130327_FAE+SSCD-Joan-Cort\u00e8s_Cardedeu-300x199.jpg 300w\" sizes=\"auto, (max-width: 600px) 100vw, 600px\" \/><\/a><\/p>\n<p style=\"text-align: justify;\">Sum\u00e1ndome al grito final y preferido de este \u201censemble\u201d: \u00a1\u00a1\u00a1VIVA LA FAE!!!<\/p>\n<p style=\"text-align: right;\">Texto y fotograf\u00edas: \u00a9 Joan Cort\u00e8s, 2013<\/p>\n","protected":false},"excerpt":{"rendered":"<p>Lugar: Centre Cultural Cardedeu \u2013Cecuca-, Cardedeu (Barcelona). Fecha: Mi\u00e9rcoles, 27 de marzo de 2013. Componentes: Juli\u00e1n S\u00e1nchez: trompeta, balaf\u00f3n y conducci\u00f3n Pol Padr\u00f3s: trompeta Iv\u00e1n Gonz\u00e1lez: trompeta, trompa y conducci\u00f3n Oriol Fontclara: saxo alto Albert Cirera: saxos soprano, alto, tenor y conducci\u00f3n Valent\u00edn Murillo: saxo tenor y flautas Alejandro \u201cWassylli\u201d<span class=\"more-link\"><a href=\"https:\/\/tomajazz.com\/web\/free-art-ensemble-fae-antes-existio-el-grito-centre-cultural-cardedeu-cecuca-cardedeu-barcelona-2013-03-27\/\">Contin\u00faa leyendo<\/a><\/span><\/p>\n","protected":false},"author":1,"featured_media":5729,"comment_status":"open","ping_status":"closed","sticky":false,"template":"","format":"standard","meta":{"jetpack_post_was_ever_published":false,"_jetpack_newsletter_access":"","_jetpack_dont_email_post_to_subs":true,"_jetpack_newsletter_tier_id":0,"_jetpack_memberships_contains_paywalled_content":false,"_jetpack_memberships_contains_paid_content":false,"footnotes":""},"categories":[17853,4,1038],"tags":[109,6036,1125,6037,6040,6039,5431,5433,5436,1041,5439,4818,5434,5432,6038,16099,16100,6035],"class_list":["entry","author-pachi","post-5727","post","type-post","status-publish","format-standard","has-post-thumbnail","category-joan-cortes","category-conciertos","category-contenidos","tag-albert-cirera","tag-alejandro-wassylli-granados","tag-barcelona","tag-carles-denia","tag-centre-cultural-cardedeu","tag-david-leon","tag-free-art-ensemble","tag-ivan-gonzalez","tag-ivo-sans","tag-joan-cortes","tag-joan-massana","tag-julian-sanchez","tag-oriol-fontclara","tag-pol-padros","tag-sonia-sanchez","tag-toma-jazz","tag-tomajazz-toma-jazz","tag-valentin-murillo"],"jetpack_featured_media_url":"https:\/\/tomajazz.com\/web\/wp-content\/uploads\/2013\/04\/02_130327_FAE+SSCD-Joan-Cort\u00e8s_Cardedeu.jpg","jetpack_likes_enabled":true,"jetpack_sharing_enabled":true,"jetpack-related-posts":[{"id":20949,"url":"https:\/\/tomajazz.com\/web\/instantzz-david-murray-free-art-ensemble-iii-jamboree-jazz-club-festival-jamboree-barcelona-2015-10-20\/","url_meta":{"origin":5727,"position":0},"title":"INSTANTZZ: David Murray &#038; Free Art Ensemble (III Jamboree Jazz Club Festival, Jamboree, Barcelona. 2015-10-20)","author":"Tomajazz","date":"24 noviembre, 2015","format":"image","excerpt":"Fecha: Martes, 20 de octubre de 2015 Lugar: Jamboree (Barcelona) Componentes:\u00a0David Murray & Free Art Ensemble David Murray, saxo tenor y clarinete bajo Tom Chant, saxos tenor y soprano Albert Cirera, saxos tenor, soprano y conducci\u00f3n Oriol Fontclara, saxos bar\u00edtono y alto Pol Padr\u00f3s, trompeta, caracolas y percusi\u00f3n Valent\u00edn Murillo,\u2026","rel":"","context":"En \u00ab*_Joan Cort\u00e8s\u00bb","block_context":{"text":"*_Joan Cort\u00e8s","link":"https:\/\/tomajazz.com\/web\/category\/joan-cortes\/"},"img":{"alt_text":"","src":"https:\/\/i0.wp.com\/tomajazz.com\/web\/wp-content\/uploads\/2015\/11\/02_Frr-rt-nsml-Dvd-Mrry-%C2%A9Joan-Cort%C3%A8s_20oct15_Jmbr_Bcn.jpg?resize=350%2C200&ssl=1","width":350,"height":200,"srcset":"https:\/\/i0.wp.com\/tomajazz.com\/web\/wp-content\/uploads\/2015\/11\/02_Frr-rt-nsml-Dvd-Mrry-%C2%A9Joan-Cort%C3%A8s_20oct15_Jmbr_Bcn.jpg?resize=350%2C200&ssl=1 1x, https:\/\/i0.wp.com\/tomajazz.com\/web\/wp-content\/uploads\/2015\/11\/02_Frr-rt-nsml-Dvd-Mrry-%C2%A9Joan-Cort%C3%A8s_20oct15_Jmbr_Bcn.jpg?resize=525%2C300&ssl=1 1.5x"},"classes":[]},{"id":50914,"url":"https:\/\/tomajazz.com\/web\/instantzz-sonia-sanchez-monografico-galeria-fotografica-aka-fotoblog-de-jazz-impro-y-algo-mas\/","url_meta":{"origin":5727,"position":1},"title":"INSTANTZZ: S\u00f2nia S\u00e1nchez (monogr\u00e1fico) [Galer\u00eda fotogr\u00e1fica AKA Fotoblog de jazz, impro&#8230; y algo m\u00e1s]","author":"Tomajazz","date":"25 junio, 2020","format":false,"excerpt":"S\u00f2nia S\u00e1nchez es la protagonista del tercer especial de Joan Cort\u00e8s en INSTANTZZ. La galer\u00eda fotogr\u00e1fica recoge 16 instan\u00e1neas de la bailarina en muy buenas compa\u00f1\u00edas, tomadas entre 2013 y 2020.","rel":"","context":"En \u00abFotoblog - Galer\u00eda fotogr\u00e1fica\u00bb","block_context":{"text":"Fotoblog - Galer\u00eda fotogr\u00e1fica","link":"https:\/\/tomajazz.com\/web\/category\/contenidos\/imagenes\/photoblogs\/"},"img":{"alt_text":"","src":"https:\/\/i0.wp.com\/tomajazz.com\/web\/wp-content\/uploads\/2020\/06\/08_130327_FAESSCD-Joan-Cort%C3%A8s_Cardedeu.jpg?resize=350%2C200&ssl=1","width":350,"height":200,"srcset":"https:\/\/i0.wp.com\/tomajazz.com\/web\/wp-content\/uploads\/2020\/06\/08_130327_FAESSCD-Joan-Cort%C3%A8s_Cardedeu.jpg?resize=350%2C200&ssl=1 1x, https:\/\/i0.wp.com\/tomajazz.com\/web\/wp-content\/uploads\/2020\/06\/08_130327_FAESSCD-Joan-Cort%C3%A8s_Cardedeu.jpg?resize=525%2C300&ssl=1 1.5x"},"classes":[]},{"id":18927,"url":"https:\/\/tomajazz.com\/web\/free-art-ensemble-fae-17-festial-jazz-vic-2015-05-10\/","url_meta":{"origin":5727,"position":2},"title":"INSTANTZZ: Free Art Ensemble \u2013FAE (17 Festival Jazz Vic. 2015-05-10)","author":"Tomajazz","date":"30 junio, 2015","format":false,"excerpt":"17 Festival Jazz Vic Fecha: Domingo, 10 de mayo de 2015 Lugar: Escenari Voll-Damm (Vic) Componentes: Free Art Ensemble \u2013FAE Tom Chant, saxo tenor Albert Cirera, saxo tenor, soprano y conducci\u00f3n Oriol Fontclara, saxo bar\u00edtono y alto Pol Padr\u00f3s, trompeta Juli\u00e1n S\u00e1nchez, trompeta Iv\u00e1n Gonz\u00e1lez, trompeta y conducci\u00f3n Marc Cuevas,\u2026","rel":"","context":"En \u00ab*_Joan Cort\u00e8s\u00bb","block_context":{"text":"*_Joan Cort\u00e8s","link":"https:\/\/tomajazz.com\/web\/category\/joan-cortes\/"},"img":{"alt_text":"","src":"https:\/\/i0.wp.com\/tomajazz.com\/web\/wp-content\/uploads\/2015\/06\/08_FAE-%C2%A9Joan-Cort%C3%A8s_10mai15_EV-D_17FJVc.jpg?resize=350%2C200&ssl=1","width":350,"height":200,"srcset":"https:\/\/i0.wp.com\/tomajazz.com\/web\/wp-content\/uploads\/2015\/06\/08_FAE-%C2%A9Joan-Cort%C3%A8s_10mai15_EV-D_17FJVc.jpg?resize=350%2C200&ssl=1 1x, https:\/\/i0.wp.com\/tomajazz.com\/web\/wp-content\/uploads\/2015\/06\/08_FAE-%C2%A9Joan-Cort%C3%A8s_10mai15_EV-D_17FJVc.jpg?resize=525%2C300&ssl=1 1.5x"},"classes":[]},{"id":22374,"url":"https:\/\/tomajazz.com\/web\/memoria-uno-al-habla-con-ivan-gonzalez-entrevista-con-pachi-tapiz-hdo-0076-podcast\/","url_meta":{"origin":5727,"position":3},"title":"Memoria Uno. Al habla con Iv\u00e1n Gonz\u00e1lez. Entrevista con Pachi Tapiz. HDO 0076 [Podcast]","author":"Tomajazz","date":"23 febrero, 2016","format":false,"excerpt":"El trompetista y conductor Iv\u00e1n Gonz\u00e1lez presentar\u00e1 el pr\u00f3ximo viernes 26 de febrero (de 2016) su proyecto Memoria Uno en el Festival de Jazz de Granollers. Este concierto, que se grabar\u00e1 en directo, contar\u00e1 con la participaci\u00f3n de los trompetistas Pol Padr\u00f3s y Juli\u00e1n S\u00e1nchez; los saxofonistas Tom Chant, Albert\u2026","rel":"","context":"En \u00ab*_Joan Cort\u00e8s\u00bb","block_context":{"text":"*_Joan Cort\u00e8s","link":"https:\/\/tomajazz.com\/web\/category\/joan-cortes\/"},"img":{"alt_text":"","src":"https:\/\/i0.wp.com\/tomajazz.com\/web\/wp-content\/uploads\/2015\/08\/09_Mmr-n-s3-%C2%A9Joan-Cort%C3%A8s_02jun15_Sl-Fnx_Bcn.jpg?resize=350%2C200&ssl=1","width":350,"height":200},"classes":[]},{"id":35345,"url":"https:\/\/tomajazz.com\/web\/instantzz-sonia-sanchez-la-mirada-3-0teatre-auditori-de-cardedeu-cardedeu-2017-12-02-galeria-fotografica\/","url_meta":{"origin":5727,"position":4},"title":"INSTANTZZ: S\u00f2nia S\u00e1nchez \u201cLa Mirada 3.0\u201d(Teatre Auditori de Cardedeu, Cardedeu. 2017-12-02) [Galer\u00eda fotogr\u00e1fica]","author":"Tomajazz","date":"28 febrero, 2018","format":false,"excerpt":"Fecha: S\u00e1bado, 02 de diciembre de 2017 Lugar: Teatre Auditori de Cardedeu Grupo: S\u00f2nia S\u00e1nchez \u201cLa Mirada 3.0\u201d S\u00f2nia S\u00e1nchez, baile Jordina Mill\u00e0, piano, Johannes N\u00e4stesj\u00f6, contrabajo Joan Anton Pich, violoncelo Iv\u00e1n Gonz\u00e1lez, trompeta Pol Padr\u00f3s, trompeta Annika Franke, saxo alto Albert Cirera, saxo tenor Pablo Selnik, flauta N\u00faria Andorr\u00e0,\u2026","rel":"","context":"En \u00ab*_Joan Cort\u00e8s\u00bb","block_context":{"text":"*_Joan Cort\u00e8s","link":"https:\/\/tomajazz.com\/web\/category\/joan-cortes\/"},"img":{"alt_text":"","src":"https:\/\/i0.wp.com\/tomajazz.com\/web\/wp-content\/uploads\/2018\/02\/03_Sn-Snchz-%C2%A9Joan-Cort%C3%A8s_02dsm17_LMrd-3.0_Ttr-dtr_Crdd.jpg?resize=350%2C200&ssl=1","width":350,"height":200,"srcset":"https:\/\/i0.wp.com\/tomajazz.com\/web\/wp-content\/uploads\/2018\/02\/03_Sn-Snchz-%C2%A9Joan-Cort%C3%A8s_02dsm17_LMrd-3.0_Ttr-dtr_Crdd.jpg?resize=350%2C200&ssl=1 1x, https:\/\/i0.wp.com\/tomajazz.com\/web\/wp-content\/uploads\/2018\/02\/03_Sn-Snchz-%C2%A9Joan-Cort%C3%A8s_02dsm17_LMrd-3.0_Ttr-dtr_Crdd.jpg?resize=525%2C300&ssl=1 1.5x"},"classes":[]},{"id":4840,"url":"https:\/\/tomajazz.com\/web\/free-art-ensemble-con-agusti-fernandez-barcelona-10-vi-2012\/","url_meta":{"origin":5727,"position":5},"title":"Free Art Ensemble con Agust\u00ed Fern\u00e1ndez (Barcelona, 10-VI-2012)","author":"Tomajazz","date":"10 junio, 2012","format":false,"excerpt":"Fecha:\u00a010 de junio de 2012. Lugar:\u00a0Re-Generaci\u00f3 3 (Barcelona). Componentes: Juli\u00e1n S\u00e1nchez: trompeta Pol Padr\u00f3s: trompeta Iv\u00e1n Gonz\u00e1lez: trompeta Albert Cirera: saxo tenor Oriol Fontclara: saxo alto Jos\u00e1 Manuel Leal \"Tete\": flauta y saxo alto Ivo Sans: bateria Sergio D\u00edaz: bateria Alejandro Garc\u00eda \"Wassily\": contrabajo Joan Massana: contrabajo + special guest\u2026","rel":"","context":"En \u00ab*_Jack Torrance\u00bb","block_context":{"text":"*_Jack Torrance","link":"https:\/\/tomajazz.com\/web\/category\/jack-torrance\/"},"img":{"alt_text":"","src":"https:\/\/i0.wp.com\/tomajazz.com\/web\/wp-content\/uploads\/2013\/02\/free_art_ensemble_10-6-2012-0011.jpg?resize=350%2C200&ssl=1","width":350,"height":200,"srcset":"https:\/\/i0.wp.com\/tomajazz.com\/web\/wp-content\/uploads\/2013\/02\/free_art_ensemble_10-6-2012-0011.jpg?resize=350%2C200&ssl=1 1x, https:\/\/i0.wp.com\/tomajazz.com\/web\/wp-content\/uploads\/2013\/02\/free_art_ensemble_10-6-2012-0011.jpg?resize=525%2C300&ssl=1 1.5x"},"classes":[]}],"_links":{"self":[{"href":"https:\/\/tomajazz.com\/web\/wp-json\/wp\/v2\/posts\/5727","targetHints":{"allow":["GET"]}}],"collection":[{"href":"https:\/\/tomajazz.com\/web\/wp-json\/wp\/v2\/posts"}],"about":[{"href":"https:\/\/tomajazz.com\/web\/wp-json\/wp\/v2\/types\/post"}],"author":[{"embeddable":true,"href":"https:\/\/tomajazz.com\/web\/wp-json\/wp\/v2\/users\/1"}],"replies":[{"embeddable":true,"href":"https:\/\/tomajazz.com\/web\/wp-json\/wp\/v2\/comments?post=5727"}],"version-history":[{"count":4,"href":"https:\/\/tomajazz.com\/web\/wp-json\/wp\/v2\/posts\/5727\/revisions"}],"predecessor-version":[{"id":5740,"href":"https:\/\/tomajazz.com\/web\/wp-json\/wp\/v2\/posts\/5727\/revisions\/5740"}],"wp:featuredmedia":[{"embeddable":true,"href":"https:\/\/tomajazz.com\/web\/wp-json\/wp\/v2\/media\/5729"}],"wp:attachment":[{"href":"https:\/\/tomajazz.com\/web\/wp-json\/wp\/v2\/media?parent=5727"}],"wp:term":[{"taxonomy":"category","embeddable":true,"href":"https:\/\/tomajazz.com\/web\/wp-json\/wp\/v2\/categories?post=5727"},{"taxonomy":"post_tag","embeddable":true,"href":"https:\/\/tomajazz.com\/web\/wp-json\/wp\/v2\/tags?post=5727"}],"curies":[{"name":"wp","href":"https:\/\/api.w.org\/{rel}","templated":true}]}}