{"id":57446,"date":"2021-09-30T08:30:31","date_gmt":"2021-09-30T06:30:31","guid":{"rendered":"https:\/\/www.tomajazz.com\/web\/?p=57446"},"modified":"2021-09-29T11:25:15","modified_gmt":"2021-09-29T09:25:15","slug":"49e-cicle-jazz-granollers-1-de-octubre-al-17-de-diciembre-de-2021-noticias-de-jazz","status":"publish","type":"post","link":"https:\/\/tomajazz.com\/web\/49e-cicle-jazz-granollers-1-de-octubre-al-17-de-diciembre-de-2021-noticias-de-jazz\/","title":{"rendered":"49\u00e8 Cicle Jazz Granollers (1 de octubre al 17 de diciembre de 2021) [Noticias de jazz]"},"content":{"rendered":"<p style=\"text-align: center;\"><img loading=\"lazy\" decoding=\"async\" class=\"aligncenter size-large wp-image-57447\" src=\"https:\/\/tomajazz.com\/web\/wp-content\/uploads\/2021\/09\/JazzGranollers2021-600x398.png\" alt=\"\" width=\"600\" height=\"398\" title=\"\" srcset=\"https:\/\/tomajazz.com\/web\/wp-content\/uploads\/2021\/09\/JazzGranollers2021-600x398.png 600w, https:\/\/tomajazz.com\/web\/wp-content\/uploads\/2021\/09\/JazzGranollers2021-200x133.png 200w, https:\/\/tomajazz.com\/web\/wp-content\/uploads\/2021\/09\/JazzGranollers2021-768x509.png 768w, https:\/\/tomajazz.com\/web\/wp-content\/uploads\/2021\/09\/JazzGranollers2021-465x308.png 465w, https:\/\/tomajazz.com\/web\/wp-content\/uploads\/2021\/09\/JazzGranollers2021-695x461.png 695w, https:\/\/tomajazz.com\/web\/wp-content\/uploads\/2021\/09\/JazzGranollers2021.png 1200w\" sizes=\"auto, (max-width: 600px) 100vw, 600px\" \/><\/p>\n<p>Por Redacci\u00f3n.<\/p>\n<p>Entre el 1 de octubre y el 17 de diciembre de 2021 tendr\u00e1 lugar el 49\u00e8 Cicle Jazz Granollers. Ser\u00e1n conciertos todos los viernes a las 20:00 en el Casino de Granollers &#8211; Club de Ritme, siguiendo las normativas y aforos relativas al Covid-19 vigentes en cada momento.<\/p>\n<p>Programaci\u00f3n<br \/>\nOctubre<br \/>\n1. <strong>El cazador de luz<\/strong>. 31\u00e8 Festival L&#8217;Hora del Jazz. Memorial Tete Montoli\u00fa &#8211; AMJM<br \/>\n8. <strong>Mart\u00edn D\u00edaz Quintet<\/strong><br \/>\n15.<strong> Txema Riera Quartet<\/strong><br \/>\n22. <strong>Irene Reig Trio Feat. Joan Monn\u00e9<\/strong><br \/>\n29. <strong>Joan Sanmart\u00ed \/ Dani P\u00e9rez Quartet<\/strong><br \/>\nNoviembre<br \/>\n5. <strong>Juan Pablo Balc\u00e1zar Quintet<\/strong><br \/>\n12. <strong>Attias &#8211; Moreno &#8211; Prats Trio<\/strong><br \/>\n19. <strong>Halli Galli Quartet<\/strong><br \/>\n26. <strong>Ra\u00fcl Reverter &#8211; Alfons Bertrans Quartet<\/strong><br \/>\nDiciembre<br \/>\n3. <strong>Bayer &#8211; Fages &#8211; Roca<\/strong><br \/>\n10. <strong>Celeste Al\u00edas \u00abCeleste canta a Chavela\u00bb<\/strong><br \/>\n17. <strong>JazzGranollers All Stars<\/strong><\/p>\n<p>Toda la informaci\u00f3n en <a href=\"http:\/\/www.jazzgranollers.com\" target=\"_blank\" rel=\"noopener\">www.jazzgranollers.com<\/a><\/p>\n","protected":false},"excerpt":{"rendered":"<p>Durante los meses de octubre, noviembre y diciembre de 2021, tendr\u00e1 lugar todos los viernes el 49\u00e8 Cicle Jazz Granollers. <span class=\"more-link\"><a href=\"https:\/\/tomajazz.com\/web\/49e-cicle-jazz-granollers-1-de-octubre-al-17-de-diciembre-de-2021-noticias-de-jazz\/\">Contin\u00faa leyendo<\/a><\/span><\/p>\n","protected":false},"author":1,"featured_media":57447,"comment_status":"open","ping_status":"closed","sticky":false,"template":"","format":"standard","meta":{"jetpack_post_was_ever_published":false,"_jetpack_newsletter_access":"","_jetpack_dont_email_post_to_subs":false,"_jetpack_newsletter_tier_id":0,"_jetpack_memberships_contains_paywalled_content":false,"_jetpack_memberships_contains_paid_content":false,"footnotes":""},"categories":[17858,15795,1038],"tags":[25839,24289],"class_list":["entry","author-pachi","has-excerpt","post-57446","post","type-post","status-publish","format-standard","has-post-thumbnail","category-redaccion","category-noticias-2","category-contenidos","tag-49e-jazz-granollers","tag-jazz-granollers"],"jetpack_featured_media_url":"https:\/\/tomajazz.com\/web\/wp-content\/uploads\/2021\/09\/JazzGranollers2021.png","jetpack_likes_enabled":true,"jetpack_sharing_enabled":true,"jetpack-related-posts":[{"id":103512,"url":"https:\/\/tomajazz.com\/web\/36-jazz-granollers-festival-2026\/","url_meta":{"origin":57446,"position":0},"title":"36 Jazz Granollers Festival 2026 (del 23 de enero al 27 de marzo 2026. Granollers, Barcelona) [Noticias de jazz]","author":"Tomajazz","date":"18 enero, 2026","format":false,"excerpt":"El 36\u00e8 Jazz Granollers Festival 2026 se celebrar\u00e1 del 23 de enero al 27 de marzo de 2026 con quince jornadas y actuaciones de Lluc Casares, Irene Reig, Alba Careta, Marco Mezquida y m\u00e1s #Noticiasdejazz","rel":"","context":"En \u00ab36 Jazz Granollers Festival 2026\u00bb","block_context":{"text":"36 Jazz Granollers Festival 2026","link":"https:\/\/tomajazz.com\/web\/category\/contenidos\/especial-contenidos\/36-jazz-granollers-festival-2026\/"},"img":{"alt_text":"36 Jazz Granollers Festival 2026 (del 23 de enero al 27 de marzo 2026. Granollers, Barcelona) [Noticias de jazz] - Tomajazz - El 36\u00e8 Jazz Granollers Festival 2026 se celebrar\u00e1 del 23 de enero al 27 de marzo de 2026 con quince jornadas y actuaciones de Lluc Casares, Irene Reig, Alba Careta, Marco Mezquida y m\u00e1s #Noticiasdejazz","src":"https:\/\/i0.wp.com\/tomajazz.com\/web\/wp-content\/uploads\/2026\/01\/Cartell-36e-Jazz-Granollers-Festival-2026.jpg?resize=350%2C200&ssl=1","width":350,"height":200,"srcset":"https:\/\/i0.wp.com\/tomajazz.com\/web\/wp-content\/uploads\/2026\/01\/Cartell-36e-Jazz-Granollers-Festival-2026.jpg?resize=350%2C200&ssl=1 1x, https:\/\/i0.wp.com\/tomajazz.com\/web\/wp-content\/uploads\/2026\/01\/Cartell-36e-Jazz-Granollers-Festival-2026.jpg?resize=525%2C300&ssl=1 1.5x, https:\/\/i0.wp.com\/tomajazz.com\/web\/wp-content\/uploads\/2026\/01\/Cartell-36e-Jazz-Granollers-Festival-2026.jpg?resize=700%2C400&ssl=1 2x"},"classes":[]},{"id":105012,"url":"https:\/\/tomajazz.com\/web\/lage-lund-trio-granollers-2026\/","url_meta":{"origin":57446,"position":1},"title":"Lage Lund Trio (36\u00e8 Jazz Granollers Festival \/ Casino, 2026-03-13 \/ Granollers -Barcelona-) [y III] Por Joan Cort\u00e8s [INSTANTZZ AKA Galer\u00eda fotogr\u00e1fica AKA Fotoblog de jazz, impro\u2026 y algo m\u00e1s]","author":"Tomajazz","date":"23 abril, 2026","format":false,"excerpt":"Lage Lund Trio actu\u00f3 en el 36\u00e8 Jazz Granollers Festival, el 13 de marzo de 2026. Joan Cort\u00e8s lo retrata en INSTANTZZ. Lage Lund Trio son Lage Lund, Orlando Le Fleming, Greg Hutchinson","rel":"","context":"En \u00ab36 Jazz Granollers Festival 2026\u00bb","block_context":{"text":"36 Jazz Granollers Festival 2026","link":"https:\/\/tomajazz.com\/web\/category\/contenidos\/especial-contenidos\/36-jazz-granollers-festival-2026\/"},"img":{"alt_text":"Lage Lund Trio (36\u00e8 Jazz Granollers Festival \/ Casino, 2026-03-13 \/ Granollers -Barcelona-) [y III] Por Joan Cort\u00e8s [INSTANTZZ AKA Galer\u00eda fotogr\u00e1fica AKA Fotoblog de jazz, impro\u2026 y algo m\u00e1s] - Tomajazz - Lage Lund Trio actu\u00f3 en el 36\u00e8 Jazz Granollers Festival, el 13 de marzo de 2026. Joan Cort\u00e8s lo retrata en INSTANTZZ. Lage Lund Trio son Lage Lund, Orlando Le Fleming, Greg Hutchinson","src":"https:\/\/i0.wp.com\/tomajazz.com\/web\/wp-content\/uploads\/2026\/04\/destacada-02-Lg-Lnd-Photo-by-Joan-Cortes-13mrc26-36JGF-Csn-Gr-bn.jpg?resize=350%2C200&ssl=1","width":350,"height":200,"srcset":"https:\/\/i0.wp.com\/tomajazz.com\/web\/wp-content\/uploads\/2026\/04\/destacada-02-Lg-Lnd-Photo-by-Joan-Cortes-13mrc26-36JGF-Csn-Gr-bn.jpg?resize=350%2C200&ssl=1 1x, https:\/\/i0.wp.com\/tomajazz.com\/web\/wp-content\/uploads\/2026\/04\/destacada-02-Lg-Lnd-Photo-by-Joan-Cortes-13mrc26-36JGF-Csn-Gr-bn.jpg?resize=525%2C300&ssl=1 1.5x"},"classes":[]},{"id":104657,"url":"https:\/\/tomajazz.com\/web\/joan-sanmarti-5t-36-jazz-granollers-2026\/","url_meta":{"origin":57446,"position":2},"title":"Joan Sanmart\u00ed 5t (36\u00e8 Jazz Granollers Festival 2026\/ Casino, 2026-02-20 \/ Granollers -Barcelona-) [I] Por Joan Cort\u00e8s [INSTANTZZ AKA Galer\u00eda fotogr\u00e1fica AKA Fotoblog de jazz, impro\u2026 y algo m\u00e1s]","author":"Tomajazz","date":"2 abril, 2026","format":false,"excerpt":"Joan Sanmart\u00ed 5t actu\u00f3 en el 36\u00e8 Jazz Granollers Festival 2026, el 20 de febrero de 2026. Joan Cort\u00e8s lo retrata en INSTANTZZ. Joan Sanmart\u00ed 5t son Joan Sanmart\u00ed, Gabriel Amargant, Pau Dom\u00e8nech, Marc Cuevas, Joan Vidal","rel":"","context":"En \u00ab36 Jazz Granollers Festival 2026\u00bb","block_context":{"text":"36 Jazz Granollers Festival 2026","link":"https:\/\/tomajazz.com\/web\/category\/contenidos\/especial-contenidos\/36-jazz-granollers-festival-2026\/"},"img":{"alt_text":"Joan Sanmart\u00ed 5t (36\u00e8 Jazz Granollers Festival 2026\/ Casino, 2026-02-20 \/ Granollers -Barcelona-) [I] Por Joan Cort\u00e8s [INSTANTZZ AKA Galer\u00eda fotogr\u00e1fica AKA Fotoblog de jazz, impro\u2026 y algo m\u00e1s] - Tomajazz - Joan Sanmart\u00ed 5t actu\u00f3 en el 36\u00e8 Jazz Granollers Festival 2026, el 20 de febrero de 2026. Joan Cort\u00e8s lo retrata en INSTANTZZ. Joan Sanmart\u00ed 5t son Joan Sanmart\u00ed, Gabriel Amargant, Pau Dom\u00e8nech, Marc Cuevas, Joan Vidal\n","src":"https:\/\/i0.wp.com\/tomajazz.com\/web\/wp-content\/uploads\/2026\/04\/destacada-09-Jn-Snmrt-5t-Photo-By-Joan-Cortes-20fbr26-36FJG-Csn-Grn.jpg?resize=350%2C200&ssl=1","width":350,"height":200},"classes":[]},{"id":104847,"url":"https:\/\/tomajazz.com\/web\/alba-careta-group-panical-jazz-granollers-2026\/","url_meta":{"origin":57446,"position":3},"title":"Alba Careta Group \u201cPanical\u201d (36\u00e8 Jazz Granollers Festival \/ Casino, 2026-02-27 \/ Granollers -Barcelona-) [II] Por Joan Cort\u00e8s [INSTANTZZ AKA Galer\u00eda fotogr\u00e1fica AKA Fotoblog de jazz, impro\u2026 y algo m\u00e1s]","author":"Tomajazz","date":"12 abril, 2026","format":false,"excerpt":"Alba Careta Group \u201cPanical\u201d actu\u00f3 en el 36\u00e8 Jazz Granollers Festival, el 27 de febrero de 2026. Joan Cort\u00e8s lo retrata en INSTANTZZ. Alba Careta Group \u201cPanical\u201d son Alba Careta, Lucas Mart\u00ednez, Roger Santacana, Giuseppe Campisi, Jordi Pallar\u00e9s","rel":"","context":"En \u00ab36 Jazz Granollers Festival 2026\u00bb","block_context":{"text":"36 Jazz Granollers Festival 2026","link":"https:\/\/tomajazz.com\/web\/category\/contenidos\/especial-contenidos\/36-jazz-granollers-festival-2026\/"},"img":{"alt_text":"Alba Careta Group \u201cPanical\u201d (36\u00e8 Jazz Granollers Festival \/ Casino, 2026-02-27 \/ Granollers -Barcelona-) [II] Por Joan Cort\u00e8s [INSTANTZZ AKA Galer\u00eda fotogr\u00e1fica AKA Fotoblog de jazz, impro\u2026 y algo m\u00e1s] - Tomajazz - Alba Careta Group \u201cPanical\u201d actu\u00f3 en el 36\u00e8 Jazz Granollers Festival, el 27 de febrero de 2026. Joan Cort\u00e8s lo retrata en INSTANTZZ. Alba Careta Group \u201cPanical\u201d son Alba Careta, Lucas Mart\u00ednez, Roger Santacana, Giuseppe Campisi, Jordi Pallar\u00e9s\n","src":"https:\/\/i0.wp.com\/tomajazz.com\/web\/wp-content\/uploads\/2026\/04\/destacada-03-lb-Crt-Grp-Photo-by-Joan-Cortes-27fbr26-36JGF-CG-CR-Grnllrs.jpg?resize=350%2C200&ssl=1","width":350,"height":200,"srcset":"https:\/\/i0.wp.com\/tomajazz.com\/web\/wp-content\/uploads\/2026\/04\/destacada-03-lb-Crt-Grp-Photo-by-Joan-Cortes-27fbr26-36JGF-CG-CR-Grnllrs.jpg?resize=350%2C200&ssl=1 1x, https:\/\/i0.wp.com\/tomajazz.com\/web\/wp-content\/uploads\/2026\/04\/destacada-03-lb-Crt-Grp-Photo-by-Joan-Cortes-27fbr26-36JGF-CG-CR-Grnllrs.jpg?resize=525%2C300&ssl=1 1.5x"},"classes":[]},{"id":104502,"url":"https:\/\/tomajazz.com\/web\/compania-manuel-linan-muerta-de-amor-flamencuras-2026\/","url_meta":{"origin":57446,"position":4},"title":"Compa\u00f1\u00eda Manuel Li\u00f1\u00e1n \u201cMuerta de Amor\u00bb (Teatre Auditori de Granollers -sala gran-, 2026-02-13 \/ Granollers -Barcelona-) Por Joan Cort\u00e8s [Flamencuras AKA INSTANTZZ AKA Galer\u00eda fotogr\u00e1fica AKA Fotoblog de jazz, impro\u2026 y algo m\u00e1s]","author":"Tomajazz","date":"21 marzo, 2026","format":false,"excerpt":"Compa\u00f1\u00eda Manuel Li\u00f1\u00e1n \u201cMuerta de Amor\" actu\u00f3 en el Teatre Auditori de Granollers el 13 de febrero de 2026. Joan Cort\u00e8s lo retrata en las Flamencuras de INSTANTZZ","rel":"","context":"En \u00abFlamencuras\u00bb","block_context":{"text":"Flamencuras","link":"https:\/\/tomajazz.com\/web\/category\/contenidos\/imagenes\/photoblogs\/flamencuras\/"},"img":{"alt_text":"Compa\u00f1\u00eda Manuel Li\u00f1\u00e1n \u201cMuerta de Amor\" (Teatre Auditori de Granollers -sala gran-, 2026-02-13 \/ Granollers -Barcelona-) Por Joan Cort\u00e8s [Flamencuras AKA INSTANTZZ AKA Galer\u00eda fotogr\u00e1fica AKA Fotoblog de jazz, impro\u2026 y algo m\u00e1s] - Tomajazz - Compa\u00f1\u00eda Manuel Li\u00f1\u00e1n \u201cMuerta de Amor\" actu\u00f3 en el Teatre Auditori de Granollers el 13 de febrero de 2026. Joan Cort\u00e8s lo retrata en las Flamencuras de INSTANTZZ","src":"https:\/\/i0.wp.com\/tomajazz.com\/web\/wp-content\/uploads\/2026\/03\/destacada-03-Mnl-Lnn-Photo-by-Joan-Cortes-13fbr26-Ttr-dtr-Grnllrs.jpg?resize=350%2C200&ssl=1","width":350,"height":200,"srcset":"https:\/\/i0.wp.com\/tomajazz.com\/web\/wp-content\/uploads\/2026\/03\/destacada-03-Mnl-Lnn-Photo-by-Joan-Cortes-13fbr26-Ttr-dtr-Grnllrs.jpg?resize=350%2C200&ssl=1 1x, https:\/\/i0.wp.com\/tomajazz.com\/web\/wp-content\/uploads\/2026\/03\/destacada-03-Mnl-Lnn-Photo-by-Joan-Cortes-13fbr26-Ttr-dtr-Grnllrs.jpg?resize=525%2C300&ssl=1 1.5x"},"classes":[]},{"id":78996,"url":"https:\/\/tomajazz.com\/web\/51e-cicle-jazz-granollers-2023\/","url_meta":{"origin":57446,"position":5},"title":"51\u00e8 Cicle Jazz Granollers 2023 (Granollers, Barcelona. 29 de septiembre al 15 de diciembre de 2023) [Noticias de jazz]","author":"Tomajazz","date":"29 septiembre, 2023","format":false,"excerpt":"Entre el 29 de septiembre y el 15 de diciembre de 2023, tendr\u00e1 lugar en Granollers (Barcelona), el 51\u00e8 Cicle Jazz Granollers 2023 #Ciclodejazz #FestivalDeJazz #Festivalesdejazz #Noticiasdejazz","rel":"","context":"En \u00abFestivales Jazz Oto\u00f1o - Invierno 2023 - 2024\u00bb","block_context":{"text":"Festivales Jazz Oto\u00f1o - Invierno 2023 - 2024","link":"https:\/\/tomajazz.com\/web\/category\/contenidos\/noticias-2\/festivales-jazz-otono-invierno-2023-2024\/"},"img":{"alt_text":"51\u00e8 Cicle Jazz Granollers 2023 (Granollers, Barcelona. 29 de septiembre al 15 de diciembre de 2023) [Noticias de jazz] - Tomajazz 9.0 - Entre el 29 de septiembre y el 15 de diciembre de 2023, tendr\u00e1 lugar en Granollers (Barcelona), el 51\u00e8 Cicle Jazz Granollers 2023 #Ciclodejazz #FestivalDeJazz #Festivalesdejazz #Noticiasdejazz","src":"https:\/\/i0.wp.com\/tomajazz.com\/web\/wp-content\/uploads\/2023\/09\/51-Cicle-Jazz-Granollers-2023-Tomajazz-Noticias.jpg?resize=350%2C200&ssl=1","width":350,"height":200,"srcset":"https:\/\/i0.wp.com\/tomajazz.com\/web\/wp-content\/uploads\/2023\/09\/51-Cicle-Jazz-Granollers-2023-Tomajazz-Noticias.jpg?resize=350%2C200&ssl=1 1x, https:\/\/i0.wp.com\/tomajazz.com\/web\/wp-content\/uploads\/2023\/09\/51-Cicle-Jazz-Granollers-2023-Tomajazz-Noticias.jpg?resize=525%2C300&ssl=1 1.5x"},"classes":[]}],"_links":{"self":[{"href":"https:\/\/tomajazz.com\/web\/wp-json\/wp\/v2\/posts\/57446","targetHints":{"allow":["GET"]}}],"collection":[{"href":"https:\/\/tomajazz.com\/web\/wp-json\/wp\/v2\/posts"}],"about":[{"href":"https:\/\/tomajazz.com\/web\/wp-json\/wp\/v2\/types\/post"}],"author":[{"embeddable":true,"href":"https:\/\/tomajazz.com\/web\/wp-json\/wp\/v2\/users\/1"}],"replies":[{"embeddable":true,"href":"https:\/\/tomajazz.com\/web\/wp-json\/wp\/v2\/comments?post=57446"}],"version-history":[{"count":2,"href":"https:\/\/tomajazz.com\/web\/wp-json\/wp\/v2\/posts\/57446\/revisions"}],"predecessor-version":[{"id":57449,"href":"https:\/\/tomajazz.com\/web\/wp-json\/wp\/v2\/posts\/57446\/revisions\/57449"}],"wp:featuredmedia":[{"embeddable":true,"href":"https:\/\/tomajazz.com\/web\/wp-json\/wp\/v2\/media\/57447"}],"wp:attachment":[{"href":"https:\/\/tomajazz.com\/web\/wp-json\/wp\/v2\/media?parent=57446"}],"wp:term":[{"taxonomy":"category","embeddable":true,"href":"https:\/\/tomajazz.com\/web\/wp-json\/wp\/v2\/categories?post=57446"},{"taxonomy":"post_tag","embeddable":true,"href":"https:\/\/tomajazz.com\/web\/wp-json\/wp\/v2\/tags?post=57446"}],"curies":[{"name":"wp","href":"https:\/\/api.w.org\/{rel}","templated":true}]}}