{"id":57479,"date":"2021-10-01T12:00:43","date_gmt":"2021-10-01T10:00:43","guid":{"rendered":"https:\/\/www.tomajazz.com\/web\/?p=57479"},"modified":"2021-09-30T22:37:42","modified_gmt":"2021-09-30T20:37:42","slug":"instantzz-daniel-garcia-trio-altxerri-donosti-2021-07-21-galeria-fotografica-aka-fotoblog-de-jazz-impro-y-algo-mas-por-jose-luis-luna-rocafort","status":"publish","type":"post","link":"https:\/\/tomajazz.com\/web\/instantzz-daniel-garcia-trio-altxerri-donosti-2021-07-21-galeria-fotografica-aka-fotoblog-de-jazz-impro-y-algo-mas-por-jose-luis-luna-rocafort\/","title":{"rendered":"INSTANTZZ: Daniel Garc\u00eda Tr\u00edo (Altxerri, Donosti. 2021-07-21) [Galer\u00eda fotogr\u00e1fica AKA Fotoblog de jazz, impro\u2026 y algo m\u00e1s] Por Jos\u00e9 Luis Luna Rocafort"},"content":{"rendered":"<ul>\n<li>Fecha: Mi\u00e9rcoles, 21 de julio de 2021. 22:30h.<\/li>\n<li>Lugar: Altxerri Bar &amp; Jazz. Donosti<\/li>\n<li>Grupo:<br \/>\n<b>Daniel Garc\u00eda Tr\u00edo<br \/>\n<\/b>Daniel Garc\u00eda: piano, voz<br \/>\nReinier Elizarde \u00abEl Negr\u00f3n\u00bb: contrabajo<br \/>\nMichael Olivera: bater\u00eda<\/li>\n<\/ul>\n<p style=\"text-align: center;\"><img loading=\"lazy\" decoding=\"async\" class=\"aligncenter size-full wp-image-57480\" src=\"https:\/\/tomajazz.com\/web\/wp-content\/uploads\/2021\/09\/001-6.jpg\" alt=\"\" width=\"600\" height=\"400\" title=\"\" srcset=\"https:\/\/tomajazz.com\/web\/wp-content\/uploads\/2021\/09\/001-6.jpg 600w, https:\/\/tomajazz.com\/web\/wp-content\/uploads\/2021\/09\/001-6-200x133.jpg 200w, https:\/\/tomajazz.com\/web\/wp-content\/uploads\/2021\/09\/001-6-465x310.jpg 465w\" sizes=\"auto, (max-width: 600px) 100vw, 600px\" \/> <img loading=\"lazy\" decoding=\"async\" class=\"aligncenter size-large wp-image-57481\" src=\"https:\/\/tomajazz.com\/web\/wp-content\/uploads\/2021\/09\/002-6.jpg\" alt=\"\" width=\"400\" height=\"600\" title=\"\" srcset=\"https:\/\/tomajazz.com\/web\/wp-content\/uploads\/2021\/09\/002-6.jpg 400w, https:\/\/tomajazz.com\/web\/wp-content\/uploads\/2021\/09\/002-6-133x200.jpg 133w, https:\/\/tomajazz.com\/web\/wp-content\/uploads\/2021\/09\/002-6-367x550.jpg 367w, https:\/\/tomajazz.com\/web\/wp-content\/uploads\/2021\/09\/002-6-333x500.jpg 333w\" sizes=\"auto, (max-width: 400px) 100vw, 400px\" \/> <img loading=\"lazy\" decoding=\"async\" class=\"aligncenter size-large wp-image-57482\" src=\"https:\/\/tomajazz.com\/web\/wp-content\/uploads\/2021\/09\/003-6.jpg\" alt=\"\" width=\"600\" height=\"400\" title=\"\" srcset=\"https:\/\/tomajazz.com\/web\/wp-content\/uploads\/2021\/09\/003-6.jpg 600w, https:\/\/tomajazz.com\/web\/wp-content\/uploads\/2021\/09\/003-6-200x133.jpg 200w, https:\/\/tomajazz.com\/web\/wp-content\/uploads\/2021\/09\/003-6-465x310.jpg 465w\" sizes=\"auto, (max-width: 600px) 100vw, 600px\" \/> <img loading=\"lazy\" decoding=\"async\" class=\"aligncenter size-large wp-image-57483\" src=\"https:\/\/tomajazz.com\/web\/wp-content\/uploads\/2021\/09\/004-6.jpg\" alt=\"\" width=\"600\" height=\"400\" title=\"\" srcset=\"https:\/\/tomajazz.com\/web\/wp-content\/uploads\/2021\/09\/004-6.jpg 600w, https:\/\/tomajazz.com\/web\/wp-content\/uploads\/2021\/09\/004-6-200x133.jpg 200w, https:\/\/tomajazz.com\/web\/wp-content\/uploads\/2021\/09\/004-6-465x310.jpg 465w\" sizes=\"auto, (max-width: 600px) 100vw, 600px\" \/> <img loading=\"lazy\" decoding=\"async\" class=\"aligncenter size-large wp-image-57484\" src=\"https:\/\/tomajazz.com\/web\/wp-content\/uploads\/2021\/09\/005-6.jpg\" alt=\"\" width=\"600\" height=\"400\" title=\"\" srcset=\"https:\/\/tomajazz.com\/web\/wp-content\/uploads\/2021\/09\/005-6.jpg 600w, https:\/\/tomajazz.com\/web\/wp-content\/uploads\/2021\/09\/005-6-200x133.jpg 200w, https:\/\/tomajazz.com\/web\/wp-content\/uploads\/2021\/09\/005-6-465x310.jpg 465w\" sizes=\"auto, (max-width: 600px) 100vw, 600px\" \/> <img loading=\"lazy\" decoding=\"async\" class=\"aligncenter size-large wp-image-57485\" src=\"https:\/\/tomajazz.com\/web\/wp-content\/uploads\/2021\/09\/006-6.jpg\" alt=\"\" width=\"600\" height=\"400\" title=\"\" srcset=\"https:\/\/tomajazz.com\/web\/wp-content\/uploads\/2021\/09\/006-6.jpg 600w, https:\/\/tomajazz.com\/web\/wp-content\/uploads\/2021\/09\/006-6-200x133.jpg 200w, https:\/\/tomajazz.com\/web\/wp-content\/uploads\/2021\/09\/006-6-465x310.jpg 465w\" sizes=\"auto, (max-width: 600px) 100vw, 600px\" \/> <img loading=\"lazy\" decoding=\"async\" class=\"aligncenter size-large wp-image-57486\" src=\"https:\/\/tomajazz.com\/web\/wp-content\/uploads\/2021\/09\/007-6.jpg\" alt=\"\" width=\"600\" height=\"400\" title=\"\" srcset=\"https:\/\/tomajazz.com\/web\/wp-content\/uploads\/2021\/09\/007-6.jpg 600w, https:\/\/tomajazz.com\/web\/wp-content\/uploads\/2021\/09\/007-6-200x133.jpg 200w, https:\/\/tomajazz.com\/web\/wp-content\/uploads\/2021\/09\/007-6-465x310.jpg 465w\" sizes=\"auto, (max-width: 600px) 100vw, 600px\" \/> <img loading=\"lazy\" decoding=\"async\" class=\"aligncenter size-large wp-image-57487\" src=\"https:\/\/tomajazz.com\/web\/wp-content\/uploads\/2021\/09\/008-6.jpg\" alt=\"\" width=\"600\" height=\"400\" title=\"\" srcset=\"https:\/\/tomajazz.com\/web\/wp-content\/uploads\/2021\/09\/008-6.jpg 600w, https:\/\/tomajazz.com\/web\/wp-content\/uploads\/2021\/09\/008-6-200x133.jpg 200w, https:\/\/tomajazz.com\/web\/wp-content\/uploads\/2021\/09\/008-6-465x310.jpg 465w\" sizes=\"auto, (max-width: 600px) 100vw, 600px\" \/> <img loading=\"lazy\" decoding=\"async\" class=\"aligncenter size-large wp-image-57488\" src=\"https:\/\/tomajazz.com\/web\/wp-content\/uploads\/2021\/09\/009-6.jpg\" alt=\"\" width=\"403\" height=\"600\" title=\"\" srcset=\"https:\/\/tomajazz.com\/web\/wp-content\/uploads\/2021\/09\/009-6.jpg 403w, https:\/\/tomajazz.com\/web\/wp-content\/uploads\/2021\/09\/009-6-134x200.jpg 134w, https:\/\/tomajazz.com\/web\/wp-content\/uploads\/2021\/09\/009-6-369x550.jpg 369w, https:\/\/tomajazz.com\/web\/wp-content\/uploads\/2021\/09\/009-6-336x500.jpg 336w\" sizes=\"auto, (max-width: 403px) 100vw, 403px\" \/> <img loading=\"lazy\" decoding=\"async\" class=\"aligncenter size-large wp-image-57489\" src=\"https:\/\/tomajazz.com\/web\/wp-content\/uploads\/2021\/09\/010-6.jpg\" alt=\"\" width=\"600\" height=\"400\" title=\"\" srcset=\"https:\/\/tomajazz.com\/web\/wp-content\/uploads\/2021\/09\/010-6.jpg 600w, https:\/\/tomajazz.com\/web\/wp-content\/uploads\/2021\/09\/010-6-200x133.jpg 200w, https:\/\/tomajazz.com\/web\/wp-content\/uploads\/2021\/09\/010-6-465x310.jpg 465w\" sizes=\"auto, (max-width: 600px) 100vw, 600px\" \/> <img loading=\"lazy\" decoding=\"async\" class=\"aligncenter size-large wp-image-57490\" src=\"https:\/\/tomajazz.com\/web\/wp-content\/uploads\/2021\/09\/011-6.jpg\" alt=\"\" width=\"600\" height=\"400\" title=\"\" srcset=\"https:\/\/tomajazz.com\/web\/wp-content\/uploads\/2021\/09\/011-6.jpg 600w, https:\/\/tomajazz.com\/web\/wp-content\/uploads\/2021\/09\/011-6-200x133.jpg 200w, https:\/\/tomajazz.com\/web\/wp-content\/uploads\/2021\/09\/011-6-465x310.jpg 465w\" sizes=\"auto, (max-width: 600px) 100vw, 600px\" \/> <img loading=\"lazy\" decoding=\"async\" class=\"aligncenter size-large wp-image-57491\" src=\"https:\/\/tomajazz.com\/web\/wp-content\/uploads\/2021\/09\/012-6.jpg\" alt=\"\" width=\"600\" height=\"400\" title=\"\" srcset=\"https:\/\/tomajazz.com\/web\/wp-content\/uploads\/2021\/09\/012-6.jpg 600w, https:\/\/tomajazz.com\/web\/wp-content\/uploads\/2021\/09\/012-6-200x133.jpg 200w, https:\/\/tomajazz.com\/web\/wp-content\/uploads\/2021\/09\/012-6-465x310.jpg 465w\" sizes=\"auto, (max-width: 600px) 100vw, 600px\" \/> <img loading=\"lazy\" decoding=\"async\" class=\"aligncenter size-large wp-image-57492\" src=\"https:\/\/tomajazz.com\/web\/wp-content\/uploads\/2021\/09\/013-6.jpg\" alt=\"\" width=\"600\" height=\"400\" title=\"\" srcset=\"https:\/\/tomajazz.com\/web\/wp-content\/uploads\/2021\/09\/013-6.jpg 600w, https:\/\/tomajazz.com\/web\/wp-content\/uploads\/2021\/09\/013-6-200x133.jpg 200w, https:\/\/tomajazz.com\/web\/wp-content\/uploads\/2021\/09\/013-6-465x310.jpg 465w\" sizes=\"auto, (max-width: 600px) 100vw, 600px\" \/> <img loading=\"lazy\" decoding=\"async\" class=\"aligncenter size-large wp-image-57493\" src=\"https:\/\/tomajazz.com\/web\/wp-content\/uploads\/2021\/09\/014-6.jpg\" alt=\"\" width=\"600\" height=\"400\" title=\"\" srcset=\"https:\/\/tomajazz.com\/web\/wp-content\/uploads\/2021\/09\/014-6.jpg 600w, https:\/\/tomajazz.com\/web\/wp-content\/uploads\/2021\/09\/014-6-200x133.jpg 200w, https:\/\/tomajazz.com\/web\/wp-content\/uploads\/2021\/09\/014-6-465x310.jpg 465w\" sizes=\"auto, (max-width: 600px) 100vw, 600px\" \/><\/p>\n<p style=\"text-align: right;\">Tomajazz:\u00a0\u00a9\u00a0<strong>Jos\u00e9 Luis Luna Rocafort<\/strong>, 2021<\/p>\n","protected":false},"excerpt":{"rendered":"<p>En INSTANTZZ im\u00e1genes de la actuaci\u00f3n del Daniel Garc\u00eda Tr\u00edo en Altxerri (Donostia), captadas por Jos\u00e9 Luis Luna Rocafort. <span class=\"more-link\"><a href=\"https:\/\/tomajazz.com\/web\/instantzz-daniel-garcia-trio-altxerri-donosti-2021-07-21-galeria-fotografica-aka-fotoblog-de-jazz-impro-y-algo-mas-por-jose-luis-luna-rocafort\/\">Contin\u00faa leyendo<\/a><\/span><\/p>\n","protected":false},"author":1,"featured_media":57487,"comment_status":"open","ping_status":"closed","sticky":false,"template":"","format":"standard","meta":{"_jetpack_newsletter_access":"","_jetpack_dont_email_post_to_subs":false,"_jetpack_newsletter_tier_id":0,"_jetpack_memberships_contains_paywalled_content":false,"_jetpack_feature_clip_id":0,"_jetpack_memberships_contains_paid_content":false,"footnotes":"","jetpack_post_was_ever_published":false},"categories":[11261,17846,11262,15516,1038],"tags":[],"class_list":["entry","author-pachi","has-excerpt","post-57479","post","type-post","status-publish","format-standard","has-post-thumbnail","category-instantzz","category-jose-luis-luna-rocafort","category-photoblogs","category-imagenes","category-contenidos"],"jetpack_likes_enabled":true,"jetpack_sharing_enabled":true,"jetpack-related-posts":[{"id":106757,"url":"https:\/\/tomajazz.com\/web\/lp-jazzaldia-2026\/","url_meta":{"origin":57479,"position":0},"title":"LP (61 Jazzaldia 2026. Donosti. 2026-07-22) Por Jos\u00e9 Luis Luna Rocafort [INSTANTZZ AKA Galer\u00eda fotogr\u00e1fica AKA Fotoblog de jazz, impro\u2026 y algo m\u00e1s]","author":"Tomajazz","date":"26 agosto, 2026","format":false,"excerpt":"LP actu\u00f3 en el 61 Jazzaldia 2026. Jos\u00e9 Luis Luna Rocafort lo retrata en INSTANTZZ. LP son Laura Pergolizzi, Andrew Martin, J. Ryan Kern, Jermaine Butler, Benjamin Hilzinger","rel":"","context":"En \u00ab61 Festival de Jazz de San Sebasti\u00e1n 2026 \u2013 Jazzaldia 2026\u00bb","block_context":{"text":"61 Festival de Jazz de San Sebasti\u00e1n 2026 \u2013 Jazzaldia 2026","link":"https:\/\/tomajazz.com\/web\/category\/contenidos\/especial-contenidos\/61-festival-de-jazz-de-san-sebastian-2026-jazzaldia-2026\/"},"img":{"alt_text":"LP (61 Jazzaldia 2026. Donosti. 2026-07-22) Por Jos\u00e9 Luis Luna Rocafort [INSTANTZZ AKA Galer\u00eda fotogr\u00e1fica AKA Fotoblog de jazz, impro\u2026 y algo m\u00e1s] - Tomajazz - LP actu\u00f3 en el 61 Jazzaldia 2026. Jos\u00e9 Luis Luna Rocafort lo retrata en INSTANTZZ. LP son Laura Pergolizzi, Andrew Martin, J. Ryan Kern, Jermaine Butler, Benjamin Hilzinger","src":"https:\/\/i0.wp.com\/tomajazz.com\/web\/wp-content\/uploads\/2026\/08\/014-11.jpg?resize=350%2C200&ssl=1","width":350,"height":200,"srcset":"https:\/\/i0.wp.com\/tomajazz.com\/web\/wp-content\/uploads\/2026\/08\/014-11.jpg?resize=350%2C200&ssl=1 1x, https:\/\/i0.wp.com\/tomajazz.com\/web\/wp-content\/uploads\/2026\/08\/014-11.jpg?resize=525%2C300&ssl=1 1.5x"},"classes":[]},{"id":106645,"url":"https:\/\/tomajazz.com\/web\/carmen-lundy-jazzaldia-2026\/","url_meta":{"origin":57479,"position":1},"title":"Carmen Lundy (61 Jazzaldia 2026. Teatro\u00a0Victoria Eugenia. Donosti. 2026-07-22) Por Jos\u00e9 Luis Luna Rocafort [INSTANTZZ AKA Galer\u00eda fotogr\u00e1fica AKA Fotoblog de jazz, impro\u2026 y algo m\u00e1s]","author":"Tomajazz","date":"21 agosto, 2026","format":false,"excerpt":"Carmen Lundy actu\u00f3 en el 61 Jazzaldia 2026. Jos\u00e9 Luis Luna Rocafort lo retrata en INSTANTZZ. Actuaron Carmen Lundy, Andrew Renfroe, Julius Rodr\u00edguez, Darryll Hall, Terreon Gulley","rel":"","context":"En \u00ab61 Festival de Jazz de San Sebasti\u00e1n 2026 \u2013 Jazzaldia 2026\u00bb","block_context":{"text":"61 Festival de Jazz de San Sebasti\u00e1n 2026 \u2013 Jazzaldia 2026","link":"https:\/\/tomajazz.com\/web\/category\/contenidos\/especial-contenidos\/61-festival-de-jazz-de-san-sebastian-2026-jazzaldia-2026\/"},"img":{"alt_text":"Carmen Lundy (61 Jazzaldia 2026. Teatro\u00a0Victoria Eugenia. Donosti. 2026-07-22) Por Jos\u00e9 Luis Luna Rocafort [INSTANTZZ AKA Galer\u00eda fotogr\u00e1fica AKA Fotoblog de jazz, impro\u2026 y algo m\u00e1s] - Tomajazz - Carmen Lundy actu\u00f3 en el 61 Jazzaldia 2026. Jos\u00e9 Luis Luna Rocafort lo retrata en INSTANTZZ. Actuaron Carmen Lundy, Andrew Renfroe, Julius Rodr\u00edguez, Darryll Hall, Terreon Gulley","src":"https:\/\/i0.wp.com\/tomajazz.com\/web\/wp-content\/uploads\/2026\/08\/016-8.jpg?resize=350%2C200&ssl=1","width":350,"height":200,"srcset":"https:\/\/i0.wp.com\/tomajazz.com\/web\/wp-content\/uploads\/2026\/08\/016-8.jpg?resize=350%2C200&ssl=1 1x, https:\/\/i0.wp.com\/tomajazz.com\/web\/wp-content\/uploads\/2026\/08\/016-8.jpg?resize=525%2C300&ssl=1 1.5x"},"classes":[]},{"id":106822,"url":"https:\/\/tomajazz.com\/web\/javi-ruibal-cuarteto-xxii-jazzene-2026\/","url_meta":{"origin":57479,"position":2},"title":"Javi Ruibal Cuarteto (XII JazzE\u00f1e 2026. Teatro Victoria Eugenia, Donostia &#8211; San Sebasti\u00e1n. 2026-07-22) Por Jos\u00e9 Luis Luna Rocafort [INSTANTZZ AKA Galer\u00eda fotogr\u00e1fica AKA Fotoblog de jazz, impro\u2026 y algo m\u00e1s]","author":"Tomajazz","date":"28 agosto, 2026","format":false,"excerpt":"Javi Ruibal Cuarteto actu\u00f3 en el XXII JazzE\u00f1e 2026. Jos\u00e9 Luis Luna Rocafort lo retrata en INSTANTZZ. Javi Ruibal Cuarteto son Javi Ruibal, Diego Villegas, Oscar \u00c1lvarez, Alejandro Marcos","rel":"","context":"En \u00abXII JazzE\u00f1e 2026\u00bb","block_context":{"text":"XII JazzE\u00f1e 2026","link":"https:\/\/tomajazz.com\/web\/category\/contenidos\/especial-contenidos\/xii-jazzene-2026\/"},"img":{"alt_text":"Javi Ruibal Cuarteto (XXII JazzE\u00f1e 2026. Teatro Victoria Eugenia, Donostia - San Sebasti\u00e1n. 2026-07-22) Por Jos\u00e9 Luis Luna Rocafort [INSTANTZZ AKA Galer\u00eda fotogr\u00e1fica AKA Fotoblog de jazz, impro\u2026 y algo m\u00e1s] - Tomajazz - Javi Ruibal Cuarteto actu\u00f3 en el XXII JazzE\u00f1e 2026. Jos\u00e9 Luis Luna Rocafort lo retrata en INSTANTZZ. Javi Ruibal Cuarteto son Javi Ruibal, Diego Villegas, Oscar \u00c1lvarez, Alejandro Marcos","src":"https:\/\/i0.wp.com\/tomajazz.com\/web\/wp-content\/uploads\/2026\/08\/016-13.jpg?resize=350%2C200&ssl=1","width":350,"height":200,"srcset":"https:\/\/i0.wp.com\/tomajazz.com\/web\/wp-content\/uploads\/2026\/08\/016-13.jpg?resize=350%2C200&ssl=1 1x, https:\/\/i0.wp.com\/tomajazz.com\/web\/wp-content\/uploads\/2026\/08\/016-13.jpg?resize=525%2C300&ssl=1 1.5x"},"classes":[]},{"id":100882,"url":"https:\/\/tomajazz.com\/web\/giulia-valle-trio-jazz-palma-festival-2025\/","url_meta":{"origin":57479,"position":3},"title":"Giulia Valle Tr\u00edo (Jazz Palma Festival 2025. Castell de Bellver. Palma. 2025-08-21) Por Jos\u00e9 Luis Luna Rocafort [INSTANTZZ AKA Galer\u00eda fotogr\u00e1fica AKA Fotoblog de jazz, impro\u2026 y algo m\u00e1s]","author":"Tomajazz","date":"23 octubre, 2025","format":false,"excerpt":"Giulia Valle Tr\u00edo (actu\u00f3 en el Jazz Palma Festival 2025 en el Castell de Bellver el 21 de agosto de 2025. Jos\u00e9 Luis Luna Rocafort la retrata en INSTANTZZ. Actuaron Giulia Valle, Tom\u00e1s Amat, Adri\u00e0 Caramunt","rel":"","context":"En \u00abINSTANTZZ\u00bb","block_context":{"text":"INSTANTZZ","link":"https:\/\/tomajazz.com\/web\/category\/contenidos\/imagenes\/photoblogs\/instantzz\/"},"img":{"alt_text":"Giulia Valle Tr\u00edo (Jazz Palma Festival 2025. Castell de Bellver. Palma. 2025-08-21) Por Jos\u00e9 Luis Luna Rocafort [INSTANTZZ AKA Galer\u00eda fotogr\u00e1fica AKA Fotoblog de jazz, impro\u2026 y algo m\u00e1s] - Tomajazz - Giulia Valle Tr\u00edo (actu\u00f3 en el Jazz Palma Festival 2025 en el Castell de Bellver el 21 de agosto de 2025. Jos\u00e9 Luis Luna Rocafort la retrata en INSTANTZZ. Actuaron","src":"https:\/\/i0.wp.com\/tomajazz.com\/web\/wp-content\/uploads\/2025\/10\/016-13.jpg?resize=350%2C200&ssl=1","width":350,"height":200,"srcset":"https:\/\/i0.wp.com\/tomajazz.com\/web\/wp-content\/uploads\/2025\/10\/016-13.jpg?resize=350%2C200&ssl=1 1x, https:\/\/i0.wp.com\/tomajazz.com\/web\/wp-content\/uploads\/2025\/10\/016-13.jpg?resize=525%2C300&ssl=1 1.5x"},"classes":[]},{"id":100482,"url":"https:\/\/tomajazz.com\/web\/goroldioak-vitoria-2025\/","url_meta":{"origin":57479,"position":4},"title":"Goroldioak (48 Festival de Jazz de Vitoria. 2025-07-13) Por Jos\u00e9 Luis Luna Rocafort [INSTANTZZ AKA Galer\u00eda fotogr\u00e1fica AKA Fotoblog de jazz, impro\u2026 y algo m\u00e1s]","author":"Tomajazz","date":"14 octubre, 2025","format":false,"excerpt":"Goroldioak actu\u00f3 en el 48 Festival de Jazz de Vitoria 2025. Jos\u00e9 Luis Luna Rocafort retrata al grupo en INSTANTZZ","rel":"","context":"En \u00ab48 Festival de Jazz de Vitoria 2025\u00bb","block_context":{"text":"48 Festival de Jazz de Vitoria 2025","link":"https:\/\/tomajazz.com\/web\/category\/contenidos\/especial-contenidos\/48-festival-de-jazz-de-vitoria-2025\/"},"img":{"alt_text":"Goroldioak (48 Festival de Jazz de Vitoria. 2025-07-13) Por Jos\u00e9 Luis Luna Rocafort [INSTANTZZ AKA Galer\u00eda fotogr\u00e1fica AKA Fotoblog de jazz, impro\u2026 y algo m\u00e1s] - Tomajazz","src":"https:\/\/i0.wp.com\/tomajazz.com\/web\/wp-content\/uploads\/2025\/10\/018-1.jpg?resize=350%2C200&ssl=1","width":350,"height":200,"srcset":"https:\/\/i0.wp.com\/tomajazz.com\/web\/wp-content\/uploads\/2025\/10\/018-1.jpg?resize=350%2C200&ssl=1 1x, https:\/\/i0.wp.com\/tomajazz.com\/web\/wp-content\/uploads\/2025\/10\/018-1.jpg?resize=525%2C300&ssl=1 1.5x"},"classes":[]},{"id":101434,"url":"https:\/\/tomajazz.com\/web\/escalandrum-eivissa-jazz-2025\/","url_meta":{"origin":57479,"position":5},"title":"Escalandrum (37 Eivissa Jazz 2025. Baluard de Santa Ll\u00facia. Eivissa. 2025-09-06) Por Jos\u00e9 Luis Luna Rocafort [INSTANTZZ AKA Galer\u00eda fotogr\u00e1fica AKA Fotoblog de jazz, impro\u2026 y algo m\u00e1s]","author":"Tomajazz","date":"6 noviembre, 2025","format":false,"excerpt":"Escalandrum actu\u00f3 en el 37 Eivissa Jazz el 6 de septiembre de 2025. Jos\u00e9 Luis Luna Rocafort lo retrata en INSTANTZZ. Escalandrum son Daniel Piazolla, Nicol\u00e1s Guerschberg, Dami\u00e1n Fogiel, Gustavo Musso, Mart\u00edn Pantyrer, Mariano Sivori","rel":"","context":"En \u00ab37 Eivissa Jazz 2025\u00bb","block_context":{"text":"37 Eivissa Jazz 2025","link":"https:\/\/tomajazz.com\/web\/category\/contenidos\/especial-contenidos\/37-eivissa-jazz-2025\/"},"img":{"alt_text":"Escalandrum (37 Eivissa Jazz 2025. Baluard de Santa Ll\u00facia. Eivissa. 2025-09-06) Por Jos\u00e9 Luis Luna Rocafort [INSTANTZZ AKA Galer\u00eda fotogr\u00e1fica AKA Fotoblog de jazz, impro\u2026 y algo m\u00e1s] - Tomajazz - Escalandrum actu\u00f3 en el 37 Eivissa Jazz el 6 de septiembre de 2025. Jos\u00e9 Luis Luna Rocafort lo retrata en INSTANTZZ. Escalandrum son Daniel Piazolla, Nicol\u00e1s Guerschberg, Dami\u00e1n Fogiel, Gustavo Musso, Mart\u00edn Pantyrer, Mariano Sivori","src":"https:\/\/i0.wp.com\/tomajazz.com\/web\/wp-content\/uploads\/2025\/11\/020-1.jpg?resize=350%2C200&ssl=1","width":350,"height":200,"srcset":"https:\/\/i0.wp.com\/tomajazz.com\/web\/wp-content\/uploads\/2025\/11\/020-1.jpg?resize=350%2C200&ssl=1 1x, https:\/\/i0.wp.com\/tomajazz.com\/web\/wp-content\/uploads\/2025\/11\/020-1.jpg?resize=525%2C300&ssl=1 1.5x"},"classes":[]}],"jetpack_featured_media_url":"https:\/\/tomajazz.com\/web\/wp-content\/uploads\/2021\/09\/008-6.jpg","_links":{"self":[{"href":"https:\/\/tomajazz.com\/web\/wp-json\/wp\/v2\/posts\/57479","targetHints":{"allow":["GET"]}}],"collection":[{"href":"https:\/\/tomajazz.com\/web\/wp-json\/wp\/v2\/posts"}],"about":[{"href":"https:\/\/tomajazz.com\/web\/wp-json\/wp\/v2\/types\/post"}],"author":[{"embeddable":true,"href":"https:\/\/tomajazz.com\/web\/wp-json\/wp\/v2\/users\/1"}],"replies":[{"embeddable":true,"href":"https:\/\/tomajazz.com\/web\/wp-json\/wp\/v2\/comments?post=57479"}],"version-history":[{"count":1,"href":"https:\/\/tomajazz.com\/web\/wp-json\/wp\/v2\/posts\/57479\/revisions"}],"predecessor-version":[{"id":57494,"href":"https:\/\/tomajazz.com\/web\/wp-json\/wp\/v2\/posts\/57479\/revisions\/57494"}],"wp:featuredmedia":[{"embeddable":true,"href":"https:\/\/tomajazz.com\/web\/wp-json\/wp\/v2\/media\/57487"}],"wp:attachment":[{"href":"https:\/\/tomajazz.com\/web\/wp-json\/wp\/v2\/media?parent=57479"}],"wp:term":[{"taxonomy":"category","embeddable":true,"href":"https:\/\/tomajazz.com\/web\/wp-json\/wp\/v2\/categories?post=57479"},{"taxonomy":"post_tag","embeddable":true,"href":"https:\/\/tomajazz.com\/web\/wp-json\/wp\/v2\/tags?post=57479"}],"curies":[{"name":"wp","href":"https:\/\/api.w.org\/{rel}","templated":true}]}}