{"id":57506,"date":"2021-10-02T11:00:32","date_gmt":"2021-10-02T09:00:32","guid":{"rendered":"https:\/\/www.tomajazz.com\/web\/?p=57506"},"modified":"2021-10-04T22:58:11","modified_gmt":"2021-10-04T20:58:11","slug":"instantzz-antonio-serrano-quartet-tootsology-nits-destiu-caixaforum-barcelona-2021-08-25-galeria-fotografica-aka-fotoblog-de-jazz-impro-y-algo-mas-por-jo","status":"publish","type":"post","link":"https:\/\/tomajazz.com\/web\/instantzz-antonio-serrano-quartet-tootsology-nits-destiu-caixaforum-barcelona-2021-08-25-galeria-fotografica-aka-fotoblog-de-jazz-impro-y-algo-mas-por-jo\/","title":{"rendered":"INSTANTZZ: Antonio Serrano Quartet \u201cTootsology\u201d (Nits d\u2019Estiu \/ CaixaForum, Barcelona.  2021-08-25) [Galer\u00eda fotogr\u00e1fica AKA Fotoblog de jazz, impro\u2026 y algo m\u00e1s] Por Joan Cort\u00e8s"},"content":{"rendered":"<ul>\n<li>Fecha: mi\u00e9rcoles, 25 de agosto de 2021<\/li>\n<li>Lugar: CaixaForum (Barcelona)<\/li>\n<li>Grupo:<br \/>\n<strong>Antonio Serrano Quartet<br \/>\n<\/strong><strong>Antonio Serrano<\/strong>, arm\u00f3nica<br \/>\n<strong>Albert Sanz<\/strong>, piano<br \/>\n<strong>To\u00f1o Miguel<\/strong>, contrabajo<br \/>\n<strong>Steph Keogh<\/strong>, bater\u00eda<\/li>\n<\/ul>\n<p style=\"text-align: center;\"><img loading=\"lazy\" decoding=\"async\" class=\"aligncenter size-full wp-image-57507\" src=\"https:\/\/tomajazz.com\/web\/wp-content\/uploads\/2021\/10\/01_ntn-Srrn-4t-Joan-Cortes_25ago21_Nts-st_CxFrm_Bcn.jpg\" alt=\"\" width=\"400\" height=\"600\" title=\"\" srcset=\"https:\/\/tomajazz.com\/web\/wp-content\/uploads\/2021\/10\/01_ntn-Srrn-4t-Joan-Cortes_25ago21_Nts-st_CxFrm_Bcn.jpg 400w, https:\/\/tomajazz.com\/web\/wp-content\/uploads\/2021\/10\/01_ntn-Srrn-4t-Joan-Cortes_25ago21_Nts-st_CxFrm_Bcn-133x200.jpg 133w, https:\/\/tomajazz.com\/web\/wp-content\/uploads\/2021\/10\/01_ntn-Srrn-4t-Joan-Cortes_25ago21_Nts-st_CxFrm_Bcn-367x550.jpg 367w, https:\/\/tomajazz.com\/web\/wp-content\/uploads\/2021\/10\/01_ntn-Srrn-4t-Joan-Cortes_25ago21_Nts-st_CxFrm_Bcn-333x500.jpg 333w\" sizes=\"auto, (max-width: 400px) 100vw, 400px\" \/> <img loading=\"lazy\" decoding=\"async\" class=\"aligncenter size-large wp-image-57508\" src=\"https:\/\/tomajazz.com\/web\/wp-content\/uploads\/2021\/10\/02_ntn-Srrn-4t-Joan-Cortes_25ago21_Nts-st_CxFrm_Bcn.jpg\" alt=\"\" width=\"400\" height=\"600\" title=\"\" srcset=\"https:\/\/tomajazz.com\/web\/wp-content\/uploads\/2021\/10\/02_ntn-Srrn-4t-Joan-Cortes_25ago21_Nts-st_CxFrm_Bcn.jpg 400w, https:\/\/tomajazz.com\/web\/wp-content\/uploads\/2021\/10\/02_ntn-Srrn-4t-Joan-Cortes_25ago21_Nts-st_CxFrm_Bcn-133x200.jpg 133w, https:\/\/tomajazz.com\/web\/wp-content\/uploads\/2021\/10\/02_ntn-Srrn-4t-Joan-Cortes_25ago21_Nts-st_CxFrm_Bcn-367x550.jpg 367w, https:\/\/tomajazz.com\/web\/wp-content\/uploads\/2021\/10\/02_ntn-Srrn-4t-Joan-Cortes_25ago21_Nts-st_CxFrm_Bcn-333x500.jpg 333w\" sizes=\"auto, (max-width: 400px) 100vw, 400px\" \/> <img loading=\"lazy\" decoding=\"async\" class=\"aligncenter size-large wp-image-57509\" src=\"https:\/\/tomajazz.com\/web\/wp-content\/uploads\/2021\/10\/03_ntn-Srrn-4t-Joan-Cortes_25ago21_Nts-st_CxFrm_Bcn.jpg\" alt=\"\" width=\"600\" height=\"400\" title=\"\" srcset=\"https:\/\/tomajazz.com\/web\/wp-content\/uploads\/2021\/10\/03_ntn-Srrn-4t-Joan-Cortes_25ago21_Nts-st_CxFrm_Bcn.jpg 600w, https:\/\/tomajazz.com\/web\/wp-content\/uploads\/2021\/10\/03_ntn-Srrn-4t-Joan-Cortes_25ago21_Nts-st_CxFrm_Bcn-200x133.jpg 200w, https:\/\/tomajazz.com\/web\/wp-content\/uploads\/2021\/10\/03_ntn-Srrn-4t-Joan-Cortes_25ago21_Nts-st_CxFrm_Bcn-465x310.jpg 465w\" sizes=\"auto, (max-width: 600px) 100vw, 600px\" \/> <img loading=\"lazy\" decoding=\"async\" class=\"aligncenter size-large wp-image-57510\" src=\"https:\/\/tomajazz.com\/web\/wp-content\/uploads\/2021\/10\/04_ntn-Srrn-4t-Joan-Cortes_25ago21_Nts-st_CxFrm_Bcn.jpg\" alt=\"\" width=\"400\" height=\"600\" title=\"\" srcset=\"https:\/\/tomajazz.com\/web\/wp-content\/uploads\/2021\/10\/04_ntn-Srrn-4t-Joan-Cortes_25ago21_Nts-st_CxFrm_Bcn.jpg 400w, https:\/\/tomajazz.com\/web\/wp-content\/uploads\/2021\/10\/04_ntn-Srrn-4t-Joan-Cortes_25ago21_Nts-st_CxFrm_Bcn-133x200.jpg 133w, https:\/\/tomajazz.com\/web\/wp-content\/uploads\/2021\/10\/04_ntn-Srrn-4t-Joan-Cortes_25ago21_Nts-st_CxFrm_Bcn-367x550.jpg 367w, https:\/\/tomajazz.com\/web\/wp-content\/uploads\/2021\/10\/04_ntn-Srrn-4t-Joan-Cortes_25ago21_Nts-st_CxFrm_Bcn-333x500.jpg 333w\" sizes=\"auto, (max-width: 400px) 100vw, 400px\" \/> <img loading=\"lazy\" decoding=\"async\" class=\"aligncenter size-large wp-image-57511\" src=\"https:\/\/tomajazz.com\/web\/wp-content\/uploads\/2021\/10\/05_ntn-Srrn-4t-Joan-Cortes_25ago21_Nts-st_CxFrm_Bcn.jpg\" alt=\"\" width=\"600\" height=\"400\" title=\"\" srcset=\"https:\/\/tomajazz.com\/web\/wp-content\/uploads\/2021\/10\/05_ntn-Srrn-4t-Joan-Cortes_25ago21_Nts-st_CxFrm_Bcn.jpg 600w, https:\/\/tomajazz.com\/web\/wp-content\/uploads\/2021\/10\/05_ntn-Srrn-4t-Joan-Cortes_25ago21_Nts-st_CxFrm_Bcn-200x133.jpg 200w, https:\/\/tomajazz.com\/web\/wp-content\/uploads\/2021\/10\/05_ntn-Srrn-4t-Joan-Cortes_25ago21_Nts-st_CxFrm_Bcn-465x310.jpg 465w\" sizes=\"auto, (max-width: 600px) 100vw, 600px\" \/> <img loading=\"lazy\" decoding=\"async\" class=\"aligncenter size-large wp-image-57512\" src=\"https:\/\/tomajazz.com\/web\/wp-content\/uploads\/2021\/10\/06_ntn-Srrn-4t-Joan-Cortes_25ago21_Nts-st_CxFrm_Bcn.jpg\" alt=\"\" width=\"600\" height=\"400\" title=\"\" srcset=\"https:\/\/tomajazz.com\/web\/wp-content\/uploads\/2021\/10\/06_ntn-Srrn-4t-Joan-Cortes_25ago21_Nts-st_CxFrm_Bcn.jpg 600w, https:\/\/tomajazz.com\/web\/wp-content\/uploads\/2021\/10\/06_ntn-Srrn-4t-Joan-Cortes_25ago21_Nts-st_CxFrm_Bcn-200x133.jpg 200w, https:\/\/tomajazz.com\/web\/wp-content\/uploads\/2021\/10\/06_ntn-Srrn-4t-Joan-Cortes_25ago21_Nts-st_CxFrm_Bcn-465x310.jpg 465w\" sizes=\"auto, (max-width: 600px) 100vw, 600px\" \/> <img loading=\"lazy\" decoding=\"async\" class=\"aligncenter size-large wp-image-57513\" src=\"https:\/\/tomajazz.com\/web\/wp-content\/uploads\/2021\/10\/07_ntn-Srrn-4t-Joan-Cortes_25ago21_Nts-st_CxFrm_Bcn.jpg\" alt=\"\" width=\"400\" height=\"600\" title=\"\" srcset=\"https:\/\/tomajazz.com\/web\/wp-content\/uploads\/2021\/10\/07_ntn-Srrn-4t-Joan-Cortes_25ago21_Nts-st_CxFrm_Bcn.jpg 400w, https:\/\/tomajazz.com\/web\/wp-content\/uploads\/2021\/10\/07_ntn-Srrn-4t-Joan-Cortes_25ago21_Nts-st_CxFrm_Bcn-133x200.jpg 133w, https:\/\/tomajazz.com\/web\/wp-content\/uploads\/2021\/10\/07_ntn-Srrn-4t-Joan-Cortes_25ago21_Nts-st_CxFrm_Bcn-367x550.jpg 367w, https:\/\/tomajazz.com\/web\/wp-content\/uploads\/2021\/10\/07_ntn-Srrn-4t-Joan-Cortes_25ago21_Nts-st_CxFrm_Bcn-333x500.jpg 333w\" sizes=\"auto, (max-width: 400px) 100vw, 400px\" \/> <img loading=\"lazy\" decoding=\"async\" class=\"aligncenter size-large wp-image-57514\" src=\"https:\/\/tomajazz.com\/web\/wp-content\/uploads\/2021\/10\/08_ntn-Srrn-4t-Joan-Cortes_25ago21_Nts-st_CxFrm_Bcn.jpg\" alt=\"\" width=\"400\" height=\"600\" title=\"\" srcset=\"https:\/\/tomajazz.com\/web\/wp-content\/uploads\/2021\/10\/08_ntn-Srrn-4t-Joan-Cortes_25ago21_Nts-st_CxFrm_Bcn.jpg 400w, https:\/\/tomajazz.com\/web\/wp-content\/uploads\/2021\/10\/08_ntn-Srrn-4t-Joan-Cortes_25ago21_Nts-st_CxFrm_Bcn-133x200.jpg 133w, https:\/\/tomajazz.com\/web\/wp-content\/uploads\/2021\/10\/08_ntn-Srrn-4t-Joan-Cortes_25ago21_Nts-st_CxFrm_Bcn-367x550.jpg 367w, https:\/\/tomajazz.com\/web\/wp-content\/uploads\/2021\/10\/08_ntn-Srrn-4t-Joan-Cortes_25ago21_Nts-st_CxFrm_Bcn-333x500.jpg 333w\" sizes=\"auto, (max-width: 400px) 100vw, 400px\" \/> <img loading=\"lazy\" decoding=\"async\" class=\"aligncenter size-large wp-image-57515\" src=\"https:\/\/tomajazz.com\/web\/wp-content\/uploads\/2021\/10\/09_ntn-Srrn-4t-Joan-Cortes_25ago21_Nts-st_CxFrm_Bcn.jpg\" alt=\"\" width=\"400\" height=\"600\" title=\"\" srcset=\"https:\/\/tomajazz.com\/web\/wp-content\/uploads\/2021\/10\/09_ntn-Srrn-4t-Joan-Cortes_25ago21_Nts-st_CxFrm_Bcn.jpg 400w, https:\/\/tomajazz.com\/web\/wp-content\/uploads\/2021\/10\/09_ntn-Srrn-4t-Joan-Cortes_25ago21_Nts-st_CxFrm_Bcn-133x200.jpg 133w, https:\/\/tomajazz.com\/web\/wp-content\/uploads\/2021\/10\/09_ntn-Srrn-4t-Joan-Cortes_25ago21_Nts-st_CxFrm_Bcn-367x550.jpg 367w, https:\/\/tomajazz.com\/web\/wp-content\/uploads\/2021\/10\/09_ntn-Srrn-4t-Joan-Cortes_25ago21_Nts-st_CxFrm_Bcn-333x500.jpg 333w\" sizes=\"auto, (max-width: 400px) 100vw, 400px\" \/> <img loading=\"lazy\" decoding=\"async\" class=\"aligncenter size-large wp-image-57516\" src=\"https:\/\/tomajazz.com\/web\/wp-content\/uploads\/2021\/10\/10_ntn-Srrn-4t-Joan-Cortes_25ago21_Nts-st_CxFrm_Bcn.jpg\" alt=\"\" width=\"400\" height=\"600\" title=\"\" srcset=\"https:\/\/tomajazz.com\/web\/wp-content\/uploads\/2021\/10\/10_ntn-Srrn-4t-Joan-Cortes_25ago21_Nts-st_CxFrm_Bcn.jpg 400w, https:\/\/tomajazz.com\/web\/wp-content\/uploads\/2021\/10\/10_ntn-Srrn-4t-Joan-Cortes_25ago21_Nts-st_CxFrm_Bcn-133x200.jpg 133w, https:\/\/tomajazz.com\/web\/wp-content\/uploads\/2021\/10\/10_ntn-Srrn-4t-Joan-Cortes_25ago21_Nts-st_CxFrm_Bcn-367x550.jpg 367w, https:\/\/tomajazz.com\/web\/wp-content\/uploads\/2021\/10\/10_ntn-Srrn-4t-Joan-Cortes_25ago21_Nts-st_CxFrm_Bcn-333x500.jpg 333w\" sizes=\"auto, (max-width: 400px) 100vw, 400px\" \/><\/p>\n<p style=\"text-align: right;\">Tomajazz: \u00a9 J<strong>oan Cort\u00e8s<\/strong>, 2021<\/p>\n","protected":false},"excerpt":{"rendered":"<p>En INSTANTZZ una galer\u00eda fotogr\u00e1fica obra de Joan Cort\u00e9s con el proyecto \u00abTootsology\u00bb del Antonio Serrano Quartet. <span class=\"more-link\"><a href=\"https:\/\/tomajazz.com\/web\/instantzz-antonio-serrano-quartet-tootsology-nits-destiu-caixaforum-barcelona-2021-08-25-galeria-fotografica-aka-fotoblog-de-jazz-impro-y-algo-mas-por-jo\/\">Contin\u00faa leyendo<\/a><\/span><\/p>\n","protected":false},"author":1,"featured_media":57512,"comment_status":"open","ping_status":"closed","sticky":false,"template":"","format":"standard","meta":{"jetpack_post_was_ever_published":false,"_jetpack_newsletter_access":"","_jetpack_dont_email_post_to_subs":false,"_jetpack_newsletter_tier_id":0,"_jetpack_memberships_contains_paywalled_content":false,"_jetpack_memberships_contains_paid_content":false,"footnotes":""},"categories":[11261,17853,11262,15516,1038],"tags":[443,5385,21870,1041,1029,7277],"class_list":["entry","author-pachi","has-excerpt","post-57506","post","type-post","status-publish","format-standard","has-post-thumbnail","category-instantzz","category-joan-cortes","category-photoblogs","category-imagenes","category-contenidos","tag-albert-sanz","tag-antonio-serrano","tag-antonio-serrano-quartet","tag-joan-cortes","tag-stephen-keogh","tag-tono-miguel"],"jetpack_featured_media_url":"https:\/\/tomajazz.com\/web\/wp-content\/uploads\/2021\/10\/06_ntn-Srrn-4t-Joan-Cortes_25ago21_Nts-st_CxFrm_Bcn.jpg","jetpack_likes_enabled":true,"jetpack_sharing_enabled":true,"jetpack-related-posts":[{"id":83652,"url":"https:\/\/tomajazz.com\/web\/antonio-serrano-quartet-caixaforum-palma-2024\/","url_meta":{"origin":57506,"position":0},"title":"Antonio Serrano Quartet (Caixaforum Palma. 6 de febrero de 2024) Por Jos\u00e9 Luis Luna Rocafort [INSTANTZZ AKA Galer\u00eda fotogr\u00e1fica AKA Fotoblog de jazz, impro\u2026 y algo m\u00e1s]","author":"Tomajazz","date":"9 febrero, 2024","format":false,"excerpt":"Antonio Serrano Quartet actu\u00f3 en Caixaforum Palma, el 6 de febrero de 2024. Jos\u00e9 Luis Luna Rocafort retrata la actuaci\u00f3n en INSTANTZZ. Actuaron Antonio Serrano, Albert Sanz, To\u00f1o Miguel, Esteve Pi","rel":"","context":"En \u00abINSTANTZZ\u00bb","block_context":{"text":"INSTANTZZ","link":"https:\/\/tomajazz.com\/web\/category\/contenidos\/imagenes\/photoblogs\/instantzz\/"},"img":{"alt_text":"Antonio Serrano Quartet (Caixaforum Palma. 6 de febrero de 2024) Por Jos\u00e9 Luis Luna Rocafort [INSTANTZZ AKA Galer\u00eda fotogr\u00e1fica AKA Fotoblog de jazz, impro\u2026 y algo m\u00e1s] - Tomajazz - Antonio Serrano Quartet actu\u00f3 en Caixaforum Palma, el 6 de febrero de 2024. Jos\u00e9 Luis Luna Rocafort retrata la actuaci\u00f3n en INSTANTZZ. Actuaron Antonio Serrano, Albert Sanz, To\u00f1o Miguel, Esteve Pi","src":"https:\/\/i0.wp.com\/tomajazz.com\/web\/wp-content\/uploads\/2024\/02\/011-Antonio-Serrano-Quartet-Caixaforum-Palma-6-de-febrero-de-2024-Por-%C2%A9-Jose-Luis-Luna-Rocafort-INSTANTZZ-Tomajazz.jpg?resize=350%2C200&ssl=1","width":350,"height":200,"srcset":"https:\/\/i0.wp.com\/tomajazz.com\/web\/wp-content\/uploads\/2024\/02\/011-Antonio-Serrano-Quartet-Caixaforum-Palma-6-de-febrero-de-2024-Por-%C2%A9-Jose-Luis-Luna-Rocafort-INSTANTZZ-Tomajazz.jpg?resize=350%2C200&ssl=1 1x, https:\/\/i0.wp.com\/tomajazz.com\/web\/wp-content\/uploads\/2024\/02\/011-Antonio-Serrano-Quartet-Caixaforum-Palma-6-de-febrero-de-2024-Por-%C2%A9-Jose-Luis-Luna-Rocafort-INSTANTZZ-Tomajazz.jpg?resize=525%2C300&ssl=1 1.5x"},"classes":[]},{"id":33128,"url":"https:\/\/tomajazz.com\/web\/instantzz-antonio-serrano-especial-jazzene-2017-iii-galeria-fotografica\/","url_meta":{"origin":57506,"position":1},"title":"INSTANTZZ: Antonio Serrano [Especial Jazze\u00f1e 2017 III] [Galer\u00eda fotogr\u00e1fica]","author":"Tomajazz","date":"8 noviembre, 2017","format":false,"excerpt":"JazzE\u00f1e 2017. Organizado por la Fundaci\u00f3n SGAE Fecha: Jueves, 14 de septiembre de 2017. 20.00h. Lugar: Auditorio de Zaragoza. Sala Luis Galve. Zaragoza. Grupo: Antonio Serrano Tootsology Antonio Serrano: arm\u00f3nica Albert Sanz: piano Deejay Foster: contrabajo Esteve Pi: bater\u00eda Tomajazz:\u00a0\u00a9\u00a0Jos\u00e9 Luis Luna Rocafort, 2017","rel":"","context":"En \u00ab*_Jos\u00e9 Luis Luna Rocafort\u00bb","block_context":{"text":"*_Jos\u00e9 Luis Luna Rocafort","link":"https:\/\/tomajazz.com\/web\/category\/jose-luis-luna-rocafort\/"},"img":{"alt_text":"","src":"https:\/\/i0.wp.com\/tomajazz.com\/web\/wp-content\/uploads\/2017\/11\/002-1.jpg?resize=350%2C200&ssl=1","width":350,"height":200,"srcset":"https:\/\/i0.wp.com\/tomajazz.com\/web\/wp-content\/uploads\/2017\/11\/002-1.jpg?resize=350%2C200&ssl=1 1x, https:\/\/i0.wp.com\/tomajazz.com\/web\/wp-content\/uploads\/2017\/11\/002-1.jpg?resize=525%2C300&ssl=1 1.5x"},"classes":[]},{"id":104122,"url":"https:\/\/tomajazz.com\/web\/ney-quartet-lac-2026\/","url_meta":{"origin":57506,"position":2},"title":"Ney Quartet (LAC -Laboratori Arts Contemplatives-, Casa Virupa-Can Bordoi, 2026-01-10 \/ Llinars -Barcelona-) Por Joan Cort\u00e8s [INSTANTZZ AKA Galer\u00eda fotogr\u00e1fica AKA Fotoblog de jazz, impro\u2026 y algo m\u00e1s]","author":"Tomajazz","date":"22 febrero, 2026","format":false,"excerpt":"Ney Quartet actu\u00f3 en LAC -Laboratori Arts Contemplatives-, Casa Virupa-Can Bordoi, en Llinars -Barcelona-, el 10 de enero de 2026. Joan Cort\u00e8s lo retrata en INSTANTZZ. Con Christos Barbas, Nabil Na\u00efr, Pau Puig, Laia Puig","rel":"","context":"En \u00abINSTANTZZ\u00bb","block_context":{"text":"INSTANTZZ","link":"https:\/\/tomajazz.com\/web\/category\/contenidos\/imagenes\/photoblogs\/instantzz\/"},"img":{"alt_text":"Ney Quartet (LAC -Laboratori Arts Contemplatives-, Casa Virupa-Can Bordoi, 2026-01-10 \/ Llinars -Barcelona-) Por Joan Cort\u00e8s [INSTANTZZ AKA Galer\u00eda fotogr\u00e1fica AKA Fotoblog de jazz, impro\u2026 y algo m\u00e1s] - Tomajazz - Ney Quartet actu\u00f3 en LAC -Laboratori Arts Contemplatives-, Casa Virupa-Can Bordoi, en Llinars -Barcelona-, el 10 de enero de 2026. Joan Cort\u00e8s lo retrata en INSTANTZZ. Con Christos Barbas, Nabil Na\u00efr, Pau Puig, Laia Puig\n","src":"https:\/\/i0.wp.com\/tomajazz.com\/web\/wp-content\/uploads\/2026\/02\/destacada-10-Ny-4t-Photo-by-Joan-Cortes-10fbr26-LrC-CV-CB-Llnrs-.jpg?resize=350%2C200&ssl=1","width":350,"height":200,"srcset":"https:\/\/i0.wp.com\/tomajazz.com\/web\/wp-content\/uploads\/2026\/02\/destacada-10-Ny-4t-Photo-by-Joan-Cortes-10fbr26-LrC-CV-CB-Llnrs-.jpg?resize=350%2C200&ssl=1 1x, https:\/\/i0.wp.com\/tomajazz.com\/web\/wp-content\/uploads\/2026\/02\/destacada-10-Ny-4t-Photo-by-Joan-Cortes-10fbr26-LrC-CV-CB-Llnrs-.jpg?resize=525%2C300&ssl=1 1.5x"},"classes":[]},{"id":105126,"url":"https:\/\/tomajazz.com\/web\/dave-douglas-quartet-terrassa-2026\/","url_meta":{"origin":57506,"position":3},"title":"Dave Douglas Quartet (45\u00e8 Festival Jazz Terrassa 2026 \/ Nova Jazz Cava, 2026-03-15 \/ Terrassa -Barcelona-) [I] Por Joan Cort\u00e8s [INSTANTZZ AKA Galer\u00eda fotogr\u00e1fica AKA Fotoblog de jazz, impro\u2026 y algo m\u00e1s]","author":"Tomajazz","date":"30 abril, 2026","format":false,"excerpt":"Dave Douglas Quartet actu\u00f3 en el 45\u00e8 Festival Jazz Terrassa 2026, en la m\u00edtica Nova Jazz Cava, el 15 de marzo de 2026. Joan Cort\u00e8s lo retrata en INSTANTZZ. Dave Douglas Quartet son Dave Douglas, Marta Warelis, Ingebrigt H\u00e5ker Flaten, Rudy Royston","rel":"","context":"En \u00ab45\u00e8 Festival Jazz Terrassa 2026\u00bb","block_context":{"text":"45\u00e8 Festival Jazz Terrassa 2026","link":"https:\/\/tomajazz.com\/web\/category\/contenidos\/especial-contenidos\/45e-festival-jazz-terrassa-2026\/"},"img":{"alt_text":"Dave Douglas Quartet (45\u00e8 Festival Jazz Terrassa 2026 \/ Nova Jazz Cava, 2026-03-15 \/ Terrassa -Barcelona-) [I] Por Joan Cort\u00e8s [INSTANTZZ AKA Galer\u00eda fotogr\u00e1fica AKA Fotoblog de jazz, impro\u2026 y algo m\u00e1s] - Tomajazz - Dave Douglas Quartet actu\u00f3 en el 45\u00e8 Festival Jazz Terrassa 2026, en la m\u00edtica Nova Jazz Cava, el 15 de marzo de 2026. Joan Cort\u00e8s lo retrata en INSTANTZZ. Dave Douglas Quartet son Dave Douglas, Marta Warelis, Ingebrigt H\u00e5ker Flaten, Rudy Royston\n","src":"https:\/\/i0.wp.com\/tomajazz.com\/web\/wp-content\/uploads\/2026\/04\/destacada-10-Dv-Dgls-Fr-Frrdms-Photo-by-Joan-Cortes-15mrc26-45FJT-NJC-Trrss.jpg?resize=350%2C200&ssl=1","width":350,"height":200,"srcset":"https:\/\/i0.wp.com\/tomajazz.com\/web\/wp-content\/uploads\/2026\/04\/destacada-10-Dv-Dgls-Fr-Frrdms-Photo-by-Joan-Cortes-15mrc26-45FJT-NJC-Trrss.jpg?resize=350%2C200&ssl=1 1x, https:\/\/i0.wp.com\/tomajazz.com\/web\/wp-content\/uploads\/2026\/04\/destacada-10-Dv-Dgls-Fr-Frrdms-Photo-by-Joan-Cortes-15mrc26-45FJT-NJC-Trrss.jpg?resize=525%2C300&ssl=1 1.5x"},"classes":[]},{"id":30535,"url":"https:\/\/tomajazz.com\/web\/instantzz-antonio-serrano-tribut-a-toots-thielemans-nova-jazz-cava-36e-jazz-terrassa-festival-terrassa-2017-03-31-galeria-fotografica\/","url_meta":{"origin":57506,"position":4},"title":"INSTANTZZ: Antonio Serrano \u201cTribut a Toots Thielemans\u201d (Nova Jazz Cava, 36\u00e8 Jazz Terrassa Festival. Terrassa. 2017-03-31) [Galer\u00eda fotogr\u00e1fica]","author":"Tomajazz","date":"11 mayo, 2017","format":false,"excerpt":"Fecha: Viernes, 31 de marzo de 2017 Lugar: Nova Jazz Cava (Terrassa -Barcelona-) Grupo: Antonio Serrano \u201cTribut a Toots Thielemans\u201d Antonio Serrano, arm\u00f3nicas Albert Sanz, piano Dee Jay Foster, contrabajo Esteve Pi, bateria Tomajazz: \u00a9 Joan Cort\u00e8s, 2017","rel":"","context":"En \u00ab*_Joan Cort\u00e8s\u00bb","block_context":{"text":"*_Joan Cort\u00e8s","link":"https:\/\/tomajazz.com\/web\/category\/joan-cortes\/"},"img":{"alt_text":"","src":"https:\/\/i0.wp.com\/tomajazz.com\/web\/wp-content\/uploads\/2017\/05\/09_ntn-Srrn.jpg?resize=350%2C200&ssl=1","width":350,"height":200,"srcset":"https:\/\/i0.wp.com\/tomajazz.com\/web\/wp-content\/uploads\/2017\/05\/09_ntn-Srrn.jpg?resize=350%2C200&ssl=1 1x, https:\/\/i0.wp.com\/tomajazz.com\/web\/wp-content\/uploads\/2017\/05\/09_ntn-Srrn.jpg?resize=525%2C300&ssl=1 1.5x"},"classes":[]},{"id":41183,"url":"https:\/\/tomajazz.com\/web\/instantzz-antonio-serrano-quartet-3o-alternatilla-jazz-in-mallorca-2018-12-06-galeria-fotografica\/","url_meta":{"origin":57506,"position":5},"title":"INSTANTZZ: Antonio Serrano Quartet (3\u00ba Alternatilla Jazz in Mallorca. 2018-12-06) [Galer\u00eda fotogr\u00e1fica]","author":"Tomajazz","date":"18 enero, 2019","format":false,"excerpt":"Por\u00a0Jos\u00e9 Luis Luna Rocafort. Fecha: Jueves, 06 de diciembre de 2018. 20:00h. Lugar: Teatre Xesc Forteza. Palma de Mallorca Festival: 3\u00ba Alternatilla Jazz in Mallorca Grupo: Antonio Serrano Quartet Antonio Serrano: arm\u00f3nica Albert Sanz: piano Dee Jay Foster: contrabajo Esteve Pi: bater\u00eda Tomajazz:\u00a0\u00a0\u00a9\u00a0Jos\u00e9 Luis Luna Rocafort, 2019","rel":"","context":"En \u00ab*_Jos\u00e9 Luis Luna Rocafort\u00bb","block_context":{"text":"*_Jos\u00e9 Luis Luna Rocafort","link":"https:\/\/tomajazz.com\/web\/category\/jose-luis-luna-rocafort\/"},"img":{"alt_text":"","src":"https:\/\/i0.wp.com\/tomajazz.com\/web\/wp-content\/uploads\/2019\/01\/006-7.jpg?resize=350%2C200&ssl=1","width":350,"height":200,"srcset":"https:\/\/i0.wp.com\/tomajazz.com\/web\/wp-content\/uploads\/2019\/01\/006-7.jpg?resize=350%2C200&ssl=1 1x, https:\/\/i0.wp.com\/tomajazz.com\/web\/wp-content\/uploads\/2019\/01\/006-7.jpg?resize=525%2C300&ssl=1 1.5x"},"classes":[]}],"_links":{"self":[{"href":"https:\/\/tomajazz.com\/web\/wp-json\/wp\/v2\/posts\/57506","targetHints":{"allow":["GET"]}}],"collection":[{"href":"https:\/\/tomajazz.com\/web\/wp-json\/wp\/v2\/posts"}],"about":[{"href":"https:\/\/tomajazz.com\/web\/wp-json\/wp\/v2\/types\/post"}],"author":[{"embeddable":true,"href":"https:\/\/tomajazz.com\/web\/wp-json\/wp\/v2\/users\/1"}],"replies":[{"embeddable":true,"href":"https:\/\/tomajazz.com\/web\/wp-json\/wp\/v2\/comments?post=57506"}],"version-history":[{"count":3,"href":"https:\/\/tomajazz.com\/web\/wp-json\/wp\/v2\/posts\/57506\/revisions"}],"predecessor-version":[{"id":57519,"href":"https:\/\/tomajazz.com\/web\/wp-json\/wp\/v2\/posts\/57506\/revisions\/57519"}],"wp:featuredmedia":[{"embeddable":true,"href":"https:\/\/tomajazz.com\/web\/wp-json\/wp\/v2\/media\/57512"}],"wp:attachment":[{"href":"https:\/\/tomajazz.com\/web\/wp-json\/wp\/v2\/media?parent=57506"}],"wp:term":[{"taxonomy":"category","embeddable":true,"href":"https:\/\/tomajazz.com\/web\/wp-json\/wp\/v2\/categories?post=57506"},{"taxonomy":"post_tag","embeddable":true,"href":"https:\/\/tomajazz.com\/web\/wp-json\/wp\/v2\/tags?post=57506"}],"curies":[{"name":"wp","href":"https:\/\/api.w.org\/{rel}","templated":true}]}}