{"id":57851,"date":"2021-10-14T18:00:18","date_gmt":"2021-10-14T16:00:18","guid":{"rendered":"https:\/\/www.tomajazz.com\/web\/?p=57851"},"modified":"2021-10-13T23:03:16","modified_gmt":"2021-10-13T21:03:16","slug":"jazzx5302-dani-de-moron-ani-maamin-creer-para-ver-universal-2020-minipodcast-de-jazz-por-pachi-tapiz","status":"publish","type":"post","link":"https:\/\/tomajazz.com\/web\/jazzx5302-dani-de-moron-ani-maamin-creer-para-ver-universal-2020-minipodcast-de-jazz-por-pachi-tapiz\/","title":{"rendered":"JazzX5#302. Dani de Mor\u00f3n: \u00abAni Maamin\u00bb [Creer para ver (Universal, 2020)] [Minipodcast de jazz] Por Pachi Tapiz"},"content":{"rendered":"<p><img loading=\"lazy\" decoding=\"async\" class=\"alignleft wp-image-57852 size-medium\" src=\"https:\/\/tomajazz.com\/web\/wp-content\/uploads\/2021\/10\/Dani-de-Moron_Creer-para-ver-200x200.jpg\" alt=\"\" width=\"200\" height=\"200\" title=\"\" srcset=\"https:\/\/tomajazz.com\/web\/wp-content\/uploads\/2021\/10\/Dani-de-Moron_Creer-para-ver-200x200.jpg 200w, https:\/\/tomajazz.com\/web\/wp-content\/uploads\/2021\/10\/Dani-de-Moron_Creer-para-ver-150x150.jpg 150w, https:\/\/tomajazz.com\/web\/wp-content\/uploads\/2021\/10\/Dani-de-Moron_Creer-para-ver-465x465.jpg 465w, https:\/\/tomajazz.com\/web\/wp-content\/uploads\/2021\/10\/Dani-de-Moron_Creer-para-ver.jpg 500w\" sizes=\"auto, (max-width: 200px) 100vw, 200px\" \/>\u00abAni Maamin\u00bb<br \/>\n<strong>Dani de Mor\u00f3n<\/strong>: <em>Creer para ver<\/em> (Universal, 2020)<br \/>\nDani de Mor\u00f3n, Agust\u00edn Diassera. El tema es una composici\u00f3n de Tuvia Shlonsky con arreglos de Avishai Cohen.<\/p>\n<p><span style=\"text-align: right;\">\u00a9 <\/span><strong style=\"text-align: right;\">Pachi Tapiz<\/strong><span style=\"text-align: right;\">, 2021<\/span><\/p>\n<p><iframe id='audio_76797396' frameborder='0' allowfullscreen='' scrolling='no' height='200' style='width:100%;' src='https:\/\/www.ivoox.com\/player_ej_76797396_6_1.html'><\/iframe><\/p>\n<p><strong>JazzX5<\/strong> es un minipodcast de HDO de la Factor\u00eda Tomajazz presentado, editado y producido por\u00a0<strong>Pachi Tapiz<\/strong>.<br \/>\n<strong>JazzX5<\/strong> comenz\u00f3 su andadura el 24 de junio de 2019.<br \/>\nTodas las entregas de <strong>JazzX5<\/strong> est\u00e1n disponibles en <strong><a href=\"https:\/\/tomajazz.com\/web\/?cat=23120\" target=\"_blank\" rel=\"noopener noreferrer\">https:\/\/tomajazz.com\/web\/?cat=23120<\/a> \/ <a href=\"https:\/\/www.ivoox.com\/jazzx5_bk_list_642835_1.html\" target=\"_blank\" rel=\"noopener noreferrer\">https:\/\/www.ivoox.com\/jazzx5_bk_list_642835_1.html<\/a><\/strong>.<\/p>\n<p>En Tomajazz hemos abierto un canal de <strong>Telegram<\/strong> para que est\u00e9s al tanto, al instante, de los nuevos podcast. Puedes suscribirte en <a href=\"https:\/\/t.me\/TomajazzPodcast\" target=\"_blank\" rel=\"noopener\">https:\/\/t.me\/TomajazzPodcast<\/a>.<\/p>\n<p>&nbsp;<\/p>\n<p>&nbsp;<\/p>\n","protected":false},"excerpt":{"rendered":"<p>En JazzX5 el tema \u00abAni Maamin\u00bb de Creer para ver (Universal, 2020), de Dani Mor\u00f3n. <span class=\"more-link\"><a href=\"https:\/\/tomajazz.com\/web\/jazzx5302-dani-de-moron-ani-maamin-creer-para-ver-universal-2020-minipodcast-de-jazz-por-pachi-tapiz\/\">Contin\u00faa leyendo<\/a><\/span><\/p>\n","protected":false},"author":1,"featured_media":57853,"comment_status":"open","ping_status":"closed","sticky":false,"template":"","format":"standard","meta":{"_jetpack_newsletter_access":"","_jetpack_dont_email_post_to_subs":false,"_jetpack_newsletter_tier_id":0,"_jetpack_memberships_contains_paywalled_content":false,"_jetpack_feature_clip_id":0,"_jetpack_memberships_contains_paid_content":false,"footnotes":"","jetpack_post_was_ever_published":false},"categories":[23120,17847,12814,15518,1038],"tags":[17325,181,21611,23118,25573,31,15310,2305],"class_list":["entry","author-pachi","has-excerpt","post-57851","post","type-post","status-publish","format-standard","has-post-thumbnail","category-jazzx5","category-pachi-tapiz","category-podcast","category-sonidos","category-contenidos","tag-agustin-diassera","tag-avishai-cohen","tag-dani-de-moron","tag-jazzx5","tag-minipodcast","tag-pachi-tapiz","tag-podcast-de-jazz","tag-universal"],"jetpack_likes_enabled":true,"jetpack_sharing_enabled":true,"jetpack-related-posts":[{"id":61968,"url":"https:\/\/tomajazz.com\/web\/avishai-cohen-part-iv-naked-truth-ecm-2022-por-pachi-tapiz-jazzx5453-minipodcast-de-jazz\/","url_meta":{"origin":57851,"position":0},"title":"Avishai Cohen: \u00abPart IV\u00bb [Naked Truth (ECM, 2022)] Por Pachi Tapiz. JazzX5#453 [Minipodcast de jazz]","author":"Tomajazz","date":"15 marzo, 2022","format":false,"excerpt":"En JazzX5 suena el tema \"Part IV\" de Naked Truth. A Suite in Nine Parts (ECM, 2022), del trompetista Avishai Cohen. JazzX5 es un podcast de Pachi Tapiz.","rel":"","context":"En \u00abJazzX5\u00bb","block_context":{"text":"JazzX5","link":"https:\/\/tomajazz.com\/web\/category\/contenidos\/sonidos\/podcast\/jazzx5\/"},"img":{"alt_text":"Avishai Cohen: \"Part IV\" [Naked Truth (ECM, 2022)] Por Pachi Tapiz. JazzX5#453 [Minipodcast de jazz]","src":"https:\/\/i0.wp.com\/tomajazz.com\/web\/wp-content\/uploads\/2022\/03\/JazzX5_0453.jpg?resize=350%2C200&ssl=1","width":350,"height":200,"srcset":"https:\/\/i0.wp.com\/tomajazz.com\/web\/wp-content\/uploads\/2022\/03\/JazzX5_0453.jpg?resize=350%2C200&ssl=1 1x, https:\/\/i0.wp.com\/tomajazz.com\/web\/wp-content\/uploads\/2022\/03\/JazzX5_0453.jpg?resize=525%2C300&ssl=1 1.5x, https:\/\/i0.wp.com\/tomajazz.com\/web\/wp-content\/uploads\/2022\/03\/JazzX5_0453.jpg?resize=700%2C400&ssl=1 2x"},"classes":[]},{"id":60855,"url":"https:\/\/tomajazz.com\/web\/jazzx5409-dani-perez-clouds-contrafacts-underpool-2021-minipodcast-de-jazz-por-pachi-tapiz\/","url_meta":{"origin":57851,"position":1},"title":"JazzX5#409. Dani P\u00e9rez: \u00abClouds\u00bb [Contrafacts (Underpool, 2021)] [Minipodcast de jazz] Por Pachi Tapiz","author":"Tomajazz","date":"4 febrero, 2022","format":false,"excerpt":"\"Clouds\", el tema que abre Contrafacts (Underpool, 2021), la nueva grabaci\u00f3n del Dani P\u00e9rez Tr\u00edo m\u00e1s Benet Palet, suena en JazzX5. JazzX5 es un podcast de Pachi Tapiz.","rel":"","context":"En \u00ab*_Pachi Tapiz\u00bb","block_context":{"text":"*_Pachi Tapiz","link":"https:\/\/tomajazz.com\/web\/category\/pachi-tapiz\/"},"img":{"alt_text":"JazzX5#409. Dani P\u00e9rez: \"Clouds\" [Contrafacts (Underpool, 2021)] [Minipodcast de jazz] Por Pachi Tapiz","src":"https:\/\/i0.wp.com\/tomajazz.com\/web\/wp-content\/uploads\/2022\/02\/JazzX5_409.jpg?resize=350%2C200&ssl=1","width":350,"height":200,"srcset":"https:\/\/i0.wp.com\/tomajazz.com\/web\/wp-content\/uploads\/2022\/02\/JazzX5_409.jpg?resize=350%2C200&ssl=1 1x, https:\/\/i0.wp.com\/tomajazz.com\/web\/wp-content\/uploads\/2022\/02\/JazzX5_409.jpg?resize=525%2C300&ssl=1 1.5x, https:\/\/i0.wp.com\/tomajazz.com\/web\/wp-content\/uploads\/2022\/02\/JazzX5_409.jpg?resize=700%2C400&ssl=1 2x"},"classes":[]},{"id":56876,"url":"https:\/\/tomajazz.com\/web\/jazzx5260-giulia-valle-trance-eden-club-fresh-sound-new-talent-2020-minipodcast-por-pachi-tapiz\/","url_meta":{"origin":57851,"position":2},"title":"JazzX5#260. Giulia Valle: \u00abTrance\u00bb [Eden Club (Fresh Sound New Talent, 2020)] [Minipodcast] Por Pachi Tapiz","author":"Tomajazz","date":"2 septiembre, 2021","format":false,"excerpt":"En el minipodcast JazzX5 el tema \"Trance\" de la grabaci\u00f3n Eden Club (Fresh Sound New Talent) de Giulia Valle. JazzX5 es un podcast editado y producido por Pachi Tapiz.","rel":"","context":"En \u00abJazzX5\u00bb","block_context":{"text":"JazzX5","link":"https:\/\/tomajazz.com\/web\/category\/contenidos\/sonidos\/podcast\/jazzx5\/"},"img":{"alt_text":"","src":"https:\/\/i0.wp.com\/tomajazz.com\/web\/wp-content\/uploads\/2021\/09\/JazzX5_260.jpg?resize=350%2C200&ssl=1","width":350,"height":200,"srcset":"https:\/\/i0.wp.com\/tomajazz.com\/web\/wp-content\/uploads\/2021\/09\/JazzX5_260.jpg?resize=350%2C200&ssl=1 1x, https:\/\/i0.wp.com\/tomajazz.com\/web\/wp-content\/uploads\/2021\/09\/JazzX5_260.jpg?resize=525%2C300&ssl=1 1.5x, https:\/\/i0.wp.com\/tomajazz.com\/web\/wp-content\/uploads\/2021\/09\/JazzX5_260.jpg?resize=700%2C400&ssl=1 2x"},"classes":[]},{"id":45342,"url":"https:\/\/tomajazz.com\/web\/jazzx5063-nu-f-j-d-minipodcast\/","url_meta":{"origin":57851,"position":3},"title":"JazzX5#063. Nu!: F.J.D. [Minipodcast]","author":"Tomajazz","date":"1 septiembre, 2019","format":false,"excerpt":"Por\u00a0Pachi Tapiz. F.J.D.\". Nu!: Nu! (Blue Asteroid Records) Nu!: Alfredo Sarno, Gon Navarro, Dani L\u00e9vy Tomajazz: \u00a9 Pachi Tapiz, 2019 JazzX5 es un minipodcast de HDO de la Factor\u00eda Tomajazz presentado, editado y producido por\u00a0Pachi Tapiz. JazzX5 comenz\u00f3 su andadura el 24 de junio de 2019. Todas las entregas de\u2026","rel":"","context":"En \u00ab*_Pachi Tapiz\u00bb","block_context":{"text":"*_Pachi Tapiz","link":"https:\/\/tomajazz.com\/web\/category\/pachi-tapiz\/"},"img":{"alt_text":"JazzX5#063. Nu!: F.J.D. [Minipodcast]","src":"https:\/\/i0.wp.com\/tomajazz.com\/web\/wp-content\/uploads\/2019\/08\/JazzX5_063.jpg?resize=350%2C200&ssl=1","width":350,"height":200,"srcset":"https:\/\/i0.wp.com\/tomajazz.com\/web\/wp-content\/uploads\/2019\/08\/JazzX5_063.jpg?resize=350%2C200&ssl=1 1x, https:\/\/i0.wp.com\/tomajazz.com\/web\/wp-content\/uploads\/2019\/08\/JazzX5_063.jpg?resize=525%2C300&ssl=1 1.5x, https:\/\/i0.wp.com\/tomajazz.com\/web\/wp-content\/uploads\/2019\/08\/JazzX5_063.jpg?resize=700%2C400&ssl=1 2x"},"classes":[]},{"id":56304,"url":"https:\/\/tomajazz.com\/web\/jazzx5236-javier-navas-quartet-el-buscador-fresh-start-autoeditado-2018-minipodcast-por-pachi-tapiz\/","url_meta":{"origin":57851,"position":4},"title":"JazzX5#236. Javier Navas Quartet: \u00abEl buscador\u00bb [Fresh Start (Autoeditado, 2018)] [Minipodcast] Por Pachi Tapiz","author":"Tomajazz","date":"10 agosto, 2021","format":false,"excerpt":"En JazzX5 el tema \"El buscador\" que aparec\u00eda en Fresh Start de Javier Navas Quartet + Enrique Oliver.","rel":"","context":"En \u00ab*_Joan Cort\u00e8s\u00bb","block_context":{"text":"*_Joan Cort\u00e8s","link":"https:\/\/tomajazz.com\/web\/category\/joan-cortes\/"},"img":{"alt_text":"","src":"https:\/\/i0.wp.com\/tomajazz.com\/web\/wp-content\/uploads\/2021\/08\/JazzX5_236.jpg?resize=350%2C200&ssl=1","width":350,"height":200,"srcset":"https:\/\/i0.wp.com\/tomajazz.com\/web\/wp-content\/uploads\/2021\/08\/JazzX5_236.jpg?resize=350%2C200&ssl=1 1x, https:\/\/i0.wp.com\/tomajazz.com\/web\/wp-content\/uploads\/2021\/08\/JazzX5_236.jpg?resize=525%2C300&ssl=1 1.5x, https:\/\/i0.wp.com\/tomajazz.com\/web\/wp-content\/uploads\/2021\/08\/JazzX5_236.jpg?resize=700%2C400&ssl=1 2x"},"classes":[]},{"id":106382,"url":"https:\/\/tomajazz.com\/web\/iv-festival-rite-2026-1\/","url_meta":{"origin":57851,"position":5},"title":"Dani de Mor\u00f3n \/ Cohen-Le Fleming-Maestro-Moullier-Richardson-S\u00e1nchez (IV Festival Rite 2026. El Rite-LAC \/ Casa Virupa, 2026-05-29 \/ Llinars -Barcelona-) [01]  Por Joan Cort\u00e8s [INSTANTZZ AKA Galer\u00eda fotogr\u00e1fica AKA Fotoblog de jazz, impro\u2026 y algo m\u00e1s]","author":"Tomajazz","date":"11 agosto, 2026","format":false,"excerpt":"Dani de Mor\u00f3n \/ Cohen-Le Fleming-Maestro-Moullier-Richardson-S\u00e1nchez actuaron en el IV Festival Rite 2026 en El Rite-LAC en Casa Virupa, en Llinars -Barcelona-, el 29 de mayo de 2026. Joan Cort\u00e8s lo retrata en INSTANTZZ","rel":"","context":"En \u00abIV Festival Rite 2026\u00bb","block_context":{"text":"IV Festival Rite 2026","link":"https:\/\/tomajazz.com\/web\/category\/contenidos\/especial-contenidos\/iv-festival-rite-2026\/"},"img":{"alt_text":"Dani de Mor\u00f3n \/ Cohen-Le Fleming-Maestro-Moullier-Richardson-S\u00e1nchez (IV Festival Rite 2026. El Rite-LAC \/ Casa Virupa, 2026-05-29 \/ Llinars -Barcelona-) [01]  Por Joan Cort\u00e8s [INSTANTZZ AKA Galer\u00eda fotogr\u00e1fica AKA Fotoblog de jazz, impro\u2026 y algo m\u00e1s] - Tomajazz - Dani de Mor\u00f3n \/ Cohen-Le Fleming-Maestro-Moullier-Richardson-S\u00e1nchez actuaron en el IV Festival Rite 2026 en El Rite-LAC en Casa Virupa, en Llinars -Barcelona-, el 29 de mayo de 2026. Joan Cort\u00e8s lo retrata en INSTANTZZ","src":"https:\/\/i0.wp.com\/tomajazz.com\/web\/wp-content\/uploads\/2026\/08\/destacada-14-CLMMRS-Photo-by-Joan-Cortes-29mg26-l-Rt-Cs-Vrp-Cn-Brd-Llnrs.jpg?resize=350%2C200&ssl=1","width":350,"height":200,"srcset":"https:\/\/i0.wp.com\/tomajazz.com\/web\/wp-content\/uploads\/2026\/08\/destacada-14-CLMMRS-Photo-by-Joan-Cortes-29mg26-l-Rt-Cs-Vrp-Cn-Brd-Llnrs.jpg?resize=350%2C200&ssl=1 1x, https:\/\/i0.wp.com\/tomajazz.com\/web\/wp-content\/uploads\/2026\/08\/destacada-14-CLMMRS-Photo-by-Joan-Cortes-29mg26-l-Rt-Cs-Vrp-Cn-Brd-Llnrs.jpg?resize=525%2C300&ssl=1 1.5x"},"classes":[]}],"jetpack_featured_media_url":"https:\/\/tomajazz.com\/web\/wp-content\/uploads\/2021\/10\/JazzX5_302.jpg","_links":{"self":[{"href":"https:\/\/tomajazz.com\/web\/wp-json\/wp\/v2\/posts\/57851","targetHints":{"allow":["GET"]}}],"collection":[{"href":"https:\/\/tomajazz.com\/web\/wp-json\/wp\/v2\/posts"}],"about":[{"href":"https:\/\/tomajazz.com\/web\/wp-json\/wp\/v2\/types\/post"}],"author":[{"embeddable":true,"href":"https:\/\/tomajazz.com\/web\/wp-json\/wp\/v2\/users\/1"}],"replies":[{"embeddable":true,"href":"https:\/\/tomajazz.com\/web\/wp-json\/wp\/v2\/comments?post=57851"}],"version-history":[{"count":2,"href":"https:\/\/tomajazz.com\/web\/wp-json\/wp\/v2\/posts\/57851\/revisions"}],"predecessor-version":[{"id":57855,"href":"https:\/\/tomajazz.com\/web\/wp-json\/wp\/v2\/posts\/57851\/revisions\/57855"}],"wp:featuredmedia":[{"embeddable":true,"href":"https:\/\/tomajazz.com\/web\/wp-json\/wp\/v2\/media\/57853"}],"wp:attachment":[{"href":"https:\/\/tomajazz.com\/web\/wp-json\/wp\/v2\/media?parent=57851"}],"wp:term":[{"taxonomy":"category","embeddable":true,"href":"https:\/\/tomajazz.com\/web\/wp-json\/wp\/v2\/categories?post=57851"},{"taxonomy":"post_tag","embeddable":true,"href":"https:\/\/tomajazz.com\/web\/wp-json\/wp\/v2\/tags?post=57851"}],"curies":[{"name":"wp","href":"https:\/\/api.w.org\/{rel}","templated":true}]}}