{"id":58021,"date":"2021-10-22T18:00:07","date_gmt":"2021-10-22T16:00:07","guid":{"rendered":"https:\/\/www.tomajazz.com\/web\/?p=58021"},"modified":"2021-10-21T22:59:47","modified_gmt":"2021-10-21T20:59:47","slug":"jazzx5310-kenny-garrett-sounds-from-the-ancestors-sounds-from-the-ancestors-mack-avenue-2021-minipodcast-de-jazz-por-pachi-tapiz","status":"publish","type":"post","link":"https:\/\/tomajazz.com\/web\/jazzx5310-kenny-garrett-sounds-from-the-ancestors-sounds-from-the-ancestors-mack-avenue-2021-minipodcast-de-jazz-por-pachi-tapiz\/","title":{"rendered":"JazzX5#310. Kenny Garrett: \u00abSounds From The Ancestors\u00bb [Sounds From The Ancestors (Mack Avenue, 2021)] [Minipodcast de jazz] Por Pachi Tapiz"},"content":{"rendered":"<p><img loading=\"lazy\" decoding=\"async\" class=\"alignleft wp-image-58022 size-medium\" src=\"https:\/\/tomajazz.com\/web\/wp-content\/uploads\/2021\/10\/Kenny-Garrett_Sounds-From-The-Ancestors-200x200.jpg\" alt=\"\" width=\"200\" height=\"200\" title=\"\" srcset=\"https:\/\/tomajazz.com\/web\/wp-content\/uploads\/2021\/10\/Kenny-Garrett_Sounds-From-The-Ancestors-200x200.jpg 200w, https:\/\/tomajazz.com\/web\/wp-content\/uploads\/2021\/10\/Kenny-Garrett_Sounds-From-The-Ancestors-600x600.jpg 600w, https:\/\/tomajazz.com\/web\/wp-content\/uploads\/2021\/10\/Kenny-Garrett_Sounds-From-The-Ancestors-150x150.jpg 150w, https:\/\/tomajazz.com\/web\/wp-content\/uploads\/2021\/10\/Kenny-Garrett_Sounds-From-The-Ancestors-768x768.jpg 768w, https:\/\/tomajazz.com\/web\/wp-content\/uploads\/2021\/10\/Kenny-Garrett_Sounds-From-The-Ancestors-465x465.jpg 465w, https:\/\/tomajazz.com\/web\/wp-content\/uploads\/2021\/10\/Kenny-Garrett_Sounds-From-The-Ancestors-500x500.jpg 500w, https:\/\/tomajazz.com\/web\/wp-content\/uploads\/2021\/10\/Kenny-Garrett_Sounds-From-The-Ancestors.jpg 1200w\" sizes=\"auto, (max-width: 200px) 100vw, 200px\" \/>\u00abSounds From The Ancestors\u00bb<br \/>\n<strong>Kenny Garrett<\/strong>: <em>Sounds From The Ancestors<\/em> (Mack Avenue, 2021)<br \/>\nKenny Garrett, Vernell Brown Jr., Corcoran Holt, Ronald Bruner, Rudy Bird, Pedrito Martinez, Dwight Trible. El tema es obra de Kenny Garrett.<\/p>\n<p><span style=\"text-align: right;\">\u00a9 <\/span><strong style=\"text-align: right;\">Pachi Tapiz<\/strong><span style=\"text-align: right;\">, 2021<\/span><\/p>\n<p><iframe id='audio_77164585' frameborder='0' allowfullscreen='' scrolling='no' height='200' style='width:100%;' src='https:\/\/www.ivoox.com\/player_ej_77164585_6_1.html'><\/iframe><\/p>\n<p><strong>JazzX5<\/strong> es un minipodcast de HDO de la Factor\u00eda Tomajazz presentado, editado y producido por\u00a0<strong>Pachi Tapiz<\/strong>.<br \/>\n<strong>JazzX5<\/strong> comenz\u00f3 su andadura el 24 de junio de 2019.<br \/>\nTodas las entregas de <strong>JazzX5<\/strong> est\u00e1n disponibles en <strong><a href=\"https:\/\/tomajazz.com\/web\/?cat=23120\" target=\"_blank\" rel=\"noopener noreferrer\">https:\/\/tomajazz.com\/web\/?cat=23120<\/a> \/ <a href=\"https:\/\/www.ivoox.com\/jazzx5_bk_list_642835_1.html\" target=\"_blank\" rel=\"noopener noreferrer\">https:\/\/www.ivoox.com\/jazzx5_bk_list_642835_1.html<\/a><\/strong>.<\/p>\n<p>En Tomajazz hemos abierto un canal de <strong>Telegram<\/strong> para que est\u00e9s al tanto, al instante, de los nuevos podcast. Puedes suscribirte en <a href=\"https:\/\/t.me\/TomajazzPodcast\" target=\"_blank\" rel=\"noopener\">https:\/\/t.me\/TomajazzPodcast<\/a>.<\/p>\n<p>&nbsp;<\/p>\n<p>&nbsp;<\/p>\n","protected":false},"excerpt":{"rendered":"<p>En JazzX5, el minipodcast de Pachi Tapiz, el tema \u00abSounds From The Ancestors\u00bb, que da t\u00edtulo a la \u00faltima grabaci\u00f3n del saxofonista Kenny Garrett publicada en el sello Mack Avenue en 2021. <span class=\"more-link\"><a href=\"https:\/\/tomajazz.com\/web\/jazzx5310-kenny-garrett-sounds-from-the-ancestors-sounds-from-the-ancestors-mack-avenue-2021-minipodcast-de-jazz-por-pachi-tapiz\/\">Contin\u00faa leyendo<\/a><\/span><\/p>\n","protected":false},"author":1,"featured_media":58023,"comment_status":"open","ping_status":"closed","sticky":false,"template":"","format":"standard","meta":{"jetpack_post_was_ever_published":false,"_jetpack_newsletter_access":"","_jetpack_dont_email_post_to_subs":false,"_jetpack_newsletter_tier_id":0,"_jetpack_memberships_contains_paywalled_content":false,"_jetpack_memberships_contains_paid_content":false,"footnotes":""},"categories":[23120,17847,12814,15518,1038],"tags":[17051,8372,23118,1899,6378,25573,31,25956,15310,25955,17052,25954],"class_list":["entry","author-pachi","has-excerpt","post-58021","post","type-post","status-publish","format-standard","has-post-thumbnail","category-jazzx5","category-pachi-tapiz","category-podcast","category-sonidos","category-contenidos","tag-corcoran-holt","tag-dwight-trible","tag-jazzx5","tag-kenny-garrett","tag-mack-avenue","tag-minipodcast","tag-pachi-tapiz","tag-pedrito-martinez","tag-podcast-de-jazz","tag-ronald-bruner","tag-rudy-bird","tag-vernell-brown-jr"],"jetpack_featured_media_url":"https:\/\/tomajazz.com\/web\/wp-content\/uploads\/2021\/10\/JazzX5_310.jpg","jetpack_likes_enabled":true,"jetpack_sharing_enabled":true,"jetpack-related-posts":[{"id":58796,"url":"https:\/\/tomajazz.com\/web\/kenny-garrett-quintet-jazzmadrid21-concierto-de-jazz-por-carlos-lara-y-enrique-farelo\/","url_meta":{"origin":58021,"position":0},"title":"Kenny Garrett Quintet (JazzMadrid21\u00a0\/ Ciclo Villanos del Jazz) [Concierto de jazz] Por Carlos Lara y Enrique Farelo","author":"Tomajazz","date":"22 noviembre, 2021","format":false,"excerpt":"Kenny Garrett Quintet","rel":"","context":"En \u00abTomajazz (la revista) al completo\u00bb","block_context":{"text":"Tomajazz (la revista) al completo","link":"https:\/\/tomajazz.com\/web\/category\/contenidos\/"},"img":{"alt_text":"Kenny Garrett Quintet (Festival Internacional de Jazz de Madrid, Villanos del Jazz. Teatro Pav\u00f3n, Madrid. 2021-11-18)","src":"https:\/\/i0.wp.com\/tomajazz.com\/web\/wp-content\/uploads\/2021\/11\/Kenny-Garrett-2.jpg?resize=350%2C200&ssl=1","width":350,"height":200,"srcset":"https:\/\/i0.wp.com\/tomajazz.com\/web\/wp-content\/uploads\/2021\/11\/Kenny-Garrett-2.jpg?resize=350%2C200&ssl=1 1x, https:\/\/i0.wp.com\/tomajazz.com\/web\/wp-content\/uploads\/2021\/11\/Kenny-Garrett-2.jpg?resize=525%2C300&ssl=1 1.5x"},"classes":[]},{"id":63171,"url":"https:\/\/tomajazz.com\/web\/kenny-garrett-quintet-cafe-berlin-madrid-2022-04-26-concierto-de-jazz-por-carlos-lara-y-enrique-farelo\/","url_meta":{"origin":58021,"position":1},"title":"Kenny Garrett Quintet (Caf\u00e9 Berl\u00edn, Madrid. 2022-04-26) [Concierto de jazz] Por Carlos Lara y Enrique Farelo","author":"Tomajazz","date":"29 abril, 2022","format":false,"excerpt":"Carlos Lara (texto) y Enrique Farelo (im\u00e1genes), repasan la actuaci\u00f3n de Kenny Garrett Quintet en Caf\u00e9 Berl\u00edn (Madrid), el 26 de abril de 2022.","rel":"","context":"En \u00abConciertos...\u00bb","block_context":{"text":"Conciertos...","link":"https:\/\/tomajazz.com\/web\/category\/contenidos\/textos\/conciertos\/"},"img":{"alt_text":"Kenny Garrett Quintet (Caf\u00e9 Berl\u00edn, Madrid. 2022-04-26) [Concierto de jazz] Por Carlos Lara y Enrique Farelo","src":"https:\/\/i0.wp.com\/tomajazz.com\/web\/wp-content\/uploads\/2022\/04\/KENNY-GARRETT-I.jpg?resize=350%2C200&ssl=1","width":350,"height":200,"srcset":"https:\/\/i0.wp.com\/tomajazz.com\/web\/wp-content\/uploads\/2022\/04\/KENNY-GARRETT-I.jpg?resize=350%2C200&ssl=1 1x, https:\/\/i0.wp.com\/tomajazz.com\/web\/wp-content\/uploads\/2022\/04\/KENNY-GARRETT-I.jpg?resize=525%2C300&ssl=1 1.5x, https:\/\/i0.wp.com\/tomajazz.com\/web\/wp-content\/uploads\/2022\/04\/KENNY-GARRETT-I.jpg?resize=700%2C400&ssl=1 2x"},"classes":[]},{"id":58513,"url":"https:\/\/tomajazz.com\/web\/jazz-para-ti-64-jpt-t4-5-podcast-de-jazz-por-pachi-tapiz\/","url_meta":{"origin":58021,"position":2},"title":"Jazz Para Ti #64. JPT.T4.5 [Podcast de jazz] Por Pachi Tapiz","author":"Tomajazz","date":"12 noviembre, 2021","format":false,"excerpt":"Ya est\u00e1 disponible la entrega n\u00famero 64 de Jazz Para Ti, de la semana del 8 de noviembre de 2021. En el programa suena m\u00fasica de Underpool Collective, Artifacts, Kevin Sun y Kenny Garrett, entre otros.","rel":"","context":"En \u00abJazz Para Ti\u00bb","block_context":{"text":"Jazz Para Ti","link":"https:\/\/tomajazz.com\/web\/category\/contenidos\/sonidos\/podcast\/jazz_para_ti\/"},"img":{"alt_text":"Jazz Para Ti 64","src":"https:\/\/i0.wp.com\/tomajazz.com\/web\/wp-content\/uploads\/2021\/11\/JazzParaTi_64.jpg?resize=350%2C200&ssl=1","width":350,"height":200,"srcset":"https:\/\/i0.wp.com\/tomajazz.com\/web\/wp-content\/uploads\/2021\/11\/JazzParaTi_64.jpg?resize=350%2C200&ssl=1 1x, https:\/\/i0.wp.com\/tomajazz.com\/web\/wp-content\/uploads\/2021\/11\/JazzParaTi_64.jpg?resize=525%2C300&ssl=1 1.5x, https:\/\/i0.wp.com\/tomajazz.com\/web\/wp-content\/uploads\/2021\/11\/JazzParaTi_64.jpg?resize=700%2C400&ssl=1 2x"},"classes":[]},{"id":58373,"url":"https:\/\/tomajazz.com\/web\/jazzx5323-cecile-mclorin-salvant-easy-come-easy-go-blues-vv-aa-relief-mack-avenue-2021-minipodcast-de-jazz-por-pachi-tapiz\/","url_meta":{"origin":58021,"position":3},"title":"JazzX5#323. C\u00e9cile McLorin Salvant: \u00abEasy Come, Easy Go Blues\u00bb [VV.AA.: Relief (Mack Avenue, 2021)] [Minipodcast de jazz] Por Pachi Tapiz","author":"Tomajazz","date":"4 noviembre, 2021","format":false,"excerpt":"En JazzX5 la revisi\u00f3n de \"Easy Come, Easy Go Blues\" por C\u00e9cile McLorin Salvant que aparece en el disco ben\u00e9fico Relief (Mack Avenue, 2021). JazzX5 es un podcast, diario, de Pachi Tapiz.","rel":"","context":"En \u00abJazzX5\u00bb","block_context":{"text":"JazzX5","link":"https:\/\/tomajazz.com\/web\/category\/contenidos\/sonidos\/podcast\/jazzx5\/"},"img":{"alt_text":"","src":"https:\/\/i0.wp.com\/tomajazz.com\/web\/wp-content\/uploads\/2021\/11\/JazzX5_323.jpg?resize=350%2C200&ssl=1","width":350,"height":200,"srcset":"https:\/\/i0.wp.com\/tomajazz.com\/web\/wp-content\/uploads\/2021\/11\/JazzX5_323.jpg?resize=350%2C200&ssl=1 1x, https:\/\/i0.wp.com\/tomajazz.com\/web\/wp-content\/uploads\/2021\/11\/JazzX5_323.jpg?resize=525%2C300&ssl=1 1.5x, https:\/\/i0.wp.com\/tomajazz.com\/web\/wp-content\/uploads\/2021\/11\/JazzX5_323.jpg?resize=700%2C400&ssl=1 2x"},"classes":[]},{"id":38179,"url":"https:\/\/tomajazz.com\/web\/kenny-garrett-quintet-xxi-festival-internacional-de-jazz-san-javier-2018-07-14-concierto\/","url_meta":{"origin":58021,"position":4},"title":"Kenny Garrett Quintet (XXI Festival Internacional de Jazz San Javier. 2018-07-14) [Concierto]","author":"Tomajazz","date":"13 agosto, 2018","format":false,"excerpt":"Por\u00a0Jos\u00e9 Antonio Garc\u00eda L\u00f3pez\u00a0y\u00a0Rafa Mellado. XXI Festival Internacional de Jazz San Javier Fecha: 14 de julio de 2018 Lugar: Auditorio Parque Almansa (San Javier, Murcia) Grupo: Kenny Garrett Quintet Kenny Garrett: saxo alto y soprano. Vernell Brown: piano. Corcoran Holt: contrabajo. Samuel Laviso: bater\u00eda. Rudy Bird: percusi\u00f3n. \u00a0 Hace apenas\u2026","rel":"","context":"En \u00ab*_Jos\u00e9 Antonio Garc\u00eda L\u00f3pez\u00bb","block_context":{"text":"*_Jos\u00e9 Antonio Garc\u00eda L\u00f3pez","link":"https:\/\/tomajazz.com\/web\/category\/jose-antonio-garcia-lopez\/"},"img":{"alt_text":"","src":"https:\/\/i0.wp.com\/tomajazz.com\/web\/wp-content\/uploads\/2018\/08\/kenny_garret_12.jpg?resize=350%2C200&ssl=1","width":350,"height":200,"srcset":"https:\/\/i0.wp.com\/tomajazz.com\/web\/wp-content\/uploads\/2018\/08\/kenny_garret_12.jpg?resize=350%2C200&ssl=1 1x, https:\/\/i0.wp.com\/tomajazz.com\/web\/wp-content\/uploads\/2018\/08\/kenny_garret_12.jpg?resize=525%2C300&ssl=1 1.5x, https:\/\/i0.wp.com\/tomajazz.com\/web\/wp-content\/uploads\/2018\/08\/kenny_garret_12.jpg?resize=700%2C400&ssl=1 2x, https:\/\/i0.wp.com\/tomajazz.com\/web\/wp-content\/uploads\/2018\/08\/kenny_garret_12.jpg?resize=1050%2C600&ssl=1 3x"},"classes":[]},{"id":25800,"url":"https:\/\/tomajazz.com\/web\/kenny-garrett-quintet-jazz-en-la-costa-29-festival-internacional-de-almunecar-2016-07-21\/","url_meta":{"origin":58021,"position":5},"title":"Kenny Garrett Quintet (Jazz en la Costa. 29 Festival Internacional de Almu\u00f1\u00e9car. 2016-07-21) [Concierto]","author":"Sergio Cabanillas","date":"4 agosto, 2016","format":false,"excerpt":"Kenny Garrett Quintet actu\u00f3 en el 29\u00ba Jazz en la Costa, el 21 de julio de 2016. Diego Ortega Alonso relata la actuaci\u00f3n","rel":"","context":"En \u00ab*_Diego Ortega Alonso\u00bb","block_context":{"text":"*_Diego Ortega Alonso","link":"https:\/\/tomajazz.com\/web\/category\/diego-ortega-alonso\/"},"img":{"alt_text":"Kenny Garrett Quintet \u00a9 Juan Jes\u00fas Garc\u00eda","src":"https:\/\/i0.wp.com\/tomajazz.com\/web\/wp-content\/uploads\/2016\/08\/garret-ideal101.jpg?resize=350%2C200&ssl=1","width":350,"height":200,"srcset":"https:\/\/i0.wp.com\/tomajazz.com\/web\/wp-content\/uploads\/2016\/08\/garret-ideal101.jpg?resize=350%2C200&ssl=1 1x, https:\/\/i0.wp.com\/tomajazz.com\/web\/wp-content\/uploads\/2016\/08\/garret-ideal101.jpg?resize=525%2C300&ssl=1 1.5x"},"classes":[]}],"_links":{"self":[{"href":"https:\/\/tomajazz.com\/web\/wp-json\/wp\/v2\/posts\/58021","targetHints":{"allow":["GET"]}}],"collection":[{"href":"https:\/\/tomajazz.com\/web\/wp-json\/wp\/v2\/posts"}],"about":[{"href":"https:\/\/tomajazz.com\/web\/wp-json\/wp\/v2\/types\/post"}],"author":[{"embeddable":true,"href":"https:\/\/tomajazz.com\/web\/wp-json\/wp\/v2\/users\/1"}],"replies":[{"embeddable":true,"href":"https:\/\/tomajazz.com\/web\/wp-json\/wp\/v2\/comments?post=58021"}],"version-history":[{"count":1,"href":"https:\/\/tomajazz.com\/web\/wp-json\/wp\/v2\/posts\/58021\/revisions"}],"predecessor-version":[{"id":58024,"href":"https:\/\/tomajazz.com\/web\/wp-json\/wp\/v2\/posts\/58021\/revisions\/58024"}],"wp:featuredmedia":[{"embeddable":true,"href":"https:\/\/tomajazz.com\/web\/wp-json\/wp\/v2\/media\/58023"}],"wp:attachment":[{"href":"https:\/\/tomajazz.com\/web\/wp-json\/wp\/v2\/media?parent=58021"}],"wp:term":[{"taxonomy":"category","embeddable":true,"href":"https:\/\/tomajazz.com\/web\/wp-json\/wp\/v2\/categories?post=58021"},{"taxonomy":"post_tag","embeddable":true,"href":"https:\/\/tomajazz.com\/web\/wp-json\/wp\/v2\/tags?post=58021"}],"curies":[{"name":"wp","href":"https:\/\/api.w.org\/{rel}","templated":true}]}}