{"id":58690,"date":"2021-11-18T12:00:18","date_gmt":"2021-11-18T11:00:18","guid":{"rendered":"https:\/\/www.tomajazz.com\/web\/?p=58690"},"modified":"2021-11-17T20:41:36","modified_gmt":"2021-11-17T19:41:36","slug":"instantzz-jordi-sabates-pianissim-23e-festival-jazz-vic-la-jazz-cava-vic-barcelona-2021-10-07-galeria-fotografica-aka-fotoblog-de-jazz-impro-y-algo-mas-por-joan","status":"publish","type":"post","link":"https:\/\/tomajazz.com\/web\/instantzz-jordi-sabates-pianissim-23e-festival-jazz-vic-la-jazz-cava-vic-barcelona-2021-10-07-galeria-fotografica-aka-fotoblog-de-jazz-impro-y-algo-mas-por-joan\/","title":{"rendered":"INSTANTZZ: Jordi Sabat\u00e9s \u201cPian\u00edssim\u201d (23\u00e8 Festival Jazz Vic \/ La Jazz Cava, Vic -Barcelona-.  2021-10-07) [Galer\u00eda fotogr\u00e1fica AKA Fotoblog de jazz, impro\u2026 y algo m\u00e1s] Por Joan Cort\u00e8s"},"content":{"rendered":"<p><a href=\"http:\/\/www.festivaljazzvic.cat\/\" target=\"_blank\" rel=\"noopener\"><strong>23\u00e8 Festival Jazz Vic<\/strong><\/a><\/p>\n<ul>\n<li>Fecha: jueves, 07 de octubre de 2021<\/li>\n<li>Lugar: La Jazz Cava (Vic -Barcelona-)<\/li>\n<li>Grupo:<br \/>\n<strong>Jordi Sabat\u00e9s<br \/>\n<\/strong>Jordi Sabat\u00e9s, piano<\/li>\n<\/ul>\n<p style=\"text-align: center;\"><img loading=\"lazy\" decoding=\"async\" class=\"aligncenter size-full wp-image-58691\" src=\"https:\/\/tomajazz.com\/web\/wp-content\/uploads\/2021\/11\/01_Jrd-Sbts-Joan-Cortes_17oct21_JzzCv_lhmbr-Fstvl-Jzz_Vc.jpg\" alt=\"\" width=\"400\" height=\"600\" title=\"\" srcset=\"https:\/\/tomajazz.com\/web\/wp-content\/uploads\/2021\/11\/01_Jrd-Sbts-Joan-Cortes_17oct21_JzzCv_lhmbr-Fstvl-Jzz_Vc.jpg 400w, https:\/\/tomajazz.com\/web\/wp-content\/uploads\/2021\/11\/01_Jrd-Sbts-Joan-Cortes_17oct21_JzzCv_lhmbr-Fstvl-Jzz_Vc-133x200.jpg 133w, https:\/\/tomajazz.com\/web\/wp-content\/uploads\/2021\/11\/01_Jrd-Sbts-Joan-Cortes_17oct21_JzzCv_lhmbr-Fstvl-Jzz_Vc-367x550.jpg 367w, https:\/\/tomajazz.com\/web\/wp-content\/uploads\/2021\/11\/01_Jrd-Sbts-Joan-Cortes_17oct21_JzzCv_lhmbr-Fstvl-Jzz_Vc-333x500.jpg 333w\" sizes=\"auto, (max-width: 400px) 100vw, 400px\" \/> <img loading=\"lazy\" decoding=\"async\" class=\"aligncenter size-full wp-image-58692\" src=\"https:\/\/tomajazz.com\/web\/wp-content\/uploads\/2021\/11\/02_Jrd-Sbts-Joan-Cortes_17oct21_JzzCv_lhmbr-Fstvl-Jzz_Vc.jpg\" alt=\"\" width=\"600\" height=\"400\" title=\"\" srcset=\"https:\/\/tomajazz.com\/web\/wp-content\/uploads\/2021\/11\/02_Jrd-Sbts-Joan-Cortes_17oct21_JzzCv_lhmbr-Fstvl-Jzz_Vc.jpg 600w, https:\/\/tomajazz.com\/web\/wp-content\/uploads\/2021\/11\/02_Jrd-Sbts-Joan-Cortes_17oct21_JzzCv_lhmbr-Fstvl-Jzz_Vc-200x133.jpg 200w, https:\/\/tomajazz.com\/web\/wp-content\/uploads\/2021\/11\/02_Jrd-Sbts-Joan-Cortes_17oct21_JzzCv_lhmbr-Fstvl-Jzz_Vc-465x310.jpg 465w\" sizes=\"auto, (max-width: 600px) 100vw, 600px\" \/> <img loading=\"lazy\" decoding=\"async\" class=\"aligncenter size-full wp-image-58693\" src=\"https:\/\/tomajazz.com\/web\/wp-content\/uploads\/2021\/11\/03_Jrd-Sbts-Joan-Cortes_17oct21_JzzCv_lhmbr-Fstvl-Jzz_Vc.jpg\" alt=\"\" width=\"400\" height=\"600\" title=\"\" srcset=\"https:\/\/tomajazz.com\/web\/wp-content\/uploads\/2021\/11\/03_Jrd-Sbts-Joan-Cortes_17oct21_JzzCv_lhmbr-Fstvl-Jzz_Vc.jpg 400w, https:\/\/tomajazz.com\/web\/wp-content\/uploads\/2021\/11\/03_Jrd-Sbts-Joan-Cortes_17oct21_JzzCv_lhmbr-Fstvl-Jzz_Vc-133x200.jpg 133w, https:\/\/tomajazz.com\/web\/wp-content\/uploads\/2021\/11\/03_Jrd-Sbts-Joan-Cortes_17oct21_JzzCv_lhmbr-Fstvl-Jzz_Vc-367x550.jpg 367w, https:\/\/tomajazz.com\/web\/wp-content\/uploads\/2021\/11\/03_Jrd-Sbts-Joan-Cortes_17oct21_JzzCv_lhmbr-Fstvl-Jzz_Vc-333x500.jpg 333w\" sizes=\"auto, (max-width: 400px) 100vw, 400px\" \/> <img loading=\"lazy\" decoding=\"async\" class=\"aligncenter size-full wp-image-58694\" src=\"https:\/\/tomajazz.com\/web\/wp-content\/uploads\/2021\/11\/04_Jrd-Sbts-Joan-Cortes_17oct21_JzzCv_lhmbr-Fstvl-Jzz_Vc.jpg\" alt=\"\" width=\"400\" height=\"600\" title=\"\" srcset=\"https:\/\/tomajazz.com\/web\/wp-content\/uploads\/2021\/11\/04_Jrd-Sbts-Joan-Cortes_17oct21_JzzCv_lhmbr-Fstvl-Jzz_Vc.jpg 400w, https:\/\/tomajazz.com\/web\/wp-content\/uploads\/2021\/11\/04_Jrd-Sbts-Joan-Cortes_17oct21_JzzCv_lhmbr-Fstvl-Jzz_Vc-133x200.jpg 133w, https:\/\/tomajazz.com\/web\/wp-content\/uploads\/2021\/11\/04_Jrd-Sbts-Joan-Cortes_17oct21_JzzCv_lhmbr-Fstvl-Jzz_Vc-367x550.jpg 367w, https:\/\/tomajazz.com\/web\/wp-content\/uploads\/2021\/11\/04_Jrd-Sbts-Joan-Cortes_17oct21_JzzCv_lhmbr-Fstvl-Jzz_Vc-333x500.jpg 333w\" sizes=\"auto, (max-width: 400px) 100vw, 400px\" \/> <img loading=\"lazy\" decoding=\"async\" class=\"aligncenter size-full wp-image-58695\" src=\"https:\/\/tomajazz.com\/web\/wp-content\/uploads\/2021\/11\/05_Jrd-Sbts-Joan-Cortes_17oct21_JzzCv_lhmbr-Fstvl-Jzz_Vc.jpg\" alt=\"\" width=\"600\" height=\"400\" title=\"\" srcset=\"https:\/\/tomajazz.com\/web\/wp-content\/uploads\/2021\/11\/05_Jrd-Sbts-Joan-Cortes_17oct21_JzzCv_lhmbr-Fstvl-Jzz_Vc.jpg 600w, https:\/\/tomajazz.com\/web\/wp-content\/uploads\/2021\/11\/05_Jrd-Sbts-Joan-Cortes_17oct21_JzzCv_lhmbr-Fstvl-Jzz_Vc-200x133.jpg 200w, https:\/\/tomajazz.com\/web\/wp-content\/uploads\/2021\/11\/05_Jrd-Sbts-Joan-Cortes_17oct21_JzzCv_lhmbr-Fstvl-Jzz_Vc-465x310.jpg 465w\" sizes=\"auto, (max-width: 600px) 100vw, 600px\" \/> <img loading=\"lazy\" decoding=\"async\" class=\"aligncenter size-full wp-image-58696\" src=\"https:\/\/tomajazz.com\/web\/wp-content\/uploads\/2021\/11\/06_Jrd-Sbts-Joan-Cortes_17oct21_JzzCv_lhmbr-Fstvl-Jzz_Vc.jpg\" alt=\"\" width=\"400\" height=\"600\" title=\"\" srcset=\"https:\/\/tomajazz.com\/web\/wp-content\/uploads\/2021\/11\/06_Jrd-Sbts-Joan-Cortes_17oct21_JzzCv_lhmbr-Fstvl-Jzz_Vc.jpg 400w, https:\/\/tomajazz.com\/web\/wp-content\/uploads\/2021\/11\/06_Jrd-Sbts-Joan-Cortes_17oct21_JzzCv_lhmbr-Fstvl-Jzz_Vc-133x200.jpg 133w, https:\/\/tomajazz.com\/web\/wp-content\/uploads\/2021\/11\/06_Jrd-Sbts-Joan-Cortes_17oct21_JzzCv_lhmbr-Fstvl-Jzz_Vc-367x550.jpg 367w, https:\/\/tomajazz.com\/web\/wp-content\/uploads\/2021\/11\/06_Jrd-Sbts-Joan-Cortes_17oct21_JzzCv_lhmbr-Fstvl-Jzz_Vc-333x500.jpg 333w\" sizes=\"auto, (max-width: 400px) 100vw, 400px\" \/> <img loading=\"lazy\" decoding=\"async\" class=\"aligncenter size-full wp-image-58697\" src=\"https:\/\/tomajazz.com\/web\/wp-content\/uploads\/2021\/11\/07_Jrd-Sbts-Joan-Cortes_17oct21_JzzCv_lhmbr-Fstvl-Jzz_Vc.jpg\" alt=\"\" width=\"400\" height=\"600\" title=\"\" srcset=\"https:\/\/tomajazz.com\/web\/wp-content\/uploads\/2021\/11\/07_Jrd-Sbts-Joan-Cortes_17oct21_JzzCv_lhmbr-Fstvl-Jzz_Vc.jpg 400w, https:\/\/tomajazz.com\/web\/wp-content\/uploads\/2021\/11\/07_Jrd-Sbts-Joan-Cortes_17oct21_JzzCv_lhmbr-Fstvl-Jzz_Vc-133x200.jpg 133w, https:\/\/tomajazz.com\/web\/wp-content\/uploads\/2021\/11\/07_Jrd-Sbts-Joan-Cortes_17oct21_JzzCv_lhmbr-Fstvl-Jzz_Vc-367x550.jpg 367w, https:\/\/tomajazz.com\/web\/wp-content\/uploads\/2021\/11\/07_Jrd-Sbts-Joan-Cortes_17oct21_JzzCv_lhmbr-Fstvl-Jzz_Vc-333x500.jpg 333w\" sizes=\"auto, (max-width: 400px) 100vw, 400px\" \/> <img loading=\"lazy\" decoding=\"async\" class=\"aligncenter size-full wp-image-58698\" src=\"https:\/\/tomajazz.com\/web\/wp-content\/uploads\/2021\/11\/08_Jrd-Sbts-Joan-Cortes_17oct21_JzzCv_lhmbr-Fstvl-Jzz_Vc.jpg\" alt=\"\" width=\"400\" height=\"600\" title=\"\" srcset=\"https:\/\/tomajazz.com\/web\/wp-content\/uploads\/2021\/11\/08_Jrd-Sbts-Joan-Cortes_17oct21_JzzCv_lhmbr-Fstvl-Jzz_Vc.jpg 400w, https:\/\/tomajazz.com\/web\/wp-content\/uploads\/2021\/11\/08_Jrd-Sbts-Joan-Cortes_17oct21_JzzCv_lhmbr-Fstvl-Jzz_Vc-133x200.jpg 133w, https:\/\/tomajazz.com\/web\/wp-content\/uploads\/2021\/11\/08_Jrd-Sbts-Joan-Cortes_17oct21_JzzCv_lhmbr-Fstvl-Jzz_Vc-367x550.jpg 367w, https:\/\/tomajazz.com\/web\/wp-content\/uploads\/2021\/11\/08_Jrd-Sbts-Joan-Cortes_17oct21_JzzCv_lhmbr-Fstvl-Jzz_Vc-333x500.jpg 333w\" sizes=\"auto, (max-width: 400px) 100vw, 400px\" \/> <img loading=\"lazy\" decoding=\"async\" class=\"aligncenter size-full wp-image-58699\" src=\"https:\/\/tomajazz.com\/web\/wp-content\/uploads\/2021\/11\/09_Jrd-Sbts-Joan-Cortes_17oct21_JzzCv_lhmbr-Fstvl-Jzz_Vc.jpg\" alt=\"\" width=\"600\" height=\"400\" title=\"\" srcset=\"https:\/\/tomajazz.com\/web\/wp-content\/uploads\/2021\/11\/09_Jrd-Sbts-Joan-Cortes_17oct21_JzzCv_lhmbr-Fstvl-Jzz_Vc.jpg 600w, https:\/\/tomajazz.com\/web\/wp-content\/uploads\/2021\/11\/09_Jrd-Sbts-Joan-Cortes_17oct21_JzzCv_lhmbr-Fstvl-Jzz_Vc-200x133.jpg 200w, https:\/\/tomajazz.com\/web\/wp-content\/uploads\/2021\/11\/09_Jrd-Sbts-Joan-Cortes_17oct21_JzzCv_lhmbr-Fstvl-Jzz_Vc-465x310.jpg 465w\" sizes=\"auto, (max-width: 600px) 100vw, 600px\" \/> <img loading=\"lazy\" decoding=\"async\" class=\"aligncenter size-full wp-image-58700\" src=\"https:\/\/tomajazz.com\/web\/wp-content\/uploads\/2021\/11\/10_Jrd-Sbts-Joan-Cortes_17oct21_JzzCv_lhmbr-Fstvl-Jzz_Vc.jpg\" alt=\"\" width=\"600\" height=\"400\" title=\"\" srcset=\"https:\/\/tomajazz.com\/web\/wp-content\/uploads\/2021\/11\/10_Jrd-Sbts-Joan-Cortes_17oct21_JzzCv_lhmbr-Fstvl-Jzz_Vc.jpg 600w, https:\/\/tomajazz.com\/web\/wp-content\/uploads\/2021\/11\/10_Jrd-Sbts-Joan-Cortes_17oct21_JzzCv_lhmbr-Fstvl-Jzz_Vc-200x133.jpg 200w, https:\/\/tomajazz.com\/web\/wp-content\/uploads\/2021\/11\/10_Jrd-Sbts-Joan-Cortes_17oct21_JzzCv_lhmbr-Fstvl-Jzz_Vc-465x310.jpg 465w\" sizes=\"auto, (max-width: 600px) 100vw, 600px\" \/><\/p>\n<p style=\"text-align: right;\">Tomajazz: \u00a9 J<strong>oan Cort\u00e8s<\/strong>, 2021<\/p>\n<p>M\u00e1s informaci\u00f3n sobre Jordi Sabat\u00e8s en Tomajazz: <a href=\"https:\/\/tomajazz.com\/web\/?s=jordi+sabates&amp;submit=Search\" target=\"_blank\" rel=\"noopener\">https:\/\/tomajazz.com\/web\/?s=jordi+sabates&amp;submit=Search<\/a><\/p>\n","protected":false},"excerpt":{"rendered":"<p>En INSTANTAZZ publicamos una galer\u00eda fotogr\u00e1fica de Joan Cort\u00e8s del pianista Jordi Sabat\u00e9s con su proyecto \u201cPian\u00edssim\u201d en directo en el 23\u00e8 Festival Jazz Vic 2021.<span class=\"more-link\"><a href=\"https:\/\/tomajazz.com\/web\/instantzz-jordi-sabates-pianissim-23e-festival-jazz-vic-la-jazz-cava-vic-barcelona-2021-10-07-galeria-fotografica-aka-fotoblog-de-jazz-impro-y-algo-mas-por-joan\/\">Contin\u00faa leyendo<\/a><\/span><\/p>\n","protected":false},"author":1,"featured_media":58700,"comment_status":"open","ping_status":"closed","sticky":false,"template":"","format":"standard","meta":{"jetpack_post_was_ever_published":false,"_jetpack_newsletter_access":"","_jetpack_dont_email_post_to_subs":false,"_jetpack_newsletter_tier_id":0,"_jetpack_memberships_contains_paywalled_content":false,"_jetpack_memberships_contains_paid_content":false,"footnotes":""},"categories":[11261,17853,11262,15516,1038],"tags":[1041,26100,26101],"class_list":["entry","author-pachi","has-excerpt","post-58690","post","type-post","status-publish","format-standard","has-post-thumbnail","category-instantzz","category-joan-cortes","category-photoblogs","category-imagenes","category-contenidos","tag-joan-cortes","tag-jordi-sabates","tag-jordi-sabates-pianissim"],"jetpack_featured_media_url":"https:\/\/tomajazz.com\/web\/wp-content\/uploads\/2021\/11\/10_Jrd-Sbts-Joan-Cortes_17oct21_JzzCv_lhmbr-Fstvl-Jzz_Vc.jpg","jetpack_likes_enabled":true,"jetpack_sharing_enabled":true,"jetpack-related-posts":[{"id":58781,"url":"https:\/\/tomajazz.com\/web\/jordi-sabates-pianissim-23e-festival-jazz-vic-la-jazz-cava-vic-barcelona-2021-10-07-conciertos-de-jazz-por-joan-cortes\/","url_meta":{"origin":58690,"position":0},"title":"Jordi Sabat\u00e9s \u201cPian\u00edssim\u201d (23\u00e8 Festival Jazz Vic \/ La Jazz Cava, Vic -Barcelona-.  2021-10-07)  [Conciertos de jazz] Por Joan Cort\u00e8s","author":"Tomajazz","date":"21 noviembre, 2021","format":false,"excerpt":"Jordi Sabat\u00e9s \u201cPian\u00edssim\u201d","rel":"","context":"En \u00ab*_Joan Cort\u00e8s\u00bb","block_context":{"text":"*_Joan Cort\u00e8s","link":"https:\/\/tomajazz.com\/web\/category\/joan-cortes\/"},"img":{"alt_text":"Jordi Sabat\u00e9s \u201cPian\u00edssim\u201d","src":"https:\/\/i0.wp.com\/tomajazz.com\/web\/wp-content\/uploads\/2021\/11\/02_Jrd-Sbts-Joan-Cortes_07oct21_23Fstvl-Jzz-Vc.jpg?resize=350%2C200&ssl=1","width":350,"height":200,"srcset":"https:\/\/i0.wp.com\/tomajazz.com\/web\/wp-content\/uploads\/2021\/11\/02_Jrd-Sbts-Joan-Cortes_07oct21_23Fstvl-Jzz-Vc.jpg?resize=350%2C200&ssl=1 1x, https:\/\/i0.wp.com\/tomajazz.com\/web\/wp-content\/uploads\/2021\/11\/02_Jrd-Sbts-Joan-Cortes_07oct21_23Fstvl-Jzz-Vc.jpg?resize=525%2C300&ssl=1 1.5x"},"classes":[]},{"id":60139,"url":"https:\/\/tomajazz.com\/web\/jordi-sabates-in-memoriam\/","url_meta":{"origin":58690,"position":1},"title":"Jordi Sabat\u00e9s In Memoriam","author":"Tomajazz","date":"12 enero, 2022","format":false,"excerpt":"Desde Tomajazz un peque\u00f1o homenaje al pianista Jordi Sabat\u00e9s.","rel":"","context":"En \u00ab*_Pachi Tapiz\u00bb","block_context":{"text":"*_Pachi Tapiz","link":"https:\/\/tomajazz.com\/web\/category\/pachi-tapiz\/"},"img":{"alt_text":"Jordi Sabat\u00e9s In Memoriam","src":"https:\/\/i0.wp.com\/tomajazz.com\/web\/wp-content\/uploads\/2022\/01\/Ob_Jrd-Sbts-Joan-Cortes_07oct21_Jzz-Cv-Vc.jpg?resize=350%2C200&ssl=1","width":350,"height":200,"srcset":"https:\/\/i0.wp.com\/tomajazz.com\/web\/wp-content\/uploads\/2022\/01\/Ob_Jrd-Sbts-Joan-Cortes_07oct21_Jzz-Cv-Vc.jpg?resize=350%2C200&ssl=1 1x, https:\/\/i0.wp.com\/tomajazz.com\/web\/wp-content\/uploads\/2022\/01\/Ob_Jrd-Sbts-Joan-Cortes_07oct21_Jzz-Cv-Vc.jpg?resize=525%2C300&ssl=1 1.5x"},"classes":[]},{"id":102929,"url":"https:\/\/tomajazz.com\/web\/samuel-blaser-marc-ducret-peter-bruun-jazz-cava-2025\/","url_meta":{"origin":58690,"position":2},"title":"Samuel Blaser, Marc Ducret &#038; Peter Bruun (Jazz Cava, 2025-11-20 \/ Vic -Barcelona-) Por Joan Cort\u00e8s [INSTANTZZ AKA Galer\u00eda fotogr\u00e1fica AKA Fotoblog de jazz, impro\u2026 y algo m\u00e1s]","author":"Tomajazz","date":"23 diciembre, 2025","format":false,"excerpt":"Samuel Blaser, Marc Ducret & Peter Bruun actuaron en la Jazz Cava de Vic, el 20 e noviembre de 2025. Joan Cort\u00e8s lo retrata en INSTANTZZ","rel":"","context":"En \u00ab*_Joan Cort\u00e8s\u00bb","block_context":{"text":"*_Joan Cort\u00e8s","link":"https:\/\/tomajazz.com\/web\/category\/joan-cortes\/"},"img":{"alt_text":"Samuel Blaser, Marc Ducret & Peter Bruun (Jazz Cava, 2025-11-20 \/ Vic -Barcelona-) Por Joan Cort\u00e8s [INSTANTZZ AKA Galer\u00eda fotogr\u00e1fica AKA Fotoblog de jazz, impro\u2026 y algo m\u00e1s] - Tomajazz - Samuel Blaser, Marc Ducret & Peter Bruun actuaron en la Jazz Cava de Vic, el 20 e noviembre de 2025. Joan Cort\u00e8s lo retrata en INSTANTZZ","src":"https:\/\/i0.wp.com\/tomajazz.com\/web\/wp-content\/uploads\/2025\/12\/destacado-07-Blsr-Dcrt-Brn-Photo-By-Joan-Cortes-20nvm25-JzzCv-Vc.jpg?resize=350%2C200&ssl=1","width":350,"height":200,"srcset":"https:\/\/i0.wp.com\/tomajazz.com\/web\/wp-content\/uploads\/2025\/12\/destacado-07-Blsr-Dcrt-Brn-Photo-By-Joan-Cortes-20nvm25-JzzCv-Vc.jpg?resize=350%2C200&ssl=1 1x, https:\/\/i0.wp.com\/tomajazz.com\/web\/wp-content\/uploads\/2025\/12\/destacado-07-Blsr-Dcrt-Brn-Photo-By-Joan-Cortes-20nvm25-JzzCv-Vc.jpg?resize=525%2C300&ssl=1 1.5x"},"classes":[]},{"id":75327,"url":"https:\/\/tomajazz.com\/web\/homenatge-a-jordi-sabates-2023\/","url_meta":{"origin":58690,"position":3},"title":"Homenatge a Jordi Sabat\u00e8s (Festival BarnaSants, Luz de Gas, 2023-05-13. Barcelona) Por Joan Cort\u00e8s [INSTANTZZ AKA Galer\u00eda fotogr\u00e1fica AKA Fotoblog de jazz, impro\u2026 y algo m\u00e1s]","author":"Tomajazz","date":"27 junio, 2023","format":false,"excerpt":"El 13 de mayo de 2023 tuvo lugar un Homenatge a Jordi Sabat\u00e8s en el Festival BarnaSants, en Luz de Gas (Barcelona). Joan Cort\u00e8s retrata la velada en INSTANTZZ.","rel":"","context":"En \u00abINSTANTZZ\u00bb","block_context":{"text":"INSTANTZZ","link":"https:\/\/tomajazz.com\/web\/category\/contenidos\/imagenes\/photoblogs\/instantzz\/"},"img":{"alt_text":"Homenatge a Jordi Sabat\u00e8s (Festival BarnaSants, Luz de Gas, 2023-05-13. Barcelona) Por Joan Cort\u00e8s [INSTANTZZ AKA Galer\u00eda fotogr\u00e1fica AKA Fotoblog de jazz, impro\u2026 y algo m\u00e1s] - Tomajazz 9.0 - El 13 de mayo de 2023 tuvo lugar un Homenatge a Jordi Sabat\u00e8s en el Festival BarnaSants, en Luz de Gas (Barcelona). Joan Cort\u00e8s retrata la velada en INSTANTZZ.","src":"https:\/\/i0.wp.com\/tomajazz.com\/web\/wp-content\/uploads\/2023\/06\/13-Hmntg-Jrd-Sbts-%C2%A9Joan-Cortes-13mg23-Lz-d-Gs-Bcn-Homenatge-a-Jordi-Sabates-Festival-BarnaSants-Luz-de-Gas-2023-05-13-Barcelona-Joan-Cortes-INSTANTZZ.jpg?resize=350%2C200&ssl=1","width":350,"height":200,"srcset":"https:\/\/i0.wp.com\/tomajazz.com\/web\/wp-content\/uploads\/2023\/06\/13-Hmntg-Jrd-Sbts-%C2%A9Joan-Cortes-13mg23-Lz-d-Gs-Bcn-Homenatge-a-Jordi-Sabates-Festival-BarnaSants-Luz-de-Gas-2023-05-13-Barcelona-Joan-Cortes-INSTANTZZ.jpg?resize=350%2C200&ssl=1 1x, https:\/\/i0.wp.com\/tomajazz.com\/web\/wp-content\/uploads\/2023\/06\/13-Hmntg-Jrd-Sbts-%C2%A9Joan-Cortes-13mg23-Lz-d-Gs-Bcn-Homenatge-a-Jordi-Sabates-Festival-BarnaSants-Luz-de-Gas-2023-05-13-Barcelona-Joan-Cortes-INSTANTZZ.jpg?resize=525%2C300&ssl=1 1.5x"},"classes":[]},{"id":104990,"url":"https:\/\/tomajazz.com\/web\/adam-ofarrill-elephant-jazz-cava-vic-2026\/","url_meta":{"origin":58690,"position":4},"title":"Adam O\u2019Farrill Elephant (Jazz Cava, 2026-03-12 \/ Vic -Barcelona-) Por Joan Cort\u00e8s [INSTANTZZ AKA Galer\u00eda fotogr\u00e1fica AKA Fotoblog de jazz, impro\u2026 y algo m\u00e1s]","author":"Tomajazz","date":"21 abril, 2026","format":false,"excerpt":"Adam O\u2019Farrill Elephant actu\u00f3 en la Jazz Cava de VIc, el 12 de marzo de 2026-03. Joan Cort\u00e8s lo retrata en INSTANTZZ. Adam O\u2019Farrill Elephant son Adam O\u2019Farrill, Yvonne Rogers, Walter Stinson, Russell Holzman","rel":"","context":"En \u00abINSTANTZZ\u00bb","block_context":{"text":"INSTANTZZ","link":"https:\/\/tomajazz.com\/web\/category\/contenidos\/imagenes\/photoblogs\/instantzz\/"},"img":{"alt_text":"Adam O\u2019Farrill Elephant (Jazz Cava, 2026-03-12 \/ Vic -Barcelona-) Por Joan Cort\u00e8s [INSTANTZZ AKA Galer\u00eda fotogr\u00e1fica AKA Fotoblog de jazz, impro\u2026 y algo m\u00e1s] - Tomajazz - Adam O\u2019Farrill Elephant actu\u00f3 en la Jazz Cava de VIc, el 12 de marzo de 2026-03. Joan Cort\u00e8s lo retrata en INSTANTZZ. Adam O\u2019Farrill Elephant son Adam O\u2019Farrill, Yvonne Rogers, Walter Stinson, Russell Holzman\n","src":"https:\/\/i0.wp.com\/tomajazz.com\/web\/wp-content\/uploads\/2026\/04\/destacada-10-dm-Frrl-lphnt-Photo-by-Joan-Cortes-12mrc26-LJzzCv-Vc.jpg?resize=350%2C200&ssl=1","width":350,"height":200},"classes":[]},{"id":104847,"url":"https:\/\/tomajazz.com\/web\/alba-careta-group-panical-jazz-granollers-2026\/","url_meta":{"origin":58690,"position":5},"title":"Alba Careta Group \u201cPanical\u201d (36\u00e8 Jazz Granollers Festival \/ Casino, 2026-02-27 \/ Granollers -Barcelona-) [II] Por Joan Cort\u00e8s [INSTANTZZ AKA Galer\u00eda fotogr\u00e1fica AKA Fotoblog de jazz, impro\u2026 y algo m\u00e1s]","author":"Tomajazz","date":"12 abril, 2026","format":false,"excerpt":"Alba Careta Group \u201cPanical\u201d actu\u00f3 en el 36\u00e8 Jazz Granollers Festival, el 27 de febrero de 2026. Joan Cort\u00e8s lo retrata en INSTANTZZ. Alba Careta Group \u201cPanical\u201d son Alba Careta, Lucas Mart\u00ednez, Roger Santacana, Giuseppe Campisi, Jordi Pallar\u00e9s","rel":"","context":"En \u00ab36 Jazz Granollers Festival 2026\u00bb","block_context":{"text":"36 Jazz Granollers Festival 2026","link":"https:\/\/tomajazz.com\/web\/category\/contenidos\/especial-contenidos\/36-jazz-granollers-festival-2026\/"},"img":{"alt_text":"Alba Careta Group \u201cPanical\u201d (36\u00e8 Jazz Granollers Festival \/ Casino, 2026-02-27 \/ Granollers -Barcelona-) [II] Por Joan Cort\u00e8s [INSTANTZZ AKA Galer\u00eda fotogr\u00e1fica AKA Fotoblog de jazz, impro\u2026 y algo m\u00e1s] - Tomajazz - Alba Careta Group \u201cPanical\u201d actu\u00f3 en el 36\u00e8 Jazz Granollers Festival, el 27 de febrero de 2026. Joan Cort\u00e8s lo retrata en INSTANTZZ. Alba Careta Group \u201cPanical\u201d son Alba Careta, Lucas Mart\u00ednez, Roger Santacana, Giuseppe Campisi, Jordi Pallar\u00e9s\n","src":"https:\/\/i0.wp.com\/tomajazz.com\/web\/wp-content\/uploads\/2026\/04\/destacada-03-lb-Crt-Grp-Photo-by-Joan-Cortes-27fbr26-36JGF-CG-CR-Grnllrs.jpg?resize=350%2C200&ssl=1","width":350,"height":200,"srcset":"https:\/\/i0.wp.com\/tomajazz.com\/web\/wp-content\/uploads\/2026\/04\/destacada-03-lb-Crt-Grp-Photo-by-Joan-Cortes-27fbr26-36JGF-CG-CR-Grnllrs.jpg?resize=350%2C200&ssl=1 1x, https:\/\/i0.wp.com\/tomajazz.com\/web\/wp-content\/uploads\/2026\/04\/destacada-03-lb-Crt-Grp-Photo-by-Joan-Cortes-27fbr26-36JGF-CG-CR-Grnllrs.jpg?resize=525%2C300&ssl=1 1.5x"},"classes":[]}],"_links":{"self":[{"href":"https:\/\/tomajazz.com\/web\/wp-json\/wp\/v2\/posts\/58690","targetHints":{"allow":["GET"]}}],"collection":[{"href":"https:\/\/tomajazz.com\/web\/wp-json\/wp\/v2\/posts"}],"about":[{"href":"https:\/\/tomajazz.com\/web\/wp-json\/wp\/v2\/types\/post"}],"author":[{"embeddable":true,"href":"https:\/\/tomajazz.com\/web\/wp-json\/wp\/v2\/users\/1"}],"replies":[{"embeddable":true,"href":"https:\/\/tomajazz.com\/web\/wp-json\/wp\/v2\/comments?post=58690"}],"version-history":[{"count":1,"href":"https:\/\/tomajazz.com\/web\/wp-json\/wp\/v2\/posts\/58690\/revisions"}],"predecessor-version":[{"id":58701,"href":"https:\/\/tomajazz.com\/web\/wp-json\/wp\/v2\/posts\/58690\/revisions\/58701"}],"wp:featuredmedia":[{"embeddable":true,"href":"https:\/\/tomajazz.com\/web\/wp-json\/wp\/v2\/media\/58700"}],"wp:attachment":[{"href":"https:\/\/tomajazz.com\/web\/wp-json\/wp\/v2\/media?parent=58690"}],"wp:term":[{"taxonomy":"category","embeddable":true,"href":"https:\/\/tomajazz.com\/web\/wp-json\/wp\/v2\/categories?post=58690"},{"taxonomy":"post_tag","embeddable":true,"href":"https:\/\/tomajazz.com\/web\/wp-json\/wp\/v2\/tags?post=58690"}],"curies":[{"name":"wp","href":"https:\/\/api.w.org\/{rel}","templated":true}]}}