{"id":58796,"date":"2021-11-22T12:00:54","date_gmt":"2021-11-22T11:00:54","guid":{"rendered":"https:\/\/www.tomajazz.com\/web\/?p=58796"},"modified":"2021-11-24T23:06:15","modified_gmt":"2021-11-24T22:06:15","slug":"kenny-garrett-quintet-jazzmadrid21-concierto-de-jazz-por-carlos-lara-y-enrique-farelo","status":"publish","type":"post","link":"https:\/\/tomajazz.com\/web\/kenny-garrett-quintet-jazzmadrid21-concierto-de-jazz-por-carlos-lara-y-enrique-farelo\/","title":{"rendered":"Kenny Garrett Quintet (JazzMadrid21\u00a0\/ Ciclo Villanos del Jazz) [Concierto de jazz] Por Carlos Lara y Enrique Farelo"},"content":{"rendered":"<p><a href=\"https:\/\/www.festivaldejazzmadrid.com\/\" target=\"_blank\" rel=\"noopener\"><strong>JazzMadrid21<\/strong><\/a>\u00a0\/<strong> <a href=\"https:\/\/villanosdeljazz.com\/\" target=\"_blank\" rel=\"noopener\">Ciclo Villanos del Jazz<\/a><\/strong><\/p>\n<ul>\n<li>Fecha: Jueves, 18 de noviembre de 2021<\/li>\n<li>Lugar: Teatro Pav\u00f3n (Madrid)<\/li>\n<li>Grupo:<br \/>\n<strong>Kenny Garrett Quintet<br \/>\n<\/strong>Kenny Garrett: saxo alto y teclados<br \/>\nVernell Brown: piano<br \/>\nCorcoran Holt: contrabajo<br \/>\nMarcus Baylor: bater\u00eda<br \/>\nRudy Bird: congas y percusiones<\/li>\n<\/ul>\n<p style=\"text-align: center;\"><img loading=\"lazy\" decoding=\"async\" class=\"aligncenter wp-image-58797 size-large\" src=\"https:\/\/tomajazz.com\/web\/wp-content\/uploads\/2021\/11\/Kenny-Garrett-1-400x600.jpg\" alt=\"Kenny Garrett Quintet (Festival Internacional de Jazz de Madrid, Villanos del Jazz. Teatro Pav\u00f3n, Madrid. 2021-11-18) \" width=\"400\" height=\"600\" title=\"\" srcset=\"https:\/\/tomajazz.com\/web\/wp-content\/uploads\/2021\/11\/Kenny-Garrett-1-400x600.jpg 400w, https:\/\/tomajazz.com\/web\/wp-content\/uploads\/2021\/11\/Kenny-Garrett-1-133x200.jpg 133w, https:\/\/tomajazz.com\/web\/wp-content\/uploads\/2021\/11\/Kenny-Garrett-1-366x550.jpg 366w, https:\/\/tomajazz.com\/web\/wp-content\/uploads\/2021\/11\/Kenny-Garrett-1-333x500.jpg 333w, https:\/\/tomajazz.com\/web\/wp-content\/uploads\/2021\/11\/Kenny-Garrett-1.jpg 666w\" sizes=\"auto, (max-width: 400px) 100vw, 400px\" \/><\/p>\n<p>Kenny Garrett es un saxofonista y compositor muy laureado, reconocido y premiado, no solo en su pa\u00eds, sino en todo el mundo. All\u00e1 por donde va, la arma y enciende las sonrisas de los que asisten a sus conciertos. Autor de una veintena de discos como l\u00edder, desde el primero, <em>Introducing Kenny Garrett<\/em> de 1984, hasta el \u00faltimo, <em>Sounds of the ancestors<\/em> de este mismo a\u00f1o, median 37 a\u00f1os de carrera en la que ha habido una evoluci\u00f3n con diferentes resultados para todos los gustos. Como se trata de apreciaciones subjetivas, el que suscribe considera entre sus mejores trabajos: <em>Trilogy<\/em> (1995) y <em>Pursuance: The Music of John Contrane<\/em> (1996). Dos aut\u00e9nticas obras maestras.<\/p>\n<p>Su paso por la banda el\u00e9ctrica de Miles Davis, donde tambi\u00e9n estaba Marcus Miller, le marc\u00f3 para siempre, configurando un estilo que despu\u00e9s ha plasmado de una forma u otra en sus trabajos. Nombres como Chick Corea, John McLaughlin, Pharoah Sanders o Herbie Hanckock, tambi\u00e9n est\u00e1n ligados a su trayectoria.<\/p>\n<p>En el concierto dio buena muestra de c\u00f3mo se pueden tocar diferentes palos, sea en el blues pasando por el <em>soul, <\/em>el<em> g\u00f3spel, <\/em>el<em> funk, <\/em>el<em> rap<\/em> y sobre todo muchos ritmos africanos, que los m\u00fasicos negros llaman los sonidos de los ancestros y una vuelta a las ra\u00edces.<\/p>\n<p style=\"text-align: center;\"><img loading=\"lazy\" decoding=\"async\" class=\"aligncenter wp-image-58798 size-large\" src=\"https:\/\/tomajazz.com\/web\/wp-content\/uploads\/2021\/11\/01_Kenny-Garrett-3-400x600.jpg\" alt=\"Kenny Garrett Quintet (Festival Internacional de Jazz de Madrid, Villanos del Jazz. Teatro Pav\u00f3n, Madrid. 2021-11-18) \" width=\"400\" height=\"600\" title=\"\" srcset=\"https:\/\/tomajazz.com\/web\/wp-content\/uploads\/2021\/11\/01_Kenny-Garrett-3-400x600.jpg 400w, https:\/\/tomajazz.com\/web\/wp-content\/uploads\/2021\/11\/01_Kenny-Garrett-3-133x200.jpg 133w, https:\/\/tomajazz.com\/web\/wp-content\/uploads\/2021\/11\/01_Kenny-Garrett-3-366x550.jpg 366w, https:\/\/tomajazz.com\/web\/wp-content\/uploads\/2021\/11\/01_Kenny-Garrett-3-333x500.jpg 333w, https:\/\/tomajazz.com\/web\/wp-content\/uploads\/2021\/11\/01_Kenny-Garrett-3.jpg 666w\" sizes=\"auto, (max-width: 400px) 100vw, 400px\" \/> <img loading=\"lazy\" decoding=\"async\" class=\"aligncenter wp-image-58799 size-large\" src=\"https:\/\/tomajazz.com\/web\/wp-content\/uploads\/2021\/11\/02_Vernell-Brown-600x400.jpg\" alt=\"Kenny Garrett Quintet (Festival Internacional de Jazz de Madrid, Villanos del Jazz. Teatro Pav\u00f3n, Madrid. 2021-11-18) \" width=\"600\" height=\"400\" title=\"\" srcset=\"https:\/\/tomajazz.com\/web\/wp-content\/uploads\/2021\/11\/02_Vernell-Brown-600x400.jpg 600w, https:\/\/tomajazz.com\/web\/wp-content\/uploads\/2021\/11\/02_Vernell-Brown-200x133.jpg 200w, https:\/\/tomajazz.com\/web\/wp-content\/uploads\/2021\/11\/02_Vernell-Brown-768x511.jpg 768w, https:\/\/tomajazz.com\/web\/wp-content\/uploads\/2021\/11\/02_Vernell-Brown-465x310.jpg 465w, https:\/\/tomajazz.com\/web\/wp-content\/uploads\/2021\/11\/02_Vernell-Brown-695x463.jpg 695w, https:\/\/tomajazz.com\/web\/wp-content\/uploads\/2021\/11\/02_Vernell-Brown.jpg 1000w\" sizes=\"auto, (max-width: 600px) 100vw, 600px\" \/> <img loading=\"lazy\" decoding=\"async\" class=\"aligncenter wp-image-58800 size-large\" src=\"https:\/\/tomajazz.com\/web\/wp-content\/uploads\/2021\/11\/03_Corcoran-Holt-600x400.jpg\" alt=\"Kenny Garrett Quintet (Festival Internacional de Jazz de Madrid, Villanos del Jazz. Teatro Pav\u00f3n, Madrid. 2021-11-18) \" width=\"600\" height=\"400\" title=\"\" srcset=\"https:\/\/tomajazz.com\/web\/wp-content\/uploads\/2021\/11\/03_Corcoran-Holt-600x400.jpg 600w, https:\/\/tomajazz.com\/web\/wp-content\/uploads\/2021\/11\/03_Corcoran-Holt-200x133.jpg 200w, https:\/\/tomajazz.com\/web\/wp-content\/uploads\/2021\/11\/03_Corcoran-Holt-768x511.jpg 768w, https:\/\/tomajazz.com\/web\/wp-content\/uploads\/2021\/11\/03_Corcoran-Holt-465x310.jpg 465w, https:\/\/tomajazz.com\/web\/wp-content\/uploads\/2021\/11\/03_Corcoran-Holt-695x463.jpg 695w, https:\/\/tomajazz.com\/web\/wp-content\/uploads\/2021\/11\/03_Corcoran-Holt.jpg 1000w\" sizes=\"auto, (max-width: 600px) 100vw, 600px\" \/> <img loading=\"lazy\" decoding=\"async\" class=\"aligncenter wp-image-58801 size-large\" src=\"https:\/\/tomajazz.com\/web\/wp-content\/uploads\/2021\/11\/04_Marcus-Baylor-600x433.jpg\" alt=\"Kenny Garrett Quintet (Festival Internacional de Jazz de Madrid, Villanos del Jazz. Teatro Pav\u00f3n, Madrid. 2021-11-18) \" width=\"600\" height=\"433\" title=\"\" srcset=\"https:\/\/tomajazz.com\/web\/wp-content\/uploads\/2021\/11\/04_Marcus-Baylor-600x433.jpg 600w, https:\/\/tomajazz.com\/web\/wp-content\/uploads\/2021\/11\/04_Marcus-Baylor-200x144.jpg 200w, https:\/\/tomajazz.com\/web\/wp-content\/uploads\/2021\/11\/04_Marcus-Baylor-768x554.jpg 768w, https:\/\/tomajazz.com\/web\/wp-content\/uploads\/2021\/11\/04_Marcus-Baylor-465x335.jpg 465w, https:\/\/tomajazz.com\/web\/wp-content\/uploads\/2021\/11\/04_Marcus-Baylor-693x500.jpg 693w, https:\/\/tomajazz.com\/web\/wp-content\/uploads\/2021\/11\/04_Marcus-Baylor.jpg 1000w\" sizes=\"auto, (max-width: 600px) 100vw, 600px\" \/> <img loading=\"lazy\" decoding=\"async\" class=\"aligncenter wp-image-58802 size-large\" src=\"https:\/\/tomajazz.com\/web\/wp-content\/uploads\/2021\/11\/05_Rudy-Bird-600x400.jpg\" alt=\"Kenny Garrett Quintet (Festival Internacional de Jazz de Madrid, Villanos del Jazz. Teatro Pav\u00f3n, Madrid. 2021-11-18) \" width=\"600\" height=\"400\" title=\"\" srcset=\"https:\/\/tomajazz.com\/web\/wp-content\/uploads\/2021\/11\/05_Rudy-Bird-600x400.jpg 600w, https:\/\/tomajazz.com\/web\/wp-content\/uploads\/2021\/11\/05_Rudy-Bird-200x133.jpg 200w, https:\/\/tomajazz.com\/web\/wp-content\/uploads\/2021\/11\/05_Rudy-Bird-768x511.jpg 768w, https:\/\/tomajazz.com\/web\/wp-content\/uploads\/2021\/11\/05_Rudy-Bird-465x310.jpg 465w, https:\/\/tomajazz.com\/web\/wp-content\/uploads\/2021\/11\/05_Rudy-Bird-695x463.jpg 695w, https:\/\/tomajazz.com\/web\/wp-content\/uploads\/2021\/11\/05_Rudy-Bird.jpg 1000w\" sizes=\"auto, (max-width: 600px) 100vw, 600px\" \/><\/p>\n<p>Es evidente que el quinteto hizo un repaso a los temas contenidos en <em>Sounds from the Ancestors<\/em> explorando una variedad de estilos musicales de \u00c1frica y la di\u00e1spora africana, adornado todo con fuertes descargas en las que el bater\u00eda Marcus Baylor, ataviado con un gorro a lo Max Roach, fue el protagonista mayor. Entre \u00e9l y Garrett se echaron a la espalda el concierto. El saxofonista de Michigan es muy dado a la grandilocuencia. Siguiendo la estela de leyendas como Charlie Parker, John Coltrane o Pharoah Sanders, ha conseguido un estilo propio en el que alcanza la excelencia t\u00e9cnica, pero en la que quiz\u00e1 ande un poco sobrepasado en sus arrolladoras embestidas.<\/p>\n<p>Los fraseos largos sobre descargas r\u00edtmicas de bater\u00eda, percusi\u00f3n y piano acaparan la mayor\u00eda de las piezas. Un camino emprendido desde hace mucho por este saxofonista. Entre tanto colorido r\u00edtmico, tambi\u00e9n se pudieron vislumbrar pistas del gran improvisador que es Garrett. Como pose\u00eddo por el esp\u00edritu de Charlie Parker realiz\u00f3 una pieza a tr\u00edo con el bater\u00eda, Marcus Baylor y el contrabajista, Corcoran Holt, absolutamente magistral. Su sucesi\u00f3n de notas a solo fueron para quitar el hipo.<\/p>\n<p style=\"text-align: center;\"><img loading=\"lazy\" decoding=\"async\" class=\"aligncenter wp-image-58803 size-large\" src=\"https:\/\/tomajazz.com\/web\/wp-content\/uploads\/2021\/11\/Kenny-Garrett-2-400x600.jpg\" alt=\"Kenny Garrett Quintet (Festival Internacional de Jazz de Madrid, Villanos del Jazz. Teatro Pav\u00f3n, Madrid. 2021-11-18) \" width=\"400\" height=\"600\" title=\"\" srcset=\"https:\/\/tomajazz.com\/web\/wp-content\/uploads\/2021\/11\/Kenny-Garrett-2-400x600.jpg 400w, https:\/\/tomajazz.com\/web\/wp-content\/uploads\/2021\/11\/Kenny-Garrett-2-133x200.jpg 133w, https:\/\/tomajazz.com\/web\/wp-content\/uploads\/2021\/11\/Kenny-Garrett-2-366x550.jpg 366w, https:\/\/tomajazz.com\/web\/wp-content\/uploads\/2021\/11\/Kenny-Garrett-2-333x500.jpg 333w, https:\/\/tomajazz.com\/web\/wp-content\/uploads\/2021\/11\/Kenny-Garrett-2.jpg 666w\" sizes=\"auto, (max-width: 400px) 100vw, 400px\" \/><\/p>\n<p>Entre temas m\u00e1s o menos dulcificados y de corte tribal, con apoyo de las congas de Rudy Bird, y los fraseos percusivos de Vernell Brown al piano, transcurri\u00f3 la hora y media de concierto. Hasta que lleg\u00f3 el fin de fiesta con los asistentes entusiasmados aplaudiendo y bailando en sus asientos. Es una apuesta segura para mayor\u00edas. Haciendo de la tradici\u00f3n virtud moderna, Kenny Garrett no defrauda en los lugares que pisa. Todav\u00eda es joven y le quedan muchos escenarios en los que descargar su jazz vibrante y arrollador.<\/p>\n<p style=\"text-align: right;\">Texto: \u00a9 <strong>Carlos Lara<\/strong>, 2021<br \/>\nFotograf\u00edas: \u00a9 <strong>Enrique Farelo<\/strong>, 2021<\/p>\n<h4>M\u00e1s informaci\u00f3n en Tomajazz acerca de <strong>JazzMadrid21<\/strong><\/h4>\n<p><a href=\"https:\/\/tomajazz.com\/web\/?tag=jazzmadrid21\" target=\"_blank\" rel=\"noopener\">https:\/\/tomajazz.com\/web\/?tag=jazzmadrid21<\/a><\/p>\n<h4>M\u00e1s informaci\u00f3n acerca de Kenny Garrett y Kenny Garrett Quintet en Tomajazz<\/h4>\n<p><a href=\"https:\/\/tomajazz.com\/web\/?s=kenny+garrett&amp;submit=Search\">https:\/\/tomajazz.com\/web\/?s=kenny+garrett&amp;submit=Search<\/a><\/p>\n<h4>Enrique Farelo y Carlos Lara en Tomajazz<\/h4>\n<p>Enrique Farelo: <a href=\"https:\/\/tomajazz.com\/web\/?cat=17848\" target=\"_blank\" rel=\"noopener\">https:\/\/tomajazz.com\/web\/?cat=17848<\/a><\/p>\n<p>Carlos Lara: <a href=\"https:\/\/tomajazz.com\/web\/?cat=17849\" target=\"_blank\" rel=\"noopener\">https:\/\/tomajazz.com\/web\/?cat=17849<\/a><\/p>\n<p>&nbsp;<\/p>\n","protected":false},"excerpt":{"rendered":"<p>Kenny Garrett Quintet<span class=\"more-link\"><a href=\"https:\/\/tomajazz.com\/web\/kenny-garrett-quintet-jazzmadrid21-concierto-de-jazz-por-carlos-lara-y-enrique-farelo\/\">Contin\u00faa leyendo<\/a><\/span><\/p>\n","protected":false},"author":1,"featured_media":58803,"comment_status":"open","ping_status":"closed","sticky":false,"template":"","format":"standard","meta":{"jetpack_post_was_ever_published":false,"_jetpack_newsletter_access":"","_jetpack_dont_email_post_to_subs":false,"_jetpack_newsletter_tier_id":0,"_jetpack_memberships_contains_paywalled_content":false,"_jetpack_memberships_contains_paid_content":false,"footnotes":""},"categories":[1038,17849,17848,4,15517],"tags":[84,26121,17051,304,14136,25932,1899,21683,26122,17052,17054],"class_list":["entry","author-pachi","has-excerpt","post-58796","post","type-post","status-publish","format-standard","has-post-thumbnail","category-contenidos","category-carlos-lara","category-enrique-farelo","category-conciertos","category-textos","tag-carlos-lara","tag-ciclo-villanos-del-jazz","tag-corcoran-holt","tag-enrique-farelo","tag-jazzmadrid","tag-jazzmadrid21","tag-kenny-garrett","tag-kenny-garrett-quintet","tag-marcus-baylor","tag-rudy-bird","tag-vernell-brown"],"jetpack_featured_media_url":"https:\/\/tomajazz.com\/web\/wp-content\/uploads\/2021\/11\/Kenny-Garrett-2.jpg","jetpack_likes_enabled":true,"jetpack_sharing_enabled":true,"jetpack-related-posts":[{"id":63171,"url":"https:\/\/tomajazz.com\/web\/kenny-garrett-quintet-cafe-berlin-madrid-2022-04-26-concierto-de-jazz-por-carlos-lara-y-enrique-farelo\/","url_meta":{"origin":58796,"position":0},"title":"Kenny Garrett Quintet (Caf\u00e9 Berl\u00edn, Madrid. 2022-04-26) [Concierto de jazz] Por Carlos Lara y Enrique Farelo","author":"Tomajazz","date":"29 abril, 2022","format":false,"excerpt":"Carlos Lara (texto) y Enrique Farelo (im\u00e1genes), repasan la actuaci\u00f3n de Kenny Garrett Quintet en Caf\u00e9 Berl\u00edn (Madrid), el 26 de abril de 2022.","rel":"","context":"En \u00abConciertos...\u00bb","block_context":{"text":"Conciertos...","link":"https:\/\/tomajazz.com\/web\/category\/contenidos\/textos\/conciertos\/"},"img":{"alt_text":"Kenny Garrett Quintet (Caf\u00e9 Berl\u00edn, Madrid. 2022-04-26) [Concierto de jazz] Por Carlos Lara y Enrique Farelo","src":"https:\/\/i0.wp.com\/tomajazz.com\/web\/wp-content\/uploads\/2022\/04\/KENNY-GARRETT-I.jpg?resize=350%2C200&ssl=1","width":350,"height":200,"srcset":"https:\/\/i0.wp.com\/tomajazz.com\/web\/wp-content\/uploads\/2022\/04\/KENNY-GARRETT-I.jpg?resize=350%2C200&ssl=1 1x, https:\/\/i0.wp.com\/tomajazz.com\/web\/wp-content\/uploads\/2022\/04\/KENNY-GARRETT-I.jpg?resize=525%2C300&ssl=1 1.5x, https:\/\/i0.wp.com\/tomajazz.com\/web\/wp-content\/uploads\/2022\/04\/KENNY-GARRETT-I.jpg?resize=700%2C400&ssl=1 2x"},"classes":[]},{"id":49592,"url":"https:\/\/tomajazz.com\/web\/instantzz-kenny-garrett-quintet-jazz-palma-festival-2020-galeria-fotografica\/","url_meta":{"origin":58796,"position":1},"title":"INSTANTZZ: Kenny Garrett Quintet (Jazz Palma Festival 2020) [Galer\u00eda fotogr\u00e1fica]","author":"Tomajazz","date":"11 marzo, 2020","format":false,"excerpt":"En INSTANTZZ Jos\u00e9 Luis Luna Rocafort retrata por medio de una galer\u00eda fotogr\u00e1fica, la actuaci\u00f3n de Kenny Garrett Quintet en Jazz Palma Festival.","rel":"","context":"En \u00abFotoblog - Galer\u00eda fotogr\u00e1fica\u00bb","block_context":{"text":"Fotoblog - Galer\u00eda fotogr\u00e1fica","link":"https:\/\/tomajazz.com\/web\/category\/contenidos\/imagenes\/photoblogs\/"},"img":{"alt_text":"","src":"https:\/\/i0.wp.com\/tomajazz.com\/web\/wp-content\/uploads\/2020\/03\/001-4.jpg?resize=350%2C200&ssl=1","width":350,"height":200,"srcset":"https:\/\/i0.wp.com\/tomajazz.com\/web\/wp-content\/uploads\/2020\/03\/001-4.jpg?resize=350%2C200&ssl=1 1x, https:\/\/i0.wp.com\/tomajazz.com\/web\/wp-content\/uploads\/2020\/03\/001-4.jpg?resize=525%2C300&ssl=1 1.5x"},"classes":[]},{"id":25800,"url":"https:\/\/tomajazz.com\/web\/kenny-garrett-quintet-jazz-en-la-costa-29-festival-internacional-de-almunecar-2016-07-21\/","url_meta":{"origin":58796,"position":2},"title":"Kenny Garrett Quintet (Jazz en la Costa. 29 Festival Internacional de Almu\u00f1\u00e9car. 2016-07-21) [Concierto]","author":"Sergio Cabanillas","date":"4 agosto, 2016","format":false,"excerpt":"Kenny Garrett Quintet actu\u00f3 en el 29\u00ba Jazz en la Costa, el 21 de julio de 2016. Diego Ortega Alonso relata la actuaci\u00f3n","rel":"","context":"En \u00ab*_Diego Ortega Alonso\u00bb","block_context":{"text":"*_Diego Ortega Alonso","link":"https:\/\/tomajazz.com\/web\/category\/diego-ortega-alonso\/"},"img":{"alt_text":"Kenny Garrett Quintet \u00a9 Juan Jes\u00fas Garc\u00eda","src":"https:\/\/i0.wp.com\/tomajazz.com\/web\/wp-content\/uploads\/2016\/08\/garret-ideal101.jpg?resize=350%2C200&ssl=1","width":350,"height":200,"srcset":"https:\/\/i0.wp.com\/tomajazz.com\/web\/wp-content\/uploads\/2016\/08\/garret-ideal101.jpg?resize=350%2C200&ssl=1 1x, https:\/\/i0.wp.com\/tomajazz.com\/web\/wp-content\/uploads\/2016\/08\/garret-ideal101.jpg?resize=525%2C300&ssl=1 1.5x"},"classes":[]},{"id":38179,"url":"https:\/\/tomajazz.com\/web\/kenny-garrett-quintet-xxi-festival-internacional-de-jazz-san-javier-2018-07-14-concierto\/","url_meta":{"origin":58796,"position":3},"title":"Kenny Garrett Quintet (XXI Festival Internacional de Jazz San Javier. 2018-07-14) [Concierto]","author":"Tomajazz","date":"13 agosto, 2018","format":false,"excerpt":"Por\u00a0Jos\u00e9 Antonio Garc\u00eda L\u00f3pez\u00a0y\u00a0Rafa Mellado. XXI Festival Internacional de Jazz San Javier Fecha: 14 de julio de 2018 Lugar: Auditorio Parque Almansa (San Javier, Murcia) Grupo: Kenny Garrett Quintet Kenny Garrett: saxo alto y soprano. Vernell Brown: piano. Corcoran Holt: contrabajo. Samuel Laviso: bater\u00eda. Rudy Bird: percusi\u00f3n. \u00a0 Hace apenas\u2026","rel":"","context":"En \u00ab*_Jos\u00e9 Antonio Garc\u00eda L\u00f3pez\u00bb","block_context":{"text":"*_Jos\u00e9 Antonio Garc\u00eda L\u00f3pez","link":"https:\/\/tomajazz.com\/web\/category\/jose-antonio-garcia-lopez\/"},"img":{"alt_text":"","src":"https:\/\/i0.wp.com\/tomajazz.com\/web\/wp-content\/uploads\/2018\/08\/kenny_garret_12.jpg?resize=350%2C200&ssl=1","width":350,"height":200,"srcset":"https:\/\/i0.wp.com\/tomajazz.com\/web\/wp-content\/uploads\/2018\/08\/kenny_garret_12.jpg?resize=350%2C200&ssl=1 1x, https:\/\/i0.wp.com\/tomajazz.com\/web\/wp-content\/uploads\/2018\/08\/kenny_garret_12.jpg?resize=525%2C300&ssl=1 1.5x, https:\/\/i0.wp.com\/tomajazz.com\/web\/wp-content\/uploads\/2018\/08\/kenny_garret_12.jpg?resize=700%2C400&ssl=1 2x, https:\/\/i0.wp.com\/tomajazz.com\/web\/wp-content\/uploads\/2018\/08\/kenny_garret_12.jpg?resize=1050%2C600&ssl=1 3x"},"classes":[]},{"id":58021,"url":"https:\/\/tomajazz.com\/web\/jazzx5310-kenny-garrett-sounds-from-the-ancestors-sounds-from-the-ancestors-mack-avenue-2021-minipodcast-de-jazz-por-pachi-tapiz\/","url_meta":{"origin":58796,"position":4},"title":"JazzX5#310. Kenny Garrett: \u00abSounds From The Ancestors\u00bb [Sounds From The Ancestors (Mack Avenue, 2021)] [Minipodcast de jazz] Por Pachi Tapiz","author":"Tomajazz","date":"22 octubre, 2021","format":false,"excerpt":"En JazzX5, el minipodcast de Pachi Tapiz, el tema \"Sounds From The Ancestors\", que da t\u00edtulo a la \u00faltima grabaci\u00f3n del saxofonista Kenny Garrett publicada en el sello Mack Avenue en 2021.","rel":"","context":"En \u00abJazzX5\u00bb","block_context":{"text":"JazzX5","link":"https:\/\/tomajazz.com\/web\/category\/contenidos\/sonidos\/podcast\/jazzx5\/"},"img":{"alt_text":"","src":"https:\/\/i0.wp.com\/tomajazz.com\/web\/wp-content\/uploads\/2021\/10\/JazzX5_310.jpg?resize=350%2C200&ssl=1","width":350,"height":200,"srcset":"https:\/\/i0.wp.com\/tomajazz.com\/web\/wp-content\/uploads\/2021\/10\/JazzX5_310.jpg?resize=350%2C200&ssl=1 1x, https:\/\/i0.wp.com\/tomajazz.com\/web\/wp-content\/uploads\/2021\/10\/JazzX5_310.jpg?resize=525%2C300&ssl=1 1.5x, https:\/\/i0.wp.com\/tomajazz.com\/web\/wp-content\/uploads\/2021\/10\/JazzX5_310.jpg?resize=700%2C400&ssl=1 2x"},"classes":[]},{"id":58550,"url":"https:\/\/tomajazz.com\/web\/hdo-536-en-directo-en-jazzmadrid21-segunda-parte-podcast-de-jazz-por-pachi-tapiz\/","url_meta":{"origin":58796,"position":5},"title":"HDO 536: En directo en&#8230; JazzMadrid21 Segunda parte [Podcast de jazz] Por Pachi Tapiz","author":"Tomajazz","date":"14 noviembre, 2021","format":false,"excerpt":"En HDO realizamos un repaso a los conciertos de la segunda mitad de JazzMadrid21. Suenan en el programa Duot & Andy Moor, Julian Lage, Charles Lloyd, Kenny Garrett, Mar\u00eda Toro entre otros.","rel":"","context":"En \u00abHDO\u00bb","block_context":{"text":"HDO","link":"https:\/\/tomajazz.com\/web\/category\/contenidos\/sonidos\/podcast\/hablando-de-oidas-hdo\/"},"img":{"alt_text":"JazzMadrid21","src":"https:\/\/i0.wp.com\/tomajazz.com\/web\/wp-content\/uploads\/2021\/11\/Collage_programa-0536_En-concierto-en...-JazzMadrid21-Parte-2.jpg?resize=350%2C200&ssl=1","width":350,"height":200,"srcset":"https:\/\/i0.wp.com\/tomajazz.com\/web\/wp-content\/uploads\/2021\/11\/Collage_programa-0536_En-concierto-en...-JazzMadrid21-Parte-2.jpg?resize=350%2C200&ssl=1 1x, https:\/\/i0.wp.com\/tomajazz.com\/web\/wp-content\/uploads\/2021\/11\/Collage_programa-0536_En-concierto-en...-JazzMadrid21-Parte-2.jpg?resize=525%2C300&ssl=1 1.5x, https:\/\/i0.wp.com\/tomajazz.com\/web\/wp-content\/uploads\/2021\/11\/Collage_programa-0536_En-concierto-en...-JazzMadrid21-Parte-2.jpg?resize=700%2C400&ssl=1 2x"},"classes":[]}],"_links":{"self":[{"href":"https:\/\/tomajazz.com\/web\/wp-json\/wp\/v2\/posts\/58796","targetHints":{"allow":["GET"]}}],"collection":[{"href":"https:\/\/tomajazz.com\/web\/wp-json\/wp\/v2\/posts"}],"about":[{"href":"https:\/\/tomajazz.com\/web\/wp-json\/wp\/v2\/types\/post"}],"author":[{"embeddable":true,"href":"https:\/\/tomajazz.com\/web\/wp-json\/wp\/v2\/users\/1"}],"replies":[{"embeddable":true,"href":"https:\/\/tomajazz.com\/web\/wp-json\/wp\/v2\/comments?post=58796"}],"version-history":[{"count":4,"href":"https:\/\/tomajazz.com\/web\/wp-json\/wp\/v2\/posts\/58796\/revisions"}],"predecessor-version":[{"id":58923,"href":"https:\/\/tomajazz.com\/web\/wp-json\/wp\/v2\/posts\/58796\/revisions\/58923"}],"wp:featuredmedia":[{"embeddable":true,"href":"https:\/\/tomajazz.com\/web\/wp-json\/wp\/v2\/media\/58803"}],"wp:attachment":[{"href":"https:\/\/tomajazz.com\/web\/wp-json\/wp\/v2\/media?parent=58796"}],"wp:term":[{"taxonomy":"category","embeddable":true,"href":"https:\/\/tomajazz.com\/web\/wp-json\/wp\/v2\/categories?post=58796"},{"taxonomy":"post_tag","embeddable":true,"href":"https:\/\/tomajazz.com\/web\/wp-json\/wp\/v2\/tags?post=58796"}],"curies":[{"name":"wp","href":"https:\/\/api.w.org\/{rel}","templated":true}]}}