{"id":59191,"date":"2021-12-03T12:00:40","date_gmt":"2021-12-03T11:00:40","guid":{"rendered":"https:\/\/www.tomajazz.com\/web\/?p=59191"},"modified":"2022-01-06T19:35:57","modified_gmt":"2022-01-06T18:35:57","slug":"cinco-trios-christian-sands-trio-y-monder-malaby-rainey-53e-festival-de-jazz-de-barcelona-conservatori-del-liceu-barcelona-2021-10-23-11-15-ii-ii-conciertos-de-jazz-por-joan-cortes","status":"publish","type":"post","link":"https:\/\/tomajazz.com\/web\/cinco-trios-christian-sands-trio-y-monder-malaby-rainey-53e-festival-de-jazz-de-barcelona-conservatori-del-liceu-barcelona-2021-10-23-11-15-ii-ii-conciertos-de-jazz-por-joan-cortes\/","title":{"rendered":"Cinco Tr\u00edos: Christian Sands Trio y Monder-Malaby-Rainey (53\u00e8 Festival de Jazz de Barcelona \/ Conservatori del Liceu, Barcelona.  2021-10-23\/11-15) (II\/II) [Conciertos de jazz] Por Joan Cort\u00e8s"},"content":{"rendered":"<h4><strong><a href=\"https:\/\/www.jazz.barcelona\/es\/festival\" target=\"_blank\" rel=\"noopener\">53\u00e8 Festival de Jazz de Barcelona<\/a><\/strong><\/h4>\n<p><strong>Christian Sands Trio<\/strong><\/p>\n<ul>\n<li>Fecha: martes, 09 de noviembre de 2021<\/li>\n<li>Lugar: Conservatorio del Liceu (Barcelona)<\/li>\n<li>Componentes:<br \/>\nChristian Sands, piano<br \/>\nMarco Panascia, contrabajo<br \/>\nRyan Sands, bateria<\/li>\n<\/ul>\n<p><strong>\u00a0<\/strong><strong>Monder-Malaby-Rainey<\/strong><\/p>\n<ul>\n<li>Fecha: lunes, 15 de noviembre de 2021<\/li>\n<li>Lugar: Lugar: Conservatorio del Liceu (Barcelona)<\/li>\n<li>Componentes:<br \/>\nBen Monder, guitarra y efectos<br \/>\nTony Malaby, saxo tenor<br \/>\nTom Rainey, bater\u00eda<\/li>\n<\/ul>\n<h4><strong>Christian Sands Trio<\/strong><\/h4>\n<p>Veinticuatro horas despu\u00e9s de la actuaci\u00f3n de Vijay Iyer con su grupo, y en el mismo escenario, tuvimos otra formaci\u00f3n cl\u00e1sica de piano-contrabajo-bater\u00eda. En esta ocasi\u00f3n con una concepci\u00f3n m\u00e1s diversa, y algo dispersa, de aires m\u00e1s tradicionales y previsibles. Bien empaquetado, con una amplia paleta estil\u00edstica, pase\u00e1ndose entre el ragtime, el swing, el pop, el blues, el gospel, gui\u00f1os monkianos, reggae, en ocasiones a nivel de sugerencia y en otras con amplios desarrollos. Entre est\u00e1ndares y composiciones propias, desde una vertiente jazz\u00edstica con sus buenas dosis de improvisaci\u00f3n.<\/p>\n<p style=\"text-align: center;\"><em><img loading=\"lazy\" decoding=\"async\" class=\"aligncenter wp-image-59192 size-full\" src=\"https:\/\/tomajazz.com\/web\/wp-content\/uploads\/2021\/12\/01_Chrstn-Snds-Joan-Cortes_09nov21_53FJBcn.jpg\" alt=\"Cinco Tr\u00edos: Christian Sands Trio y Monder-Malaby-Rainey (53\u00e8 Festival de Jazz de Barcelona \/ Conservatori del Liceu, Barcelona. 2021-10-23\/11-15) (II\/II) [Conciertos de jazz] Por Joan Cort\u00e8s\" width=\"600\" height=\"399\" title=\"\" srcset=\"https:\/\/tomajazz.com\/web\/wp-content\/uploads\/2021\/12\/01_Chrstn-Snds-Joan-Cortes_09nov21_53FJBcn.jpg 600w, https:\/\/tomajazz.com\/web\/wp-content\/uploads\/2021\/12\/01_Chrstn-Snds-Joan-Cortes_09nov21_53FJBcn-200x133.jpg 200w, https:\/\/tomajazz.com\/web\/wp-content\/uploads\/2021\/12\/01_Chrstn-Snds-Joan-Cortes_09nov21_53FJBcn-465x309.jpg 465w\" sizes=\"auto, (max-width: 600px) 100vw, 600px\" \/><br \/>\n<\/em><\/p>\n<p>Christian Sands (en 2013 nos sorprendi\u00f3 como miembro del grupo de <a href=\"https:\/\/tomajazz.com\/web\/?p=10589\" target=\"_blank\" rel=\"noopener\">Christian McBride<\/a>), toc\u00f3 y se extendi\u00f3 ampliamente por el teclado de su gran cola, acompa\u00f1\u00e1ndose muy puntualmente y de forma sutil de un discreto dispositivo electr\u00f3nico situado en la parte interior del piano.<\/p>\n<p style=\"text-align: center;\"><em><img loading=\"lazy\" decoding=\"async\" class=\"aligncenter wp-image-59193 size-full\" src=\"https:\/\/tomajazz.com\/web\/wp-content\/uploads\/2021\/12\/02_Chrstn-Snds-Joan-Cortes_09nov21_53FJBcn.jpg\" alt=\"Cinco Tr\u00edos: Christian Sands Trio y Monder-Malaby-Rainey (53\u00e8 Festival de Jazz de Barcelona \/ Conservatori del Liceu, Barcelona. 2021-10-23\/11-15) (II\/II) [Conciertos de jazz] Por Joan Cort\u00e8s\" width=\"399\" height=\"600\" title=\"\" srcset=\"https:\/\/tomajazz.com\/web\/wp-content\/uploads\/2021\/12\/02_Chrstn-Snds-Joan-Cortes_09nov21_53FJBcn.jpg 399w, https:\/\/tomajazz.com\/web\/wp-content\/uploads\/2021\/12\/02_Chrstn-Snds-Joan-Cortes_09nov21_53FJBcn-133x200.jpg 133w, https:\/\/tomajazz.com\/web\/wp-content\/uploads\/2021\/12\/02_Chrstn-Snds-Joan-Cortes_09nov21_53FJBcn-366x550.jpg 366w, https:\/\/tomajazz.com\/web\/wp-content\/uploads\/2021\/12\/02_Chrstn-Snds-Joan-Cortes_09nov21_53FJBcn-333x500.jpg 333w\" sizes=\"auto, (max-width: 399px) 100vw, 399px\" \/><br \/>\n<\/em><\/p>\n<p>A destacar la remarcable labor del contrabajista Marco Panascia, qui\u00e9n tambi\u00e9n, como Linda May Han Oh, escogi\u00f3 su instrumento del fondo de contrabajos del Conservatorio, y a su vez cont\u00f3 con el buen hacer de su hermano, Ryan Sands, a la bater\u00eda.<\/p>\n<h4><strong>Monder-Malaby-Rainey<\/strong><\/h4>\n<p>Una semana despu\u00e9s del \u201cchoc\u201d de Iyer, volvimos a ser sacudidos por otro de intensidad y densidad paralela. Tambi\u00e9n desarrollando temas r\u00edo de excelente y variado caudal. Como si tres pirag\u00fcistas de remar diferente fueran coincidiendo en tempos variables.<\/p>\n<p style=\"text-align: center;\"><em><img loading=\"lazy\" decoding=\"async\" class=\"aligncenter wp-image-59194 size-full\" src=\"https:\/\/tomajazz.com\/web\/wp-content\/uploads\/2021\/12\/03_Mndr-Mlby-Rny-Joan-Cortes_15nov21_53FJBcn.jpg\" alt=\"Cinco Tr\u00edos: Christian Sands Trio y Monder-Malaby-Rainey (53\u00e8 Festival de Jazz de Barcelona \/ Conservatori del Liceu, Barcelona. 2021-10-23\/11-15) (II\/II) [Conciertos de jazz] Por Joan Cort\u00e8s\" width=\"600\" height=\"399\" title=\"\" srcset=\"https:\/\/tomajazz.com\/web\/wp-content\/uploads\/2021\/12\/03_Mndr-Mlby-Rny-Joan-Cortes_15nov21_53FJBcn.jpg 600w, https:\/\/tomajazz.com\/web\/wp-content\/uploads\/2021\/12\/03_Mndr-Mlby-Rny-Joan-Cortes_15nov21_53FJBcn-200x133.jpg 200w, https:\/\/tomajazz.com\/web\/wp-content\/uploads\/2021\/12\/03_Mndr-Mlby-Rny-Joan-Cortes_15nov21_53FJBcn-465x309.jpg 465w\" sizes=\"auto, (max-width: 600px) 100vw, 600px\" \/><br \/>\n<\/em><\/p>\n<p>Tres m\u00fasicos sin partituras ni redes, compenetr\u00e1ndose fehacientemente, en una atenta escucha e inmiscuy\u00e9ndose en los senderos que iban insinuando. Sin bajo, ni piano, ni teclados, aunque estos estuvieran en buena medida en la guitarra y pedales de Ben Monder, responsable de tejer un magma sonoro, obscuro y ruidoso, selectamente modulado, por donde deambulaba el saxo tenor de Tony Malaby, con sus contundentes desgarros y alaridos, punteados con insinuaciones mel\u00f3dicas y alg\u00fan que otro peque\u00f1o canturreo infantil o Tom Rainey cual amante ornitol\u00f3gico, revoloteando, acariciando, percutiendo o descargando sobre los componentes de su peque\u00f1a bater\u00eda, ya fuese con sus manos, con las escobillas, baquetas o mazas.<\/p>\n<p style=\"text-align: center;\"><em><img loading=\"lazy\" decoding=\"async\" class=\"aligncenter wp-image-59195 size-full\" src=\"https:\/\/tomajazz.com\/web\/wp-content\/uploads\/2021\/12\/04_Mndr-Mlby-Rny-Joan-Cortes_15nov21_53FJBcn.jpg\" alt=\"Cinco Tr\u00edos: Christian Sands Trio y Monder-Malaby-Rainey (53\u00e8 Festival de Jazz de Barcelona \/ Conservatori del Liceu, Barcelona. 2021-10-23\/11-15) (II\/II) [Conciertos de jazz] Por Joan Cort\u00e8s\" width=\"399\" height=\"600\" title=\"\" srcset=\"https:\/\/tomajazz.com\/web\/wp-content\/uploads\/2021\/12\/04_Mndr-Mlby-Rny-Joan-Cortes_15nov21_53FJBcn.jpg 399w, https:\/\/tomajazz.com\/web\/wp-content\/uploads\/2021\/12\/04_Mndr-Mlby-Rny-Joan-Cortes_15nov21_53FJBcn-133x200.jpg 133w, https:\/\/tomajazz.com\/web\/wp-content\/uploads\/2021\/12\/04_Mndr-Mlby-Rny-Joan-Cortes_15nov21_53FJBcn-366x550.jpg 366w, https:\/\/tomajazz.com\/web\/wp-content\/uploads\/2021\/12\/04_Mndr-Mlby-Rny-Joan-Cortes_15nov21_53FJBcn-333x500.jpg 333w\" sizes=\"auto, (max-width: 399px) 100vw, 399px\" \/><br \/>\n<\/em><\/p>\n<p>Tres grandes m\u00fasicos compartiendo impresiones y expresiones personales desde tres v\u00e9rtices diferentes, pero perfectamente complementarios, en la l\u00ednea de las tres partes de su \u201cSuite 3320\u201d grabada en directo en el Bar 55 de Nueva York.<\/p>\n<p style=\"text-align: center;\"><em><img loading=\"lazy\" decoding=\"async\" class=\"aligncenter wp-image-59196 size-full\" src=\"https:\/\/tomajazz.com\/web\/wp-content\/uploads\/2021\/12\/05_Mndr-Mlby-Rny-Joan-Cortes_15nov21_53FJBcn.jpg\" alt=\"Cinco Tr\u00edos: Christian Sands Trio y Monder-Malaby-Rainey (53\u00e8 Festival de Jazz de Barcelona \/ Conservatori del Liceu, Barcelona. 2021-10-23\/11-15) (II\/II) [Conciertos de jazz] Por Joan Cort\u00e8s\" width=\"399\" height=\"600\" title=\"\" srcset=\"https:\/\/tomajazz.com\/web\/wp-content\/uploads\/2021\/12\/05_Mndr-Mlby-Rny-Joan-Cortes_15nov21_53FJBcn.jpg 399w, https:\/\/tomajazz.com\/web\/wp-content\/uploads\/2021\/12\/05_Mndr-Mlby-Rny-Joan-Cortes_15nov21_53FJBcn-133x200.jpg 133w, https:\/\/tomajazz.com\/web\/wp-content\/uploads\/2021\/12\/05_Mndr-Mlby-Rny-Joan-Cortes_15nov21_53FJBcn-366x550.jpg 366w, https:\/\/tomajazz.com\/web\/wp-content\/uploads\/2021\/12\/05_Mndr-Mlby-Rny-Joan-Cortes_15nov21_53FJBcn-333x500.jpg 333w\" sizes=\"auto, (max-width: 399px) 100vw, 399px\" \/><br \/>\n<\/em><\/p>\n<p>De ellos recordamos otras exquisiteces en directo, Malaby con Lucian Ban <em><a href=\"https:\/\/tomajazz.com\/web\/?p=1822\" target=\"_blank\" rel=\"noopener\">Enesco Re-Imagined<\/a><\/em> (2013), Raney con su <a href=\"https:\/\/tomajazz.com\/web\/?p=18053\" target=\"_blank\" rel=\"noopener\"><em>Obbligato<\/em> <\/a>(2015) o su <a href=\"https:\/\/tomajazz.com\/web\/?p=24983\" target=\"_blank\" rel=\"noopener\">trio<\/a> (2016) con Mary Halvorson (un nuevo \u201cchoc\u201d de este 53 Festival de Jazz) y Monder con el quinteto de Theo Bleckman y su <em><a href=\"https:\/\/tomajazz.com\/web\/?p=30199\" target=\"_blank\" rel=\"noopener\">Elegry<\/a>\u00a0<\/em>(2017).<\/p>\n<p>Resumiendo, han sido cinco tr\u00edos bien distintos que han ofrecido un variado y rico muestrario del basto mundo jazz\u00edstico que actualmente germina y se elabora en los EEUU. Cinco tr\u00edos con una n\u00f3mina de solistas, de amplia y s\u00f3lida carrera, que de por s\u00ed ya constituyen un festival.<\/p>\n<p>Pianistas con la enjundia de Craig Taborn y Vijay Iyer, o el joven Christian Sands, guitarristas del calibre de Ben Monder o Steve Cardenas, bateristas de la talla de Nasheet Waits, Tyshawn Sorey o Tom Rainey y saxofonistas del nivel de Chris Potter o Tony Malaby, sin olvidar a la contrabajista Linda May Han Oh.<\/p>\n<p style=\"text-align: right;\">Tomajazz. Texto y fotograf\u00edas: \u00a9\u00a0<strong>Joan Cort\u00e8s, 2021<\/strong><\/p>\n<h4>Primera parte de Cinco Tr\u00edos<\/h4>\n<blockquote class=\"wp-embedded-content\" data-secret=\"gUaV9xiN97\"><p><a href=\"https:\/\/tomajazz.com\/web\/cinco-trios-chris-potter-trio-the-trio-vijay-iyer-trio-53e-festival-de-jazz-de-barcelona-conservatori-del-liceu-barcelona-2021-09-23-10-15-i-ii-conciertos-de-jazz-por-joan-cortes\/\">Cinco Tr\u00edos:  Chris Potter Trio, The Trio, Vijay Iyer Trio (53\u00e8 Festival de Jazz de Barcelona \/ Conservatori del Liceu, Barcelona.  2021-09-23\/10-15) (I\/II) [Conciertos de jazz] Por Joan Cort\u00e8s<\/a><\/p><\/blockquote>\n<p><iframe loading=\"lazy\" class=\"wp-embedded-content\" sandbox=\"allow-scripts\" security=\"restricted\" style=\"position: absolute; visibility: hidden;\" title=\"\u00abCinco Tr\u00edos:  Chris Potter Trio, The Trio, Vijay Iyer Trio (53\u00e8 Festival de Jazz de Barcelona \/ Conservatori del Liceu, Barcelona.  2021-09-23\/10-15) (I\/II) [Conciertos de jazz] Por Joan Cort\u00e8s\u00bb \u2014 Tomajazz\" src=\"https:\/\/tomajazz.com\/web\/cinco-trios-chris-potter-trio-the-trio-vijay-iyer-trio-53e-festival-de-jazz-de-barcelona-conservatori-del-liceu-barcelona-2021-09-23-10-15-i-ii-conciertos-de-jazz-por-joan-cortes\/embed\/#?secret=KsyGaBWS1O#?secret=gUaV9xiN97\" data-secret=\"gUaV9xiN97\" width=\"600\" height=\"338\" frameborder=\"0\" marginwidth=\"0\" marginheight=\"0\" scrolling=\"no\"><\/iframe><\/p>\n<h4><strong>Joan Cort\u00e8s en Tomajazz<\/strong><\/h4>\n<p><a href=\"https:\/\/tomajazz.com\/web\/?cat=17853\" target=\"_blank\" rel=\"noopener\">https:\/\/tomajazz.com\/web\/?cat=17853<\/a><\/p>\n","protected":false},"excerpt":{"rendered":"<p>Segunda parte de Cinco Tr\u00edos de Joan Cort\u00e8s. Repasa las actuaciones de Christian Sands Trio y Monder-Malaby-Rainey en el 53\u00e8 Festival de Jazz de Barcelona 2021.<span class=\"more-link\"><a href=\"https:\/\/tomajazz.com\/web\/cinco-trios-christian-sands-trio-y-monder-malaby-rainey-53e-festival-de-jazz-de-barcelona-conservatori-del-liceu-barcelona-2021-10-23-11-15-ii-ii-conciertos-de-jazz-por-joan-cortes\/\">Contin\u00faa leyendo<\/a><\/span><\/p>\n","protected":false},"author":1,"featured_media":59194,"comment_status":"open","ping_status":"closed","sticky":false,"template":"","format":"standard","meta":{"jetpack_post_was_ever_published":false,"_jetpack_newsletter_access":"","_jetpack_dont_email_post_to_subs":false,"_jetpack_newsletter_tier_id":0,"_jetpack_memberships_contains_paywalled_content":false,"_jetpack_memberships_contains_paid_content":false,"footnotes":""},"categories":[17853,26428,4,15517,1038],"tags":[26172,14539,7076,26207,17800,1041,26208,26210,26209,650,649],"class_list":["entry","author-pachi","has-excerpt","post-59191","post","type-post","status-publish","format-standard","has-post-thumbnail","category-joan-cortes","category-53e-festival-de-jazz-de-barcelona","category-conciertos","category-textos","category-contenidos","tag-53e-festival-de-jazz-de-barcelona","tag-ben-monder","tag-christian-sands","tag-christian-sands-trio","tag-festival-de-jazz-de-barcelona","tag-joan-cortes","tag-marco-panascia","tag-monder-malaby-rainey","tag-ryan-sands","tag-tom-rainey","tag-tony-malaby"],"jetpack_featured_media_url":"https:\/\/tomajazz.com\/web\/wp-content\/uploads\/2021\/12\/03_Mndr-Mlby-Rny-Joan-Cortes_15nov21_53FJBcn.jpg","jetpack_likes_enabled":true,"jetpack_sharing_enabled":true,"jetpack-related-posts":[{"id":60860,"url":"https:\/\/tomajazz.com\/web\/ben-monder-trio-53e-festival-de-jazz-de-barcelona-conservatori-del-liceu-barcelona-2021-11-15-vi-xiii-por-joan-cortes-instantzz-aka-galeria-fotografica-aka-fotoblog-de-jazz-impro-y\/","url_meta":{"origin":59191,"position":0},"title":"Ben Monder Trio (53\u00e8 Festival de Jazz de Barcelona \/ Conservatori del Liceu, Barcelona. 2021-11-15) (VI\/XIII) Por Joan Cort\u00e8s [INSTANTZZ AKA Galer\u00eda fotogr\u00e1fica AKA Fotoblog de jazz, impro\u2026 y algo m\u00e1s]","author":"Tomajazz","date":"5 febrero, 2022","format":false,"excerpt":"En INSTANTZZ una galer\u00eda fotogr\u00e1fica con la actuaci\u00f3n de Ben Monder Trio en el Festival de Jazz de Barcelona.","rel":"","context":"En \u00abINSTANTZZ\u00bb","block_context":{"text":"INSTANTZZ","link":"https:\/\/tomajazz.com\/web\/category\/contenidos\/imagenes\/photoblogs\/instantzz\/"},"img":{"alt_text":"Ben Monder Trio (53\u00e8 Festival de Jazz de Barcelona \/ Conservatori del Liceu, Barcelona. 2021-11-15) (VI\/XIII) Por Joan Cort\u00e8s [INSTANTZZ AKA Galer\u00eda fotogr\u00e1fica AKA Fotoblog de jazz, impro\u2026 y algo m\u00e1s]","src":"https:\/\/i0.wp.com\/tomajazz.com\/web\/wp-content\/uploads\/2022\/02\/11_Bn-Mndr-Tr-Joan-Cortes_15nov21_Cnsrvtr-Lc_53FJBcn.jpg?resize=350%2C200&ssl=1","width":350,"height":200,"srcset":"https:\/\/i0.wp.com\/tomajazz.com\/web\/wp-content\/uploads\/2022\/02\/11_Bn-Mndr-Tr-Joan-Cortes_15nov21_Cnsrvtr-Lc_53FJBcn.jpg?resize=350%2C200&ssl=1 1x, https:\/\/i0.wp.com\/tomajazz.com\/web\/wp-content\/uploads\/2022\/02\/11_Bn-Mndr-Tr-Joan-Cortes_15nov21_Cnsrvtr-Lc_53FJBcn.jpg?resize=525%2C300&ssl=1 1.5x"},"classes":[]},{"id":59026,"url":"https:\/\/tomajazz.com\/web\/cinco-trios-chris-potter-trio-the-trio-vijay-iyer-trio-53e-festival-de-jazz-de-barcelona-conservatori-del-liceu-barcelona-2021-09-23-10-15-i-ii-conciertos-de-jazz-por-joan-cortes\/","url_meta":{"origin":59191,"position":1},"title":"Cinco Tr\u00edos:  Chris Potter Trio, The Trio, Vijay Iyer Trio (53\u00e8 Festival de Jazz de Barcelona \/ Conservatori del Liceu, Barcelona.  2021-09-23\/10-15) (I\/II) [Conciertos de jazz] Por Joan Cort\u00e8s","author":"Tomajazz","date":"29 noviembre, 2021","format":false,"excerpt":"Joan Cort\u00e8s repasa (im\u00e1genes y fotograf\u00edas), las actuaciones de Chris Potter Trio, The Trio, Vijay Iyer Trio en el 53\u00e8 Festival de Jazz de Barcelona.","rel":"","context":"En \u00ab*_Joan Cort\u00e8s\u00bb","block_context":{"text":"*_Joan Cort\u00e8s","link":"https:\/\/tomajazz.com\/web\/category\/joan-cortes\/"},"img":{"alt_text":"Cinco Tr\u00edos: Chris Potter Trio, The Trio, Vijay Iyer Trio, Christian Sands Trio y Monder-Malaby-Raney (53\u00e8 Festival de Jazz de Barcelona \/ Conservatori del Liceu, Barcelona. 2021-09-23\/10-15) (I\/II)","src":"https:\/\/i0.wp.com\/tomajazz.com\/web\/wp-content\/uploads\/2021\/11\/03_Th-Tr-Joan-Cortes_25oct21_53FJBcn.jpg?resize=350%2C200&ssl=1","width":350,"height":200,"srcset":"https:\/\/i0.wp.com\/tomajazz.com\/web\/wp-content\/uploads\/2021\/11\/03_Th-Tr-Joan-Cortes_25oct21_53FJBcn.jpg?resize=350%2C200&ssl=1 1x, https:\/\/i0.wp.com\/tomajazz.com\/web\/wp-content\/uploads\/2021\/11\/03_Th-Tr-Joan-Cortes_25oct21_53FJBcn.jpg?resize=525%2C300&ssl=1 1.5x"},"classes":[]},{"id":60626,"url":"https:\/\/tomajazz.com\/web\/instantzz-christian-sands-trio-53e-festival-de-jazz-de-barcelona-conservatori-del-liceu-barcelona-2021-11-09-v-xiii-galeria-fotografica-aka-fotoblog-de-jazz-impro-y-algo-mas-por-j\/","url_meta":{"origin":59191,"position":2},"title":"INSTANTZZ: Christian Sands Trio (53\u00e8 Festival de Jazz de Barcelona \/ Conservatori del Liceu, Barcelona. 2021-11-09) (V\/XIII) [Galer\u00eda fotogr\u00e1fica AKA Fotoblog de jazz, impro\u2026 y algo m\u00e1s] Por Joan Cort\u00e8s","author":"Tomajazz","date":"27 enero, 2022","format":false,"excerpt":"En INSTANTZZ, una galer\u00eda fotogr\u00e1fica de Joan Cort\u00e8s con la actuaci\u00f3n del Christian Sands Trio en la 53\u00aa Edici\u00f3n del Festival de Jazz de Barcelona.","rel":"","context":"En \u00abINSTANTZZ\u00bb","block_context":{"text":"INSTANTZZ","link":"https:\/\/tomajazz.com\/web\/category\/contenidos\/imagenes\/photoblogs\/instantzz\/"},"img":{"alt_text":"INSTANTZZ: Christian Sands Trio (53\u00e8 Festival de Jazz de Barcelona \/ Conservatori del Liceu, Barcelona. 2021-11-09) (V\/XIII) [Galer\u00eda fotogr\u00e1fica AKA Fotoblog de jazz, impro\u2026 y algo m\u00e1s] Por Joan Cort\u00e8s","src":"https:\/\/i0.wp.com\/tomajazz.com\/web\/wp-content\/uploads\/2022\/01\/06_Chrstn-Snds-Joan-Cortes_53FJBcn_Cnsrvtr-Lc.jpg?resize=350%2C200&ssl=1","width":350,"height":200,"srcset":"https:\/\/i0.wp.com\/tomajazz.com\/web\/wp-content\/uploads\/2022\/01\/06_Chrstn-Snds-Joan-Cortes_53FJBcn_Cnsrvtr-Lc.jpg?resize=350%2C200&ssl=1 1x, https:\/\/i0.wp.com\/tomajazz.com\/web\/wp-content\/uploads\/2022\/01\/06_Chrstn-Snds-Joan-Cortes_53FJBcn_Cnsrvtr-Lc.jpg?resize=525%2C300&ssl=1 1.5x"},"classes":[]},{"id":59992,"url":"https:\/\/tomajazz.com\/web\/instantzz-the-trio-53e-festival-de-jazz-de-barcelona-conservatori-del-liceu-barcelona-2021-10-25-ii-xiii-galeria-fotografica-aka-fotoblog-de-jazz-impro-y-algo-mas-por-joan-cortes\/","url_meta":{"origin":59191,"position":3},"title":"INSTANTZZ: The Trio (53\u00e8 Festival de Jazz de Barcelona \/ Conservatori del Liceu, Barcelona. 2021-10-25) (II\/XIII) [Galer\u00eda fotogr\u00e1fica AKA Fotoblog de jazz, impro\u2026 y algo m\u00e1s] Por Joan Cort\u00e8s","author":"Tomajazz","date":"7 enero, 2022","format":false,"excerpt":"En INSTANTZZ, una galer\u00eda fotogr\u00e1fica con la actuaci\u00f3n de The Trio (Steve Cardenas, Ted Nash y Ben Allison) en el 53\u00e8 Festival de Jazz de Barcelona. Joan Cort\u00e8s es el autor de la galer\u00eda fotogr\u00e1fica.","rel":"","context":"En \u00abINSTANTZZ\u00bb","block_context":{"text":"INSTANTZZ","link":"https:\/\/tomajazz.com\/web\/category\/contenidos\/imagenes\/photoblogs\/instantzz\/"},"img":{"alt_text":"INSTANTZZ: The Trio (53\u00e8 Festival de Jazz de Barcelona \/ Conservatori del Liceu, Barcelona. 2021-10-25) (II\/XIII) [Galer\u00eda fotogr\u00e1fica AKA Fotoblog de jazz, impro\u2026 y algo m\u00e1s] Por Joan Cort\u00e8s","src":"https:\/\/i0.wp.com\/tomajazz.com\/web\/wp-content\/uploads\/2022\/01\/04_Th-Tr-Joan-Cortes_24oct21_FJBcn_Cnsrvtr-Lc_Bcn.jpg?resize=350%2C200&ssl=1","width":350,"height":200,"srcset":"https:\/\/i0.wp.com\/tomajazz.com\/web\/wp-content\/uploads\/2022\/01\/04_Th-Tr-Joan-Cortes_24oct21_FJBcn_Cnsrvtr-Lc_Bcn.jpg?resize=350%2C200&ssl=1 1x, https:\/\/i0.wp.com\/tomajazz.com\/web\/wp-content\/uploads\/2022\/01\/04_Th-Tr-Joan-Cortes_24oct21_FJBcn_Cnsrvtr-Lc_Bcn.jpg?resize=525%2C300&ssl=1 1.5x"},"classes":[]},{"id":9380,"url":"https:\/\/tomajazz.com\/web\/imatjazz-christian-sands\/","url_meta":{"origin":59191,"position":4},"title":"IMATJAZZ: Christian Sands","author":"Tomajazz","date":"22 noviembre, 2013","format":false,"excerpt":"Christian Sands Christian McBride Trio 45 Festival Internacional Jazz Barcelona Conservatori del Liceu, Barcelona. 2013-11-16 \u00a9 Joan Cort\u00e8s, 2013","rel":"","context":"En \u00ab*_Joan Cort\u00e8s\u00bb","block_context":{"text":"*_Joan Cort\u00e8s","link":"https:\/\/tomajazz.com\/web\/category\/joan-cortes\/"},"img":{"alt_text":"IMJ021_CHRISTIAN SANDS (\u00a9Joan Cort\u00e8s)_Christian McBride Trio_16nov13_Conservatori del Liceu_45FestInterJazz_Bcn","src":"https:\/\/i0.wp.com\/www.tomajazz.com\/web\/wp-content\/uploads\/2013\/11\/IMJ021_CHRISTIAN-SANDS-%C2%A9Joan-Cort%C3%A8s_Christian-McBride-Trio_16nov13_Conservatori-del-Liceu_45FestInterJazz_Bcn.jpg?resize=350%2C200","width":350,"height":200,"srcset":"https:\/\/i0.wp.com\/www.tomajazz.com\/web\/wp-content\/uploads\/2013\/11\/IMJ021_CHRISTIAN-SANDS-%C2%A9Joan-Cort%C3%A8s_Christian-McBride-Trio_16nov13_Conservatori-del-Liceu_45FestInterJazz_Bcn.jpg?resize=350%2C200 1x, https:\/\/i0.wp.com\/www.tomajazz.com\/web\/wp-content\/uploads\/2013\/11\/IMJ021_CHRISTIAN-SANDS-%C2%A9Joan-Cort%C3%A8s_Christian-McBride-Trio_16nov13_Conservatori-del-Liceu_45FestInterJazz_Bcn.jpg?resize=525%2C300 1.5x"},"classes":[]},{"id":59869,"url":"https:\/\/tomajazz.com\/web\/instantzz-chris-potter-trio-53e-festival-de-jazz-de-barcelona-conservatori-del-liceu-barcelona-2021-09-23-i-xiii\/","url_meta":{"origin":59191,"position":5},"title":"INSTANTZZ: Chris Potter Trio (53\u00e8 Festival de Jazz de Barcelona \/ Conservatori del Liceu, Barcelona.  2021-09-23) (I\/XIII) [Galer\u00eda fotogr\u00e1fica AKA Fotoblog de jazz, impro\u2026 y algo m\u00e1s] Por Joan Cort\u00e8s","author":"Tomajazz","date":"1 enero, 2022","format":false,"excerpt":"Joan Cort\u00e8s comienza el repaso en INSTANTZZ del 53\u00e8 Festival de Jazz de Barcelona. El primer grupo es Chris Potter Trio.","rel":"","context":"En \u00ab*_Joan Cort\u00e8s\u00bb","block_context":{"text":"*_Joan Cort\u00e8s","link":"https:\/\/tomajazz.com\/web\/category\/joan-cortes\/"},"img":{"alt_text":"","src":"https:\/\/i0.wp.com\/tomajazz.com\/web\/wp-content\/uploads\/2021\/12\/02_Chrs-Pttr-Tr-Joan-Cortes_23oct21_53FstJazzBcn_Cnsrvtr-Lc_Bcn.jpg?resize=350%2C200&ssl=1","width":350,"height":200,"srcset":"https:\/\/i0.wp.com\/tomajazz.com\/web\/wp-content\/uploads\/2021\/12\/02_Chrs-Pttr-Tr-Joan-Cortes_23oct21_53FstJazzBcn_Cnsrvtr-Lc_Bcn.jpg?resize=350%2C200&ssl=1 1x, https:\/\/i0.wp.com\/tomajazz.com\/web\/wp-content\/uploads\/2021\/12\/02_Chrs-Pttr-Tr-Joan-Cortes_23oct21_53FstJazzBcn_Cnsrvtr-Lc_Bcn.jpg?resize=525%2C300&ssl=1 1.5x"},"classes":[]}],"_links":{"self":[{"href":"https:\/\/tomajazz.com\/web\/wp-json\/wp\/v2\/posts\/59191","targetHints":{"allow":["GET"]}}],"collection":[{"href":"https:\/\/tomajazz.com\/web\/wp-json\/wp\/v2\/posts"}],"about":[{"href":"https:\/\/tomajazz.com\/web\/wp-json\/wp\/v2\/types\/post"}],"author":[{"embeddable":true,"href":"https:\/\/tomajazz.com\/web\/wp-json\/wp\/v2\/users\/1"}],"replies":[{"embeddable":true,"href":"https:\/\/tomajazz.com\/web\/wp-json\/wp\/v2\/comments?post=59191"}],"version-history":[{"count":3,"href":"https:\/\/tomajazz.com\/web\/wp-json\/wp\/v2\/posts\/59191\/revisions"}],"predecessor-version":[{"id":59199,"href":"https:\/\/tomajazz.com\/web\/wp-json\/wp\/v2\/posts\/59191\/revisions\/59199"}],"wp:featuredmedia":[{"embeddable":true,"href":"https:\/\/tomajazz.com\/web\/wp-json\/wp\/v2\/media\/59194"}],"wp:attachment":[{"href":"https:\/\/tomajazz.com\/web\/wp-json\/wp\/v2\/media?parent=59191"}],"wp:term":[{"taxonomy":"category","embeddable":true,"href":"https:\/\/tomajazz.com\/web\/wp-json\/wp\/v2\/categories?post=59191"},{"taxonomy":"post_tag","embeddable":true,"href":"https:\/\/tomajazz.com\/web\/wp-json\/wp\/v2\/tags?post=59191"}],"curies":[{"name":"wp","href":"https:\/\/api.w.org\/{rel}","templated":true}]}}