{"id":59200,"date":"2021-12-03T11:00:06","date_gmt":"2021-12-03T10:00:06","guid":{"rendered":"https:\/\/www.tomajazz.com\/web\/?p=59200"},"modified":"2022-01-23T15:01:57","modified_gmt":"2022-01-23T14:01:57","slug":"instantzz-antonio-serrano-ignasi-terraza-fundacion-juan-march-madrid-2021-11-27-galeria-fotografica-aka-fotoblog-de-jazz-impro-y-algo-mas-por-enrique-farelo","status":"publish","type":"post","link":"https:\/\/tomajazz.com\/web\/instantzz-antonio-serrano-ignasi-terraza-fundacion-juan-march-madrid-2021-11-27-galeria-fotografica-aka-fotoblog-de-jazz-impro-y-algo-mas-por-enrique-farelo\/","title":{"rendered":"INSTANTZZ: Antonio Serrano &#8211; Ignasi Terraza (Fundaci\u00f3n Juan March, Madrid. 2021-11-27) [Galer\u00eda fotogr\u00e1fica AKA Fotoblog de jazz, impro\u2026 y algo m\u00e1s] Por Enrique Farelo"},"content":{"rendered":"<ul>\n<li>Fecha: 27 de noviembre de 2021<\/li>\n<li>Lugar: <a href=\"https:\/\/www.march.es\/es\" target=\"_blank\" rel=\"noopener\">Fundaci\u00f3n Juan March<\/a> (Madrid)<\/li>\n<li>Grupo:<br \/>\n<strong>Antonio Serrano &#8211; Ignasi Terraza<\/strong><br \/>\nIgnasi Terraza: piano<br \/>\nAntonio Serrano: arm\u00f3nica<\/li>\n<\/ul>\n<p style=\"text-align: center;\"><img loading=\"lazy\" decoding=\"async\" class=\"aligncenter wp-image-59201 size-large\" src=\"https:\/\/tomajazz.com\/web\/wp-content\/uploads\/2021\/12\/SERRANO-I-600x403.jpg\" alt=\"INSTANTZZ: Antonio Serrano - Ignasi Terraza (Fundaci\u00f3n Juan March, Madrid. 2021-11-27) [Galer\u00eda fotogr\u00e1fica AKA Fotoblog de jazz, impro\u2026 y algo m\u00e1s] Por Enrique Farelo\" width=\"600\" height=\"403\" title=\"\" srcset=\"https:\/\/tomajazz.com\/web\/wp-content\/uploads\/2021\/12\/SERRANO-I-600x403.jpg 600w, https:\/\/tomajazz.com\/web\/wp-content\/uploads\/2021\/12\/SERRANO-I-200x134.jpg 200w, https:\/\/tomajazz.com\/web\/wp-content\/uploads\/2021\/12\/SERRANO-I-768x516.jpg 768w, https:\/\/tomajazz.com\/web\/wp-content\/uploads\/2021\/12\/SERRANO-I-465x312.jpg 465w, https:\/\/tomajazz.com\/web\/wp-content\/uploads\/2021\/12\/SERRANO-I-695x467.jpg 695w, https:\/\/tomajazz.com\/web\/wp-content\/uploads\/2021\/12\/SERRANO-I.jpg 1000w\" sizes=\"auto, (max-width: 600px) 100vw, 600px\" \/> <img loading=\"lazy\" decoding=\"async\" class=\"aligncenter wp-image-59202\" src=\"https:\/\/tomajazz.com\/web\/wp-content\/uploads\/2021\/12\/SERRANO-II.jpg\" alt=\"INSTANTZZ: Antonio Serrano - Ignasi Terraza (Fundaci\u00f3n Juan March, Madrid. 2021-11-27) [Galer\u00eda fotogr\u00e1fica AKA Fotoblog de jazz, impro\u2026 y algo m\u00e1s] Por Enrique Farelo\" width=\"500\" height=\"427\" title=\"\" srcset=\"https:\/\/tomajazz.com\/web\/wp-content\/uploads\/2021\/12\/SERRANO-II.jpg 1000w, https:\/\/tomajazz.com\/web\/wp-content\/uploads\/2021\/12\/SERRANO-II-200x171.jpg 200w, https:\/\/tomajazz.com\/web\/wp-content\/uploads\/2021\/12\/SERRANO-II-600x512.jpg 600w, https:\/\/tomajazz.com\/web\/wp-content\/uploads\/2021\/12\/SERRANO-II-768x656.jpg 768w, https:\/\/tomajazz.com\/web\/wp-content\/uploads\/2021\/12\/SERRANO-II-465x397.jpg 465w, https:\/\/tomajazz.com\/web\/wp-content\/uploads\/2021\/12\/SERRANO-II-585x500.jpg 585w\" sizes=\"auto, (max-width: 500px) 100vw, 500px\" \/> <img loading=\"lazy\" decoding=\"async\" class=\"aligncenter wp-image-59203 size-large\" src=\"https:\/\/tomajazz.com\/web\/wp-content\/uploads\/2021\/12\/SERRANO-III-600x460.jpg\" alt=\"INSTANTZZ: Antonio Serrano - Ignasi Terraza (Fundaci\u00f3n Juan March, Madrid. 2021-11-27) [Galer\u00eda fotogr\u00e1fica AKA Fotoblog de jazz, impro\u2026 y algo m\u00e1s] Por Enrique Farelo\" width=\"600\" height=\"460\" title=\"\" srcset=\"https:\/\/tomajazz.com\/web\/wp-content\/uploads\/2021\/12\/SERRANO-III-600x460.jpg 600w, https:\/\/tomajazz.com\/web\/wp-content\/uploads\/2021\/12\/SERRANO-III-200x153.jpg 200w, https:\/\/tomajazz.com\/web\/wp-content\/uploads\/2021\/12\/SERRANO-III-768x588.jpg 768w, https:\/\/tomajazz.com\/web\/wp-content\/uploads\/2021\/12\/SERRANO-III-465x356.jpg 465w, https:\/\/tomajazz.com\/web\/wp-content\/uploads\/2021\/12\/SERRANO-III-653x500.jpg 653w, https:\/\/tomajazz.com\/web\/wp-content\/uploads\/2021\/12\/SERRANO-III.jpg 1000w\" sizes=\"auto, (max-width: 600px) 100vw, 600px\" \/> <img loading=\"lazy\" decoding=\"async\" class=\"aligncenter wp-image-59204 size-large\" src=\"https:\/\/tomajazz.com\/web\/wp-content\/uploads\/2021\/12\/SERRANO-IV-600x429.jpg\" alt=\"INSTANTZZ: Antonio Serrano - Ignasi Terraza (Fundaci\u00f3n Juan March, Madrid. 2021-11-27) [Galer\u00eda fotogr\u00e1fica AKA Fotoblog de jazz, impro\u2026 y algo m\u00e1s] Por Enrique Farelo\" width=\"600\" height=\"429\" title=\"\" srcset=\"https:\/\/tomajazz.com\/web\/wp-content\/uploads\/2021\/12\/SERRANO-IV-600x429.jpg 600w, https:\/\/tomajazz.com\/web\/wp-content\/uploads\/2021\/12\/SERRANO-IV-200x143.jpg 200w, https:\/\/tomajazz.com\/web\/wp-content\/uploads\/2021\/12\/SERRANO-IV-768x549.jpg 768w, https:\/\/tomajazz.com\/web\/wp-content\/uploads\/2021\/12\/SERRANO-IV-465x332.jpg 465w, https:\/\/tomajazz.com\/web\/wp-content\/uploads\/2021\/12\/SERRANO-IV-695x497.jpg 695w, https:\/\/tomajazz.com\/web\/wp-content\/uploads\/2021\/12\/SERRANO-IV.jpg 1000w\" sizes=\"auto, (max-width: 600px) 100vw, 600px\" \/> <img loading=\"lazy\" decoding=\"async\" class=\"aligncenter wp-image-59205 size-large\" src=\"https:\/\/tomajazz.com\/web\/wp-content\/uploads\/2021\/12\/SERRANO-TERRAZA-600x373.jpg\" alt=\"INSTANTZZ: Antonio Serrano - Ignasi Terraza (Fundaci\u00f3n Juan March, Madrid. 2021-11-27) [Galer\u00eda fotogr\u00e1fica AKA Fotoblog de jazz, impro\u2026 y algo m\u00e1s] Por Enrique Farelo\" width=\"600\" height=\"373\" title=\"\" srcset=\"https:\/\/tomajazz.com\/web\/wp-content\/uploads\/2021\/12\/SERRANO-TERRAZA-600x373.jpg 600w, https:\/\/tomajazz.com\/web\/wp-content\/uploads\/2021\/12\/SERRANO-TERRAZA-200x124.jpg 200w, https:\/\/tomajazz.com\/web\/wp-content\/uploads\/2021\/12\/SERRANO-TERRAZA-768x477.jpg 768w, https:\/\/tomajazz.com\/web\/wp-content\/uploads\/2021\/12\/SERRANO-TERRAZA-465x289.jpg 465w, https:\/\/tomajazz.com\/web\/wp-content\/uploads\/2021\/12\/SERRANO-TERRAZA-695x432.jpg 695w, https:\/\/tomajazz.com\/web\/wp-content\/uploads\/2021\/12\/SERRANO-TERRAZA.jpg 1000w\" sizes=\"auto, (max-width: 600px) 100vw, 600px\" \/> <img loading=\"lazy\" decoding=\"async\" class=\"aligncenter wp-image-59206 size-large\" src=\"https:\/\/tomajazz.com\/web\/wp-content\/uploads\/2021\/12\/TERRAZA-I-600x400.jpg\" alt=\"INSTANTZZ: Antonio Serrano - Ignasi Terraza (Fundaci\u00f3n Juan March, Madrid. 2021-11-27) [Galer\u00eda fotogr\u00e1fica AKA Fotoblog de jazz, impro\u2026 y algo m\u00e1s] Por Enrique Farelo\" width=\"600\" height=\"400\" title=\"\" srcset=\"https:\/\/tomajazz.com\/web\/wp-content\/uploads\/2021\/12\/TERRAZA-I-600x400.jpg 600w, https:\/\/tomajazz.com\/web\/wp-content\/uploads\/2021\/12\/TERRAZA-I-200x133.jpg 200w, https:\/\/tomajazz.com\/web\/wp-content\/uploads\/2021\/12\/TERRAZA-I-768x511.jpg 768w, https:\/\/tomajazz.com\/web\/wp-content\/uploads\/2021\/12\/TERRAZA-I-465x310.jpg 465w, https:\/\/tomajazz.com\/web\/wp-content\/uploads\/2021\/12\/TERRAZA-I-695x463.jpg 695w, https:\/\/tomajazz.com\/web\/wp-content\/uploads\/2021\/12\/TERRAZA-I.jpg 1000w\" sizes=\"auto, (max-width: 600px) 100vw, 600px\" \/> <img loading=\"lazy\" decoding=\"async\" class=\"aligncenter wp-image-59207 size-large\" src=\"https:\/\/tomajazz.com\/web\/wp-content\/uploads\/2021\/12\/TERRAZA-II-600x418.jpg\" alt=\"INSTANTZZ: Antonio Serrano - Ignasi Terraza (Fundaci\u00f3n Juan March, Madrid. 2021-11-27) [Galer\u00eda fotogr\u00e1fica AKA Fotoblog de jazz, impro\u2026 y algo m\u00e1s] Por Enrique Farelo\" width=\"600\" height=\"418\" title=\"\" srcset=\"https:\/\/tomajazz.com\/web\/wp-content\/uploads\/2021\/12\/TERRAZA-II-600x418.jpg 600w, https:\/\/tomajazz.com\/web\/wp-content\/uploads\/2021\/12\/TERRAZA-II-200x139.jpg 200w, https:\/\/tomajazz.com\/web\/wp-content\/uploads\/2021\/12\/TERRAZA-II-768x535.jpg 768w, https:\/\/tomajazz.com\/web\/wp-content\/uploads\/2021\/12\/TERRAZA-II-465x324.jpg 465w, https:\/\/tomajazz.com\/web\/wp-content\/uploads\/2021\/12\/TERRAZA-II-695x484.jpg 695w, https:\/\/tomajazz.com\/web\/wp-content\/uploads\/2021\/12\/TERRAZA-II.jpg 1000w\" sizes=\"auto, (max-width: 600px) 100vw, 600px\" \/> <img loading=\"lazy\" decoding=\"async\" class=\"aligncenter wp-image-59208 size-large\" src=\"https:\/\/tomajazz.com\/web\/wp-content\/uploads\/2021\/12\/TERRAZA-III-600x400.jpg\" alt=\"INSTANTZZ: Antonio Serrano - Ignasi Terraza (Fundaci\u00f3n Juan March, Madrid. 2021-11-27) [Galer\u00eda fotogr\u00e1fica AKA Fotoblog de jazz, impro\u2026 y algo m\u00e1s] Por Enrique Farelo\" width=\"600\" height=\"400\" title=\"\" srcset=\"https:\/\/tomajazz.com\/web\/wp-content\/uploads\/2021\/12\/TERRAZA-III-600x400.jpg 600w, https:\/\/tomajazz.com\/web\/wp-content\/uploads\/2021\/12\/TERRAZA-III-200x133.jpg 200w, https:\/\/tomajazz.com\/web\/wp-content\/uploads\/2021\/12\/TERRAZA-III-768x511.jpg 768w, https:\/\/tomajazz.com\/web\/wp-content\/uploads\/2021\/12\/TERRAZA-III-465x310.jpg 465w, https:\/\/tomajazz.com\/web\/wp-content\/uploads\/2021\/12\/TERRAZA-III-695x463.jpg 695w, https:\/\/tomajazz.com\/web\/wp-content\/uploads\/2021\/12\/TERRAZA-III.jpg 1000w\" sizes=\"auto, (max-width: 600px) 100vw, 600px\" \/><\/p>\n<p>&nbsp;<\/p>\n<p style=\"text-align: right;\">Fotograf\u00edas: \u00a9 <strong>Enrique Farelo<\/strong>, 2021<\/p>\n<h4>M\u00e1s informaci\u00f3n acerca de Antonio Serrano &#8211; Ignasi Terraza en Tomajazz<\/h4>\n<p><a href=\"https:\/\/tomajazz.com\/web\/?s=antonio+serrano&amp;submit=Search\">https:\/\/tomajazz.com\/web\/?s=antonio+serrano&amp;submit=Search<\/a><\/p>\n<p><a href=\"https:\/\/tomajazz.com\/web\/?s=ignasi+terraza&amp;submit=Search\" target=\"_blank\" rel=\"noopener\">https:\/\/tomajazz.com\/web\/?s=ignasi+terraza&amp;submit=Search<\/a><\/p>\n<h4>Enrique Farelo en Tomajazz<\/h4>\n<p>Enrique Farelo: <a href=\"https:\/\/tomajazz.com\/web\/?cat=17848\" target=\"_blank\" rel=\"noopener\">https:\/\/tomajazz.com\/web\/?cat=17848<\/a><\/p>\n<p>&nbsp;<\/p>\n","protected":false},"excerpt":{"rendered":"<p>Enrique Farelo retrata en INSTANTZZ, la actuaci\u00f3n de Antonio Serrano &#8211; Ignasi Terraza en Fundaci\u00f3n Juan March (Madrid). <span class=\"more-link\"><a href=\"https:\/\/tomajazz.com\/web\/instantzz-antonio-serrano-ignasi-terraza-fundacion-juan-march-madrid-2021-11-27-galeria-fotografica-aka-fotoblog-de-jazz-impro-y-algo-mas-por-enrique-farelo\/\">Contin\u00faa leyendo<\/a><\/span><\/p>\n","protected":false},"author":1,"featured_media":59205,"comment_status":"open","ping_status":"closed","sticky":false,"template":"","format":"standard","meta":{"jetpack_post_was_ever_published":false,"_jetpack_newsletter_access":"","_jetpack_dont_email_post_to_subs":false,"_jetpack_newsletter_tier_id":0,"_jetpack_memberships_contains_paywalled_content":false,"_jetpack_memberships_contains_paid_content":false,"footnotes":""},"categories":[17848,11262,15516,11261,1038],"tags":[5385,26211,304,26212,5114,11263,13],"class_list":["entry","author-pachi","has-excerpt","post-59200","post","type-post","status-publish","format-standard","has-post-thumbnail","category-enrique-farelo","category-photoblogs","category-imagenes","category-instantzz","category-contenidos","tag-antonio-serrano","tag-antonio-serrano-ignasi-terraza","tag-enrique-farelo","tag-fundacion-juan-march","tag-ignasi-terraza","tag-instantzz-2","tag-jazz"],"jetpack_featured_media_url":"https:\/\/tomajazz.com\/web\/wp-content\/uploads\/2021\/12\/SERRANO-TERRAZA.jpg","jetpack_likes_enabled":true,"jetpack_sharing_enabled":true,"jetpack-related-posts":[{"id":102904,"url":"https:\/\/tomajazz.com\/web\/sara-dowling-ignasi-terraza-trio-caixaforum-2025\/","url_meta":{"origin":59200,"position":0},"title":"Sara Dowling &#038; Ignasi Terraza Tr\u00edo (Caixaforum Palma. 2025-11-25) Por Jos\u00e9 Luis Luna Rocafort [INSTANTZZ AKA Galer\u00eda fotogr\u00e1fica AKA Fotoblog de jazz, impro\u2026 y algo m\u00e1s]","author":"Tomajazz","date":"23 diciembre, 2025","format":false,"excerpt":"Sara Dowling & Ignasi Terraza Tr\u00edo actuaron en Caixaforum Palma, el 25 de noviembre de 2025. Jos\u00e9 Luis Luna Rocafort los retrata en INSTANTZZ. Actuaron Sara Dowling, Ignasi Terraza, Dario Di Lecce, Esteve Pi","rel":"","context":"En \u00ab*_Jos\u00e9 Luis Luna Rocafort\u00bb","block_context":{"text":"*_Jos\u00e9 Luis Luna Rocafort","link":"https:\/\/tomajazz.com\/web\/category\/jose-luis-luna-rocafort\/"},"img":{"alt_text":"Sara Dowling & Ignasi Terraza Tr\u00edo (Caixaforum Palma. 2025-11-25) Por Jos\u00e9 Luis Luna Rocafort [INSTANTZZ AKA Galer\u00eda fotogr\u00e1fica AKA Fotoblog de jazz, impro\u2026 y algo m\u00e1s] - Tomajazz - Sara Dowling & Ignasi Terraza Tr\u00edo actuaron en Caixaforum Palma, el 25 de noviembre de 2025. Jos\u00e9 Luis Luna Rocafort los retrata en INSTANTZZ. Actuaron Sara Dowling, Ignasi Terraza, Dario Di Lecce, Esteve Pi","src":"https:\/\/i0.wp.com\/tomajazz.com\/web\/wp-content\/uploads\/2025\/12\/015-8.jpg?resize=350%2C200&ssl=1","width":350,"height":200,"srcset":"https:\/\/i0.wp.com\/tomajazz.com\/web\/wp-content\/uploads\/2025\/12\/015-8.jpg?resize=350%2C200&ssl=1 1x, https:\/\/i0.wp.com\/tomajazz.com\/web\/wp-content\/uploads\/2025\/12\/015-8.jpg?resize=525%2C300&ssl=1 1.5x"},"classes":[]},{"id":84189,"url":"https:\/\/tomajazz.com\/web\/antonio-serrano-porter-gershwin-on-harmonica-2024\/","url_meta":{"origin":59200,"position":1},"title":"Antonio Serrano: Porter &#038; Gershwin On Harmonica (MARCHVIVO. MV010) Por Pachi Tapiz [Grabaci\u00f3n de jazz]","author":"Tomajazz","date":"28 febrero, 2024","format":false,"excerpt":"Porter & Gershwin On Harmonica (MARCHVIVO. MV010) es el t\u00edtulo de la nueva grabaci\u00f3n de Antonio Serrano. Pachi Tapiz repasa la grabaci\u00f3n. Participan Antonio Serrano, Ignasi Terraza, Federico Lechner","rel":"","context":"En \u00ab*_Pachi Tapiz\u00bb","block_context":{"text":"*_Pachi Tapiz","link":"https:\/\/tomajazz.com\/web\/category\/pachi-tapiz\/"},"img":{"alt_text":"Antonio Serrano: Porter & Gershwin On Harmonica (MARCHVIVO. MV010) Por Pachi Tapiz [Grabaci\u00f3n de jazz] - Tomajazz","src":"https:\/\/i0.wp.com\/tomajazz.com\/web\/wp-content\/uploads\/2024\/02\/Antonio-Serrano-with-Ignasi-Terraza-Federico-Lechner-Porter-Gershwin-on-harmonica-MarchVivo.jpg?resize=350%2C200&ssl=1","width":350,"height":200},"classes":[]},{"id":57828,"url":"https:\/\/tomajazz.com\/web\/jazzx5301-ignasi-terraza-con-antonio-serrano-an-emotional-dance-intimate-conversations-swit-records-2021-minipodcast-de-jazz-por-pachi-tapiz\/","url_meta":{"origin":59200,"position":2},"title":"JazzX5#301. Ignasi Terraza (con Antonio Serrano): \u00abAn Emotional Dance\u00bb [Intimate Conversations (SWIT Records, 2021)] [Minipodcast de jazz] Por Pachi Tapiz","author":"Tomajazz","date":"13 octubre, 2021","format":false,"excerpt":"En JazzX5 el tema \"An Emotional Dance\" que en Intimate Conversations (SWIT Records, 2021), interpretan en d\u00fao Ignasi Terraza y Antonio Serrano. JazzX5 es un podcast de Pachi Tapiz.","rel":"","context":"En \u00abJazzX5\u00bb","block_context":{"text":"JazzX5","link":"https:\/\/tomajazz.com\/web\/category\/contenidos\/sonidos\/podcast\/jazzx5\/"},"img":{"alt_text":"","src":"https:\/\/i0.wp.com\/tomajazz.com\/web\/wp-content\/uploads\/2021\/10\/JazzX5_301.jpg?resize=350%2C200&ssl=1","width":350,"height":200,"srcset":"https:\/\/i0.wp.com\/tomajazz.com\/web\/wp-content\/uploads\/2021\/10\/JazzX5_301.jpg?resize=350%2C200&ssl=1 1x, https:\/\/i0.wp.com\/tomajazz.com\/web\/wp-content\/uploads\/2021\/10\/JazzX5_301.jpg?resize=525%2C300&ssl=1 1.5x, https:\/\/i0.wp.com\/tomajazz.com\/web\/wp-content\/uploads\/2021\/10\/JazzX5_301.jpg?resize=700%2C400&ssl=1 2x"},"classes":[]},{"id":60502,"url":"https:\/\/tomajazz.com\/web\/instantzz-yevhen-riechkalov-estanque-grande-del-buen-retiro-junto-al-monumento-a-alfonso-xii-madrid-2022-01-10-y-11-galeria-fotografica-aka-fotoblog-de-jazz-impro-y-algo-mas-por-enriq\/","url_meta":{"origin":59200,"position":3},"title":"INSTANTZZ: Yevhen Riechkalov (Estanque Grande del Buen Retiro junto al monumento a Alfonso XII, Madrid. 2022-01-10 y 11) [Galer\u00eda fotogr\u00e1fica AKA Fotoblog de jazz, impro\u2026 y algo m\u00e1s] Por Enrique Farelo","author":"Tomajazz","date":"23 enero, 2022","format":false,"excerpt":"En INSTANTZZ una galer\u00eda fotogr\u00e1fica de Yevhen Riechkalov realizada por Enrique Farelo.","rel":"","context":"En \u00abINSTANTZZ\u00bb","block_context":{"text":"INSTANTZZ","link":"https:\/\/tomajazz.com\/web\/category\/contenidos\/imagenes\/photoblogs\/instantzz\/"},"img":{"alt_text":"Yevhen Riechkalov","src":"https:\/\/i0.wp.com\/tomajazz.com\/web\/wp-content\/uploads\/2022\/01\/YEVHEN-RIECHKALOV-XI.jpg?resize=350%2C200&ssl=1","width":350,"height":200,"srcset":"https:\/\/i0.wp.com\/tomajazz.com\/web\/wp-content\/uploads\/2022\/01\/YEVHEN-RIECHKALOV-XI.jpg?resize=350%2C200&ssl=1 1x, https:\/\/i0.wp.com\/tomajazz.com\/web\/wp-content\/uploads\/2022\/01\/YEVHEN-RIECHKALOV-XI.jpg?resize=525%2C300&ssl=1 1.5x, https:\/\/i0.wp.com\/tomajazz.com\/web\/wp-content\/uploads\/2022\/01\/YEVHEN-RIECHKALOV-XI.jpg?resize=700%2C400&ssl=1 2x"},"classes":[]},{"id":58554,"url":"https:\/\/tomajazz.com\/web\/ignasi-terraza-duo-jazzmadrid21-concierto-de-jazz-por-enrique-farelo-y-carlos-lara\/","url_meta":{"origin":59200,"position":4},"title":"Ignasi Terraza Duo (JazzMadrid21) [Concierto de jazz] Por Enrique Farelo y Carlos Lara","author":"Tomajazz","date":"15 noviembre, 2021","format":false,"excerpt":"Carlos Lara y Enrique Farelo repasan, palabras e im\u00e1genes, la actuaci\u00f3n de Ignasi Terraza D\u00fao en JazzMadrid21.","rel":"","context":"En \u00abConciertos...\u00bb","block_context":{"text":"Conciertos...","link":"https:\/\/tomajazz.com\/web\/category\/contenidos\/textos\/conciertos\/"},"img":{"alt_text":"Ignasi Terraza Duo","src":"https:\/\/i0.wp.com\/tomajazz.com\/web\/wp-content\/uploads\/2021\/11\/IMG_1668-_filtered.jpg?resize=350%2C200&ssl=1","width":350,"height":200,"srcset":"https:\/\/i0.wp.com\/tomajazz.com\/web\/wp-content\/uploads\/2021\/11\/IMG_1668-_filtered.jpg?resize=350%2C200&ssl=1 1x, https:\/\/i0.wp.com\/tomajazz.com\/web\/wp-content\/uploads\/2021\/11\/IMG_1668-_filtered.jpg?resize=525%2C300&ssl=1 1.5x, https:\/\/i0.wp.com\/tomajazz.com\/web\/wp-content\/uploads\/2021\/11\/IMG_1668-_filtered.jpg?resize=700%2C400&ssl=1 2x"},"classes":[]},{"id":45250,"url":"https:\/\/tomajazz.com\/web\/instantzz-ignasi-terraza-trio-fundacion-pilar-i-joan-miro-palma-2019-04-30-galeria-fotografica\/","url_meta":{"origin":59200,"position":5},"title":"INSTANTZZ: Ignasi Terraza Tr\u00edo (Fundaci\u00f3 Pilar i Joan Mir\u00f3, Palma de Mallorca. 2019-04-30) [Galer\u00eda fotogr\u00e1fica]","author":"Tomajazz","date":"30 agosto, 2019","format":false,"excerpt":"Por\u00a0Jos\u00e9 Luis Luna Rocafort. Fecha: Martes, 30 de abril de 2019. 20:00h. Lugar: Fundaci\u00f3 Pilar i Joan Mir\u00f3, Palma de Mallorca. Celebraci\u00f3n: D\u00eda Internacional del Jazz. Grupo: Ignasi Terraza Tr\u00edo Ignasi Terraza:\u00a0 piano Horacio Fumero: contrabajo Esteve Pi: bater\u00eda Tomajazz: \u00a9\u00a0Jos\u00e9 Luis Luna Rocafort, 2019","rel":"","context":"En \u00ab*_Jos\u00e9 Luis Luna Rocafort\u00bb","block_context":{"text":"*_Jos\u00e9 Luis Luna Rocafort","link":"https:\/\/tomajazz.com\/web\/category\/jose-luis-luna-rocafort\/"},"img":{"alt_text":"","src":"https:\/\/i0.wp.com\/tomajazz.com\/web\/wp-content\/uploads\/2019\/08\/001-9.jpg?resize=350%2C200&ssl=1","width":350,"height":200,"srcset":"https:\/\/i0.wp.com\/tomajazz.com\/web\/wp-content\/uploads\/2019\/08\/001-9.jpg?resize=350%2C200&ssl=1 1x, https:\/\/i0.wp.com\/tomajazz.com\/web\/wp-content\/uploads\/2019\/08\/001-9.jpg?resize=525%2C300&ssl=1 1.5x"},"classes":[]}],"_links":{"self":[{"href":"https:\/\/tomajazz.com\/web\/wp-json\/wp\/v2\/posts\/59200","targetHints":{"allow":["GET"]}}],"collection":[{"href":"https:\/\/tomajazz.com\/web\/wp-json\/wp\/v2\/posts"}],"about":[{"href":"https:\/\/tomajazz.com\/web\/wp-json\/wp\/v2\/types\/post"}],"author":[{"embeddable":true,"href":"https:\/\/tomajazz.com\/web\/wp-json\/wp\/v2\/users\/1"}],"replies":[{"embeddable":true,"href":"https:\/\/tomajazz.com\/web\/wp-json\/wp\/v2\/comments?post=59200"}],"version-history":[{"count":3,"href":"https:\/\/tomajazz.com\/web\/wp-json\/wp\/v2\/posts\/59200\/revisions"}],"predecessor-version":[{"id":59210,"href":"https:\/\/tomajazz.com\/web\/wp-json\/wp\/v2\/posts\/59200\/revisions\/59210"}],"wp:featuredmedia":[{"embeddable":true,"href":"https:\/\/tomajazz.com\/web\/wp-json\/wp\/v2\/media\/59205"}],"wp:attachment":[{"href":"https:\/\/tomajazz.com\/web\/wp-json\/wp\/v2\/media?parent=59200"}],"wp:term":[{"taxonomy":"category","embeddable":true,"href":"https:\/\/tomajazz.com\/web\/wp-json\/wp\/v2\/categories?post=59200"},{"taxonomy":"post_tag","embeddable":true,"href":"https:\/\/tomajazz.com\/web\/wp-json\/wp\/v2\/tags?post=59200"}],"curies":[{"name":"wp","href":"https:\/\/api.w.org\/{rel}","templated":true}]}}