{"id":60113,"date":"2022-01-11T12:00:49","date_gmt":"2022-01-11T11:00:49","guid":{"rendered":"https:\/\/www.tomajazz.com\/web\/?p=60113"},"modified":"2022-01-10T23:36:08","modified_gmt":"2022-01-10T22:36:08","slug":"instantzz-encarna-anilllo-andres-hernandez-pituquete-el-dorado-sociedad-flamenca-barcelonesa-auditori-del-centre-civic-parc-sandaru-barcelona-2021-10-28-flamencura-aka-galer","status":"publish","type":"post","link":"https:\/\/tomajazz.com\/web\/instantzz-encarna-anilllo-andres-hernandez-pituquete-el-dorado-sociedad-flamenca-barcelonesa-auditori-del-centre-civic-parc-sandaru-barcelona-2021-10-28-flamencura-aka-galer\/","title":{"rendered":"INSTANTZZ: Encarna Anilllo &#038; Andr\u00e9s Hern\u00e1ndez \u201cPituquete\u201d (El Dorado Sociedad Flamenca Barcelonesa, Auditori del Centre C\u00edvic Parc Sandaru, Barcelona. 2021-10-28) [Flamencura AKA Galer\u00eda fotogr\u00e1fica AKA Fotoblog de jazz, impro\u2026 y algo m\u00e1s] Por Joan Cort\u00e8s"},"content":{"rendered":"<ul>\n<li>Fecha: Jueves, 28 de octubre de 2021<\/li>\n<li>Lugar: El Dorado sfb \/ Auditori del Centre C\u00edvic Parc Sandaru (Barcelona)<\/li>\n<li>Grupo:<br \/>\n<strong>Encarna Anilllo &amp; Andr\u00e9s Hern\u00e1ndez \u201cPituquete\u201d<br \/>\n<\/strong>Encarna Anilllo, cante<br \/>\nAndr\u00e9s Hern\u00e1ndez \u201cPituquete\u201d, guitarra<br \/>\nDiego Amaya, palmas<br \/>\nIv\u00e1n Alcal\u00e1, palmas y baile<\/li>\n<\/ul>\n<p style=\"text-align: center;\"><img loading=\"lazy\" decoding=\"async\" class=\"aligncenter wp-image-60114 size-full\" src=\"https:\/\/tomajazz.com\/web\/wp-content\/uploads\/2022\/01\/01_ncrn-nll-ndrs-Hrnndz-Joan-Cortes_28oct21_lDrd-sfb_CCPS_Bcn.jpg\" alt=\"INSTANTZZ: Encarna Anilllo &amp; Andr\u00e9s Hern\u00e1ndez \u201cPituquete\u201d (El Dorado Sociedad Flamenca Barcelonesa, Auditori del Centre C\u00edvic Parc Sandaru, Barcelona. 2021-10-28) [Flamencura AKA Galer\u00eda fotogr\u00e1fica AKA Fotoblog de jazz, impro\u2026 y algo m\u00e1s] Por Joan Cort\u00e8s\" width=\"600\" height=\"399\" title=\"\" srcset=\"https:\/\/tomajazz.com\/web\/wp-content\/uploads\/2022\/01\/01_ncrn-nll-ndrs-Hrnndz-Joan-Cortes_28oct21_lDrd-sfb_CCPS_Bcn.jpg 600w, https:\/\/tomajazz.com\/web\/wp-content\/uploads\/2022\/01\/01_ncrn-nll-ndrs-Hrnndz-Joan-Cortes_28oct21_lDrd-sfb_CCPS_Bcn-200x133.jpg 200w, https:\/\/tomajazz.com\/web\/wp-content\/uploads\/2022\/01\/01_ncrn-nll-ndrs-Hrnndz-Joan-Cortes_28oct21_lDrd-sfb_CCPS_Bcn-465x309.jpg 465w\" sizes=\"auto, (max-width: 600px) 100vw, 600px\" \/> <img loading=\"lazy\" decoding=\"async\" class=\"aligncenter wp-image-60115 size-full\" src=\"https:\/\/tomajazz.com\/web\/wp-content\/uploads\/2022\/01\/02_ncrn-nll-ndrs-Hrnndz-Joan-Cortes_28oct21_lDrd-sfb_CCPS_Bcn.jpg\" alt=\"INSTANTZZ: Encarna Anilllo &amp; Andr\u00e9s Hern\u00e1ndez \u201cPituquete\u201d (El Dorado Sociedad Flamenca Barcelonesa, Auditori del Centre C\u00edvic Parc Sandaru, Barcelona. 2021-10-28) [Flamencura AKA Galer\u00eda fotogr\u00e1fica AKA Fotoblog de jazz, impro\u2026 y algo m\u00e1s] Por Joan Cort\u00e8s\" width=\"399\" height=\"600\" title=\"\" srcset=\"https:\/\/tomajazz.com\/web\/wp-content\/uploads\/2022\/01\/02_ncrn-nll-ndrs-Hrnndz-Joan-Cortes_28oct21_lDrd-sfb_CCPS_Bcn.jpg 399w, https:\/\/tomajazz.com\/web\/wp-content\/uploads\/2022\/01\/02_ncrn-nll-ndrs-Hrnndz-Joan-Cortes_28oct21_lDrd-sfb_CCPS_Bcn-133x200.jpg 133w, https:\/\/tomajazz.com\/web\/wp-content\/uploads\/2022\/01\/02_ncrn-nll-ndrs-Hrnndz-Joan-Cortes_28oct21_lDrd-sfb_CCPS_Bcn-366x550.jpg 366w, https:\/\/tomajazz.com\/web\/wp-content\/uploads\/2022\/01\/02_ncrn-nll-ndrs-Hrnndz-Joan-Cortes_28oct21_lDrd-sfb_CCPS_Bcn-333x500.jpg 333w\" sizes=\"auto, (max-width: 399px) 100vw, 399px\" \/> <img loading=\"lazy\" decoding=\"async\" class=\"aligncenter wp-image-60116 size-full\" src=\"https:\/\/tomajazz.com\/web\/wp-content\/uploads\/2022\/01\/03_ncrn-nll-ndrs-Hrnndz-Joan-Cortes_28oct21_lDrd-sfb_CCPS_Bcn.jpg\" alt=\"INSTANTZZ: Encarna Anilllo &amp; Andr\u00e9s Hern\u00e1ndez \u201cPituquete\u201d (El Dorado Sociedad Flamenca Barcelonesa, Auditori del Centre C\u00edvic Parc Sandaru, Barcelona. 2021-10-28) [Flamencura AKA Galer\u00eda fotogr\u00e1fica AKA Fotoblog de jazz, impro\u2026 y algo m\u00e1s] Por Joan Cort\u00e8s\" width=\"600\" height=\"399\" title=\"\" srcset=\"https:\/\/tomajazz.com\/web\/wp-content\/uploads\/2022\/01\/03_ncrn-nll-ndrs-Hrnndz-Joan-Cortes_28oct21_lDrd-sfb_CCPS_Bcn.jpg 600w, https:\/\/tomajazz.com\/web\/wp-content\/uploads\/2022\/01\/03_ncrn-nll-ndrs-Hrnndz-Joan-Cortes_28oct21_lDrd-sfb_CCPS_Bcn-200x133.jpg 200w, https:\/\/tomajazz.com\/web\/wp-content\/uploads\/2022\/01\/03_ncrn-nll-ndrs-Hrnndz-Joan-Cortes_28oct21_lDrd-sfb_CCPS_Bcn-465x309.jpg 465w\" sizes=\"auto, (max-width: 600px) 100vw, 600px\" \/> <img loading=\"lazy\" decoding=\"async\" class=\"aligncenter wp-image-60117 size-full\" src=\"https:\/\/tomajazz.com\/web\/wp-content\/uploads\/2022\/01\/04_ncrn-nll-ndrs-Hrnndz-Joan-Cortes_28oct21_lDrd-sfb_CCPS_Bcn.jpg\" alt=\"INSTANTZZ: Encarna Anilllo &amp; Andr\u00e9s Hern\u00e1ndez \u201cPituquete\u201d (El Dorado Sociedad Flamenca Barcelonesa, Auditori del Centre C\u00edvic Parc Sandaru, Barcelona. 2021-10-28) [Flamencura AKA Galer\u00eda fotogr\u00e1fica AKA Fotoblog de jazz, impro\u2026 y algo m\u00e1s] Por Joan Cort\u00e8s\" width=\"600\" height=\"399\" title=\"\" srcset=\"https:\/\/tomajazz.com\/web\/wp-content\/uploads\/2022\/01\/04_ncrn-nll-ndrs-Hrnndz-Joan-Cortes_28oct21_lDrd-sfb_CCPS_Bcn.jpg 600w, https:\/\/tomajazz.com\/web\/wp-content\/uploads\/2022\/01\/04_ncrn-nll-ndrs-Hrnndz-Joan-Cortes_28oct21_lDrd-sfb_CCPS_Bcn-200x133.jpg 200w, https:\/\/tomajazz.com\/web\/wp-content\/uploads\/2022\/01\/04_ncrn-nll-ndrs-Hrnndz-Joan-Cortes_28oct21_lDrd-sfb_CCPS_Bcn-465x309.jpg 465w\" sizes=\"auto, (max-width: 600px) 100vw, 600px\" \/> <img loading=\"lazy\" decoding=\"async\" class=\"aligncenter wp-image-60118 size-full\" src=\"https:\/\/tomajazz.com\/web\/wp-content\/uploads\/2022\/01\/05_ncrn-nll-ndrs-Hrnndz-Joan-Cortes_28oct21_lDrd-sfb_CCPS_Bcn.jpg\" alt=\"INSTANTZZ: Encarna Anilllo &amp; Andr\u00e9s Hern\u00e1ndez \u201cPituquete\u201d (El Dorado Sociedad Flamenca Barcelonesa, Auditori del Centre C\u00edvic Parc Sandaru, Barcelona. 2021-10-28) [Flamencura AKA Galer\u00eda fotogr\u00e1fica AKA Fotoblog de jazz, impro\u2026 y algo m\u00e1s] Por Joan Cort\u00e8s\" width=\"399\" height=\"600\" title=\"\" srcset=\"https:\/\/tomajazz.com\/web\/wp-content\/uploads\/2022\/01\/05_ncrn-nll-ndrs-Hrnndz-Joan-Cortes_28oct21_lDrd-sfb_CCPS_Bcn.jpg 399w, https:\/\/tomajazz.com\/web\/wp-content\/uploads\/2022\/01\/05_ncrn-nll-ndrs-Hrnndz-Joan-Cortes_28oct21_lDrd-sfb_CCPS_Bcn-133x200.jpg 133w, https:\/\/tomajazz.com\/web\/wp-content\/uploads\/2022\/01\/05_ncrn-nll-ndrs-Hrnndz-Joan-Cortes_28oct21_lDrd-sfb_CCPS_Bcn-366x550.jpg 366w, https:\/\/tomajazz.com\/web\/wp-content\/uploads\/2022\/01\/05_ncrn-nll-ndrs-Hrnndz-Joan-Cortes_28oct21_lDrd-sfb_CCPS_Bcn-333x500.jpg 333w\" sizes=\"auto, (max-width: 399px) 100vw, 399px\" \/> <img loading=\"lazy\" decoding=\"async\" class=\"aligncenter wp-image-60119 size-full\" src=\"https:\/\/tomajazz.com\/web\/wp-content\/uploads\/2022\/01\/06_ncrn-nll-ndrs-Hrnndz-Joan-Cortes_28oct21_lDrd-sfb_CCPS_Bcn.jpg\" alt=\"INSTANTZZ: Encarna Anilllo &amp; Andr\u00e9s Hern\u00e1ndez \u201cPituquete\u201d (El Dorado Sociedad Flamenca Barcelonesa, Auditori del Centre C\u00edvic Parc Sandaru, Barcelona. 2021-10-28) [Flamencura AKA Galer\u00eda fotogr\u00e1fica AKA Fotoblog de jazz, impro\u2026 y algo m\u00e1s] Por Joan Cort\u00e8s\" width=\"399\" height=\"600\" title=\"\" srcset=\"https:\/\/tomajazz.com\/web\/wp-content\/uploads\/2022\/01\/06_ncrn-nll-ndrs-Hrnndz-Joan-Cortes_28oct21_lDrd-sfb_CCPS_Bcn.jpg 399w, https:\/\/tomajazz.com\/web\/wp-content\/uploads\/2022\/01\/06_ncrn-nll-ndrs-Hrnndz-Joan-Cortes_28oct21_lDrd-sfb_CCPS_Bcn-133x200.jpg 133w, https:\/\/tomajazz.com\/web\/wp-content\/uploads\/2022\/01\/06_ncrn-nll-ndrs-Hrnndz-Joan-Cortes_28oct21_lDrd-sfb_CCPS_Bcn-366x550.jpg 366w, https:\/\/tomajazz.com\/web\/wp-content\/uploads\/2022\/01\/06_ncrn-nll-ndrs-Hrnndz-Joan-Cortes_28oct21_lDrd-sfb_CCPS_Bcn-333x500.jpg 333w\" sizes=\"auto, (max-width: 399px) 100vw, 399px\" \/> <img loading=\"lazy\" decoding=\"async\" class=\"aligncenter wp-image-60120 size-full\" src=\"https:\/\/tomajazz.com\/web\/wp-content\/uploads\/2022\/01\/07_ncrn-nll-ndrs-Hrnndz-Joan-Cortes_28oct21_lDrd-sfb_CCPS_Bcn.jpg\" alt=\"INSTANTZZ: Encarna Anilllo &amp; Andr\u00e9s Hern\u00e1ndez \u201cPituquete\u201d (El Dorado Sociedad Flamenca Barcelonesa, Auditori del Centre C\u00edvic Parc Sandaru, Barcelona. 2021-10-28) [Flamencura AKA Galer\u00eda fotogr\u00e1fica AKA Fotoblog de jazz, impro\u2026 y algo m\u00e1s] Por Joan Cort\u00e8s\" width=\"600\" height=\"399\" title=\"\" srcset=\"https:\/\/tomajazz.com\/web\/wp-content\/uploads\/2022\/01\/07_ncrn-nll-ndrs-Hrnndz-Joan-Cortes_28oct21_lDrd-sfb_CCPS_Bcn.jpg 600w, https:\/\/tomajazz.com\/web\/wp-content\/uploads\/2022\/01\/07_ncrn-nll-ndrs-Hrnndz-Joan-Cortes_28oct21_lDrd-sfb_CCPS_Bcn-200x133.jpg 200w, https:\/\/tomajazz.com\/web\/wp-content\/uploads\/2022\/01\/07_ncrn-nll-ndrs-Hrnndz-Joan-Cortes_28oct21_lDrd-sfb_CCPS_Bcn-465x309.jpg 465w\" sizes=\"auto, (max-width: 600px) 100vw, 600px\" \/> <img loading=\"lazy\" decoding=\"async\" class=\"aligncenter wp-image-60121 size-full\" src=\"https:\/\/tomajazz.com\/web\/wp-content\/uploads\/2022\/01\/08_ncrn-nll-ndrs-Hrnndz-Joan-Cortes_28oct21_lDrd-sfb_CCPS_Bcn.jpg\" alt=\"INSTANTZZ: Encarna Anilllo &amp; Andr\u00e9s Hern\u00e1ndez \u201cPituquete\u201d (El Dorado Sociedad Flamenca Barcelonesa, Auditori del Centre C\u00edvic Parc Sandaru, Barcelona. 2021-10-28) [Flamencura AKA Galer\u00eda fotogr\u00e1fica AKA Fotoblog de jazz, impro\u2026 y algo m\u00e1s] Por Joan Cort\u00e8s\" width=\"600\" height=\"399\" title=\"\" srcset=\"https:\/\/tomajazz.com\/web\/wp-content\/uploads\/2022\/01\/08_ncrn-nll-ndrs-Hrnndz-Joan-Cortes_28oct21_lDrd-sfb_CCPS_Bcn.jpg 600w, https:\/\/tomajazz.com\/web\/wp-content\/uploads\/2022\/01\/08_ncrn-nll-ndrs-Hrnndz-Joan-Cortes_28oct21_lDrd-sfb_CCPS_Bcn-200x133.jpg 200w, https:\/\/tomajazz.com\/web\/wp-content\/uploads\/2022\/01\/08_ncrn-nll-ndrs-Hrnndz-Joan-Cortes_28oct21_lDrd-sfb_CCPS_Bcn-465x309.jpg 465w\" sizes=\"auto, (max-width: 600px) 100vw, 600px\" \/> <img loading=\"lazy\" decoding=\"async\" class=\"aligncenter wp-image-60122 size-full\" src=\"https:\/\/tomajazz.com\/web\/wp-content\/uploads\/2022\/01\/09_ncrn-nll-ndrs-Hrnndz-Joan-Cortes_28oct21_lDrd-sfb_CCPS_Bcn.jpg\" alt=\"INSTANTZZ: Encarna Anilllo &amp; Andr\u00e9s Hern\u00e1ndez \u201cPituquete\u201d (El Dorado Sociedad Flamenca Barcelonesa, Auditori del Centre C\u00edvic Parc Sandaru, Barcelona. 2021-10-28) [Flamencura AKA Galer\u00eda fotogr\u00e1fica AKA Fotoblog de jazz, impro\u2026 y algo m\u00e1s] Por Joan Cort\u00e8s\" width=\"600\" height=\"399\" title=\"\" srcset=\"https:\/\/tomajazz.com\/web\/wp-content\/uploads\/2022\/01\/09_ncrn-nll-ndrs-Hrnndz-Joan-Cortes_28oct21_lDrd-sfb_CCPS_Bcn.jpg 600w, https:\/\/tomajazz.com\/web\/wp-content\/uploads\/2022\/01\/09_ncrn-nll-ndrs-Hrnndz-Joan-Cortes_28oct21_lDrd-sfb_CCPS_Bcn-200x133.jpg 200w, https:\/\/tomajazz.com\/web\/wp-content\/uploads\/2022\/01\/09_ncrn-nll-ndrs-Hrnndz-Joan-Cortes_28oct21_lDrd-sfb_CCPS_Bcn-465x309.jpg 465w\" sizes=\"auto, (max-width: 600px) 100vw, 600px\" \/> <img loading=\"lazy\" decoding=\"async\" class=\"aligncenter wp-image-60123 size-full\" src=\"https:\/\/tomajazz.com\/web\/wp-content\/uploads\/2022\/01\/10_ncrn-nll-ndrs-Hrnndz-Joan-Cortes_28oct21_lDrd-sfb_CCPS_Bcn.jpg\" alt=\"INSTANTZZ: Encarna Anilllo &amp; Andr\u00e9s Hern\u00e1ndez \u201cPituquete\u201d (El Dorado Sociedad Flamenca Barcelonesa, Auditori del Centre C\u00edvic Parc Sandaru, Barcelona. 2021-10-28) [Flamencura AKA Galer\u00eda fotogr\u00e1fica AKA Fotoblog de jazz, impro\u2026 y algo m\u00e1s] Por Joan Cort\u00e8s\" width=\"600\" height=\"399\" title=\"\" srcset=\"https:\/\/tomajazz.com\/web\/wp-content\/uploads\/2022\/01\/10_ncrn-nll-ndrs-Hrnndz-Joan-Cortes_28oct21_lDrd-sfb_CCPS_Bcn.jpg 600w, https:\/\/tomajazz.com\/web\/wp-content\/uploads\/2022\/01\/10_ncrn-nll-ndrs-Hrnndz-Joan-Cortes_28oct21_lDrd-sfb_CCPS_Bcn-200x133.jpg 200w, https:\/\/tomajazz.com\/web\/wp-content\/uploads\/2022\/01\/10_ncrn-nll-ndrs-Hrnndz-Joan-Cortes_28oct21_lDrd-sfb_CCPS_Bcn-465x309.jpg 465w\" sizes=\"auto, (max-width: 600px) 100vw, 600px\" \/><\/p>\n<p style=\"text-align: right;\">Tomajazz: \u00a9 <strong>Joan Cort\u00e8s<\/strong>, 2021<\/p>\n<h4>M\u00e1s Flamencuras en Tomajazz<\/h4>\n<p><a href=\"https:\/\/tomajazz.com\/web\/?cat=21243\" target=\"_blank\" rel=\"noopener\">https:\/\/tomajazz.com\/web\/?cat=21243<\/a><\/p>\n<h4>M\u00e1s informaci\u00f3n sobre Encarna Anilllo &amp; Andr\u00e9s Hern\u00e1ndez \u201cPituquete\u201d y El Dorado Sociedad Flamenca Barcelonesa<\/h4>\n<p><a href=\"https:\/\/www.eldorado-sfb.com\/\" target=\"_blank\" rel=\"noopener\">https:\/\/www.eldorado-sfb.com\/<\/a><\/p>\n<h4>Joan Cort\u00e8s en Tomajazz<\/h4>\n<p><a href=\"https:\/\/tomajazz.com\/web\/?cat=17853\" target=\"_blank\" rel=\"noopener\">https:\/\/tomajazz.com\/web\/?cat=17853<\/a><\/p>\n","protected":false},"excerpt":{"rendered":"<p>En INSTANTZZ una Flamencura de Joan Cort\u00e8s con la actuaci\u00f3n de Encarna Anilllo &#038; Andr\u00e9s Hern\u00e1ndez \u201cPituquete\u201d en El Dorado Sociedad Flamenca Barcelonesa.<span class=\"more-link\"><a href=\"https:\/\/tomajazz.com\/web\/instantzz-encarna-anilllo-andres-hernandez-pituquete-el-dorado-sociedad-flamenca-barcelonesa-auditori-del-centre-civic-parc-sandaru-barcelona-2021-10-28-flamencura-aka-galer\/\">Contin\u00faa leyendo<\/a><\/span><\/p>\n","protected":false},"author":1,"featured_media":60122,"comment_status":"open","ping_status":"closed","sticky":false,"template":"","format":"standard","meta":{"jetpack_post_was_ever_published":false,"_jetpack_newsletter_access":"","_jetpack_dont_email_post_to_subs":false,"_jetpack_newsletter_tier_id":0,"_jetpack_memberships_contains_paywalled_content":false,"_jetpack_memberships_contains_paid_content":false,"footnotes":""},"categories":[17853,21243,11262,15516,11261,1038],"tags":[26444,26445,26443,25465,11263,26446,1041],"class_list":["entry","author-pachi","has-excerpt","post-60113","post","type-post","status-publish","format-standard","has-post-thumbnail","category-joan-cortes","category-flamencuras","category-photoblogs","category-imagenes","category-instantzz","category-contenidos","tag-andres-hernandez-pituquete","tag-diego-amaya","tag-encarna-anillo","tag-flamencura","tag-instantzz-2","tag-ivan-alcala","tag-joan-cortes"],"jetpack_featured_media_url":"https:\/\/tomajazz.com\/web\/wp-content\/uploads\/2022\/01\/09_ncrn-nll-ndrs-Hrnndz-Joan-Cortes_28oct21_lDrd-sfb_CCPS_Bcn.jpg","jetpack_likes_enabled":true,"jetpack_sharing_enabled":true,"jetpack-related-posts":[{"id":102129,"url":"https:\/\/tomajazz.com\/web\/javier-conde-sfb-barcelona-2025\/","url_meta":{"origin":60113,"position":0},"title":"Javier Conde \u201cHomenaje a los Maestro\u201d (El Dorado sfb \/ Centre C\u00edvic Parc Sandaru , 2025-10-30 \/ Barcelona) Por Joan Cort\u00e8s [Flamencuras AKA INSTANTZZ AKA Galer\u00eda fotogr\u00e1fica AKA Fotoblog de jazz, impro\u2026 y algo m\u00e1s]","author":"Tomajazz","date":"25 noviembre, 2025","format":false,"excerpt":"Javier Conde \u201cHomenaje a los Maestro\u201d actu\u00f3 en El Dorado sfb, el 30 de octubre de 2025. Joan Cort\u00e8s lo retrata en las Flamencuras de INSTANTZZ","rel":"","context":"En \u00abFlamencuras\u00bb","block_context":{"text":"Flamencuras","link":"https:\/\/tomajazz.com\/web\/category\/contenidos\/imagenes\/photoblogs\/flamencuras\/"},"img":{"alt_text":"Javier Conde \u201cHomenaje a los Maestro\u201d (El Dorado sfb \/ Centre C\u00edvic Parc Sandaru , 2025-10-30 \/ Barcelona) Por Joan Cort\u00e8s [Flamencuras AKA INSTANTZZ AKA Galer\u00eda fotogr\u00e1fica AKA Fotoblog de jazz, impro\u2026 y algo m\u00e1s] - Tomajazz - Javier Conde \u201cHomenaje a los Maestro\u201d actu\u00f3 en El Dorado sfb, el 30 de octubre de 2025. Joan Cort\u00e8s lo retrata en las Flamencuras de INSTANTZZ","src":"https:\/\/i0.wp.com\/tomajazz.com\/web\/wp-content\/uploads\/2025\/11\/destacada-03-Jvr-Cnd-Photo-By-Joan-Cortes-30ctb25-l-Drd-CCPS-Bcn.jpg?resize=350%2C200&ssl=1","width":350,"height":200,"srcset":"https:\/\/i0.wp.com\/tomajazz.com\/web\/wp-content\/uploads\/2025\/11\/destacada-03-Jvr-Cnd-Photo-By-Joan-Cortes-30ctb25-l-Drd-CCPS-Bcn.jpg?resize=350%2C200&ssl=1 1x, https:\/\/i0.wp.com\/tomajazz.com\/web\/wp-content\/uploads\/2025\/11\/destacada-03-Jvr-Cnd-Photo-By-Joan-Cortes-30ctb25-l-Drd-CCPS-Bcn.jpg?resize=525%2C300&ssl=1 1.5x"},"classes":[]},{"id":103836,"url":"https:\/\/tomajazz.com\/web\/juan-gomez-chicuelo-el-dorado-barcelona-2025\/","url_meta":{"origin":60113,"position":1},"title":"Juan G\u00f3mez \u201cChicuelo\u201d (El Dorado sfb \/ Centre C\u00edvic Parc Sandaru , 2025-12-11 \/ Barcelona) Por Joan Cort\u00e8s [Flamencuras AKA INSTANTZZ AKA Galer\u00eda fotogr\u00e1fica AKA Fotoblog de jazz, impro\u2026 y algo m\u00e1s]","author":"Tomajazz","date":"1 febrero, 2026","format":false,"excerpt":"Juan G\u00f3mez \u201cChicuelo\u201d actu\u00f3 en El Dorado sfb de Barcelona, el 11 de diciembre de 2025. Joan Cort\u00e8s lo retrata en las Flamencuras de INSTANTZZ. Actuaron Juan G\u00f3mez \u201cChicuelo\u201d, Karen Lugo, Carlos Caro, Jacobo S\u00e1nchez","rel":"","context":"En \u00abFlamencuras\u00bb","block_context":{"text":"Flamencuras","link":"https:\/\/tomajazz.com\/web\/category\/contenidos\/imagenes\/photoblogs\/flamencuras\/"},"img":{"alt_text":"Juan G\u00f3mez \u201cChicuelo\u201d (El Dorado sfb \/ Centre C\u00edvic Parc Sandaru , 2025-12-11 \/ Barcelona) Por Joan Cort\u00e8s [Flamencuras AKA INSTANTZZ AKA Galer\u00eda fotogr\u00e1fica AKA Fotoblog de jazz, impro\u2026 y algo m\u00e1s] - Tomajazz - Juan G\u00f3mez \u201cChicuelo\u201d actu\u00f3 en El Dorado sfb de Barcelona, el 11 de diciembre de 2025. Joan Cort\u00e8s lo retrata en las Flamencuras de INSTANTZZ. Actuaron Juan G\u00f3mez \u201cChicuelo\u201d, Karen Lugo, Carlos Caro, Jacobo S\u00e1nchez","src":"https:\/\/i0.wp.com\/tomajazz.com\/web\/wp-content\/uploads\/2026\/01\/destacada-09-Jn-Gmz-Chcl-Photo-By-Joan-Cortes-11dsm25-lDrd-CCPS-Bcn.jpg?resize=350%2C200&ssl=1","width":350,"height":200,"srcset":"https:\/\/i0.wp.com\/tomajazz.com\/web\/wp-content\/uploads\/2026\/01\/destacada-09-Jn-Gmz-Chcl-Photo-By-Joan-Cortes-11dsm25-lDrd-CCPS-Bcn.jpg?resize=350%2C200&ssl=1 1x, https:\/\/i0.wp.com\/tomajazz.com\/web\/wp-content\/uploads\/2026\/01\/destacada-09-Jn-Gmz-Chcl-Photo-By-Joan-Cortes-11dsm25-lDrd-CCPS-Bcn.jpg?resize=525%2C300&ssl=1 1.5x"},"classes":[]},{"id":104385,"url":"https:\/\/tomajazz.com\/web\/lucia-la-bronce-el-dorado-sfb-2026\/","url_meta":{"origin":60113,"position":2},"title":"Luc\u00eda La Bronce (El Dorado sfb \/ Centre C\u00edvic Parc Sandaru, 2026-01-29 \/ Barcelona) Por Joan Cort\u00e8s [Flamencuras AKA INSTANTZZ AKA Galer\u00eda fotogr\u00e1fica AKA Fotoblog de jazz, impro\u2026 y algo m\u00e1s]","author":"Tomajazz","date":"13 marzo, 2026","format":false,"excerpt":"Luc\u00eda La Bronce actu\u00f3 en El Dorado sfb de Barcelona, el 19 de enero de 2025. Joan Cort\u00e8s la retrata en las Flamencuras de INSTANTZZ. Actuaron Luc\u00eda La Bronce, Manuel Pajares, Daniel Mej\u00eda \u201cEl Carqui\u201d","rel":"","context":"En \u00abFlamencuras\u00bb","block_context":{"text":"Flamencuras","link":"https:\/\/tomajazz.com\/web\/category\/contenidos\/imagenes\/photoblogs\/flamencuras\/"},"img":{"alt_text":"Luc\u00eda La Bronce (El Dorado sfb \/ Centre C\u00edvic Parc Sandaru, 2026-01-29 \/ Barcelona) Por Joan Cort\u00e8s [Flamencuras AKA INSTANTZZ AKA Galer\u00eda fotogr\u00e1fica AKA Fotoblog de jazz, impro\u2026 y algo m\u00e1s] - Tomajazz - Luc\u00eda La Bronce actu\u00f3 en El Dorado sfb de Barcelona, el 19 de enero de 2025. Joan Cort\u00e8s la retrata en las Flamencuras de INSTANTZZ. Actuaron Luc\u00eda La Bronce, Manuel Pajares, Daniel Mej\u00eda \u201cEl Carqui\u201d\n","src":"https:\/\/i0.wp.com\/tomajazz.com\/web\/wp-content\/uploads\/2026\/03\/destacada-10-Lc-l-Brnc-Photo-by-Joan-Cortes-29gnr26-l-Drd-CCPS-Bcn.jpg?resize=350%2C200&ssl=1","width":350,"height":200,"srcset":"https:\/\/i0.wp.com\/tomajazz.com\/web\/wp-content\/uploads\/2026\/03\/destacada-10-Lc-l-Brnc-Photo-by-Joan-Cortes-29gnr26-l-Drd-CCPS-Bcn.jpg?resize=350%2C200&ssl=1 1x, https:\/\/i0.wp.com\/tomajazz.com\/web\/wp-content\/uploads\/2026\/03\/destacada-10-Lc-l-Brnc-Photo-by-Joan-Cortes-29gnr26-l-Drd-CCPS-Bcn.jpg?resize=525%2C300&ssl=1 1.5x"},"classes":[]},{"id":102417,"url":"https:\/\/tomajazz.com\/web\/paula-comitre-orlando-bass-eldorado-2025\/","url_meta":{"origin":60113,"position":3},"title":"Paula Comitre &#038; Orlando Bass \u201cApr\u00e9s vous madame\u201d (El Dorado sfb \/ Centre C\u00edvic Parc Sandaru , 2025-11-13 \/ Barcelona) Por Joan Cort\u00e8s [Flamencuras AKA INSTANTZZ AKA Galer\u00eda fotogr\u00e1fica AKA Fotoblog de jazz, impro\u2026 y algo m\u00e1s]","author":"Tomajazz","date":"2 diciembre, 2025","format":false,"excerpt":"Paula Comitre & Orlando Bass \u201cApr\u00e9s vous madame\u201d actuaron en El Dorado sfb de Barcelona, el 13 de noviembre de 2025. Joan Cort\u00e8s los retrata en las Flamencuras de INSTANTZZ","rel":"","context":"En \u00abFlamencuras\u00bb","block_context":{"text":"Flamencuras","link":"https:\/\/tomajazz.com\/web\/category\/contenidos\/imagenes\/photoblogs\/flamencuras\/"},"img":{"alt_text":"Paula Comitre & Orlando Bass \u201cApr\u00e9s vous madame\u201d (El Dorado sfb \/ Centre C\u00edvic Parc Sandaru , 2025-11-13 \/ Barcelona) Por Joan Cort\u00e8s [Flamencuras AKA INSTANTZZ AKA Galer\u00eda fotogr\u00e1fica AKA Fotoblog de jazz, impro\u2026 y algo m\u00e1s] - Tomajazz - Paula Comitre & Orlando Bass \u201cApr\u00e9s vous madame\u201d actuaron en El Dorado sfb de Barcelona, el 13 de noviembre de 2025. Joan Cort\u00e8s los retrata en las Flamencuras de INSTANTZZ","src":"https:\/\/i0.wp.com\/tomajazz.com\/web\/wp-content\/uploads\/2025\/12\/destacada-11-Pl-Cmtr-rlnd-Bss-Photo-By-Joan-Cortes-13nvm25-l-Drd-Bcn.jpg?resize=350%2C200&ssl=1","width":350,"height":200,"srcset":"https:\/\/i0.wp.com\/tomajazz.com\/web\/wp-content\/uploads\/2025\/12\/destacada-11-Pl-Cmtr-rlnd-Bss-Photo-By-Joan-Cortes-13nvm25-l-Drd-Bcn.jpg?resize=350%2C200&ssl=1 1x, https:\/\/i0.wp.com\/tomajazz.com\/web\/wp-content\/uploads\/2025\/12\/destacada-11-Pl-Cmtr-rlnd-Bss-Photo-By-Joan-Cortes-13nvm25-l-Drd-Bcn.jpg?resize=525%2C300&ssl=1 1.5x"},"classes":[]},{"id":105062,"url":"https:\/\/tomajazz.com\/web\/duquende-flamenc-on-2026\/","url_meta":{"origin":60113,"position":4},"title":"Duquende (Flamenc-ON 2026 \/ Teatre Sagarra, 2026-03-14 \/ Santa Coloma de Gramenet -Barcelona-) [I] Por Joan Cort\u00e8s [Flamencuras AKA INSTANTZZ AKA Galer\u00eda fotogr\u00e1fica AKA Fotoblog de jazz, impro\u2026 y algo m\u00e1s]","author":"Tomajazz","date":"26 abril, 2026","format":false,"excerpt":"Duquende actu\u00f3 en Flamenc-ON 2026 de Santa Coloma de Gramenet, Barcelona, el 14 de marzo de 2026. Joan Cort\u00e8s lo retrata en las Flamencuras de INSTANTZZ. Actuaron Duquende, Jos\u00e9 Andr\u00e9s Cort\u00e9s, Juan Mateos, Diego Amaya, Sergio de Finizio","rel":"","context":"En \u00abFlamenc-ON 2026\u00bb","block_context":{"text":"Flamenc-ON 2026","link":"https:\/\/tomajazz.com\/web\/category\/contenidos\/especial-contenidos\/flamenc-on-2026\/"},"img":{"alt_text":"Duquende (Flamenc-ON 2026 \/ Teatre Sagarra, 2026-03-14 \/ Santa Coloma de Gramenet -Barcelona-) [I] Por Joan Cort\u00e8s [Flamencuras AKA INSTANTZZ AKA Galer\u00eda fotogr\u00e1fica AKA Fotoblog de jazz, impro\u2026 y algo m\u00e1s] - Tomajazz - Duquende actu\u00f3 en Flamenc-ON 2026 de Santa Coloma de Gramenet, Barcelona, el 14 de marzo de 2026. Joan Cort\u00e8s lo retrata en las Flamencuras de INSTANTZZ. Actuaron Duquende, Jos\u00e9 Andr\u00e9s Cort\u00e9s, Juan Mateos, Diego Amaya, Sergio de Finizio\n","src":"https:\/\/i0.wp.com\/tomajazz.com\/web\/wp-content\/uploads\/2026\/04\/destacada-07-Dqnd-Photo-by-Joan-Cortes-14mrc26-Flmnc-n-TS-SCGr.jpg?resize=350%2C200&ssl=1","width":350,"height":200,"srcset":"https:\/\/i0.wp.com\/tomajazz.com\/web\/wp-content\/uploads\/2026\/04\/destacada-07-Dqnd-Photo-by-Joan-Cortes-14mrc26-Flmnc-n-TS-SCGr.jpg?resize=350%2C200&ssl=1 1x, https:\/\/i0.wp.com\/tomajazz.com\/web\/wp-content\/uploads\/2026\/04\/destacada-07-Dqnd-Photo-by-Joan-Cortes-14mrc26-Flmnc-n-TS-SCGr.jpg?resize=525%2C300&ssl=1 1.5x"},"classes":[]},{"id":104835,"url":"https:\/\/tomajazz.com\/web\/david-de-arahal-barcelona-sfb-2026\/","url_meta":{"origin":60113,"position":5},"title":"David de Arahal \u201cAvenida de los Cisnes\u201d (El Dorado sfb \/ CCPS, 2026-02-26 \/ Barcelona) Por Joan Cort\u00e8s [Flamencuras AKA INSTANTZZ AKA Galer\u00eda fotogr\u00e1fica AKA Fotoblog de jazz, impro\u2026 y algo m\u00e1s]","author":"Tomajazz","date":"11 abril, 2026","format":false,"excerpt":"David de Arahal \u201cAvenida de los Cisnes\u201d actu\u00f3 en El Dorado sfb, Barcelona, el 26 de febrero de 2026. Joan Cort\u00e8s lo retrata en las Flamencuras de INSTANTZZ","rel":"","context":"En \u00abFlamencuras\u00bb","block_context":{"text":"Flamencuras","link":"https:\/\/tomajazz.com\/web\/category\/contenidos\/imagenes\/photoblogs\/flamencuras\/"},"img":{"alt_text":"David de Arahal \u201cAvenida de los Cisnes\u201d (El Dorado sfb \/ CCPS, 2026-02-26 \/ Barcelona) Por Joan Cort\u00e8s [Flamencuras AKA INSTANTZZ AKA Galer\u00eda fotogr\u00e1fica AKA Fotoblog de jazz, impro\u2026 y algo m\u00e1s] - Tomajazz - David de Arahal \u201cAvenida de los Cisnes\u201d actu\u00f3 en El Dorado sfb, Barcelona, el 26 de febrero de 2026. Joan Cort\u00e8s lo retrata en las Flamencuras de INSTANTZZ","src":"https:\/\/i0.wp.com\/tomajazz.com\/web\/wp-content\/uploads\/2026\/04\/destadada-07-Dvd-rhl-Photo-By-Joan-Cortes-26fbr26-l-Drd-sfb-CCPS-Bcn.jpg?resize=350%2C200&ssl=1","width":350,"height":200,"srcset":"https:\/\/i0.wp.com\/tomajazz.com\/web\/wp-content\/uploads\/2026\/04\/destadada-07-Dvd-rhl-Photo-By-Joan-Cortes-26fbr26-l-Drd-sfb-CCPS-Bcn.jpg?resize=350%2C200&ssl=1 1x, https:\/\/i0.wp.com\/tomajazz.com\/web\/wp-content\/uploads\/2026\/04\/destadada-07-Dvd-rhl-Photo-By-Joan-Cortes-26fbr26-l-Drd-sfb-CCPS-Bcn.jpg?resize=525%2C300&ssl=1 1.5x"},"classes":[]}],"_links":{"self":[{"href":"https:\/\/tomajazz.com\/web\/wp-json\/wp\/v2\/posts\/60113","targetHints":{"allow":["GET"]}}],"collection":[{"href":"https:\/\/tomajazz.com\/web\/wp-json\/wp\/v2\/posts"}],"about":[{"href":"https:\/\/tomajazz.com\/web\/wp-json\/wp\/v2\/types\/post"}],"author":[{"embeddable":true,"href":"https:\/\/tomajazz.com\/web\/wp-json\/wp\/v2\/users\/1"}],"replies":[{"embeddable":true,"href":"https:\/\/tomajazz.com\/web\/wp-json\/wp\/v2\/comments?post=60113"}],"version-history":[{"count":2,"href":"https:\/\/tomajazz.com\/web\/wp-json\/wp\/v2\/posts\/60113\/revisions"}],"predecessor-version":[{"id":60125,"href":"https:\/\/tomajazz.com\/web\/wp-json\/wp\/v2\/posts\/60113\/revisions\/60125"}],"wp:featuredmedia":[{"embeddable":true,"href":"https:\/\/tomajazz.com\/web\/wp-json\/wp\/v2\/media\/60122"}],"wp:attachment":[{"href":"https:\/\/tomajazz.com\/web\/wp-json\/wp\/v2\/media?parent=60113"}],"wp:term":[{"taxonomy":"category","embeddable":true,"href":"https:\/\/tomajazz.com\/web\/wp-json\/wp\/v2\/categories?post=60113"},{"taxonomy":"post_tag","embeddable":true,"href":"https:\/\/tomajazz.com\/web\/wp-json\/wp\/v2\/tags?post=60113"}],"curies":[{"name":"wp","href":"https:\/\/api.w.org\/{rel}","templated":true}]}}