{"id":60236,"date":"2022-01-15T12:00:22","date_gmt":"2022-01-15T11:00:22","guid":{"rendered":"https:\/\/www.tomajazz.com\/web\/?p=60236"},"modified":"2022-02-18T21:00:38","modified_gmt":"2022-02-18T20:00:38","slug":"instantzz-2021-en-20-imagenes-jazz-improvisacion-y-flamenco-segunda-parte-galeria-fotografica-aka-fotoblog-de-jazz-impro-y-algo-mas-por-joan-cortes","status":"publish","type":"post","link":"https:\/\/tomajazz.com\/web\/instantzz-2021-en-20-imagenes-jazz-improvisacion-y-flamenco-segunda-parte-galeria-fotografica-aka-fotoblog-de-jazz-impro-y-algo-mas-por-joan-cortes\/","title":{"rendered":"INSTANTZZ: 2021 en 20 im\u00e1genes -jazz, improvisaci\u00f3n y flamenco- (segunda parte) [Galer\u00eda fotogr\u00e1fica AKA Fotoblog de jazz, impro\u2026 y algo m\u00e1s] Por Joan Cort\u00e8s"},"content":{"rendered":"<h4>2021 en 20 im\u00e1genes -jazz, improvisaci\u00f3n y flamenco-<\/h4>\n<ul>\n<li>Fecha: del 17 de setiembre hasta el 20 de noviembre de 2021 (anotadas en cada imagen)<\/li>\n<li>Lugar: escenarios y localidades varias (especificadas en cada fotograf\u00eda)<\/li>\n<li>Componentes: 10 formaciones (detalladas en los enlaces respectivos)<\/li>\n<\/ul>\n<p>&nbsp;<\/p>\n<p style=\"text-align: center;\"><img loading=\"lazy\" decoding=\"async\" class=\"aligncenter wp-image-60238 size-full\" src=\"https:\/\/tomajazz.com\/web\/wp-content\/uploads\/2022\/01\/11_n-Brns-Joan-Cortes_17set21_Pc-Mrtrs_33MMVV_Vc.jpg\" alt=\"INSTANTZZ: 2021 en 20 im\u00e1genes -jazz, improvisaci\u00f3n y flamenco- (segunda parte) [Galer\u00eda fotogr\u00e1fica AKA Fotoblog de jazz, impro\u2026 y algo m\u00e1s] Por Joan Cort\u00e8s\" width=\"400\" height=\"600\" title=\"\" srcset=\"https:\/\/tomajazz.com\/web\/wp-content\/uploads\/2022\/01\/11_n-Brns-Joan-Cortes_17set21_Pc-Mrtrs_33MMVV_Vc.jpg 400w, https:\/\/tomajazz.com\/web\/wp-content\/uploads\/2022\/01\/11_n-Brns-Joan-Cortes_17set21_Pc-Mrtrs_33MMVV_Vc-133x200.jpg 133w, https:\/\/tomajazz.com\/web\/wp-content\/uploads\/2022\/01\/11_n-Brns-Joan-Cortes_17set21_Pc-Mrtrs_33MMVV_Vc-367x550.jpg 367w, https:\/\/tomajazz.com\/web\/wp-content\/uploads\/2022\/01\/11_n-Brns-Joan-Cortes_17set21_Pc-Mrtrs_33MMVV_Vc-333x500.jpg 333w\" sizes=\"auto, (max-width: 400px) 100vw, 400px\" \/><\/p>\n<p style=\"text-align: center;\">Ana Brenes \u201cCamino\u201d<br \/>\n<a href=\"https:\/\/tomajazz.com\/web\/?p=57833\" target=\"_blank\" rel=\"noopener\">https:\/\/tomajazz.com\/web\/?p=57833<\/a><\/p>\n<p style=\"text-align: center;\"><img loading=\"lazy\" decoding=\"async\" class=\"aligncenter size-full wp-image-60239\" src=\"https:\/\/tomajazz.com\/web\/wp-content\/uploads\/2022\/01\/12_Ptrc-Grrr-Dn-d-Mrn-Joan-Cortes_19set21_Pt-S-Dstrct-N-Brr_Bcn.jpg\" alt=\"INSTANTZZ: 2021 en 20 im\u00e1genes -jazz, improvisaci\u00f3n y flamenco- (segunda parte) [Galer\u00eda fotogr\u00e1fica AKA Fotoblog de jazz, impro\u2026 y algo m\u00e1s] Por Joan Cort\u00e8s\" width=\"400\" height=\"600\" title=\"\" srcset=\"https:\/\/tomajazz.com\/web\/wp-content\/uploads\/2022\/01\/12_Ptrc-Grrr-Dn-d-Mrn-Joan-Cortes_19set21_Pt-S-Dstrct-N-Brr_Bcn.jpg 400w, https:\/\/tomajazz.com\/web\/wp-content\/uploads\/2022\/01\/12_Ptrc-Grrr-Dn-d-Mrn-Joan-Cortes_19set21_Pt-S-Dstrct-N-Brr_Bcn-133x200.jpg 133w, https:\/\/tomajazz.com\/web\/wp-content\/uploads\/2022\/01\/12_Ptrc-Grrr-Dn-d-Mrn-Joan-Cortes_19set21_Pt-S-Dstrct-N-Brr_Bcn-367x550.jpg 367w, https:\/\/tomajazz.com\/web\/wp-content\/uploads\/2022\/01\/12_Ptrc-Grrr-Dn-d-Mrn-Joan-Cortes_19set21_Pt-S-Dstrct-N-Brr_Bcn-333x500.jpg 333w\" sizes=\"auto, (max-width: 400px) 100vw, 400px\" \/><\/p>\n<p style=\"text-align: center;\">Patricia Guerrero &amp; Dani de Mor\u00f3n<br \/>\n<a href=\"https:\/\/tomajazz.com\/web\/?p=58048\" target=\"_blank\" rel=\"noopener\">https:\/\/tomajazz.com\/web\/?p=58048<\/a><\/p>\n<p style=\"text-align: center;\"><img loading=\"lazy\" decoding=\"async\" class=\"aligncenter size-full wp-image-60240\" src=\"https:\/\/tomajazz.com\/web\/wp-content\/uploads\/2022\/01\/13_Nssm-Jll-Tr-Joan-Cortes_22set21_Ls-mvnts_Cnsrvtr-Prr-Brbzt_Mrsll.jpg\" alt=\"INSTANTZZ: 2021 en 20 im\u00e1genes -jazz, improvisaci\u00f3n y flamenco- (segunda parte) [Galer\u00eda fotogr\u00e1fica AKA Fotoblog de jazz, impro\u2026 y algo m\u00e1s] Por Joan Cort\u00e8s\" width=\"400\" height=\"600\" title=\"\" srcset=\"https:\/\/tomajazz.com\/web\/wp-content\/uploads\/2022\/01\/13_Nssm-Jll-Tr-Joan-Cortes_22set21_Ls-mvnts_Cnsrvtr-Prr-Brbzt_Mrsll.jpg 400w, https:\/\/tomajazz.com\/web\/wp-content\/uploads\/2022\/01\/13_Nssm-Jll-Tr-Joan-Cortes_22set21_Ls-mvnts_Cnsrvtr-Prr-Brbzt_Mrsll-133x200.jpg 133w, https:\/\/tomajazz.com\/web\/wp-content\/uploads\/2022\/01\/13_Nssm-Jll-Tr-Joan-Cortes_22set21_Ls-mvnts_Cnsrvtr-Prr-Brbzt_Mrsll-367x550.jpg 367w, https:\/\/tomajazz.com\/web\/wp-content\/uploads\/2022\/01\/13_Nssm-Jll-Tr-Joan-Cortes_22set21_Ls-mvnts_Cnsrvtr-Prr-Brbzt_Mrsll-333x500.jpg 333w\" sizes=\"auto, (max-width: 400px) 100vw, 400px\" \/><\/p>\n<p style=\"text-align: center;\">Naissam Jalal Trio \u201cQuest of the Invisible\u201d<br \/>\n<a href=\"https:\/\/tomajazz.com\/web\/?p=58242\" target=\"_blank\" rel=\"noopener\">https:\/\/tomajazz.com\/web\/?p=58242<\/a><\/p>\n<p style=\"text-align: center;\"><img loading=\"lazy\" decoding=\"async\" class=\"aligncenter size-full wp-image-60241\" src=\"https:\/\/tomajazz.com\/web\/wp-content\/uploads\/2022\/01\/14_Dvd-Chvllr-Sptt-Joan-Cortes-24set21_Cnsrvtr-Prr-Brbzt_Mrsll.jpg\" alt=\"INSTANTZZ: 2021 en 20 im\u00e1genes -jazz, improvisaci\u00f3n y flamenco- (segunda parte) [Galer\u00eda fotogr\u00e1fica AKA Fotoblog de jazz, impro\u2026 y algo m\u00e1s] Por Joan Cort\u00e8s\" width=\"600\" height=\"400\" title=\"\" srcset=\"https:\/\/tomajazz.com\/web\/wp-content\/uploads\/2022\/01\/14_Dvd-Chvllr-Sptt-Joan-Cortes-24set21_Cnsrvtr-Prr-Brbzt_Mrsll.jpg 600w, https:\/\/tomajazz.com\/web\/wp-content\/uploads\/2022\/01\/14_Dvd-Chvllr-Sptt-Joan-Cortes-24set21_Cnsrvtr-Prr-Brbzt_Mrsll-200x133.jpg 200w, https:\/\/tomajazz.com\/web\/wp-content\/uploads\/2022\/01\/14_Dvd-Chvllr-Sptt-Joan-Cortes-24set21_Cnsrvtr-Prr-Brbzt_Mrsll-465x310.jpg 465w\" sizes=\"auto, (max-width: 600px) 100vw, 600px\" \/><\/p>\n<p style=\"text-align: center;\">David Chevallier Septet \u201cEmotional Landscapes)<br \/>\n<a href=\"https:\/\/tomajazz.com\/web\/?p=58438\" target=\"_blank\" rel=\"noopener\">https:\/\/tomajazz.com\/web\/?p=58438<\/a><\/p>\n<p style=\"text-align: center;\"><img loading=\"lazy\" decoding=\"async\" class=\"aligncenter size-full wp-image-60242\" src=\"https:\/\/tomajazz.com\/web\/wp-content\/uploads\/2022\/01\/15_Jrd-Sbts-Joan-Cortes_17oct21_JzzCv_lhmbr-Fstvl-Jzz_Vc.jpg\" alt=\"INSTANTZZ: 2021 en 20 im\u00e1genes -jazz, improvisaci\u00f3n y flamenco- (segunda parte) [Galer\u00eda fotogr\u00e1fica AKA Fotoblog de jazz, impro\u2026 y algo m\u00e1s] Por Joan Cort\u00e8s\" width=\"400\" height=\"600\" title=\"\" srcset=\"https:\/\/tomajazz.com\/web\/wp-content\/uploads\/2022\/01\/15_Jrd-Sbts-Joan-Cortes_17oct21_JzzCv_lhmbr-Fstvl-Jzz_Vc.jpg 400w, https:\/\/tomajazz.com\/web\/wp-content\/uploads\/2022\/01\/15_Jrd-Sbts-Joan-Cortes_17oct21_JzzCv_lhmbr-Fstvl-Jzz_Vc-133x200.jpg 133w, https:\/\/tomajazz.com\/web\/wp-content\/uploads\/2022\/01\/15_Jrd-Sbts-Joan-Cortes_17oct21_JzzCv_lhmbr-Fstvl-Jzz_Vc-367x550.jpg 367w, https:\/\/tomajazz.com\/web\/wp-content\/uploads\/2022\/01\/15_Jrd-Sbts-Joan-Cortes_17oct21_JzzCv_lhmbr-Fstvl-Jzz_Vc-333x500.jpg 333w\" sizes=\"auto, (max-width: 400px) 100vw, 400px\" \/><\/p>\n<p style=\"text-align: center;\">Jordi Sabat\u00e9s \u201cPian\u00edssim\u201d<br \/>\n<a href=\"https:\/\/tomajazz.com\/web\/?p=58690\" target=\"_blank\" rel=\"noopener\">https:\/\/tomajazz.com\/web\/?p=58690<\/a><\/p>\n<p style=\"text-align: center;\"><img loading=\"lazy\" decoding=\"async\" class=\"aligncenter size-full wp-image-60243\" src=\"https:\/\/tomajazz.com\/web\/wp-content\/uploads\/2022\/01\/16_Lrn-lv-Joan-Cortes_180ct21_Ctt-Flmnc_CAT_Bcn.jpg\" alt=\"\" width=\"600\" height=\"400\" title=\"\" srcset=\"https:\/\/tomajazz.com\/web\/wp-content\/uploads\/2022\/01\/16_Lrn-lv-Joan-Cortes_180ct21_Ctt-Flmnc_CAT_Bcn.jpg 600w, https:\/\/tomajazz.com\/web\/wp-content\/uploads\/2022\/01\/16_Lrn-lv-Joan-Cortes_180ct21_Ctt-Flmnc_CAT_Bcn-200x133.jpg 200w, https:\/\/tomajazz.com\/web\/wp-content\/uploads\/2022\/01\/16_Lrn-lv-Joan-Cortes_180ct21_Ctt-Flmnc_CAT_Bcn-465x310.jpg 465w\" sizes=\"auto, (max-width: 600px) 100vw, 600px\" \/><\/p>\n<p style=\"text-align: center;\">Lorena Oliva \u201cNuclear\u201d<br \/>\n<a href=\"https:\/\/tomajazz.com\/web\/?p=59570\" target=\"_blank\" rel=\"noopener\">https:\/\/tomajazz.com\/web\/?p=59570<\/a><\/p>\n<p style=\"text-align: center;\"><img loading=\"lazy\" decoding=\"async\" class=\"aligncenter size-full wp-image-60244\" src=\"https:\/\/tomajazz.com\/web\/wp-content\/uploads\/2022\/01\/17_St-d-Lc-Joan-Cortes_22oct21_Ctt-Flmnc_L-dtr_Bcn.jpg\" alt=\"INSTANTZZ: 2021 en 20 im\u00e1genes -jazz, improvisaci\u00f3n y flamenco- (segunda parte) [Galer\u00eda fotogr\u00e1fica AKA Fotoblog de jazz, impro\u2026 y algo m\u00e1s] Por Joan Cort\u00e8s\" width=\"600\" height=\"399\" title=\"\" srcset=\"https:\/\/tomajazz.com\/web\/wp-content\/uploads\/2022\/01\/17_St-d-Lc-Joan-Cortes_22oct21_Ctt-Flmnc_L-dtr_Bcn.jpg 600w, https:\/\/tomajazz.com\/web\/wp-content\/uploads\/2022\/01\/17_St-d-Lc-Joan-Cortes_22oct21_Ctt-Flmnc_L-dtr_Bcn-200x133.jpg 200w, https:\/\/tomajazz.com\/web\/wp-content\/uploads\/2022\/01\/17_St-d-Lc-Joan-Cortes_22oct21_Ctt-Flmnc_L-dtr_Bcn-465x309.jpg 465w\" sizes=\"auto, (max-width: 600px) 100vw, 600px\" \/><\/p>\n<p style=\"text-align: center;\">Suite de Luc\u00eda<br \/>\n<a href=\"https:\/\/tomajazz.com\/web\/?p=59763\" target=\"_blank\" rel=\"noopener\">https:\/\/tomajazz.com\/web\/?p=59763<\/a><\/p>\n<p style=\"text-align: center;\"><img loading=\"lazy\" decoding=\"async\" class=\"aligncenter size-full wp-image-60245\" src=\"https:\/\/tomajazz.com\/web\/wp-content\/uploads\/2022\/01\/18_Vjy-yr-Tr-Joan-Cortes_08nov21_Cnsrvtr-Lc_53FJBcn.jpg\" alt=\"INSTANTZZ: 2021 en 20 im\u00e1genes -jazz, improvisaci\u00f3n y flamenco- (segunda parte) [Galer\u00eda fotogr\u00e1fica AKA Fotoblog de jazz, impro\u2026 y algo m\u00e1s] Por Joan Cort\u00e8s\" width=\"399\" height=\"600\" title=\"\" srcset=\"https:\/\/tomajazz.com\/web\/wp-content\/uploads\/2022\/01\/18_Vjy-yr-Tr-Joan-Cortes_08nov21_Cnsrvtr-Lc_53FJBcn.jpg 399w, https:\/\/tomajazz.com\/web\/wp-content\/uploads\/2022\/01\/18_Vjy-yr-Tr-Joan-Cortes_08nov21_Cnsrvtr-Lc_53FJBcn-133x200.jpg 133w, https:\/\/tomajazz.com\/web\/wp-content\/uploads\/2022\/01\/18_Vjy-yr-Tr-Joan-Cortes_08nov21_Cnsrvtr-Lc_53FJBcn-366x550.jpg 366w, https:\/\/tomajazz.com\/web\/wp-content\/uploads\/2022\/01\/18_Vjy-yr-Tr-Joan-Cortes_08nov21_Cnsrvtr-Lc_53FJBcn-333x500.jpg 333w\" sizes=\"auto, (max-width: 399px) 100vw, 399px\" \/><\/p>\n<p style=\"text-align: center;\">Vijay Iyer Trio \u201cUneasy\u201d<br \/>\n<a href=\"https:\/\/tomajazz.com\/web\/?p=60563\" target=\"_blank\" rel=\"noopener\">https:\/\/tomajazz.com\/web\/?p=60563<\/a><\/p>\n<p style=\"text-align: center;\"><img loading=\"lazy\" decoding=\"async\" class=\"aligncenter size-full wp-image-60246\" src=\"https:\/\/tomajazz.com\/web\/wp-content\/uploads\/2022\/01\/19_Bn-Mndr-Tr-Joan-Cortes_15nov21_Cnsrvtr-Lc_53FJBcn.jpg\" alt=\"INSTANTZZ: 2021 en 20 im\u00e1genes -jazz, improvisaci\u00f3n y flamenco- (segunda parte) [Galer\u00eda fotogr\u00e1fica AKA Fotoblog de jazz, impro\u2026 y algo m\u00e1s] Por Joan Cort\u00e8s\" width=\"399\" height=\"600\" title=\"\" srcset=\"https:\/\/tomajazz.com\/web\/wp-content\/uploads\/2022\/01\/19_Bn-Mndr-Tr-Joan-Cortes_15nov21_Cnsrvtr-Lc_53FJBcn.jpg 399w, https:\/\/tomajazz.com\/web\/wp-content\/uploads\/2022\/01\/19_Bn-Mndr-Tr-Joan-Cortes_15nov21_Cnsrvtr-Lc_53FJBcn-133x200.jpg 133w, https:\/\/tomajazz.com\/web\/wp-content\/uploads\/2022\/01\/19_Bn-Mndr-Tr-Joan-Cortes_15nov21_Cnsrvtr-Lc_53FJBcn-366x550.jpg 366w, https:\/\/tomajazz.com\/web\/wp-content\/uploads\/2022\/01\/19_Bn-Mndr-Tr-Joan-Cortes_15nov21_Cnsrvtr-Lc_53FJBcn-333x500.jpg 333w\" sizes=\"auto, (max-width: 399px) 100vw, 399px\" \/><\/p>\n<p style=\"text-align: center;\">Ben Monder Trio<br \/>\n<a href=\"https:\/\/tomajazz.com\/web\/?p=60860\" target=\"_blank\" rel=\"noopener\">https:\/\/tomajazz.com\/web\/?p=60860<\/a><\/p>\n<p style=\"text-align: center;\"><img loading=\"lazy\" decoding=\"async\" class=\"aligncenter size-full wp-image-60247\" src=\"https:\/\/tomajazz.com\/web\/wp-content\/uploads\/2022\/01\/20_Mry-Hlvrsn-Cd-Grl-Joan-Cortes_20nov2021_53FJBcn_Ldtr-S2OM.jpg\" alt=\"INSTANTZZ: 2021 en 20 im\u00e1genes -jazz, improvisaci\u00f3n y flamenco- (segunda parte) [Galer\u00eda fotogr\u00e1fica AKA Fotoblog de jazz, impro\u2026 y algo m\u00e1s] Por Joan Cort\u00e8s\" width=\"600\" height=\"399\" title=\"\" srcset=\"https:\/\/tomajazz.com\/web\/wp-content\/uploads\/2022\/01\/20_Mry-Hlvrsn-Cd-Grl-Joan-Cortes_20nov2021_53FJBcn_Ldtr-S2OM.jpg 600w, https:\/\/tomajazz.com\/web\/wp-content\/uploads\/2022\/01\/20_Mry-Hlvrsn-Cd-Grl-Joan-Cortes_20nov2021_53FJBcn_Ldtr-S2OM-200x133.jpg 200w, https:\/\/tomajazz.com\/web\/wp-content\/uploads\/2022\/01\/20_Mry-Hlvrsn-Cd-Grl-Joan-Cortes_20nov2021_53FJBcn_Ldtr-S2OM-465x309.jpg 465w\" sizes=\"auto, (max-width: 600px) 100vw, 600px\" \/><\/p>\n<p style=\"text-align: center;\">Mary Halvorson\u2019n Code Girl \u201cArtlessly Falling\u201d<br \/>\n<a href=\"https:\/\/tomajazz.com\/web\/?p=61188\" target=\"_blank\" rel=\"noopener\">https:\/\/tomajazz.com\/web\/?p=61188<\/a><\/p>\n<p style=\"text-align: right;\">Tomajazz: \u00a9 <strong>Joan Cort\u00e8s<\/strong>, 2022<\/p>\n<h4>Anteriormente\u2026 2021 y 2020 en im\u00e1genes<\/h4>\n<blockquote class=\"wp-embedded-content\" data-secret=\"OoWCwlrR9e\"><p><a href=\"https:\/\/tomajazz.com\/web\/instantzz-2021-en-20-imagenes-jazz-improvisacion-y-flamenco-primera-parte-galeria-fotografica-aka-fotoblog-de-jazz-impro-y-algo-mas-por-joan-cortes\/\">INSTANTZZ: 2021 en 20 im\u00e1genes -jazz, improvisaci\u00f3n y flamenco- (primera parte) [Galer\u00eda fotogr\u00e1fica AKA Fotoblog de jazz, impro\u2026 y algo m\u00e1s] Por Joan Cort\u00e8s<\/a><\/p><\/blockquote>\n<p><iframe loading=\"lazy\" class=\"wp-embedded-content\" sandbox=\"allow-scripts\" security=\"restricted\" style=\"position: absolute; visibility: hidden;\" title=\"\u00abINSTANTZZ: 2021 en 20 im\u00e1genes -jazz, improvisaci\u00f3n y flamenco- (primera parte) [Galer\u00eda fotogr\u00e1fica AKA Fotoblog de jazz, impro\u2026 y algo m\u00e1s] Por Joan Cort\u00e8s\u00bb \u2014 Tomajazz\" src=\"https:\/\/tomajazz.com\/web\/instantzz-2021-en-20-imagenes-jazz-improvisacion-y-flamenco-primera-parte-galeria-fotografica-aka-fotoblog-de-jazz-impro-y-algo-mas-por-joan-cortes\/embed\/#?secret=hWyoCG4Y6d#?secret=OoWCwlrR9e\" data-secret=\"OoWCwlrR9e\" width=\"600\" height=\"338\" frameborder=\"0\" marginwidth=\"0\" marginheight=\"0\" scrolling=\"no\"><\/iframe><\/p>\n<blockquote class=\"wp-embedded-content\" data-secret=\"9v3e7HKsRM\"><p><a href=\"https:\/\/tomajazz.com\/web\/instantzz-2020-en-16-imagenes-jazz-improvisacion-y-flamenco-galeria-fotografica-aka-fotoblog-de-jazz-impro-y-algo-mas-por-joan-cortes\/\">INSTANTZZ: 2020 en 16 im\u00e1genes -jazz, improvisaci\u00f3n y flamenco- [Galer\u00eda fotogr\u00e1fica AKA Fotoblog de jazz, impro&#8230; y algo m\u00e1s] Por Joan Cort\u00e8s<\/a><\/p><\/blockquote>\n<p><iframe loading=\"lazy\" class=\"wp-embedded-content\" sandbox=\"allow-scripts\" security=\"restricted\" style=\"position: absolute; visibility: hidden;\" title=\"\u00abINSTANTZZ: 2020 en 16 im\u00e1genes -jazz, improvisaci\u00f3n y flamenco- [Galer\u00eda fotogr\u00e1fica AKA Fotoblog de jazz, impro&#8230; y algo m\u00e1s] Por Joan Cort\u00e8s\u00bb \u2014 Tomajazz\" src=\"https:\/\/tomajazz.com\/web\/instantzz-2020-en-16-imagenes-jazz-improvisacion-y-flamenco-galeria-fotografica-aka-fotoblog-de-jazz-impro-y-algo-mas-por-joan-cortes\/embed\/#?secret=K50IjrzcuU#?secret=9v3e7HKsRM\" data-secret=\"9v3e7HKsRM\" width=\"600\" height=\"338\" frameborder=\"0\" marginwidth=\"0\" marginheight=\"0\" scrolling=\"no\"><\/iframe><\/p>\n<h4>Joan Cort\u00e8s en Facebook<\/h4>\n<p><a href=\"https:\/\/www.facebook.com\/joan.cortesbenages\" target=\"_blank\" rel=\"noopener\">https:\/\/www.facebook.com\/joan.cortesbenages<\/a><\/p>\n<h4>Joan Cort\u00e8s en Tomajazz<\/h4>\n<p><a href=\"https:\/\/tomajazz.com\/web\/?cat=17853\" target=\"_blank\" rel=\"noopener\">https:\/\/tomajazz.com\/web\/?cat=17853<\/a><\/p>\n","protected":false},"excerpt":{"rendered":"<p>En Tomajazz un cl\u00e1sico: todos los a\u00f1os Joan Cort\u00e8s repasa el a\u00f1o en im\u00e1genes. En INSTANTZZ publicamos la segunda parte de 2021 en 20 im\u00e1genes. <span class=\"more-link\"><a href=\"https:\/\/tomajazz.com\/web\/instantzz-2021-en-20-imagenes-jazz-improvisacion-y-flamenco-segunda-parte-galeria-fotografica-aka-fotoblog-de-jazz-impro-y-algo-mas-por-joan-cortes\/\">Contin\u00faa leyendo<\/a><\/span><\/p>\n","protected":false},"author":1,"featured_media":60242,"comment_status":"open","ping_status":"closed","sticky":false,"template":"","format":"standard","meta":{"jetpack_post_was_ever_published":false,"_jetpack_newsletter_access":"","_jetpack_dont_email_post_to_subs":false,"_jetpack_newsletter_tier_id":0,"_jetpack_memberships_contains_paywalled_content":false,"_jetpack_memberships_contains_paid_content":false,"footnotes":""},"categories":[11261,17853,11262,15516,1038],"tags":[26460,26464,26462,11263,1041,26101,26302,26465,26461,24926,26343,26463],"class_list":["entry","author-pachi","has-excerpt","post-60236","post","type-post","status-publish","format-standard","has-post-thumbnail","category-instantzz","category-joan-cortes","category-photoblogs","category-imagenes","category-contenidos","tag-ana-brenes-camino","tag-ben-monder-trio","tag-david-chevallier-septet-emotional-landscapes","tag-instantzz-2","tag-joan-cortes","tag-jordi-sabates-pianissim","tag-lorena-oliva-nuclear","tag-mary-halvorsonn-code-girl-artlessly-falling","tag-naissam-jalal-trio-quest-of-the-invisible","tag-patricia-guerrero-dani-de-moron","tag-suite-de-lucia","tag-vijay-iyer-trio-uneasy"],"jetpack_featured_media_url":"https:\/\/tomajazz.com\/web\/wp-content\/uploads\/2022\/01\/15_Jrd-Sbts-Joan-Cortes_17oct21_JzzCv_lhmbr-Fstvl-Jzz_Vc.jpg","jetpack_likes_enabled":true,"jetpack_sharing_enabled":true,"jetpack-related-posts":[{"id":103649,"url":"https:\/\/tomajazz.com\/web\/2025-en-25-imagenes-1\/","url_meta":{"origin":60236,"position":0},"title":"2025 en 25 im\u00e1genes -jazz, improvisaci\u00f3n y flamenco- (primera parte) Por Joan Cort\u00e8s [INSTANTZZ AKA Galer\u00eda fotogr\u00e1fica AKA Fotoblog de jazz, impro\u2026 y algo m\u00e1s]","author":"Tomajazz","date":"22 enero, 2026","format":false,"excerpt":"2025 en 25 im\u00e1genes -jazz, improvisaci\u00f3n y flamenco- (primera parte) es un cl\u00e1sico de Joan Cort\u00e8s cada inicio de a\u00f1o en INSTANTZZ","rel":"","context":"En \u00ab*_Joan Cort\u00e8s\u00bb","block_context":{"text":"*_Joan Cort\u00e8s","link":"https:\/\/tomajazz.com\/web\/category\/joan-cortes\/"},"img":{"alt_text":"2025 en 25 im\u00e1genes -jazz, improvisaci\u00f3n y flamenco- (primera parte) Por Joan Cort\u00e8s [INSTANTZZ AKA Galer\u00eda fotogr\u00e1fica AKA Fotoblog de jazz, impro\u2026 y algo m\u00e1s] - Tomajazz - 2025 en 25 im\u00e1genes -jazz, improvisaci\u00f3n y flamenco- (primera parte) es un cl\u00e1sico de Joan Cort\u00e8s cada inicio de a\u00f1o en INSTANTZZ","src":"https:\/\/i0.wp.com\/tomajazz.com\/web\/wp-content\/uploads\/2026\/01\/destacado-03-Nr-ndrr-sqllrm-Photo-by-Joan-Cortes-22fbr25-L-dtr-S1-Bcn.jpg?resize=350%2C200&ssl=1","width":350,"height":200,"srcset":"https:\/\/i0.wp.com\/tomajazz.com\/web\/wp-content\/uploads\/2026\/01\/destacado-03-Nr-ndrr-sqllrm-Photo-by-Joan-Cortes-22fbr25-L-dtr-S1-Bcn.jpg?resize=350%2C200&ssl=1 1x, https:\/\/i0.wp.com\/tomajazz.com\/web\/wp-content\/uploads\/2026\/01\/destacado-03-Nr-ndrr-sqllrm-Photo-by-Joan-Cortes-22fbr25-L-dtr-S1-Bcn.jpg?resize=525%2C300&ssl=1 1.5x"},"classes":[]},{"id":103886,"url":"https:\/\/tomajazz.com\/web\/2025-en-25-imagenes-2\/","url_meta":{"origin":60236,"position":1},"title":"2025 en 25 im\u00e1genes -jazz, improvisaci\u00f3n y flamenco- (segunda parte) Por Joan Cort\u00e8s [INSTANTZZ AKA Galer\u00eda fotogr\u00e1fica AKA Fotoblog de jazz, impro\u2026 y algo m\u00e1s]","author":"Tomajazz","date":"3 febrero, 2026","format":false,"excerpt":"2025 en 25 im\u00e1genes -jazz, improvisaci\u00f3n y flamenco- )en esta ocasi\u00f3n con la segunda parte) es un cl\u00e1sico de Joan Cort\u00e8s cada inicio de a\u00f1o en INSTANTZZ","rel":"","context":"En \u00abINSTANTZZ\u00bb","block_context":{"text":"INSTANTZZ","link":"https:\/\/tomajazz.com\/web\/category\/contenidos\/imagenes\/photoblogs\/instantzz\/"},"img":{"alt_text":"2025 en 25 im\u00e1genes -jazz, improvisaci\u00f3n y flamenco- (segunda parte) Por Joan Cort\u00e8s [INSTANTZZ AKA Galer\u00eda fotogr\u00e1fica AKA Fotoblog de jazz, impro\u2026 y algo m\u00e1s] - Tomajazz - 2025 en 25 im\u00e1genes -jazz, improvisaci\u00f3n y flamenco- )en esta ocasi\u00f3n con la segunda parte) es un cl\u00e1sico de Joan Cort\u00e8s cada inicio de a\u00f1o en INSTANTZZ","src":"https:\/\/i0.wp.com\/tomajazz.com\/web\/wp-content\/uploads\/2026\/02\/destacada-22-Blsr-Dcrt-Brn-Photo-by-Joan-Cortes-20nvm25-JzzCv-Vc.jpg?resize=350%2C200&ssl=1","width":350,"height":200,"srcset":"https:\/\/i0.wp.com\/tomajazz.com\/web\/wp-content\/uploads\/2026\/02\/destacada-22-Blsr-Dcrt-Brn-Photo-by-Joan-Cortes-20nvm25-JzzCv-Vc.jpg?resize=350%2C200&ssl=1 1x, https:\/\/i0.wp.com\/tomajazz.com\/web\/wp-content\/uploads\/2026\/02\/destacada-22-Blsr-Dcrt-Brn-Photo-by-Joan-Cortes-20nvm25-JzzCv-Vc.jpg?resize=525%2C300&ssl=1 1.5x"},"classes":[]},{"id":104948,"url":"https:\/\/tomajazz.com\/web\/rale-micic-trio-jamboree-2026\/","url_meta":{"origin":60236,"position":2},"title":"Rale Micic Trio (Jamboree-01, 2026-03-03 \/ Barcelona) Por Joan Cort\u00e8s [INSTANTZZ AKA Galer\u00eda fotogr\u00e1fica AKA Fotoblog de jazz, impro\u2026 y algo m\u00e1s]","author":"Tomajazz","date":"18 abril, 2026","format":false,"excerpt":"Rale Micic Trio actu\u00f3 en Jamboree, Barceloa, el 3 de marzo de 2026. Joan Cort\u00e8s lo retrata en INSTANTZZ. Rale Micic Trio son Rale Micic, Ugonna Okegwo, E.J. Strickland","rel":"","context":"En \u00ab*_Joan Cort\u00e8s\u00bb","block_context":{"text":"*_Joan Cort\u00e8s","link":"https:\/\/tomajazz.com\/web\/category\/joan-cortes\/"},"img":{"alt_text":"Rale Micic Trio (Jamboree-01, 2026-03-03 \/ Barcelona) Por Joan Cort\u00e8s [INSTANTZZ AKA Galer\u00eda fotogr\u00e1fica AKA Fotoblog de jazz, impro\u2026 y algo m\u00e1s] - Tomajazz - Rale Micic Trio actu\u00f3 en Jamboree, Barceloa, el 3 de marzo de 2026. Joan Cort\u00e8s lo retrata en INSTANTZZ. Rale Micic Trio son Rale Micic, Ugonna Okegwo, E.J. Strickland\n","src":"https:\/\/i0.wp.com\/tomajazz.com\/web\/wp-content\/uploads\/2026\/04\/destacada-10-Rl-Mcc-Tr-Photo-By-Joan-Cortes-03mrc26-Jmbr-Bcn.jpg?resize=350%2C200&ssl=1","width":350,"height":200,"srcset":"https:\/\/i0.wp.com\/tomajazz.com\/web\/wp-content\/uploads\/2026\/04\/destacada-10-Rl-Mcc-Tr-Photo-By-Joan-Cortes-03mrc26-Jmbr-Bcn.jpg?resize=350%2C200&ssl=1 1x, https:\/\/i0.wp.com\/tomajazz.com\/web\/wp-content\/uploads\/2026\/04\/destacada-10-Rl-Mcc-Tr-Photo-By-Joan-Cortes-03mrc26-Jmbr-Bcn.jpg?resize=525%2C300&ssl=1 1.5x"},"classes":[]},{"id":103216,"url":"https:\/\/tomajazz.com\/web\/manon-mullener-trio-jamboree-2025\/","url_meta":{"origin":60236,"position":3},"title":"Manon Mullener Trio (Jamboree, 2025-11-26 \/ Barcelona) Por Joan Cort\u00e8s [INSTANTZZ AKA Galer\u00eda fotogr\u00e1fica AKA Fotoblog de jazz, impro\u2026 y algo m\u00e1s]","author":"Tomajazz","date":"8 enero, 2026","format":false,"excerpt":"Manon Mullener Trio actu\u00f3 en Jamboree, Barcelona, el 26 de noviembre de 2025. Joan Cort\u00e8s lo retrata en INSTANTZZ. Actuaron Manon Mullener, Rodrigo Aravena, Lucien Mullener, Yuri Hern\u00e1ndez","rel":"","context":"En \u00ab*_Joan Cort\u00e8s\u00bb","block_context":{"text":"*_Joan Cort\u00e8s","link":"https:\/\/tomajazz.com\/web\/category\/joan-cortes\/"},"img":{"alt_text":"Manon Mullener Trio (Jamboree, 2025-11-26 \/ Barcelona) Por Joan Cort\u00e8s [INSTANTZZ AKA Galer\u00eda fotogr\u00e1fica AKA Fotoblog de jazz, impro\u2026 y algo m\u00e1s] - Tomajazz - Manon Mullener Trio actu\u00f3 en Jamboree, Barcelona, el 26 de noviembre de 2025. Joan Cort\u00e8s lo retrata en INSTANTZZ. Actuaron Manon Mullener, Rodrigo Aravena, Lucien Mullener, Yuri Hern\u00e1ndez\n","src":"https:\/\/i0.wp.com\/tomajazz.com\/web\/wp-content\/uploads\/2026\/01\/destacado-08-Mnn-Mllnr-Photo-by-Joan-Cortes-26nvm25-Jmbrr-Bcn.jpg?resize=350%2C200&ssl=1","width":350,"height":200,"srcset":"https:\/\/i0.wp.com\/tomajazz.com\/web\/wp-content\/uploads\/2026\/01\/destacado-08-Mnn-Mllnr-Photo-by-Joan-Cortes-26nvm25-Jmbrr-Bcn.jpg?resize=350%2C200&ssl=1 1x, https:\/\/i0.wp.com\/tomajazz.com\/web\/wp-content\/uploads\/2026\/01\/destacado-08-Mnn-Mllnr-Photo-by-Joan-Cortes-26nvm25-Jmbrr-Bcn.jpg?resize=525%2C300&ssl=1 1.5x"},"classes":[]},{"id":104557,"url":"https:\/\/tomajazz.com\/web\/russ-lossing-mood-trio-jamboree-2026\/","url_meta":{"origin":60236,"position":4},"title":"Russ Lossing Mood Trio (Jamboree-01, 2026-02-18 \/ Barcelona) Por Joan Cort\u00e8s [INSTANTZZ AKA Galer\u00eda fotogr\u00e1fica AKA Fotoblog de jazz, impro\u2026 y algo m\u00e1s]","author":"Tomajazz","date":"24 marzo, 2026","format":false,"excerpt":"Russ Lossing Mood Trio actu\u00f3 en Jamboree el 18 de febrero de 2025. Joan Cort\u00e8s lo retrata en INSTANTZZ. Russ Lossing Mood Trio son Russ Lossing, Masa Kamaguchi, Dayeon Seok","rel":"","context":"En \u00abINSTANTZZ\u00bb","block_context":{"text":"INSTANTZZ","link":"https:\/\/tomajazz.com\/web\/category\/contenidos\/imagenes\/photoblogs\/instantzz\/"},"img":{"alt_text":"Russ Lossing Mood Trio (Jamboree-01, 2026-02-18 \/ Barcelona) Por Joan Cort\u00e8s [INSTANTZZ AKA Galer\u00eda fotogr\u00e1fica AKA Fotoblog de jazz, impro\u2026 y algo m\u00e1s] - Tomajazz - Russ Lossing Mood Trio actu\u00f3 en Jamboree el 18 de febrero de 2025. Joan Cort\u00e8s lo retrata en INSTANTZZ. Russ Lossing Mood Trio son \nRuss Lossing, Masa Kamaguchi, Dayeon Seok","src":"https:\/\/i0.wp.com\/tomajazz.com\/web\/wp-content\/uploads\/2026\/03\/destacado-07-Rss-Lssng-Photo-by-Joan-Cortes-18fbr26-Jmbr-Bcn.jpg?resize=350%2C200&ssl=1","width":350,"height":200,"srcset":"https:\/\/i0.wp.com\/tomajazz.com\/web\/wp-content\/uploads\/2026\/03\/destacado-07-Rss-Lssng-Photo-by-Joan-Cortes-18fbr26-Jmbr-Bcn.jpg?resize=350%2C200&ssl=1 1x, https:\/\/i0.wp.com\/tomajazz.com\/web\/wp-content\/uploads\/2026\/03\/destacado-07-Rss-Lssng-Photo-by-Joan-Cortes-18fbr26-Jmbr-Bcn.jpg?resize=525%2C300&ssl=1 1.5x"},"classes":[]},{"id":102232,"url":"https:\/\/tomajazz.com\/web\/andre-marques-trio-jamboree-2025\/","url_meta":{"origin":60236,"position":5},"title":"Andr\u00e9 Marques Trio (Jamboree -sala 1-, 2025-11-07 \/ Barcelona) Por Joan Cort\u00e8s [INSTANTZZ AKA Galer\u00eda fotogr\u00e1fica AKA Fotoblog de jazz, impro\u2026 y algo m\u00e1s]","author":"Tomajazz","date":"27 noviembre, 2025","format":false,"excerpt":"Andr\u00e9 Marques Trio actu\u00f3 en Jamboree, el 7 de noviembre de 2025. Joan Cort\u00e8s lo retrata en INSTANTZZ. Actuaron Andr\u00e9 Marques, Marcel Bottaro, Fulvio Alberto Moraes","rel":"","context":"En \u00ab*_Joan Cort\u00e8s\u00bb","block_context":{"text":"*_Joan Cort\u00e8s","link":"https:\/\/tomajazz.com\/web\/category\/joan-cortes\/"},"img":{"alt_text":"Andr\u00e9 Marques Trio (Jamboree -sala 1-, 2025-11-07 \/ Barcelona) Por Joan Cort\u00e8s [INSTANTZZ AKA Galer\u00eda fotogr\u00e1fica AKA Fotoblog de jazz, impro\u2026 y algo m\u00e1s] - Tomajazz - Andr\u00e9 Marques Trio actu\u00f3 en Jamboree, el 7 de noviembre de 2025. Joan Cort\u00e8s lo retrata en INSTANTZZ. Actuaron Andr\u00e9 Marques, Marcel Bottaro, Fulvio Alberto Moraes\n","src":"https:\/\/i0.wp.com\/tomajazz.com\/web\/wp-content\/uploads\/2025\/11\/destacada-05-ndr-Mrqs-tr-%C2%A9Joan-Cortes-07nvm25-Jmbr-Bcn.jpg?resize=350%2C200&ssl=1","width":350,"height":200,"srcset":"https:\/\/i0.wp.com\/tomajazz.com\/web\/wp-content\/uploads\/2025\/11\/destacada-05-ndr-Mrqs-tr-%C2%A9Joan-Cortes-07nvm25-Jmbr-Bcn.jpg?resize=350%2C200&ssl=1 1x, https:\/\/i0.wp.com\/tomajazz.com\/web\/wp-content\/uploads\/2025\/11\/destacada-05-ndr-Mrqs-tr-%C2%A9Joan-Cortes-07nvm25-Jmbr-Bcn.jpg?resize=525%2C300&ssl=1 1.5x"},"classes":[]}],"_links":{"self":[{"href":"https:\/\/tomajazz.com\/web\/wp-json\/wp\/v2\/posts\/60236","targetHints":{"allow":["GET"]}}],"collection":[{"href":"https:\/\/tomajazz.com\/web\/wp-json\/wp\/v2\/posts"}],"about":[{"href":"https:\/\/tomajazz.com\/web\/wp-json\/wp\/v2\/types\/post"}],"author":[{"embeddable":true,"href":"https:\/\/tomajazz.com\/web\/wp-json\/wp\/v2\/users\/1"}],"replies":[{"embeddable":true,"href":"https:\/\/tomajazz.com\/web\/wp-json\/wp\/v2\/comments?post=60236"}],"version-history":[{"count":6,"href":"https:\/\/tomajazz.com\/web\/wp-json\/wp\/v2\/posts\/60236\/revisions"}],"predecessor-version":[{"id":61232,"href":"https:\/\/tomajazz.com\/web\/wp-json\/wp\/v2\/posts\/60236\/revisions\/61232"}],"wp:featuredmedia":[{"embeddable":true,"href":"https:\/\/tomajazz.com\/web\/wp-json\/wp\/v2\/media\/60242"}],"wp:attachment":[{"href":"https:\/\/tomajazz.com\/web\/wp-json\/wp\/v2\/media?parent=60236"}],"wp:term":[{"taxonomy":"category","embeddable":true,"href":"https:\/\/tomajazz.com\/web\/wp-json\/wp\/v2\/categories?post=60236"},{"taxonomy":"post_tag","embeddable":true,"href":"https:\/\/tomajazz.com\/web\/wp-json\/wp\/v2\/tags?post=60236"}],"curies":[{"name":"wp","href":"https:\/\/api.w.org\/{rel}","templated":true}]}}