{"id":60277,"date":"2022-01-16T18:00:32","date_gmt":"2022-01-16T17:00:32","guid":{"rendered":"https:\/\/www.tomajazz.com\/web\/?p=60277"},"modified":"2022-01-16T18:06:05","modified_gmt":"2022-01-16T17:06:05","slug":"jazzx5396-homenaje-a-fred-van-hove-other-piece-fmp-im-ruckblick-in-retrospect-fmp-2011-minipodcast-de-jazz-por-pachi-tapiz","status":"publish","type":"post","link":"https:\/\/tomajazz.com\/web\/jazzx5396-homenaje-a-fred-van-hove-other-piece-fmp-im-ruckblick-in-retrospect-fmp-2011-minipodcast-de-jazz-por-pachi-tapiz\/","title":{"rendered":"JazzX5#396. Homenaje a Fred Van Hove: \u201cOther Piece\u201d [FMP Im R\u00fcckblick &#8211; In Retrospect (FMP, 2011)] [Minipodcast de jazz] Por Pachi Tapiz"},"content":{"rendered":"<p><img loading=\"lazy\" decoding=\"async\" class=\"alignleft wp-image-60278 size-medium\" src=\"https:\/\/tomajazz.com\/web\/wp-content\/uploads\/2022\/01\/fmp-in-retrospect-im-ruckblick-ltd-edition-200x200.jpg\" alt=\"Fred Van Hove. FMP In Retrospect Im R\u00fcckblick. \" width=\"200\" height=\"200\" title=\"\" srcset=\"https:\/\/tomajazz.com\/web\/wp-content\/uploads\/2022\/01\/fmp-in-retrospect-im-ruckblick-ltd-edition-200x200.jpg 200w, https:\/\/tomajazz.com\/web\/wp-content\/uploads\/2022\/01\/fmp-in-retrospect-im-ruckblick-ltd-edition-150x150.jpg 150w, https:\/\/tomajazz.com\/web\/wp-content\/uploads\/2022\/01\/fmp-in-retrospect-im-ruckblick-ltd-edition.jpg 458w\" sizes=\"auto, (max-width: 200px) 100vw, 200px\" \/>\u00abOther Piece\u00bb<br \/>\n<strong>Fred Van Hove<\/strong>: <em>FMP Im R\u00fcckblick &#8211; In Retrospect<\/em>. CD7.\u00a0<em>Piano Solo<\/em> (FMP, 2011)<br \/>\nFred Van Hove, piano y creaci\u00f3n.<\/p>\n<p style=\"text-align: right;\"><span style=\"text-align: right;\">Tomajazz: \u00a9 <\/span><strong style=\"text-align: right;\">Pachi Tapiz<\/strong><span style=\"text-align: right;\">, 2022<\/span><strong><br \/>\n<\/strong><\/p>\n<h4>\u00bfSab\u00edas que?<\/h4>\n<ul>\n<li>Fred Van Hove naci\u00f3 en B\u00e9lgica en 1937. Falleci\u00f3 el 13 de enero de 2022.<\/li>\n<li>Es uno de los pianistas pioneros del Free Jazz en Europa. En 1966 comenz\u00f3 su colaboraci\u00f3n con Peter Br\u00f6tzmann. En 1968 grab\u00f3 esa cumbre del Free Jazz Europeo que es\u00a0<em>Machine Gun<\/em>.<\/li>\n<li>A lo largo de su carrera toc\u00f3 y grab\u00f3 con algunos de los m\u00fasicos m\u00e1s importantes de las escena del Free Jazz y la libre improvisaci\u00f3n en Europa: Br\u00f6tzmann y Han Bennink (con los que mantuvo un tr\u00edo hasta mediados de los a\u00f1os 70, que dej\u00f3 una amplia discograf\u00eda), Steve Lacy, Lol Coxhill, Albert Mangelsdorff, Vinko Globokar, Evan Parker, Paul Rogers o Paul Lytton por citar algunos. Tambi\u00e9n son frecuentes sus grabaciones en solitario.Pi<\/li>\n<li>\u00abOther Piece\u00bb fue incluido en el CD n\u00famero 7 de la monumental caja\u00a0<em>FMP Im R\u00fcckblick &#8211; In Retrospect<\/em>. En ella se inclu\u00edan doce CD (seis de ellos con material in\u00e9dito), que serv\u00edan para repasar la historia del m\u00edtico sello berlin\u00e9s FMP. Tambi\u00e9n inclu\u00eda un libro con las dimensiones de un LP de m\u00e1s de 200 p\u00e1ginas en las que se repasaba la historia del sello. El conjunto pesaba m\u00e1s de 3 kg y \u00fanicamente se publicaron 1000 ejemplares.<\/li>\n<li>El disco en el que se inclu\u00eda el tema se titulaba\u00a0<em>Piano Solo<\/em> y era una recopilaci\u00f3n que recog\u00eda grabaciones de los a\u00f1os 1981 y 1986.<\/li>\n<li>Adem\u00e1s de pianista, Fred Van Hove tambi\u00e9n fue acordeonista, organista de iglesia, improvisador y compositor, adem\u00e1s de docente. En el a\u00f1o 1996 el Gobierno Belga lo nombr\u00f3 Embajador Cultural de Flandes.<\/li>\n<\/ul>\n<h4>Escuchar Fred Van Hove <em>FMP Im R\u00fcckblick &#8211; In Retrospect<\/em>. CD7.\u00a0<em>Piano Solo<\/em>: \u201cOther Piece\u201d<\/h4>\n<p><iframe id=\"audio_80916105\" style=\"width: 100%;\" src=\"https:\/\/www.ivoox.com\/player_ej_80916105_6_1.html\" height=\"200\" frameborder=\"0\" scrolling=\"no\" allowfullscreen=\"allowfullscreen\"><\/iframe><\/p>\n<h4>En anteriores episodios de JazzX5\/HDO\/LODLMA\/Maltidos Jazztardos\u2026<\/h4>\n<blockquote class=\"wp-embedded-content\" data-secret=\"2RJInZcIRb\"><p><a href=\"https:\/\/tomajazz.com\/web\/hdo-489-frimpro-podcast\/\">HDO 489. Frimpro [Podcast]<\/a><\/p><\/blockquote>\n<p><iframe loading=\"lazy\" class=\"wp-embedded-content\" sandbox=\"allow-scripts\" security=\"restricted\" style=\"position: absolute; visibility: hidden;\" title=\"\u00abHDO 489. Frimpro [Podcast]\u00bb \u2014 Tomajazz\" src=\"https:\/\/tomajazz.com\/web\/hdo-489-frimpro-podcast\/embed\/#?secret=ZFa4oFzqHX#?secret=2RJInZcIRb\" data-secret=\"2RJInZcIRb\" width=\"600\" height=\"338\" frameborder=\"0\" marginwidth=\"0\" marginheight=\"0\" scrolling=\"no\"><\/iframe><\/p>\n<h4>M\u00e1s informaci\u00f3n acerca de Fred Van Hove<\/h4>\n<p><a href=\"http:\/\/www.efi.group.shef.ac.uk\/mvanhove.html\" target=\"_blank\" rel=\"noopener\">http:\/\/www.efi.group.shef.ac.uk\/mvanhove.html<\/a><\/p>\n<p><a href=\"https:\/\/tomajazz.com\/web\/?s=fred+van+hove&amp;submit=Search\" target=\"_blank\" rel=\"noopener\">https:\/\/tomajazz.com\/web\/?s=fred+van+hove&amp;submit=Search<\/a><\/p>\n<h4>M\u00e1s informaci\u00f3n sobre JazzX5<\/h4>\n<p><strong>JazzX5<\/strong>\u00a0es un minipodcast de HDO de la Factor\u00eda Tomajazz presentado, editado y producido por\u00a0<strong>Pachi Tapiz<\/strong>.<\/p>\n<p><strong>JazzX5<\/strong>\u00a0comenz\u00f3 su andadura el 24 de junio de 2019.<\/p>\n<p>Todas las entregas de\u00a0<strong>JazzX5<\/strong>\u00a0est\u00e1n disponibles en\u00a0<strong><a href=\"https:\/\/tomajazz.com\/web\/?cat=23120\" target=\"_blank\" rel=\"noopener noreferrer\">https:\/\/tomajazz.com\/web\/?cat=23120<\/a>\u00a0\/\u00a0<a href=\"https:\/\/www.ivoox.com\/jazzx5_bk_list_642835_1.html\" target=\"_blank\" rel=\"noopener noreferrer\">https:\/\/www.ivoox.com\/jazzx5_bk_list_642835_1.html<\/a><\/strong>.<\/p>\n<h4>JazzX5 y los podcast de Tomajazz en Telegram<\/h4>\n<p>En Tomajazz hemos abierto un canal de\u00a0<strong>Telegram<\/strong>\u00a0para que est\u00e9s al tanto, al instante, de los nuevos podcast. Puedes suscribirte en\u00a0<a href=\"https:\/\/t.me\/TomajazzPodcast\" target=\"_blank\" rel=\"noopener\">https:\/\/t.me\/TomajazzPodcast<\/a>.<\/p>\n<h4>Pachi Tapiz en Tomajazz<\/h4>\n<p><a href=\"https:\/\/tomajazz.com\/web\/?cat=17847\" target=\"_blank\" rel=\"noopener\">https:\/\/tomajazz.com\/web\/?cat=17847<\/a><\/p>\n","protected":false},"excerpt":{"rendered":"<p>En JazzX5 realizamos un peque\u00f1o homenaje sonoro a Fred Van Hove. Suena el tema \u00abOther Piece\u00bb que se public\u00f3 en el monumental recopilatorio FMP Im R\u00fcckblick &#8211; In Retrospect (FMP, 2011), y que est\u00e1 disponible tambi\u00e9n en el CD Piano Solo.<\/p>\n<p>JazzX5 es un minipodcast de jazz y de libre improvisaci\u00f3n de Pachi Tapiz. <\/p>\n<p><span class=\"more-link\"><a href=\"https:\/\/tomajazz.com\/web\/jazzx5396-homenaje-a-fred-van-hove-other-piece-fmp-im-ruckblick-in-retrospect-fmp-2011-minipodcast-de-jazz-por-pachi-tapiz\/\">Contin\u00faa leyendo<\/a><\/span><\/p>\n","protected":false},"author":1,"featured_media":60279,"comment_status":"open","ping_status":"closed","sticky":false,"template":"","format":"standard","meta":{"jetpack_post_was_ever_published":false,"_jetpack_newsletter_access":"","_jetpack_dont_email_post_to_subs":false,"_jetpack_newsletter_tier_id":0,"_jetpack_memberships_contains_paywalled_content":false,"_jetpack_memberships_contains_paid_content":false,"footnotes":""},"categories":[23120,17847,12814,15518,1038],"tags":[12344,19458,15404,15400,26470,23118,25573,31,15310],"class_list":["entry","author-pachi","has-excerpt","post-60277","post","type-post","status-publish","format-standard","has-post-thumbnail","category-jazzx5","category-pachi-tapiz","category-podcast","category-sonidos","category-contenidos","tag-fmp","tag-fred-van-hove","tag-free-improvised-music","tag-improvisacion-libre","tag-improvised-music","tag-jazzx5","tag-minipodcast","tag-pachi-tapiz","tag-podcast-de-jazz"],"jetpack_featured_media_url":"https:\/\/tomajazz.com\/web\/wp-content\/uploads\/2022\/01\/JazzX5_396.jpg","jetpack_likes_enabled":true,"jetpack_sharing_enabled":true,"jetpack-related-posts":[{"id":3159,"url":"https:\/\/tomajazz.com\/web\/veteranos-en-la-brecha-viii-fred-van-hove\/","url_meta":{"origin":60277,"position":0},"title":"Veteranos en la brecha (VIII): Fred Van Hove","author":"Tomajazz","date":"28 julio, 2008","format":false,"excerpt":"Pachi Tapiz repasa Journey, grabaci\u00f3n en solitario del pianista Fred Van Hove.","rel":"","context":"En \u00ab*_Pachi Tapiz\u00bb","block_context":{"text":"*_Pachi Tapiz","link":"https:\/\/tomajazz.com\/web\/category\/pachi-tapiz\/"},"img":{"alt_text":"Fred Van Hove Journey (Psi Records)","src":"https:\/\/i0.wp.com\/tomajazz.com\/web\/wp-content\/uploads\/2008\/07\/Fred-Van-Hove_Journey.jpg?resize=350%2C200&ssl=1","width":350,"height":200},"classes":[]},{"id":2713,"url":"https:\/\/tomajazz.com\/web\/hoy-no-puedo-dejar-de-escuchar-fmp-im-ruckblick-in-retrospect\/","url_meta":{"origin":60277,"position":1},"title":"Hoy no puedo dejar de escuchar&#8230; FMP Im R\u00fcckblick &#8211; In Retrospect","author":"Tomajazz","date":"11 enero, 2011","format":false,"excerpt":"Peter Br\u00f6tzmann Die LikeA DogClose UpFMP2010 \u00a0Justo ha comenzado 2011 y ya tengo un candidato a la edici\u00f3n monumental del a\u00f1o en una de esas listas que luego nunca publico. Resulta que el sello FMP acaba de publicar FMP Im R\u00fcckblick - In Retrospect. En su edici\u00f3n de lujo es\u2026","rel":"","context":"Entrada similar","block_context":{"text":"Entrada similar","link":""},"img":{"alt_text":"","src":"","width":0,"height":0},"classes":[]},{"id":30466,"url":"https:\/\/tomajazz.com\/web\/365-razones-para-amar-el-jazz-un-disco-machine-gun-peter-brotzmann-octet-124\/","url_meta":{"origin":60277,"position":2},"title":"365 razones para amar el jazz: un disco. Machine Gun (Peter Br\u00f6tzmann Octet) [124]","author":"Tomajazz","date":"4 mayo, 2017","format":false,"excerpt":"Un disco. Una gloriosa patada en la mitad\u00a0del cerebro.\u00a0Peter Br\u00f6tzmann Octet: Machine Gun (FMP, 1968) Seleccionado por\u00a0Pachi Tapiz Con Peter Br\u00f6tzmann, Buschi Niebergall, Peter Kowald, Han Bennink, Sven-\u00c5ke Johansson, Fred Van Hove, Evan Parker, Willem Breuker \u00a0","rel":"","context":"En \u00ab*_Pachi Tapiz\u00bb","block_context":{"text":"*_Pachi Tapiz","link":"https:\/\/tomajazz.com\/web\/category\/pachi-tapiz\/"},"img":{"alt_text":"","src":"https:\/\/i0.wp.com\/tomajazz.com\/web\/wp-content\/uploads\/2017\/05\/Peter-Br%C3%B6tzmann-Octet_Machine-Gun_FMP_1968.jpg?resize=350%2C200&ssl=1","width":350,"height":200,"srcset":"https:\/\/i0.wp.com\/tomajazz.com\/web\/wp-content\/uploads\/2017\/05\/Peter-Br%C3%B6tzmann-Octet_Machine-Gun_FMP_1968.jpg?resize=350%2C200&ssl=1 1x, https:\/\/i0.wp.com\/tomajazz.com\/web\/wp-content\/uploads\/2017\/05\/Peter-Br%C3%B6tzmann-Octet_Machine-Gun_FMP_1968.jpg?resize=525%2C300&ssl=1 1.5x"},"classes":[]},{"id":2456,"url":"https:\/\/tomajazz.com\/web\/soldier-of-the-road-a-portrait-of-peter-brotzmann-bernard-josse-2011-dvd\/","url_meta":{"origin":60277,"position":3},"title":"Soldier of the road. A portrait of Peter Br\u00f6tzmann (Bernard Josse. 2011. DVD)","author":"Tomajazz","date":"23 diciembre, 2011","format":false,"excerpt":"Una de las tentaciones a la hora de realizar un retrato de Peter Br\u00f6tzmann es centrarse en su pasado. Razones las hay y de sobra. Es uno de los m\u00fasicos responsables de que a finales de los a\u00f1os 60 el jazz creado en Europa tomase su carta de naturaleza. Fue\u2026","rel":"","context":"En \u00abToma Jazz\u00bb","block_context":{"text":"Toma Jazz","link":"https:\/\/tomajazz.com\/web\/tag\/toma-jazz\/"},"img":{"alt_text":"","src":"https:\/\/i0.wp.com\/2.bp.blogspot.com\/-F8H3VZhfEAU\/TvJc7A-0NII\/AAAAAAAAD0o\/uzM8YJKyKyI\/s320\/Soldier.jpg?resize=350%2C200","width":350,"height":200},"classes":[]},{"id":60261,"url":"https:\/\/tomajazz.com\/web\/fred-van-hove-in-memoriam\/","url_meta":{"origin":60277,"position":4},"title":"Fred Van Hove In Memoriam","author":"Tomajazz","date":"16 enero, 2022","format":false,"excerpt":"Desde Tomajazz un peque\u00f1o homenaje al pianista belga Fred van Hove. Lo ilustra la fotograf\u00eda de Cees Van de Ven.","rel":"","context":"En \u00abArt\u00edculos...\u00bb","block_context":{"text":"Art\u00edculos...","link":"https:\/\/tomajazz.com\/web\/category\/contenidos\/textos\/articulos\/"},"img":{"alt_text":"Fred van Hove In Memoriam. Photography by Cees Van de Ven","src":"https:\/\/i0.wp.com\/tomajazz.com\/web\/wp-content\/uploads\/2022\/01\/Fred-van-Hove-by-Cees-Van-de-Ven.jpg?resize=350%2C200&ssl=1","width":350,"height":200,"srcset":"https:\/\/i0.wp.com\/tomajazz.com\/web\/wp-content\/uploads\/2022\/01\/Fred-van-Hove-by-Cees-Van-de-Ven.jpg?resize=350%2C200&ssl=1 1x, https:\/\/i0.wp.com\/tomajazz.com\/web\/wp-content\/uploads\/2022\/01\/Fred-van-Hove-by-Cees-Van-de-Ven.jpg?resize=525%2C300&ssl=1 1.5x, https:\/\/i0.wp.com\/tomajazz.com\/web\/wp-content\/uploads\/2022\/01\/Fred-van-Hove-by-Cees-Van-de-Ven.jpg?resize=700%2C400&ssl=1 2x"},"classes":[]},{"id":100104,"url":"https:\/\/tomajazz.com\/web\/fred-hersch-the-surrounding-green-ecm-2025\/","url_meta":{"origin":60277,"position":5},"title":"Fred Hersch: The Surrounding Green (ECM; 2025) Por Pachi Tapiz [Grabaci\u00f3n de jazz]","author":"Tomajazz","date":"5 octubre, 2025","format":false,"excerpt":"The Surrounding Green (ECM; 2025) es la nueva grabaci\u00f3n de Fred Hersch. Pachi Tapiz repasa la grabaci\u00f3n. Con Fred Hersch, Drew Gress, Joey Baron","rel":"","context":"En \u00ab*_Pachi Tapiz\u00bb","block_context":{"text":"*_Pachi Tapiz","link":"https:\/\/tomajazz.com\/web\/category\/pachi-tapiz\/"},"img":{"alt_text":"Fred Hersch: The Surrounding Green (ECM; 2025) Por Pachi Tapiz [Grabaci\u00f3n de jazz] - Tomajazz - The Surrounding Green (ECM; 2025) es la nueva grabaci\u00f3n de Fred Hersch. Pachi Tapiz repasa la grabaci\u00f3n. Con Fred Hersch, drew","src":"https:\/\/i0.wp.com\/tomajazz.com\/web\/wp-content\/uploads\/2025\/10\/Fred-Hersch-The-Surrounding-Green-2025-ECM-Tomajazz.jpg?resize=350%2C200&ssl=1","width":350,"height":200,"srcset":"https:\/\/i0.wp.com\/tomajazz.com\/web\/wp-content\/uploads\/2025\/10\/Fred-Hersch-The-Surrounding-Green-2025-ECM-Tomajazz.jpg?resize=350%2C200&ssl=1 1x, https:\/\/i0.wp.com\/tomajazz.com\/web\/wp-content\/uploads\/2025\/10\/Fred-Hersch-The-Surrounding-Green-2025-ECM-Tomajazz.jpg?resize=525%2C300&ssl=1 1.5x, https:\/\/i0.wp.com\/tomajazz.com\/web\/wp-content\/uploads\/2025\/10\/Fred-Hersch-The-Surrounding-Green-2025-ECM-Tomajazz.jpg?resize=700%2C400&ssl=1 2x"},"classes":[]}],"_links":{"self":[{"href":"https:\/\/tomajazz.com\/web\/wp-json\/wp\/v2\/posts\/60277","targetHints":{"allow":["GET"]}}],"collection":[{"href":"https:\/\/tomajazz.com\/web\/wp-json\/wp\/v2\/posts"}],"about":[{"href":"https:\/\/tomajazz.com\/web\/wp-json\/wp\/v2\/types\/post"}],"author":[{"embeddable":true,"href":"https:\/\/tomajazz.com\/web\/wp-json\/wp\/v2\/users\/1"}],"replies":[{"embeddable":true,"href":"https:\/\/tomajazz.com\/web\/wp-json\/wp\/v2\/comments?post=60277"}],"version-history":[{"count":4,"href":"https:\/\/tomajazz.com\/web\/wp-json\/wp\/v2\/posts\/60277\/revisions"}],"predecessor-version":[{"id":60285,"href":"https:\/\/tomajazz.com\/web\/wp-json\/wp\/v2\/posts\/60277\/revisions\/60285"}],"wp:featuredmedia":[{"embeddable":true,"href":"https:\/\/tomajazz.com\/web\/wp-json\/wp\/v2\/media\/60279"}],"wp:attachment":[{"href":"https:\/\/tomajazz.com\/web\/wp-json\/wp\/v2\/media?parent=60277"}],"wp:term":[{"taxonomy":"category","embeddable":true,"href":"https:\/\/tomajazz.com\/web\/wp-json\/wp\/v2\/categories?post=60277"},{"taxonomy":"post_tag","embeddable":true,"href":"https:\/\/tomajazz.com\/web\/wp-json\/wp\/v2\/tags?post=60277"}],"curies":[{"name":"wp","href":"https:\/\/api.w.org\/{rel}","templated":true}]}}