{"id":60549,"date":"2022-01-25T14:05:10","date_gmt":"2022-01-25T13:05:10","guid":{"rendered":"https:\/\/www.tomajazz.com\/web\/?p=60549"},"modified":"2022-03-05T14:46:40","modified_gmt":"2022-03-05T13:46:40","slug":"32e-jazzgranollers-festival-del-4-de-febrero-al-8-de-abril-noticias-de-jazz","status":"publish","type":"post","link":"https:\/\/tomajazz.com\/web\/32e-jazzgranollers-festival-del-4-de-febrero-al-8-de-abril-noticias-de-jazz\/","title":{"rendered":"32\u00e8 JazzGranollers Festival -del 4 de febrero al 8 de abril- [Art\u00edculo de jazz] Por Joan Cort\u00e8s"},"content":{"rendered":"<h4 style=\"text-align: center;\"><img loading=\"lazy\" decoding=\"async\" class=\"aligncenter wp-image-60556\" src=\"https:\/\/tomajazz.com\/web\/wp-content\/uploads\/2022\/01\/Logo-32JGF-600x600.jpg\" alt=\"32\u00e8 Jazz Granollers Festival 2022\" width=\"450\" height=\"450\" title=\"\" srcset=\"https:\/\/tomajazz.com\/web\/wp-content\/uploads\/2022\/01\/Logo-32JGF-600x600.jpg 600w, https:\/\/tomajazz.com\/web\/wp-content\/uploads\/2022\/01\/Logo-32JGF-200x200.jpg 200w, https:\/\/tomajazz.com\/web\/wp-content\/uploads\/2022\/01\/Logo-32JGF-150x150.jpg 150w, https:\/\/tomajazz.com\/web\/wp-content\/uploads\/2022\/01\/Logo-32JGF-768x768.jpg 768w, https:\/\/tomajazz.com\/web\/wp-content\/uploads\/2022\/01\/Logo-32JGF-465x465.jpg 465w, https:\/\/tomajazz.com\/web\/wp-content\/uploads\/2022\/01\/Logo-32JGF-500x500.jpg 500w, https:\/\/tomajazz.com\/web\/wp-content\/uploads\/2022\/01\/Logo-32JGF.jpg 1028w\" sizes=\"auto, (max-width: 450px) 100vw, 450px\" \/><\/h4>\n<h4>32\u00e8 JazzGranollers Festival -del 4 de febrero al 8 de abril-<\/h4>\n<p><a href=\"http:\/\/jazzgranollers.com\/\" target=\"_blank\" rel=\"noopener\">JazzGranollers<\/a>, fundado en 1935, viene organizando en los \u00faltimos a\u00f1os uno de los festivales m\u00e1s madrugadores del estado. El pr\u00f3ximo 4 de febrero inaugurara su andadura con La Vella Dixieland, que celebra su 40+1 aniversario, ampliada para la ocasi\u00f3n con tres j\u00f3venes m\u00fasicos, el trompetista Joan Mar Sauqu\u00e9, la saxofonista Irene Reig y el trombonista Pablo Mart\u00edn. Nueve semanas despu\u00e9s, concretamente el 8 de abril, la acordeonista Edurne Arizu con el Jazz Granollers Ensemble, dirigido por el guitarrista Joan Sanmart\u00ed, clausuraran el festival con \u201cRelleus\u201d.<\/p>\n<figure id=\"attachment_60550\" aria-describedby=\"caption-attachment-60550\" style=\"width: 1028px\" class=\"wp-caption aligncenter\"><img loading=\"lazy\" decoding=\"async\" class=\"size-full wp-image-60550\" src=\"https:\/\/tomajazz.com\/web\/wp-content\/uploads\/2022\/01\/C-01.jpg\" alt=\"42\u00e8 JazzGranollers Festival -del 4 de febrero al 8 de abril-\" width=\"1028\" height=\"228\" title=\"\" srcset=\"https:\/\/tomajazz.com\/web\/wp-content\/uploads\/2022\/01\/C-01.jpg 1028w, https:\/\/tomajazz.com\/web\/wp-content\/uploads\/2022\/01\/C-01-200x44.jpg 200w, https:\/\/tomajazz.com\/web\/wp-content\/uploads\/2022\/01\/C-01-600x133.jpg 600w, https:\/\/tomajazz.com\/web\/wp-content\/uploads\/2022\/01\/C-01-768x170.jpg 768w, https:\/\/tomajazz.com\/web\/wp-content\/uploads\/2022\/01\/C-01-465x103.jpg 465w, https:\/\/tomajazz.com\/web\/wp-content\/uploads\/2022\/01\/C-01-695x154.jpg 695w\" sizes=\"auto, (max-width: 1028px) 100vw, 1028px\" \/><figcaption id=\"caption-attachment-60550\" class=\"wp-caption-text\">Edurne Arizu, La Vella Dixieland -secci\u00f3n de vientos- y Joan Sanmart\u00ed<\/figcaption><\/figure>\n<p>Entre ambos proyectos, la doble participaci\u00f3n del pianista Xavi Torres, primero como integrante del cuarteto del guitarrista holand\u00e9s Eran Har Even en el proyecto \u201cWorld Citizen\u201d el 11 de febrero y posteriormente, el 18 de marzo, a piano solo con su \u201cCuriosity\u201d. Tambi\u00e9n estar\u00e1n presentes dos referentes del festival, el 18 de febrero, el baterista Marc Miralta, en el tr\u00edo del pianista valenciano residente en Nueva York, Alex Conde, con Manel Forti\u00e0 al contrabajo, presentando \u201cDescarga para Bud\u201d y dos semanas despu\u00e9s, el 4 de marzo, ser\u00e1 el turno del pianista Marco Mezquida, colaborando en la presentaci\u00f3n de \u201cBlack Pool Suite\u201d del cuarteto Barcelona Clarinet Players con Joan Vidal, baterista y compositor de la obra, que gira alrededor de Messiaen, Stravinsky, el jazz y la improvisaci\u00f3n. Entre ambos, el 25 de febrero, el pianista granollerense residente en Brooklyn, Albert Marqu\u00e8s al frente de su cuarteto formado por Erin Corine a la voz y flauta, Manel Forti\u00e0 al contrabajo y Marc Ayza a la bater\u00eda, presentar\u00e1 el expl\u00edcito \u201cFreedom First\u201d, proyecto iniciado con Keith LaMar, preso afroamericano en el corredor de la muerte desde hace 28 a\u00f1os.<\/p>\n<figure id=\"attachment_60551\" aria-describedby=\"caption-attachment-60551\" style=\"width: 1028px\" class=\"wp-caption aligncenter\"><img loading=\"lazy\" decoding=\"async\" class=\"size-full wp-image-60551\" src=\"https:\/\/tomajazz.com\/web\/wp-content\/uploads\/2022\/01\/C-02.jpg\" alt=\"42\u00e8 JazzGranollers Festival -del 4 de febrero al 8 de abril-\" width=\"1028\" height=\"229\" title=\"\" srcset=\"https:\/\/tomajazz.com\/web\/wp-content\/uploads\/2022\/01\/C-02.jpg 1028w, https:\/\/tomajazz.com\/web\/wp-content\/uploads\/2022\/01\/C-02-200x45.jpg 200w, https:\/\/tomajazz.com\/web\/wp-content\/uploads\/2022\/01\/C-02-600x134.jpg 600w, https:\/\/tomajazz.com\/web\/wp-content\/uploads\/2022\/01\/C-02-768x171.jpg 768w, https:\/\/tomajazz.com\/web\/wp-content\/uploads\/2022\/01\/C-02-465x104.jpg 465w, https:\/\/tomajazz.com\/web\/wp-content\/uploads\/2022\/01\/C-02-695x155.jpg 695w\" sizes=\"auto, (max-width: 1028px) 100vw, 1028px\" \/><figcaption id=\"caption-attachment-60551\" class=\"wp-caption-text\">Xavi Torres, Joan Vidal y Marco Mezquida<\/figcaption><\/figure>\n<p>El guitarra solo \u201cJoan Bretcha Guitar Series\u201d, que se celebra desde 2011 en recuerdo del guitarrista y miembro de JazzGranollers, corresponder\u00e1 en esta edici\u00f3n a Albert Vila, el 11 de marzo, con un trabajo, en primicia, que se anuncia de repertorio ecl\u00e9ctico. Otro cl\u00e1sico del festival, para el 5 de marzo, corresponde a las propuestas de los alumnos de quinto y sexto de primaria de las Big Bands de l\u2019Escola Pereanton y del Conservatori JM Ruera con sus combos y su Ensembla Jazz.<\/p>\n<figure id=\"attachment_60552\" aria-describedby=\"caption-attachment-60552\" style=\"width: 1028px\" class=\"wp-caption aligncenter\"><img loading=\"lazy\" decoding=\"async\" class=\"size-full wp-image-60552\" src=\"https:\/\/tomajazz.com\/web\/wp-content\/uploads\/2022\/01\/C-03.jpg\" alt=\"42\u00e8 JazzGranollers Festival -del 4 de febrero al 8 de abril-\" width=\"1028\" height=\"227\" title=\"\" srcset=\"https:\/\/tomajazz.com\/web\/wp-content\/uploads\/2022\/01\/C-03.jpg 1028w, https:\/\/tomajazz.com\/web\/wp-content\/uploads\/2022\/01\/C-03-200x44.jpg 200w, https:\/\/tomajazz.com\/web\/wp-content\/uploads\/2022\/01\/C-03-600x132.jpg 600w, https:\/\/tomajazz.com\/web\/wp-content\/uploads\/2022\/01\/C-03-768x170.jpg 768w, https:\/\/tomajazz.com\/web\/wp-content\/uploads\/2022\/01\/C-03-465x103.jpg 465w, https:\/\/tomajazz.com\/web\/wp-content\/uploads\/2022\/01\/C-03-695x153.jpg 695w\" sizes=\"auto, (max-width: 1028px) 100vw, 1028px\" \/><figcaption id=\"caption-attachment-60552\" class=\"wp-caption-text\">Albert Vidal, Albert Marqu\u00e8s y Mart\u00ed Ventura<\/figcaption><\/figure>\n<p>El 19 de marzo, un indispensable del festival, la Big Band de Granollers dirigida por el pianista Mart\u00ed Ventura presenta su nueva producci\u00f3n, de \u00e1mbito familiar y pedag\u00f3gico, \u201cVan de Big Band!\u201d, \u00fanico concierto que se celebra en el Teatre Auditori de Granollers.<\/p>\n<p>En el tramo final, el 25 de marzo, el veterano quinteto Afro Blue presentar\u00e1 su \u00faltimo trabajo \u201cBrut &amp; Nature\u201d, una semana despu\u00e9s, actuar\u00e1 el intergeneracional Seven Sides, con Carme Canela, Rita Pay\u00e9s o Joan Monn\u00e9 y las composiciones y arreglos del trompetista V\u00edctor Carrascosa.<\/p>\n<figure id=\"attachment_60553\" aria-describedby=\"caption-attachment-60553\" style=\"width: 799px\" class=\"wp-caption aligncenter\"><img loading=\"lazy\" decoding=\"async\" class=\"wp-image-60553 size-full\" src=\"https:\/\/tomajazz.com\/web\/wp-content\/uploads\/2022\/01\/C-04.jpg\" alt=\"\" width=\"799\" height=\"300\" title=\"\" srcset=\"https:\/\/tomajazz.com\/web\/wp-content\/uploads\/2022\/01\/C-04.jpg 799w, https:\/\/tomajazz.com\/web\/wp-content\/uploads\/2022\/01\/C-04-200x75.jpg 200w, https:\/\/tomajazz.com\/web\/wp-content\/uploads\/2022\/01\/C-04-600x225.jpg 600w, https:\/\/tomajazz.com\/web\/wp-content\/uploads\/2022\/01\/C-04-768x288.jpg 768w, https:\/\/tomajazz.com\/web\/wp-content\/uploads\/2022\/01\/C-04-465x175.jpg 465w, https:\/\/tomajazz.com\/web\/wp-content\/uploads\/2022\/01\/C-04-695x261.jpg 695w\" sizes=\"auto, (max-width: 799px) 100vw, 799px\" \/><figcaption id=\"caption-attachment-60553\" class=\"wp-caption-text\">Joan Monn\u00e9, Irene Reig, Carme Canela y Rita Pay\u00e9s.<\/figcaption><\/figure>\n<p>Nueve viernes consecutivos m\u00e1s dos s\u00e1bados para las trece propuestas de este 32\u00e8 JazzGranollers Festival, todas en el Casino de Granollers, excepto la indicada anteriormente. Festival que se mantiene en su l\u00ednea program\u00e1tica, proyectos de proximidad, sea por nacimiento o por residencia, de la escena catalana, sin grandes nombres medi\u00e1ticos pero de calidad contrastada, fiel a su etiqueta jazz\u00edstica de miras abiertas.<\/p>\n<p style=\"text-align: right;\">Texto y fotograf\u00edas: \u00a9\u00a0<strong>Joan Cort\u00e8s<\/strong>, 2022<\/p>\n<h4>Joan Cort\u00e8s en Tomajazz<\/h4>\n<p><a href=\"https:\/\/tomajazz.com\/web\/?cat=17853\" target=\"_blank\" rel=\"noopener\">https:\/\/tomajazz.com\/web\/?cat=17853<\/a><\/p>\n","protected":false},"excerpt":{"rendered":"<p>El 32\u00e8 JazzGranollers Festival tendr\u00e1 lugar entre el 4 de febrero y el 8 de abril de 2022. Joan Cort\u00e8s repasa las actuaciones programadas en este festival cl\u00e1sico en la programacion en Espa\u00f1a. <span class=\"more-link\"><a href=\"https:\/\/tomajazz.com\/web\/32e-jazzgranollers-festival-del-4-de-febrero-al-8-de-abril-noticias-de-jazz\/\">Contin\u00faa leyendo<\/a><\/span><\/p>\n","protected":false},"author":1,"featured_media":60556,"comment_status":"open","ping_status":"closed","sticky":false,"template":"","format":"standard","meta":{"jetpack_post_was_ever_published":false,"_jetpack_newsletter_access":"","_jetpack_dont_email_post_to_subs":false,"_jetpack_newsletter_tier_id":0,"_jetpack_memberships_contains_paywalled_content":false,"_jetpack_memberships_contains_paid_content":false,"footnotes":""},"categories":[17853,24822,15517,1038],"tags":[26506,26508,26507,1041],"class_list":["entry","author-pachi","has-excerpt","post-60549","post","type-post","status-publish","format-standard","has-post-thumbnail","category-joan-cortes","category-articulos","category-textos","category-contenidos","tag-42e-jazzgranollers-festival","tag-jazzgranollers","tag-jazzgranollers-festival","tag-joan-cortes"],"jetpack_featured_media_url":"https:\/\/tomajazz.com\/web\/wp-content\/uploads\/2022\/01\/Logo-32JGF.jpg","jetpack_likes_enabled":true,"jetpack_sharing_enabled":true,"jetpack-related-posts":[{"id":60746,"url":"https:\/\/tomajazz.com\/web\/32e-jazz-granollers-festival-4-de-febrero-al-8-de-abril-de-2022-noticias-de-jazz\/","url_meta":{"origin":60549,"position":0},"title":"32\u00e8 Jazz Granollers Festival (4 de febrero al 8 de abril de 2022) [Noticias de jazz]","author":"Tomajazz","date":"1 febrero, 2022","format":false,"excerpt":"Entre el 4 de febrero y el 8 de abril de 2022 tendr\u00e1 lugar la 32\u00aa Edici\u00f3n del Jazz Granollers Festival.","rel":"","context":"En \u00abNoticias\u00bb","block_context":{"text":"Noticias","link":"https:\/\/tomajazz.com\/web\/category\/contenidos\/noticias-2\/"},"img":{"alt_text":"32\u00e8 Jazz Granollers Festival 2022","src":"https:\/\/i0.wp.com\/tomajazz.com\/web\/wp-content\/uploads\/2022\/01\/32e-Jazz-Granollers-Festival-2022.png?resize=350%2C200&ssl=1","width":350,"height":200,"srcset":"https:\/\/i0.wp.com\/tomajazz.com\/web\/wp-content\/uploads\/2022\/01\/32e-Jazz-Granollers-Festival-2022.png?resize=350%2C200&ssl=1 1x, https:\/\/i0.wp.com\/tomajazz.com\/web\/wp-content\/uploads\/2022\/01\/32e-Jazz-Granollers-Festival-2022.png?resize=525%2C300&ssl=1 1.5x, https:\/\/i0.wp.com\/tomajazz.com\/web\/wp-content\/uploads\/2022\/01\/32e-Jazz-Granollers-Festival-2022.png?resize=700%2C400&ssl=1 2x, https:\/\/i0.wp.com\/tomajazz.com\/web\/wp-content\/uploads\/2022\/01\/32e-Jazz-Granollers-Festival-2022.png?resize=1050%2C600&ssl=1 3x"},"classes":[]},{"id":63878,"url":"https:\/\/tomajazz.com\/web\/edurne-arizu-jazzgranollers-ensemble-32e-jazz-granollers-festival-casino-de-granollers-club-de-ritme-granollers-barcelona-2022-04-08-por-joan-cortes-instantzz-aka-galeria-fotografica-aka-fot\/","url_meta":{"origin":60549,"position":1},"title":"Edurne Arizu + JazzGranollers Ensemble (32\u00e8 Jazz Granollers Festival, Casino de Granollers-Club de Ritme, Granollers -Barcelona-. 2022-04-08) Por Joan Cort\u00e8s [INSTANTZZ AKA Galer\u00eda fotogr\u00e1fica AKA Fotoblog de jazz, impro\u2026 y algo m\u00e1s]","author":"Tomajazz","date":"2 junio, 2022","format":false,"excerpt":"Edurne Arizu junto con el JazzGranollers Ensemble son los protagonistas de INSTANTZZ. Joan Cort\u00e8s fue el autor de la galer\u00eda fotogr\u00e1fica.","rel":"","context":"En \u00abINSTANTZZ\u00bb","block_context":{"text":"INSTANTZZ","link":"https:\/\/tomajazz.com\/web\/category\/contenidos\/imagenes\/photoblogs\/instantzz\/"},"img":{"alt_text":"Edurne Arizu + JazzGranollers Ensemble (32\u00e8 Jazz Granollers Festival, Casino de Granollers-Club de Ritme, Granollers -Barcelona-. 2022-04-08) Por Joan Cort\u00e8s [INSTANTZZ AKA Galer\u00eda fotogr\u00e1fica AKA Fotoblog de jazz, impro\u2026 y algo m\u00e1s]","src":"https:\/\/i0.wp.com\/tomajazz.com\/web\/wp-content\/uploads\/2022\/06\/01_drn-rz-JzzGrnllrs-nsmbl-Joan-Cortes_08abr22_32FLG_CGCR_Grnllrs.jpg?resize=350%2C200&ssl=1","width":350,"height":200,"srcset":"https:\/\/i0.wp.com\/tomajazz.com\/web\/wp-content\/uploads\/2022\/06\/01_drn-rz-JzzGrnllrs-nsmbl-Joan-Cortes_08abr22_32FLG_CGCR_Grnllrs.jpg?resize=350%2C200&ssl=1 1x, https:\/\/i0.wp.com\/tomajazz.com\/web\/wp-content\/uploads\/2022\/06\/01_drn-rz-JzzGrnllrs-nsmbl-Joan-Cortes_08abr22_32FLG_CGCR_Grnllrs.jpg?resize=525%2C300&ssl=1 1.5x"},"classes":[]},{"id":73942,"url":"https:\/\/tomajazz.com\/web\/alba-careta-jazzgranollers-ensemble-2023\/","url_meta":{"origin":60549,"position":2},"title":"Alba Careta &#038; JazzGranollers Ensemble \u201cTeia\u201d (34\u00e8 Jazz Granollers Festival \/ Casino de Granollers-Club de Ritme, 2023-03-31. Granollers -Barcelona-) [III] Por Joan Cort\u00e8s [INSTANTZZ AKA Galer\u00eda fotogr\u00e1fica AKA Fotoblog de jazz, impro\u2026 y algo m\u00e1s]","author":"Tomajazz","date":"16 mayo, 2023","format":false,"excerpt":"Alba Careta actu\u00f3 con el JazzGranollers Ensemble presentando \u201cTeia\u201d en el 34\u00e8 Jazz Granollers Festival, el 31 de marzo de 2023. Joan Cort\u00e8s retrata la actuaci\u00f3n en INSTANTZZ.","rel":"","context":"En \u00abEspecial 34\u00e8 Jazz Granollers Festival 2023\u00bb","block_context":{"text":"Especial 34\u00e8 Jazz Granollers Festival 2023","link":"https:\/\/tomajazz.com\/web\/category\/contenidos\/especial-contenidos\/especial-34e-jazz-granollers-festival-2023\/"},"img":{"alt_text":"Alba Careta & JazzGranollers Ensemble \u201cTeia\u201d (34\u00e8 Jazz Granollers Festival \/ Casino de Granollers-Club de Ritme, 2023-03-31. Granollers -Barcelona-) [III] Por Joan Cort\u00e8s [INSTANTZZ AKA Galer\u00eda fotogr\u00e1fica AKA Fotoblog de jazz, impro\u2026 y algo m\u00e1s] - Tomajazz 9.0 - Alba Careta actu\u00f3 con el JazzGranollers Ensemble presentando \u201cTeia\u201d en el 34\u00e8 Jazz Granollers Festival, el 31 de marzo de 2023. Joan Cort\u00e8s retrata la actuaci\u00f3n en INSTANTZZ.","src":"https:\/\/i0.wp.com\/tomajazz.com\/web\/wp-content\/uploads\/2023\/05\/08-lb-Crt-Jzz-Grnllrs-nsmbl-%C2%A9Joan-Cortes-31mrc23-33JGF-Grnllrs-Alba-Careta-JazzGranollers-Ensemble-Teia-2023-03-31-Granollers.jpg?resize=350%2C200&ssl=1","width":350,"height":200,"srcset":"https:\/\/i0.wp.com\/tomajazz.com\/web\/wp-content\/uploads\/2023\/05\/08-lb-Crt-Jzz-Grnllrs-nsmbl-%C2%A9Joan-Cortes-31mrc23-33JGF-Grnllrs-Alba-Careta-JazzGranollers-Ensemble-Teia-2023-03-31-Granollers.jpg?resize=350%2C200&ssl=1 1x, https:\/\/i0.wp.com\/tomajazz.com\/web\/wp-content\/uploads\/2023\/05\/08-lb-Crt-Jzz-Grnllrs-nsmbl-%C2%A9Joan-Cortes-31mrc23-33JGF-Grnllrs-Alba-Careta-JazzGranollers-Ensemble-Teia-2023-03-31-Granollers.jpg?resize=525%2C300&ssl=1 1.5x"},"classes":[]},{"id":85968,"url":"https:\/\/tomajazz.com\/web\/joan-diaz-jazzgranollers-ensemble-2024\/","url_meta":{"origin":60549,"position":3},"title":"Joan D\u00edaz &#038; JazzGranollers Ensemble \u201cLo c\u00e1rdeno sobre lo rojo\u201d (34\u00e8 Jazz Granollers Festival, Casino de Granollers-Club de Ritme, 2024-03-22. Granollers -Barcelona-) [5] Por Joan Cort\u00e8s [INSTANTZZ AKA Galer\u00eda fotogr\u00e1fica AKA Fotoblog de jazz, impro\u2026 y algo m\u00e1s]","author":"Tomajazz","date":"27 abril, 2024","format":false,"excerpt":"Joan D\u00edaz & JazzGranollers Ensemble presentaron \u201cLo c\u00e1rdeno sobre lo rojo\u201d en el 34\u00e8 Jazz Granollers Festival, el 22 de marzo de 2024. Joan Cort\u00e8s los retrata en INSTANTZZ. Actuaron Joan Sanmart\u00ed, Joan D\u00edaz, Maria Escudero, Lluna Arag\u00f3n, Jaime del Blanco, Irene Arg\u00fcello, Sandrine Robilliard, Pablo Selnik, Carla Aguilar, Gabriel\u2026","rel":"","context":"En \u00ab34\u00e8 Jazz Granollers Festival 2024\u00bb","block_context":{"text":"34\u00e8 Jazz Granollers Festival 2024","link":"https:\/\/tomajazz.com\/web\/category\/contenidos\/especial-contenidos\/34e-jazz-granollers-festival-2024\/"},"img":{"alt_text":"Joan D\u00edaz & JazzGranollers Ensemble \u201cLo c\u00e1rdeno sobre lo rojo\u201d (34\u00e8 Jazz Granollers Festival, Casino de Granollers-Club de Ritme, 2024-03-22. Granollers -Barcelona-) [5] Por Joan Cort\u00e8s [INSTANTZZ AKA Galer\u00eda fotogr\u00e1fica AKA Fotoblog de jazz, impro\u2026 y algo m\u00e1s] - Tomajazz - Joan D\u00edaz & JazzGranollers Ensemble presentaron \u201cLo c\u00e1rdeno sobre lo rojo\u201d en el 34\u00e8 Jazz Granollers Festival, el 22 de marzo de 2024. Joan Cort\u00e8s los retrata en INSTANTZZ. Actuaron Joan Sanmart\u00ed, Joan D\u00edaz, Maria Escudero, Lluna Arag\u00f3n, Jaime del Blanco, Irene Arg\u00fcello, Sandrine Robilliard, Pablo Selnik, Carla Aguilar, Gabriel Amargant, Pau Dom\u00e8nech, Marc Cuevas, Joan Vidal","src":"https:\/\/i0.wp.com\/tomajazz.com\/web\/wp-content\/uploads\/2024\/04\/destacada-Joan-Diaz-JazzGranollers-Ensemble-34e-Jazz-Granollers-Festival-2024-Tomajazz-Photo-by-Joan-Cortes-2024-005-copia.jpg?resize=350%2C200&ssl=1","width":350,"height":200,"srcset":"https:\/\/i0.wp.com\/tomajazz.com\/web\/wp-content\/uploads\/2024\/04\/destacada-Joan-Diaz-JazzGranollers-Ensemble-34e-Jazz-Granollers-Festival-2024-Tomajazz-Photo-by-Joan-Cortes-2024-005-copia.jpg?resize=350%2C200&ssl=1 1x, https:\/\/i0.wp.com\/tomajazz.com\/web\/wp-content\/uploads\/2024\/04\/destacada-Joan-Diaz-JazzGranollers-Ensemble-34e-Jazz-Granollers-Festival-2024-Tomajazz-Photo-by-Joan-Cortes-2024-005-copia.jpg?resize=525%2C300&ssl=1 1.5x"},"classes":[]},{"id":36243,"url":"https:\/\/tomajazz.com\/web\/instantzz-lluis-vidal-jazzgranollers-ensemble-cronica-dun-any-28e-jazz-granollers-festival-2018-02-23-galeria-fotografica\/","url_meta":{"origin":60549,"position":4},"title":"INSTANTZZ: Llu\u00eds Vidal &#038; JazzGranollers Ensemble \u201cCr\u00f2nica d\u2019un any\u201d (28\u00e8 Jazz Granollers Festival.  2018-02-23) [Galer\u00eda fotogr\u00e1fica]","author":"Tomajazz","date":"23 abril, 2018","format":false,"excerpt":"Fecha: Viernes, 23 de febrero de 2018 Lugar: Casino de Granollers - Club de Ritme (Granollers -Barcelona-) Grupo: Llu\u00eds Vidal & JazzGranollers Ensemble \u201cCr\u00f2nica d\u2019un any\u201d Llu\u00eds Vidal, piano, composiciones y direcci\u00f3n Joan Sanmart\u00ed, guitarra, composici\u00f3n, arreglos y direcci\u00f3n Carme Canela, voz Pablo Selnik, flauta Apel\u00b7les Carod, viol\u00edn Pablo Mainetti,\u2026","rel":"","context":"En \u00ab*_Joan Cort\u00e8s\u00bb","block_context":{"text":"*_Joan Cort\u00e8s","link":"https:\/\/tomajazz.com\/web\/category\/joan-cortes\/"},"img":{"alt_text":"","src":"https:\/\/i0.wp.com\/tomajazz.com\/web\/wp-content\/uploads\/2018\/04\/03_LlsVdl-JzzGrnllrs-nsmbl-%C2%A9Joan-Cort%C3%A8s_23fbr18_28JGF_Csn-Clb-Rtm_Grnllrs.jpg?resize=350%2C200&ssl=1","width":350,"height":200,"srcset":"https:\/\/i0.wp.com\/tomajazz.com\/web\/wp-content\/uploads\/2018\/04\/03_LlsVdl-JzzGrnllrs-nsmbl-%C2%A9Joan-Cort%C3%A8s_23fbr18_28JGF_Csn-Clb-Rtm_Grnllrs.jpg?resize=350%2C200&ssl=1 1x, https:\/\/i0.wp.com\/tomajazz.com\/web\/wp-content\/uploads\/2018\/04\/03_LlsVdl-JzzGrnllrs-nsmbl-%C2%A9Joan-Cort%C3%A8s_23fbr18_28JGF_Csn-Clb-Rtm_Grnllrs.jpg?resize=525%2C300&ssl=1 1.5x"},"classes":[]},{"id":50613,"url":"https:\/\/tomajazz.com\/web\/instantzz-marco-mezquida-jazzgranollers-ensemble-30e-jazz-granollers-festival-casino-de-granollers-club-de-ritme-granollers-barcelona-2020-03-06-galeria-fotografica\/","url_meta":{"origin":60549,"position":5},"title":"INSTANTZZ: Marco Mezquida &#038; JazzGranollers Ensemble (30\u00e8 Jazz Granollers Festival \/ Casino de Granollers Club de Ritme, Granollers -Barcelona-.  2020-03-06) [Galer\u00eda fotogr\u00e1fica]","author":"Tomajazz","date":"19 mayo, 2020","format":false,"excerpt":"Marco Mezquida & JazzGranollers Ensemble son los protagonistas del INSTANTZZ de Joan Cort\u00e8s. La galer\u00eda fotogr\u00e1fica se tom\u00f3 en 30\u00e8 Jazz Granollers Festival el pasado 6 de marzo.","rel":"","context":"En \u00abFotoblog - Galer\u00eda fotogr\u00e1fica\u00bb","block_context":{"text":"Fotoblog - Galer\u00eda fotogr\u00e1fica","link":"https:\/\/tomajazz.com\/web\/category\/contenidos\/imagenes\/photoblogs\/"},"img":{"alt_text":"","src":"https:\/\/i0.wp.com\/tomajazz.com\/web\/wp-content\/uploads\/2020\/05\/12_MrcMzqd-JzzGrnllrs-nsmbl-Joan-Cort%C3%A8s_06mr%C3%A720_CGCR_30JFG_Grnllrs.jpg?resize=350%2C200&ssl=1","width":350,"height":200,"srcset":"https:\/\/i0.wp.com\/tomajazz.com\/web\/wp-content\/uploads\/2020\/05\/12_MrcMzqd-JzzGrnllrs-nsmbl-Joan-Cort%C3%A8s_06mr%C3%A720_CGCR_30JFG_Grnllrs.jpg?resize=350%2C200&ssl=1 1x, https:\/\/i0.wp.com\/tomajazz.com\/web\/wp-content\/uploads\/2020\/05\/12_MrcMzqd-JzzGrnllrs-nsmbl-Joan-Cort%C3%A8s_06mr%C3%A720_CGCR_30JFG_Grnllrs.jpg?resize=525%2C300&ssl=1 1.5x"},"classes":[]}],"_links":{"self":[{"href":"https:\/\/tomajazz.com\/web\/wp-json\/wp\/v2\/posts\/60549","targetHints":{"allow":["GET"]}}],"collection":[{"href":"https:\/\/tomajazz.com\/web\/wp-json\/wp\/v2\/posts"}],"about":[{"href":"https:\/\/tomajazz.com\/web\/wp-json\/wp\/v2\/types\/post"}],"author":[{"embeddable":true,"href":"https:\/\/tomajazz.com\/web\/wp-json\/wp\/v2\/users\/1"}],"replies":[{"embeddable":true,"href":"https:\/\/tomajazz.com\/web\/wp-json\/wp\/v2\/comments?post=60549"}],"version-history":[{"count":8,"href":"https:\/\/tomajazz.com\/web\/wp-json\/wp\/v2\/posts\/60549\/revisions"}],"predecessor-version":[{"id":60645,"href":"https:\/\/tomajazz.com\/web\/wp-json\/wp\/v2\/posts\/60549\/revisions\/60645"}],"wp:featuredmedia":[{"embeddable":true,"href":"https:\/\/tomajazz.com\/web\/wp-json\/wp\/v2\/media\/60556"}],"wp:attachment":[{"href":"https:\/\/tomajazz.com\/web\/wp-json\/wp\/v2\/media?parent=60549"}],"wp:term":[{"taxonomy":"category","embeddable":true,"href":"https:\/\/tomajazz.com\/web\/wp-json\/wp\/v2\/categories?post=60549"},{"taxonomy":"post_tag","embeddable":true,"href":"https:\/\/tomajazz.com\/web\/wp-json\/wp\/v2\/tags?post=60549"}],"curies":[{"name":"wp","href":"https:\/\/api.w.org\/{rel}","templated":true}]}}