{"id":61188,"date":"2022-02-17T12:00:05","date_gmt":"2022-02-17T11:00:05","guid":{"rendered":"https:\/\/www.tomajazz.com\/web\/?p=61188"},"modified":"2022-02-16T22:48:20","modified_gmt":"2022-02-16T21:48:20","slug":"mary-halvorsons-code-girl-53e-festival-de-jazz-de-barcelona-lauditori-de-barcelona-sala-02-oriol-martorell-barcelona-2021-11-20-ix-xiii-por-joan-cortes-instantzz-aka-galeri","status":"publish","type":"post","link":"https:\/\/tomajazz.com\/web\/mary-halvorsons-code-girl-53e-festival-de-jazz-de-barcelona-lauditori-de-barcelona-sala-02-oriol-martorell-barcelona-2021-11-20-ix-xiii-por-joan-cortes-instantzz-aka-galeri\/","title":{"rendered":"Mary Halvorson&#8217;s Code Girl (53\u00e8 Festival de Jazz de Barcelona \/ L\u2019Auditori de Barcelona, Sala 02-Oriol Martorell, Barcelona. 2021-11-20) (IX\/XIII) Por Joan Cort\u00e8s [INSTANTZZ AKA Galer\u00eda fotogr\u00e1fica AKA Fotoblog de jazz, impro\u2026 y algo m\u00e1s]"},"content":{"rendered":"<h4><strong><a href=\"https:\/\/www.jazz.barcelona\/es\/festival\" target=\"_blank\" rel=\"noopener\">53\u00e8 Festival de Jazz de Barcelona<\/a><\/strong><\/h4>\n<ul>\n<li>Fecha: s\u00e1bado, 20 de noviembre de 2021<\/li>\n<li>Lugar: L\u2019Auditori de Barcelona, Sala 02-Oriol Martorell (Barcelona)<\/li>\n<li>Grupo:<br \/>\n<strong>Mary Halvorson\u00b4s Code Girl<br \/>\n<\/strong>Mary Halvorson, guitarra y composici\u00f3n<br \/>\nAmirtha Kidambi, voz<br \/>\nBrian Settles, saxo tenor<br \/>\nAdam O\u2019Farill, trompeta<br \/>\nMichael Formanek, contrabajo<br \/>\nTomas Fujiwara, bater\u00eda<\/li>\n<\/ul>\n<p style=\"text-align: center;\"><img loading=\"lazy\" decoding=\"async\" class=\"aligncenter size-full wp-image-61189\" src=\"https:\/\/tomajazz.com\/web\/wp-content\/uploads\/2022\/02\/01_Mry-Hlvrsn-Cd-Grl-Joan-Cortes_20nov2021_53FJBcn_Ldtr-S2OM.jpg\" alt=\"\" width=\"600\" height=\"399\" title=\"\" srcset=\"https:\/\/tomajazz.com\/web\/wp-content\/uploads\/2022\/02\/01_Mry-Hlvrsn-Cd-Grl-Joan-Cortes_20nov2021_53FJBcn_Ldtr-S2OM.jpg 600w, https:\/\/tomajazz.com\/web\/wp-content\/uploads\/2022\/02\/01_Mry-Hlvrsn-Cd-Grl-Joan-Cortes_20nov2021_53FJBcn_Ldtr-S2OM-200x133.jpg 200w, https:\/\/tomajazz.com\/web\/wp-content\/uploads\/2022\/02\/01_Mry-Hlvrsn-Cd-Grl-Joan-Cortes_20nov2021_53FJBcn_Ldtr-S2OM-465x309.jpg 465w\" sizes=\"auto, (max-width: 600px) 100vw, 600px\" \/> <img loading=\"lazy\" decoding=\"async\" class=\"aligncenter size-full wp-image-61190\" src=\"https:\/\/tomajazz.com\/web\/wp-content\/uploads\/2022\/02\/02_Mry-Hlvrsn-Cd-Grl-Joan-Cortes_20nov2021_53FJBcn_Ldtr-S2OM.jpg\" alt=\"\" width=\"399\" height=\"600\" title=\"\" srcset=\"https:\/\/tomajazz.com\/web\/wp-content\/uploads\/2022\/02\/02_Mry-Hlvrsn-Cd-Grl-Joan-Cortes_20nov2021_53FJBcn_Ldtr-S2OM.jpg 399w, https:\/\/tomajazz.com\/web\/wp-content\/uploads\/2022\/02\/02_Mry-Hlvrsn-Cd-Grl-Joan-Cortes_20nov2021_53FJBcn_Ldtr-S2OM-133x200.jpg 133w, https:\/\/tomajazz.com\/web\/wp-content\/uploads\/2022\/02\/02_Mry-Hlvrsn-Cd-Grl-Joan-Cortes_20nov2021_53FJBcn_Ldtr-S2OM-366x550.jpg 366w, https:\/\/tomajazz.com\/web\/wp-content\/uploads\/2022\/02\/02_Mry-Hlvrsn-Cd-Grl-Joan-Cortes_20nov2021_53FJBcn_Ldtr-S2OM-333x500.jpg 333w\" sizes=\"auto, (max-width: 399px) 100vw, 399px\" \/> <img loading=\"lazy\" decoding=\"async\" class=\"aligncenter size-full wp-image-61191\" src=\"https:\/\/tomajazz.com\/web\/wp-content\/uploads\/2022\/02\/03_Mry-Hlvrsn-Cd-Grl-Joan-Cortes_20nov2021_53FJBcn_Ldtr-S2OM.jpg\" alt=\"\" width=\"399\" height=\"600\" title=\"\" srcset=\"https:\/\/tomajazz.com\/web\/wp-content\/uploads\/2022\/02\/03_Mry-Hlvrsn-Cd-Grl-Joan-Cortes_20nov2021_53FJBcn_Ldtr-S2OM.jpg 399w, https:\/\/tomajazz.com\/web\/wp-content\/uploads\/2022\/02\/03_Mry-Hlvrsn-Cd-Grl-Joan-Cortes_20nov2021_53FJBcn_Ldtr-S2OM-133x200.jpg 133w, https:\/\/tomajazz.com\/web\/wp-content\/uploads\/2022\/02\/03_Mry-Hlvrsn-Cd-Grl-Joan-Cortes_20nov2021_53FJBcn_Ldtr-S2OM-366x550.jpg 366w, https:\/\/tomajazz.com\/web\/wp-content\/uploads\/2022\/02\/03_Mry-Hlvrsn-Cd-Grl-Joan-Cortes_20nov2021_53FJBcn_Ldtr-S2OM-333x500.jpg 333w\" sizes=\"auto, (max-width: 399px) 100vw, 399px\" \/> <img loading=\"lazy\" decoding=\"async\" class=\"aligncenter size-full wp-image-61192\" src=\"https:\/\/tomajazz.com\/web\/wp-content\/uploads\/2022\/02\/04_Mry-Hlvrsn-Cd-Grl-Joan-Cortes_20nov2021_53FJBcn_Ldtr-S2OM.jpg\" alt=\"\" width=\"600\" height=\"399\" title=\"\" srcset=\"https:\/\/tomajazz.com\/web\/wp-content\/uploads\/2022\/02\/04_Mry-Hlvrsn-Cd-Grl-Joan-Cortes_20nov2021_53FJBcn_Ldtr-S2OM.jpg 600w, https:\/\/tomajazz.com\/web\/wp-content\/uploads\/2022\/02\/04_Mry-Hlvrsn-Cd-Grl-Joan-Cortes_20nov2021_53FJBcn_Ldtr-S2OM-200x133.jpg 200w, https:\/\/tomajazz.com\/web\/wp-content\/uploads\/2022\/02\/04_Mry-Hlvrsn-Cd-Grl-Joan-Cortes_20nov2021_53FJBcn_Ldtr-S2OM-465x309.jpg 465w\" sizes=\"auto, (max-width: 600px) 100vw, 600px\" \/> <img loading=\"lazy\" decoding=\"async\" class=\"aligncenter size-full wp-image-61193\" src=\"https:\/\/tomajazz.com\/web\/wp-content\/uploads\/2022\/02\/05_Mry-Hlvrsn-Cd-Grl-Joan-Cortes_20nov2021_53FJBcn_Ldtr-S2OM.jpg\" alt=\"\" width=\"399\" height=\"600\" title=\"\" srcset=\"https:\/\/tomajazz.com\/web\/wp-content\/uploads\/2022\/02\/05_Mry-Hlvrsn-Cd-Grl-Joan-Cortes_20nov2021_53FJBcn_Ldtr-S2OM.jpg 399w, https:\/\/tomajazz.com\/web\/wp-content\/uploads\/2022\/02\/05_Mry-Hlvrsn-Cd-Grl-Joan-Cortes_20nov2021_53FJBcn_Ldtr-S2OM-133x200.jpg 133w, https:\/\/tomajazz.com\/web\/wp-content\/uploads\/2022\/02\/05_Mry-Hlvrsn-Cd-Grl-Joan-Cortes_20nov2021_53FJBcn_Ldtr-S2OM-366x550.jpg 366w, https:\/\/tomajazz.com\/web\/wp-content\/uploads\/2022\/02\/05_Mry-Hlvrsn-Cd-Grl-Joan-Cortes_20nov2021_53FJBcn_Ldtr-S2OM-333x500.jpg 333w\" sizes=\"auto, (max-width: 399px) 100vw, 399px\" \/> <img loading=\"lazy\" decoding=\"async\" class=\"aligncenter size-full wp-image-61194\" src=\"https:\/\/tomajazz.com\/web\/wp-content\/uploads\/2022\/02\/06_Mry-Hlvrsn-Cd-Grl-Joan-Cortes_20nov2021_53FJBcn_Ldtr-S2OM.jpg\" alt=\"\" width=\"600\" height=\"399\" title=\"\" srcset=\"https:\/\/tomajazz.com\/web\/wp-content\/uploads\/2022\/02\/06_Mry-Hlvrsn-Cd-Grl-Joan-Cortes_20nov2021_53FJBcn_Ldtr-S2OM.jpg 600w, https:\/\/tomajazz.com\/web\/wp-content\/uploads\/2022\/02\/06_Mry-Hlvrsn-Cd-Grl-Joan-Cortes_20nov2021_53FJBcn_Ldtr-S2OM-200x133.jpg 200w, https:\/\/tomajazz.com\/web\/wp-content\/uploads\/2022\/02\/06_Mry-Hlvrsn-Cd-Grl-Joan-Cortes_20nov2021_53FJBcn_Ldtr-S2OM-465x309.jpg 465w\" sizes=\"auto, (max-width: 600px) 100vw, 600px\" \/> <img loading=\"lazy\" decoding=\"async\" class=\"aligncenter size-full wp-image-61195\" src=\"https:\/\/tomajazz.com\/web\/wp-content\/uploads\/2022\/02\/07_Mry-Hlvrsn-Cd-Grl-Joan-Cortes_20nov2021_53FJBcn_Ldtr-S2OM.jpg\" alt=\"\" width=\"600\" height=\"399\" title=\"\" srcset=\"https:\/\/tomajazz.com\/web\/wp-content\/uploads\/2022\/02\/07_Mry-Hlvrsn-Cd-Grl-Joan-Cortes_20nov2021_53FJBcn_Ldtr-S2OM.jpg 600w, https:\/\/tomajazz.com\/web\/wp-content\/uploads\/2022\/02\/07_Mry-Hlvrsn-Cd-Grl-Joan-Cortes_20nov2021_53FJBcn_Ldtr-S2OM-200x133.jpg 200w, https:\/\/tomajazz.com\/web\/wp-content\/uploads\/2022\/02\/07_Mry-Hlvrsn-Cd-Grl-Joan-Cortes_20nov2021_53FJBcn_Ldtr-S2OM-465x309.jpg 465w\" sizes=\"auto, (max-width: 600px) 100vw, 600px\" \/> <img loading=\"lazy\" decoding=\"async\" class=\"aligncenter size-full wp-image-61196\" src=\"https:\/\/tomajazz.com\/web\/wp-content\/uploads\/2022\/02\/08_Mry-Hlvrsn-Cd-Grl-Joan-Cortes_20nov2021_53FJBcn_Ldtr-S2OM.jpg\" alt=\"\" width=\"600\" height=\"399\" title=\"\" srcset=\"https:\/\/tomajazz.com\/web\/wp-content\/uploads\/2022\/02\/08_Mry-Hlvrsn-Cd-Grl-Joan-Cortes_20nov2021_53FJBcn_Ldtr-S2OM.jpg 600w, https:\/\/tomajazz.com\/web\/wp-content\/uploads\/2022\/02\/08_Mry-Hlvrsn-Cd-Grl-Joan-Cortes_20nov2021_53FJBcn_Ldtr-S2OM-200x133.jpg 200w, https:\/\/tomajazz.com\/web\/wp-content\/uploads\/2022\/02\/08_Mry-Hlvrsn-Cd-Grl-Joan-Cortes_20nov2021_53FJBcn_Ldtr-S2OM-465x309.jpg 465w\" sizes=\"auto, (max-width: 600px) 100vw, 600px\" \/> <img loading=\"lazy\" decoding=\"async\" class=\"aligncenter size-full wp-image-61197\" src=\"https:\/\/tomajazz.com\/web\/wp-content\/uploads\/2022\/02\/09_Mry-Hlvrsn-Cd-Grl-Joan-Cortes_20nov2021_53FJBcn_Ldtr-S2OM.jpg\" alt=\"\" width=\"600\" height=\"399\" title=\"\" srcset=\"https:\/\/tomajazz.com\/web\/wp-content\/uploads\/2022\/02\/09_Mry-Hlvrsn-Cd-Grl-Joan-Cortes_20nov2021_53FJBcn_Ldtr-S2OM.jpg 600w, https:\/\/tomajazz.com\/web\/wp-content\/uploads\/2022\/02\/09_Mry-Hlvrsn-Cd-Grl-Joan-Cortes_20nov2021_53FJBcn_Ldtr-S2OM-200x133.jpg 200w, https:\/\/tomajazz.com\/web\/wp-content\/uploads\/2022\/02\/09_Mry-Hlvrsn-Cd-Grl-Joan-Cortes_20nov2021_53FJBcn_Ldtr-S2OM-465x309.jpg 465w\" sizes=\"auto, (max-width: 600px) 100vw, 600px\" \/> <img loading=\"lazy\" decoding=\"async\" class=\"aligncenter size-full wp-image-61198\" src=\"https:\/\/tomajazz.com\/web\/wp-content\/uploads\/2022\/02\/10_Mry-Hlvrsn-Cd-Grl-Joan-Cortes_20nov2021_53FJBcn_Ldtr-S2OM.jpg\" alt=\"\" width=\"399\" height=\"600\" title=\"\" srcset=\"https:\/\/tomajazz.com\/web\/wp-content\/uploads\/2022\/02\/10_Mry-Hlvrsn-Cd-Grl-Joan-Cortes_20nov2021_53FJBcn_Ldtr-S2OM.jpg 399w, https:\/\/tomajazz.com\/web\/wp-content\/uploads\/2022\/02\/10_Mry-Hlvrsn-Cd-Grl-Joan-Cortes_20nov2021_53FJBcn_Ldtr-S2OM-133x200.jpg 133w, https:\/\/tomajazz.com\/web\/wp-content\/uploads\/2022\/02\/10_Mry-Hlvrsn-Cd-Grl-Joan-Cortes_20nov2021_53FJBcn_Ldtr-S2OM-366x550.jpg 366w, https:\/\/tomajazz.com\/web\/wp-content\/uploads\/2022\/02\/10_Mry-Hlvrsn-Cd-Grl-Joan-Cortes_20nov2021_53FJBcn_Ldtr-S2OM-333x500.jpg 333w\" sizes=\"auto, (max-width: 399px) 100vw, 399px\" \/> <img loading=\"lazy\" decoding=\"async\" class=\"aligncenter size-full wp-image-61199\" src=\"https:\/\/tomajazz.com\/web\/wp-content\/uploads\/2022\/02\/11_Mry-Hlvrsn-Cd-Grl-Joan-Cortes_20nov2021_53FJBcn_Ldtr-S2OM.jpg\" alt=\"\" width=\"399\" height=\"600\" title=\"\" srcset=\"https:\/\/tomajazz.com\/web\/wp-content\/uploads\/2022\/02\/11_Mry-Hlvrsn-Cd-Grl-Joan-Cortes_20nov2021_53FJBcn_Ldtr-S2OM.jpg 399w, https:\/\/tomajazz.com\/web\/wp-content\/uploads\/2022\/02\/11_Mry-Hlvrsn-Cd-Grl-Joan-Cortes_20nov2021_53FJBcn_Ldtr-S2OM-133x200.jpg 133w, https:\/\/tomajazz.com\/web\/wp-content\/uploads\/2022\/02\/11_Mry-Hlvrsn-Cd-Grl-Joan-Cortes_20nov2021_53FJBcn_Ldtr-S2OM-366x550.jpg 366w, https:\/\/tomajazz.com\/web\/wp-content\/uploads\/2022\/02\/11_Mry-Hlvrsn-Cd-Grl-Joan-Cortes_20nov2021_53FJBcn_Ldtr-S2OM-333x500.jpg 333w\" sizes=\"auto, (max-width: 399px) 100vw, 399px\" \/> <img loading=\"lazy\" decoding=\"async\" class=\"aligncenter size-full wp-image-61200\" src=\"https:\/\/tomajazz.com\/web\/wp-content\/uploads\/2022\/02\/12_Mry-Hlvrsn-Cd-Grl-Joan-Cortes_20nov2021_53FJBcn_Ldtr-S2OM.jpg\" alt=\"\" width=\"399\" height=\"600\" title=\"\" srcset=\"https:\/\/tomajazz.com\/web\/wp-content\/uploads\/2022\/02\/12_Mry-Hlvrsn-Cd-Grl-Joan-Cortes_20nov2021_53FJBcn_Ldtr-S2OM.jpg 399w, https:\/\/tomajazz.com\/web\/wp-content\/uploads\/2022\/02\/12_Mry-Hlvrsn-Cd-Grl-Joan-Cortes_20nov2021_53FJBcn_Ldtr-S2OM-133x200.jpg 133w, https:\/\/tomajazz.com\/web\/wp-content\/uploads\/2022\/02\/12_Mry-Hlvrsn-Cd-Grl-Joan-Cortes_20nov2021_53FJBcn_Ldtr-S2OM-366x550.jpg 366w, https:\/\/tomajazz.com\/web\/wp-content\/uploads\/2022\/02\/12_Mry-Hlvrsn-Cd-Grl-Joan-Cortes_20nov2021_53FJBcn_Ldtr-S2OM-333x500.jpg 333w\" sizes=\"auto, (max-width: 399px) 100vw, 399px\" \/><\/p>\n<p style=\"text-align: right;\">Tomajazz: \u00a9 <a href=\"https:\/\/www.facebook.com\/joan.cortesbenages\" target=\"_blank\" rel=\"noopener\"><strong>Joan Cort\u00e8s<\/strong><\/a>, 2022<\/p>\n<h4><strong>53\u00e8 Festival de Jazz de Barcelona<\/strong> en Tomajazz<\/h4>\n<p><a href=\"https:\/\/tomajazz.com\/web\/?tag=53e-festival-de-jazz-de-barcelona\" target=\"_blank\" rel=\"noopener\">https:\/\/tomajazz.com\/web\/?tag=53e-festival-de-jazz-de-barcelona<\/a><\/p>\n<blockquote class=\"wp-embedded-content\" data-secret=\"fzsHKtLYD5\"><p><a href=\"https:\/\/tomajazz.com\/web\/orquestra-simfonica-de-barcelona-i-nacional-de-catalunya-obc-tres-amores-oscuros-denric-palomar-estreno-53e-festival-de-jazz-de-barcelona-lauditori-de-barcel\/\">Orquestra Simf\u00f2nica de Barcelona i Nacional de Catalunya (OBC) \u201cTres amores oscuros\u201d d\u2019Enric Palomar, estreno  (53\u00e8 Festival de Jazz de Barcelona \/ L\u2019Auditori de Barcelona, Sala 01-Pau Casals, Barcelona. 2021-11-19) (VIII\/XIII) Por Joan Cort\u00e8s [INSTANTZZ AKA Galer\u00eda fotogr\u00e1fica AKA Fotoblog de jazz, impro\u2026 y algo m\u00e1s]<\/a><\/p><\/blockquote>\n<p><iframe loading=\"lazy\" class=\"wp-embedded-content\" sandbox=\"allow-scripts\" security=\"restricted\" style=\"position: absolute; visibility: hidden;\" title=\"\u00abOrquestra Simf\u00f2nica de Barcelona i Nacional de Catalunya (OBC) \u201cTres amores oscuros\u201d d\u2019Enric Palomar, estreno  (53\u00e8 Festival de Jazz de Barcelona \/ L\u2019Auditori de Barcelona, Sala 01-Pau Casals, Barcelona. 2021-11-19) (VIII\/XIII) Por Joan Cort\u00e8s [INSTANTZZ AKA Galer\u00eda fotogr\u00e1fica AKA Fotoblog de jazz, impro\u2026 y algo m\u00e1s]\u00bb \u2014 Tomajazz\" src=\"https:\/\/tomajazz.com\/web\/orquestra-simfonica-de-barcelona-i-nacional-de-catalunya-obc-tres-amores-oscuros-denric-palomar-estreno-53e-festival-de-jazz-de-barcelona-lauditori-de-barcel\/embed\/#?secret=uUFzrjJzeX#?secret=fzsHKtLYD5\" data-secret=\"fzsHKtLYD5\" width=\"600\" height=\"338\" frameborder=\"0\" marginwidth=\"0\" marginheight=\"0\" scrolling=\"no\"><\/iframe><\/p>\n<blockquote class=\"wp-embedded-content\" data-secret=\"wHw23MFXps\"><p><a href=\"https:\/\/tomajazz.com\/web\/gonzalo-del-val-trio-amb-benet-palet-53e-festival-de-jazz-de-barcelona-auditori-conservatori-del-liceu-barcelona-2021-11-18-vii-xiii-por-joan-cortes-instantzz-aka-galeria-fotografica-aka-foto\/\">Gonzalo del Val Trio amb Benet Palet (53\u00e8 Festival de Jazz de Barcelona \/ Auditori Conservatori del Liceu, Barcelona. 2021-11-18) (VII\/XIII) Por Joan Cort\u00e8s [INSTANTZZ AKA Galer\u00eda fotogr\u00e1fica AKA Fotoblog de jazz, impro\u2026 y algo m\u00e1s]<\/a><\/p><\/blockquote>\n<p><iframe loading=\"lazy\" class=\"wp-embedded-content\" sandbox=\"allow-scripts\" security=\"restricted\" style=\"position: absolute; visibility: hidden;\" title=\"\u00abGonzalo del Val Trio amb Benet Palet (53\u00e8 Festival de Jazz de Barcelona \/ Auditori Conservatori del Liceu, Barcelona. 2021-11-18) (VII\/XIII) Por Joan Cort\u00e8s [INSTANTZZ AKA Galer\u00eda fotogr\u00e1fica AKA Fotoblog de jazz, impro\u2026 y algo m\u00e1s]\u00bb \u2014 Tomajazz\" src=\"https:\/\/tomajazz.com\/web\/gonzalo-del-val-trio-amb-benet-palet-53e-festival-de-jazz-de-barcelona-auditori-conservatori-del-liceu-barcelona-2021-11-18-vii-xiii-por-joan-cortes-instantzz-aka-galeria-fotografica-aka-foto\/embed\/#?secret=sSRY549VHM#?secret=wHw23MFXps\" data-secret=\"wHw23MFXps\" width=\"600\" height=\"338\" frameborder=\"0\" marginwidth=\"0\" marginheight=\"0\" scrolling=\"no\"><\/iframe><\/p>\n<blockquote class=\"wp-embedded-content\" data-secret=\"8LuWcPauPZ\"><p><a href=\"https:\/\/tomajazz.com\/web\/ben-monder-trio-53e-festival-de-jazz-de-barcelona-conservatori-del-liceu-barcelona-2021-11-15-vi-xiii-por-joan-cortes-instantzz-aka-galeria-fotografica-aka-fotoblog-de-jazz-impro-y\/\">Ben Monder Trio (53\u00e8 Festival de Jazz de Barcelona \/ Conservatori del Liceu, Barcelona. 2021-11-15) (VI\/XIII) Por Joan Cort\u00e8s [INSTANTZZ AKA Galer\u00eda fotogr\u00e1fica AKA Fotoblog de jazz, impro\u2026 y algo m\u00e1s]<\/a><\/p><\/blockquote>\n<p><iframe loading=\"lazy\" class=\"wp-embedded-content\" sandbox=\"allow-scripts\" security=\"restricted\" style=\"position: absolute; visibility: hidden;\" title=\"\u00abBen Monder Trio (53\u00e8 Festival de Jazz de Barcelona \/ Conservatori del Liceu, Barcelona. 2021-11-15) (VI\/XIII) Por Joan Cort\u00e8s [INSTANTZZ AKA Galer\u00eda fotogr\u00e1fica AKA Fotoblog de jazz, impro\u2026 y algo m\u00e1s]\u00bb \u2014 Tomajazz\" src=\"https:\/\/tomajazz.com\/web\/ben-monder-trio-53e-festival-de-jazz-de-barcelona-conservatori-del-liceu-barcelona-2021-11-15-vi-xiii-por-joan-cortes-instantzz-aka-galeria-fotografica-aka-fotoblog-de-jazz-impro-y\/embed\/#?secret=2vCDtMieXC#?secret=8LuWcPauPZ\" data-secret=\"8LuWcPauPZ\" width=\"600\" height=\"338\" frameborder=\"0\" marginwidth=\"0\" marginheight=\"0\" scrolling=\"no\"><\/iframe><\/p>\n<blockquote class=\"wp-embedded-content\" data-secret=\"cVteuwwPvt\"><p><a href=\"https:\/\/tomajazz.com\/web\/instantzz-christian-sands-trio-53e-festival-de-jazz-de-barcelona-conservatori-del-liceu-barcelona-2021-11-09-v-xiii-galeria-fotografica-aka-fotoblog-de-jazz-impro-y-algo-mas-por-j\/\">INSTANTZZ: Christian Sands Trio (53\u00e8 Festival de Jazz de Barcelona \/ Conservatori del Liceu, Barcelona. 2021-11-09) (V\/XIII) [Galer\u00eda fotogr\u00e1fica AKA Fotoblog de jazz, impro\u2026 y algo m\u00e1s] Por Joan Cort\u00e8s<\/a><\/p><\/blockquote>\n<p><iframe loading=\"lazy\" class=\"wp-embedded-content\" sandbox=\"allow-scripts\" security=\"restricted\" style=\"position: absolute; visibility: hidden;\" title=\"\u00abINSTANTZZ: Christian Sands Trio (53\u00e8 Festival de Jazz de Barcelona \/ Conservatori del Liceu, Barcelona. 2021-11-09) (V\/XIII) [Galer\u00eda fotogr\u00e1fica AKA Fotoblog de jazz, impro\u2026 y algo m\u00e1s] Por Joan Cort\u00e8s\u00bb \u2014 Tomajazz\" src=\"https:\/\/tomajazz.com\/web\/instantzz-christian-sands-trio-53e-festival-de-jazz-de-barcelona-conservatori-del-liceu-barcelona-2021-11-09-v-xiii-galeria-fotografica-aka-fotoblog-de-jazz-impro-y-algo-mas-por-j\/embed\/#?secret=lUoXV1bbCG#?secret=cVteuwwPvt\" data-secret=\"cVteuwwPvt\" width=\"600\" height=\"338\" frameborder=\"0\" marginwidth=\"0\" marginheight=\"0\" scrolling=\"no\"><\/iframe><\/p>\n<blockquote class=\"wp-embedded-content\" data-secret=\"lHbvWHqdBB\"><p><a href=\"https:\/\/tomajazz.com\/web\/instantzz-vijay-iyer-trio-uneasy-53e-festival-de-jazz-de-barcelona-conservatori-del-liceu-barcelona-2021-11-08-iv-xiii-galeria-fotografica-aka-fotoblog-de-jazz-impro\/\">INSTANTZZ: Vijay Iyer Trio \u201cUneasy\u201d (53\u00e8 Festival de Jazz de Barcelona \/ Conservatori del Liceu, Barcelona. 2021-11-08) (IV\/XIII) [Galer\u00eda fotogr\u00e1fica AKA Fotoblog de jazz, impro\u2026 y algo m\u00e1s] Por Joan Cort\u00e8s<\/a><\/p><\/blockquote>\n<p><iframe loading=\"lazy\" class=\"wp-embedded-content\" sandbox=\"allow-scripts\" security=\"restricted\" style=\"position: absolute; visibility: hidden;\" title=\"\u00abINSTANTZZ: Vijay Iyer Trio \u201cUneasy\u201d (53\u00e8 Festival de Jazz de Barcelona \/ Conservatori del Liceu, Barcelona. 2021-11-08) (IV\/XIII) [Galer\u00eda fotogr\u00e1fica AKA Fotoblog de jazz, impro\u2026 y algo m\u00e1s] Por Joan Cort\u00e8s\u00bb \u2014 Tomajazz\" src=\"https:\/\/tomajazz.com\/web\/instantzz-vijay-iyer-trio-uneasy-53e-festival-de-jazz-de-barcelona-conservatori-del-liceu-barcelona-2021-11-08-iv-xiii-galeria-fotografica-aka-fotoblog-de-jazz-impro\/embed\/#?secret=1Py1oyxFOm#?secret=lHbvWHqdBB\" data-secret=\"lHbvWHqdBB\" width=\"600\" height=\"338\" frameborder=\"0\" marginwidth=\"0\" marginheight=\"0\" scrolling=\"no\"><\/iframe><\/p>\n<blockquote class=\"wp-embedded-content\" data-secret=\"uAO0rdojRx\"><p><a href=\"https:\/\/tomajazz.com\/web\/instantzz-rafael-riqueni-herencia-53e-festival-de-jazz-de-barcelona-conservatori-del-liceu-barcelona-2021-11-06-iii-xiii-flamencura-aka-galeria-fotografica-aka-fotoblog-de\/\">INSTANTZZ: Rafael Riqueni \u201cHerencia\u201d (53\u00e8 Festival de Jazz de Barcelona \/ Conservatori del Liceu, Barcelona. 2021-11-06) (III\/XIII) [Flamencura AKA Galer\u00eda fotogr\u00e1fica AKA Fotoblog de jazz, impro\u2026 y algo m\u00e1s] Por Joan Cort\u00e8s<\/a><\/p><\/blockquote>\n<p><iframe loading=\"lazy\" class=\"wp-embedded-content\" sandbox=\"allow-scripts\" security=\"restricted\" style=\"position: absolute; visibility: hidden;\" title=\"\u00abINSTANTZZ: Rafael Riqueni \u201cHerencia\u201d (53\u00e8 Festival de Jazz de Barcelona \/ Conservatori del Liceu, Barcelona. 2021-11-06) (III\/XIII) [Flamencura AKA Galer\u00eda fotogr\u00e1fica AKA Fotoblog de jazz, impro\u2026 y algo m\u00e1s] Por Joan Cort\u00e8s\u00bb \u2014 Tomajazz\" src=\"https:\/\/tomajazz.com\/web\/instantzz-rafael-riqueni-herencia-53e-festival-de-jazz-de-barcelona-conservatori-del-liceu-barcelona-2021-11-06-iii-xiii-flamencura-aka-galeria-fotografica-aka-fotoblog-de\/embed\/#?secret=DkxLLGQz2J#?secret=uAO0rdojRx\" data-secret=\"uAO0rdojRx\" width=\"600\" height=\"338\" frameborder=\"0\" marginwidth=\"0\" marginheight=\"0\" scrolling=\"no\"><\/iframe><\/p>\n<blockquote class=\"wp-embedded-content\" data-secret=\"ALRebLoFbB\"><p><a href=\"https:\/\/tomajazz.com\/web\/instantzz-the-trio-53e-festival-de-jazz-de-barcelona-conservatori-del-liceu-barcelona-2021-10-25-ii-xiii-galeria-fotografica-aka-fotoblog-de-jazz-impro-y-algo-mas-por-joan-cortes\/\">INSTANTZZ: The Trio (53\u00e8 Festival de Jazz de Barcelona \/ Conservatori del Liceu, Barcelona. 2021-10-25) (II\/XIII) [Galer\u00eda fotogr\u00e1fica AKA Fotoblog de jazz, impro\u2026 y algo m\u00e1s] Por Joan Cort\u00e8s<\/a><\/p><\/blockquote>\n<p><iframe loading=\"lazy\" class=\"wp-embedded-content\" sandbox=\"allow-scripts\" security=\"restricted\" style=\"position: absolute; visibility: hidden;\" title=\"\u00abINSTANTZZ: The Trio (53\u00e8 Festival de Jazz de Barcelona \/ Conservatori del Liceu, Barcelona. 2021-10-25) (II\/XIII) [Galer\u00eda fotogr\u00e1fica AKA Fotoblog de jazz, impro\u2026 y algo m\u00e1s] Por Joan Cort\u00e8s\u00bb \u2014 Tomajazz\" src=\"https:\/\/tomajazz.com\/web\/instantzz-the-trio-53e-festival-de-jazz-de-barcelona-conservatori-del-liceu-barcelona-2021-10-25-ii-xiii-galeria-fotografica-aka-fotoblog-de-jazz-impro-y-algo-mas-por-joan-cortes\/embed\/#?secret=7dC3dFhJPH#?secret=ALRebLoFbB\" data-secret=\"ALRebLoFbB\" width=\"600\" height=\"338\" frameborder=\"0\" marginwidth=\"0\" marginheight=\"0\" scrolling=\"no\"><\/iframe><\/p>\n<blockquote class=\"wp-embedded-content\" data-secret=\"ZB8dWxy6ya\"><p><a href=\"https:\/\/tomajazz.com\/web\/instantzz-chris-potter-trio-53e-festival-de-jazz-de-barcelona-conservatori-del-liceu-barcelona-2021-09-23-i-xiii\/\">INSTANTZZ: Chris Potter Trio (53\u00e8 Festival de Jazz de Barcelona \/ Conservatori del Liceu, Barcelona.  2021-09-23) (I\/XIII) [Galer\u00eda fotogr\u00e1fica AKA Fotoblog de jazz, impro\u2026 y algo m\u00e1s] Por Joan Cort\u00e8s<\/a><\/p><\/blockquote>\n<p><iframe loading=\"lazy\" class=\"wp-embedded-content\" sandbox=\"allow-scripts\" security=\"restricted\" style=\"position: absolute; visibility: hidden;\" title=\"\u00abINSTANTZZ: Chris Potter Trio (53\u00e8 Festival de Jazz de Barcelona \/ Conservatori del Liceu, Barcelona.  2021-09-23) (I\/XIII) [Galer\u00eda fotogr\u00e1fica AKA Fotoblog de jazz, impro\u2026 y algo m\u00e1s] Por Joan Cort\u00e8s\u00bb \u2014 Tomajazz\" src=\"https:\/\/tomajazz.com\/web\/instantzz-chris-potter-trio-53e-festival-de-jazz-de-barcelona-conservatori-del-liceu-barcelona-2021-09-23-i-xiii\/embed\/#?secret=ZU8VKHVynp#?secret=ZB8dWxy6ya\" data-secret=\"ZB8dWxy6ya\" width=\"600\" height=\"338\" frameborder=\"0\" marginwidth=\"0\" marginheight=\"0\" scrolling=\"no\"><\/iframe><\/p>\n<h4>M\u00e1s informaci\u00f3n sobre Mary Halvorson&#8217;s Code Girl (y el resto de sus proyectos)<\/h4>\n<blockquote class=\"wp-embedded-content\" data-secret=\"cBpd9GjWWR\"><p><a href=\"https:\/\/tomajazz.com\/web\/mary-halvorsons-code-girl-53e-festival-de-jazz-de-barcelona-lauditori-sala-02-oriol-martorell-barcelona-2021-11-20-conciertos-de-jazz-por-joan-cortes\/\">Mary Halvorson\u2019s Code Girl (53\u00e8 Festival de Jazz de Barcelona \/ L\u2019Auditori, Sala 02-Oriol Martorell, Barcelona.  2021-11-20) [Conciertos de jazz] Por Joan Cort\u00e8s<\/a><\/p><\/blockquote>\n<p><iframe loading=\"lazy\" class=\"wp-embedded-content\" sandbox=\"allow-scripts\" security=\"restricted\" style=\"position: absolute; visibility: hidden;\" title=\"\u00abMary Halvorson\u2019s Code Girl (53\u00e8 Festival de Jazz de Barcelona \/ L\u2019Auditori, Sala 02-Oriol Martorell, Barcelona.  2021-11-20) [Conciertos de jazz] Por Joan Cort\u00e8s\u00bb \u2014 Tomajazz\" src=\"https:\/\/tomajazz.com\/web\/mary-halvorsons-code-girl-53e-festival-de-jazz-de-barcelona-lauditori-sala-02-oriol-martorell-barcelona-2021-11-20-conciertos-de-jazz-por-joan-cortes\/embed\/#?secret=Mty6VfgW9v#?secret=cBpd9GjWWR\" data-secret=\"cBpd9GjWWR\" width=\"600\" height=\"338\" frameborder=\"0\" marginwidth=\"0\" marginheight=\"0\" scrolling=\"no\"><\/iframe><\/p>\n<p><a href=\"http:\/\/www.maryhalvorson.com\/\" target=\"_blank\" rel=\"noopener\">http:\/\/www.maryhalvorson.com\/<\/a><br \/>\n<a href=\"https:\/\/tomajazz.com\/web\/?s=halvorson&amp;submit=Search\" target=\"_blank\" rel=\"noopener\">https:\/\/tomajazz.com\/web\/?s=halvorson&amp;submit=Search<\/a><\/p>\n<h4>Joan Cort\u00e8s en Tomajazz<\/h4>\n<p><a href=\"https:\/\/tomajazz.com\/web\/?cat=17853\" target=\"_blank\" rel=\"noopener\">https:\/\/tomajazz.com\/web\/?cat=17853<\/a><\/p>\n","protected":false},"excerpt":{"rendered":"<p>Mary Halvorson\u2019s Code Girl es el grupo protagonista del INSTANTZZ que se tom\u00f3 en el 53\u00e8 Festival de Jazz de Barcelona. <\/p>\n<p>Joan Cort\u00e8s es el autor de la galer\u00eda fotogr\u00e1fica.     <\/p>\n<p><span class=\"more-link\"><a href=\"https:\/\/tomajazz.com\/web\/mary-halvorsons-code-girl-53e-festival-de-jazz-de-barcelona-lauditori-de-barcelona-sala-02-oriol-martorell-barcelona-2021-11-20-ix-xiii-por-joan-cortes-instantzz-aka-galeri\/\">Contin\u00faa leyendo<\/a><\/span><\/p>\n","protected":false},"author":1,"featured_media":61192,"comment_status":"open","ping_status":"closed","sticky":false,"template":"","format":"standard","meta":{"jetpack_post_was_ever_published":false,"_jetpack_newsletter_access":"","_jetpack_dont_email_post_to_subs":false,"_jetpack_newsletter_tier_id":0,"_jetpack_memberships_contains_paywalled_content":false,"_jetpack_memberships_contains_paid_content":false,"footnotes":""},"categories":[11261,17853,11262,15516,1038],"tags":[26172,26604,22986,24690,17800,11263,1041,5584,26525,7673,8754],"class_list":["entry","author-pachi","has-excerpt","post-61188","post","type-post","status-publish","format-standard","has-post-thumbnail","category-instantzz","category-joan-cortes","category-photoblogs","category-imagenes","category-contenidos","tag-53e-festival-de-jazz-de-barcelona","tag-adam-ofarill","tag-amirtha-kidambi","tag-brian-settles","tag-festival-de-jazz-de-barcelona","tag-instantzz-2","tag-joan-cortes","tag-mary-halvorson","tag-mary-halvorsons-code-girl","tag-michael-formanek","tag-tomas-fujiwara"],"jetpack_featured_media_url":"https:\/\/tomajazz.com\/web\/wp-content\/uploads\/2022\/02\/04_Mry-Hlvrsn-Cd-Grl-Joan-Cortes_20nov2021_53FJBcn_Ldtr-S2OM.jpg","jetpack_likes_enabled":true,"jetpack_sharing_enabled":true,"jetpack-related-posts":[{"id":60728,"url":"https:\/\/tomajazz.com\/web\/mary-halvorsons-code-girl-53e-festival-de-jazz-de-barcelona-lauditori-sala-02-oriol-martorell-barcelona-2021-11-20-conciertos-de-jazz-por-joan-cortes\/","url_meta":{"origin":61188,"position":0},"title":"Mary Halvorson\u2019s Code Girl (53\u00e8 Festival de Jazz de Barcelona \/ L\u2019Auditori, Sala 02-Oriol Martorell, Barcelona.  2021-11-20) [Conciertos de jazz] Por Joan Cort\u00e8s","author":"Tomajazz","date":"31 enero, 2022","format":false,"excerpt":"Joan Cort\u00e8s repasa la actuaci\u00f3n, texto y fotos, de Mary Halvorson\u2019s Code Girl en el Festival de Jazz de Barcelona.","rel":"","context":"En \u00abConciertos...\u00bb","block_context":{"text":"Conciertos...","link":"https:\/\/tomajazz.com\/web\/category\/contenidos\/textos\/conciertos\/"},"img":{"alt_text":"","src":"https:\/\/i0.wp.com\/tomajazz.com\/web\/wp-content\/uploads\/2022\/01\/02_Mr-Hlvrs-Cd-Grl-Joan-Cortes_20nov21_Ldtr_53FJBcn.jpg?resize=350%2C200&ssl=1","width":350,"height":200,"srcset":"https:\/\/i0.wp.com\/tomajazz.com\/web\/wp-content\/uploads\/2022\/01\/02_Mr-Hlvrs-Cd-Grl-Joan-Cortes_20nov21_Ldtr_53FJBcn.jpg?resize=350%2C200&ssl=1 1x, https:\/\/i0.wp.com\/tomajazz.com\/web\/wp-content\/uploads\/2022\/01\/02_Mr-Hlvrs-Cd-Grl-Joan-Cortes_20nov21_Ldtr_53FJBcn.jpg?resize=525%2C300&ssl=1 1.5x, https:\/\/i0.wp.com\/tomajazz.com\/web\/wp-content\/uploads\/2022\/01\/02_Mr-Hlvrs-Cd-Grl-Joan-Cortes_20nov21_Ldtr_53FJBcn.jpg?resize=700%2C400&ssl=1 2x"},"classes":[]},{"id":104881,"url":"https:\/\/tomajazz.com\/web\/raul-refree-nino-de-elche-l-auditori-2026\/","url_meta":{"origin":61188,"position":1},"title":"Ra\u00fcl Refree &#038; Ni\u00f1o de Elche \u201cCru+es\u00bb (L\u2019Auditori, Sala 2 Oriol Martorell, 2026-02-28 \/ Barcelona-) Por Joan Cort\u00e8s [INSTANTZZ AKA Galer\u00eda fotogr\u00e1fica AKA Fotoblog de jazz, impro\u2026 y algo m\u00e1s]","author":"Tomajazz","date":"14 abril, 2026","format":false,"excerpt":"Ra\u00fcl Refree & Ni\u00f1o de Elche \u201cCru+es\" actuaron en L\u2019Auditori de Barcelona, el d\u00eda 28 de febrero de 2026. Joan Cort\u00e8s lo retrata en INSTANTZZ","rel":"","context":"En \u00abINSTANTZZ\u00bb","block_context":{"text":"INSTANTZZ","link":"https:\/\/tomajazz.com\/web\/category\/contenidos\/imagenes\/photoblogs\/instantzz\/"},"img":{"alt_text":"Ra\u00fcl Refree & Ni\u00f1o de Elche \u201cCru+es\" (L\u2019Auditori, Sala 2 Oriol Martorell, 2026-02-28 \/ Barcelona-) Por Joan Cort\u00e8s [INSTANTZZ AKA Galer\u00eda fotogr\u00e1fica AKA Fotoblog de jazz, impro\u2026 y algo m\u00e1s] - Tomajazz - Ra\u00fcl Refree & Ni\u00f1o de Elche \u201cCru+es\" actuaron en L\u2019Auditori de Barcelona, el d\u00eda 28 de febrero de 2026. Joan Cort\u00e8s lo retrata en INSTANTZZ","src":"https:\/\/i0.wp.com\/tomajazz.com\/web\/wp-content\/uploads\/2026\/04\/destacado-10-Rfr-Nn-lch-Joan-Cortes-28fbr26-L-dtr-Bcn.jpg?resize=350%2C200&ssl=1","width":350,"height":200,"srcset":"https:\/\/i0.wp.com\/tomajazz.com\/web\/wp-content\/uploads\/2026\/04\/destacado-10-Rfr-Nn-lch-Joan-Cortes-28fbr26-L-dtr-Bcn.jpg?resize=350%2C200&ssl=1 1x, https:\/\/i0.wp.com\/tomajazz.com\/web\/wp-content\/uploads\/2026\/04\/destacado-10-Rfr-Nn-lch-Joan-Cortes-28fbr26-L-dtr-Bcn.jpg?resize=525%2C300&ssl=1 1.5x"},"classes":[]},{"id":103528,"url":"https:\/\/tomajazz.com\/web\/barcelona-art-orchestra-57-festival-de-jazz-de-barcelona-2025\/","url_meta":{"origin":61188,"position":2},"title":"Barcelona Art Orchestra -BAO- &#038; Miguel Zen\u00f3n \u201cExpressions\u201d (57\u00e8 Festival de Jazz de Barcelona \/ L\u2019Auditori -S2OM-, 2025-11-29 \/ Barcelona) [09] Por Joan Cort\u00e8s [INSTANTZZ AKA Galer\u00eda fotogr\u00e1fica AKA Fotoblog de jazz, impro\u2026 y algo m\u00e1s]","author":"Tomajazz","date":"18 enero, 2026","format":false,"excerpt":"Barcelona Art Orchestra -BAO- & Miguel Zen\u00f3n \u201cExpressions\u201d actuaron en el 57\u00e8 Festival de Jazz de Barcelona 2026 en L\u2019Auditori, el 29 de noviembre de 2025. Joan Cort\u00e8s lo retrata en INSTANTZZ","rel":"","context":"En \u00ab57 Festival de Jazz de Barcelona 2025\u00bb","block_context":{"text":"57 Festival de Jazz de Barcelona 2025","link":"https:\/\/tomajazz.com\/web\/category\/contenidos\/especial-contenidos\/57-festival-de-jazz-de-barcelona-2025\/"},"img":{"alt_text":"Barcelona Art Orchestra -BAO- & Miguel Zen\u00f3n \u201cExpressions\u201d (57\u00e8 Festival de Jazz de Barcelona \/ L\u2019Auditori -S2OM-, 2025-11-29 \/ Barcelona) [09] Por Joan Cort\u00e8s [INSTANTZZ AKA Galer\u00eda fotogr\u00e1fica AKA Fotoblog de jazz, impro\u2026 y algo m\u00e1s] - Tomajazz - Barcelona Art Orchestra -BAO- & Miguel Zen\u00f3n \u201cExpressions\u201d actuaron en el 57\u00e8 Festival de Jazz de Barcelona 2026 en L\u2019Auditori, el 29 de noviembre de 2025. Joan Cort\u00e8s lo retrata en INSTANTZZ","src":"https:\/\/i0.wp.com\/tomajazz.com\/web\/wp-content\/uploads\/2026\/01\/11-Bc-rt-ch-Mgl-Znn-%C2%A9Joan-Cortes-29ctb25-L-dtr-S2-Bcn.jpg?resize=350%2C200&ssl=1","width":350,"height":200,"srcset":"https:\/\/i0.wp.com\/tomajazz.com\/web\/wp-content\/uploads\/2026\/01\/11-Bc-rt-ch-Mgl-Znn-%C2%A9Joan-Cortes-29ctb25-L-dtr-S2-Bcn.jpg?resize=350%2C200&ssl=1 1x, https:\/\/i0.wp.com\/tomajazz.com\/web\/wp-content\/uploads\/2026\/01\/11-Bc-rt-ch-Mgl-Znn-%C2%A9Joan-Cortes-29ctb25-L-dtr-S2-Bcn.jpg?resize=525%2C300&ssl=1 1.5x"},"classes":[]},{"id":104270,"url":"https:\/\/tomajazz.com\/web\/anna-ferrer-pa-lauditori-barcelona-2026\/","url_meta":{"origin":61188,"position":3},"title":"Anna Ferrer \u201cPa\u201d (L\u2019Auditori S2\u2022OM, 2026-01-17 \/ Barcelona) Por Joan Cort\u00e8s [INSTANTZZ AKA Galer\u00eda fotogr\u00e1fica AKA Fotoblog de jazz, impro\u2026 y algo m\u00e1s]","author":"Tomajazz","date":"3 marzo, 2026","format":false,"excerpt":"Anna Ferrer \u201cPa\u201d actu\u00f3 en L\u2019Auditori S2\u2022OM de Barcelona el 17 de enero de 2026. Joan Cort\u00e8s lo retrata en INSTANTZZ","rel":"","context":"En \u00ab*_Joan Cort\u00e8s\u00bb","block_context":{"text":"*_Joan Cort\u00e8s","link":"https:\/\/tomajazz.com\/web\/category\/joan-cortes\/"},"img":{"alt_text":"Anna Ferrer \u201cPa\u201d (L\u2019Auditori S2\u2022OM, 2026-01-17 \/ Barcelona) Por Joan Cort\u00e8s [INSTANTZZ AKA Galer\u00eda fotogr\u00e1fica AKA Fotoblog de jazz, impro\u2026 y algo m\u00e1s] - Tomajazz - Anna Ferrer \u201cPa\u201d actu\u00f3 en L\u2019Auditori S2\u2022OM de Barcelona el 17 de enero de 2026. Joan Cort\u00e8s lo retrata en INSTANTZZ","src":"https:\/\/i0.wp.com\/tomajazz.com\/web\/wp-content\/uploads\/2026\/03\/destacada-02-nn-Frrr-Photo-By-Joan-Cortes-17gnr26-L-dtr-Bcn.jpg?resize=350%2C200&ssl=1","width":350,"height":200,"srcset":"https:\/\/i0.wp.com\/tomajazz.com\/web\/wp-content\/uploads\/2026\/03\/destacada-02-nn-Frrr-Photo-By-Joan-Cortes-17gnr26-L-dtr-Bcn.jpg?resize=350%2C200&ssl=1 1x, https:\/\/i0.wp.com\/tomajazz.com\/web\/wp-content\/uploads\/2026\/03\/destacada-02-nn-Frrr-Photo-By-Joan-Cortes-17gnr26-L-dtr-Bcn.jpg?resize=525%2C300&ssl=1 1.5x"},"classes":[]},{"id":103071,"url":"https:\/\/tomajazz.com\/web\/lina-marco-mezquida-o-fado-barcelona-2025\/","url_meta":{"origin":61188,"position":4},"title":"Lina &#038; Marco Mezquida \u201cO Fado\u201d (57\u00e8 Festival de Jazz de Barcelona 2025 \/ Conservatori del Liceu, 2025-11-21 \/ Barcelona) [03] Por Joan Cort\u00e8s [INSTANTZZ AKA Galer\u00eda fotogr\u00e1fica AKA Fotoblog de jazz, impro\u2026 y algo m\u00e1s]","author":"Tomajazz","date":"30 diciembre, 2025","format":false,"excerpt":"Lina & Marco Mezquida \u201cO Fado\u201d actuaron en el 57\u00e8 Festival de Jazz de Barcelona, el 21 de noviembre de 2025. Joan Cort\u00e8s lo retrata en INSTANTZZ","rel":"","context":"En \u00ab57 Festival de Jazz de Barcelona 2025\u00bb","block_context":{"text":"57 Festival de Jazz de Barcelona 2025","link":"https:\/\/tomajazz.com\/web\/category\/contenidos\/especial-contenidos\/57-festival-de-jazz-de-barcelona-2025\/"},"img":{"alt_text":"Lina & Marco Mezquida \u201cO Fado\u201d (59\u00e8 Festival de Jazz de Barcelona \/ Conservatori del Liceu, 2025-11-21 \/ Barcelona) [03] Por Joan Cort\u00e8s [INSTANTZZ AKA Galer\u00eda fotogr\u00e1fica AKA Fotoblog de jazz, impro\u2026 y algo m\u00e1s] - Tomajazz - Lina & Marco Mezquida \u201cO Fado\u201d actuaron en el 59\u00e8 Festival de Jazz de Barcelona, el 21 de noviembre de 2025. Joan Cort\u00e8s lo retrata en INSTANTZZ","src":"https:\/\/i0.wp.com\/tomajazz.com\/web\/wp-content\/uploads\/2025\/12\/destacada-07-Ln-Mrc-Mzqd-Photo-By-Joan-Cortes-21nov25-Cnsrvtr-dl-Lc-59FJBcn.jpg?resize=350%2C200&ssl=1","width":350,"height":200,"srcset":"https:\/\/i0.wp.com\/tomajazz.com\/web\/wp-content\/uploads\/2025\/12\/destacada-07-Ln-Mrc-Mzqd-Photo-By-Joan-Cortes-21nov25-Cnsrvtr-dl-Lc-59FJBcn.jpg?resize=350%2C200&ssl=1 1x, https:\/\/i0.wp.com\/tomajazz.com\/web\/wp-content\/uploads\/2025\/12\/destacada-07-Ln-Mrc-Mzqd-Photo-By-Joan-Cortes-21nov25-Cnsrvtr-dl-Lc-59FJBcn.jpg?resize=525%2C300&ssl=1 1.5x"},"classes":[]},{"id":104066,"url":"https:\/\/tomajazz.com\/web\/omar-sosa-liceu-big-band-essensual-57e-festival-de-jazz-de-barcelona-conservatori-del-liceu-2025-12-02-12-por-joan-cortes-instantzz-aka-galeria-fotografica-aka-fotoblog-d\/","url_meta":{"origin":61188,"position":5},"title":"Omar Sosa &#038; Liceu Big Band \u201ces:sensual\u201d (57\u00e8 Festival de Jazz de Barcelona \/ Conservatori del Liceu, 2025-12-02 ) [12] Por Joan Cort\u00e8s [INSTANTZZ AKA Galer\u00eda fotogr\u00e1fica AKA Fotoblog de jazz, impro\u2026 y algo m\u00e1s]","author":"Tomajazz","date":"17 febrero, 2026","format":false,"excerpt":"Omar Sosa & Liceu Big Band \u201ces:sensual\u201d actu\u00f3 en el 57\u00e8 Festival de Jazz de Barcelona, el 2 de diciembre de 2025. Joan Cort\u00e8s lo retrata en INSTANTZZ","rel":"","context":"En \u00ab57 Festival de Jazz de Barcelona 2025\u00bb","block_context":{"text":"57 Festival de Jazz de Barcelona 2025","link":"https:\/\/tomajazz.com\/web\/category\/contenidos\/especial-contenidos\/57-festival-de-jazz-de-barcelona-2025\/"},"img":{"alt_text":"Omar Sosa & Liceu Big Band \u201ces:sensual\u201d (57\u00e8 Festival de Jazz de Barcelona \/ Conservatori del Liceu, 2025-12-02 ) [12] Por Joan Cort\u00e8s [INSTANTZZ AKA Galer\u00eda fotogr\u00e1fica AKA Fotoblog de jazz, impro\u2026 y algo m\u00e1s] - Tomajazz - Omar Sosa & Liceu Big Band \u201ces:sensual\u201d actu\u00f3 en el 57\u00e8 Festival de Jazz de Barcelona, el 2 de diciembre de 2025. Joan Cort\u00e8s lo retrata en INSTANTZZ","src":"https:\/\/i0.wp.com\/tomajazz.com\/web\/wp-content\/uploads\/2026\/02\/destacada-11-mr-Ss-LBB-Photo-By-Joan-Cortes-02dsm25-CdL-57FJBcn-bn.jpg?resize=350%2C200&ssl=1","width":350,"height":200,"srcset":"https:\/\/i0.wp.com\/tomajazz.com\/web\/wp-content\/uploads\/2026\/02\/destacada-11-mr-Ss-LBB-Photo-By-Joan-Cortes-02dsm25-CdL-57FJBcn-bn.jpg?resize=350%2C200&ssl=1 1x, https:\/\/i0.wp.com\/tomajazz.com\/web\/wp-content\/uploads\/2026\/02\/destacada-11-mr-Ss-LBB-Photo-By-Joan-Cortes-02dsm25-CdL-57FJBcn-bn.jpg?resize=525%2C300&ssl=1 1.5x"},"classes":[]}],"_links":{"self":[{"href":"https:\/\/tomajazz.com\/web\/wp-json\/wp\/v2\/posts\/61188","targetHints":{"allow":["GET"]}}],"collection":[{"href":"https:\/\/tomajazz.com\/web\/wp-json\/wp\/v2\/posts"}],"about":[{"href":"https:\/\/tomajazz.com\/web\/wp-json\/wp\/v2\/types\/post"}],"author":[{"embeddable":true,"href":"https:\/\/tomajazz.com\/web\/wp-json\/wp\/v2\/users\/1"}],"replies":[{"embeddable":true,"href":"https:\/\/tomajazz.com\/web\/wp-json\/wp\/v2\/comments?post=61188"}],"version-history":[{"count":3,"href":"https:\/\/tomajazz.com\/web\/wp-json\/wp\/v2\/posts\/61188\/revisions"}],"predecessor-version":[{"id":61203,"href":"https:\/\/tomajazz.com\/web\/wp-json\/wp\/v2\/posts\/61188\/revisions\/61203"}],"wp:featuredmedia":[{"embeddable":true,"href":"https:\/\/tomajazz.com\/web\/wp-json\/wp\/v2\/media\/61192"}],"wp:attachment":[{"href":"https:\/\/tomajazz.com\/web\/wp-json\/wp\/v2\/media?parent=61188"}],"wp:term":[{"taxonomy":"category","embeddable":true,"href":"https:\/\/tomajazz.com\/web\/wp-json\/wp\/v2\/categories?post=61188"},{"taxonomy":"post_tag","embeddable":true,"href":"https:\/\/tomajazz.com\/web\/wp-json\/wp\/v2\/tags?post=61188"}],"curies":[{"name":"wp","href":"https:\/\/api.w.org\/{rel}","templated":true}]}}