{"id":61407,"date":"2022-02-25T18:00:55","date_gmt":"2022-02-25T17:00:55","guid":{"rendered":"https:\/\/www.tomajazz.com\/web\/?p=61407"},"modified":"2022-02-25T22:10:37","modified_gmt":"2022-02-25T21:10:37","slug":"pat-thomas-the-locals-40b-play-the-music-of-anthony-braxton-discus-music-2021-por-pachi-tapiz-jazzx5435-minipodcast-de-jazz","status":"publish","type":"post","link":"https:\/\/tomajazz.com\/web\/pat-thomas-the-locals-40b-play-the-music-of-anthony-braxton-discus-music-2021-por-pachi-tapiz-jazzx5435-minipodcast-de-jazz\/","title":{"rendered":"Pat Thomas The Locals: \u00ab40b\u00bb [Play The Music Of Anthony Braxton (Discus Music, 2021)] Por Pachi Tapiz. JazzX5#435 [Minipodcast de jazz]"},"content":{"rendered":"<p><img loading=\"lazy\" decoding=\"async\" class=\"alignleft wp-image-61409 size-medium\" src=\"https:\/\/tomajazz.com\/web\/wp-content\/uploads\/2022\/02\/Pat-Thomas-The-Locals_The-Locals-Play-The-Music-Of-Anthony-Braxton-Discus-Music-2021_peq-200x200.jpg\" alt=\"Pat Thomas \/ The Locals: The Locals Play The Music Of Anthony Braxton (Discus Music, 2021)\" width=\"200\" height=\"200\" title=\"\" srcset=\"https:\/\/tomajazz.com\/web\/wp-content\/uploads\/2022\/02\/Pat-Thomas-The-Locals_The-Locals-Play-The-Music-Of-Anthony-Braxton-Discus-Music-2021_peq-200x200.jpg 200w, https:\/\/tomajazz.com\/web\/wp-content\/uploads\/2022\/02\/Pat-Thomas-The-Locals_The-Locals-Play-The-Music-Of-Anthony-Braxton-Discus-Music-2021_peq-600x600.jpg 600w, https:\/\/tomajazz.com\/web\/wp-content\/uploads\/2022\/02\/Pat-Thomas-The-Locals_The-Locals-Play-The-Music-Of-Anthony-Braxton-Discus-Music-2021_peq-150x150.jpg 150w, https:\/\/tomajazz.com\/web\/wp-content\/uploads\/2022\/02\/Pat-Thomas-The-Locals_The-Locals-Play-The-Music-Of-Anthony-Braxton-Discus-Music-2021_peq-768x768.jpg 768w, https:\/\/tomajazz.com\/web\/wp-content\/uploads\/2022\/02\/Pat-Thomas-The-Locals_The-Locals-Play-The-Music-Of-Anthony-Braxton-Discus-Music-2021_peq-465x465.jpg 465w, https:\/\/tomajazz.com\/web\/wp-content\/uploads\/2022\/02\/Pat-Thomas-The-Locals_The-Locals-Play-The-Music-Of-Anthony-Braxton-Discus-Music-2021_peq-500x500.jpg 500w, https:\/\/tomajazz.com\/web\/wp-content\/uploads\/2022\/02\/Pat-Thomas-The-Locals_The-Locals-Play-The-Music-Of-Anthony-Braxton-Discus-Music-2021_peq.jpg 800w\" sizes=\"auto, (max-width: 200px) 100vw, 200px\" \/>\u00ab40b\u00bb<br \/>\n<strong>Pat Thomas \/ The Locals<\/strong>: <em>The Locals Play The Music Of Anthony Braxton<\/em> (Discus Music, 2021)<br \/>\nPat Thomas, Alex Ward, Evan Thomas, Dominic Lash, Darren Hasson-Davis. El tema es una composici\u00f3n de Anthony Braxton arreglada por Pat Thomas.<\/p>\n<p style=\"text-align: right;\"><span style=\"text-align: right;\">Tomajazz: \u00a9 <\/span><strong style=\"text-align: right;\">Pachi Tapiz<\/strong><span style=\"text-align: right;\">, 2022<\/span><strong><br \/>\n<\/strong><\/p>\n<h4>\u00bfSab\u00edas que?<\/h4>\n<ul>\n<li>Desde el sello Discus Music propusieron a Pat Thomas publicar alguna grabaci\u00f3n privada. Lo primero que ofreci\u00f3 el pianista fue este directo de 2006 en el que The Locals repasan seis temas de Anthony Braxton.<\/li>\n<li>Dominic Lash en esta ocasi\u00f3n emplea el bajo el\u00e9ctrico. Alex Ward adem\u00e1s de clarinetista (papel que ejerce como miembro de The Locals), es guitarrista. En The Locals hay un guitarrista, que es Evan Thomas.<\/li>\n<li>A pesar de su t\u00edtulo, que como todas las composiciones de Braxton pueden parecer tener unos t\u00edtulos un tanto fr\u00edos -aunque realmente sirven para clasificar sus creaciones-, el tema \u00ab40b\u00bb est\u00e1 dedicado al gran saxofonista Lou Donaldson.<\/li>\n<li>El disco se public\u00f3 en el pasado 2021, pero ha sido gracias a mis amigos Juanan (directamente), y Lorenzo (indirectamente), que he podido descubrir este gran disco, que se inicia con \u00ab40b\u00bb, que es mi composici\u00f3n favorita de Anthony Braxton, y que tambi\u00e9n ha pasado por JazzX5. \u00a1Gracias a los dos!<\/li>\n<\/ul>\n<h4>Escuchar <strong>Pat Thomas \/ The Locals<\/strong>: <em>The Locals Play The Music Of Anthony Braxton<\/em>: \u00ab40b\u00bb<\/h4>\n<p><iframe loading=\"lazy\" src=\"https:\/\/www.ivoox.com\/player_ej_82738724_6_1.html?c1=444444\" width=\"100%\" height=\"200\" frameborder=\"0\" scrolling=\"no\" allowfullscreen=\"allowfullscreen\"><\/iframe><\/p>\n<h4>En anteriores episodios de JazzX5\/HDO\/LODLMA\/Maltidos Jazztardos\/Tomajazz Remembers\u2026<\/h4>\n<blockquote class=\"wp-embedded-content\" data-secret=\"s5AFLs6iQA\"><p><a href=\"https:\/\/tomajazz.com\/web\/jazzx5361-anthony-braxton-40b-six-compositions-quartet-antilles-1982-minipodcast-de-jazz-por-pachi-tapiz\/\">JazzX5#361. Anthony Braxton: \u00ab40b\u00bb [Six Compositions: Quartet (Antilles, 1982)] [Minipodcast de jazz] Por Pachi Tapiz<\/a><\/p><\/blockquote>\n<p><iframe loading=\"lazy\" class=\"wp-embedded-content\" sandbox=\"allow-scripts\" security=\"restricted\" style=\"position: absolute; visibility: hidden;\" title=\"\u00abJazzX5#361. Anthony Braxton: \u00ab40b\u00bb [Six Compositions: Quartet (Antilles, 1982)] [Minipodcast de jazz] Por Pachi Tapiz\u00bb \u2014 Tomajazz\" src=\"https:\/\/tomajazz.com\/web\/jazzx5361-anthony-braxton-40b-six-compositions-quartet-antilles-1982-minipodcast-de-jazz-por-pachi-tapiz\/embed\/#?secret=X15LatdOSH#?secret=s5AFLs6iQA\" data-secret=\"s5AFLs6iQA\" width=\"600\" height=\"338\" frameborder=\"0\" marginwidth=\"0\" marginheight=\"0\" scrolling=\"no\"><\/iframe><\/p>\n<h4>M\u00e1s informaci\u00f3n sobre Pat Thomas<\/h4>\n<p><a href=\"http:\/\/www.efi.group.shef.ac.uk\/mthomas.html\" target=\"_blank\" rel=\"noopener\">http:\/\/www.efi.group.shef.ac.uk\/mthomas.html<\/a><\/p>\n<h4>M\u00e1s informaci\u00f3n sobre JazzX5<\/h4>\n<p><strong>JazzX5<\/strong>\u00a0es un minipodcast de HDO de la Factor\u00eda Tomajazz presentado, editado y producido por\u00a0<strong>Pachi Tapiz<\/strong>.<\/p>\n<p><strong>JazzX5<\/strong>\u00a0comenz\u00f3 su andadura el 24 de junio de 2019.<\/p>\n<p>Todas las entregas de\u00a0<strong>JazzX5<\/strong>\u00a0est\u00e1n disponibles en\u00a0<strong><a href=\"https:\/\/tomajazz.com\/web\/?cat=23120\" target=\"_blank\" rel=\"noopener noreferrer\">https:\/\/tomajazz.com\/web\/?cat=23120<\/a>\u00a0\/\u00a0<a href=\"https:\/\/www.ivoox.com\/jazzx5_bk_list_642835_1.html\" target=\"_blank\" rel=\"noopener noreferrer\">https:\/\/www.ivoox.com\/jazzx5_bk_list_642835_1.html<\/a><\/strong>.<\/p>\n<h4>JazzX5 y los podcast de Tomajazz en Telegram<\/h4>\n<p>En Tomajazz hemos abierto un canal de\u00a0<strong>Telegram<\/strong>\u00a0para que est\u00e9s al tanto, al instante, de los nuevos podcast. Puedes suscribirte en\u00a0<a href=\"https:\/\/t.me\/TomajazzPodcast\" target=\"_blank\" rel=\"noopener\">https:\/\/t.me\/TomajazzPodcast<\/a>.<\/p>\n<h4>Pachi Tapiz en Tomajazz<\/h4>\n<p><a href=\"https:\/\/tomajazz.com\/web\/?cat=17847\" target=\"_blank\" rel=\"noopener\">https:\/\/tomajazz.com\/web\/?cat=17847<\/a><\/p>\n","protected":false},"excerpt":{"rendered":"<p>En JazzX5 suena la versi\u00f3n del tema \u00ab40b\u00bb de Anthony Braxton que se publica en el disco Play The Music Of Anthony Braxton (Discus Music, 2021) de Pat Thomas \/ The Locals.   <\/p>\n<p>JazzX5 es un podcast de Pachi Tapiz.   <\/p>\n<p><span class=\"more-link\"><a href=\"https:\/\/tomajazz.com\/web\/pat-thomas-the-locals-40b-play-the-music-of-anthony-braxton-discus-music-2021-por-pachi-tapiz-jazzx5435-minipodcast-de-jazz\/\">Contin\u00faa leyendo<\/a><\/span><\/p>\n","protected":false},"author":1,"featured_media":61410,"comment_status":"open","ping_status":"closed","sticky":false,"template":"","format":"standard","meta":{"jetpack_post_was_ever_published":false,"_jetpack_newsletter_access":"","_jetpack_dont_email_post_to_subs":false,"_jetpack_newsletter_tier_id":0,"_jetpack_memberships_contains_paywalled_content":false,"_jetpack_memberships_contains_paid_content":false,"footnotes":""},"categories":[23120,17847,12814,15518,1038],"tags":[14222,63,26652,26653,6413,26651,23118,25573,31,10019,15310],"class_list":["entry","author-pachi","has-excerpt","post-61407","post","type-post","status-publish","format-standard","has-post-thumbnail","category-jazzx5","category-pachi-tapiz","category-podcast","category-sonidos","category-contenidos","tag-alex-ward","tag-anthony-braxton","tag-darren-hasson-davis","tag-discus-music","tag-dominic-lash","tag-evan-thomas","tag-jazzx5","tag-minipodcast","tag-pachi-tapiz","tag-pat-thomas","tag-podcast-de-jazz"],"jetpack_featured_media_url":"https:\/\/tomajazz.com\/web\/wp-content\/uploads\/2022\/02\/JazzX5_0435.jpg","jetpack_likes_enabled":true,"jetpack_sharing_enabled":true,"jetpack-related-posts":[{"id":62967,"url":"https:\/\/tomajazz.com\/web\/jazz-para-ti-75-novedades-para-retomar-la-actividad-jpt-t4-16-podcast-de-jazz-por-pachi-tapiz\/","url_meta":{"origin":61407,"position":0},"title":"Jazz Para Ti 75: novedades para retomar la actividad. JPT.T4.16 [Podcast de jazz] Por Pachi Tapiz","author":"Tomajazz","date":"20 abril, 2022","format":false,"excerpt":"Jazz Para Ti retoma la actividad tras unas semanas en las que el jazz ha dejado su espacio a la Semana Santa. Josetxo Goia-Aribe y Sarasateando o Vermillion de Kit Downes son algunos de los discos que suenan en el programa. Jazz Para Ti es un programa de radio que\u2026","rel":"","context":"En \u00abJazz Para Ti\u00bb","block_context":{"text":"Jazz Para Ti","link":"https:\/\/tomajazz.com\/web\/category\/contenidos\/sonidos\/podcast\/jazz_para_ti\/"},"img":{"alt_text":"Jazz Para Ti 75: novedades para retomar la actividad. JPT.T4.16 [Podcast de jazz] Por Pachi Tapiz","src":"https:\/\/i0.wp.com\/tomajazz.com\/web\/wp-content\/uploads\/2022\/04\/JazzParaTi_75.jpg?resize=350%2C200&ssl=1","width":350,"height":200,"srcset":"https:\/\/i0.wp.com\/tomajazz.com\/web\/wp-content\/uploads\/2022\/04\/JazzParaTi_75.jpg?resize=350%2C200&ssl=1 1x, https:\/\/i0.wp.com\/tomajazz.com\/web\/wp-content\/uploads\/2022\/04\/JazzParaTi_75.jpg?resize=525%2C300&ssl=1 1.5x, https:\/\/i0.wp.com\/tomajazz.com\/web\/wp-content\/uploads\/2022\/04\/JazzParaTi_75.jpg?resize=700%2C400&ssl=1 2x"},"classes":[]},{"id":66542,"url":"https:\/\/tomajazz.com\/web\/diez-de-septiembre-de-2022\/","url_meta":{"origin":61407,"position":1},"title":"Diez de&#8230; septiembre de 2022 (II). Por Pachi Tapiz [Grabaciones de jazz]","author":"Tomajazz","date":"10 septiembre, 2022","format":false,"excerpt":"La segunda entrega de Diez de... es variada como siempre. Braxton, Ellington, Mingus, Levitt, Bley... son algunos de los m\u00fasicos que suenan la entrega de septiembre de 2022.","rel":"","context":"En \u00abDiez de...\u00bb","block_context":{"text":"Diez de...","link":"https:\/\/tomajazz.com\/web\/category\/contenidos\/textos\/grabaciones\/diez-de\/"},"img":{"alt_text":"","src":"https:\/\/i0.wp.com\/tomajazz.com\/web\/wp-content\/uploads\/2022\/09\/Duke-Ellington-and-Billy-Strayhorn-Great-Times-Riverside-1954.jpg?resize=350%2C200&ssl=1","width":350,"height":200},"classes":[]},{"id":59425,"url":"https:\/\/tomajazz.com\/web\/jazzx5361-anthony-braxton-40b-six-compositions-quartet-antilles-1982-minipodcast-de-jazz-por-pachi-tapiz\/","url_meta":{"origin":61407,"position":2},"title":"JazzX5#361. Anthony Braxton: \u00ab40b\u00bb [Six Compositions: Quartet (Antilles, 1982)] [Minipodcast de jazz] Por Pachi Tapiz","author":"Tomajazz","date":"12 diciembre, 2021","format":false,"excerpt":"En JazzX5 suena \"40b\", un cl\u00e1sico del repertorio de Anthony Braxton que aparec\u00eda en Six Compositions: Quartet (Antilles, 1982). JazzX5 es un podcast de Pachi Tapiz.","rel":"","context":"En \u00abJazzX5\u00bb","block_context":{"text":"JazzX5","link":"https:\/\/tomajazz.com\/web\/category\/contenidos\/sonidos\/podcast\/jazzx5\/"},"img":{"alt_text":"JazzX5#361. Anthony Braxton: \"40b\" [Six Compositions: Quartet (Antilles, 1982)] [Minipodcast de jazz] Por Pachi Tapiz","src":"https:\/\/i0.wp.com\/tomajazz.com\/web\/wp-content\/uploads\/2021\/12\/JazzX5_361.jpg?resize=350%2C200&ssl=1","width":350,"height":200,"srcset":"https:\/\/i0.wp.com\/tomajazz.com\/web\/wp-content\/uploads\/2021\/12\/JazzX5_361.jpg?resize=350%2C200&ssl=1 1x, https:\/\/i0.wp.com\/tomajazz.com\/web\/wp-content\/uploads\/2021\/12\/JazzX5_361.jpg?resize=525%2C300&ssl=1 1.5x, https:\/\/i0.wp.com\/tomajazz.com\/web\/wp-content\/uploads\/2021\/12\/JazzX5_361.jpg?resize=700%2C400&ssl=1 2x"},"classes":[]},{"id":103232,"url":"https:\/\/tomajazz.com\/web\/steve-lehman-the-music-of-anthony-braxton-2025\/","url_meta":{"origin":61407,"position":3},"title":"Steve Lehman Trio + Mark Turner: The Music of Anthony Braxton (Pi Recordings: 2025) Por Carlos Lara [Grabaci\u00f3n de jazz]","author":"Tomajazz","date":"8 enero, 2026","format":false,"excerpt":"The Music of Anthony Braxton (Pi Recordings: 2025) es lo nuevo de Steve Lehman Trio + Mark Turner. Carlos Lara repasa la grabaci\u00f3n. Con Steve Lehman, Mark Turner, Matt Brewer, Damion Reid","rel":"","context":"En \u00abGrabaciones...\u00bb","block_context":{"text":"Grabaciones...","link":"https:\/\/tomajazz.com\/web\/category\/contenidos\/textos\/grabaciones\/"},"img":{"alt_text":"Steve Lehman Trio + Mark Turner: The Music of Anthony Braxton (Pi Recordings: 2025) Por Carlos Lara [Grabaci\u00f3n de jazz] - Tomajazz - The Music of Anthony Braxton (Pi Recordings: 2025) es lo nuevo de Steve Lehman Trio + Mark Turner. Carlos Lara repasa la grabaci\u00f3n. Con Steve Lehman, Mark Turner, Matt Brewer, Damion Reid","src":"https:\/\/i0.wp.com\/tomajazz.com\/web\/wp-content\/uploads\/2026\/01\/Steve-Lehman-Trio-Mark-Turner-The-Music-of-Anthony-Braxton-Pi-Recordings-2025-Tomajazz.jpg?resize=350%2C200&ssl=1","width":350,"height":200,"srcset":"https:\/\/i0.wp.com\/tomajazz.com\/web\/wp-content\/uploads\/2026\/01\/Steve-Lehman-Trio-Mark-Turner-The-Music-of-Anthony-Braxton-Pi-Recordings-2025-Tomajazz.jpg?resize=350%2C200&ssl=1 1x, https:\/\/i0.wp.com\/tomajazz.com\/web\/wp-content\/uploads\/2026\/01\/Steve-Lehman-Trio-Mark-Turner-The-Music-of-Anthony-Braxton-Pi-Recordings-2025-Tomajazz.jpg?resize=525%2C300&ssl=1 1.5x, https:\/\/i0.wp.com\/tomajazz.com\/web\/wp-content\/uploads\/2026\/01\/Steve-Lehman-Trio-Mark-Turner-The-Music-of-Anthony-Braxton-Pi-Recordings-2025-Tomajazz.jpg?resize=700%2C400&ssl=1 2x"},"classes":[]},{"id":50313,"url":"https:\/\/tomajazz.com\/web\/jazzx5197-tropos-40b-axioms-75-ab-minipodcast-yomequedoencasa-istayathome\/","url_meta":{"origin":61407,"position":4},"title":"JazzX5#197. Tropos: 40b (Axioms \/\/ 75 AB) [Minipodcast] #YoMeQuedoEnCasa \/ #IStayAtHome","author":"Tomajazz","date":"21 abril, 2020","format":false,"excerpt":"En JazzX5 197 una recreaci\u00f3n de \"40b\", composici\u00f3n cl\u00e1sica de Anthony Braxton por parte del grupo Tropos que aparece en Axioms \/\/ 75 AB, que se publicar\u00e1 a mediados de mayo por el sello Biophilia Records.","rel":"","context":"En \u00abPodcast\u00bb","block_context":{"text":"Podcast","link":"https:\/\/tomajazz.com\/web\/category\/contenidos\/sonidos\/podcast\/"},"img":{"alt_text":"","src":"https:\/\/i0.wp.com\/tomajazz.com\/web\/wp-content\/uploads\/2020\/04\/JazzX5_197.jpg?resize=350%2C200&ssl=1","width":350,"height":200,"srcset":"https:\/\/i0.wp.com\/tomajazz.com\/web\/wp-content\/uploads\/2020\/04\/JazzX5_197.jpg?resize=350%2C200&ssl=1 1x, https:\/\/i0.wp.com\/tomajazz.com\/web\/wp-content\/uploads\/2020\/04\/JazzX5_197.jpg?resize=525%2C300&ssl=1 1.5x, https:\/\/i0.wp.com\/tomajazz.com\/web\/wp-content\/uploads\/2020\/04\/JazzX5_197.jpg?resize=700%2C400&ssl=1 2x"},"classes":[]},{"id":100510,"url":"https:\/\/tomajazz.com\/web\/omar-thomas-griot-songs-2025\/","url_meta":{"origin":61407,"position":5},"title":"Omar Thomas Large Ensemble: Griot Songs (Omar Thomas Music; 2025) Por Pachi Tapiz [Grabaci\u00f3n de jazz]","author":"Tomajazz","date":"4 noviembre, 2025","format":false,"excerpt":"Griot Songs (Omar Thomas Music; 2025) es la nueva grabaci\u00f3n de Omar Thomas Large Ensemble. Pachi Tapiz repasa la grabaci\u00f3n","rel":"","context":"En \u00abGrabaciones...\u00bb","block_context":{"text":"Grabaciones...","link":"https:\/\/tomajazz.com\/web\/category\/contenidos\/textos\/grabaciones\/"},"img":{"alt_text":"Omar Thomas Large Ensemble: Griot Songs (Omar Thomas Music; 2025) Por Pachi Tapiz [Grabaci\u00f3n de jazz] - Tomajazz - Griot Songs (Omar Thomas Music; 2025) es la nueva grabaci\u00f3n de Omar Thomas Large Ensemble. Pachi Tapiz","src":"https:\/\/i0.wp.com\/tomajazz.com\/web\/wp-content\/uploads\/2025\/11\/Omar-Thomas-Large-Ensemble-Griot-Songs-2025-Omar-Thomas-Music-Tomajazz.jpg?resize=350%2C200&ssl=1","width":350,"height":200,"srcset":"https:\/\/i0.wp.com\/tomajazz.com\/web\/wp-content\/uploads\/2025\/11\/Omar-Thomas-Large-Ensemble-Griot-Songs-2025-Omar-Thomas-Music-Tomajazz.jpg?resize=350%2C200&ssl=1 1x, https:\/\/i0.wp.com\/tomajazz.com\/web\/wp-content\/uploads\/2025\/11\/Omar-Thomas-Large-Ensemble-Griot-Songs-2025-Omar-Thomas-Music-Tomajazz.jpg?resize=525%2C300&ssl=1 1.5x, https:\/\/i0.wp.com\/tomajazz.com\/web\/wp-content\/uploads\/2025\/11\/Omar-Thomas-Large-Ensemble-Griot-Songs-2025-Omar-Thomas-Music-Tomajazz.jpg?resize=700%2C400&ssl=1 2x"},"classes":[]}],"_links":{"self":[{"href":"https:\/\/tomajazz.com\/web\/wp-json\/wp\/v2\/posts\/61407","targetHints":{"allow":["GET"]}}],"collection":[{"href":"https:\/\/tomajazz.com\/web\/wp-json\/wp\/v2\/posts"}],"about":[{"href":"https:\/\/tomajazz.com\/web\/wp-json\/wp\/v2\/types\/post"}],"author":[{"embeddable":true,"href":"https:\/\/tomajazz.com\/web\/wp-json\/wp\/v2\/users\/1"}],"replies":[{"embeddable":true,"href":"https:\/\/tomajazz.com\/web\/wp-json\/wp\/v2\/comments?post=61407"}],"version-history":[{"count":3,"href":"https:\/\/tomajazz.com\/web\/wp-json\/wp\/v2\/posts\/61407\/revisions"}],"predecessor-version":[{"id":61437,"href":"https:\/\/tomajazz.com\/web\/wp-json\/wp\/v2\/posts\/61407\/revisions\/61437"}],"wp:featuredmedia":[{"embeddable":true,"href":"https:\/\/tomajazz.com\/web\/wp-json\/wp\/v2\/media\/61410"}],"wp:attachment":[{"href":"https:\/\/tomajazz.com\/web\/wp-json\/wp\/v2\/media?parent=61407"}],"wp:term":[{"taxonomy":"category","embeddable":true,"href":"https:\/\/tomajazz.com\/web\/wp-json\/wp\/v2\/categories?post=61407"},{"taxonomy":"post_tag","embeddable":true,"href":"https:\/\/tomajazz.com\/web\/wp-json\/wp\/v2\/tags?post=61407"}],"curies":[{"name":"wp","href":"https:\/\/api.w.org\/{rel}","templated":true}]}}