{"id":62127,"date":"2022-03-20T13:45:22","date_gmt":"2022-03-20T12:45:22","guid":{"rendered":"https:\/\/www.tomajazz.com\/web\/?p=62127"},"modified":"2022-03-20T13:43:19","modified_gmt":"2022-03-20T12:43:19","slug":"arzz-collective-feat-joan-mar-sauque-ciclo-jaca-club-de-jazz-2022-03-19-por-fabio-galicia-instantzz-aka-galeria-fotografica-aka-fotoblog-de-jazz-impro-y-algo-mas","status":"publish","type":"post","link":"https:\/\/tomajazz.com\/web\/arzz-collective-feat-joan-mar-sauque-ciclo-jaca-club-de-jazz-2022-03-19-por-fabio-galicia-instantzz-aka-galeria-fotografica-aka-fotoblog-de-jazz-impro-y-algo-mas\/","title":{"rendered":"Arzz Collective feat. Joan Mar Sauqu\u00e9 (Ciclo Jaca Club de Jazz. 2022-03-19) Por Fabio Galicia [INSTANTZZ AKA Galer\u00eda fotogr\u00e1fica AKA Fotoblog de jazz, impro\u2026 y algo m\u00e1s]"},"content":{"rendered":"<p><strong>Ciclo Jaca Club de Jazz<\/strong><\/p>\n<ul>\n<li>Lugar: Palacio de Congresos (Jaca)<\/li>\n<li>Fecha y hora: 20.30 h, del s\u00e1bado 19 de marzo de 2022<\/li>\n<li>Grupo:<br \/>\n<strong>Arzz Collective feat. Joan Mar Sauqu\u00e9<\/strong><br \/>\nJoan Mar Sauqu\u00e9: trompeta<br \/>\nC\u00e9sar del Val: saxo tenor<br \/>\nAlejandro Esperanza: piano<br \/>\nDani Escolano: Contrabajo<br \/>\nFran Gazol: bater\u00eda<\/li>\n<\/ul>\n<p style=\"text-align: center;\"><img loading=\"lazy\" decoding=\"async\" class=\"aligncenter size-full wp-image-62128\" src=\"https:\/\/tomajazz.com\/web\/wp-content\/uploads\/2022\/03\/Arzz-Collective-1.jpg\" alt=\"\" width=\"600\" height=\"401\" title=\"\" srcset=\"https:\/\/tomajazz.com\/web\/wp-content\/uploads\/2022\/03\/Arzz-Collective-1.jpg 600w, https:\/\/tomajazz.com\/web\/wp-content\/uploads\/2022\/03\/Arzz-Collective-1-200x134.jpg 200w, https:\/\/tomajazz.com\/web\/wp-content\/uploads\/2022\/03\/Arzz-Collective-1-465x311.jpg 465w\" sizes=\"auto, (max-width: 600px) 100vw, 600px\" \/> <img loading=\"lazy\" decoding=\"async\" class=\"aligncenter size-large wp-image-62129\" src=\"https:\/\/tomajazz.com\/web\/wp-content\/uploads\/2022\/03\/Arzz-Collective-2.jpg\" alt=\"\" width=\"600\" height=\"401\" title=\"\" srcset=\"https:\/\/tomajazz.com\/web\/wp-content\/uploads\/2022\/03\/Arzz-Collective-2.jpg 600w, https:\/\/tomajazz.com\/web\/wp-content\/uploads\/2022\/03\/Arzz-Collective-2-200x134.jpg 200w, https:\/\/tomajazz.com\/web\/wp-content\/uploads\/2022\/03\/Arzz-Collective-2-465x311.jpg 465w\" sizes=\"auto, (max-width: 600px) 100vw, 600px\" \/> <img loading=\"lazy\" decoding=\"async\" class=\"aligncenter size-large wp-image-62130\" src=\"https:\/\/tomajazz.com\/web\/wp-content\/uploads\/2022\/03\/Arzz-Collective-3.jpg\" alt=\"\" width=\"401\" height=\"600\" title=\"\" srcset=\"https:\/\/tomajazz.com\/web\/wp-content\/uploads\/2022\/03\/Arzz-Collective-3.jpg 401w, https:\/\/tomajazz.com\/web\/wp-content\/uploads\/2022\/03\/Arzz-Collective-3-134x200.jpg 134w, https:\/\/tomajazz.com\/web\/wp-content\/uploads\/2022\/03\/Arzz-Collective-3-368x550.jpg 368w, https:\/\/tomajazz.com\/web\/wp-content\/uploads\/2022\/03\/Arzz-Collective-3-334x500.jpg 334w\" sizes=\"auto, (max-width: 401px) 100vw, 401px\" \/> <img loading=\"lazy\" decoding=\"async\" class=\"aligncenter size-large wp-image-62131\" src=\"https:\/\/tomajazz.com\/web\/wp-content\/uploads\/2022\/03\/Arzz-Collective-4.jpg\" alt=\"\" width=\"600\" height=\"401\" title=\"\" srcset=\"https:\/\/tomajazz.com\/web\/wp-content\/uploads\/2022\/03\/Arzz-Collective-4.jpg 600w, https:\/\/tomajazz.com\/web\/wp-content\/uploads\/2022\/03\/Arzz-Collective-4-200x134.jpg 200w, https:\/\/tomajazz.com\/web\/wp-content\/uploads\/2022\/03\/Arzz-Collective-4-465x311.jpg 465w\" sizes=\"auto, (max-width: 600px) 100vw, 600px\" \/> <img loading=\"lazy\" decoding=\"async\" class=\"aligncenter size-large wp-image-62132\" src=\"https:\/\/tomajazz.com\/web\/wp-content\/uploads\/2022\/03\/Arzz-Collective-5.jpg\" alt=\"\" width=\"600\" height=\"401\" title=\"\" srcset=\"https:\/\/tomajazz.com\/web\/wp-content\/uploads\/2022\/03\/Arzz-Collective-5.jpg 600w, https:\/\/tomajazz.com\/web\/wp-content\/uploads\/2022\/03\/Arzz-Collective-5-200x134.jpg 200w, https:\/\/tomajazz.com\/web\/wp-content\/uploads\/2022\/03\/Arzz-Collective-5-465x311.jpg 465w\" sizes=\"auto, (max-width: 600px) 100vw, 600px\" \/> <img loading=\"lazy\" decoding=\"async\" class=\"aligncenter size-large wp-image-62133\" src=\"https:\/\/tomajazz.com\/web\/wp-content\/uploads\/2022\/03\/Arzz-Collective-6.jpg\" alt=\"\" width=\"600\" height=\"400\" title=\"\" srcset=\"https:\/\/tomajazz.com\/web\/wp-content\/uploads\/2022\/03\/Arzz-Collective-6.jpg 600w, https:\/\/tomajazz.com\/web\/wp-content\/uploads\/2022\/03\/Arzz-Collective-6-200x133.jpg 200w, https:\/\/tomajazz.com\/web\/wp-content\/uploads\/2022\/03\/Arzz-Collective-6-465x310.jpg 465w\" sizes=\"auto, (max-width: 600px) 100vw, 600px\" \/> <img loading=\"lazy\" decoding=\"async\" class=\"aligncenter size-large wp-image-62134\" src=\"https:\/\/tomajazz.com\/web\/wp-content\/uploads\/2022\/03\/Arzz-Collective-7.jpg\" alt=\"\" width=\"401\" height=\"600\" title=\"\" srcset=\"https:\/\/tomajazz.com\/web\/wp-content\/uploads\/2022\/03\/Arzz-Collective-7.jpg 401w, https:\/\/tomajazz.com\/web\/wp-content\/uploads\/2022\/03\/Arzz-Collective-7-134x200.jpg 134w, https:\/\/tomajazz.com\/web\/wp-content\/uploads\/2022\/03\/Arzz-Collective-7-368x550.jpg 368w, https:\/\/tomajazz.com\/web\/wp-content\/uploads\/2022\/03\/Arzz-Collective-7-334x500.jpg 334w\" sizes=\"auto, (max-width: 401px) 100vw, 401px\" \/> <img loading=\"lazy\" decoding=\"async\" class=\"aligncenter size-large wp-image-62135\" src=\"https:\/\/tomajazz.com\/web\/wp-content\/uploads\/2022\/03\/Arzz-Collective-8.jpg\" alt=\"\" width=\"400\" height=\"600\" title=\"\" srcset=\"https:\/\/tomajazz.com\/web\/wp-content\/uploads\/2022\/03\/Arzz-Collective-8.jpg 400w, https:\/\/tomajazz.com\/web\/wp-content\/uploads\/2022\/03\/Arzz-Collective-8-133x200.jpg 133w, https:\/\/tomajazz.com\/web\/wp-content\/uploads\/2022\/03\/Arzz-Collective-8-367x550.jpg 367w, https:\/\/tomajazz.com\/web\/wp-content\/uploads\/2022\/03\/Arzz-Collective-8-333x500.jpg 333w\" sizes=\"auto, (max-width: 400px) 100vw, 400px\" \/> <img loading=\"lazy\" decoding=\"async\" class=\"aligncenter size-large wp-image-62136\" src=\"https:\/\/tomajazz.com\/web\/wp-content\/uploads\/2022\/03\/Arzz-Collective-9.jpg\" alt=\"\" width=\"600\" height=\"400\" title=\"\" srcset=\"https:\/\/tomajazz.com\/web\/wp-content\/uploads\/2022\/03\/Arzz-Collective-9.jpg 600w, https:\/\/tomajazz.com\/web\/wp-content\/uploads\/2022\/03\/Arzz-Collective-9-200x133.jpg 200w, https:\/\/tomajazz.com\/web\/wp-content\/uploads\/2022\/03\/Arzz-Collective-9-465x310.jpg 465w\" sizes=\"auto, (max-width: 600px) 100vw, 600px\" \/> <img loading=\"lazy\" decoding=\"async\" class=\"aligncenter size-large wp-image-62137\" src=\"https:\/\/tomajazz.com\/web\/wp-content\/uploads\/2022\/03\/Arzz-Collective-10.jpg\" alt=\"\" width=\"600\" height=\"400\" title=\"\" srcset=\"https:\/\/tomajazz.com\/web\/wp-content\/uploads\/2022\/03\/Arzz-Collective-10.jpg 600w, https:\/\/tomajazz.com\/web\/wp-content\/uploads\/2022\/03\/Arzz-Collective-10-200x133.jpg 200w, https:\/\/tomajazz.com\/web\/wp-content\/uploads\/2022\/03\/Arzz-Collective-10-465x310.jpg 465w\" sizes=\"auto, (max-width: 600px) 100vw, 600px\" \/><\/p>\n<p style=\"text-align: right;\">Tomajazz: \u00a9\u00a0<a href=\"https:\/\/www.flickr.com\/photos\/fgjazzgz\" target=\"_blank\" rel=\"noopener noreferrer\"><strong>Fabio Galicia<\/strong><\/a>, 2022<\/p>\n<h4>M\u00e1s informaci\u00f3n sobre Arzz Collective<\/h4>\n<p><a href=\"https:\/\/tomajazz.com\/web\/?s=arzz+collective&amp;submit=Search\" target=\"_blank\" rel=\"noopener\">https:\/\/tomajazz.com\/web\/?s=arzz+collective&amp;submit=Search<\/a><\/p>\n<h4>Toda la informaci\u00f3n de Jaca Club de Jazz<\/h4>\n<p>Entradas e informaci\u00f3n en\u00a0<a href=\"http:\/\/www.congresosjaca.es\/\" target=\"_blank\" rel=\"noopener\">http:\/\/www.congresosjaca.es\/<\/a><\/p>\n<blockquote class=\"wp-embedded-content\" data-secret=\"b2Y8KFedlx\"><p><a href=\"https:\/\/tomajazz.com\/web\/ralph-santos-sexteto-feat-ludmila-merceron-afrojazz-ciclo-jaca-club-de-jazz-2022-03-12-por-fabio-galicia-instantzz-aka-galeria-fotografica-aka-fotoblog-de-jazz-impro-y-algo-mas\/\">Ralph Santos Sexteto feat. Ludmila Mercer\u00f3n \u00abAfrojazz\u00bb (Ciclo Jaca Club de Jazz. 2022-03-12) Por Fabio Galicia [INSTANTZZ AKA Galer\u00eda fotogr\u00e1fica AKA Fotoblog de jazz, impro\u2026 y algo m\u00e1s]<\/a><\/p><\/blockquote>\n<p><iframe loading=\"lazy\" class=\"wp-embedded-content\" sandbox=\"allow-scripts\" security=\"restricted\" style=\"position: absolute; visibility: hidden;\" title=\"\u00abRalph Santos Sexteto feat. Ludmila Mercer\u00f3n \u00abAfrojazz\u00bb (Ciclo Jaca Club de Jazz. 2022-03-12) Por Fabio Galicia [INSTANTZZ AKA Galer\u00eda fotogr\u00e1fica AKA Fotoblog de jazz, impro\u2026 y algo m\u00e1s]\u00bb \u2014 Tomajazz\" src=\"https:\/\/tomajazz.com\/web\/ralph-santos-sexteto-feat-ludmila-merceron-afrojazz-ciclo-jaca-club-de-jazz-2022-03-12-por-fabio-galicia-instantzz-aka-galeria-fotografica-aka-fotoblog-de-jazz-impro-y-algo-mas\/embed\/#?secret=0Znx4iJGYj#?secret=b2Y8KFedlx\" data-secret=\"b2Y8KFedlx\" width=\"600\" height=\"338\" frameborder=\"0\" marginwidth=\"0\" marginheight=\"0\" scrolling=\"no\"><\/iframe><\/p>\n<h4>Fabio Galicia en Tomajazz<\/h4>\n<p><a href=\"https:\/\/tomajazz.com\/web\/?cat=22655\" target=\"_blank\" rel=\"noopener\">https:\/\/tomajazz.com\/web\/?cat=22655<\/a><\/p>\n","protected":false},"excerpt":{"rendered":"<p>En INSTANTZZ una galer\u00eda fotogr\u00e1fica de Fabio Galicia con la actuaci\u00f3n de Arzz Collective en el Ciclo Jaca Club de Jazz, el 19 de marzo de 2022. <span class=\"more-link\"><a href=\"https:\/\/tomajazz.com\/web\/arzz-collective-feat-joan-mar-sauque-ciclo-jaca-club-de-jazz-2022-03-19-por-fabio-galicia-instantzz-aka-galeria-fotografica-aka-fotoblog-de-jazz-impro-y-algo-mas\/\">Contin\u00faa leyendo<\/a><\/span><\/p>\n","protected":false},"author":1,"featured_media":62136,"comment_status":"open","ping_status":"closed","sticky":false,"template":"","format":"standard","meta":{"jetpack_post_was_ever_published":false,"_jetpack_newsletter_access":"","_jetpack_dont_email_post_to_subs":false,"_jetpack_newsletter_tier_id":0,"_jetpack_memberships_contains_paywalled_content":false,"_jetpack_memberships_contains_paid_content":false,"footnotes":""},"categories":[11261,22655,11262,15516,1038],"tags":[26800,24897,20309,26801,22659,10879,17251],"class_list":["entry","author-pachi","has-excerpt","post-62127","post","type-post","status-publish","format-standard","has-post-thumbnail","category-instantzz","category-_fabio-galicia","category-photoblogs","category-imagenes","category-contenidos","tag-alejandro-esperanza-dani-escolano","tag-arzz-collective","tag-cesar-del-val","tag-ciclo-jaca-club-de-jazz","tag-fabio-galicia","tag-fran-gazol","tag-joan-mar-sauque"],"jetpack_featured_media_url":"https:\/\/tomajazz.com\/web\/wp-content\/uploads\/2022\/03\/Arzz-Collective-9.jpg","jetpack_likes_enabled":true,"jetpack_sharing_enabled":true,"jetpack-related-posts":[{"id":104681,"url":"https:\/\/tomajazz.com\/web\/abe-rabade-jaca-club-de-jazz-2026\/","url_meta":{"origin":62127,"position":0},"title":"Abe R\u00e1bade (Ciclo Jaca Club de Jazz 2026. Palacio de Congresos, Jaca. 2026-03-21) Por Fabio Galicia [INSTANTZZ AKA Galer\u00eda fotogr\u00e1fica AKA Fotoblog de jazz, impro\u2026 y algo m\u00e1s]","author":"Tomajazz","date":"3 abril, 2026","format":false,"excerpt":"Abe R\u00e1bade actu\u00f3 en el Ciclo Jaca Club de Jazz 2026, el 21 de marzo de 2026. Fabio Galicia lo retrata en INSTANTZZ. Actuaron Abe R\u00e1bade y Ariel Br\u00ednguez","rel":"","context":"En \u00abINSTANTZZ\u00bb","block_context":{"text":"INSTANTZZ","link":"https:\/\/tomajazz.com\/web\/category\/contenidos\/imagenes\/photoblogs\/instantzz\/"},"img":{"alt_text":"Abe R\u00e1bade (Ciclo Jaca Club de Jazz 2026. Palacio de Congresos, Jaca. 2026-03-21) Por Fabio Galicia [INSTANTZZ AKA Galer\u00eda fotogr\u00e1fica AKA Fotoblog de jazz, impro\u2026 y algo m\u00e1s] - Tomajazz - Abe R\u00e1bade actu\u00f3 en el Ciclo Jaca Club de Jazz 2026, el 21 de marzo de 2026. Fabio Galicia lo retrata en INSTANTZZ. Actuaron Abe R\u00e1bade y Ariel Br\u00ednguez","src":"https:\/\/i0.wp.com\/tomajazz.com\/web\/wp-content\/uploads\/2026\/04\/2603021-ABE-RABADE-12.jpg?resize=350%2C200&ssl=1","width":350,"height":200,"srcset":"https:\/\/i0.wp.com\/tomajazz.com\/web\/wp-content\/uploads\/2026\/04\/2603021-ABE-RABADE-12.jpg?resize=350%2C200&ssl=1 1x, https:\/\/i0.wp.com\/tomajazz.com\/web\/wp-content\/uploads\/2026\/04\/2603021-ABE-RABADE-12.jpg?resize=525%2C300&ssl=1 1.5x, https:\/\/i0.wp.com\/tomajazz.com\/web\/wp-content\/uploads\/2026\/04\/2603021-ABE-RABADE-12.jpg?resize=700%2C400&ssl=1 2x, https:\/\/i0.wp.com\/tomajazz.com\/web\/wp-content\/uploads\/2026\/04\/2603021-ABE-RABADE-12.jpg?resize=1050%2C600&ssl=1 3x"},"classes":[]},{"id":104748,"url":"https:\/\/tomajazz.com\/web\/ivan-lewis-trio-jaca-club-de-jazz-2026\/","url_meta":{"origin":62127,"position":1},"title":"Iv\u00e1n Lewis Tr\u00edo \u201cLuces y sombras\u201d (Ciclo Jaca Club de Jazz 2026. Palacio de Congresos, Jaca. 2026-03-28) Por Fabio Galicia [INSTANTZZ AKA Galer\u00eda fotogr\u00e1fica AKA Fotoblog de jazz, impro\u2026 y algo m\u00e1s]","author":"Tomajazz","date":"6 abril, 2026","format":false,"excerpt":"Iv\u00e1n Lewis Tr\u00edo \u201cLuces y sombras\u201d actu\u00f3 en el Ciclo Jaca Club de Jazz 2026, el 28 de marzo de 2026. Fabio Galicia lo retrata en INSTANTZZ. Actuaron Iv\u00e1n Lewis, Yandy Mart\u00ednez, Georvis Pico","rel":"","context":"En \u00abINSTANTZZ\u00bb","block_context":{"text":"INSTANTZZ","link":"https:\/\/tomajazz.com\/web\/category\/contenidos\/imagenes\/photoblogs\/instantzz\/"},"img":{"alt_text":"Iv\u00e1n Lewis Tr\u00edo \u201cLuces y sombras\u201d (Ciclo Jaca Club de Jazz 2026. Palacio de Congresos, Jaca. 2026-03-28) Por Fabio Galicia [INSTANTZZ AKA Galer\u00eda fotogr\u00e1fica AKA Fotoblog de jazz, impro\u2026 y algo m\u00e1s] - Tomajazz - Iv\u00e1n Lewis Tr\u00edo \u201cLuces y sombras\u201d actu\u00f3 en el Ciclo Jaca Club de Jazz 2026, el 28 de marzo de 2026. Fabio Galicia lo retrata en INSTANTZZ. Actuaron","src":"https:\/\/i0.wp.com\/tomajazz.com\/web\/wp-content\/uploads\/2026\/04\/260328-IVAN-LEWIS-9.jpg?resize=350%2C200&ssl=1","width":350,"height":200,"srcset":"https:\/\/i0.wp.com\/tomajazz.com\/web\/wp-content\/uploads\/2026\/04\/260328-IVAN-LEWIS-9.jpg?resize=350%2C200&ssl=1 1x, https:\/\/i0.wp.com\/tomajazz.com\/web\/wp-content\/uploads\/2026\/04\/260328-IVAN-LEWIS-9.jpg?resize=525%2C300&ssl=1 1.5x, https:\/\/i0.wp.com\/tomajazz.com\/web\/wp-content\/uploads\/2026\/04\/260328-IVAN-LEWIS-9.jpg?resize=700%2C400&ssl=1 2x, https:\/\/i0.wp.com\/tomajazz.com\/web\/wp-content\/uploads\/2026\/04\/260328-IVAN-LEWIS-9.jpg?resize=1050%2C600&ssl=1 3x"},"classes":[]},{"id":52401,"url":"https:\/\/tomajazz.com\/web\/instantzz-huesca-es-jazz-iv-arzz-collective-huesca-2020-09-19-galeria-fotografica-aka-fotoblog-de-jazz-impro-y-algo-mas-por-fabio-galicia\/","url_meta":{"origin":62127,"position":2},"title":"INSTANTZZ: Huesca es Jazz IV. Arzz Collective (Huesca. 2020-09-19) [Galer\u00eda fotogr\u00e1fica AKA Fotoblog de jazz, impro\u2026 y algo m\u00e1s] Por Fabio Galicia","author":"Tomajazz","date":"3 octubre, 2020","format":false,"excerpt":"En la cuarta entrega de los reportajes fotogr\u00e1ficos de Huesca es Jazz, Fabio Galicia retrata en INSTANTZZ a Arzz Collective.","rel":"","context":"En \u00abFotoblog - Galer\u00eda fotogr\u00e1fica\u00bb","block_context":{"text":"Fotoblog - Galer\u00eda fotogr\u00e1fica","link":"https:\/\/tomajazz.com\/web\/category\/contenidos\/imagenes\/photoblogs\/"},"img":{"alt_text":"","src":"https:\/\/i0.wp.com\/tomajazz.com\/web\/wp-content\/uploads\/2020\/10\/ARZZ-Collective-10.jpg?resize=350%2C200&ssl=1","width":350,"height":200,"srcset":"https:\/\/i0.wp.com\/tomajazz.com\/web\/wp-content\/uploads\/2020\/10\/ARZZ-Collective-10.jpg?resize=350%2C200&ssl=1 1x, https:\/\/i0.wp.com\/tomajazz.com\/web\/wp-content\/uploads\/2020\/10\/ARZZ-Collective-10.jpg?resize=525%2C300&ssl=1 1.5x"},"classes":[]},{"id":61732,"url":"https:\/\/tomajazz.com\/web\/jaca-club-de-jazz-marzo-2022-noticias-de-jazz\/","url_meta":{"origin":62127,"position":3},"title":"Jaca Club de Jazz (Marzo 2022) [Noticias de jazz]","author":"Tomajazz","date":"7 marzo, 2022","format":false,"excerpt":"Durante el mes de marzo tendr\u00e1 lugar la programaci\u00f3n de Jaca Club de Jazz con varios conciertos, proyecciones y sendas exposiciones fotogr\u00e1ficas de Fabio Galicia.","rel":"","context":"En \u00abNoticias\u00bb","block_context":{"text":"Noticias","link":"https:\/\/tomajazz.com\/web\/category\/contenidos\/noticias-2\/"},"img":{"alt_text":"Jaca Club de Jazz Marzo 2022","src":"https:\/\/i0.wp.com\/tomajazz.com\/web\/wp-content\/uploads\/2022\/03\/Jaca-Club-de-Jazz-Marzo-2022.jpeg?resize=350%2C200&ssl=1","width":350,"height":200,"srcset":"https:\/\/i0.wp.com\/tomajazz.com\/web\/wp-content\/uploads\/2022\/03\/Jaca-Club-de-Jazz-Marzo-2022.jpeg?resize=350%2C200&ssl=1 1x, https:\/\/i0.wp.com\/tomajazz.com\/web\/wp-content\/uploads\/2022\/03\/Jaca-Club-de-Jazz-Marzo-2022.jpeg?resize=525%2C300&ssl=1 1.5x"},"classes":[]},{"id":62533,"url":"https:\/\/tomajazz.com\/web\/big-band-de-la-escuela-municipal-de-musica-de-jaca-ciclo-jaca-club-de-jazz-2022-03-26-por-fabio-galicia-instantzz-aka-galeria-fotografica-aka-fotoblog-de-jazz-impro-y-algo-mas\/","url_meta":{"origin":62127,"position":4},"title":"Big Band de la Escuela Municipal de M\u00fasica de Jaca (Ciclo Jaca Club de Jazz. 2022-03-26) Por Fabio Galicia [INSTANTZZ AKA Galer\u00eda fotogr\u00e1fica AKA Fotoblog de jazz, impro\u2026 y algo m\u00e1s]","author":"Tomajazz","date":"3 abril, 2022","format":false,"excerpt":"En INSTANTZZ finaliza el repaso de Fabio Galicia al ciclo de 2022 de Jaca Club de Jazz con la actuaci\u00f3n de Big Band de la Escuela Municipal de M\u00fasica de Jaca.","rel":"","context":"En \u00abINSTANTZZ\u00bb","block_context":{"text":"INSTANTZZ","link":"https:\/\/tomajazz.com\/web\/category\/contenidos\/imagenes\/photoblogs\/instantzz\/"},"img":{"alt_text":"Big Band de la Escuela Municipal de M\u00fasica de Jaca (Ciclo Jaca Club de Jazz. 2022-03-26) Por Fabio Galicia [INSTANTZZ AKA Galer\u00eda fotogr\u00e1fica AKA Fotoblog de jazz, impro\u2026 y algo m\u00e1s]","src":"https:\/\/i0.wp.com\/tomajazz.com\/web\/wp-content\/uploads\/2022\/04\/Big-Band-EMM-3.jpg?resize=350%2C200&ssl=1","width":350,"height":200,"srcset":"https:\/\/i0.wp.com\/tomajazz.com\/web\/wp-content\/uploads\/2022\/04\/Big-Band-EMM-3.jpg?resize=350%2C200&ssl=1 1x, https:\/\/i0.wp.com\/tomajazz.com\/web\/wp-content\/uploads\/2022\/04\/Big-Band-EMM-3.jpg?resize=525%2C300&ssl=1 1.5x"},"classes":[]},{"id":104895,"url":"https:\/\/tomajazz.com\/web\/olga-pericet-jaca-2026\/","url_meta":{"origin":62127,"position":5},"title":"Olga Pericet \u201cBaile Sonoro\u201d (Palacio de Congresos, Jaca. 2026-03-28) Por Fabio Galicia [Flamencuras AKA INSTANTZZ AKA Galer\u00eda fotogr\u00e1fica AKA Fotoblog de jazz, impro\u2026 y algo m\u00e1s]","author":"Tomajazz","date":"15 abril, 2026","format":false,"excerpt":"Olga Pericet \u201cBaile Sonoro\u201d actu\u00f3 en el Palacio de Congresos de Jaca, el 28 de marzo de 2026. Fabio Galicia lo retrata en las Flamencuras de INSTANTZZ. Con Jos\u00e9 Manuel Le\u00f3n, Mercedes Cort\u00e9s, Olga Pericet","rel":"","context":"En \u00abFlamencuras\u00bb","block_context":{"text":"Flamencuras","link":"https:\/\/tomajazz.com\/web\/category\/contenidos\/imagenes\/photoblogs\/flamencuras\/"},"img":{"alt_text":"Olga Pericet \u201cBaile Sonoro\u201d (Palacio de Congresos, Jaca. 2026-03-28) Por Fabio Galicia [Flamencuras AKA INSTANTZZ AKA Galer\u00eda fotogr\u00e1fica AKA Fotoblog de jazz, impro\u2026 y algo m\u00e1s] - Tomajazz - Olga Pericet \u201cBaile Sonoro\u201d actu\u00f3 en el Palacio de Congresos de Jaca, el 28 de marzo de 2026. Fabio Galicia lo retrata en las Flamencuras de INSTANTZZ. Con Jos\u00e9 Manuel Le\u00f3n, Mercedes Cort\u00e9s, Olga Pericet\n","src":"https:\/\/i0.wp.com\/tomajazz.com\/web\/wp-content\/uploads\/2026\/04\/Olga-Pericet-29.jpg?resize=350%2C200&ssl=1","width":350,"height":200,"srcset":"https:\/\/i0.wp.com\/tomajazz.com\/web\/wp-content\/uploads\/2026\/04\/Olga-Pericet-29.jpg?resize=350%2C200&ssl=1 1x, https:\/\/i0.wp.com\/tomajazz.com\/web\/wp-content\/uploads\/2026\/04\/Olga-Pericet-29.jpg?resize=525%2C300&ssl=1 1.5x, https:\/\/i0.wp.com\/tomajazz.com\/web\/wp-content\/uploads\/2026\/04\/Olga-Pericet-29.jpg?resize=700%2C400&ssl=1 2x, https:\/\/i0.wp.com\/tomajazz.com\/web\/wp-content\/uploads\/2026\/04\/Olga-Pericet-29.jpg?resize=1050%2C600&ssl=1 3x"},"classes":[]}],"_links":{"self":[{"href":"https:\/\/tomajazz.com\/web\/wp-json\/wp\/v2\/posts\/62127","targetHints":{"allow":["GET"]}}],"collection":[{"href":"https:\/\/tomajazz.com\/web\/wp-json\/wp\/v2\/posts"}],"about":[{"href":"https:\/\/tomajazz.com\/web\/wp-json\/wp\/v2\/types\/post"}],"author":[{"embeddable":true,"href":"https:\/\/tomajazz.com\/web\/wp-json\/wp\/v2\/users\/1"}],"replies":[{"embeddable":true,"href":"https:\/\/tomajazz.com\/web\/wp-json\/wp\/v2\/comments?post=62127"}],"version-history":[{"count":2,"href":"https:\/\/tomajazz.com\/web\/wp-json\/wp\/v2\/posts\/62127\/revisions"}],"predecessor-version":[{"id":62139,"href":"https:\/\/tomajazz.com\/web\/wp-json\/wp\/v2\/posts\/62127\/revisions\/62139"}],"wp:featuredmedia":[{"embeddable":true,"href":"https:\/\/tomajazz.com\/web\/wp-json\/wp\/v2\/media\/62136"}],"wp:attachment":[{"href":"https:\/\/tomajazz.com\/web\/wp-json\/wp\/v2\/media?parent=62127"}],"wp:term":[{"taxonomy":"category","embeddable":true,"href":"https:\/\/tomajazz.com\/web\/wp-json\/wp\/v2\/categories?post=62127"},{"taxonomy":"post_tag","embeddable":true,"href":"https:\/\/tomajazz.com\/web\/wp-json\/wp\/v2\/tags?post=62127"}],"curies":[{"name":"wp","href":"https:\/\/api.w.org\/{rel}","templated":true}]}}