{"id":62184,"date":"2022-03-22T12:00:38","date_gmt":"2022-03-22T11:00:38","guid":{"rendered":"https:\/\/www.tomajazz.com\/web\/?p=62184"},"modified":"2022-03-23T18:13:13","modified_gmt":"2022-03-23T17:13:13","slug":"talveg-the-art-of-sweeping-things-sampler-series-lauditori-sala-3-tete-montoliu-barcelona-2022-01-21-por-joan-cortes-instantzz-aka-galeria-fotografica-aka-fotoblog-d","status":"publish","type":"post","link":"https:\/\/tomajazz.com\/web\/talveg-the-art-of-sweeping-things-sampler-series-lauditori-sala-3-tete-montoliu-barcelona-2022-01-21-por-joan-cortes-instantzz-aka-galeria-fotografica-aka-fotoblog-d\/","title":{"rendered":"T\u00e0lveg \u201cThe Art of Sweeping Things\u201d (Sampler S\u00e8ries, L\u2019Auditori, Sala 3-Tete Montoliu, Barcelona. 2022-01-21) Por Joan Cort\u00e8s  [INSTANTZZ AKA Galer\u00eda fotogr\u00e1fica AKA Fotoblog de jazz, impro\u2026 y algo m\u00e1s]"},"content":{"rendered":"<p><strong><a href=\"https:\/\/www.auditori.cat\/es\/sampler-series-21-22\" target=\"_blank\" rel=\"noopener\">Sampler S\u00e8ries<\/a><\/strong><\/p>\n<ul>\n<li>Fecha: viernes, 21 de enero de 2022<\/li>\n<li>Lugar: L\u2019Auditori, Sala 3-Tete Montoliu (Barcelona)<\/li>\n<li>Grupo:<br \/>\n<strong>T\u00e0lveg<br \/>\n<\/strong>Marcel\u00b7l\u00ed Bayer, clarinete bajo y saxo bar\u00edtono<br \/>\nFerran Fages, guitarra<br \/>\nOriol Roca, bater\u00eda<\/li>\n<\/ul>\n<p style=\"text-align: center;\"><img loading=\"lazy\" decoding=\"async\" class=\"aligncenter size-full wp-image-62185\" src=\"https:\/\/tomajazz.com\/web\/wp-content\/uploads\/2022\/03\/01_Tlvg-Joan-Cortes_21en22_Smplr-Srs_Ldtr-S3TM_Bcn.jpg\" alt=\"\" width=\"600\" height=\"399\" title=\"\" srcset=\"https:\/\/tomajazz.com\/web\/wp-content\/uploads\/2022\/03\/01_Tlvg-Joan-Cortes_21en22_Smplr-Srs_Ldtr-S3TM_Bcn.jpg 600w, https:\/\/tomajazz.com\/web\/wp-content\/uploads\/2022\/03\/01_Tlvg-Joan-Cortes_21en22_Smplr-Srs_Ldtr-S3TM_Bcn-200x133.jpg 200w, https:\/\/tomajazz.com\/web\/wp-content\/uploads\/2022\/03\/01_Tlvg-Joan-Cortes_21en22_Smplr-Srs_Ldtr-S3TM_Bcn-465x309.jpg 465w\" sizes=\"auto, (max-width: 600px) 100vw, 600px\" \/> <img loading=\"lazy\" decoding=\"async\" class=\"aligncenter size-large wp-image-62186\" src=\"https:\/\/tomajazz.com\/web\/wp-content\/uploads\/2022\/03\/02_Tlvg-Joan-Cortes_21en22_Smplr-Srs_Ldtr-S3TM_Bcn.jpg\" alt=\"\" width=\"399\" height=\"600\" title=\"\" srcset=\"https:\/\/tomajazz.com\/web\/wp-content\/uploads\/2022\/03\/02_Tlvg-Joan-Cortes_21en22_Smplr-Srs_Ldtr-S3TM_Bcn.jpg 399w, https:\/\/tomajazz.com\/web\/wp-content\/uploads\/2022\/03\/02_Tlvg-Joan-Cortes_21en22_Smplr-Srs_Ldtr-S3TM_Bcn-133x200.jpg 133w, https:\/\/tomajazz.com\/web\/wp-content\/uploads\/2022\/03\/02_Tlvg-Joan-Cortes_21en22_Smplr-Srs_Ldtr-S3TM_Bcn-366x550.jpg 366w, https:\/\/tomajazz.com\/web\/wp-content\/uploads\/2022\/03\/02_Tlvg-Joan-Cortes_21en22_Smplr-Srs_Ldtr-S3TM_Bcn-333x500.jpg 333w\" sizes=\"auto, (max-width: 399px) 100vw, 399px\" \/> <img loading=\"lazy\" decoding=\"async\" class=\"aligncenter size-large wp-image-62187\" src=\"https:\/\/tomajazz.com\/web\/wp-content\/uploads\/2022\/03\/03_Tlvg-Joan-Cortes_21en22_Smplr-Srs_Ldtr-S3TM_Bcn.jpg\" alt=\"\" width=\"600\" height=\"399\" title=\"\" srcset=\"https:\/\/tomajazz.com\/web\/wp-content\/uploads\/2022\/03\/03_Tlvg-Joan-Cortes_21en22_Smplr-Srs_Ldtr-S3TM_Bcn.jpg 600w, https:\/\/tomajazz.com\/web\/wp-content\/uploads\/2022\/03\/03_Tlvg-Joan-Cortes_21en22_Smplr-Srs_Ldtr-S3TM_Bcn-200x133.jpg 200w, https:\/\/tomajazz.com\/web\/wp-content\/uploads\/2022\/03\/03_Tlvg-Joan-Cortes_21en22_Smplr-Srs_Ldtr-S3TM_Bcn-465x309.jpg 465w\" sizes=\"auto, (max-width: 600px) 100vw, 600px\" \/> <img loading=\"lazy\" decoding=\"async\" class=\"aligncenter size-large wp-image-62188\" src=\"https:\/\/tomajazz.com\/web\/wp-content\/uploads\/2022\/03\/04_Tlvg-Joan-Cortes_21en22_Smplr-Srs_Ldtr-S3TM_Bcn.jpg\" alt=\"\" width=\"399\" height=\"600\" title=\"\" srcset=\"https:\/\/tomajazz.com\/web\/wp-content\/uploads\/2022\/03\/04_Tlvg-Joan-Cortes_21en22_Smplr-Srs_Ldtr-S3TM_Bcn.jpg 399w, https:\/\/tomajazz.com\/web\/wp-content\/uploads\/2022\/03\/04_Tlvg-Joan-Cortes_21en22_Smplr-Srs_Ldtr-S3TM_Bcn-133x200.jpg 133w, https:\/\/tomajazz.com\/web\/wp-content\/uploads\/2022\/03\/04_Tlvg-Joan-Cortes_21en22_Smplr-Srs_Ldtr-S3TM_Bcn-366x550.jpg 366w, https:\/\/tomajazz.com\/web\/wp-content\/uploads\/2022\/03\/04_Tlvg-Joan-Cortes_21en22_Smplr-Srs_Ldtr-S3TM_Bcn-333x500.jpg 333w\" sizes=\"auto, (max-width: 399px) 100vw, 399px\" \/> <img loading=\"lazy\" decoding=\"async\" class=\"aligncenter size-large wp-image-62189\" src=\"https:\/\/tomajazz.com\/web\/wp-content\/uploads\/2022\/03\/05_Tlvg-Joan-Cortes_21en22_Smplr-Srs_Ldtr-S3TM_Bcn.jpg\" alt=\"\" width=\"399\" height=\"600\" title=\"\" srcset=\"https:\/\/tomajazz.com\/web\/wp-content\/uploads\/2022\/03\/05_Tlvg-Joan-Cortes_21en22_Smplr-Srs_Ldtr-S3TM_Bcn.jpg 399w, https:\/\/tomajazz.com\/web\/wp-content\/uploads\/2022\/03\/05_Tlvg-Joan-Cortes_21en22_Smplr-Srs_Ldtr-S3TM_Bcn-133x200.jpg 133w, https:\/\/tomajazz.com\/web\/wp-content\/uploads\/2022\/03\/05_Tlvg-Joan-Cortes_21en22_Smplr-Srs_Ldtr-S3TM_Bcn-366x550.jpg 366w, https:\/\/tomajazz.com\/web\/wp-content\/uploads\/2022\/03\/05_Tlvg-Joan-Cortes_21en22_Smplr-Srs_Ldtr-S3TM_Bcn-333x500.jpg 333w\" sizes=\"auto, (max-width: 399px) 100vw, 399px\" \/> <img loading=\"lazy\" decoding=\"async\" class=\"aligncenter size-large wp-image-62190\" src=\"https:\/\/tomajazz.com\/web\/wp-content\/uploads\/2022\/03\/06_Tlvg-Joan-Cortes_21en22_Smplr-Srs_Ldtr-S3TM_Bcn.jpg\" alt=\"\" width=\"399\" height=\"600\" title=\"\" srcset=\"https:\/\/tomajazz.com\/web\/wp-content\/uploads\/2022\/03\/06_Tlvg-Joan-Cortes_21en22_Smplr-Srs_Ldtr-S3TM_Bcn.jpg 399w, https:\/\/tomajazz.com\/web\/wp-content\/uploads\/2022\/03\/06_Tlvg-Joan-Cortes_21en22_Smplr-Srs_Ldtr-S3TM_Bcn-133x200.jpg 133w, https:\/\/tomajazz.com\/web\/wp-content\/uploads\/2022\/03\/06_Tlvg-Joan-Cortes_21en22_Smplr-Srs_Ldtr-S3TM_Bcn-366x550.jpg 366w, https:\/\/tomajazz.com\/web\/wp-content\/uploads\/2022\/03\/06_Tlvg-Joan-Cortes_21en22_Smplr-Srs_Ldtr-S3TM_Bcn-333x500.jpg 333w\" sizes=\"auto, (max-width: 399px) 100vw, 399px\" \/> <img loading=\"lazy\" decoding=\"async\" class=\"aligncenter size-large wp-image-62191\" src=\"https:\/\/tomajazz.com\/web\/wp-content\/uploads\/2022\/03\/07_Tlvg-Joan-Cortes_21en22_Smplr-Srs_Ldtr-S3TM_Bcn.jpg\" alt=\"\" width=\"399\" height=\"600\" title=\"\" srcset=\"https:\/\/tomajazz.com\/web\/wp-content\/uploads\/2022\/03\/07_Tlvg-Joan-Cortes_21en22_Smplr-Srs_Ldtr-S3TM_Bcn.jpg 399w, https:\/\/tomajazz.com\/web\/wp-content\/uploads\/2022\/03\/07_Tlvg-Joan-Cortes_21en22_Smplr-Srs_Ldtr-S3TM_Bcn-133x200.jpg 133w, https:\/\/tomajazz.com\/web\/wp-content\/uploads\/2022\/03\/07_Tlvg-Joan-Cortes_21en22_Smplr-Srs_Ldtr-S3TM_Bcn-366x550.jpg 366w, https:\/\/tomajazz.com\/web\/wp-content\/uploads\/2022\/03\/07_Tlvg-Joan-Cortes_21en22_Smplr-Srs_Ldtr-S3TM_Bcn-333x500.jpg 333w\" sizes=\"auto, (max-width: 399px) 100vw, 399px\" \/> <img loading=\"lazy\" decoding=\"async\" class=\"aligncenter size-large wp-image-62192\" src=\"https:\/\/tomajazz.com\/web\/wp-content\/uploads\/2022\/03\/08_Tlvg-Joan-Cortes_21en22_Smplr-Srs_Ldtr-S3TM_Bcn.jpg\" alt=\"\" width=\"399\" height=\"600\" title=\"\" srcset=\"https:\/\/tomajazz.com\/web\/wp-content\/uploads\/2022\/03\/08_Tlvg-Joan-Cortes_21en22_Smplr-Srs_Ldtr-S3TM_Bcn.jpg 399w, https:\/\/tomajazz.com\/web\/wp-content\/uploads\/2022\/03\/08_Tlvg-Joan-Cortes_21en22_Smplr-Srs_Ldtr-S3TM_Bcn-133x200.jpg 133w, https:\/\/tomajazz.com\/web\/wp-content\/uploads\/2022\/03\/08_Tlvg-Joan-Cortes_21en22_Smplr-Srs_Ldtr-S3TM_Bcn-366x550.jpg 366w, https:\/\/tomajazz.com\/web\/wp-content\/uploads\/2022\/03\/08_Tlvg-Joan-Cortes_21en22_Smplr-Srs_Ldtr-S3TM_Bcn-333x500.jpg 333w\" sizes=\"auto, (max-width: 399px) 100vw, 399px\" \/> <img loading=\"lazy\" decoding=\"async\" class=\"aligncenter size-large wp-image-62193\" src=\"https:\/\/tomajazz.com\/web\/wp-content\/uploads\/2022\/03\/09_Tlvg-Joan-Cortes_21en22_Smplr-Srs_Ldtr-S3TM_Bcn.jpg\" alt=\"\" width=\"399\" height=\"600\" title=\"\" srcset=\"https:\/\/tomajazz.com\/web\/wp-content\/uploads\/2022\/03\/09_Tlvg-Joan-Cortes_21en22_Smplr-Srs_Ldtr-S3TM_Bcn.jpg 399w, https:\/\/tomajazz.com\/web\/wp-content\/uploads\/2022\/03\/09_Tlvg-Joan-Cortes_21en22_Smplr-Srs_Ldtr-S3TM_Bcn-133x200.jpg 133w, https:\/\/tomajazz.com\/web\/wp-content\/uploads\/2022\/03\/09_Tlvg-Joan-Cortes_21en22_Smplr-Srs_Ldtr-S3TM_Bcn-366x550.jpg 366w, https:\/\/tomajazz.com\/web\/wp-content\/uploads\/2022\/03\/09_Tlvg-Joan-Cortes_21en22_Smplr-Srs_Ldtr-S3TM_Bcn-333x500.jpg 333w\" sizes=\"auto, (max-width: 399px) 100vw, 399px\" \/> <img loading=\"lazy\" decoding=\"async\" class=\"aligncenter size-large wp-image-62194\" src=\"https:\/\/tomajazz.com\/web\/wp-content\/uploads\/2022\/03\/10_Tlvg-Joan-Cortes_21en22_Smplr-Srs_Ldtr-S3TM_Bcn.jpg\" alt=\"\" width=\"399\" height=\"600\" title=\"\" srcset=\"https:\/\/tomajazz.com\/web\/wp-content\/uploads\/2022\/03\/10_Tlvg-Joan-Cortes_21en22_Smplr-Srs_Ldtr-S3TM_Bcn.jpg 399w, https:\/\/tomajazz.com\/web\/wp-content\/uploads\/2022\/03\/10_Tlvg-Joan-Cortes_21en22_Smplr-Srs_Ldtr-S3TM_Bcn-133x200.jpg 133w, https:\/\/tomajazz.com\/web\/wp-content\/uploads\/2022\/03\/10_Tlvg-Joan-Cortes_21en22_Smplr-Srs_Ldtr-S3TM_Bcn-366x550.jpg 366w, https:\/\/tomajazz.com\/web\/wp-content\/uploads\/2022\/03\/10_Tlvg-Joan-Cortes_21en22_Smplr-Srs_Ldtr-S3TM_Bcn-333x500.jpg 333w\" sizes=\"auto, (max-width: 399px) 100vw, 399px\" \/> <img loading=\"lazy\" decoding=\"async\" class=\"aligncenter size-large wp-image-62195\" src=\"https:\/\/tomajazz.com\/web\/wp-content\/uploads\/2022\/03\/11_Tlvg-Joan-Cortes_21en22_Smplr-Srs_Ldtr-S3TM_Bcn.jpg\" alt=\"\" width=\"600\" height=\"399\" title=\"\" srcset=\"https:\/\/tomajazz.com\/web\/wp-content\/uploads\/2022\/03\/11_Tlvg-Joan-Cortes_21en22_Smplr-Srs_Ldtr-S3TM_Bcn.jpg 600w, https:\/\/tomajazz.com\/web\/wp-content\/uploads\/2022\/03\/11_Tlvg-Joan-Cortes_21en22_Smplr-Srs_Ldtr-S3TM_Bcn-200x133.jpg 200w, https:\/\/tomajazz.com\/web\/wp-content\/uploads\/2022\/03\/11_Tlvg-Joan-Cortes_21en22_Smplr-Srs_Ldtr-S3TM_Bcn-465x309.jpg 465w\" sizes=\"auto, (max-width: 600px) 100vw, 600px\" \/><\/p>\n<p style=\"text-align: right;\">Tomajazz: \u00a9 <a href=\"https:\/\/www.facebook.com\/joan.cortesbenages\" target=\"_blank\" rel=\"noopener\"><strong>Joan Cort\u00e8s<\/strong><\/a>, 2022<\/p>\n<h4>M\u00e1s informaci\u00f3n sobre T\u00e0lveg<\/h4>\n<p><a href=\"http:\/\/www.talvegmusic.bandcamp.com\/\" target=\"_blank\" rel=\"noopener\">http:\/\/www.talvegmusic.bandcamp.com\/<\/a><\/p>\n<p><a href=\"https:\/\/www.marcellibayer.com\/\" target=\"_blank\" rel=\"noopener\">https:\/\/www.marcellibayer.com\/<\/a><\/p>\n<p><a href=\"https:\/\/tomajazz.com\/web\/?tag=marcel%c2%b7li-bayer\" target=\"_blank\" rel=\"noopener\">https:\/\/tomajazz.com\/web\/?tag=marcel%c2%b7li-bayer<\/a><\/p>\n<p><a href=\"https:\/\/www.instagram.com\/ferranfages\/?hl=es\" target=\"_blank\" rel=\"noopener\">https:\/\/www.instagram.com\/ferranfages\/?hl=es<\/a><\/p>\n<p><a href=\"https:\/\/tomajazz.com\/web\/?tag=ferran-fages\" target=\"_blank\" rel=\"noopener\">https:\/\/tomajazz.com\/web\/?tag=ferran-fages<\/a><\/p>\n<p><a href=\"https:\/\/oriolrocamusic.com\/\" target=\"_blank\" rel=\"noopener\">https:\/\/oriolrocamusic.com\/<\/a><\/p>\n<p><a href=\"https:\/\/tomajazz.com\/web\/?tag=oriol-roca\" target=\"_blank\" rel=\"noopener\">https:\/\/tomajazz.com\/web\/?tag=oriol-roca<\/a><\/p>\n<h4>Joan Cort\u00e8s en Tomajazz<\/h4>\n<p><a href=\"https:\/\/tomajazz.com\/web\/?cat=17853\" target=\"_blank\" rel=\"noopener\">https:\/\/tomajazz.com\/web\/?cat=17853<\/a><\/p>\n","protected":false},"excerpt":{"rendered":"<p>En INSTANTZZ una galer\u00eda fotogr\u00e1fica con la actuaci\u00f3n de T\u00e0lveg (Marcel\u00b7l\u00ed Bayer, Ferran Fages, Oriol Roca) en L&#8217;Auditori de Barcelona, dentro de las Sampler S\u00e8ries. Joan Cort\u00e8s es el autor de la galer\u00eda fotogr\u00e1fica. Es la primera vez que el grupo (no as\u00ed sus componentes), aparece retratado en Tomajazz. <span class=\"more-link\"><a href=\"https:\/\/tomajazz.com\/web\/talveg-the-art-of-sweeping-things-sampler-series-lauditori-sala-3-tete-montoliu-barcelona-2022-01-21-por-joan-cortes-instantzz-aka-galeria-fotografica-aka-fotoblog-d\/\">Contin\u00faa leyendo<\/a><\/span><\/p>\n","protected":false},"author":1,"featured_media":62188,"comment_status":"open","ping_status":"closed","sticky":false,"template":"","format":"standard","meta":{"jetpack_post_was_ever_published":false,"_jetpack_newsletter_access":"","_jetpack_dont_email_post_to_subs":false,"_jetpack_newsletter_tier_id":0,"_jetpack_memberships_contains_paywalled_content":false,"_jetpack_memberships_contains_paid_content":false,"footnotes":""},"categories":[11261,17853,11262,15516,1038],"tags":[876,1041,12064,1045,15405,26810,26811],"class_list":["entry","author-pachi","has-excerpt","post-62184","post","type-post","status-publish","format-standard","has-post-thumbnail","category-instantzz","category-joan-cortes","category-photoblogs","category-imagenes","category-contenidos","tag-ferran-fages","tag-joan-cortes","tag-marcelli-bayer","tag-oriol-roca","tag-sampler-series","tag-talveg","tag-talveg-the-art-of-sweeping-things"],"jetpack_featured_media_url":"https:\/\/tomajazz.com\/web\/wp-content\/uploads\/2022\/03\/04_Tlvg-Joan-Cortes_21en22_Smplr-Srs_Ldtr-S3TM_Bcn.jpg","jetpack_likes_enabled":true,"jetpack_sharing_enabled":true,"jetpack-related-posts":[{"id":49438,"url":"https:\/\/tomajazz.com\/web\/instantzz-trobada-de-23-improvisadors-23-robadors-barcelona-2020-01-02-galeria-fotografica\/","url_meta":{"origin":62184,"position":0},"title":"INSTANTZZ: Trobada (de 23) Improvisadors (23 Robadors, Barcelona. 2020-01-02) [Galer\u00eda fotogr\u00e1fica]","author":"Tomajazz","date":"5 marzo, 2020","format":false,"excerpt":"Marco Mezquida, Pablo V\u00e1zquez, Ricardo Tejero, Clara Lai, Ferran Fages, Jordi Pallar\u00e9s, El Pricto, Celeste Alias, Marcel\u00b7l\u00ed Bayer, Fernando Carrasco, S\u00f2nia S\u00e1nchez, Iv\u00e1n Gonz\u00e1lez, Amidea Clotet, Maximilian Hering, Oriol Roca, Ramon Prats, Tom Chant, Pol Padr\u00f3s, Javier Garrabella, Albert Cirera, \u00c0lex Reviriego, Joan Codina y Diana Palau, son los protagonistas\u2026","rel":"","context":"En \u00abFotoblog - Galer\u00eda fotogr\u00e1fica\u00bb","block_context":{"text":"Fotoblog - Galer\u00eda fotogr\u00e1fica","link":"https:\/\/tomajazz.com\/web\/category\/contenidos\/imagenes\/photoblogs\/"},"img":{"alt_text":"","src":"https:\/\/i0.wp.com\/tomajazz.com\/web\/wp-content\/uploads\/2020\/03\/14_Trbd-mprvsdrs-%C2%A9Joan-Cort%C3%A8s_02gen20_Rbdrs-23_Bcn.jpg?resize=350%2C200&ssl=1","width":350,"height":200,"srcset":"https:\/\/i0.wp.com\/tomajazz.com\/web\/wp-content\/uploads\/2020\/03\/14_Trbd-mprvsdrs-%C2%A9Joan-Cort%C3%A8s_02gen20_Rbdrs-23_Bcn.jpg?resize=350%2C200&ssl=1 1x, https:\/\/i0.wp.com\/tomajazz.com\/web\/wp-content\/uploads\/2020\/03\/14_Trbd-mprvsdrs-%C2%A9Joan-Cort%C3%A8s_02gen20_Rbdrs-23_Bcn.jpg?resize=525%2C300&ssl=1 1.5x"},"classes":[]},{"id":53750,"url":"https:\/\/tomajazz.com\/web\/instantzz-barcelona-art-orchestra-bao-revisiting-the-godfather-lauditori-sala-2-oriol-martorell-barcelona-2021-01-09-conciertos-de-jazz-por-joan-cortes\/","url_meta":{"origin":62184,"position":1},"title":"INSTANTZZ: Barcelona Art Orchestra -BAO- \u201cRevisiting The Godfather\u201d (L\u2019Auditori, sala 2 Oriol Martorell, Barcelona. 2021-01-09)  [Galer\u00eda fotogr\u00e1fica AKA Fotoblog de jazz, impro\u2026 y algo m\u00e1s]  Por Joan Cort\u00e8s","author":"Tomajazz","date":"28 enero, 2021","format":false,"excerpt":"Joan Cort\u00e9s dedica en INSTANTZZ una galer\u00eda fotogr\u00e1fica a la actuaci\u00f3n de Barcelona Art Orchestra -BAO- \u201cRevisiting The Godfather\u201d en L\u2019Auditori de Barcelona.","rel":"","context":"En \u00abINSTANTZZ\u00bb","block_context":{"text":"INSTANTZZ","link":"https:\/\/tomajazz.com\/web\/category\/contenidos\/imagenes\/photoblogs\/instantzz\/"},"img":{"alt_text":"","src":"https:\/\/i0.wp.com\/tomajazz.com\/web\/wp-content\/uploads\/2021\/01\/10_Bcn-rt-rchstr-Joan-Cortes_09gen2021_Ldtr_Bcn.jpg?resize=350%2C200&ssl=1","width":350,"height":200,"srcset":"https:\/\/i0.wp.com\/tomajazz.com\/web\/wp-content\/uploads\/2021\/01\/10_Bcn-rt-rchstr-Joan-Cortes_09gen2021_Ldtr_Bcn.jpg?resize=350%2C200&ssl=1 1x, https:\/\/i0.wp.com\/tomajazz.com\/web\/wp-content\/uploads\/2021\/01\/10_Bcn-rt-rchstr-Joan-Cortes_09gen2021_Ldtr_Bcn.jpg?resize=525%2C300&ssl=1 1.5x"},"classes":[]},{"id":104881,"url":"https:\/\/tomajazz.com\/web\/raul-refree-nino-de-elche-l-auditori-2026\/","url_meta":{"origin":62184,"position":2},"title":"Ra\u00fcl Refree &#038; Ni\u00f1o de Elche \u201cCru+es\u00bb (L\u2019Auditori, Sala 2 Oriol Martorell, 2026-02-28 \/ Barcelona-) Por Joan Cort\u00e8s [INSTANTZZ AKA Galer\u00eda fotogr\u00e1fica AKA Fotoblog de jazz, impro\u2026 y algo m\u00e1s]","author":"Tomajazz","date":"14 abril, 2026","format":false,"excerpt":"Ra\u00fcl Refree & Ni\u00f1o de Elche \u201cCru+es\" actuaron en L\u2019Auditori de Barcelona, el d\u00eda 28 de febrero de 2026. Joan Cort\u00e8s lo retrata en INSTANTZZ","rel":"","context":"En \u00abINSTANTZZ\u00bb","block_context":{"text":"INSTANTZZ","link":"https:\/\/tomajazz.com\/web\/category\/contenidos\/imagenes\/photoblogs\/instantzz\/"},"img":{"alt_text":"Ra\u00fcl Refree & Ni\u00f1o de Elche \u201cCru+es\" (L\u2019Auditori, Sala 2 Oriol Martorell, 2026-02-28 \/ Barcelona-) Por Joan Cort\u00e8s [INSTANTZZ AKA Galer\u00eda fotogr\u00e1fica AKA Fotoblog de jazz, impro\u2026 y algo m\u00e1s] - Tomajazz - Ra\u00fcl Refree & Ni\u00f1o de Elche \u201cCru+es\" actuaron en L\u2019Auditori de Barcelona, el d\u00eda 28 de febrero de 2026. Joan Cort\u00e8s lo retrata en INSTANTZZ","src":"https:\/\/i0.wp.com\/tomajazz.com\/web\/wp-content\/uploads\/2026\/04\/destacado-10-Rfr-Nn-lch-Joan-Cortes-28fbr26-L-dtr-Bcn.jpg?resize=350%2C200&ssl=1","width":350,"height":200,"srcset":"https:\/\/i0.wp.com\/tomajazz.com\/web\/wp-content\/uploads\/2026\/04\/destacado-10-Rfr-Nn-lch-Joan-Cortes-28fbr26-L-dtr-Bcn.jpg?resize=350%2C200&ssl=1 1x, https:\/\/i0.wp.com\/tomajazz.com\/web\/wp-content\/uploads\/2026\/04\/destacado-10-Rfr-Nn-lch-Joan-Cortes-28fbr26-L-dtr-Bcn.jpg?resize=525%2C300&ssl=1 1.5x"},"classes":[]},{"id":104270,"url":"https:\/\/tomajazz.com\/web\/anna-ferrer-pa-lauditori-barcelona-2026\/","url_meta":{"origin":62184,"position":3},"title":"Anna Ferrer \u201cPa\u201d (L\u2019Auditori S2\u2022OM, 2026-01-17 \/ Barcelona) Por Joan Cort\u00e8s [INSTANTZZ AKA Galer\u00eda fotogr\u00e1fica AKA Fotoblog de jazz, impro\u2026 y algo m\u00e1s]","author":"Tomajazz","date":"3 marzo, 2026","format":false,"excerpt":"Anna Ferrer \u201cPa\u201d actu\u00f3 en L\u2019Auditori S2\u2022OM de Barcelona el 17 de enero de 2026. Joan Cort\u00e8s lo retrata en INSTANTZZ","rel":"","context":"En \u00ab*_Joan Cort\u00e8s\u00bb","block_context":{"text":"*_Joan Cort\u00e8s","link":"https:\/\/tomajazz.com\/web\/category\/joan-cortes\/"},"img":{"alt_text":"Anna Ferrer \u201cPa\u201d (L\u2019Auditori S2\u2022OM, 2026-01-17 \/ Barcelona) Por Joan Cort\u00e8s [INSTANTZZ AKA Galer\u00eda fotogr\u00e1fica AKA Fotoblog de jazz, impro\u2026 y algo m\u00e1s] - Tomajazz - Anna Ferrer \u201cPa\u201d actu\u00f3 en L\u2019Auditori S2\u2022OM de Barcelona el 17 de enero de 2026. Joan Cort\u00e8s lo retrata en INSTANTZZ","src":"https:\/\/i0.wp.com\/tomajazz.com\/web\/wp-content\/uploads\/2026\/03\/destacada-02-nn-Frrr-Photo-By-Joan-Cortes-17gnr26-L-dtr-Bcn.jpg?resize=350%2C200&ssl=1","width":350,"height":200,"srcset":"https:\/\/i0.wp.com\/tomajazz.com\/web\/wp-content\/uploads\/2026\/03\/destacada-02-nn-Frrr-Photo-By-Joan-Cortes-17gnr26-L-dtr-Bcn.jpg?resize=350%2C200&ssl=1 1x, https:\/\/i0.wp.com\/tomajazz.com\/web\/wp-content\/uploads\/2026\/03\/destacada-02-nn-Frrr-Photo-By-Joan-Cortes-17gnr26-L-dtr-Bcn.jpg?resize=525%2C300&ssl=1 1.5x"},"classes":[]},{"id":25621,"url":"https:\/\/tomajazz.com\/web\/instantzz-otomo-yoshihide-pals-nilssen-love-lauditori-sala-3-tete-montoliu-sampler-series-barcelona-2016-05-21\/","url_meta":{"origin":62184,"position":4},"title":"INSTANTZZ: Otomo Yoshihide + Paal Nilssen-Love (L\u2019Auditori, Sala 3 Tete Montoliu, Sampler S\u00e8ries, Barcelona. 2016-05-21) [Galer\u00eda fotogr\u00e1fica]","author":"Tomajazz","date":"22 julio, 2016","format":false,"excerpt":"Fecha: S\u00e1bado, 21 de mayo de 2016 Lugar: L\u2019Auditori \u2013Sala 3: Tete Montoliu- Componentes: Otomo Yoshihide \u2013 Paal Nilssen-Love Otomo Yoshihide, guitarra el\u00e9ctrica Paal Nilssen-Love, bater\u00eda \u00a0\u00a9 Joan Cort\u00e8s, 2016","rel":"","context":"En \u00ab*_Joan Cort\u00e8s\u00bb","block_context":{"text":"*_Joan Cort\u00e8s","link":"https:\/\/tomajazz.com\/web\/category\/joan-cortes\/"},"img":{"alt_text":"","src":"https:\/\/i0.wp.com\/tomajazz.com\/web\/wp-content\/uploads\/2016\/07\/05_tm-Yshhd-Pls-Nlss-Lv-%C2%A9Joan-Cort%C3%A8s_21mai16_Smplrs-Srs_Lditr_Bcn.jpg?resize=350%2C200&ssl=1","width":350,"height":200,"srcset":"https:\/\/i0.wp.com\/tomajazz.com\/web\/wp-content\/uploads\/2016\/07\/05_tm-Yshhd-Pls-Nlss-Lv-%C2%A9Joan-Cort%C3%A8s_21mai16_Smplrs-Srs_Lditr_Bcn.jpg?resize=350%2C200&ssl=1 1x, https:\/\/i0.wp.com\/tomajazz.com\/web\/wp-content\/uploads\/2016\/07\/05_tm-Yshhd-Pls-Nlss-Lv-%C2%A9Joan-Cort%C3%A8s_21mai16_Smplrs-Srs_Lditr_Bcn.jpg?resize=525%2C300&ssl=1 1.5x"},"classes":[]},{"id":24937,"url":"https:\/\/tomajazz.com\/web\/instantzz-memoria-uno-9a-sessio-sala-fenix-barcelona-2016-03-29\/","url_meta":{"origin":62184,"position":5},"title":"INSTANTZZ: Memoria Uno -9a sessi\u00f3-(Sala F\u00e8nix, Barcelona. 2016-03-29)","author":"Tomajazz","date":"16 junio, 2016","format":false,"excerpt":"Fecha: Martes, 29 de marzo de 2016 Lugar: Sala F\u00e8nix Componentes: Iv\u00e1n Gonz\u00e1lez, conducci\u00f3n y trompeta El Pricto, saxo alto y conducci\u00f3n Marcel Bag\u00e9s, guitarra el\u00e9ctrica Ferran Fages, guitarra el\u00e9ctrica Marcel\u00b7li Bayer, clarinete bajo Luiz Rocha, clarinete y clarinete bajo Tom Chant, saxo tenor i soprano Hilario Rodeiro, electr\u00f3nica \u00c0lex\u2026","rel":"","context":"En \u00ab*_Joan Cort\u00e8s\u00bb","block_context":{"text":"*_Joan Cort\u00e8s","link":"https:\/\/tomajazz.com\/web\/category\/joan-cortes\/"},"img":{"alt_text":"","src":"https:\/\/i0.wp.com\/tomajazz.com\/web\/wp-content\/uploads\/2016\/06\/02_Mmr-n-s9-%C2%A9Joan-Cort%C3%A8s_Sl-Fnx_Brcln.jpg?resize=350%2C200&ssl=1","width":350,"height":200,"srcset":"https:\/\/i0.wp.com\/tomajazz.com\/web\/wp-content\/uploads\/2016\/06\/02_Mmr-n-s9-%C2%A9Joan-Cort%C3%A8s_Sl-Fnx_Brcln.jpg?resize=350%2C200&ssl=1 1x, https:\/\/i0.wp.com\/tomajazz.com\/web\/wp-content\/uploads\/2016\/06\/02_Mmr-n-s9-%C2%A9Joan-Cort%C3%A8s_Sl-Fnx_Brcln.jpg?resize=525%2C300&ssl=1 1.5x"},"classes":[]}],"_links":{"self":[{"href":"https:\/\/tomajazz.com\/web\/wp-json\/wp\/v2\/posts\/62184","targetHints":{"allow":["GET"]}}],"collection":[{"href":"https:\/\/tomajazz.com\/web\/wp-json\/wp\/v2\/posts"}],"about":[{"href":"https:\/\/tomajazz.com\/web\/wp-json\/wp\/v2\/types\/post"}],"author":[{"embeddable":true,"href":"https:\/\/tomajazz.com\/web\/wp-json\/wp\/v2\/users\/1"}],"replies":[{"embeddable":true,"href":"https:\/\/tomajazz.com\/web\/wp-json\/wp\/v2\/comments?post=62184"}],"version-history":[{"count":5,"href":"https:\/\/tomajazz.com\/web\/wp-json\/wp\/v2\/posts\/62184\/revisions"}],"predecessor-version":[{"id":62245,"href":"https:\/\/tomajazz.com\/web\/wp-json\/wp\/v2\/posts\/62184\/revisions\/62245"}],"wp:featuredmedia":[{"embeddable":true,"href":"https:\/\/tomajazz.com\/web\/wp-json\/wp\/v2\/media\/62188"}],"wp:attachment":[{"href":"https:\/\/tomajazz.com\/web\/wp-json\/wp\/v2\/media?parent=62184"}],"wp:term":[{"taxonomy":"category","embeddable":true,"href":"https:\/\/tomajazz.com\/web\/wp-json\/wp\/v2\/categories?post=62184"},{"taxonomy":"post_tag","embeddable":true,"href":"https:\/\/tomajazz.com\/web\/wp-json\/wp\/v2\/tags?post=62184"}],"curies":[{"name":"wp","href":"https:\/\/api.w.org\/{rel}","templated":true}]}}