{"id":62323,"date":"2022-03-26T21:00:41","date_gmt":"2022-03-26T20:00:41","guid":{"rendered":"https:\/\/www.tomajazz.com\/web\/?p=62323"},"modified":"2022-03-28T22:48:15","modified_gmt":"2022-03-28T20:48:15","slug":"juan-de-diego-grebalariak-cicle-jazz-de-prop-orfeo-popular-oloti-olot-girona-2022-01-30-por-joan-cortes-instantzz-aka-galeria-fotografica-aka-fotoblog-de-jazz-impro","status":"publish","type":"post","link":"https:\/\/tomajazz.com\/web\/juan-de-diego-grebalariak-cicle-jazz-de-prop-orfeo-popular-oloti-olot-girona-2022-01-30-por-joan-cortes-instantzz-aka-galeria-fotografica-aka-fotoblog-de-jazz-impro\/","title":{"rendered":"Juan de Diego \u201cGrebalariak\u201d (Cicle Jazz de Prop, Orfe\u00f3 Popular Olot\u00ed, Olot, -Girona-. 2022-01-30) Por Joan Cort\u00e8s  [INSTANTZZ AKA Galer\u00eda fotogr\u00e1fica AKA Fotoblog de jazz, impro\u2026 y algo m\u00e1s]"},"content":{"rendered":"<ul>\n<li>Fecha: domingo, 30 de enero de 2022<\/li>\n<li>Lugar: Orfe\u00f3 Popular Olot\u00ed (Olot -Girona-)<\/li>\n<li>Grupo:<br \/>\n<strong>Juan de Diego \u201cGrebalariak\u201d<br \/>\n<\/strong>Juan de Diego, trompeta<br \/>\nToni Saigi, piano<br \/>\nMartin Leiton, contrabajo<br \/>\nRamon Prats, bater\u00eda<\/li>\n<\/ul>\n<p style=\"text-align: center;\"><img loading=\"lazy\" decoding=\"async\" class=\"aligncenter size-full wp-image-62324\" src=\"https:\/\/tomajazz.com\/web\/wp-content\/uploads\/2022\/03\/01_Jn-d-Dg-Grblrk-Joan-Cortes_30gen22_rf-pplr-lt_jzz-d-prp_lt.jpg\" alt=\"\" width=\"399\" height=\"600\" title=\"\" srcset=\"https:\/\/tomajazz.com\/web\/wp-content\/uploads\/2022\/03\/01_Jn-d-Dg-Grblrk-Joan-Cortes_30gen22_rf-pplr-lt_jzz-d-prp_lt.jpg 399w, https:\/\/tomajazz.com\/web\/wp-content\/uploads\/2022\/03\/01_Jn-d-Dg-Grblrk-Joan-Cortes_30gen22_rf-pplr-lt_jzz-d-prp_lt-133x200.jpg 133w, https:\/\/tomajazz.com\/web\/wp-content\/uploads\/2022\/03\/01_Jn-d-Dg-Grblrk-Joan-Cortes_30gen22_rf-pplr-lt_jzz-d-prp_lt-366x550.jpg 366w, https:\/\/tomajazz.com\/web\/wp-content\/uploads\/2022\/03\/01_Jn-d-Dg-Grblrk-Joan-Cortes_30gen22_rf-pplr-lt_jzz-d-prp_lt-333x500.jpg 333w\" sizes=\"auto, (max-width: 399px) 100vw, 399px\" \/> <img loading=\"lazy\" decoding=\"async\" class=\"aligncenter size-large wp-image-62325\" src=\"https:\/\/tomajazz.com\/web\/wp-content\/uploads\/2022\/03\/02_Jn-d-Dg-Grblrk-Joan-Cortes_30gen22_rf-pplr-lt_jzz-d-prp_lt.jpg\" alt=\"\" width=\"600\" height=\"399\" title=\"\" srcset=\"https:\/\/tomajazz.com\/web\/wp-content\/uploads\/2022\/03\/02_Jn-d-Dg-Grblrk-Joan-Cortes_30gen22_rf-pplr-lt_jzz-d-prp_lt.jpg 600w, https:\/\/tomajazz.com\/web\/wp-content\/uploads\/2022\/03\/02_Jn-d-Dg-Grblrk-Joan-Cortes_30gen22_rf-pplr-lt_jzz-d-prp_lt-200x133.jpg 200w, https:\/\/tomajazz.com\/web\/wp-content\/uploads\/2022\/03\/02_Jn-d-Dg-Grblrk-Joan-Cortes_30gen22_rf-pplr-lt_jzz-d-prp_lt-465x309.jpg 465w\" sizes=\"auto, (max-width: 600px) 100vw, 600px\" \/> <img loading=\"lazy\" decoding=\"async\" class=\"aligncenter size-large wp-image-62326\" src=\"https:\/\/tomajazz.com\/web\/wp-content\/uploads\/2022\/03\/03_Jn-d-Dg-Grblrk-Joan-Cortes_30gen22_rf-pplr-lt_jzz-d-prp_lt.jpg\" alt=\"\" width=\"600\" height=\"399\" title=\"\" srcset=\"https:\/\/tomajazz.com\/web\/wp-content\/uploads\/2022\/03\/03_Jn-d-Dg-Grblrk-Joan-Cortes_30gen22_rf-pplr-lt_jzz-d-prp_lt.jpg 600w, https:\/\/tomajazz.com\/web\/wp-content\/uploads\/2022\/03\/03_Jn-d-Dg-Grblrk-Joan-Cortes_30gen22_rf-pplr-lt_jzz-d-prp_lt-200x133.jpg 200w, https:\/\/tomajazz.com\/web\/wp-content\/uploads\/2022\/03\/03_Jn-d-Dg-Grblrk-Joan-Cortes_30gen22_rf-pplr-lt_jzz-d-prp_lt-465x309.jpg 465w\" sizes=\"auto, (max-width: 600px) 100vw, 600px\" \/> <img loading=\"lazy\" decoding=\"async\" class=\"aligncenter size-large wp-image-62327\" src=\"https:\/\/tomajazz.com\/web\/wp-content\/uploads\/2022\/03\/04_Jn-d-Dg-Grblrk-Joan-Cortes_30gen22_rf-pplr-lt_jzz-d-prp_lt.jpg\" alt=\"\" width=\"399\" height=\"600\" title=\"\" srcset=\"https:\/\/tomajazz.com\/web\/wp-content\/uploads\/2022\/03\/04_Jn-d-Dg-Grblrk-Joan-Cortes_30gen22_rf-pplr-lt_jzz-d-prp_lt.jpg 399w, https:\/\/tomajazz.com\/web\/wp-content\/uploads\/2022\/03\/04_Jn-d-Dg-Grblrk-Joan-Cortes_30gen22_rf-pplr-lt_jzz-d-prp_lt-133x200.jpg 133w, https:\/\/tomajazz.com\/web\/wp-content\/uploads\/2022\/03\/04_Jn-d-Dg-Grblrk-Joan-Cortes_30gen22_rf-pplr-lt_jzz-d-prp_lt-366x550.jpg 366w, https:\/\/tomajazz.com\/web\/wp-content\/uploads\/2022\/03\/04_Jn-d-Dg-Grblrk-Joan-Cortes_30gen22_rf-pplr-lt_jzz-d-prp_lt-333x500.jpg 333w\" sizes=\"auto, (max-width: 399px) 100vw, 399px\" \/> <img loading=\"lazy\" decoding=\"async\" class=\"aligncenter size-large wp-image-62328\" src=\"https:\/\/tomajazz.com\/web\/wp-content\/uploads\/2022\/03\/05_Jn-d-Dg-Grblrk-Joan-Cortes_30gen22_rf-pplr-lt_jzz-d-prp_lt.jpg\" alt=\"\" width=\"399\" height=\"600\" title=\"\" srcset=\"https:\/\/tomajazz.com\/web\/wp-content\/uploads\/2022\/03\/05_Jn-d-Dg-Grblrk-Joan-Cortes_30gen22_rf-pplr-lt_jzz-d-prp_lt.jpg 399w, https:\/\/tomajazz.com\/web\/wp-content\/uploads\/2022\/03\/05_Jn-d-Dg-Grblrk-Joan-Cortes_30gen22_rf-pplr-lt_jzz-d-prp_lt-133x200.jpg 133w, https:\/\/tomajazz.com\/web\/wp-content\/uploads\/2022\/03\/05_Jn-d-Dg-Grblrk-Joan-Cortes_30gen22_rf-pplr-lt_jzz-d-prp_lt-366x550.jpg 366w, https:\/\/tomajazz.com\/web\/wp-content\/uploads\/2022\/03\/05_Jn-d-Dg-Grblrk-Joan-Cortes_30gen22_rf-pplr-lt_jzz-d-prp_lt-333x500.jpg 333w\" sizes=\"auto, (max-width: 399px) 100vw, 399px\" \/> <img loading=\"lazy\" decoding=\"async\" class=\"aligncenter size-large wp-image-62329\" src=\"https:\/\/tomajazz.com\/web\/wp-content\/uploads\/2022\/03\/06_Jn-d-Dg-Grblrk-Joan-Cortes_30gen22_rf-pplr-lt_jzz-d-prp_lt.jpg\" alt=\"\" width=\"399\" height=\"600\" title=\"\" srcset=\"https:\/\/tomajazz.com\/web\/wp-content\/uploads\/2022\/03\/06_Jn-d-Dg-Grblrk-Joan-Cortes_30gen22_rf-pplr-lt_jzz-d-prp_lt.jpg 399w, https:\/\/tomajazz.com\/web\/wp-content\/uploads\/2022\/03\/06_Jn-d-Dg-Grblrk-Joan-Cortes_30gen22_rf-pplr-lt_jzz-d-prp_lt-133x200.jpg 133w, https:\/\/tomajazz.com\/web\/wp-content\/uploads\/2022\/03\/06_Jn-d-Dg-Grblrk-Joan-Cortes_30gen22_rf-pplr-lt_jzz-d-prp_lt-366x550.jpg 366w, https:\/\/tomajazz.com\/web\/wp-content\/uploads\/2022\/03\/06_Jn-d-Dg-Grblrk-Joan-Cortes_30gen22_rf-pplr-lt_jzz-d-prp_lt-333x500.jpg 333w\" sizes=\"auto, (max-width: 399px) 100vw, 399px\" \/> <img loading=\"lazy\" decoding=\"async\" class=\"aligncenter size-large wp-image-62330\" src=\"https:\/\/tomajazz.com\/web\/wp-content\/uploads\/2022\/03\/07_Jn-d-Dg-Grblrk-Joan-Cortes_30gen22_rf-pplr-lt_jzz-d-prp_lt.jpg\" alt=\"\" width=\"399\" height=\"600\" title=\"\" srcset=\"https:\/\/tomajazz.com\/web\/wp-content\/uploads\/2022\/03\/07_Jn-d-Dg-Grblrk-Joan-Cortes_30gen22_rf-pplr-lt_jzz-d-prp_lt.jpg 399w, https:\/\/tomajazz.com\/web\/wp-content\/uploads\/2022\/03\/07_Jn-d-Dg-Grblrk-Joan-Cortes_30gen22_rf-pplr-lt_jzz-d-prp_lt-133x200.jpg 133w, https:\/\/tomajazz.com\/web\/wp-content\/uploads\/2022\/03\/07_Jn-d-Dg-Grblrk-Joan-Cortes_30gen22_rf-pplr-lt_jzz-d-prp_lt-366x550.jpg 366w, https:\/\/tomajazz.com\/web\/wp-content\/uploads\/2022\/03\/07_Jn-d-Dg-Grblrk-Joan-Cortes_30gen22_rf-pplr-lt_jzz-d-prp_lt-333x500.jpg 333w\" sizes=\"auto, (max-width: 399px) 100vw, 399px\" \/> <img loading=\"lazy\" decoding=\"async\" class=\"aligncenter size-large wp-image-62331\" src=\"https:\/\/tomajazz.com\/web\/wp-content\/uploads\/2022\/03\/08_Jn-d-Dg-Grblrk-Joan-Cortes_30gen22_rf-pplr-lt_jzz-d-prp_lt.jpg\" alt=\"\" width=\"600\" height=\"399\" title=\"\" srcset=\"https:\/\/tomajazz.com\/web\/wp-content\/uploads\/2022\/03\/08_Jn-d-Dg-Grblrk-Joan-Cortes_30gen22_rf-pplr-lt_jzz-d-prp_lt.jpg 600w, https:\/\/tomajazz.com\/web\/wp-content\/uploads\/2022\/03\/08_Jn-d-Dg-Grblrk-Joan-Cortes_30gen22_rf-pplr-lt_jzz-d-prp_lt-200x133.jpg 200w, https:\/\/tomajazz.com\/web\/wp-content\/uploads\/2022\/03\/08_Jn-d-Dg-Grblrk-Joan-Cortes_30gen22_rf-pplr-lt_jzz-d-prp_lt-465x309.jpg 465w\" sizes=\"auto, (max-width: 600px) 100vw, 600px\" \/> <img loading=\"lazy\" decoding=\"async\" class=\"aligncenter size-large wp-image-62332\" src=\"https:\/\/tomajazz.com\/web\/wp-content\/uploads\/2022\/03\/09_Jn-d-Dg-Grblrk-Joan-Cortes_30gen22_rf-pplr-lt_jzz-d-prp_lt.jpg\" alt=\"\" width=\"600\" height=\"399\" title=\"\" srcset=\"https:\/\/tomajazz.com\/web\/wp-content\/uploads\/2022\/03\/09_Jn-d-Dg-Grblrk-Joan-Cortes_30gen22_rf-pplr-lt_jzz-d-prp_lt.jpg 600w, https:\/\/tomajazz.com\/web\/wp-content\/uploads\/2022\/03\/09_Jn-d-Dg-Grblrk-Joan-Cortes_30gen22_rf-pplr-lt_jzz-d-prp_lt-200x133.jpg 200w, https:\/\/tomajazz.com\/web\/wp-content\/uploads\/2022\/03\/09_Jn-d-Dg-Grblrk-Joan-Cortes_30gen22_rf-pplr-lt_jzz-d-prp_lt-465x309.jpg 465w\" sizes=\"auto, (max-width: 600px) 100vw, 600px\" \/> <img loading=\"lazy\" decoding=\"async\" class=\"aligncenter size-large wp-image-62333\" src=\"https:\/\/tomajazz.com\/web\/wp-content\/uploads\/2022\/03\/10_Jn-d-Dg-Grblrk-Joan-Cortes_30gen22_rf-pplr-lt_jzz-d-prp_lt.jpg\" alt=\"\" width=\"399\" height=\"600\" title=\"\" srcset=\"https:\/\/tomajazz.com\/web\/wp-content\/uploads\/2022\/03\/10_Jn-d-Dg-Grblrk-Joan-Cortes_30gen22_rf-pplr-lt_jzz-d-prp_lt.jpg 399w, https:\/\/tomajazz.com\/web\/wp-content\/uploads\/2022\/03\/10_Jn-d-Dg-Grblrk-Joan-Cortes_30gen22_rf-pplr-lt_jzz-d-prp_lt-133x200.jpg 133w, https:\/\/tomajazz.com\/web\/wp-content\/uploads\/2022\/03\/10_Jn-d-Dg-Grblrk-Joan-Cortes_30gen22_rf-pplr-lt_jzz-d-prp_lt-366x550.jpg 366w, https:\/\/tomajazz.com\/web\/wp-content\/uploads\/2022\/03\/10_Jn-d-Dg-Grblrk-Joan-Cortes_30gen22_rf-pplr-lt_jzz-d-prp_lt-333x500.jpg 333w\" sizes=\"auto, (max-width: 399px) 100vw, 399px\" \/> <img loading=\"lazy\" decoding=\"async\" class=\"aligncenter size-large wp-image-62334\" src=\"https:\/\/tomajazz.com\/web\/wp-content\/uploads\/2022\/03\/11_Jn-d-Dg-Grblrk-Joan-Cortes_30gen22_rf-pplr-lt_jzz-d-prp_lt.jpg\" alt=\"\" width=\"399\" height=\"600\" title=\"\" srcset=\"https:\/\/tomajazz.com\/web\/wp-content\/uploads\/2022\/03\/11_Jn-d-Dg-Grblrk-Joan-Cortes_30gen22_rf-pplr-lt_jzz-d-prp_lt.jpg 399w, https:\/\/tomajazz.com\/web\/wp-content\/uploads\/2022\/03\/11_Jn-d-Dg-Grblrk-Joan-Cortes_30gen22_rf-pplr-lt_jzz-d-prp_lt-133x200.jpg 133w, https:\/\/tomajazz.com\/web\/wp-content\/uploads\/2022\/03\/11_Jn-d-Dg-Grblrk-Joan-Cortes_30gen22_rf-pplr-lt_jzz-d-prp_lt-366x550.jpg 366w, https:\/\/tomajazz.com\/web\/wp-content\/uploads\/2022\/03\/11_Jn-d-Dg-Grblrk-Joan-Cortes_30gen22_rf-pplr-lt_jzz-d-prp_lt-333x500.jpg 333w\" sizes=\"auto, (max-width: 399px) 100vw, 399px\" \/><\/p>\n<p style=\"text-align: right;\">Tomajazz: \u00a9 <a href=\"https:\/\/www.facebook.com\/joan.cortesbenages\" target=\"_blank\" rel=\"noopener\"><strong>Joan Cort\u00e8s<\/strong><\/a>, 2022<\/p>\n<h4>M\u00e1s informaci\u00f3n sobre Juan de Diego<\/h4>\n<p><a href=\"https:\/\/tomajazz.com\/web\/?tag=juan-de-diego\" target=\"_blank\" rel=\"noopener\">https:\/\/tomajazz.com\/web\/?tag=juan-de-diego<\/a><\/p>\n<p><a href=\"http:\/\/juandediego.com\/\" target=\"_blank\" rel=\"noopener\">http:\/\/juandediego.com\/<\/a> (web no demasiado actualizada a fecha de 26 de marzo de 2022)<\/p>\n<h4>Juan de Diego \u00abGrebalariak\u00bb en disco<\/h4>\n<blockquote class=\"wp-embedded-content\" data-secret=\"Ar8IkrZwwr\"><p><a href=\"https:\/\/tomajazz.com\/web\/jazzx5351-juan-de-diego-nabilen-dantza-grebalariak-errabal-jazz-2021-minipodcast-de-jazz-por-pachi-tapiz\/\">JazzX5#351. Juan de Diego: \u00abNabilen Dantza\u00bb [Grebalariak (Errabal Jazz, 2021)] [Minipodcast de jazz] Por Pachi Tapiz<\/a><\/p><\/blockquote>\n<p><iframe loading=\"lazy\" class=\"wp-embedded-content\" sandbox=\"allow-scripts\" security=\"restricted\" style=\"position: absolute; visibility: hidden;\" title=\"\u00abJazzX5#351. Juan de Diego: \u00abNabilen Dantza\u00bb [Grebalariak (Errabal Jazz, 2021)] [Minipodcast de jazz] Por Pachi Tapiz\u00bb \u2014 Tomajazz\" src=\"https:\/\/tomajazz.com\/web\/jazzx5351-juan-de-diego-nabilen-dantza-grebalariak-errabal-jazz-2021-minipodcast-de-jazz-por-pachi-tapiz\/embed\/#?secret=5jzGHx7RW4#?secret=Ar8IkrZwwr\" data-secret=\"Ar8IkrZwwr\" width=\"600\" height=\"338\" frameborder=\"0\" marginwidth=\"0\" marginheight=\"0\" scrolling=\"no\"><\/iframe><\/p>\n<h4>Joan Cort\u00e8s en Tomajazz<\/h4>\n<p><a href=\"https:\/\/tomajazz.com\/web\/?cat=17853\" target=\"_blank\" rel=\"noopener\">https:\/\/tomajazz.com\/web\/?cat=17853<\/a><\/p>\n","protected":false},"excerpt":{"rendered":"<p>En INSTANTZZ una galer\u00eda fotogr\u00e1fica del proyecto \u00abGrebalariak\u00bb de Juan de Diego, con im\u00e1genes de Joan Cort\u00e8s de la actuaci\u00f3n del trompetista en el Cicel Jazz de Prop de Olot. <span class=\"more-link\"><a href=\"https:\/\/tomajazz.com\/web\/juan-de-diego-grebalariak-cicle-jazz-de-prop-orfeo-popular-oloti-olot-girona-2022-01-30-por-joan-cortes-instantzz-aka-galeria-fotografica-aka-fotoblog-de-jazz-impro\/\">Contin\u00faa leyendo<\/a><\/span><\/p>\n","protected":false},"author":1,"featured_media":62331,"comment_status":"open","ping_status":"closed","sticky":false,"template":"","format":"standard","meta":{"jetpack_post_was_ever_published":false,"_jetpack_newsletter_access":"","_jetpack_dont_email_post_to_subs":false,"_jetpack_newsletter_tier_id":0,"_jetpack_memberships_contains_paywalled_content":false,"_jetpack_memberships_contains_paid_content":false,"footnotes":""},"categories":[11261,17853,11262,15516,1038],"tags":[1041,4986,26844,6724,108,12459],"class_list":["entry","author-pachi","has-excerpt","post-62323","post","type-post","status-publish","format-standard","has-post-thumbnail","category-instantzz","category-joan-cortes","category-photoblogs","category-imagenes","category-contenidos","tag-joan-cortes","tag-juan-de-diego","tag-juan-de-diego-grebalariak","tag-martin-leiton","tag-ramon-prats","tag-toni-saigi"],"jetpack_featured_media_url":"https:\/\/tomajazz.com\/web\/wp-content\/uploads\/2022\/03\/08_Jn-d-Dg-Grblrk-Joan-Cortes_30gen22_rf-pplr-lt_jzz-d-prp_lt.jpg","jetpack_likes_enabled":true,"jetpack_sharing_enabled":true,"jetpack-related-posts":[{"id":104231,"url":"https:\/\/tomajazz.com\/web\/johannes-nastesjo-ferran-besalduch-cimic-2026\/","url_meta":{"origin":62323,"position":0},"title":"Johannes N\u00e4stesj\u00f6 &#038; Ferran Besalduch (CIMIC-2026 \/ Can Batet, 2026-01-17 \/ Olot -Girona-) [I] Por Joan Cort\u00e8s [INSTANTZZ AKA Galer\u00eda fotogr\u00e1fica AKA Fotoblog de jazz, impro\u2026 y algo m\u00e1s]","author":"Tomajazz","date":"28 febrero, 2026","format":false,"excerpt":"Johannes N\u00e4stesj\u00f6 & Ferran Besalduch actuaron en CIMIC-2026 en Can Batet en Olot, Girona, el 17 de enero de 2026. Joan Cort\u00e8s lo retrata en INSTANTZZ","rel":"","context":"En \u00abCIMIC 2026\u00bb","block_context":{"text":"CIMIC 2026","link":"https:\/\/tomajazz.com\/web\/category\/contenidos\/especial-contenidos\/cimic-2026\/"},"img":{"alt_text":"Johannes N\u00e4stesj\u00f6 & Ferran Besalduch (CIMIC-2026 \/ Can Batet, 2026-01-17 \/ Olot -Girona-) [I] Por Joan Cort\u00e8s [INSTANTZZ AKA Galer\u00eda fotogr\u00e1fica AKA Fotoblog de jazz, impro\u2026 y algo m\u00e1s] - Tomajazz - Johannes N\u00e4stesj\u00f6 & Ferran Besalduch actuaron en CIMIC-2026 en Can Batet en Olot, Girona, el 12026-01-17 \/ Olot -Girona-) [I] Por Joan Cort\u00e8s [INSTANTZZ","src":"https:\/\/i0.wp.com\/tomajazz.com\/web\/wp-content\/uploads\/2026\/02\/04-Jhnns-Nstsj-Frrn-Bsldch-%C2%A9Joan-Cortes-17gnr26-CMC-Cn-Btt-lt-bn.jpg?resize=350%2C200&ssl=1","width":350,"height":200,"srcset":"https:\/\/i0.wp.com\/tomajazz.com\/web\/wp-content\/uploads\/2026\/02\/04-Jhnns-Nstsj-Frrn-Bsldch-%C2%A9Joan-Cortes-17gnr26-CMC-Cn-Btt-lt-bn.jpg?resize=350%2C200&ssl=1 1x, https:\/\/i0.wp.com\/tomajazz.com\/web\/wp-content\/uploads\/2026\/02\/04-Jhnns-Nstsj-Frrn-Bsldch-%C2%A9Joan-Cortes-17gnr26-CMC-Cn-Btt-lt-bn.jpg?resize=525%2C300&ssl=1 1.5x"},"classes":[]},{"id":105047,"url":"https:\/\/tomajazz.com\/web\/constanza-brncic-nuno-rebelo-cimic-2026-olot\/","url_meta":{"origin":62323,"position":1},"title":"Constanza Brncic &#038; Nuno Rebelo (CIMIC-2026 \/ Can Batet, 2026-03-14 \/ Olot -Girona-) [III] Por Joan Cort\u00e8s [INSTANTZZ AKA Galer\u00eda fotogr\u00e1fica AKA Fotoblog de jazz, impro\u2026 y algo m\u00e1s]","author":"Tomajazz","date":"25 abril, 2026","format":false,"excerpt":"Constanza Brncic & Nuno Rebelo actuaron en CIMIC-2026 en Olot, Girona, el 14 de marzo de 2016. Joan Cort\u00e8s lo retrata en INSTANTZZ","rel":"","context":"En \u00abCIMIC 2026\u00bb","block_context":{"text":"CIMIC 2026","link":"https:\/\/tomajazz.com\/web\/category\/contenidos\/especial-contenidos\/cimic-2026\/"},"img":{"alt_text":"Constanza Brncic & Nuno Rebelo (CIMIC-2026 \/ Can Batet, 2026-03-14 \/ Olot -Girona-) [III] Por Joan Cort\u00e8s [INSTANTZZ AKA Galer\u00eda fotogr\u00e1fica AKA Fotoblog de jazz, impro\u2026 y algo m\u00e1s] - Tomajazz - Constanza Brncic & Nuno Rebelo actuaron en CIMIC-2026 en Olot, Girona, el 14 de marzo de 2016. Joan Cort\u00e8s lo retrata en INSTANTZZ","src":"https:\/\/i0.wp.com\/tomajazz.com\/web\/wp-content\/uploads\/2026\/04\/destacada-08-Rbl-Brnc-Photo-By-Joan-Cortes-14mrc26-Cmc-Cn-Btt-lt.jpg?resize=350%2C200&ssl=1","width":350,"height":200,"srcset":"https:\/\/i0.wp.com\/tomajazz.com\/web\/wp-content\/uploads\/2026\/04\/destacada-08-Rbl-Brnc-Photo-By-Joan-Cortes-14mrc26-Cmc-Cn-Btt-lt.jpg?resize=350%2C200&ssl=1 1x, https:\/\/i0.wp.com\/tomajazz.com\/web\/wp-content\/uploads\/2026\/04\/destacada-08-Rbl-Brnc-Photo-By-Joan-Cortes-14mrc26-Cmc-Cn-Btt-lt.jpg?resize=525%2C300&ssl=1 1.5x"},"classes":[]},{"id":104716,"url":"https:\/\/tomajazz.com\/web\/luz-prado-cimic-2026\/","url_meta":{"origin":62323,"position":2},"title":"Luz Prado (CIMIC-2026 \/ Can Batet, 2026-02-21 \/ Olot -Girona-) [II] Por Joan Cort\u00e8s [INSTANTZZ AKA Galer\u00eda fotogr\u00e1fica AKA Fotoblog de jazz, impro\u2026 y algo m\u00e1s]","author":"Tomajazz","date":"5 abril, 2026","format":false,"excerpt":"Luz Prado actu\u00f3 en CIMIC-2026 en Can Batet en Girona, el 21 de febrero de 2026. Joan Cort\u00e8s lo retrata en INSTANTZZ","rel":"","context":"En \u00abCIMIC 2026\u00bb","block_context":{"text":"CIMIC 2026","link":"https:\/\/tomajazz.com\/web\/category\/contenidos\/especial-contenidos\/cimic-2026\/"},"img":{"alt_text":"Luz Prado (CIMIC-2026 \/ Can Batet, 2026-02-21 \/ Olot -Girona-) [II] Por Joan Cort\u00e8s [INSTANTZZ AKA Galer\u00eda fotogr\u00e1fica AKA Fotoblog de jazz, impro\u2026 y algo m\u00e1s] - Tomajazz - Luz Prado actu\u00f3 en CIMIC-2026 en Can Batet en Girona, el 21 de febrero de 2026. Joan Cort\u00e8s lo retrata en INSTANTZZ","src":"https:\/\/i0.wp.com\/tomajazz.com\/web\/wp-content\/uploads\/2026\/04\/destacada-09-Lz-Prd-Photo-By-Joan-Cortes-21fbr26-CnMmC-Cn-Btt-lt.jpg?resize=350%2C200&ssl=1","width":350,"height":200,"srcset":"https:\/\/i0.wp.com\/tomajazz.com\/web\/wp-content\/uploads\/2026\/04\/destacada-09-Lz-Prd-Photo-By-Joan-Cortes-21fbr26-CnMmC-Cn-Btt-lt.jpg?resize=350%2C200&ssl=1 1x, https:\/\/i0.wp.com\/tomajazz.com\/web\/wp-content\/uploads\/2026\/04\/destacada-09-Lz-Prd-Photo-By-Joan-Cortes-21fbr26-CnMmC-Cn-Btt-lt.jpg?resize=525%2C300&ssl=1 1.5x"},"classes":[]},{"id":103972,"url":"https:\/\/tomajazz.com\/web\/carla-gonzalez-6t-olot-2025\/","url_meta":{"origin":62323,"position":3},"title":"Carla Gonz\u00e0lez 6t \u201cLa Visibilitat de l\u2019Invisible\u201d (Jazz Olot \/ Sala El Tor\u00edn, 2025-12-19 \/ Olot -Girona-) Por Joan Cort\u00e8s [INSTANTZZ AKA Galer\u00eda fotogr\u00e1fica AKA Fotoblog de jazz, impro\u2026 y algo m\u00e1s]","author":"Tomajazz","date":"12 febrero, 2026","format":false,"excerpt":"Carla Gonz\u00e0lez 6t \u201cLa Visibilitat de l\u2019Invisible\u201d actu\u00f3 el 19 de diciembre de 2025 en Jazz Olot en Sala El Tor\u00edn, de Girona. Joan Cort\u00e8s lo retrata en INSTANTZZ. Actuaron Carla Gonz\u00e0lez, Alba Pujals, Cristina Sunyer, Cristina Miguel, Eva Fern\u00e1ndez, Andrea Gonz\u00e1lez","rel":"","context":"En \u00abINSTANTZZ\u00bb","block_context":{"text":"INSTANTZZ","link":"https:\/\/tomajazz.com\/web\/category\/contenidos\/imagenes\/photoblogs\/instantzz\/"},"img":{"alt_text":"Carla Gonz\u00e0lez 6t \u201cLa Visibilitat de l\u2019Invisible\u201d (Jazz Olot \/ Sala El Tor\u00edn, 2025-12-19 \/ Olot -Girona-) Por Joan Cort\u00e8s [INSTANTZZ AKA Galer\u00eda fotogr\u00e1fica AKA Fotoblog de jazz, impro\u2026 y algo m\u00e1s] - Tomajazz - Carla Gonz\u00e0lez 6t \u201cLa Visibilitat de l\u2019Invisible\u201d actu\u00f3 el 19 de diciembre de 2025 en Jazz Olot en Sala El Tor\u00edn, de Girona. Joan Cort\u00e8s lo retrata en INSTANTZZ. Actuaron Carla Gonz\u00e0lez, Alba Pujals, Cristina Sunyer, Cristina Miguel, Eva Fern\u00e1ndez, Andrea Gonz\u00e1lez\n","src":"https:\/\/i0.wp.com\/tomajazz.com\/web\/wp-content\/uploads\/2026\/02\/destacada-06-Crl-Gnzlz-6t-Photo-By-Joan-Cortes-19dsm25-l-Trn-Jzz-lt-lt.jpg?resize=350%2C200&ssl=1","width":350,"height":200,"srcset":"https:\/\/i0.wp.com\/tomajazz.com\/web\/wp-content\/uploads\/2026\/02\/destacada-06-Crl-Gnzlz-6t-Photo-By-Joan-Cortes-19dsm25-l-Trn-Jzz-lt-lt.jpg?resize=350%2C200&ssl=1 1x, https:\/\/i0.wp.com\/tomajazz.com\/web\/wp-content\/uploads\/2026\/02\/destacada-06-Crl-Gnzlz-6t-Photo-By-Joan-Cortes-19dsm25-l-Trn-Jzz-lt-lt.jpg?resize=525%2C300&ssl=1 1.5x"},"classes":[]},{"id":105062,"url":"https:\/\/tomajazz.com\/web\/duquende-flamenc-on-2026\/","url_meta":{"origin":62323,"position":4},"title":"Duquende (Flamenc-ON 2026 \/ Teatre Sagarra, 2026-03-14 \/ Santa Coloma de Gramenet -Barcelona-) [I] Por Joan Cort\u00e8s [Flamencuras AKA INSTANTZZ AKA Galer\u00eda fotogr\u00e1fica AKA Fotoblog de jazz, impro\u2026 y algo m\u00e1s]","author":"Tomajazz","date":"26 abril, 2026","format":false,"excerpt":"Duquende actu\u00f3 en Flamenc-ON 2026 de Santa Coloma de Gramenet, Barcelona, el 14 de marzo de 2026. Joan Cort\u00e8s lo retrata en las Flamencuras de INSTANTZZ. Actuaron Duquende, Jos\u00e9 Andr\u00e9s Cort\u00e9s, Juan Mateos, Diego Amaya, Sergio de Finizio","rel":"","context":"En \u00abFlamenc-ON 2026\u00bb","block_context":{"text":"Flamenc-ON 2026","link":"https:\/\/tomajazz.com\/web\/category\/contenidos\/especial-contenidos\/flamenc-on-2026\/"},"img":{"alt_text":"Duquende (Flamenc-ON 2026 \/ Teatre Sagarra, 2026-03-14 \/ Santa Coloma de Gramenet -Barcelona-) [I] Por Joan Cort\u00e8s [Flamencuras AKA INSTANTZZ AKA Galer\u00eda fotogr\u00e1fica AKA Fotoblog de jazz, impro\u2026 y algo m\u00e1s] - Tomajazz - Duquende actu\u00f3 en Flamenc-ON 2026 de Santa Coloma de Gramenet, Barcelona, el 14 de marzo de 2026. Joan Cort\u00e8s lo retrata en las Flamencuras de INSTANTZZ. Actuaron Duquende, Jos\u00e9 Andr\u00e9s Cort\u00e9s, Juan Mateos, Diego Amaya, Sergio de Finizio\n","src":"https:\/\/i0.wp.com\/tomajazz.com\/web\/wp-content\/uploads\/2026\/04\/destacada-07-Dqnd-Photo-by-Joan-Cortes-14mrc26-Flmnc-n-TS-SCGr.jpg?resize=350%2C200&ssl=1","width":350,"height":200,"srcset":"https:\/\/i0.wp.com\/tomajazz.com\/web\/wp-content\/uploads\/2026\/04\/destacada-07-Dqnd-Photo-by-Joan-Cortes-14mrc26-Flmnc-n-TS-SCGr.jpg?resize=350%2C200&ssl=1 1x, https:\/\/i0.wp.com\/tomajazz.com\/web\/wp-content\/uploads\/2026\/04\/destacada-07-Dqnd-Photo-by-Joan-Cortes-14mrc26-Flmnc-n-TS-SCGr.jpg?resize=525%2C300&ssl=1 1.5x"},"classes":[]},{"id":103903,"url":"https:\/\/tomajazz.com\/web\/diego-amador-ebano-marfil-jamboree-2025\/","url_meta":{"origin":62323,"position":5},"title":"Diego Amador \u201c\u00c9bano &#038; Marfil\u201d (Jamboree-03, 2025-12-12 \/ Barcelona) Por Joan Cort\u00e8s [Flamencuras AKA INSTANTZZ AKA Galer\u00eda fotogr\u00e1fica AKA Fotoblog de jazz, impro\u2026 y algo m\u00e1s]","author":"Tomajazz","date":"7 febrero, 2026","format":false,"excerpt":"Diego Amador \u201c\u00c9bano & Marfil\u201d actu\u00f3 en Jamboree el 12 de diciembre de 2025. Joan Cort\u00e8s lo retrata en las Flamencuras de INSTANTZZ","rel":"","context":"En \u00abFlamencuras\u00bb","block_context":{"text":"Flamencuras","link":"https:\/\/tomajazz.com\/web\/category\/contenidos\/imagenes\/photoblogs\/flamencuras\/"},"img":{"alt_text":"Diego Amador \u201c\u00c9bano & Marfil\u201d (Jamboree-03, 2025-12-12 \/ Barcelona) Por Joan Cort\u00e8s [Flamencuras AKA INSTANTZZ AKA Galer\u00eda fotogr\u00e1fica AKA Fotoblog de jazz, impro\u2026 y algo m\u00e1s] - Tomajazz - Diego Amador \u201c\u00c9bano & Marfil\u201d actu\u00f3 en Jamboree el 12 de diciembre de 2025. Joan Cort\u00e8s lo retrata en las Flamencuras de INSTANTZZ","src":"https:\/\/i0.wp.com\/tomajazz.com\/web\/wp-content\/uploads\/2026\/02\/destacada-06-Dg-mdr-Photo-by-Joan-Cortes-12dsm25-Jmbr-03-Bcn.jpg?resize=350%2C200&ssl=1","width":350,"height":200,"srcset":"https:\/\/i0.wp.com\/tomajazz.com\/web\/wp-content\/uploads\/2026\/02\/destacada-06-Dg-mdr-Photo-by-Joan-Cortes-12dsm25-Jmbr-03-Bcn.jpg?resize=350%2C200&ssl=1 1x, https:\/\/i0.wp.com\/tomajazz.com\/web\/wp-content\/uploads\/2026\/02\/destacada-06-Dg-mdr-Photo-by-Joan-Cortes-12dsm25-Jmbr-03-Bcn.jpg?resize=525%2C300&ssl=1 1.5x"},"classes":[]}],"_links":{"self":[{"href":"https:\/\/tomajazz.com\/web\/wp-json\/wp\/v2\/posts\/62323","targetHints":{"allow":["GET"]}}],"collection":[{"href":"https:\/\/tomajazz.com\/web\/wp-json\/wp\/v2\/posts"}],"about":[{"href":"https:\/\/tomajazz.com\/web\/wp-json\/wp\/v2\/types\/post"}],"author":[{"embeddable":true,"href":"https:\/\/tomajazz.com\/web\/wp-json\/wp\/v2\/users\/1"}],"replies":[{"embeddable":true,"href":"https:\/\/tomajazz.com\/web\/wp-json\/wp\/v2\/comments?post=62323"}],"version-history":[{"count":3,"href":"https:\/\/tomajazz.com\/web\/wp-json\/wp\/v2\/posts\/62323\/revisions"}],"predecessor-version":[{"id":62337,"href":"https:\/\/tomajazz.com\/web\/wp-json\/wp\/v2\/posts\/62323\/revisions\/62337"}],"wp:featuredmedia":[{"embeddable":true,"href":"https:\/\/tomajazz.com\/web\/wp-json\/wp\/v2\/media\/62331"}],"wp:attachment":[{"href":"https:\/\/tomajazz.com\/web\/wp-json\/wp\/v2\/media?parent=62323"}],"wp:term":[{"taxonomy":"category","embeddable":true,"href":"https:\/\/tomajazz.com\/web\/wp-json\/wp\/v2\/categories?post=62323"},{"taxonomy":"post_tag","embeddable":true,"href":"https:\/\/tomajazz.com\/web\/wp-json\/wp\/v2\/tags?post=62323"}],"curies":[{"name":"wp","href":"https:\/\/api.w.org\/{rel}","templated":true}]}}