{"id":62659,"date":"2022-04-07T12:00:43","date_gmt":"2022-04-07T10:00:43","guid":{"rendered":"https:\/\/www.tomajazz.com\/web\/?p=62659"},"modified":"2022-04-18T20:21:22","modified_gmt":"2022-04-18T18:21:22","slug":"alex-conde-trio-descarga-for-bud-32e-jazz-granollers-festival-casino-de-granollers-club-de-ritme-granollers-barcelona-2022-02-18-por-joan-cortes-instantzz-aka-galeria-fotogra","status":"publish","type":"post","link":"https:\/\/tomajazz.com\/web\/alex-conde-trio-descarga-for-bud-32e-jazz-granollers-festival-casino-de-granollers-club-de-ritme-granollers-barcelona-2022-02-18-por-joan-cortes-instantzz-aka-galeria-fotogra\/","title":{"rendered":"Alex Conde Tr\u00edo \u201cDescarga for Bud\u201d (32\u00e8 Jazz Granollers Festival, Casino de Granollers-Club de Ritme, Granollers -Barcelona-. 2022-02-18) Por Joan Cort\u00e8s [INSTANTZZ AKA Galer\u00eda fotogr\u00e1fica AKA Fotoblog de jazz, impro\u2026 y algo m\u00e1s]"},"content":{"rendered":"<p><a href=\"http:\/\/jazzgranollers.com\/\" target=\"_blank\" rel=\"noopener\">32\u00e8 Jazz Granollers Festival<\/a><\/p>\n<ul>\n<li>Fecha: viernes, 18 de febrero de 2022<\/li>\n<li>Lugar: Casino de Granollers-Club de Ritme (Granollers -Barcelona-)<\/li>\n<li>Grupo:<br \/>\n<strong>Alex Conde Tr\u00edo<br \/>\n<\/strong>Alex Conde, piano y composiciones<br \/>\nManel Forti\u00e0, contrabajo<br \/>\nMarc Miralta, bater\u00eda<\/li>\n<\/ul>\n<p style=\"text-align: center;\"><img loading=\"lazy\" decoding=\"async\" class=\"aligncenter size-full wp-image-62660\" src=\"https:\/\/tomajazz.com\/web\/wp-content\/uploads\/2022\/04\/01_lc-Cnd-tr-Joan-Cortes_18feb22_32JGF_CGra.jpg\" alt=\"\" width=\"600\" height=\"399\" title=\"\" srcset=\"https:\/\/tomajazz.com\/web\/wp-content\/uploads\/2022\/04\/01_lc-Cnd-tr-Joan-Cortes_18feb22_32JGF_CGra.jpg 600w, https:\/\/tomajazz.com\/web\/wp-content\/uploads\/2022\/04\/01_lc-Cnd-tr-Joan-Cortes_18feb22_32JGF_CGra-200x133.jpg 200w, https:\/\/tomajazz.com\/web\/wp-content\/uploads\/2022\/04\/01_lc-Cnd-tr-Joan-Cortes_18feb22_32JGF_CGra-465x309.jpg 465w\" sizes=\"auto, (max-width: 600px) 100vw, 600px\" \/> <img loading=\"lazy\" decoding=\"async\" class=\"aligncenter size-large wp-image-62661\" src=\"https:\/\/tomajazz.com\/web\/wp-content\/uploads\/2022\/04\/02_lc-Cnd-tr-Joan-Cortes_18feb22_32JGF_CGra.jpg\" alt=\"\" width=\"600\" height=\"399\" title=\"\" srcset=\"https:\/\/tomajazz.com\/web\/wp-content\/uploads\/2022\/04\/02_lc-Cnd-tr-Joan-Cortes_18feb22_32JGF_CGra.jpg 600w, https:\/\/tomajazz.com\/web\/wp-content\/uploads\/2022\/04\/02_lc-Cnd-tr-Joan-Cortes_18feb22_32JGF_CGra-200x133.jpg 200w, https:\/\/tomajazz.com\/web\/wp-content\/uploads\/2022\/04\/02_lc-Cnd-tr-Joan-Cortes_18feb22_32JGF_CGra-465x309.jpg 465w\" sizes=\"auto, (max-width: 600px) 100vw, 600px\" \/> <img loading=\"lazy\" decoding=\"async\" class=\"aligncenter size-large wp-image-62662\" src=\"https:\/\/tomajazz.com\/web\/wp-content\/uploads\/2022\/04\/03_lc-Cnd-tr-Joan-Cortes_18feb22_32JGF_CGra.jpg\" alt=\"\" width=\"600\" height=\"399\" title=\"\" srcset=\"https:\/\/tomajazz.com\/web\/wp-content\/uploads\/2022\/04\/03_lc-Cnd-tr-Joan-Cortes_18feb22_32JGF_CGra.jpg 600w, https:\/\/tomajazz.com\/web\/wp-content\/uploads\/2022\/04\/03_lc-Cnd-tr-Joan-Cortes_18feb22_32JGF_CGra-200x133.jpg 200w, https:\/\/tomajazz.com\/web\/wp-content\/uploads\/2022\/04\/03_lc-Cnd-tr-Joan-Cortes_18feb22_32JGF_CGra-465x309.jpg 465w\" sizes=\"auto, (max-width: 600px) 100vw, 600px\" \/> <img loading=\"lazy\" decoding=\"async\" class=\"aligncenter size-large wp-image-62663\" src=\"https:\/\/tomajazz.com\/web\/wp-content\/uploads\/2022\/04\/04_lc-Cnd-tr-Joan-Cortes_18feb22_32JGF_CGra.jpg\" alt=\"\" width=\"600\" height=\"399\" title=\"\" srcset=\"https:\/\/tomajazz.com\/web\/wp-content\/uploads\/2022\/04\/04_lc-Cnd-tr-Joan-Cortes_18feb22_32JGF_CGra.jpg 600w, https:\/\/tomajazz.com\/web\/wp-content\/uploads\/2022\/04\/04_lc-Cnd-tr-Joan-Cortes_18feb22_32JGF_CGra-200x133.jpg 200w, https:\/\/tomajazz.com\/web\/wp-content\/uploads\/2022\/04\/04_lc-Cnd-tr-Joan-Cortes_18feb22_32JGF_CGra-465x309.jpg 465w\" sizes=\"auto, (max-width: 600px) 100vw, 600px\" \/> <img loading=\"lazy\" decoding=\"async\" class=\"aligncenter size-large wp-image-62664\" src=\"https:\/\/tomajazz.com\/web\/wp-content\/uploads\/2022\/04\/05_lc-Cnd-tr-Joan-Cortes_18feb22_32JGF_CGra.jpg\" alt=\"\" width=\"399\" height=\"600\" title=\"\" srcset=\"https:\/\/tomajazz.com\/web\/wp-content\/uploads\/2022\/04\/05_lc-Cnd-tr-Joan-Cortes_18feb22_32JGF_CGra.jpg 399w, https:\/\/tomajazz.com\/web\/wp-content\/uploads\/2022\/04\/05_lc-Cnd-tr-Joan-Cortes_18feb22_32JGF_CGra-133x200.jpg 133w, https:\/\/tomajazz.com\/web\/wp-content\/uploads\/2022\/04\/05_lc-Cnd-tr-Joan-Cortes_18feb22_32JGF_CGra-366x550.jpg 366w, https:\/\/tomajazz.com\/web\/wp-content\/uploads\/2022\/04\/05_lc-Cnd-tr-Joan-Cortes_18feb22_32JGF_CGra-333x500.jpg 333w\" sizes=\"auto, (max-width: 399px) 100vw, 399px\" \/> <img loading=\"lazy\" decoding=\"async\" class=\"aligncenter size-large wp-image-62665\" src=\"https:\/\/tomajazz.com\/web\/wp-content\/uploads\/2022\/04\/06_lc-Cnd-tr-Joan-Cortes_18feb22_32JGF_CGra.jpg\" alt=\"\" width=\"399\" height=\"600\" title=\"\" srcset=\"https:\/\/tomajazz.com\/web\/wp-content\/uploads\/2022\/04\/06_lc-Cnd-tr-Joan-Cortes_18feb22_32JGF_CGra.jpg 399w, https:\/\/tomajazz.com\/web\/wp-content\/uploads\/2022\/04\/06_lc-Cnd-tr-Joan-Cortes_18feb22_32JGF_CGra-133x200.jpg 133w, https:\/\/tomajazz.com\/web\/wp-content\/uploads\/2022\/04\/06_lc-Cnd-tr-Joan-Cortes_18feb22_32JGF_CGra-366x550.jpg 366w, https:\/\/tomajazz.com\/web\/wp-content\/uploads\/2022\/04\/06_lc-Cnd-tr-Joan-Cortes_18feb22_32JGF_CGra-333x500.jpg 333w\" sizes=\"auto, (max-width: 399px) 100vw, 399px\" \/> <img loading=\"lazy\" decoding=\"async\" class=\"aligncenter size-large wp-image-62666\" src=\"https:\/\/tomajazz.com\/web\/wp-content\/uploads\/2022\/04\/07_lc-Cnd-tr-Joan-Cortes_18feb22_32JGF_CGra.jpg\" alt=\"\" width=\"600\" height=\"399\" title=\"\" srcset=\"https:\/\/tomajazz.com\/web\/wp-content\/uploads\/2022\/04\/07_lc-Cnd-tr-Joan-Cortes_18feb22_32JGF_CGra.jpg 600w, https:\/\/tomajazz.com\/web\/wp-content\/uploads\/2022\/04\/07_lc-Cnd-tr-Joan-Cortes_18feb22_32JGF_CGra-200x133.jpg 200w, https:\/\/tomajazz.com\/web\/wp-content\/uploads\/2022\/04\/07_lc-Cnd-tr-Joan-Cortes_18feb22_32JGF_CGra-465x309.jpg 465w\" sizes=\"auto, (max-width: 600px) 100vw, 600px\" \/> <img loading=\"lazy\" decoding=\"async\" class=\"aligncenter size-large wp-image-62667\" src=\"https:\/\/tomajazz.com\/web\/wp-content\/uploads\/2022\/04\/08_lc-Cnd-tr-Joan-Cortes_18feb22_32JGF_CGra.jpg\" alt=\"\" width=\"600\" height=\"399\" title=\"\" srcset=\"https:\/\/tomajazz.com\/web\/wp-content\/uploads\/2022\/04\/08_lc-Cnd-tr-Joan-Cortes_18feb22_32JGF_CGra.jpg 600w, https:\/\/tomajazz.com\/web\/wp-content\/uploads\/2022\/04\/08_lc-Cnd-tr-Joan-Cortes_18feb22_32JGF_CGra-200x133.jpg 200w, https:\/\/tomajazz.com\/web\/wp-content\/uploads\/2022\/04\/08_lc-Cnd-tr-Joan-Cortes_18feb22_32JGF_CGra-465x309.jpg 465w\" sizes=\"auto, (max-width: 600px) 100vw, 600px\" \/> <img loading=\"lazy\" decoding=\"async\" class=\"aligncenter size-large wp-image-62668\" src=\"https:\/\/tomajazz.com\/web\/wp-content\/uploads\/2022\/04\/09_lc-Cnd-tr-Joan-Cortes_18feb22_32JGF_CGra.jpg\" alt=\"\" width=\"600\" height=\"399\" title=\"\" srcset=\"https:\/\/tomajazz.com\/web\/wp-content\/uploads\/2022\/04\/09_lc-Cnd-tr-Joan-Cortes_18feb22_32JGF_CGra.jpg 600w, https:\/\/tomajazz.com\/web\/wp-content\/uploads\/2022\/04\/09_lc-Cnd-tr-Joan-Cortes_18feb22_32JGF_CGra-200x133.jpg 200w, https:\/\/tomajazz.com\/web\/wp-content\/uploads\/2022\/04\/09_lc-Cnd-tr-Joan-Cortes_18feb22_32JGF_CGra-465x309.jpg 465w\" sizes=\"auto, (max-width: 600px) 100vw, 600px\" \/> <img loading=\"lazy\" decoding=\"async\" class=\"aligncenter size-large wp-image-62669\" src=\"https:\/\/tomajazz.com\/web\/wp-content\/uploads\/2022\/04\/10_lc-Cnd-tr-Joan-Cortes_18feb22_32JGF_CGra.jpg\" alt=\"\" width=\"599\" height=\"399\" title=\"\" srcset=\"https:\/\/tomajazz.com\/web\/wp-content\/uploads\/2022\/04\/10_lc-Cnd-tr-Joan-Cortes_18feb22_32JGF_CGra.jpg 599w, https:\/\/tomajazz.com\/web\/wp-content\/uploads\/2022\/04\/10_lc-Cnd-tr-Joan-Cortes_18feb22_32JGF_CGra-200x133.jpg 200w, https:\/\/tomajazz.com\/web\/wp-content\/uploads\/2022\/04\/10_lc-Cnd-tr-Joan-Cortes_18feb22_32JGF_CGra-465x310.jpg 465w\" sizes=\"auto, (max-width: 599px) 100vw, 599px\" \/> <img loading=\"lazy\" decoding=\"async\" class=\"aligncenter size-large wp-image-62670\" src=\"https:\/\/tomajazz.com\/web\/wp-content\/uploads\/2022\/04\/11_lc-Cnd-tr-Joan-Cortes_18feb22_32JGF_CGra.jpg\" alt=\"\" width=\"600\" height=\"399\" title=\"\" srcset=\"https:\/\/tomajazz.com\/web\/wp-content\/uploads\/2022\/04\/11_lc-Cnd-tr-Joan-Cortes_18feb22_32JGF_CGra.jpg 600w, https:\/\/tomajazz.com\/web\/wp-content\/uploads\/2022\/04\/11_lc-Cnd-tr-Joan-Cortes_18feb22_32JGF_CGra-200x133.jpg 200w, https:\/\/tomajazz.com\/web\/wp-content\/uploads\/2022\/04\/11_lc-Cnd-tr-Joan-Cortes_18feb22_32JGF_CGra-465x309.jpg 465w\" sizes=\"auto, (max-width: 600px) 100vw, 600px\" \/><\/p>\n<p style=\"text-align: right;\">Tomajazz: \u00a9 <a href=\"https:\/\/www.facebook.com\/joan.cortesbenages\" target=\"_blank\" rel=\"noopener\"><strong>Joan Cort\u00e8s<\/strong><\/a>, 2022<\/p>\n<h4>M\u00e1s informaci\u00f3n sobre Alex Conde<\/h4>\n<p><a href=\"https:\/\/www.alexconde.com\/\" target=\"_blank\" rel=\"noopener\">https:\/\/www.alexconde.com\/<\/a><\/p>\n<h4>Joan Cort\u00e8s en Tomajazz<\/h4>\n<p><a href=\"https:\/\/tomajazz.com\/web\/?cat=17853\" target=\"_blank\" rel=\"noopener\">https:\/\/tomajazz.com\/web\/?cat=17853<\/a><\/p>\n","protected":false},"excerpt":{"rendered":"<p>En INSTANTZZ una galer\u00eda fotogr\u00e1fica del Alex Conde Trio en el 32\u00e8 Jazz Granollers Festival. Joan Cort\u00e8s es el autor de las fotograf\u00edas. <span class=\"more-link\"><a href=\"https:\/\/tomajazz.com\/web\/alex-conde-trio-descarga-for-bud-32e-jazz-granollers-festival-casino-de-granollers-club-de-ritme-granollers-barcelona-2022-02-18-por-joan-cortes-instantzz-aka-galeria-fotogra\/\">Contin\u00faa leyendo<\/a><\/span><\/p>\n","protected":false},"author":1,"featured_media":62663,"comment_status":"open","ping_status":"closed","sticky":false,"template":"","format":"standard","meta":{"jetpack_post_was_ever_published":false,"_jetpack_newsletter_access":"","_jetpack_dont_email_post_to_subs":false,"_jetpack_newsletter_tier_id":0,"_jetpack_memberships_contains_paywalled_content":false,"_jetpack_memberships_contains_paid_content":false,"footnotes":""},"categories":[11261,17853,11262,15516,1038],"tags":[26531,26924,26923,15591,1041,11843,542],"class_list":["entry","author-pachi","has-excerpt","post-62659","post","type-post","status-publish","format-standard","has-post-thumbnail","category-instantzz","category-joan-cortes","category-photoblogs","category-imagenes","category-contenidos","tag-32e-jazz-granollers-festival","tag-alex-conde","tag-alex-conde-trio","tag-jazz-granollers-festival","tag-joan-cortes","tag-manel-fortia","tag-marc-miralta"],"jetpack_featured_media_url":"https:\/\/tomajazz.com\/web\/wp-content\/uploads\/2022\/04\/04_lc-Cnd-tr-Joan-Cortes_18feb22_32JGF_CGra.jpg","jetpack_likes_enabled":true,"jetpack_sharing_enabled":true,"jetpack-related-posts":[{"id":105012,"url":"https:\/\/tomajazz.com\/web\/lage-lund-trio-granollers-2026\/","url_meta":{"origin":62659,"position":0},"title":"Lage Lund Trio (36\u00e8 Jazz Granollers Festival \/ Casino, 2026-03-13 \/ Granollers -Barcelona-) [y III] Por Joan Cort\u00e8s [INSTANTZZ AKA Galer\u00eda fotogr\u00e1fica AKA Fotoblog de jazz, impro\u2026 y algo m\u00e1s]","author":"Tomajazz","date":"23 abril, 2026","format":false,"excerpt":"Lage Lund Trio actu\u00f3 en el 36\u00e8 Jazz Granollers Festival, el 13 de marzo de 2026. Joan Cort\u00e8s lo retrata en INSTANTZZ. Lage Lund Trio son Lage Lund, Orlando Le Fleming, Greg Hutchinson","rel":"","context":"En \u00ab36 Jazz Granollers Festival 2026\u00bb","block_context":{"text":"36 Jazz Granollers Festival 2026","link":"https:\/\/tomajazz.com\/web\/category\/contenidos\/especial-contenidos\/36-jazz-granollers-festival-2026\/"},"img":{"alt_text":"Lage Lund Trio (36\u00e8 Jazz Granollers Festival \/ Casino, 2026-03-13 \/ Granollers -Barcelona-) [y III] Por Joan Cort\u00e8s [INSTANTZZ AKA Galer\u00eda fotogr\u00e1fica AKA Fotoblog de jazz, impro\u2026 y algo m\u00e1s] - Tomajazz - Lage Lund Trio actu\u00f3 en el 36\u00e8 Jazz Granollers Festival, el 13 de marzo de 2026. Joan Cort\u00e8s lo retrata en INSTANTZZ. Lage Lund Trio son Lage Lund, Orlando Le Fleming, Greg Hutchinson","src":"https:\/\/i0.wp.com\/tomajazz.com\/web\/wp-content\/uploads\/2026\/04\/destacada-02-Lg-Lnd-Photo-by-Joan-Cortes-13mrc26-36JGF-Csn-Gr-bn.jpg?resize=350%2C200&ssl=1","width":350,"height":200,"srcset":"https:\/\/i0.wp.com\/tomajazz.com\/web\/wp-content\/uploads\/2026\/04\/destacada-02-Lg-Lnd-Photo-by-Joan-Cortes-13mrc26-36JGF-Csn-Gr-bn.jpg?resize=350%2C200&ssl=1 1x, https:\/\/i0.wp.com\/tomajazz.com\/web\/wp-content\/uploads\/2026\/04\/destacada-02-Lg-Lnd-Photo-by-Joan-Cortes-13mrc26-36JGF-Csn-Gr-bn.jpg?resize=525%2C300&ssl=1 1.5x"},"classes":[]},{"id":62776,"url":"https:\/\/tomajazz.com\/web\/albert-marques-quartet-1-freedom-first-32e-jazz-granollers-festival-casino-de-granollers-club-de-ritme-granollers-barcelona-2022-02-25-por-joan-cortes-instantzz-aka-galeria-fotografica\/","url_meta":{"origin":62659,"position":1},"title":"Albert Marqu\u00e8s Quartet + 1 \u00abFreedom First\u00bb (32\u00e8 Jazz Granollers Festival, Casino de Granollers-Club de Ritme, Granollers -Barcelona-. 2022-02-25) Por Joan Cort\u00e8s [INSTANTZZ AKA Galer\u00eda fotogr\u00e1fica AKA Fotoblog de jazz, impro\u2026 y algo m\u00e1s]","author":"Tomajazz","date":"12 abril, 2022","format":false,"excerpt":"En INSTANTZZ una galer\u00eda fotogr\u00e1fica de Joan Cort\u00e8s con la actuaci\u00f3n de Albert Marqu\u00e8s Quartet + 1 en el 32\u00e8 Jazz Granollers Festival. Un concierto muy especial, ya que adem\u00e1s de participar en directo el propio Albert Marqu\u00e8s, Erin Corine, Manel Forti\u00e0 y Marc Ayza, particip\u00f3 telef\u00f3nicamente desde el corredor\u2026","rel":"","context":"En \u00abINSTANTZZ\u00bb","block_context":{"text":"INSTANTZZ","link":"https:\/\/tomajazz.com\/web\/category\/contenidos\/imagenes\/photoblogs\/instantzz\/"},"img":{"alt_text":"Albert Marqu\u00e8s Quartet + 1 \"Freedom First\" (32\u00e8 Jazz Granollers Festival, Casino de Granollers-Club de Ritme, Granollers -Barcelona-. 2022-02-25) Por Joan Cort\u00e8s [INSTANTZZ AKA Galer\u00eda fotogr\u00e1fica AKA Fotoblog de jazz, impro\u2026 y algo m\u00e1s]","src":"https:\/\/i0.wp.com\/tomajazz.com\/web\/wp-content\/uploads\/2022\/04\/10_lbrt-Mrqs-41-%C2%A9Joan-Cortes_25fbr22_32FJG_CGCdR_Grnllrs.jpg?resize=350%2C200&ssl=1","width":350,"height":200,"srcset":"https:\/\/i0.wp.com\/tomajazz.com\/web\/wp-content\/uploads\/2022\/04\/10_lbrt-Mrqs-41-%C2%A9Joan-Cortes_25fbr22_32FJG_CGCdR_Grnllrs.jpg?resize=350%2C200&ssl=1 1x, https:\/\/i0.wp.com\/tomajazz.com\/web\/wp-content\/uploads\/2022\/04\/10_lbrt-Mrqs-41-%C2%A9Joan-Cortes_25fbr22_32FJG_CGCdR_Grnllrs.jpg?resize=525%2C300&ssl=1 1.5x"},"classes":[]},{"id":104657,"url":"https:\/\/tomajazz.com\/web\/joan-sanmarti-5t-36-jazz-granollers-2026\/","url_meta":{"origin":62659,"position":2},"title":"Joan Sanmart\u00ed 5t (36\u00e8 Jazz Granollers Festival 2026\/ Casino, 2026-02-20 \/ Granollers -Barcelona-) [I] Por Joan Cort\u00e8s [INSTANTZZ AKA Galer\u00eda fotogr\u00e1fica AKA Fotoblog de jazz, impro\u2026 y algo m\u00e1s]","author":"Tomajazz","date":"2 abril, 2026","format":false,"excerpt":"Joan Sanmart\u00ed 5t actu\u00f3 en el 36\u00e8 Jazz Granollers Festival 2026, el 20 de febrero de 2026. Joan Cort\u00e8s lo retrata en INSTANTZZ. Joan Sanmart\u00ed 5t son Joan Sanmart\u00ed, Gabriel Amargant, Pau Dom\u00e8nech, Marc Cuevas, Joan Vidal","rel":"","context":"En \u00ab36 Jazz Granollers Festival 2026\u00bb","block_context":{"text":"36 Jazz Granollers Festival 2026","link":"https:\/\/tomajazz.com\/web\/category\/contenidos\/especial-contenidos\/36-jazz-granollers-festival-2026\/"},"img":{"alt_text":"Joan Sanmart\u00ed 5t (36\u00e8 Jazz Granollers Festival 2026\/ Casino, 2026-02-20 \/ Granollers -Barcelona-) [I] Por Joan Cort\u00e8s [INSTANTZZ AKA Galer\u00eda fotogr\u00e1fica AKA Fotoblog de jazz, impro\u2026 y algo m\u00e1s] - Tomajazz - Joan Sanmart\u00ed 5t actu\u00f3 en el 36\u00e8 Jazz Granollers Festival 2026, el 20 de febrero de 2026. Joan Cort\u00e8s lo retrata en INSTANTZZ. Joan Sanmart\u00ed 5t son Joan Sanmart\u00ed, Gabriel Amargant, Pau Dom\u00e8nech, Marc Cuevas, Joan Vidal\n","src":"https:\/\/i0.wp.com\/tomajazz.com\/web\/wp-content\/uploads\/2026\/04\/destacada-09-Jn-Snmrt-5t-Photo-By-Joan-Cortes-20fbr26-36FJG-Csn-Grn.jpg?resize=350%2C200&ssl=1","width":350,"height":200},"classes":[]},{"id":104847,"url":"https:\/\/tomajazz.com\/web\/alba-careta-group-panical-jazz-granollers-2026\/","url_meta":{"origin":62659,"position":3},"title":"Alba Careta Group \u201cPanical\u201d (36\u00e8 Jazz Granollers Festival \/ Casino, 2026-02-27 \/ Granollers -Barcelona-) [II] Por Joan Cort\u00e8s [INSTANTZZ AKA Galer\u00eda fotogr\u00e1fica AKA Fotoblog de jazz, impro\u2026 y algo m\u00e1s]","author":"Tomajazz","date":"12 abril, 2026","format":false,"excerpt":"Alba Careta Group \u201cPanical\u201d actu\u00f3 en el 36\u00e8 Jazz Granollers Festival, el 27 de febrero de 2026. Joan Cort\u00e8s lo retrata en INSTANTZZ. Alba Careta Group \u201cPanical\u201d son Alba Careta, Lucas Mart\u00ednez, Roger Santacana, Giuseppe Campisi, Jordi Pallar\u00e9s","rel":"","context":"En \u00ab36 Jazz Granollers Festival 2026\u00bb","block_context":{"text":"36 Jazz Granollers Festival 2026","link":"https:\/\/tomajazz.com\/web\/category\/contenidos\/especial-contenidos\/36-jazz-granollers-festival-2026\/"},"img":{"alt_text":"Alba Careta Group \u201cPanical\u201d (36\u00e8 Jazz Granollers Festival \/ Casino, 2026-02-27 \/ Granollers -Barcelona-) [II] Por Joan Cort\u00e8s [INSTANTZZ AKA Galer\u00eda fotogr\u00e1fica AKA Fotoblog de jazz, impro\u2026 y algo m\u00e1s] - Tomajazz - Alba Careta Group \u201cPanical\u201d actu\u00f3 en el 36\u00e8 Jazz Granollers Festival, el 27 de febrero de 2026. Joan Cort\u00e8s lo retrata en INSTANTZZ. Alba Careta Group \u201cPanical\u201d son Alba Careta, Lucas Mart\u00ednez, Roger Santacana, Giuseppe Campisi, Jordi Pallar\u00e9s\n","src":"https:\/\/i0.wp.com\/tomajazz.com\/web\/wp-content\/uploads\/2026\/04\/destacada-03-lb-Crt-Grp-Photo-by-Joan-Cortes-27fbr26-36JGF-CG-CR-Grnllrs.jpg?resize=350%2C200&ssl=1","width":350,"height":200,"srcset":"https:\/\/i0.wp.com\/tomajazz.com\/web\/wp-content\/uploads\/2026\/04\/destacada-03-lb-Crt-Grp-Photo-by-Joan-Cortes-27fbr26-36JGF-CG-CR-Grnllrs.jpg?resize=350%2C200&ssl=1 1x, https:\/\/i0.wp.com\/tomajazz.com\/web\/wp-content\/uploads\/2026\/04\/destacada-03-lb-Crt-Grp-Photo-by-Joan-Cortes-27fbr26-36JGF-CG-CR-Grnllrs.jpg?resize=525%2C300&ssl=1 1.5x"},"classes":[]},{"id":62936,"url":"https:\/\/tomajazz.com\/web\/barcelona-clarinet-players-joan-vidal-marco-mezquida-black-pool-suite32e-jazz-granollers-festival-casino-de-granollers-club-de-ritme-granollers-barcelona-2022-02-25-por-j\/","url_meta":{"origin":62659,"position":4},"title":"Barcelona Clarinet Players + Joan Vidal + Marco Mezquida, \u201cBlack Pool Suite\u201d(32\u00e8 Jazz Granollers Festival, Casino de Granollers-Club de Ritme, Granollers -Barcelona-. 2022-03-04) Por Joan Cort\u00e8s [INSTANTZZ AKA Galer\u00eda fotogr\u00e1fica AKA Fotoblog de jazz, impro\u2026 y algo m\u00e1s]","author":"Tomajazz","date":"18 abril, 2022","format":false,"excerpt":"En INSTANTZZ las im\u00e1genes de Barcelona Clarinet Players junto a Joan Vidal y Marco Mezquida en el 32\u00e8 JazzGranollers Festival. Joan Cort\u00e8s es el autor de las im\u00e1genes.","rel":"","context":"En \u00ab*_Joan Cort\u00e8s\u00bb","block_context":{"text":"*_Joan Cort\u00e8s","link":"https:\/\/tomajazz.com\/web\/category\/joan-cortes\/"},"img":{"alt_text":"Barcelona Clarinet Players + Joan Vidal + Marco Mezquida, \u201cBlack Pool Suite\u201d(32\u00e8 Jazz Granollers Festival, Casino de Granollers-Club de Ritme, Granollers -Barcelona-. 2022-03-04) Por Joan Cort\u00e8s [INSTANTZZ AKA Galer\u00eda fotogr\u00e1fica AKA Fotoblog de jazz, impro\u2026 y algo m\u00e1s]","src":"https:\/\/i0.wp.com\/tomajazz.com\/web\/wp-content\/uploads\/2022\/04\/08_Brcln-Clrnts-Plrs-%C2%A9Joan-Cortes_04mrc22_32JzzGrnllrs-Fstvl_CdGCdR_Grnllrs.jpg?resize=350%2C200&ssl=1","width":350,"height":200,"srcset":"https:\/\/i0.wp.com\/tomajazz.com\/web\/wp-content\/uploads\/2022\/04\/08_Brcln-Clrnts-Plrs-%C2%A9Joan-Cortes_04mrc22_32JzzGrnllrs-Fstvl_CdGCdR_Grnllrs.jpg?resize=350%2C200&ssl=1 1x, https:\/\/i0.wp.com\/tomajazz.com\/web\/wp-content\/uploads\/2022\/04\/08_Brcln-Clrnts-Plrs-%C2%A9Joan-Cortes_04mrc22_32JzzGrnllrs-Fstvl_CdGCdR_Grnllrs.jpg?resize=525%2C300&ssl=1 1.5x"},"classes":[]},{"id":95656,"url":"https:\/\/tomajazz.com\/web\/marc-miralta-granollers-2025\/","url_meta":{"origin":62659,"position":5},"title":"Marc Miralta Flamenco Vibes (35\u00e8 Jazz Granollers Festival, Casino, 2025-02-28 \/ Granollers -Barcelona-) [III] Por Joan Cort\u00e8s [INSTANTZZ AKA Galer\u00eda fotogr\u00e1fica AKA Fotoblog de jazz, impro\u2026 y algo m\u00e1s]","author":"Tomajazz","date":"3 mayo, 2025","format":false,"excerpt":"Marc Miralta Flamenco Vibes actu\u00f3 en el 35\u00e8 Jazz Granollers Festival, el 28 de febrero de 2025. Joan Cort\u00e8s lo retrata en INSTANTZZ. Actuaron Marc Miralta, Pau Figueres, Manel Forti\u00e0, Arnau Figueres","rel":"","context":"En \u00ab35 Jazz Granollers Festival 2025\u00bb","block_context":{"text":"35 Jazz Granollers Festival 2025","link":"https:\/\/tomajazz.com\/web\/category\/contenidos\/especial-contenidos\/35-jazz-granollers-festival-2025\/"},"img":{"alt_text":"Marc Miralta Flamenco Vibes (35\u00e8 Jazz Granollers Festival, Casino, 2025-02-28 \/ Granollers -Barcelona-) [III] Por Joan Cort\u00e8s [INSTANTZZ AKA Galer\u00eda fotogr\u00e1fica AKA Fotoblog de jazz, impro\u2026 y algo m\u00e1s] - Tomajazz - Marc Miralta Flamenco Vibes actu\u00f3 en el 35\u00e8 Jazz Granollers Festival, el 28 de febrero de 2025. Joan Cort\u00e8s lo retrata en INSTANTZZ. Actuaron Marc Miralta, Pau Figueres, Manel Forti\u00e0, Arnau Figueres\n","src":"https:\/\/i0.wp.com\/tomajazz.com\/web\/wp-content\/uploads\/2025\/05\/Destacado-11-Mrc-Mrlt-Flmc-Vbs-Photo-By-Joan-Cortes-28fbr25-35JGF-Csn-Grnllrs.jpg?resize=350%2C200&ssl=1","width":350,"height":200,"srcset":"https:\/\/i0.wp.com\/tomajazz.com\/web\/wp-content\/uploads\/2025\/05\/Destacado-11-Mrc-Mrlt-Flmc-Vbs-Photo-By-Joan-Cortes-28fbr25-35JGF-Csn-Grnllrs.jpg?resize=350%2C200&ssl=1 1x, https:\/\/i0.wp.com\/tomajazz.com\/web\/wp-content\/uploads\/2025\/05\/Destacado-11-Mrc-Mrlt-Flmc-Vbs-Photo-By-Joan-Cortes-28fbr25-35JGF-Csn-Grnllrs.jpg?resize=525%2C300&ssl=1 1.5x"},"classes":[]}],"_links":{"self":[{"href":"https:\/\/tomajazz.com\/web\/wp-json\/wp\/v2\/posts\/62659","targetHints":{"allow":["GET"]}}],"collection":[{"href":"https:\/\/tomajazz.com\/web\/wp-json\/wp\/v2\/posts"}],"about":[{"href":"https:\/\/tomajazz.com\/web\/wp-json\/wp\/v2\/types\/post"}],"author":[{"embeddable":true,"href":"https:\/\/tomajazz.com\/web\/wp-json\/wp\/v2\/users\/1"}],"replies":[{"embeddable":true,"href":"https:\/\/tomajazz.com\/web\/wp-json\/wp\/v2\/comments?post=62659"}],"version-history":[{"count":2,"href":"https:\/\/tomajazz.com\/web\/wp-json\/wp\/v2\/posts\/62659\/revisions"}],"predecessor-version":[{"id":62953,"href":"https:\/\/tomajazz.com\/web\/wp-json\/wp\/v2\/posts\/62659\/revisions\/62953"}],"wp:featuredmedia":[{"embeddable":true,"href":"https:\/\/tomajazz.com\/web\/wp-json\/wp\/v2\/media\/62663"}],"wp:attachment":[{"href":"https:\/\/tomajazz.com\/web\/wp-json\/wp\/v2\/media?parent=62659"}],"wp:term":[{"taxonomy":"category","embeddable":true,"href":"https:\/\/tomajazz.com\/web\/wp-json\/wp\/v2\/categories?post=62659"},{"taxonomy":"post_tag","embeddable":true,"href":"https:\/\/tomajazz.com\/web\/wp-json\/wp\/v2\/tags?post=62659"}],"curies":[{"name":"wp","href":"https:\/\/api.w.org\/{rel}","templated":true}]}}