{"id":62776,"date":"2022-04-12T12:00:45","date_gmt":"2022-04-12T10:00:45","guid":{"rendered":"https:\/\/www.tomajazz.com\/web\/?p=62776"},"modified":"2022-04-18T20:21:26","modified_gmt":"2022-04-18T18:21:26","slug":"albert-marques-quartet-1-freedom-first-32e-jazz-granollers-festival-casino-de-granollers-club-de-ritme-granollers-barcelona-2022-02-25-por-joan-cortes-instantzz-aka-galeria-fotografica","status":"publish","type":"post","link":"https:\/\/tomajazz.com\/web\/albert-marques-quartet-1-freedom-first-32e-jazz-granollers-festival-casino-de-granollers-club-de-ritme-granollers-barcelona-2022-02-25-por-joan-cortes-instantzz-aka-galeria-fotografica\/","title":{"rendered":"Albert Marqu\u00e8s Quartet + 1 \u00abFreedom First\u00bb (32\u00e8 Jazz Granollers Festival, Casino de Granollers-Club de Ritme, Granollers -Barcelona-. 2022-02-25) Por Joan Cort\u00e8s [INSTANTZZ AKA Galer\u00eda fotogr\u00e1fica AKA Fotoblog de jazz, impro\u2026 y algo m\u00e1s]"},"content":{"rendered":"<p><a href=\"http:\/\/jazzgranollers.com\/\" target=\"_blank\" rel=\"noopener\">32\u00e8 Jazz Granollers Festival<\/a><\/p>\n<ul>\n<li>Fecha: viernes, 25 de febrero de 2022<\/li>\n<li>Lugar: Casino de Granollers Club de Ritme (Granollers -Barcelona-)\u201d<\/li>\n<li>Grupo:<br \/>\n<strong>Albert Marqu\u00e8s Quartet + 1<br \/>\n<\/strong>Albert Marqu\u00e8s, piano<br \/>\nErin Corine, voz y flauta<br \/>\nManel Forti\u00e0, contrabajo<br \/>\nMarc Ayza, bater\u00eda<br \/>\n+<br \/>\nKeith LaMar, voz (en directo v\u00eda telef\u00f3nica, en cuatro temas, desde su celda en el corredor de la muerte en Ohio -USA-)<\/li>\n<\/ul>\n<p style=\"text-align: center;\"><img loading=\"lazy\" decoding=\"async\" class=\"aligncenter size-full wp-image-62777\" src=\"https:\/\/tomajazz.com\/web\/wp-content\/uploads\/2022\/04\/01_lbrt-Mrqs-41-\u00a9Joan-Cortes_25fbr22_32FJG_CGCdR_Grnllrs.jpg\" alt=\"\" width=\"399\" height=\"600\" title=\"\" srcset=\"https:\/\/tomajazz.com\/web\/wp-content\/uploads\/2022\/04\/01_lbrt-Mrqs-41-\u00a9Joan-Cortes_25fbr22_32FJG_CGCdR_Grnllrs.jpg 399w, https:\/\/tomajazz.com\/web\/wp-content\/uploads\/2022\/04\/01_lbrt-Mrqs-41-\u00a9Joan-Cortes_25fbr22_32FJG_CGCdR_Grnllrs-133x200.jpg 133w, https:\/\/tomajazz.com\/web\/wp-content\/uploads\/2022\/04\/01_lbrt-Mrqs-41-\u00a9Joan-Cortes_25fbr22_32FJG_CGCdR_Grnllrs-366x550.jpg 366w, https:\/\/tomajazz.com\/web\/wp-content\/uploads\/2022\/04\/01_lbrt-Mrqs-41-\u00a9Joan-Cortes_25fbr22_32FJG_CGCdR_Grnllrs-333x500.jpg 333w\" sizes=\"auto, (max-width: 399px) 100vw, 399px\" \/> <img loading=\"lazy\" decoding=\"async\" class=\"aligncenter size-large wp-image-62778\" src=\"https:\/\/tomajazz.com\/web\/wp-content\/uploads\/2022\/04\/02_lbrt-Mrqs-41-\u00a9Joan-Cortes_25fbr22_32FJG_CGCdR_Grnllrs.jpg\" alt=\"\" width=\"399\" height=\"600\" title=\"\" srcset=\"https:\/\/tomajazz.com\/web\/wp-content\/uploads\/2022\/04\/02_lbrt-Mrqs-41-\u00a9Joan-Cortes_25fbr22_32FJG_CGCdR_Grnllrs.jpg 399w, https:\/\/tomajazz.com\/web\/wp-content\/uploads\/2022\/04\/02_lbrt-Mrqs-41-\u00a9Joan-Cortes_25fbr22_32FJG_CGCdR_Grnllrs-133x200.jpg 133w, https:\/\/tomajazz.com\/web\/wp-content\/uploads\/2022\/04\/02_lbrt-Mrqs-41-\u00a9Joan-Cortes_25fbr22_32FJG_CGCdR_Grnllrs-366x550.jpg 366w, https:\/\/tomajazz.com\/web\/wp-content\/uploads\/2022\/04\/02_lbrt-Mrqs-41-\u00a9Joan-Cortes_25fbr22_32FJG_CGCdR_Grnllrs-333x500.jpg 333w\" sizes=\"auto, (max-width: 399px) 100vw, 399px\" \/> <img loading=\"lazy\" decoding=\"async\" class=\"aligncenter size-large wp-image-62779\" src=\"https:\/\/tomajazz.com\/web\/wp-content\/uploads\/2022\/04\/03_lbrt-Mrqs-41-\u00a9Joan-Cortes_25fbr22_32FJG_CGCdR_Grnllrs.jpg\" alt=\"\" width=\"399\" height=\"600\" title=\"\" srcset=\"https:\/\/tomajazz.com\/web\/wp-content\/uploads\/2022\/04\/03_lbrt-Mrqs-41-\u00a9Joan-Cortes_25fbr22_32FJG_CGCdR_Grnllrs.jpg 399w, https:\/\/tomajazz.com\/web\/wp-content\/uploads\/2022\/04\/03_lbrt-Mrqs-41-\u00a9Joan-Cortes_25fbr22_32FJG_CGCdR_Grnllrs-133x200.jpg 133w, https:\/\/tomajazz.com\/web\/wp-content\/uploads\/2022\/04\/03_lbrt-Mrqs-41-\u00a9Joan-Cortes_25fbr22_32FJG_CGCdR_Grnllrs-366x550.jpg 366w, https:\/\/tomajazz.com\/web\/wp-content\/uploads\/2022\/04\/03_lbrt-Mrqs-41-\u00a9Joan-Cortes_25fbr22_32FJG_CGCdR_Grnllrs-333x500.jpg 333w\" sizes=\"auto, (max-width: 399px) 100vw, 399px\" \/> <img loading=\"lazy\" decoding=\"async\" class=\"aligncenter size-large wp-image-62780\" src=\"https:\/\/tomajazz.com\/web\/wp-content\/uploads\/2022\/04\/04_lbrt-Mrqs-41-\u00a9Joan-Cortes_25fbr22_32FJG_CGCdR_Grnllrs.jpg\" alt=\"\" width=\"600\" height=\"399\" title=\"\" srcset=\"https:\/\/tomajazz.com\/web\/wp-content\/uploads\/2022\/04\/04_lbrt-Mrqs-41-\u00a9Joan-Cortes_25fbr22_32FJG_CGCdR_Grnllrs.jpg 600w, https:\/\/tomajazz.com\/web\/wp-content\/uploads\/2022\/04\/04_lbrt-Mrqs-41-\u00a9Joan-Cortes_25fbr22_32FJG_CGCdR_Grnllrs-200x133.jpg 200w, https:\/\/tomajazz.com\/web\/wp-content\/uploads\/2022\/04\/04_lbrt-Mrqs-41-\u00a9Joan-Cortes_25fbr22_32FJG_CGCdR_Grnllrs-465x309.jpg 465w\" sizes=\"auto, (max-width: 600px) 100vw, 600px\" \/> <img loading=\"lazy\" decoding=\"async\" class=\"aligncenter size-large wp-image-62781\" src=\"https:\/\/tomajazz.com\/web\/wp-content\/uploads\/2022\/04\/05_lbrt-Mrqs-41-\u00a9Joan-Cortes_25fbr22_32FJG_CGCdR_Grnllrs-2.jpg\" alt=\"\" width=\"399\" height=\"600\" title=\"\" srcset=\"https:\/\/tomajazz.com\/web\/wp-content\/uploads\/2022\/04\/05_lbrt-Mrqs-41-\u00a9Joan-Cortes_25fbr22_32FJG_CGCdR_Grnllrs-2.jpg 399w, https:\/\/tomajazz.com\/web\/wp-content\/uploads\/2022\/04\/05_lbrt-Mrqs-41-\u00a9Joan-Cortes_25fbr22_32FJG_CGCdR_Grnllrs-2-133x200.jpg 133w, https:\/\/tomajazz.com\/web\/wp-content\/uploads\/2022\/04\/05_lbrt-Mrqs-41-\u00a9Joan-Cortes_25fbr22_32FJG_CGCdR_Grnllrs-2-366x550.jpg 366w, https:\/\/tomajazz.com\/web\/wp-content\/uploads\/2022\/04\/05_lbrt-Mrqs-41-\u00a9Joan-Cortes_25fbr22_32FJG_CGCdR_Grnllrs-2-333x500.jpg 333w\" sizes=\"auto, (max-width: 399px) 100vw, 399px\" \/> <img loading=\"lazy\" decoding=\"async\" class=\"aligncenter size-large wp-image-62782\" src=\"https:\/\/tomajazz.com\/web\/wp-content\/uploads\/2022\/04\/06_lbrt-Mrqs-41-\u00a9Joan-Cortes_25fbr22_32FJG_CGCdR_Grnllrs.jpg\" alt=\"\" width=\"399\" height=\"600\" title=\"\" srcset=\"https:\/\/tomajazz.com\/web\/wp-content\/uploads\/2022\/04\/06_lbrt-Mrqs-41-\u00a9Joan-Cortes_25fbr22_32FJG_CGCdR_Grnllrs.jpg 399w, https:\/\/tomajazz.com\/web\/wp-content\/uploads\/2022\/04\/06_lbrt-Mrqs-41-\u00a9Joan-Cortes_25fbr22_32FJG_CGCdR_Grnllrs-133x200.jpg 133w, https:\/\/tomajazz.com\/web\/wp-content\/uploads\/2022\/04\/06_lbrt-Mrqs-41-\u00a9Joan-Cortes_25fbr22_32FJG_CGCdR_Grnllrs-366x550.jpg 366w, https:\/\/tomajazz.com\/web\/wp-content\/uploads\/2022\/04\/06_lbrt-Mrqs-41-\u00a9Joan-Cortes_25fbr22_32FJG_CGCdR_Grnllrs-333x500.jpg 333w\" sizes=\"auto, (max-width: 399px) 100vw, 399px\" \/> <img loading=\"lazy\" decoding=\"async\" class=\"aligncenter size-large wp-image-62783\" src=\"https:\/\/tomajazz.com\/web\/wp-content\/uploads\/2022\/04\/07_lbrt-Mrqs-41-\u00a9Joan-Cortes_25fbr22_32FJG_CGCdR_Grnllrs.jpg\" alt=\"\" width=\"399\" height=\"600\" title=\"\" srcset=\"https:\/\/tomajazz.com\/web\/wp-content\/uploads\/2022\/04\/07_lbrt-Mrqs-41-\u00a9Joan-Cortes_25fbr22_32FJG_CGCdR_Grnllrs.jpg 399w, https:\/\/tomajazz.com\/web\/wp-content\/uploads\/2022\/04\/07_lbrt-Mrqs-41-\u00a9Joan-Cortes_25fbr22_32FJG_CGCdR_Grnllrs-133x200.jpg 133w, https:\/\/tomajazz.com\/web\/wp-content\/uploads\/2022\/04\/07_lbrt-Mrqs-41-\u00a9Joan-Cortes_25fbr22_32FJG_CGCdR_Grnllrs-366x550.jpg 366w, https:\/\/tomajazz.com\/web\/wp-content\/uploads\/2022\/04\/07_lbrt-Mrqs-41-\u00a9Joan-Cortes_25fbr22_32FJG_CGCdR_Grnllrs-333x500.jpg 333w\" sizes=\"auto, (max-width: 399px) 100vw, 399px\" \/> <img loading=\"lazy\" decoding=\"async\" class=\"aligncenter size-large wp-image-62784\" src=\"https:\/\/tomajazz.com\/web\/wp-content\/uploads\/2022\/04\/08_lbrt-Mrqs-41-\u00a9Joan-Cortes_25fbr22_32FJG_CGCdR_Grnllrs.jpg\" alt=\"\" width=\"600\" height=\"399\" title=\"\" srcset=\"https:\/\/tomajazz.com\/web\/wp-content\/uploads\/2022\/04\/08_lbrt-Mrqs-41-\u00a9Joan-Cortes_25fbr22_32FJG_CGCdR_Grnllrs.jpg 600w, https:\/\/tomajazz.com\/web\/wp-content\/uploads\/2022\/04\/08_lbrt-Mrqs-41-\u00a9Joan-Cortes_25fbr22_32FJG_CGCdR_Grnllrs-200x133.jpg 200w, https:\/\/tomajazz.com\/web\/wp-content\/uploads\/2022\/04\/08_lbrt-Mrqs-41-\u00a9Joan-Cortes_25fbr22_32FJG_CGCdR_Grnllrs-465x309.jpg 465w\" sizes=\"auto, (max-width: 600px) 100vw, 600px\" \/> <img loading=\"lazy\" decoding=\"async\" class=\"aligncenter size-large wp-image-62785\" src=\"https:\/\/tomajazz.com\/web\/wp-content\/uploads\/2022\/04\/09_lbrt-Mrqs-41-\u00a9Joan-Cortes_25fbr22_32FJG_CGCdR_Grnllrs.jpg\" alt=\"\" width=\"600\" height=\"399\" title=\"\" srcset=\"https:\/\/tomajazz.com\/web\/wp-content\/uploads\/2022\/04\/09_lbrt-Mrqs-41-\u00a9Joan-Cortes_25fbr22_32FJG_CGCdR_Grnllrs.jpg 600w, https:\/\/tomajazz.com\/web\/wp-content\/uploads\/2022\/04\/09_lbrt-Mrqs-41-\u00a9Joan-Cortes_25fbr22_32FJG_CGCdR_Grnllrs-200x133.jpg 200w, https:\/\/tomajazz.com\/web\/wp-content\/uploads\/2022\/04\/09_lbrt-Mrqs-41-\u00a9Joan-Cortes_25fbr22_32FJG_CGCdR_Grnllrs-465x309.jpg 465w\" sizes=\"auto, (max-width: 600px) 100vw, 600px\" \/> <img loading=\"lazy\" decoding=\"async\" class=\"aligncenter size-large wp-image-62786\" src=\"https:\/\/tomajazz.com\/web\/wp-content\/uploads\/2022\/04\/10_lbrt-Mrqs-41-\u00a9Joan-Cortes_25fbr22_32FJG_CGCdR_Grnllrs.jpg\" alt=\"\" width=\"600\" height=\"399\" title=\"\" srcset=\"https:\/\/tomajazz.com\/web\/wp-content\/uploads\/2022\/04\/10_lbrt-Mrqs-41-\u00a9Joan-Cortes_25fbr22_32FJG_CGCdR_Grnllrs.jpg 600w, https:\/\/tomajazz.com\/web\/wp-content\/uploads\/2022\/04\/10_lbrt-Mrqs-41-\u00a9Joan-Cortes_25fbr22_32FJG_CGCdR_Grnllrs-200x133.jpg 200w, https:\/\/tomajazz.com\/web\/wp-content\/uploads\/2022\/04\/10_lbrt-Mrqs-41-\u00a9Joan-Cortes_25fbr22_32FJG_CGCdR_Grnllrs-465x309.jpg 465w\" sizes=\"auto, (max-width: 600px) 100vw, 600px\" \/> <img loading=\"lazy\" decoding=\"async\" class=\"aligncenter size-large wp-image-62787\" src=\"https:\/\/tomajazz.com\/web\/wp-content\/uploads\/2022\/04\/11_lbrt-Mrqs-41-\u00a9Joan-Cortes_25fbr22_32FJG_CGCdR_Grnllrs.jpg\" alt=\"\" width=\"399\" height=\"600\" title=\"\" srcset=\"https:\/\/tomajazz.com\/web\/wp-content\/uploads\/2022\/04\/11_lbrt-Mrqs-41-\u00a9Joan-Cortes_25fbr22_32FJG_CGCdR_Grnllrs.jpg 399w, https:\/\/tomajazz.com\/web\/wp-content\/uploads\/2022\/04\/11_lbrt-Mrqs-41-\u00a9Joan-Cortes_25fbr22_32FJG_CGCdR_Grnllrs-133x200.jpg 133w, https:\/\/tomajazz.com\/web\/wp-content\/uploads\/2022\/04\/11_lbrt-Mrqs-41-\u00a9Joan-Cortes_25fbr22_32FJG_CGCdR_Grnllrs-366x550.jpg 366w, https:\/\/tomajazz.com\/web\/wp-content\/uploads\/2022\/04\/11_lbrt-Mrqs-41-\u00a9Joan-Cortes_25fbr22_32FJG_CGCdR_Grnllrs-333x500.jpg 333w\" sizes=\"auto, (max-width: 399px) 100vw, 399px\" \/> <img loading=\"lazy\" decoding=\"async\" class=\"aligncenter size-large wp-image-62788\" src=\"https:\/\/tomajazz.com\/web\/wp-content\/uploads\/2022\/04\/12_lbrt-Mrqs-41-\u00a9Joan-Cortes_25fbr22_32FJG_CGCdR_Grnllrs.jpg\" alt=\"\" width=\"600\" height=\"399\" title=\"\" srcset=\"https:\/\/tomajazz.com\/web\/wp-content\/uploads\/2022\/04\/12_lbrt-Mrqs-41-\u00a9Joan-Cortes_25fbr22_32FJG_CGCdR_Grnllrs.jpg 600w, https:\/\/tomajazz.com\/web\/wp-content\/uploads\/2022\/04\/12_lbrt-Mrqs-41-\u00a9Joan-Cortes_25fbr22_32FJG_CGCdR_Grnllrs-200x133.jpg 200w, https:\/\/tomajazz.com\/web\/wp-content\/uploads\/2022\/04\/12_lbrt-Mrqs-41-\u00a9Joan-Cortes_25fbr22_32FJG_CGCdR_Grnllrs-465x309.jpg 465w\" sizes=\"auto, (max-width: 600px) 100vw, 600px\" \/><\/p>\n<p style=\"text-align: right;\">Tomajazz: \u00a9 <a href=\"https:\/\/www.facebook.com\/joan.cortesbenages\" target=\"_blank\" rel=\"noopener\"><strong>Joan Cort\u00e8s<\/strong><\/a>, 2022<\/p>\n<h4>M\u00e1s informaci\u00f3n sobre Albert Marqu\u00e8s<\/h4>\n<p><a href=\"https:\/\/www.albertmarques.com\/\" target=\"_blank\" rel=\"noopener\">https:\/\/www.albertmarques.com\/<\/a><\/p>\n<p><a href=\"https:\/\/tomajazz.com\/web\/?s=albert+marques&amp;submit=Search\" target=\"_blank\" rel=\"noopener\">https:\/\/tomajazz.com\/web\/?s=albert+marques&amp;submit=Search<\/a><\/p>\n<h4>32\u00e8 Jazz Granollers Festival en Tomajazz<\/h4>\n<blockquote class=\"wp-embedded-content\" data-secret=\"CzDQHRo6zF\"><p><a href=\"https:\/\/tomajazz.com\/web\/alex-conde-trio-descarga-for-bud-32e-jazz-granollers-festival-casino-de-granollers-club-de-ritme-granollers-barcelona-2022-02-18-por-joan-cortes-instantzz-aka-galeria-fotogra\/\">Alex Conde Tr\u00edo \u201cDescarga for Bud\u201d (32\u00e8 Jazz Granollers Festival, Casino de Granollers-Club de Ritme, Granollers -Barcelona-. 2022-02-18) Por Joan Cort\u00e8s [INSTANTZZ AKA Galer\u00eda fotogr\u00e1fica AKA Fotoblog de jazz, impro\u2026 y algo m\u00e1s]<\/a><\/p><\/blockquote>\n<p><iframe loading=\"lazy\" class=\"wp-embedded-content\" sandbox=\"allow-scripts\" security=\"restricted\" style=\"position: absolute; visibility: hidden;\" title=\"\u00abAlex Conde Tr\u00edo \u201cDescarga for Bud\u201d (32\u00e8 Jazz Granollers Festival, Casino de Granollers-Club de Ritme, Granollers -Barcelona-. 2022-02-18) Por Joan Cort\u00e8s [INSTANTZZ AKA Galer\u00eda fotogr\u00e1fica AKA Fotoblog de jazz, impro\u2026 y algo m\u00e1s]\u00bb \u2014 Tomajazz\" src=\"https:\/\/tomajazz.com\/web\/alex-conde-trio-descarga-for-bud-32e-jazz-granollers-festival-casino-de-granollers-club-de-ritme-granollers-barcelona-2022-02-18-por-joan-cortes-instantzz-aka-galeria-fotogra\/embed\/#?secret=1Dl95JYd2b#?secret=CzDQHRo6zF\" data-secret=\"CzDQHRo6zF\" width=\"600\" height=\"338\" frameborder=\"0\" marginwidth=\"0\" marginheight=\"0\" scrolling=\"no\"><\/iframe><\/p>\n<h4>Joan Cort\u00e8s en Tomajazz<\/h4>\n<p><a href=\"https:\/\/tomajazz.com\/web\/?cat=17853\" target=\"_blank\" rel=\"noopener\">https:\/\/tomajazz.com\/web\/?cat=17853<\/a><\/p>\n","protected":false},"excerpt":{"rendered":"<p>En INSTANTZZ una galer\u00eda fotogr\u00e1fica de Joan Cort\u00e8s con la actuaci\u00f3n de Albert Marqu\u00e8s Quartet + 1 en el 32\u00e8 Jazz Granollers Festival. Un concierto muy especial, ya que adem\u00e1s de participar en directo el propio Albert Marqu\u00e8s, Erin Corine, Manel Forti\u00e0 y Marc Ayza, particip\u00f3 telef\u00f3nicamente desde el corredor de la muerte en una prisi\u00f3n en Ohio, el vocalista Keith LaMar. <span class=\"more-link\"><a href=\"https:\/\/tomajazz.com\/web\/albert-marques-quartet-1-freedom-first-32e-jazz-granollers-festival-casino-de-granollers-club-de-ritme-granollers-barcelona-2022-02-25-por-joan-cortes-instantzz-aka-galeria-fotografica\/\">Contin\u00faa leyendo<\/a><\/span><\/p>\n","protected":false},"author":1,"featured_media":62786,"comment_status":"open","ping_status":"closed","sticky":false,"template":"","format":"standard","meta":{"jetpack_post_was_ever_published":false,"_jetpack_newsletter_access":"","_jetpack_dont_email_post_to_subs":false,"_jetpack_newsletter_tier_id":0,"_jetpack_memberships_contains_paywalled_content":false,"_jetpack_memberships_contains_paid_content":false,"footnotes":""},"categories":[11261,17853,11262,15516,1038],"tags":[26531,1236,26954,26955,26956,15591,1041,26957,11843,320],"class_list":["entry","author-pachi","has-excerpt","post-62776","post","type-post","status-publish","format-standard","has-post-thumbnail","category-instantzz","category-joan-cortes","category-photoblogs","category-imagenes","category-contenidos","tag-32e-jazz-granollers-festival","tag-albert-marques","tag-albert-marques-quartet","tag-albert-marques-quartet-1","tag-erin-corine","tag-jazz-granollers-festival","tag-joan-cortes","tag-keith-lamar","tag-manel-fortia","tag-marc-ayza"],"jetpack_featured_media_url":"https:\/\/tomajazz.com\/web\/wp-content\/uploads\/2022\/04\/10_lbrt-Mrqs-41-\u00a9Joan-Cortes_25fbr22_32FJG_CGCdR_Grnllrs.jpg","jetpack_likes_enabled":true,"jetpack_sharing_enabled":true,"jetpack-related-posts":[{"id":73018,"url":"https:\/\/tomajazz.com\/web\/albert-marques-keith-lamar-granollers-2023\/","url_meta":{"origin":62776,"position":0},"title":"Albert Marqu\u00e8s &#038; Keith LaMar \u201cFreedom First\u201d (Escena Gran: Compartint escenaris, Teatre Auditori de Granollers, 2023-03-01. Granollers -Barcelona-) Por Joan Cort\u00e8s [INSTANTZZ AKA Galer\u00eda fotogr\u00e1fica AKA Fotoblog de jazz, impro\u2026 y algo m\u00e1s]","author":"Tomajazz","date":"15 abril, 2023","format":false,"excerpt":"Albert Marqu\u00e8s & Keith LaMar con su reivindicativo \u201cFreedom First\u201d actuaron en Escena Gran de Granollers el pasado 1 de marzo de 2023. Joan Cort\u00e8s retrata el concierto en INSTANTZZ.","rel":"","context":"En \u00abINSTANTZZ\u00bb","block_context":{"text":"INSTANTZZ","link":"https:\/\/tomajazz.com\/web\/category\/contenidos\/imagenes\/photoblogs\/instantzz\/"},"img":{"alt_text":"Albert Marqu\u00e8s &#038; Keith LaMar \u201cFreedom First\u201d (Escena Gran: Compartint escenaris, Teatre Auditori de Granollers, 2023-03-01. Granollers -Barcelona-) Por Joan Cort\u00e8s [INSTANTZZ AKA Galer\u00eda fotogr\u00e1fica AKA Fotoblog de jazz, impro\u2026 y algo m\u00e1s] - Tomajazz 9.0 - Albert Marqu\u00e8s & Keith LaMar \u201cFreedom First\u201d actuaron en Escena Gran de Granollers el pasado 1 de marzo de 2023. Joan Cort\u00e8s retrata el concierto en INSTANTZZ.","src":"https:\/\/i0.wp.com\/tomajazz.com\/web\/wp-content\/uploads\/2023\/04\/02-lbrt-Mrqs-Kth-LMr-%C2%A9Joan-Cortes-01mrc23-Ttr-dtr-Grnllrs-Albert-Marques-Keith-LaMar-Freedom-First-Escena-Gran-Granollers-2023-03-01-INSTANTZZ.jpg?resize=350%2C200&ssl=1","width":350,"height":200,"srcset":"https:\/\/i0.wp.com\/tomajazz.com\/web\/wp-content\/uploads\/2023\/04\/02-lbrt-Mrqs-Kth-LMr-%C2%A9Joan-Cortes-01mrc23-Ttr-dtr-Grnllrs-Albert-Marques-Keith-LaMar-Freedom-First-Escena-Gran-Granollers-2023-03-01-INSTANTZZ.jpg?resize=350%2C200&ssl=1 1x, https:\/\/i0.wp.com\/tomajazz.com\/web\/wp-content\/uploads\/2023\/04\/02-lbrt-Mrqs-Kth-LMr-%C2%A9Joan-Cortes-01mrc23-Ttr-dtr-Grnllrs-Albert-Marques-Keith-LaMar-Freedom-First-Escena-Gran-Granollers-2023-03-01-INSTANTZZ.jpg?resize=525%2C300&ssl=1 1.5x"},"classes":[]},{"id":96292,"url":"https:\/\/tomajazz.com\/web\/albert-marques-granollers-2025\/","url_meta":{"origin":62776,"position":1},"title":"Albert Marqu\u00e8s \u201cGranollers-Par\u00eds-Nova York\u201d (35\u00e8 Jazz Granollers Festival, Teatre Auditori. 2025-03-21  \/ Granollers -Barcelona-) [IV] Por Joan Cort\u00e8s [INSTANTZZ AKA Galer\u00eda fotogr\u00e1fica AKA Fotoblog de jazz, impro\u2026 y algo m\u00e1s]","author":"Tomajazz","date":"5 junio, 2025","format":false,"excerpt":"Albert Marqu\u00e8s \u201cGranollers-Par\u00eds-Nova York\u201d actu\u00f3 en el 35\u00e8 Jazz Granollers Festival, el 21 de marzo de 2025. Joan Cort\u00e8s lo retrata en INSTANTZZ. Actuaron Albert Marqu\u00e8s, Gabriel Amargant, Manel Forti\u00e0, Raph\u00e4el Pannier, S\u00f2nia S\u00e1nchez, Keith LaMar, Mir Zainen Do","rel":"","context":"En \u00ab35 Jazz Granollers Festival 2025\u00bb","block_context":{"text":"35 Jazz Granollers Festival 2025","link":"https:\/\/tomajazz.com\/web\/category\/contenidos\/especial-contenidos\/35-jazz-granollers-festival-2025\/"},"img":{"alt_text":"Albert Marqu\u00e8s \u201cGranollers-Par\u00eds-Nova York\u201d (35\u00e8 Jazz Granollers Festival, Teatre Auditori. 2025-03-21  \/ Granollers -Barcelona-) [IV] Por Joan Cort\u00e8s [INSTANTZZ AKA Galer\u00eda fotogr\u00e1fica AKA Fotoblog de jazz, impro\u2026 y algo m\u00e1s] - Tomajazz - Albert Marqu\u00e8s \u201cGranollers-Par\u00eds-Nova York\u201d actu\u00f3 en el 35\u00e8 Jazz Granollers Festival, el 21 de marzo de 2025. Joan Cort\u00e8s lo retrata en INSTANTZZ. Actuaron Albert Marqu\u00e8s, Gabriel Amargant, Manel Forti\u00e0, Raph\u00e4el Pannier, S\u00f2nia S\u00e1nchez, Keith LaMar, Mir Zainen Do\n","src":"https:\/\/i0.wp.com\/tomajazz.com\/web\/wp-content\/uploads\/2025\/06\/destacado-07-lbrt-Mrqs-Photo-By-Joan-Cortes-21mrc25-35JGF-TdGrnllrs.jpg?resize=350%2C200&ssl=1","width":350,"height":200,"srcset":"https:\/\/i0.wp.com\/tomajazz.com\/web\/wp-content\/uploads\/2025\/06\/destacado-07-lbrt-Mrqs-Photo-By-Joan-Cortes-21mrc25-35JGF-TdGrnllrs.jpg?resize=350%2C200&ssl=1 1x, https:\/\/i0.wp.com\/tomajazz.com\/web\/wp-content\/uploads\/2025\/06\/destacado-07-lbrt-Mrqs-Photo-By-Joan-Cortes-21mrc25-35JGF-TdGrnllrs.jpg?resize=525%2C300&ssl=1 1.5x"},"classes":[]},{"id":70613,"url":"https:\/\/tomajazz.com\/web\/keith-lamar-freedom-first-hdo-557-podcast\/","url_meta":{"origin":62776,"position":2},"title":"Keith Lamar: Freedom First. Por Pachi Tapiz. HDO 557 [Podcast de jazz]","author":"Tomajazz","date":"1 febrero, 2023","format":false,"excerpt":"El 1 de febrero de 2023 comienza la gira de presentaci\u00f3n del disco Freedom First del pianista Albert Marqu\u00e9s y del preso condenado a muerte Keith Lamar. El proyecto a\u00fana el jazz y la conciencia social, ya que Keith Lamar fue condenado a muerte por un crimen que no cometi\u00f3\u2026","rel":"","context":"En \u00ab*_Pachi Tapiz\u00bb","block_context":{"text":"*_Pachi Tapiz","link":"https:\/\/tomajazz.com\/web\/category\/pachi-tapiz\/"},"img":{"alt_text":"El 1 de febrero de 2023 comienza la gira de presentaci\u00f3n del disco Freedom First del pianista Albert Marqu\u00e9s y del preso condenado a muerte Keith Lamar. El proyecto a\u00fana el jazz y la conciencia social, ya que Keith Lamar fue condenado a muerte por un crimen que no cometi\u00f3 en 1993. En la actualidad lleva 28 a\u00f1os en el corredor de la muerte, esperando su ejecuci\u00f3n, que est\u00e1 planificada para el pr\u00f3ximo 16 de noviembre de 2023. En HDO presentamos la gira y escuchamos algunos temas de esta grabaci\u00f3n.","src":"https:\/\/i0.wp.com\/tomajazz.com\/web\/wp-content\/uploads\/2023\/02\/Collage_programa0557-Keith-Lamar-Freedom-First.jpg?resize=350%2C200&ssl=1","width":350,"height":200,"srcset":"https:\/\/i0.wp.com\/tomajazz.com\/web\/wp-content\/uploads\/2023\/02\/Collage_programa0557-Keith-Lamar-Freedom-First.jpg?resize=350%2C200&ssl=1 1x, https:\/\/i0.wp.com\/tomajazz.com\/web\/wp-content\/uploads\/2023\/02\/Collage_programa0557-Keith-Lamar-Freedom-First.jpg?resize=525%2C300&ssl=1 1.5x, https:\/\/i0.wp.com\/tomajazz.com\/web\/wp-content\/uploads\/2023\/02\/Collage_programa0557-Keith-Lamar-Freedom-First.jpg?resize=700%2C400&ssl=1 2x"},"classes":[]},{"id":105012,"url":"https:\/\/tomajazz.com\/web\/lage-lund-trio-granollers-2026\/","url_meta":{"origin":62776,"position":3},"title":"Lage Lund Trio (36\u00e8 Jazz Granollers Festival \/ Casino, 2026-03-13 \/ Granollers -Barcelona-) [y III] Por Joan Cort\u00e8s [INSTANTZZ AKA Galer\u00eda fotogr\u00e1fica AKA Fotoblog de jazz, impro\u2026 y algo m\u00e1s]","author":"Tomajazz","date":"23 abril, 2026","format":false,"excerpt":"Lage Lund Trio actu\u00f3 en el 36\u00e8 Jazz Granollers Festival, el 13 de marzo de 2026. Joan Cort\u00e8s lo retrata en INSTANTZZ. Lage Lund Trio son Lage Lund, Orlando Le Fleming, Greg Hutchinson","rel":"","context":"En \u00ab36 Jazz Granollers Festival 2026\u00bb","block_context":{"text":"36 Jazz Granollers Festival 2026","link":"https:\/\/tomajazz.com\/web\/category\/contenidos\/especial-contenidos\/36-jazz-granollers-festival-2026\/"},"img":{"alt_text":"Lage Lund Trio (36\u00e8 Jazz Granollers Festival \/ Casino, 2026-03-13 \/ Granollers -Barcelona-) [y III] Por Joan Cort\u00e8s [INSTANTZZ AKA Galer\u00eda fotogr\u00e1fica AKA Fotoblog de jazz, impro\u2026 y algo m\u00e1s] - Tomajazz - Lage Lund Trio actu\u00f3 en el 36\u00e8 Jazz Granollers Festival, el 13 de marzo de 2026. Joan Cort\u00e8s lo retrata en INSTANTZZ. Lage Lund Trio son Lage Lund, Orlando Le Fleming, Greg Hutchinson","src":"https:\/\/i0.wp.com\/tomajazz.com\/web\/wp-content\/uploads\/2026\/04\/destacada-02-Lg-Lnd-Photo-by-Joan-Cortes-13mrc26-36JGF-Csn-Gr-bn.jpg?resize=350%2C200&ssl=1","width":350,"height":200,"srcset":"https:\/\/i0.wp.com\/tomajazz.com\/web\/wp-content\/uploads\/2026\/04\/destacada-02-Lg-Lnd-Photo-by-Joan-Cortes-13mrc26-36JGF-Csn-Gr-bn.jpg?resize=350%2C200&ssl=1 1x, https:\/\/i0.wp.com\/tomajazz.com\/web\/wp-content\/uploads\/2026\/04\/destacada-02-Lg-Lnd-Photo-by-Joan-Cortes-13mrc26-36JGF-Csn-Gr-bn.jpg?resize=525%2C300&ssl=1 1.5x"},"classes":[]},{"id":42660,"url":"https:\/\/tomajazz.com\/web\/instantzz-albert-marques-trio-antonio-lizana-29e-jazz-granollers-festival-casino-de-granollers-club-de-ritme-granollers-barcelona-2019-02-22\/","url_meta":{"origin":62776,"position":4},"title":"INSTANTZZ: Albert Marqu\u00e8s Trio + Antonio Lizana (29\u00e8 Jazz Granollers Festival, Casino de Granollers \u2013 Club de Ritme, Granollers -Barcelona-.  2019-02-22) [Galer\u00eda fotogr\u00e1fica]","author":"Tomajazz","date":"30 marzo, 2019","format":false,"excerpt":"Por\u00a0Joan Cort\u00e8s. Fecha: Viernes, 22 de febrero de 2019 Lugar: Casino de Granollers - Club de Ritme (Granollers -Barcelona-) Grupo: Albert Marqu\u00e8s Trio + Antonio Lizana Albert Marqu\u00e8s, piano Antonio Lizana, saxo alto, soprano y cante Manel Forti\u00e0, contrabajo Marc Miralta: bater\u00eda Tomajazz: \u00a9\u00a0Joan Cort\u00e8s, 2019","rel":"","context":"En \u00ab*_Joan Cort\u00e8s\u00bb","block_context":{"text":"*_Joan Cort\u00e8s","link":"https:\/\/tomajazz.com\/web\/category\/joan-cortes\/"},"img":{"alt_text":"","src":"https:\/\/i0.wp.com\/tomajazz.com\/web\/wp-content\/uploads\/2019\/03\/11_lbrt-Mrqs-Tr-ntn-Lzn-%C2%A9Joan-Cort%C3%A8s_29JGF_Csn-Grnllrs.jpg?resize=350%2C200&ssl=1","width":350,"height":200,"srcset":"https:\/\/i0.wp.com\/tomajazz.com\/web\/wp-content\/uploads\/2019\/03\/11_lbrt-Mrqs-Tr-ntn-Lzn-%C2%A9Joan-Cort%C3%A8s_29JGF_Csn-Grnllrs.jpg?resize=350%2C200&ssl=1 1x, https:\/\/i0.wp.com\/tomajazz.com\/web\/wp-content\/uploads\/2019\/03\/11_lbrt-Mrqs-Tr-ntn-Lzn-%C2%A9Joan-Cort%C3%A8s_29JGF_Csn-Grnllrs.jpg?resize=525%2C300&ssl=1 1.5x"},"classes":[]},{"id":104847,"url":"https:\/\/tomajazz.com\/web\/alba-careta-group-panical-jazz-granollers-2026\/","url_meta":{"origin":62776,"position":5},"title":"Alba Careta Group \u201cPanical\u201d (36\u00e8 Jazz Granollers Festival \/ Casino, 2026-02-27 \/ Granollers -Barcelona-) [II] Por Joan Cort\u00e8s [INSTANTZZ AKA Galer\u00eda fotogr\u00e1fica AKA Fotoblog de jazz, impro\u2026 y algo m\u00e1s]","author":"Tomajazz","date":"12 abril, 2026","format":false,"excerpt":"Alba Careta Group \u201cPanical\u201d actu\u00f3 en el 36\u00e8 Jazz Granollers Festival, el 27 de febrero de 2026. Joan Cort\u00e8s lo retrata en INSTANTZZ. Alba Careta Group \u201cPanical\u201d son Alba Careta, Lucas Mart\u00ednez, Roger Santacana, Giuseppe Campisi, Jordi Pallar\u00e9s","rel":"","context":"En \u00ab36 Jazz Granollers Festival 2026\u00bb","block_context":{"text":"36 Jazz Granollers Festival 2026","link":"https:\/\/tomajazz.com\/web\/category\/contenidos\/especial-contenidos\/36-jazz-granollers-festival-2026\/"},"img":{"alt_text":"Alba Careta Group \u201cPanical\u201d (36\u00e8 Jazz Granollers Festival \/ Casino, 2026-02-27 \/ Granollers -Barcelona-) [II] Por Joan Cort\u00e8s [INSTANTZZ AKA Galer\u00eda fotogr\u00e1fica AKA Fotoblog de jazz, impro\u2026 y algo m\u00e1s] - Tomajazz - Alba Careta Group \u201cPanical\u201d actu\u00f3 en el 36\u00e8 Jazz Granollers Festival, el 27 de febrero de 2026. Joan Cort\u00e8s lo retrata en INSTANTZZ. Alba Careta Group \u201cPanical\u201d son Alba Careta, Lucas Mart\u00ednez, Roger Santacana, Giuseppe Campisi, Jordi Pallar\u00e9s\n","src":"https:\/\/i0.wp.com\/tomajazz.com\/web\/wp-content\/uploads\/2026\/04\/destacada-03-lb-Crt-Grp-Photo-by-Joan-Cortes-27fbr26-36JGF-CG-CR-Grnllrs.jpg?resize=350%2C200&ssl=1","width":350,"height":200,"srcset":"https:\/\/i0.wp.com\/tomajazz.com\/web\/wp-content\/uploads\/2026\/04\/destacada-03-lb-Crt-Grp-Photo-by-Joan-Cortes-27fbr26-36JGF-CG-CR-Grnllrs.jpg?resize=350%2C200&ssl=1 1x, https:\/\/i0.wp.com\/tomajazz.com\/web\/wp-content\/uploads\/2026\/04\/destacada-03-lb-Crt-Grp-Photo-by-Joan-Cortes-27fbr26-36JGF-CG-CR-Grnllrs.jpg?resize=525%2C300&ssl=1 1.5x"},"classes":[]}],"_links":{"self":[{"href":"https:\/\/tomajazz.com\/web\/wp-json\/wp\/v2\/posts\/62776","targetHints":{"allow":["GET"]}}],"collection":[{"href":"https:\/\/tomajazz.com\/web\/wp-json\/wp\/v2\/posts"}],"about":[{"href":"https:\/\/tomajazz.com\/web\/wp-json\/wp\/v2\/types\/post"}],"author":[{"embeddable":true,"href":"https:\/\/tomajazz.com\/web\/wp-json\/wp\/v2\/users\/1"}],"replies":[{"embeddable":true,"href":"https:\/\/tomajazz.com\/web\/wp-json\/wp\/v2\/comments?post=62776"}],"version-history":[{"count":5,"href":"https:\/\/tomajazz.com\/web\/wp-json\/wp\/v2\/posts\/62776\/revisions"}],"predecessor-version":[{"id":62937,"href":"https:\/\/tomajazz.com\/web\/wp-json\/wp\/v2\/posts\/62776\/revisions\/62937"}],"wp:featuredmedia":[{"embeddable":true,"href":"https:\/\/tomajazz.com\/web\/wp-json\/wp\/v2\/media\/62786"}],"wp:attachment":[{"href":"https:\/\/tomajazz.com\/web\/wp-json\/wp\/v2\/media?parent=62776"}],"wp:term":[{"taxonomy":"category","embeddable":true,"href":"https:\/\/tomajazz.com\/web\/wp-json\/wp\/v2\/categories?post=62776"},{"taxonomy":"post_tag","embeddable":true,"href":"https:\/\/tomajazz.com\/web\/wp-json\/wp\/v2\/tags?post=62776"}],"curies":[{"name":"wp","href":"https:\/\/api.w.org\/{rel}","templated":true}]}}