{"id":62927,"date":"2022-04-18T12:30:09","date_gmt":"2022-04-18T10:30:09","guid":{"rendered":"https:\/\/www.tomajazz.com\/web\/?p=62927"},"modified":"2022-04-20T21:42:13","modified_gmt":"2022-04-20T19:42:13","slug":"the-michael-lauren-trio-live-at-mobydick-records-why-not-music-2022-por-jose-antonio-garcia-lopez-grabacion-de-jazz","status":"publish","type":"post","link":"https:\/\/tomajazz.com\/web\/the-michael-lauren-trio-live-at-mobydick-records-why-not-music-2022-por-jose-antonio-garcia-lopez-grabacion-de-jazz\/","title":{"rendered":"The Michael Lauren Trio: Live At Mobydick Records (Why Not Music, 2022) Por Jos\u00e9 Antonio Garc\u00eda L\u00f3pez [Grabaci\u00f3n de jazz]"},"content":{"rendered":"<p><img loading=\"lazy\" decoding=\"async\" class=\"alignleft wp-image-62929 size-medium\" src=\"https:\/\/tomajazz.com\/web\/wp-content\/uploads\/2022\/04\/The-Michael-Lauren-Trio_Live-At-Mobydick-Records-Why-Not-Music-2022-200x200.jpg\" alt=\"The Michael Lauren Trio: Live At Mobydick Records (Why Not Music, 2022)\" width=\"200\" height=\"200\" title=\"\" srcset=\"https:\/\/tomajazz.com\/web\/wp-content\/uploads\/2022\/04\/The-Michael-Lauren-Trio_Live-At-Mobydick-Records-Why-Not-Music-2022-200x200.jpg 200w, https:\/\/tomajazz.com\/web\/wp-content\/uploads\/2022\/04\/The-Michael-Lauren-Trio_Live-At-Mobydick-Records-Why-Not-Music-2022-600x600.jpg 600w, https:\/\/tomajazz.com\/web\/wp-content\/uploads\/2022\/04\/The-Michael-Lauren-Trio_Live-At-Mobydick-Records-Why-Not-Music-2022-150x150.jpg 150w, https:\/\/tomajazz.com\/web\/wp-content\/uploads\/2022\/04\/The-Michael-Lauren-Trio_Live-At-Mobydick-Records-Why-Not-Music-2022-465x465.jpg 465w, https:\/\/tomajazz.com\/web\/wp-content\/uploads\/2022\/04\/The-Michael-Lauren-Trio_Live-At-Mobydick-Records-Why-Not-Music-2022-500x500.jpg 500w, https:\/\/tomajazz.com\/web\/wp-content\/uploads\/2022\/04\/The-Michael-Lauren-Trio_Live-At-Mobydick-Records-Why-Not-Music-2022.jpg 700w\" sizes=\"auto, (max-width: 200px) 100vw, 200px\" \/>La nueva producci\u00f3n del pedagogo y baterista neoyorquino Michael Lauren, nos llega con una diferencia estructural en cuanto al formato del grupo, que en esta ocasi\u00f3n est\u00e1 formado por un tr\u00edo, compartido con el guitarrista Vasco Agostinho, y Jo\u00e3o Cust\u00f3dio en el contrabajo. En algunas de sus \u00faltimas producciones, anteriores a \u00e9sta (<strong>The Michael Lauren All Stars<\/strong>: <em>Once Upon A Time In Portugal<\/em>, 2015; y <strong>The Michael Lauren All Stars<\/strong> \u2013 <em>Old School<\/em> \/ Fresh Jazz, 2018), hemos escuchado al baterista en formaciones m\u00e1s amplias, acompa\u00f1ado por relevantes figuras del panorama jazz\u00edstico portugu\u00e9s. El trabajo a tr\u00edo exige una planificaci\u00f3n distinta y no exenta de las dificultades propias que se generan en cualquier tipo de grabaci\u00f3n, esta vez realizada como un concierto en directo, en Braga (Portugal) en 2021, en los estudios del sello discogr\u00e1fico Mobydick Records, propiedad de los hermanos Nico y Budda Guedes.<\/p>\n<p>El \u00e1lbum contiene siete composiciones de variados estilos, que apuntan hacia esa diversidad musical a la que Lauren nos tiene acostumbrados, lo que hace que se convierta en un ejercicio muy activo en su totalidad.<\/p>\n<p>\u201cBiji\u201d es el primer tema que encabeza el disco. Una composici\u00f3n del saxofonista Sonny Rollins, adaptada al tr\u00edo, con arreglos de Lauren y Agostinho. La alegre y animosa partitura da juego para que los tres m\u00fasicos realicen cortas incursiones de improvisaciones sobre la estructura arm\u00f3nica, destacando el papel del guitarrista con un solo m\u00e1s extenso, limpio y fluido, bien acompa\u00f1ado por la omnipresente bater\u00eda de Lauren y las acertadas l\u00edneas del contrabajo de Cust\u00f3dio, creando un poderoso y perceptible groove, con una buena y profunda sonoridad. En \u201cRitual Do Cabrito\u201d, apreciamos un giro estil\u00edstico hacia el jazz rock, marcado por el contrabajo de Cust\u00f3dio, la contundente bater\u00eda de Lauren, y el sonido algo distorsionado de la guitarra de Agostinho, que vuelve a tener un destacado protagonismo compartido con el contrabajo y la bater\u00eda. La audici\u00f3n contin\u00faa con una introducci\u00f3n de bater\u00eda que da paso a la exposici\u00f3n mel\u00f3dica de \u201cBonfim Blues\u201d (<em>Once Upon A Time In Portugal<\/em>, 2015) un relajado y elocuente blues, versionado a tr\u00edo, con solos bien definidos de los tres componentes. Los ritmos del jazz funk tambi\u00e9n est\u00e1n presentes en el \u00e1lbum con el tema titulado \u201cSempre Em Frente\u201d, iniciado con el pulso de la bater\u00eda y el contrabajo, al que se a\u00f1ade la guitarra distorsionada en una reiterada exposici\u00f3n de la melod\u00eda, para intensificarlo despu\u00e9s con un solo muy expresivo. La introducci\u00f3n del contrabajo de Cust\u00f3dio da inicio a la pieza m\u00e1s extensa del disco \u201cLooking Back At Life\u201d, una balada lenta y emotiva, llena de matices y colores sonoros, desarrollada en gran parte por el contrabajo y la guitarra el\u00e9ctrica, arropados por la meticulosa y sutil bater\u00eda de Lauren. Los tiempos ternarios (3\/4) se dan cita en \u201cFresco\u201d, una alegre cadencia musical en la que Agostinho nos deleita con su buen manejo instrumental y un excelente lenguaje jazz\u00edstico en su discurso. Llegamos a la \u00faltima composici\u00f3n del disco con \u201cA Bridge Remembered\u201d, basada en un tempo r\u00e1pido (fast), sobre el que camina la sugerente y en\u00e9rgica guitarra, dejando espacio a un magistral y decisivo solo de bater\u00eda de Lauren.<\/p>\n<p>Habr\u00eda que resaltar tambi\u00e9n la lograda dimensi\u00f3n sonora que engloba todo el \u00e1lbum. Fiel a sus principios ecl\u00e9cticos, pero igualmente a su versatilidad como baterista, Michael Lauren nos ofrece la muestra creativa de una m\u00fasica que se mueve m\u00e1s all\u00e1 de lo convencional. Una m\u00fasica \u00edntegra, hecha con actitud, de acuerdo con su propia reflexi\u00f3n.<\/p>\n<p style=\"text-align: right;\">Tomajazz: \u00a9 <strong><a href=\"https:\/\/www.facebook.com\/joseantonio.garcia.3950\" target=\"_blank\" rel=\"noopener\">Jos\u00e9 Antonio Garc\u00eda L\u00f3pez<\/a><\/strong>, 2022<\/p>\n<h4>The Michael Lauren Trio: Live At Mobydick Records<\/h4>\n<p>M\u00fasicos: Michael Lauren (bater\u00eda), Vasco Agostinho (guitarra), Jo\u00e3o Cust\u00f3dio (contrabajo).<\/p>\n<p>Composiciones: \u201cBiji\u201d (Sonny Rollins) \/ Arreglos: Michael Lauren y Vasco Agostinho, \u201cRitual Do Cabrito\u201d (Vasco Agostinho) \/ Arreglos: Vasco Agostinho , \u201cBonfim Blues\u201d (Michael Lauren) \/ Arreglos: Michael Lauren , \u201cSempre Em Frente\u201d (Michael Lauren \/ Vasco Agostinho) \/ Arreglos: Michael Lauren y Vasco Agostinho, \u201cLooking Back At Life\u201d (Michael Lauren \/ Vasco Agostinho) \/ Arreglos: Michael Lauren, \u201cFresco\u201d (Vasco Agostinho) \/ Arreglos: Vasco Agostinho, \u201cA Bridge Remembered\u201d (Michael Lauren \/ Vasco Agostinho) \/ Arreglos: Michael Lauren.<\/p>\n<p>Producci\u00f3n: Michael Lauren. Publicado por Why Not Music, 2022.<\/p>\n<h4>M\u00e1s informaci\u00f3n acerca de Michael Lauren<\/h4>\n<p><a href=\"https:\/\/www.michael-lauren.com\/\" target=\"_blank\" rel=\"noopener\">https:\/\/www.michael-lauren.com\/<\/a><\/p>\n<p><a href=\"https:\/\/tomajazz.com\/web\/?s=michael+lauren&amp;submit=Search\" target=\"_blank\" rel=\"noopener\">https:\/\/tomajazz.com\/web\/?s=michael+lauren&amp;submit=Search<\/a><\/p>\n<h4>Jos\u00e9 Antonio Garc\u00eda L\u00f3pez en Tomajazz<\/h4>\n<p><a href=\"https:\/\/tomajazz.com\/web\/?cat=17875\" target=\"_blank\" rel=\"noopener\">https:\/\/tomajazz.com\/web\/?cat=17875<\/a><\/p>\n<p>&nbsp;<\/p>\n","protected":false},"excerpt":{"rendered":"<p>Jos\u00e9 Antonio Garc\u00eda L\u00f3pez repasa Live At Mobydick Records (Why Not Music, 2022) de The Michael Lauren Trio. <span class=\"more-link\"><a href=\"https:\/\/tomajazz.com\/web\/the-michael-lauren-trio-live-at-mobydick-records-why-not-music-2022-por-jose-antonio-garcia-lopez-grabacion-de-jazz\/\">Contin\u00faa leyendo<\/a><\/span><\/p>\n","protected":false},"author":1,"featured_media":62929,"comment_status":"open","ping_status":"closed","sticky":false,"template":"","format":"standard","meta":{"_jetpack_newsletter_access":"","_jetpack_dont_email_post_to_subs":false,"_jetpack_newsletter_tier_id":0,"_jetpack_memberships_contains_paywalled_content":false,"_jetpack_feature_clip_id":0,"_jetpack_memberships_contains_paid_content":false,"footnotes":"","jetpack_post_was_ever_published":false},"categories":[5,17875,15517,1038],"tags":[8083,1154,15690,26977,26978,15694],"class_list":["entry","author-pachi","has-excerpt","post-62927","post","type-post","status-publish","format-standard","has-post-thumbnail","category-grabaciones","category-jose-antonio-garcia-lopez","category-textos","category-contenidos","tag-joao-custodio","tag-jose-antonio-garcia-lopez","tag-michael-lauren","tag-the-michael-lauren-trio","tag-vasco-agostinho","tag-why-not-music"],"jetpack_likes_enabled":true,"jetpack_sharing_enabled":true,"jetpack-related-posts":[{"id":39902,"url":"https:\/\/tomajazz.com\/web\/the-michael-lauren-all-stars-old-school-fresh-jazz-why-not-music-2018-grabacion\/","url_meta":{"origin":62927,"position":0},"title":"The Michael Lauren All Stars \u2013 Old School \/ Fresh Jazz (Why Not Music, 2018) [Grabaci\u00f3n]","author":"Tomajazz","date":"20 noviembre, 2018","format":false,"excerpt":"Por Jos\u00e9 Antonio Garc\u00eda L\u00f3pez. Desde Portugal nos llega un interesante \u00e1lbum del extraordinario baterista y compositor americano Michael Lauren. Su dedicaci\u00f3n, como pedagogo, a la educaci\u00f3n del jazz en diferentes departamentos y colectivos, profesor y jefe del departamento de jazz en la ESMAE (Oporto), y como fundador y director\u2026","rel":"","context":"En \u00ab*_Jos\u00e9 Antonio Garc\u00eda L\u00f3pez\u00bb","block_context":{"text":"*_Jos\u00e9 Antonio Garc\u00eda L\u00f3pez","link":"https:\/\/tomajazz.com\/web\/category\/jose-antonio-garcia-lopez\/"},"img":{"alt_text":"","src":"https:\/\/i0.wp.com\/tomajazz.com\/web\/wp-content\/uploads\/2018\/11\/PORTADA-DISCO-MICHAEL-LAURENT.jpg?resize=350%2C200&ssl=1","width":350,"height":200},"classes":[]},{"id":23857,"url":"https:\/\/tomajazz.com\/web\/the-michael-lauren-all-stars-once-upon-a-time-in-portugal-why-not-music-2015-cd\/","url_meta":{"origin":62927,"position":1},"title":"The Michael Lauren All Stars: Once Upon A Time In Portugal (Why Not Music, 2015; CD)","author":"Tomajazz","date":"3 mayo, 2016","format":false,"excerpt":"Elegante y sofisticado trabajo discogr\u00e1fico del baterista neoyorquino Michael Lauren, que nos llega desde Portugal, pa\u00eds en el que reside actualmente este gran pedagogo de la m\u00fasica. La trayectoria art\u00edstica de Lauren es muy amplia, tanto que dar\u00eda para escribir muchas p\u00e1ginas sobre ella, pero hay algo que destaca, su\u2026","rel":"","context":"En \u00ab*_Jos\u00e9 Antonio Garc\u00eda L\u00f3pez\u00bb","block_context":{"text":"*_Jos\u00e9 Antonio Garc\u00eda L\u00f3pez","link":"https:\/\/tomajazz.com\/web\/category\/jose-antonio-garcia-lopez\/"},"img":{"alt_text":"","src":"https:\/\/i0.wp.com\/tomajazz.com\/web\/wp-content\/uploads\/2016\/04\/The-Michael-Lauren-All-Stars_Once-Upon-A-Time-In-Portugal_Why-Not-Music_2015.jpg?resize=350%2C200&ssl=1","width":350,"height":200,"srcset":"https:\/\/i0.wp.com\/tomajazz.com\/web\/wp-content\/uploads\/2016\/04\/The-Michael-Lauren-All-Stars_Once-Upon-A-Time-In-Portugal_Why-Not-Music_2015.jpg?resize=350%2C200&ssl=1 1x, https:\/\/i0.wp.com\/tomajazz.com\/web\/wp-content\/uploads\/2016\/04\/The-Michael-Lauren-All-Stars_Once-Upon-A-Time-In-Portugal_Why-Not-Music_2015.jpg?resize=525%2C300&ssl=1 1.5x"},"classes":[]},{"id":106334,"url":"https:\/\/tomajazz.com\/web\/lluis-coloma-fusion-experience-quartet-san-javier-2026\/","url_meta":{"origin":62927,"position":2},"title":"Llu\u00eds Coloma Blues Project &#8211; Rockin\u2019 My Blues In San Javier \/ Fusion Experience Quartet (XXVIII Festival Internacional de Jazz de San Javier 2026 &#8211; Murcia. 2026-07-24)  Por Jos\u00e9 Antonio Garc\u00eda L\u00f3pez y Pedro S\u00e1ez [Concierto de jazz]","author":"Tomajazz","date":"10 agosto, 2026","format":false,"excerpt":"Llu\u00eds Coloma Blues Project - Rockin\u2019 My Blues In San Javier y Fusion Experience Quartet clausuraron el XXVIII Festival Internacional de Jazz de San Javier 2026. Jos\u00e9 Antonio Garc\u00eda L\u00f3pez y Pedro S\u00e1ez repasan la actuaci\u00f3n. Participaron Llu\u00eds Coloma Blues Project: Llu\u00eds Coloma, Nicole Rochelle, Kid Carlos, Manolo Germ\u00e1n, Julian\u2026","rel":"","context":"En \u00abXXVIII Festival Internacional de Jazz de San Javier 2026\u00bb","block_context":{"text":"XXVIII Festival Internacional de Jazz de San Javier 2026","link":"https:\/\/tomajazz.com\/web\/category\/contenidos\/especial-contenidos\/xxviii-festival-internacional-de-jazz-de-san-javier-2026\/"},"img":{"alt_text":"Llu\u00eds Coloma Blues Project - Rockin\u2019 My Blues In San Javier \/ Fusion Experience Quartet (XXVIII Festival Internacional de Jazz de San Javier 2026 - Murcia. 2026-07-24)  Por Jos\u00e9 Antonio Garc\u00eda L\u00f3pez y Pedro S\u00e1ez [Concierto de jazz] - Tomajazz - Llu\u00eds Coloma Blues Project - Rockin\u2019 My Blues In San Javier y Fusion Experience Quartet clausuraron el XXVIII Festival Internacional de Jazz de San Javier 2026. Jos\u00e9 Antonio Garc\u00eda L\u00f3pez y Pedro S\u00e1ez repasan la actuaci\u00f3n. Participaron Llu\u00eds Coloma Blues Project: Llu\u00eds Coloma, Nicole Rochelle, Kid Carlos, Manolo Germ\u00e1n, Julian Vaughn \/ Fusion Experience Quartet: Richard Bona, Ciro Manna, Michael Lecoq, Dave Weckl","src":"https:\/\/i0.wp.com\/tomajazz.com\/web\/wp-content\/uploads\/2026\/08\/Destacada-Lluis-Coloma-Blues-Project-07.jpg?resize=350%2C200&ssl=1","width":350,"height":200,"srcset":"https:\/\/i0.wp.com\/tomajazz.com\/web\/wp-content\/uploads\/2026\/08\/Destacada-Lluis-Coloma-Blues-Project-07.jpg?resize=350%2C200&ssl=1 1x, https:\/\/i0.wp.com\/tomajazz.com\/web\/wp-content\/uploads\/2026\/08\/Destacada-Lluis-Coloma-Blues-Project-07.jpg?resize=525%2C300&ssl=1 1.5x, https:\/\/i0.wp.com\/tomajazz.com\/web\/wp-content\/uploads\/2026\/08\/Destacada-Lluis-Coloma-Blues-Project-07.jpg?resize=700%2C400&ssl=1 2x"},"classes":[]},{"id":100972,"url":"https:\/\/tomajazz.com\/web\/fergus-mccreadie-the-shieling-2025\/","url_meta":{"origin":62927,"position":3},"title":"Fergus McCreadie: The Shieling (Edition Records; 2025) Por Pachi Tapiz [Grabaci\u00f3n de jazz]","author":"Tomajazz","date":"25 octubre, 2025","format":false,"excerpt":"The Shieling (Edition Records; 2025) es la nueva grabaci\u00f3n del pianista escoc\u00e9s Fergus McCreadie. Pachi Tapiz repasa la grabaci\u00f3n. Participan Fergus McCreadie, David Bowden, Stephen Henderson","rel":"","context":"En \u00abGrabaciones...\u00bb","block_context":{"text":"Grabaciones...","link":"https:\/\/tomajazz.com\/web\/category\/contenidos\/textos\/grabaciones\/"},"img":{"alt_text":"Fergus McCreadie: The Shieling (Edition Records; 2024) Por Pachi Tapiz [Grabaci\u00f3n de jazz] - Tomajazz - The Shieling (Edition Records; 2024) es la nueva grabaci\u00f3n del pianista escoc\u00e9s Fergus McCreadie. Pachi Tapiz repasa la grabaci\u00f3n. Participan Fergus McCreadie, David Bowden, Stephen Henderson","src":"https:\/\/i0.wp.com\/tomajazz.com\/web\/wp-content\/uploads\/2025\/10\/Fergus-McCreadie-The-Shieling-2025-Edition-Records-Tomajazz.jpg?resize=350%2C200&ssl=1","width":350,"height":200,"srcset":"https:\/\/i0.wp.com\/tomajazz.com\/web\/wp-content\/uploads\/2025\/10\/Fergus-McCreadie-The-Shieling-2025-Edition-Records-Tomajazz.jpg?resize=350%2C200&ssl=1 1x, https:\/\/i0.wp.com\/tomajazz.com\/web\/wp-content\/uploads\/2025\/10\/Fergus-McCreadie-The-Shieling-2025-Edition-Records-Tomajazz.jpg?resize=525%2C300&ssl=1 1.5x, https:\/\/i0.wp.com\/tomajazz.com\/web\/wp-content\/uploads\/2025\/10\/Fergus-McCreadie-The-Shieling-2025-Edition-Records-Tomajazz.jpg?resize=700%2C400&ssl=1 2x"},"classes":[]},{"id":106218,"url":"https:\/\/tomajazz.com\/web\/luca-filastro-trio-young-gun-silver-fox-san-javier-2026\/","url_meta":{"origin":62927,"position":4},"title":"Luca Filastro Tr\u00edo + Lara Ferrari \/ Young Gun Silver Fox (XXVIII Festival Internacional de Jazz de San Javier 2026 &#8211; Murcia. 2026-07-17)  Por Jos\u00e9 Antonio Garc\u00eda L\u00f3pez y Pedro S\u00e1ez [Concierto de jazz]","author":"Tomajazz","date":"6 agosto, 2026","format":false,"excerpt":"Luca Filastro Tr\u00edo + Lara Ferrari \/ Young Gun Silver Fox actuaron en el XXVIII Festival Internacional de Jazz de San Javier 2026. Jos\u00e9 Antonio Garc\u00eda L\u00f3pez y Pedro S\u00e1ez repasan el concierto. Actuaron Luca Filastro, Vincenzo Florio, Andrea Nunzi, Lara Ferrari, Andy Platts, Shawn Lee, Paul Housden, Adrian Meehan,\u2026","rel":"","context":"En \u00abXXVIII Festival Internacional de Jazz de San Javier 2026\u00bb","block_context":{"text":"XXVIII Festival Internacional de Jazz de San Javier 2026","link":"https:\/\/tomajazz.com\/web\/category\/contenidos\/especial-contenidos\/xxviii-festival-internacional-de-jazz-de-san-javier-2026\/"},"img":{"alt_text":"Luca Filastro Tr\u00edo + Lara Ferrari \/ Young Gun Silver Fox (XXVIII Festival Internacional de Jazz de San Javier 2026 - Murcia. 2026-07-17)  Por Jos\u00e9 Antonio Garc\u00eda L\u00f3pez y Pedro S\u00e1ez [Concierto de jazz] - Tomajazz - Luca Filastro Tr\u00edo + Lara Ferrari \/ Young Gun Silver Fox actuaron en el XXVIII Festival Internacional de Jazz de San Javier 2026. Jos\u00e9 Antonio Garc\u00eda L\u00f3pez y Pedro S\u00e1ez repasan el concierto. Actuaron Luca Filastro, Vincenzo Florio, Andrea Nunzi, Lara Ferrari, Andy Platts, Shawn Lee, Paul Housden, Adrian Meehan, \u00d3scar Cordero, Felipe Castro, Doug Hunt","src":"https:\/\/i0.wp.com\/tomajazz.com\/web\/wp-content\/uploads\/2026\/08\/destacada-Young-Gun-Silver-Fox-01.jpg?resize=350%2C200&ssl=1","width":350,"height":200,"srcset":"https:\/\/i0.wp.com\/tomajazz.com\/web\/wp-content\/uploads\/2026\/08\/destacada-Young-Gun-Silver-Fox-01.jpg?resize=350%2C200&ssl=1 1x, https:\/\/i0.wp.com\/tomajazz.com\/web\/wp-content\/uploads\/2026\/08\/destacada-Young-Gun-Silver-Fox-01.jpg?resize=525%2C300&ssl=1 1.5x, https:\/\/i0.wp.com\/tomajazz.com\/web\/wp-content\/uploads\/2026\/08\/destacada-Young-Gun-Silver-Fox-01.jpg?resize=700%2C400&ssl=1 2x"},"classes":[]},{"id":4685,"url":"https:\/\/tomajazz.com\/web\/renegade-creation-michael-landau-robben-ford-jimmy-haslip-gary-novak-xv-festival-internacional-de-jazz-san-javier-san-javier-murcia-6-vii-2012\/","url_meta":{"origin":62927,"position":5},"title":"Renegade Creation (Michael Landau, Robben Ford, Jimmy Haslip + Gary Novak) (XV Festival Internacional de Jazz San Javier, San Javier, Murcia, 6-VII-2012)","author":"Tomajazz","date":"6 julio, 2012","format":false,"excerpt":"XV Festival Internacional de Jazz San Javier Fecha:\u00a06 de julio de 2012. Lugar:\u00a0Auditorio Parque Almansa, San Javier (Murcia). Componentes: Michael Landau: guitarra el\u00e9ctrica Roben Ford: guitarra el\u00e9ctrica. Jimmy Haslip: bajo el\u00e9ctrico. Gary Novak: bater\u00eda. Comentario: La segunda sesi\u00f3n de la jornada de inauguraci\u00f3n de Jazz San Javier, estuvo protagonizada por\u2026","rel":"","context":"En \u00ab*_Jos\u00e9 Antonio Garc\u00eda L\u00f3pez\u00bb","block_context":{"text":"*_Jos\u00e9 Antonio Garc\u00eda L\u00f3pez","link":"https:\/\/tomajazz.com\/web\/category\/jose-antonio-garcia-lopez\/"},"img":{"alt_text":"","src":"","width":0,"height":0},"classes":[]}],"jetpack_featured_media_url":"https:\/\/tomajazz.com\/web\/wp-content\/uploads\/2022\/04\/The-Michael-Lauren-Trio_Live-At-Mobydick-Records-Why-Not-Music-2022.jpg","_links":{"self":[{"href":"https:\/\/tomajazz.com\/web\/wp-json\/wp\/v2\/posts\/62927","targetHints":{"allow":["GET"]}}],"collection":[{"href":"https:\/\/tomajazz.com\/web\/wp-json\/wp\/v2\/posts"}],"about":[{"href":"https:\/\/tomajazz.com\/web\/wp-json\/wp\/v2\/types\/post"}],"author":[{"embeddable":true,"href":"https:\/\/tomajazz.com\/web\/wp-json\/wp\/v2\/users\/1"}],"replies":[{"embeddable":true,"href":"https:\/\/tomajazz.com\/web\/wp-json\/wp\/v2\/comments?post=62927"}],"version-history":[{"count":1,"href":"https:\/\/tomajazz.com\/web\/wp-json\/wp\/v2\/posts\/62927\/revisions"}],"predecessor-version":[{"id":62930,"href":"https:\/\/tomajazz.com\/web\/wp-json\/wp\/v2\/posts\/62927\/revisions\/62930"}],"wp:featuredmedia":[{"embeddable":true,"href":"https:\/\/tomajazz.com\/web\/wp-json\/wp\/v2\/media\/62929"}],"wp:attachment":[{"href":"https:\/\/tomajazz.com\/web\/wp-json\/wp\/v2\/media?parent=62927"}],"wp:term":[{"taxonomy":"category","embeddable":true,"href":"https:\/\/tomajazz.com\/web\/wp-json\/wp\/v2\/categories?post=62927"},{"taxonomy":"post_tag","embeddable":true,"href":"https:\/\/tomajazz.com\/web\/wp-json\/wp\/v2\/tags?post=62927"}],"curies":[{"name":"wp","href":"https:\/\/api.w.org\/{rel}","templated":true}]}}