{"id":6311,"date":"2013-05-10T11:00:30","date_gmt":"2013-05-10T09:00:30","guid":{"rendered":"http:\/\/www.tomajazz.com\/web\/?p=6311"},"modified":"2016-11-13T21:05:07","modified_gmt":"2016-11-13T20:05:07","slug":"kris-davis-jamboree-barcelona-2013-05-04","status":"publish","type":"post","link":"https:\/\/tomajazz.com\/web\/kris-davis-jamboree-barcelona-2013-05-04\/","title":{"rendered":"Kris Davis (Jamboree, Barcelona, 2013-05-04)"},"content":{"rendered":"<ul>\n<li><b style=\"font-size: 13px; line-height: 19px;\">Lugar:<\/b><span style=\"font-size: 13px; line-height: 19px;\"> Jamboree (Barcelona)<\/span><\/li>\n<li><b style=\"font-size: 13px; line-height: 19px;\">Fecha:<\/b><span style=\"font-size: 13px; line-height: 19px;\"> S\u00e1bado, 4 de mayo de 2013 (20 h)<\/span><\/li>\n<li><b style=\"font-size: 13px; line-height: 19px;\">Componentes:<br \/>\n<\/b><span style=\"font-size: 13px; line-height: 19px;\">Kris Davis: piano<br \/>\n<span style=\"font-size: 13px; line-height: 19px;\">John H\u00e9bert: contrabajo<br \/>\n<span style=\"font-size: 13px; line-height: 19px;\">Tom Rainey: bater\u00eda<\/span><\/span><\/span><\/li>\n<\/ul>\n<p><b>Comentario:<\/b><\/p>\n<p><a href=\"http:\/\/www.tomajazz.com\/web\/wp-content\/uploads\/2013\/05\/01_130504_KRIS-DAVIS-\u00a9Joan-Cort\u00e8s_Jamboree_Bcn.jpg\"><img loading=\"lazy\" decoding=\"async\" class=\"aligncenter size-full wp-image-6305\" alt=\"01_130504_KRIS DAVIS (\u00a9Joan Cort\u00e8s)_Jamboree_Bcn\" src=\"http:\/\/www.tomajazz.com\/web\/wp-content\/uploads\/2013\/05\/01_130504_KRIS-DAVIS-\u00a9Joan-Cort\u00e8s_Jamboree_Bcn.jpg\" width=\"600\" height=\"200\" title=\"\" srcset=\"https:\/\/tomajazz.com\/web\/wp-content\/uploads\/2013\/05\/01_130504_KRIS-DAVIS-\u00a9Joan-Cort\u00e8s_Jamboree_Bcn.jpg 600w, https:\/\/tomajazz.com\/web\/wp-content\/uploads\/2013\/05\/01_130504_KRIS-DAVIS-\u00a9Joan-Cort\u00e8s_Jamboree_Bcn-300x100.jpg 300w, https:\/\/tomajazz.com\/web\/wp-content\/uploads\/2013\/05\/01_130504_KRIS-DAVIS-\u00a9Joan-Cort\u00e8s_Jamboree_Bcn-165x55.jpg 165w\" sizes=\"auto, (max-width: 600px) 100vw, 600px\" \/><\/a><\/p>\n<p style=\"text-align: justify;\"><i>Afterjazz<\/i>, con esta denominaci\u00f3n terminaba, lo recordar\u00e1 el estimado lector, <a title=\"Larry Ochs &amp; Don Robinson (Jazzroom, Barcelona, 2013-05-02)\" href=\"http:\/\/www.tomajazz.com\/web\/?p=6288\" target=\"_blank\">mi \u00faltima rese\u00f1a en Tomajazz (Larry Ochs &amp; Don Robinson)<\/a>. Es una definici\u00f3n que no es m\u00eda, la he tomado prestada de otros que la usan con m\u00e1s tino y propiedad (<i>afterpop<\/i>, o incluso el <i>afterporn<\/i>, que soslaya totalmente la tradicional, homoc\u00e9ntrica y machista visi\u00f3n del porno), mientras que yo la reformulo de un modo m\u00e1s pedestre, aunque creo que ya puede sernos \u00fatil as\u00ed. Podr\u00edamos hablar de <i>postjazz<\/i>, pero creo que no se ajusta a lo que quer\u00eda referir, que es algo que nos ocupar\u00e1 tambi\u00e9n en la presente rese\u00f1a. <i>Afterjazz<\/i> me sugiere algo sobre lo que el jazz, su ideolog\u00eda y sus adalides, ya ha perdido toda potestad. La nueva m\u00fasica ha tomado aquello que le interesaba puntualmente, del jazz o de cualquier otra cosa a su alcance, y sigue us\u00e1ndolo y renov\u00e1ndolo permanentemente, pero ya no tiene que rendir cuentas de nada. Est\u00e1 liberada para realizar su particular vuelo de b\u00fasqueda de territorios musicales y sonoros por descubrir. La diferencia, pues, estar\u00eda en el hecho de deber o no. As\u00ed que, ser\u00e1 un t\u00e9rmino que, a menos que me denuncien por \u00e9l, usar\u00e9 con frecuencia: por ejemplo, para hablar de Kris Davis y de su extra\u00f1a pero hermosa m\u00fasica.<\/p>\n<p style=\"text-align: center;\">\u00a0<a href=\"http:\/\/www.tomajazz.com\/web\/wp-content\/uploads\/2013\/05\/02_30504_KRIS-DAVIS-\u00a9Joan-Cort\u00e8s_Jamboree_Bcn.jpg\"><img loading=\"lazy\" decoding=\"async\" class=\"aligncenter  wp-image-6306\" alt=\"02_30504_KRIS DAVIS (\u00a9Joan Cort\u00e8s)_Jamboree_Bcn\" src=\"http:\/\/www.tomajazz.com\/web\/wp-content\/uploads\/2013\/05\/02_30504_KRIS-DAVIS-\u00a9Joan-Cort\u00e8s_Jamboree_Bcn.jpg\" width=\"600\" height=\"797\" title=\"\" srcset=\"https:\/\/tomajazz.com\/web\/wp-content\/uploads\/2013\/05\/02_30504_KRIS-DAVIS-\u00a9Joan-Cort\u00e8s_Jamboree_Bcn.jpg 600w, https:\/\/tomajazz.com\/web\/wp-content\/uploads\/2013\/05\/02_30504_KRIS-DAVIS-\u00a9Joan-Cort\u00e8s_Jamboree_Bcn-225x300.jpg 225w, https:\/\/tomajazz.com\/web\/wp-content\/uploads\/2013\/05\/02_30504_KRIS-DAVIS-\u00a9Joan-Cort\u00e8s_Jamboree_Bcn-41x55.jpg 41w\" sizes=\"auto, (max-width: 600px) 100vw, 600px\" \/><\/a><\/p>\n<p style=\"text-align: justify;\">Lo primero que quiero decir es que el pase al que asist\u00ed (el primero, el infantil) me gust\u00f3 horrores. Se hab\u00eda anunciado que el tr\u00edo de la pianista canadiense ven\u00eda a presentar el disco <i>Good Citizen<\/i>, editado en 2010 por Fresh Sound New Talent, pero no era as\u00ed. En realidad Davis tra\u00eda nuevas composiciones que han estado rodando en una minigira por ciudades europeas antes de entrar en un estudio para grabarlas y conformar as\u00ed el que ser\u00e1 el segundo disco del tr\u00edo (que aparecer\u00e1 en Clean Feed). Quisiera decir que iba muy familiarizado con <i>Good Citizen<\/i>, as\u00ed que la impresi\u00f3n que obtuve de que este nuevo material era mucho mejor era clar\u00edsima. No es que el anterior no fuera un gran trabajo, lo era y mucho, pero la m\u00fasica que nos present\u00f3 la otra noche era una profundizaci\u00f3n radical en esa misma l\u00ednea.<\/p>\n<p style=\"text-align: justify;\">\u00a0<a href=\"http:\/\/www.tomajazz.com\/web\/wp-content\/uploads\/2013\/05\/003_130504_KRIS-DAVIS-\u00a9Joan-Cort\u00e8s_Jamboree_Bcn.jpg\"><img loading=\"lazy\" decoding=\"async\" class=\"aligncenter size-full wp-image-6307\" alt=\"003_130504_KRIS DAVIS (\u00a9Joan Cort\u00e8s)_Jamboree_Bcn\" src=\"http:\/\/www.tomajazz.com\/web\/wp-content\/uploads\/2013\/05\/003_130504_KRIS-DAVIS-\u00a9Joan-Cort\u00e8s_Jamboree_Bcn.jpg\" width=\"600\" height=\"797\" title=\"\" srcset=\"https:\/\/tomajazz.com\/web\/wp-content\/uploads\/2013\/05\/003_130504_KRIS-DAVIS-\u00a9Joan-Cort\u00e8s_Jamboree_Bcn.jpg 600w, https:\/\/tomajazz.com\/web\/wp-content\/uploads\/2013\/05\/003_130504_KRIS-DAVIS-\u00a9Joan-Cort\u00e8s_Jamboree_Bcn-225x300.jpg 225w, https:\/\/tomajazz.com\/web\/wp-content\/uploads\/2013\/05\/003_130504_KRIS-DAVIS-\u00a9Joan-Cort\u00e8s_Jamboree_Bcn-41x55.jpg 41w\" sizes=\"auto, (max-width: 600px) 100vw, 600px\" \/><\/a><\/p>\n<p style=\"text-align: justify;\">El concierto transcurri\u00f3 durante cuatro largos temas en los que presumo que fueron enlazadas m\u00e1s de una pieza distinta, habida cuenta que las composiciones de Davis son cortas, condensadas y parecen funcionar como cuadros ligeramente animados (en <i>Good Citizen<\/i> era as\u00ed, y esas largas piezas de la otra noche tambi\u00e9n parec\u00edan estar articuladas sobre distintos \u201ccap\u00edtulos\u201d). La m\u00fasica de Davis tiene una gran determinaci\u00f3n. De hecho, creo que lo estimulante de su propuesta estriba en que est\u00e1 tratando de hacerse con un lenguaje original, aut\u00f3nomo. No es algo iluminado o visionario, todo lo contrario, su m\u00fasica trasluce de forma di\u00e1fana un amplio mapa de referencias. A trav\u00e9s de \u00e9l uno puede visitar a pianistas de jazz que tambi\u00e9n modelaron una expresi\u00f3n propia y que adem\u00e1s ten\u00edan un sentido particularmente r\u00edtmico (pecusivo) del instrumento (Monk, Hill, Taylor), al tiempo que recalar en algunos de los principales \u00edtems de la m\u00fasica contempor\u00e1nea (desde los dodecaf\u00f3nicos hasta el minimalismo, pasando por Feldman, Cage o Nancarrow). Esto tanto por lo que respecta a su \u2018pianismo\u2019 como a la estructura y forma de las piezas. Pero al tratarse de un tr\u00edo de piano, el conjunto es algo m\u00e1s que eso. Por un lado, por lo que supone asumir una tradici\u00f3n tan dif\u00edcil \u2013y pesada\u2013 como es la de ese formato. Por el otro, porque el contar con dos partenaires como H\u00e9bert y Rainey, con un toque tan especial ambos, las posibilidades aumentan much\u00edsimo. A este respecto, y despu\u00e9s de lo visto la otra noche, la verdad es que no se me ocurren unos acompa\u00f1antes mejores que ellos para un proyecto como este. As\u00ed que, de entrada, felicitar a Davis por haber seleccionado a los m\u00fasicos id\u00f3neos entre tantas \u2013y tan buenas\u2013 alternativas.<\/p>\n<p style=\"text-align: justify;\">\u00a0<a href=\"http:\/\/www.tomajazz.com\/web\/wp-content\/uploads\/2013\/05\/04_130504_KRIS-DAVIS-\u00a9Joan-Cort\u00e8s_Jamboree_Bcn.jpg\"><img loading=\"lazy\" decoding=\"async\" class=\"aligncenter size-full wp-image-6308\" alt=\"04_130504_KRIS DAVIS (\u00a9Joan Cort\u00e8s)_Jamboree_Bcn\" src=\"http:\/\/www.tomajazz.com\/web\/wp-content\/uploads\/2013\/05\/04_130504_KRIS-DAVIS-\u00a9Joan-Cort\u00e8s_Jamboree_Bcn.jpg\" width=\"600\" height=\"798\" title=\"\" srcset=\"https:\/\/tomajazz.com\/web\/wp-content\/uploads\/2013\/05\/04_130504_KRIS-DAVIS-\u00a9Joan-Cort\u00e8s_Jamboree_Bcn.jpg 600w, https:\/\/tomajazz.com\/web\/wp-content\/uploads\/2013\/05\/04_130504_KRIS-DAVIS-\u00a9Joan-Cort\u00e8s_Jamboree_Bcn-225x300.jpg 225w, https:\/\/tomajazz.com\/web\/wp-content\/uploads\/2013\/05\/04_130504_KRIS-DAVIS-\u00a9Joan-Cort\u00e8s_Jamboree_Bcn-41x55.jpg 41w\" sizes=\"auto, (max-width: 600px) 100vw, 600px\" \/><\/a><\/p>\n<p style=\"text-align: justify;\">Respecto a la m\u00fasica en s\u00ed, resulta dif\u00edcil no ya definirla de un modo global sino tan s\u00f3lo describirla parcialmente. Frente a los tejidos pian\u00edsticos que va elaborando Davis (preparando tambi\u00e9n el piano), y que a veces parecen quietos, que no avanzan (se necesita una gran concentraci\u00f3n para interpretar esta m\u00fasica sin \u2018despistarse\u2019), tenemos la percusi\u00f3n violentamente sincopada y aparentemente deslavazada de Rainey (un percusionismo cortante, que baraja muchos recursos y de gran maestr\u00eda), y un H\u00e9bert muy vers\u00e1til, que tan pronto sigue al piano a corta distancia, modulando la melod\u00eda o apoy\u00e1ndola, como se enzarza en obsesivas reiteraciones que acaban por transmitir desaz\u00f3n y nerviosismo. Mientras se est\u00e1 en todo eso, se cae en la cuenta de que el piano de Davis se ha desplazado, aunque sea muy levemente. De alguna manera, una posible tem\u00e1tica de este tr\u00edo tendr\u00eda que ver con la percepci\u00f3n del sonido. Es muy sutil, s\u00ed, pero del mismo modo que cierto arte crea trampantojos, el resultado aqu\u00ed tambi\u00e9n tiende a crear ciertas ilusiones (sutil y subjetivo, lo s\u00e9, y adem\u00e1s no creo que forme parte de los objetivos de la pianista, s\u00f3lo lo menciono a t\u00edtulo personal).<\/p>\n<p style=\"text-align: justify;\">\u00a0<a href=\"http:\/\/www.tomajazz.com\/web\/wp-content\/uploads\/2013\/05\/005_130504_KRIS-DAVIS-\u00a9Joan-Cort\u00e8s_Jamboree_Bcn.jpg\"><img loading=\"lazy\" decoding=\"async\" class=\"aligncenter size-full wp-image-6309\" alt=\"005_130504_KRIS DAVIS (\u00a9Joan Cort\u00e8s)_Jamboree_Bcn\" src=\"http:\/\/www.tomajazz.com\/web\/wp-content\/uploads\/2013\/05\/005_130504_KRIS-DAVIS-\u00a9Joan-Cort\u00e8s_Jamboree_Bcn.jpg\" width=\"600\" height=\"451\" title=\"\" srcset=\"https:\/\/tomajazz.com\/web\/wp-content\/uploads\/2013\/05\/005_130504_KRIS-DAVIS-\u00a9Joan-Cort\u00e8s_Jamboree_Bcn.jpg 600w, https:\/\/tomajazz.com\/web\/wp-content\/uploads\/2013\/05\/005_130504_KRIS-DAVIS-\u00a9Joan-Cort\u00e8s_Jamboree_Bcn-300x225.jpg 300w, https:\/\/tomajazz.com\/web\/wp-content\/uploads\/2013\/05\/005_130504_KRIS-DAVIS-\u00a9Joan-Cort\u00e8s_Jamboree_Bcn-73x55.jpg 73w\" sizes=\"auto, (max-width: 600px) 100vw, 600px\" \/><\/a><\/p>\n<p style=\"text-align: justify;\">Pero, al margen de todo el bagaje y panoplia de intereses de la pianista, este \u201cminimalismo encantado\u201d no existir\u00eda sin la experiencia previa del jazz, y muy concretamente sin la tradici\u00f3n del tr\u00edo de piano que \u00e9sta ha creado. Todas esas ideas tan particulares, sobre la repetici\u00f3n y la variaci\u00f3n, sobre lo mec\u00e1nico y lo aleatorio, sobre composici\u00f3n e improvisaci\u00f3n, o sobre el ritmo cuando se desliza hasta la melod\u00eda, son proyectadas desde ese formato de tr\u00edo hacia un territorio lleno de sugerentes fen\u00f3menos. El resultado tal vez no sea jazz, pero comparte su mismo esp\u00edritu inquieto, vivo y din\u00e1mico (o al menos el del mejor jazz). Vuelvo a insistir en la organicidad de este tr\u00edo, en lo vibrante de su conjunci\u00f3n, y en la inteligencia de unos acompa\u00f1antes que pueden pasar de la partitura a la imaginaci\u00f3n en una sola inspiraci\u00f3n. Tal vez no haga falta decirlo, pero quisiera remarcar que una de las cosas que m\u00e1s me gust\u00f3 de ellos fue su singular planteamiento, que no tiene nada que ver (aunque deba mucho a muchas cosas) con nada de lo que estamos acostumbrados a o\u00edr. Eso s\u00ed, esa particularidad no va en modo alguno en detrimento de la intensidad y fuerzas expresivas (lo que nuevamente trae hasta aqu\u00ed el jazz).<\/p>\n<p style=\"text-align: justify;\"><a href=\"http:\/\/www.tomajazz.com\/web\/wp-content\/uploads\/2013\/05\/06_130504_KRIS-DAVIS-\u00a9Joan-Cort\u00e8s_Jamboree_Bcn.jpg\"><img loading=\"lazy\" decoding=\"async\" class=\"aligncenter size-full wp-image-6310\" alt=\"06_130504_KRIS DAVIS (\u00a9Joan Cort\u00e8s)_Jamboree_Bcn\" src=\"http:\/\/www.tomajazz.com\/web\/wp-content\/uploads\/2013\/05\/06_130504_KRIS-DAVIS-\u00a9Joan-Cort\u00e8s_Jamboree_Bcn.jpg\" width=\"600\" height=\"399\" title=\"\" srcset=\"https:\/\/tomajazz.com\/web\/wp-content\/uploads\/2013\/05\/06_130504_KRIS-DAVIS-\u00a9Joan-Cort\u00e8s_Jamboree_Bcn.jpg 600w, https:\/\/tomajazz.com\/web\/wp-content\/uploads\/2013\/05\/06_130504_KRIS-DAVIS-\u00a9Joan-Cort\u00e8s_Jamboree_Bcn-300x199.jpg 300w, https:\/\/tomajazz.com\/web\/wp-content\/uploads\/2013\/05\/06_130504_KRIS-DAVIS-\u00a9Joan-Cort\u00e8s_Jamboree_Bcn-82x55.jpg 82w, https:\/\/tomajazz.com\/web\/wp-content\/uploads\/2013\/05\/06_130504_KRIS-DAVIS-\u00a9Joan-Cort\u00e8s_Jamboree_Bcn-60x40.jpg 60w, https:\/\/tomajazz.com\/web\/wp-content\/uploads\/2013\/05\/06_130504_KRIS-DAVIS-\u00a9Joan-Cort\u00e8s_Jamboree_Bcn-120x80.jpg 120w\" sizes=\"auto, (max-width: 600px) 100vw, 600px\" \/><\/a><\/p>\n<p style=\"text-align: right;\">Texto: \u00a9\u00a0<a href=\"http:\/\/jacktorrance-overlookhotel.blogspot.com.es\/\" target=\"_blank\" rel=\"noopener\">Jack Torrance<\/a>, 2013<br \/>\nFotograf\u00edas: \u00a9 Joan Cort\u00e8s, 2013<\/p>\n","protected":false},"excerpt":{"rendered":"<p>Lugar: Jamboree (Barcelona) Fecha: S\u00e1bado, 4 de mayo de 2013 (20 h) Componentes: Kris Davis: piano John H\u00e9bert: contrabajo Tom Rainey: bater\u00eda Comentario: Afterjazz, con esta denominaci\u00f3n terminaba, lo recordar\u00e1 el estimado lector, mi \u00faltima rese\u00f1a en Tomajazz (Larry Ochs &amp; Don Robinson). Es una definici\u00f3n que no es m\u00eda,<span class=\"more-link\"><a href=\"https:\/\/tomajazz.com\/web\/kris-davis-jamboree-barcelona-2013-05-04\/\">Contin\u00faa leyendo<\/a><\/span><\/p>\n","protected":false},"author":1,"featured_media":6306,"comment_status":"open","ping_status":"closed","sticky":false,"template":"","format":"standard","meta":{"jetpack_post_was_ever_published":false,"_jetpack_newsletter_access":"","_jetpack_dont_email_post_to_subs":true,"_jetpack_newsletter_tier_id":0,"_jetpack_memberships_contains_paywalled_content":false,"_jetpack_memberships_contains_paid_content":false,"footnotes":""},"categories":[17868,17853,4,1038],"tags":[1125,613,1046,1041,353,24,650,16099,16100],"class_list":["entry","author-pachi","post-6311","post","type-post","status-publish","format-standard","has-post-thumbnail","category-jack-torrance","category-joan-cortes","category-conciertos","category-contenidos","tag-barcelona","tag-jack-torrance","tag-jamboree","tag-joan-cortes","tag-john-hebert","tag-kris-davis","tag-tom-rainey","tag-toma-jazz","tag-tomajazz-toma-jazz"],"jetpack_featured_media_url":"https:\/\/tomajazz.com\/web\/wp-content\/uploads\/2013\/05\/02_30504_KRIS-DAVIS-\u00a9Joan-Cort\u00e8s_Jamboree_Bcn.jpg","jetpack_likes_enabled":true,"jetpack_sharing_enabled":true,"jetpack-related-posts":[{"id":11407,"url":"https:\/\/tomajazz.com\/web\/kris-davis-trio-waiting-for-you-to-grow-clean-feed-2014\/","url_meta":{"origin":6311,"position":0},"title":"Kris Davis Trio: Waiting For You To Grow (Clean Feed, 2014)","author":"Tomajazz","date":"4 abril, 2014","format":false,"excerpt":"Como Afterjazz. As\u00ed calificaba Jack Torrance a la m\u00fasica de la pianista Kris Davis en la cr\u00edtica de su concierto en Barcelona en mayo de 2013. Lo que Kris Davis, el contrabajista John H\u00e9bert y el baterista Tom Rainey interpretaron en su cita en la Ciudad Condal fue, es de\u2026","rel":"","context":"En \u00ab*_Pachi Tapiz\u00bb","block_context":{"text":"*_Pachi Tapiz","link":"https:\/\/tomajazz.com\/web\/category\/pachi-tapiz\/"},"img":{"alt_text":"Kris Davis Trio_Waiting For You To Grow","src":"https:\/\/i0.wp.com\/www.tomajazz.com\/web\/wp-content\/uploads\/2014\/04\/Kris-Davis-Trio_Waiting-For-You-To-Grow-200x200.jpg?resize=350%2C200","width":350,"height":200},"classes":[]},{"id":18053,"url":"https:\/\/tomajazz.com\/web\/instantzz-tom-rainey-obbligato-jamboree-barcelona-2015-03-10\/","url_meta":{"origin":6311,"position":1},"title":"INSTANTZZ: Tom Rainey Obbligato (Jamboree, Barcelona. 2015-03-10)","author":"Tomajazz","date":"17 abril, 2015","format":false,"excerpt":"Instantzz de Joan Cort\u00e8s dedicado a Tom Rayney Obbligato en su paso por Jamboree. A Rainey le acompa\u00f1aron Kris Davis e Ingrid Laubrock, Ralph Alessi y Drew Gress.","rel":"","context":"En \u00ab*_Joan Cort\u00e8s\u00bb","block_context":{"text":"*_Joan Cort\u00e8s","link":"https:\/\/tomajazz.com\/web\/category\/joan-cortes\/"},"img":{"alt_text":"","src":"https:\/\/i0.wp.com\/tomajazz.com\/web\/wp-content\/uploads\/2015\/04\/07_TRO-%C2%A9Joan-Cort%C3%A8s_10mar15_Jmb_Bcn.jpg?resize=350%2C200&ssl=1","width":350,"height":200,"srcset":"https:\/\/i0.wp.com\/tomajazz.com\/web\/wp-content\/uploads\/2015\/04\/07_TRO-%C2%A9Joan-Cort%C3%A8s_10mar15_Jmb_Bcn.jpg?resize=350%2C200&ssl=1 1x, https:\/\/i0.wp.com\/tomajazz.com\/web\/wp-content\/uploads\/2015\/04\/07_TRO-%C2%A9Joan-Cort%C3%A8s_10mar15_Jmb_Bcn.jpg?resize=525%2C300&ssl=1 1.5x"},"classes":[]},{"id":27312,"url":"https:\/\/tomajazz.com\/web\/hdo-189-ingid-laubrock-her-voice-and-her-musics-interview-by-pachi-tapiz-podcast\/","url_meta":{"origin":6311,"position":2},"title":"HDO 189. Ingrid Laubrock: her voice and her musics\u2026 interview by Pachi Tapiz [Podcast]","author":"Tomajazz","date":"5 noviembre, 2016","format":false,"excerpt":"Ingrid Laubrock will play\u00a0in Spain. Her Anti-House 4 (Laubrock herself, Mary Halvorson, Kris Davis, Tom Rainey) will play at Jamboree (Barcelona), Bogui Jazz (Jazz Con Sabor a Club - Festival Internacional de Jazz de Madrid), and Campus Jazz Festival in C\u00e1diz. Pachi Tapiz\u00a0interviews her in the\u00a0HDO\u00a0Tomajazz podcast. In this special\u2026","rel":"","context":"En \u00ab*_Joan Cort\u00e8s\u00bb","block_context":{"text":"*_Joan Cort\u00e8s","link":"https:\/\/tomajazz.com\/web\/category\/joan-cortes\/"},"img":{"alt_text":"","src":"https:\/\/i0.wp.com\/tomajazz.com\/web\/wp-content\/uploads\/2015\/04\/03_TRO-%C2%A9Joan-Cort%C3%A8s_10mar15_Jmb_Bcn.jpg?resize=350%2C200&ssl=1","width":350,"height":200,"srcset":"https:\/\/i0.wp.com\/tomajazz.com\/web\/wp-content\/uploads\/2015\/04\/03_TRO-%C2%A9Joan-Cort%C3%A8s_10mar15_Jmb_Bcn.jpg?resize=350%2C200&ssl=1 1x, https:\/\/i0.wp.com\/tomajazz.com\/web\/wp-content\/uploads\/2015\/04\/03_TRO-%C2%A9Joan-Cort%C3%A8s_10mar15_Jmb_Bcn.jpg?resize=525%2C300&ssl=1 1.5x"},"classes":[]},{"id":28213,"url":"https:\/\/tomajazz.com\/web\/instantzz-ingrid-laubrock-anti-house-4-iv-san-miguel-jamboree-jazz-club-festival-jamboree-barcelona-2016-11-09-galeria-fotografica\/","url_meta":{"origin":6311,"position":3},"title":"INSTANTZZ: Ingrid Laubrock Anti-House 4 (IV San Miguel Jamboree Jazz Club Festival, Jamboree, Barcelona. 2016-11-09) [Galer\u00eda fotogr\u00e1fica]","author":"Tomajazz","date":"22 diciembre, 2016","format":false,"excerpt":"Joan Cort\u00e8s retrata en una galer\u00eda fotogr\u00e1fica al Ingrid Laubrock Anti-House 4 en su paso por el IV Sam Miguel Jamboree Jazz Club Festival.","rel":"","context":"En \u00ab*_Joan Cort\u00e8s\u00bb","block_context":{"text":"*_Joan Cort\u00e8s","link":"https:\/\/tomajazz.com\/web\/category\/joan-cortes\/"},"img":{"alt_text":"","src":"https:\/\/i0.wp.com\/tomajazz.com\/web\/wp-content\/uploads\/2016\/12\/05_ngrdLbrck-nt-Hs-%C2%A9Joan-Cort%C3%A8s_09non16_IVJJCF_Jmbr_Bcn.jpg?resize=350%2C200&ssl=1","width":350,"height":200,"srcset":"https:\/\/i0.wp.com\/tomajazz.com\/web\/wp-content\/uploads\/2016\/12\/05_ngrdLbrck-nt-Hs-%C2%A9Joan-Cort%C3%A8s_09non16_IVJJCF_Jmbr_Bcn.jpg?resize=350%2C200&ssl=1 1x, https:\/\/i0.wp.com\/tomajazz.com\/web\/wp-content\/uploads\/2016\/12\/05_ngrdLbrck-nt-Hs-%C2%A9Joan-Cort%C3%A8s_09non16_IVJJCF_Jmbr_Bcn.jpg?resize=525%2C300&ssl=1 1.5x"},"classes":[]},{"id":5470,"url":"https:\/\/tomajazz.com\/web\/ingrid-laubrock-anti-house-strong-place-intakt-2013\/","url_meta":{"origin":6311,"position":4},"title":"Ingrid Laubrock Anti-House: Strong Place (Intakt, 2013)","author":"Tomajazz","date":"15 marzo, 2013","format":false,"excerpt":"En 2010 Ingrid Laubrock, saxofonista alemana residente en Nueva York, estrenaba discogr\u00e1ficamente su formaci\u00f3n Anti-House con la grabaci\u00f3n hom\u00f3nima en el sello suizo\u00a0Intakt. En ese momento este grupo era un cuarteto de altos vuelos (Mary Halvorson -guitarra-, John H\u00e9bert -contrabajo-, Tom Rainey -bater\u00eda), que contaba en la grabaci\u00f3n con la\u2026","rel":"","context":"En \u00ab*_Pachi Tapiz\u00bb","block_context":{"text":"*_Pachi Tapiz","link":"https:\/\/tomajazz.com\/web\/category\/pachi-tapiz\/"},"img":{"alt_text":"Ingrid Laubrock Anti-House. Strong Place (Intakt, 2013)","src":"https:\/\/i0.wp.com\/tomajazz.com\/web\/wp-content\/uploads\/2013\/03\/Ingrid-Laubrock-Anti-House.-Strong-Place-Intakt-2013.jpg?resize=350%2C200&ssl=1","width":350,"height":200,"srcset":"https:\/\/i0.wp.com\/tomajazz.com\/web\/wp-content\/uploads\/2013\/03\/Ingrid-Laubrock-Anti-House.-Strong-Place-Intakt-2013.jpg?resize=350%2C200&ssl=1 1x, https:\/\/i0.wp.com\/tomajazz.com\/web\/wp-content\/uploads\/2013\/03\/Ingrid-Laubrock-Anti-House.-Strong-Place-Intakt-2013.jpg?resize=525%2C300&ssl=1 1.5x"},"classes":[]},{"id":104106,"url":"https:\/\/tomajazz.com\/web\/kris-davis-the-solastalgia-suite-2026\/","url_meta":{"origin":6311,"position":5},"title":"Kris Davis &#038; Lutos\u0142awski Quartet: The Solastalgia Suite (Pyroclastic Records, 2026) Por Carlos Lara [Grabaci\u00f3n de jazz]","author":"Tomajazz","date":"20 febrero, 2026","format":false,"excerpt":"The Solastalgia Suite (Pyroclastic Records, 2026) es la nueva grabaci\u00f3n de Kris Davis con Lutos\u0142awski Quartet. Carlos Lara repasa la grabaci\u00f3n","rel":"","context":"En \u00abGrabaciones...\u00bb","block_context":{"text":"Grabaciones...","link":"https:\/\/tomajazz.com\/web\/category\/contenidos\/textos\/grabaciones\/"},"img":{"alt_text":"Kris Davis & Lutos\u0142awski Quartet: The Solastalgia Suite (Pyroclastic Records, 2026) Por Carlos Lara [Grabaci\u00f3n de jazz] - Tomajazz - The Solastalgia Suite (Pyroclastic Records, 2026) es la nueva grabaci\u00f3n de Kris Davis con Lutos\u0142awski Quartet","src":"https:\/\/i0.wp.com\/tomajazz.com\/web\/wp-content\/uploads\/2026\/02\/Kris-Davis-Lutoslawski-Quartet-The-Solastalgia-Suite-Pyroclastic-Records-2026.jpg?resize=350%2C200&ssl=1","width":350,"height":200,"srcset":"https:\/\/i0.wp.com\/tomajazz.com\/web\/wp-content\/uploads\/2026\/02\/Kris-Davis-Lutoslawski-Quartet-The-Solastalgia-Suite-Pyroclastic-Records-2026.jpg?resize=350%2C200&ssl=1 1x, https:\/\/i0.wp.com\/tomajazz.com\/web\/wp-content\/uploads\/2026\/02\/Kris-Davis-Lutoslawski-Quartet-The-Solastalgia-Suite-Pyroclastic-Records-2026.jpg?resize=525%2C300&ssl=1 1.5x, https:\/\/i0.wp.com\/tomajazz.com\/web\/wp-content\/uploads\/2026\/02\/Kris-Davis-Lutoslawski-Quartet-The-Solastalgia-Suite-Pyroclastic-Records-2026.jpg?resize=700%2C400&ssl=1 2x"},"classes":[]}],"_links":{"self":[{"href":"https:\/\/tomajazz.com\/web\/wp-json\/wp\/v2\/posts\/6311","targetHints":{"allow":["GET"]}}],"collection":[{"href":"https:\/\/tomajazz.com\/web\/wp-json\/wp\/v2\/posts"}],"about":[{"href":"https:\/\/tomajazz.com\/web\/wp-json\/wp\/v2\/types\/post"}],"author":[{"embeddable":true,"href":"https:\/\/tomajazz.com\/web\/wp-json\/wp\/v2\/users\/1"}],"replies":[{"embeddable":true,"href":"https:\/\/tomajazz.com\/web\/wp-json\/wp\/v2\/comments?post=6311"}],"version-history":[{"count":5,"href":"https:\/\/tomajazz.com\/web\/wp-json\/wp\/v2\/posts\/6311\/revisions"}],"predecessor-version":[{"id":6358,"href":"https:\/\/tomajazz.com\/web\/wp-json\/wp\/v2\/posts\/6311\/revisions\/6358"}],"wp:featuredmedia":[{"embeddable":true,"href":"https:\/\/tomajazz.com\/web\/wp-json\/wp\/v2\/media\/6306"}],"wp:attachment":[{"href":"https:\/\/tomajazz.com\/web\/wp-json\/wp\/v2\/media?parent=6311"}],"wp:term":[{"taxonomy":"category","embeddable":true,"href":"https:\/\/tomajazz.com\/web\/wp-json\/wp\/v2\/categories?post=6311"},{"taxonomy":"post_tag","embeddable":true,"href":"https:\/\/tomajazz.com\/web\/wp-json\/wp\/v2\/tags?post=6311"}],"curies":[{"name":"wp","href":"https:\/\/api.w.org\/{rel}","templated":true}]}}