{"id":64014,"date":"2022-06-10T12:00:06","date_gmt":"2022-06-10T10:00:06","guid":{"rendered":"https:\/\/www.tomajazz.com\/web\/?p=64014"},"modified":"2023-01-21T09:12:17","modified_gmt":"2023-01-21T08:12:17","slug":"jean-michel-pilc-alive-live-at-diese-onze-montreal-justin-time-records-2022-por-juan-f-trillo-grabacion-de-jazz","status":"publish","type":"post","link":"https:\/\/tomajazz.com\/web\/jean-michel-pilc-alive-live-at-diese-onze-montreal-justin-time-records-2022-por-juan-f-trillo-grabacion-de-jazz\/","title":{"rendered":"Jean-Michel Pilc Alive. Live at Di\u00e8se Onze, Montreal (Justin Time Records, 2022) Por Juan F. Trillo [Grabaci\u00f3n de jazz]"},"content":{"rendered":"<p><img loading=\"lazy\" decoding=\"async\" class=\"alignleft wp-image-64016 size-medium\" src=\"https:\/\/tomajazz.com\/web\/wp-content\/uploads\/2022\/06\/Jean-Michel-Pilc-Alive-Live-at-Diese-Onze-Montreal-Justin-Time-Records-2022_WEB-200x200.jpg\" alt=\"\" width=\"200\" height=\"200\" title=\"\" srcset=\"https:\/\/tomajazz.com\/web\/wp-content\/uploads\/2022\/06\/Jean-Michel-Pilc-Alive-Live-at-Diese-Onze-Montreal-Justin-Time-Records-2022_WEB-200x200.jpg 200w, https:\/\/tomajazz.com\/web\/wp-content\/uploads\/2022\/06\/Jean-Michel-Pilc-Alive-Live-at-Diese-Onze-Montreal-Justin-Time-Records-2022_WEB-600x600.jpg 600w, https:\/\/tomajazz.com\/web\/wp-content\/uploads\/2022\/06\/Jean-Michel-Pilc-Alive-Live-at-Diese-Onze-Montreal-Justin-Time-Records-2022_WEB-150x150.jpg 150w, https:\/\/tomajazz.com\/web\/wp-content\/uploads\/2022\/06\/Jean-Michel-Pilc-Alive-Live-at-Diese-Onze-Montreal-Justin-Time-Records-2022_WEB-768x768.jpg 768w, https:\/\/tomajazz.com\/web\/wp-content\/uploads\/2022\/06\/Jean-Michel-Pilc-Alive-Live-at-Diese-Onze-Montreal-Justin-Time-Records-2022_WEB-465x465.jpg 465w, https:\/\/tomajazz.com\/web\/wp-content\/uploads\/2022\/06\/Jean-Michel-Pilc-Alive-Live-at-Diese-Onze-Montreal-Justin-Time-Records-2022_WEB-500x500.jpg 500w, https:\/\/tomajazz.com\/web\/wp-content\/uploads\/2022\/06\/Jean-Michel-Pilc-Alive-Live-at-Diese-Onze-Montreal-Justin-Time-Records-2022_WEB.jpg 800w\" sizes=\"auto, (max-width: 200px) 100vw, 200px\" \/>Si por algo se caracteriza el jazz es por su espontanea impredecibilidad, lo que equivale a decir que cuando los artistas est\u00e1n haciendo su trabajo ni ellos ni el p\u00fablico saben muy bien hacia d\u00f3nde van (musicalmente hablando). Pues aqu\u00ed tenemos al tr\u00edo formado por el pianista Jean-Michel Pilc, el contrabajista R\u00e9mi-Jean LeBlanc y el percusionista Jim Doxas poniendo en pr\u00e1ctica esto tan f\u00e1cil de decir pero tan dif\u00edcil de hacer bien.<\/p>\n<p>Por supuesto, los conciertos en directo son el lugar ideal para dejar fluir la creatividad y establecer esa conexi\u00f3n con el p\u00fablico que tanto aprecian los artistas y este \u00e1lbum, <em>Alive. Live at Di\u00e8se Onze, Montreal<\/em>, grabado el 26 de junio de 2021, en el club canadiense que el t\u00edtulo indica, ejemplifica esa improvisaci\u00f3n de la que habl\u00e1bamos hace un momento. El propio Pilc asegura que, desde hace alg\u00fan tiempo: \u201c<em>En mis conciertos no hay preparaci\u00f3n previa, dejamos que sea la m\u00fasica la que nos guie<\/em>\u201d.<\/p>\n<p>Desde luego, el m\u00e9todo les funciona a juzgar por los buenos resultados recogidos en esta recopilaci\u00f3n de diez temas, en los que, a pesar de que Pilc asegura que nunca hay una <em>set list<\/em> previa, el tr\u00edo recurre, como punto de partida, a cl\u00e1sicos, como \u201cNardis\u201d y \u201cAll Blues\u201d, de Miles Davis, o \u201cSoftly, as in a Morning Sunrise\u201d, de Hammerstein y Romberg, a la vez que desarrolla otros propios como \u201cAlive\u201d o \u201c11 Sharp\u201d, tema este \u00faltimo que a los amantes de Monk les resultar\u00e1 familiar.<\/p>\n<p>Ni que decir tiene que el resultado va a sorprender al oyente, como suele ser habitual en las sesiones en las que impera un elevado nivel de improvisaci\u00f3n, pero creemos que ser\u00e1 una sorpresa grata. Pilc reconoce que sus compa\u00f1eros, LeBlanc y Doxas, tienen tanto peso en el resultado musical como lo tiene \u00e9l mismo, algo que se da casi por supuesto, pues las reglas de este juego requieren que los int\u00e9rpretes se compenetren y apoyen entre s\u00ed por igual. El resultado posee, a menudo, la naturalidad de una <em>jam session<\/em>, lo cual es un m\u00e9rito a\u00f1adido.<\/p>\n<p>Pilc: \u201c<em>Cuando compongo o interpreto, la m\u00fasica fluye a trav\u00e9s de m\u00ed, y procuro interponerme en su camino lo menos posible. Subo al escenario como un reci\u00e9n nacido, listo en cada ocasi\u00f3n para una nueva vida, para un nuevo viaje, para una nueva experiencia<\/em>\u201d. El arte, el aut\u00e9ntico arte, siempre ha sido atrevido y experimental,\u00a0 lo que significa correr riesgos, as\u00ed que nos quitamos el sombrero ante Pilc, LeBlanc y Doxas por su valent\u00eda, que ha generado este \u00e1lbum que bien podemos calificar como una delicatessen para gourmets del jazz.<\/p>\n<p>La grabaci\u00f3n se presenta \u00fanicamente en formato digital en las p\u00e1ginas habituales de <em>streaming<\/em> y <em>downloading<\/em>. Que ustedes lo disfruten.<\/p>\n<p>&nbsp;<\/p>\n<p style=\"text-align: right;\">Tomajazz: \u00a9 <strong>Juan F. Trillo<\/strong>, 2022 \/ <a href=\"https:\/\/siunleonhablase.wordpress.com\/\" target=\"_blank\" rel=\"noopener noreferrer\">https:\/\/siunleonhablase.wordpress.com\/<\/a> &#8211; <a href=\"https:\/\/www.facebook.com\/jan.tilkut\" target=\"_blank\" rel=\"noopener noreferrer\">https:\/\/www.facebook.com\/jan.tilkut<\/a><\/p>\n<h4>Jean-Michel Pilc Alive. Live at Di\u00e8se Onze, Montreal<\/h4>\n<p><strong>Jean-Michel Pilc<\/strong>, piano.\u00a0<strong>R\u00e9mi-Jean LeBlanc<\/strong>, contrabajo.\u00a0<strong>Jim Doxas<\/strong>, percusi\u00f3n.<br \/>\nProducido por <strong>Jean-Michel Pilc<\/strong>.<br \/>\nMasterizado por <strong>Guy H\u00e9bert<\/strong>.<br \/>\nPublicado en 2022 por Justin Time Records.<\/p>\n<h4>M\u00e1s informaci\u00f3n sobre Jean-Michel Pilc<\/h4>\n<p><a href=\"https:\/\/www.jeanmichelpilc.com\/\" target=\"_blank\" rel=\"noopener\">https:\/\/www.jeanmichelpilc.com\/<\/a><\/p>\n<p><a href=\"https:\/\/tomajazz.com\/web\/?s=pilc&amp;submit=Search\" target=\"_blank\" rel=\"noopener\">https:\/\/tomajazz.com\/web\/?s=pilc&amp;submit=Search<\/a><\/p>\n<h4>Juan F. Trillo en Tomajazz<\/h4>\n<p><a href=\"https:\/\/tomajazz.com\/web\/?cat=24111\" target=\"_blank\" rel=\"noopener\">https:\/\/tomajazz.com\/web\/?cat=24111<\/a><\/p>\n","protected":false},"excerpt":{"rendered":"<p>Juan F. Trillo repasa la grabaci\u00f3n del pianista Jean-Michel Pilc Alive. Live at Di\u00e8se Onze, Montreal (Justin Time Records, 2022).<span class=\"more-link\"><a href=\"https:\/\/tomajazz.com\/web\/jean-michel-pilc-alive-live-at-diese-onze-montreal-justin-time-records-2022-por-juan-f-trillo-grabacion-de-jazz\/\">Contin\u00faa leyendo<\/a><\/span><\/p>\n","protected":false},"author":1,"featured_media":64016,"comment_status":"open","ping_status":"closed","sticky":false,"template":"","format":"standard","meta":{"jetpack_post_was_ever_published":false,"_jetpack_newsletter_access":"","_jetpack_dont_email_post_to_subs":false,"_jetpack_newsletter_tier_id":0,"_jetpack_memberships_contains_paywalled_content":false,"_jetpack_memberships_contains_paid_content":false,"footnotes":""},"categories":[5,24111,27558,15517,1038,27440],"tags":[719,26322,24112,27209,27208],"class_list":["entry","author-pachi","has-excerpt","post-64014","post","type-post","status-publish","format-standard","has-post-thumbnail","category-grabaciones","category-_juan-f-trillo","category-jean-michel-pilc-alive-live-at-diese-onze","category-textos","category-contenidos","category-tomajazz-los-discos","tag-jean-michel-pilc","tag-jim-doxas","tag-juan-f-trillo","tag-justin-time-records","tag-remi-jean-leblanc"],"jetpack_featured_media_url":"https:\/\/tomajazz.com\/web\/wp-content\/uploads\/2022\/06\/Jean-Michel-Pilc-Alive-Live-at-Diese-Onze-Montreal-Justin-Time-Records-2022_WEB.jpg","jetpack_likes_enabled":true,"jetpack_sharing_enabled":true,"jetpack-related-posts":[{"id":100550,"url":"https:\/\/tomajazz.com\/web\/xose-miguelez-4tet-live-at-teatro-colon-2025\/","url_meta":{"origin":64014,"position":0},"title":"Xose Migu\u00e9lez 4tet: Live at Teatro Col\u00f3n (TinyMoon Records; 2025) Por Carlos Lara [Grabaci\u00f3n de jazz]","author":"Tomajazz","date":"16 octubre, 2025","format":false,"excerpt":"Live at Teatro Col\u00f3n (TinyMoon Records; 2025) es la nueva grabaci\u00f3n de Xose Migu\u00e9lez 4tet. Carlos Lara repasa la grabaci\u00f3n. Participan Xose Migu\u00e9lez, Jean-Michel Pilc, Carlos Barretto, Marcos Cavaleiro","rel":"","context":"En \u00ab*_Carlos Lara\u00bb","block_context":{"text":"*_Carlos Lara","link":"https:\/\/tomajazz.com\/web\/category\/carlos-lara\/"},"img":{"alt_text":"Xose Migu\u00e9lez 4tet: Live at Teatro Col\u00f3n (TinyMoon Records; 2025) Por Carlos Lara [Grabaci\u00f3n de jazz] - Tomajazz - Live at Teatro Col\u00f3n (TinyMoon Records; 2025) es la nueva grabaci\u00f3n de Xose Migu\u00e9lez 4tet. Carlos Lara repasa la grabaci\u00f3n. Participan Xose Migu\u00e9lez, Jean-Michel Pilc, Carlos Barretto, Marcos Cavaleiro","src":"https:\/\/i0.wp.com\/tomajazz.com\/web\/wp-content\/uploads\/2025\/10\/Xose-Miguelez-4tet-Live-at-Teatro-Colon-TinyMoon-Records-2025-Tomajazz.jpg?resize=350%2C200&ssl=1","width":350,"height":200,"srcset":"https:\/\/i0.wp.com\/tomajazz.com\/web\/wp-content\/uploads\/2025\/10\/Xose-Miguelez-4tet-Live-at-Teatro-Colon-TinyMoon-Records-2025-Tomajazz.jpg?resize=350%2C200&ssl=1 1x, https:\/\/i0.wp.com\/tomajazz.com\/web\/wp-content\/uploads\/2025\/10\/Xose-Miguelez-4tet-Live-at-Teatro-Colon-TinyMoon-Records-2025-Tomajazz.jpg?resize=525%2C300&ssl=1 1.5x, https:\/\/i0.wp.com\/tomajazz.com\/web\/wp-content\/uploads\/2025\/10\/Xose-Miguelez-4tet-Live-at-Teatro-Colon-TinyMoon-Records-2025-Tomajazz.jpg?resize=700%2C400&ssl=1 2x"},"classes":[]},{"id":63105,"url":"https:\/\/tomajazz.com\/web\/xose-miguelez-y-contradictio-la-belleza-de-lo-disonante-y-lo-aburrido-de-la-perfeccion-entrevista-por-pachi-tapiz-entrevista-de-jazz\/","url_meta":{"origin":64014,"position":1},"title":"Xose Migu\u00e9lez y Contradictio: la belleza de lo disonante y lo aburrido de la perfecci\u00f3n. Entrevista por Pachi Tapiz [Entrevista de jazz]","author":"Tomajazz","date":"26 abril, 2022","format":false,"excerpt":"El saxofonista Xose Migu\u00e9lez acaba de publicar en marzo de 2022 su segunda grabaci\u00f3n en el sello Origin Records. Se titula Contradictio, y en ella lo encontramos al frente de un cuarteto internacional en el que est\u00e1 el enorme pianista franc\u00e9s Jean-Michel Pilc y los m\u00fasicos portugueses Carlos Barretto y\u2026","rel":"","context":"En \u00ab*_Pachi Tapiz\u00bb","block_context":{"text":"*_Pachi Tapiz","link":"https:\/\/tomajazz.com\/web\/category\/pachi-tapiz\/"},"img":{"alt_text":"Xose Migu\u00e9lez Contradictio (Origin Records, 2022)","src":"https:\/\/i0.wp.com\/tomajazz.com\/web\/wp-content\/uploads\/2022\/04\/Xose-Miguelez-Contradictio-Origin-Records-2022.jpg?resize=350%2C200&ssl=1","width":350,"height":200,"srcset":"https:\/\/i0.wp.com\/tomajazz.com\/web\/wp-content\/uploads\/2022\/04\/Xose-Miguelez-Contradictio-Origin-Records-2022.jpg?resize=350%2C200&ssl=1 1x, https:\/\/i0.wp.com\/tomajazz.com\/web\/wp-content\/uploads\/2022\/04\/Xose-Miguelez-Contradictio-Origin-Records-2022.jpg?resize=525%2C300&ssl=1 1.5x"},"classes":[]},{"id":15979,"url":"https:\/\/tomajazz.com\/web\/andre-ceccarelli-jean-michel-pilc-thomas-bramerie-twenty-bonsai-music-2014\/","url_meta":{"origin":64014,"position":2},"title":"Andr\u00e9 Ceccarelli, Jean-Michel Pilc, Thomas Bramerie: Twenty (Bons\u00e4i Music, 2014)","author":"Tomajazz","date":"17 diciembre, 2014","format":false,"excerpt":"Despu\u00e9s de dos d\u00e9cadas coincidiendo en diferentes proyectos, tres de los mejores m\u00fasicos franceses se han reunido para celebrar precisamente que, como dice el tango, 20 a\u00f1os no son nada si han pasado con alegr\u00eda y pasi\u00f3n. Dos generaciones mano a mano en un tri\u00e1ngulo sonoro sin muchas aristas, pero\u2026","rel":"","context":"En \u00ab*_Carlos Lara\u00bb","block_context":{"text":"*_Carlos Lara","link":"https:\/\/tomajazz.com\/web\/category\/carlos-lara\/"},"img":{"alt_text":"","src":"https:\/\/i0.wp.com\/tomajazz.com\/web\/wp-content\/uploads\/2014\/12\/Ceccarelli-Pilc-Bramerie_Twenty_Bonsai-Music.jpg?resize=350%2C200&ssl=1","width":350,"height":200,"srcset":"https:\/\/i0.wp.com\/tomajazz.com\/web\/wp-content\/uploads\/2014\/12\/Ceccarelli-Pilc-Bramerie_Twenty_Bonsai-Music.jpg?resize=350%2C200&ssl=1 1x, https:\/\/i0.wp.com\/tomajazz.com\/web\/wp-content\/uploads\/2014\/12\/Ceccarelli-Pilc-Bramerie_Twenty_Bonsai-Music.jpg?resize=525%2C300&ssl=1 1.5x"},"classes":[]},{"id":62579,"url":"https:\/\/tomajazz.com\/web\/menina-xose-miguelez-contradictio-origin-records-2022-por-pachi-tapiz-jazzx5473-minipodcast-de-jazz\/","url_meta":{"origin":64014,"position":3},"title":"\u00abMeni\u00f1a\u00bb [Xose Migu\u00e9lez Contradictio (Origin Records, 2022)] Por Pachi Tapiz. JazzX5#473 [Minipodcast de jazz]","author":"Tomajazz","date":"4 abril, 2022","format":false,"excerpt":"En JazzX5 suena el tema \"Meni\u00f1a\", que abre la grabaci\u00f3n Contradictio (Origin Records, 2022) de Xose Migu\u00e9lez, en la que colaboran Jean-Michel Pilc, Carlos Barretto y Marcos Cavaleiro. JazzX5 es un podcast de Pachi Tapiz.","rel":"","context":"En \u00abJazzX5\u00bb","block_context":{"text":"JazzX5","link":"https:\/\/tomajazz.com\/web\/category\/contenidos\/sonidos\/podcast\/jazzx5\/"},"img":{"alt_text":"\"Meni\u00f1a\" [Xose Migu\u00e9lez Contradictio (Origin Records, 2022)] Por Pachi Tapiz. JazzX5#473 [Minipodcast de jazz]","src":"https:\/\/i0.wp.com\/tomajazz.com\/web\/wp-content\/uploads\/2022\/04\/JazzX5_0473.jpg?resize=350%2C200&ssl=1","width":350,"height":200,"srcset":"https:\/\/i0.wp.com\/tomajazz.com\/web\/wp-content\/uploads\/2022\/04\/JazzX5_0473.jpg?resize=350%2C200&ssl=1 1x, https:\/\/i0.wp.com\/tomajazz.com\/web\/wp-content\/uploads\/2022\/04\/JazzX5_0473.jpg?resize=525%2C300&ssl=1 1.5x, https:\/\/i0.wp.com\/tomajazz.com\/web\/wp-content\/uploads\/2022\/04\/JazzX5_0473.jpg?resize=700%2C400&ssl=1 2x"},"classes":[]},{"id":18787,"url":"https:\/\/tomajazz.com\/web\/instantzz-pilc-moutin-hoenig-viii-ciclo-1906-jazz-jamboree-barcelona-2015-05-07\/","url_meta":{"origin":64014,"position":4},"title":"INSTANTZZ: Pilc-Moutin-Hoenig (VIII Ciclo 1906 Jazz, Jamboree, Barcelona. 2015-05-07)","author":"Tomajazz","date":"18 junio, 2015","format":"image","excerpt":"VIII Ciclo 1906 Jazz Fecha: Jueves, 07 de mayo de 2015 Lugar: Jamboree (Barcelona) Componentes: Pilc-Moutin-Hoenig Jean-Michel Pilc, piano Fran\u00e7ois Moutin, contrabajo Ari Hoenig, bater\u00eda \u00a9 Joan Cort\u00e8s, 2015","rel":"","context":"En \u00ab*_Joan Cort\u00e8s\u00bb","block_context":{"text":"*_Joan Cort\u00e8s","link":"https:\/\/tomajazz.com\/web\/category\/joan-cortes\/"},"img":{"alt_text":"","src":"https:\/\/i0.wp.com\/tomajazz.com\/web\/wp-content\/uploads\/2015\/06\/04_P-M-H-%C2%A9Joan-Cort%C3%A8s_07mai15_Jmb_Bcn.jpg?resize=350%2C200&ssl=1","width":350,"height":200,"srcset":"https:\/\/i0.wp.com\/tomajazz.com\/web\/wp-content\/uploads\/2015\/06\/04_P-M-H-%C2%A9Joan-Cort%C3%A8s_07mai15_Jmb_Bcn.jpg?resize=350%2C200&ssl=1 1x, https:\/\/i0.wp.com\/tomajazz.com\/web\/wp-content\/uploads\/2015\/06\/04_P-M-H-%C2%A9Joan-Cort%C3%A8s_07mai15_Jmb_Bcn.jpg?resize=525%2C300&ssl=1 1.5x"},"classes":[]},{"id":1175,"url":"https:\/\/tomajazz.com\/web\/richard-bona-the-ten-shades-of-blues-blue-frog-studio\/","url_meta":{"origin":64014,"position":5},"title":"Richard Bona &#8211; The Ten Shades Of Blues (Blue Frog Studio)","author":"Autor1","date":"17 mayo, 2011","format":false,"excerpt":"Ya nadie espera que Richard Bona publique un disco de jazz. El africano sigue ofreciendo su particular visi\u00f3n de la world music con su querida Camer\u00fan como origen y buscando sonoridades comerciales con las que engatusar a un p\u00fablico ecl\u00e9ctico. En este su reciente The Ten Shades Of Blues Bona\u2026","rel":"","context":"En \u00ab*_Arturo Mora Rioja\u00bb","block_context":{"text":"*_Arturo Mora Rioja","link":"https:\/\/tomajazz.com\/web\/category\/arturo-mora-rioja\/"},"img":{"alt_text":"","src":"https:\/\/i0.wp.com\/www.tomajazz.com\/web\/wp-content\/uploads\/2011\/05\/richard-bona-blues1.jpg?resize=350%2C200","width":350,"height":200},"classes":[]}],"_links":{"self":[{"href":"https:\/\/tomajazz.com\/web\/wp-json\/wp\/v2\/posts\/64014","targetHints":{"allow":["GET"]}}],"collection":[{"href":"https:\/\/tomajazz.com\/web\/wp-json\/wp\/v2\/posts"}],"about":[{"href":"https:\/\/tomajazz.com\/web\/wp-json\/wp\/v2\/types\/post"}],"author":[{"embeddable":true,"href":"https:\/\/tomajazz.com\/web\/wp-json\/wp\/v2\/users\/1"}],"replies":[{"embeddable":true,"href":"https:\/\/tomajazz.com\/web\/wp-json\/wp\/v2\/comments?post=64014"}],"version-history":[{"count":3,"href":"https:\/\/tomajazz.com\/web\/wp-json\/wp\/v2\/posts\/64014\/revisions"}],"predecessor-version":[{"id":70156,"href":"https:\/\/tomajazz.com\/web\/wp-json\/wp\/v2\/posts\/64014\/revisions\/70156"}],"wp:featuredmedia":[{"embeddable":true,"href":"https:\/\/tomajazz.com\/web\/wp-json\/wp\/v2\/media\/64016"}],"wp:attachment":[{"href":"https:\/\/tomajazz.com\/web\/wp-json\/wp\/v2\/media?parent=64014"}],"wp:term":[{"taxonomy":"category","embeddable":true,"href":"https:\/\/tomajazz.com\/web\/wp-json\/wp\/v2\/categories?post=64014"},{"taxonomy":"post_tag","embeddable":true,"href":"https:\/\/tomajazz.com\/web\/wp-json\/wp\/v2\/tags?post=64014"}],"curies":[{"name":"wp","href":"https:\/\/api.w.org\/{rel}","templated":true}]}}