{"id":64057,"date":"2022-06-14T12:00:32","date_gmt":"2022-06-14T10:00:32","guid":{"rendered":"https:\/\/www.tomajazz.com\/web\/?p=64057"},"modified":"2022-06-14T07:34:36","modified_gmt":"2022-06-14T05:34:36","slug":"bill-frisell-trio-auditori-palau-de-congressos-girona-2022-05-01-por-joan-cortes-instantzz-aka-galeria-fotografica-aka-fotoblog-de-jazz-impro-y-algo-mas","status":"publish","type":"post","link":"https:\/\/tomajazz.com\/web\/bill-frisell-trio-auditori-palau-de-congressos-girona-2022-05-01-por-joan-cortes-instantzz-aka-galeria-fotografica-aka-fotoblog-de-jazz-impro-y-algo-mas\/","title":{"rendered":"Bill Frisell Trio (Auditori Palau de Congressos, Girona. 2022-05-01). Por Joan Cort\u00e8s [INSTANTZZ AKA Galer\u00eda fotogr\u00e1fica AKA Fotoblog de jazz, impro\u2026 y algo m\u00e1s]"},"content":{"rendered":"<ul>\n<li>Fecha: Domingo, 01 de mayo de 2022<\/li>\n<li>Lugar: Auditori Palau de Congressos (Girona)<\/li>\n<li>Grupo:<br \/>\n<strong>Bill Frisell Trio<br \/>\n<\/strong>Bill Frisell, guitarra<br \/>\nTony Scherr, contrabajo<br \/>\nKenny Wollesen, bater\u00eda<\/li>\n<\/ul>\n<p style=\"text-align: center;\"><img loading=\"lazy\" decoding=\"async\" class=\"aligncenter size-full wp-image-64058\" src=\"https:\/\/tomajazz.com\/web\/wp-content\/uploads\/2022\/06\/01_Bll-Frsll-tr-Joan-Cortes_01mg22_dtr-d-Grn_Grn.jpg\" alt=\"\" width=\"600\" height=\"399\" title=\"\" srcset=\"https:\/\/tomajazz.com\/web\/wp-content\/uploads\/2022\/06\/01_Bll-Frsll-tr-Joan-Cortes_01mg22_dtr-d-Grn_Grn.jpg 600w, https:\/\/tomajazz.com\/web\/wp-content\/uploads\/2022\/06\/01_Bll-Frsll-tr-Joan-Cortes_01mg22_dtr-d-Grn_Grn-200x133.jpg 200w, https:\/\/tomajazz.com\/web\/wp-content\/uploads\/2022\/06\/01_Bll-Frsll-tr-Joan-Cortes_01mg22_dtr-d-Grn_Grn-465x309.jpg 465w\" sizes=\"auto, (max-width: 600px) 100vw, 600px\" \/> <img loading=\"lazy\" decoding=\"async\" class=\"aligncenter size-large wp-image-64059\" src=\"https:\/\/tomajazz.com\/web\/wp-content\/uploads\/2022\/06\/02_Bll-Frsll-tr-Joan-Cortes_01mg22_dtr-d-Grn_Grn.jpg\" alt=\"\" width=\"399\" height=\"600\" title=\"\" srcset=\"https:\/\/tomajazz.com\/web\/wp-content\/uploads\/2022\/06\/02_Bll-Frsll-tr-Joan-Cortes_01mg22_dtr-d-Grn_Grn.jpg 399w, https:\/\/tomajazz.com\/web\/wp-content\/uploads\/2022\/06\/02_Bll-Frsll-tr-Joan-Cortes_01mg22_dtr-d-Grn_Grn-133x200.jpg 133w, https:\/\/tomajazz.com\/web\/wp-content\/uploads\/2022\/06\/02_Bll-Frsll-tr-Joan-Cortes_01mg22_dtr-d-Grn_Grn-366x550.jpg 366w, https:\/\/tomajazz.com\/web\/wp-content\/uploads\/2022\/06\/02_Bll-Frsll-tr-Joan-Cortes_01mg22_dtr-d-Grn_Grn-333x500.jpg 333w\" sizes=\"auto, (max-width: 399px) 100vw, 399px\" \/> <img loading=\"lazy\" decoding=\"async\" class=\"aligncenter size-large wp-image-64060\" src=\"https:\/\/tomajazz.com\/web\/wp-content\/uploads\/2022\/06\/03_Bll-Frsll-tr-Joan-Cortes_01mg22_dtr-d-Grn_Grn.jpg\" alt=\"\" width=\"399\" height=\"600\" title=\"\" srcset=\"https:\/\/tomajazz.com\/web\/wp-content\/uploads\/2022\/06\/03_Bll-Frsll-tr-Joan-Cortes_01mg22_dtr-d-Grn_Grn.jpg 399w, https:\/\/tomajazz.com\/web\/wp-content\/uploads\/2022\/06\/03_Bll-Frsll-tr-Joan-Cortes_01mg22_dtr-d-Grn_Grn-133x200.jpg 133w, https:\/\/tomajazz.com\/web\/wp-content\/uploads\/2022\/06\/03_Bll-Frsll-tr-Joan-Cortes_01mg22_dtr-d-Grn_Grn-366x550.jpg 366w, https:\/\/tomajazz.com\/web\/wp-content\/uploads\/2022\/06\/03_Bll-Frsll-tr-Joan-Cortes_01mg22_dtr-d-Grn_Grn-333x500.jpg 333w\" sizes=\"auto, (max-width: 399px) 100vw, 399px\" \/> <img loading=\"lazy\" decoding=\"async\" class=\"aligncenter size-large wp-image-64061\" src=\"https:\/\/tomajazz.com\/web\/wp-content\/uploads\/2022\/06\/04_Bll-Frsll-tr-Joan-Cortes_01mg22_dtr-d-Grn_Grn.jpg\" alt=\"\" width=\"600\" height=\"399\" title=\"\" srcset=\"https:\/\/tomajazz.com\/web\/wp-content\/uploads\/2022\/06\/04_Bll-Frsll-tr-Joan-Cortes_01mg22_dtr-d-Grn_Grn.jpg 600w, https:\/\/tomajazz.com\/web\/wp-content\/uploads\/2022\/06\/04_Bll-Frsll-tr-Joan-Cortes_01mg22_dtr-d-Grn_Grn-200x133.jpg 200w, https:\/\/tomajazz.com\/web\/wp-content\/uploads\/2022\/06\/04_Bll-Frsll-tr-Joan-Cortes_01mg22_dtr-d-Grn_Grn-465x309.jpg 465w\" sizes=\"auto, (max-width: 600px) 100vw, 600px\" \/> <img loading=\"lazy\" decoding=\"async\" class=\"aligncenter size-large wp-image-64062\" src=\"https:\/\/tomajazz.com\/web\/wp-content\/uploads\/2022\/06\/005_Bll-Frsll-tr-Joan-Cortes_01mg22_dtr-d-Grn_Grn.jpg\" alt=\"\" width=\"600\" height=\"399\" title=\"\" srcset=\"https:\/\/tomajazz.com\/web\/wp-content\/uploads\/2022\/06\/005_Bll-Frsll-tr-Joan-Cortes_01mg22_dtr-d-Grn_Grn.jpg 600w, https:\/\/tomajazz.com\/web\/wp-content\/uploads\/2022\/06\/005_Bll-Frsll-tr-Joan-Cortes_01mg22_dtr-d-Grn_Grn-200x133.jpg 200w, https:\/\/tomajazz.com\/web\/wp-content\/uploads\/2022\/06\/005_Bll-Frsll-tr-Joan-Cortes_01mg22_dtr-d-Grn_Grn-465x309.jpg 465w\" sizes=\"auto, (max-width: 600px) 100vw, 600px\" \/> <img loading=\"lazy\" decoding=\"async\" class=\"aligncenter size-large wp-image-64063\" src=\"https:\/\/tomajazz.com\/web\/wp-content\/uploads\/2022\/06\/06_Bll-Frsll-tr-Joan-Cortes_01mg22_dtr-d-Grn_Grn.jpg\" alt=\"\" width=\"399\" height=\"600\" title=\"\" srcset=\"https:\/\/tomajazz.com\/web\/wp-content\/uploads\/2022\/06\/06_Bll-Frsll-tr-Joan-Cortes_01mg22_dtr-d-Grn_Grn.jpg 399w, https:\/\/tomajazz.com\/web\/wp-content\/uploads\/2022\/06\/06_Bll-Frsll-tr-Joan-Cortes_01mg22_dtr-d-Grn_Grn-133x200.jpg 133w, https:\/\/tomajazz.com\/web\/wp-content\/uploads\/2022\/06\/06_Bll-Frsll-tr-Joan-Cortes_01mg22_dtr-d-Grn_Grn-366x550.jpg 366w, https:\/\/tomajazz.com\/web\/wp-content\/uploads\/2022\/06\/06_Bll-Frsll-tr-Joan-Cortes_01mg22_dtr-d-Grn_Grn-333x500.jpg 333w\" sizes=\"auto, (max-width: 399px) 100vw, 399px\" \/> <img loading=\"lazy\" decoding=\"async\" class=\"aligncenter size-large wp-image-64064\" src=\"https:\/\/tomajazz.com\/web\/wp-content\/uploads\/2022\/06\/07_Bll-Frsll-tr-Joan-Cortes_01mg22_dtr-d-Grn_Grn.jpg\" alt=\"\" width=\"399\" height=\"600\" title=\"\" srcset=\"https:\/\/tomajazz.com\/web\/wp-content\/uploads\/2022\/06\/07_Bll-Frsll-tr-Joan-Cortes_01mg22_dtr-d-Grn_Grn.jpg 399w, https:\/\/tomajazz.com\/web\/wp-content\/uploads\/2022\/06\/07_Bll-Frsll-tr-Joan-Cortes_01mg22_dtr-d-Grn_Grn-133x200.jpg 133w, https:\/\/tomajazz.com\/web\/wp-content\/uploads\/2022\/06\/07_Bll-Frsll-tr-Joan-Cortes_01mg22_dtr-d-Grn_Grn-366x550.jpg 366w, https:\/\/tomajazz.com\/web\/wp-content\/uploads\/2022\/06\/07_Bll-Frsll-tr-Joan-Cortes_01mg22_dtr-d-Grn_Grn-333x500.jpg 333w\" sizes=\"auto, (max-width: 399px) 100vw, 399px\" \/> <img loading=\"lazy\" decoding=\"async\" class=\"aligncenter size-large wp-image-64065\" src=\"https:\/\/tomajazz.com\/web\/wp-content\/uploads\/2022\/06\/08_Bll-Frsll-tr-Joan-Cortes_01mg22_dtr-d-Grn_Grn.jpg\" alt=\"\" width=\"399\" height=\"600\" title=\"\" srcset=\"https:\/\/tomajazz.com\/web\/wp-content\/uploads\/2022\/06\/08_Bll-Frsll-tr-Joan-Cortes_01mg22_dtr-d-Grn_Grn.jpg 399w, https:\/\/tomajazz.com\/web\/wp-content\/uploads\/2022\/06\/08_Bll-Frsll-tr-Joan-Cortes_01mg22_dtr-d-Grn_Grn-133x200.jpg 133w, https:\/\/tomajazz.com\/web\/wp-content\/uploads\/2022\/06\/08_Bll-Frsll-tr-Joan-Cortes_01mg22_dtr-d-Grn_Grn-366x550.jpg 366w, https:\/\/tomajazz.com\/web\/wp-content\/uploads\/2022\/06\/08_Bll-Frsll-tr-Joan-Cortes_01mg22_dtr-d-Grn_Grn-333x500.jpg 333w\" sizes=\"auto, (max-width: 399px) 100vw, 399px\" \/> <img loading=\"lazy\" decoding=\"async\" class=\"aligncenter size-large wp-image-64066\" src=\"https:\/\/tomajazz.com\/web\/wp-content\/uploads\/2022\/06\/09_Bll-Frsll-tr-Joan-Cortes_01mg22_dtr-d-Grn_Grn.jpg\" alt=\"\" width=\"600\" height=\"399\" title=\"\" srcset=\"https:\/\/tomajazz.com\/web\/wp-content\/uploads\/2022\/06\/09_Bll-Frsll-tr-Joan-Cortes_01mg22_dtr-d-Grn_Grn.jpg 600w, https:\/\/tomajazz.com\/web\/wp-content\/uploads\/2022\/06\/09_Bll-Frsll-tr-Joan-Cortes_01mg22_dtr-d-Grn_Grn-200x133.jpg 200w, https:\/\/tomajazz.com\/web\/wp-content\/uploads\/2022\/06\/09_Bll-Frsll-tr-Joan-Cortes_01mg22_dtr-d-Grn_Grn-465x309.jpg 465w\" sizes=\"auto, (max-width: 600px) 100vw, 600px\" \/> <img loading=\"lazy\" decoding=\"async\" class=\"aligncenter size-large wp-image-64067\" src=\"https:\/\/tomajazz.com\/web\/wp-content\/uploads\/2022\/06\/10_Bll-Frsll-tr-Joan-Cortes_01mg22_dtr-d-Grn_Grn.jpg\" alt=\"\" width=\"399\" height=\"600\" title=\"\" srcset=\"https:\/\/tomajazz.com\/web\/wp-content\/uploads\/2022\/06\/10_Bll-Frsll-tr-Joan-Cortes_01mg22_dtr-d-Grn_Grn.jpg 399w, https:\/\/tomajazz.com\/web\/wp-content\/uploads\/2022\/06\/10_Bll-Frsll-tr-Joan-Cortes_01mg22_dtr-d-Grn_Grn-133x200.jpg 133w, https:\/\/tomajazz.com\/web\/wp-content\/uploads\/2022\/06\/10_Bll-Frsll-tr-Joan-Cortes_01mg22_dtr-d-Grn_Grn-366x550.jpg 366w, https:\/\/tomajazz.com\/web\/wp-content\/uploads\/2022\/06\/10_Bll-Frsll-tr-Joan-Cortes_01mg22_dtr-d-Grn_Grn-333x500.jpg 333w\" sizes=\"auto, (max-width: 399px) 100vw, 399px\" \/> <img loading=\"lazy\" decoding=\"async\" class=\"aligncenter size-large wp-image-64068\" src=\"https:\/\/tomajazz.com\/web\/wp-content\/uploads\/2022\/06\/11_Bll-Frsll-tr-Joan-Cortes_01mg22_dtr-d-Grn_Grn.jpg\" alt=\"\" width=\"600\" height=\"399\" title=\"\" srcset=\"https:\/\/tomajazz.com\/web\/wp-content\/uploads\/2022\/06\/11_Bll-Frsll-tr-Joan-Cortes_01mg22_dtr-d-Grn_Grn.jpg 600w, https:\/\/tomajazz.com\/web\/wp-content\/uploads\/2022\/06\/11_Bll-Frsll-tr-Joan-Cortes_01mg22_dtr-d-Grn_Grn-200x133.jpg 200w, https:\/\/tomajazz.com\/web\/wp-content\/uploads\/2022\/06\/11_Bll-Frsll-tr-Joan-Cortes_01mg22_dtr-d-Grn_Grn-465x309.jpg 465w\" sizes=\"auto, (max-width: 600px) 100vw, 600px\" \/> <img loading=\"lazy\" decoding=\"async\" class=\"aligncenter size-large wp-image-64069\" src=\"https:\/\/tomajazz.com\/web\/wp-content\/uploads\/2022\/06\/12_Bll-Frsll-tr-Joan-Cortes_01mg22_dtr-d-Grn_Grn.jpg\" alt=\"\" width=\"600\" height=\"399\" title=\"\" srcset=\"https:\/\/tomajazz.com\/web\/wp-content\/uploads\/2022\/06\/12_Bll-Frsll-tr-Joan-Cortes_01mg22_dtr-d-Grn_Grn.jpg 600w, https:\/\/tomajazz.com\/web\/wp-content\/uploads\/2022\/06\/12_Bll-Frsll-tr-Joan-Cortes_01mg22_dtr-d-Grn_Grn-200x133.jpg 200w, https:\/\/tomajazz.com\/web\/wp-content\/uploads\/2022\/06\/12_Bll-Frsll-tr-Joan-Cortes_01mg22_dtr-d-Grn_Grn-465x309.jpg 465w\" sizes=\"auto, (max-width: 600px) 100vw, 600px\" \/><\/p>\n<p style=\"text-align: right;\">Tomajazz: \u00a9 <a href=\"https:\/\/www.facebook.com\/joan.cortesbenages\" target=\"_blank\" rel=\"noopener\"><strong>Joan Cort\u00e8s<\/strong><\/a>, 2022<\/p>\n<h4>M\u00e1s informaci\u00f3n sobre Bill Frisell<\/h4>\n<p><a href=\"https:\/\/www.billfrisell.com\/\" target=\"_blank\" rel=\"noopener\">https:\/\/www.billfrisell.com\/<\/a><\/p>\n<p><a href=\"https:\/\/tomajazz.com\/web\/?s=bill+frisell&amp;submit=Search\" target=\"_blank\" rel=\"noopener\">https:\/\/tomajazz.com\/web\/?s=bill+frisell&amp;submit=Search<\/a><\/p>\n<h4>Joan Cort\u00e8s en Tomajazz<\/h4>\n<p><a href=\"https:\/\/tomajazz.com\/web\/?cat=17853\" target=\"_blank\" rel=\"noopener\">https:\/\/tomajazz.com\/web\/?cat=17853<\/a><\/p>\n","protected":false},"excerpt":{"rendered":"<p>En INSTANTZZ una galer\u00eda fotogr\u00e1fica con las im\u00e1genes de la actuaci\u00f3n del Bill Frisell Trio en Auditori Palau de Congressos de Girona. Joan Cort\u00e8s fue el autor de las fotograf\u00edas. <span class=\"more-link\"><a href=\"https:\/\/tomajazz.com\/web\/bill-frisell-trio-auditori-palau-de-congressos-girona-2022-05-01-por-joan-cortes-instantzz-aka-galeria-fotografica-aka-fotoblog-de-jazz-impro-y-algo-mas\/\">Contin\u00faa leyendo<\/a><\/span><\/p>\n","protected":false},"author":1,"featured_media":64061,"comment_status":"open","ping_status":"closed","sticky":false,"template":"","format":"standard","meta":{"jetpack_post_was_ever_published":false,"_jetpack_newsletter_access":"","_jetpack_dont_email_post_to_subs":false,"_jetpack_newsletter_tier_id":0,"_jetpack_memberships_contains_paywalled_content":false,"_jetpack_memberships_contains_paid_content":false,"footnotes":""},"categories":[11261,17853,11262,15516,1038],"tags":[1470,27218,1041,8945,27219],"class_list":["entry","author-pachi","has-excerpt","post-64057","post","type-post","status-publish","format-standard","has-post-thumbnail","category-instantzz","category-joan-cortes","category-photoblogs","category-imagenes","category-contenidos","tag-bill-frisell","tag-bill-frisell-trio","tag-joan-cortes","tag-kenny-wollesen","tag-tony-scherr"],"jetpack_featured_media_url":"https:\/\/tomajazz.com\/web\/wp-content\/uploads\/2022\/06\/04_Bll-Frsll-tr-Joan-Cortes_01mg22_dtr-d-Grn_Grn.jpg","jetpack_likes_enabled":true,"jetpack_sharing_enabled":true,"jetpack-related-posts":[{"id":104814,"url":"https:\/\/tomajazz.com\/web\/pete-roth-trio-feat-bill-bruford-barcelona-2026\/","url_meta":{"origin":64057,"position":0},"title":"Pete Roth Trio featuring Bill Bruford (Luz de Gas, 2026-02-23 \/ Barcelona) Por Joan Cort\u00e8s [INSTANTZZ AKA Galer\u00eda fotogr\u00e1fica AKA Fotoblog de jazz, impro\u2026 y algo m\u00e1s]","author":"Tomajazz","date":"9 abril, 2026","format":false,"excerpt":"Pete Roth Trio featuring Bill Bruford actu\u00f3 en Luz de Gas, el 23 de febrero de 2026. Joan Cort\u00e8s lo retrata en INSTANTZZ. Con Pete Roth, Bill Bruford, Mike Pratt","rel":"","context":"En \u00ab*_Joan Cort\u00e8s\u00bb","block_context":{"text":"*_Joan Cort\u00e8s","link":"https:\/\/tomajazz.com\/web\/category\/joan-cortes\/"},"img":{"alt_text":"Pete Roth Trio featuring Bill Bruford (Luz de Gas, 2026-02-23 \/ Barcelona) Por Joan Cort\u00e8s [INSTANTZZ AKA Galer\u00eda fotogr\u00e1fica AKA Fotoblog de jazz, impro\u2026 y algo m\u00e1s] - Tomajazz - Pete Roth Trio featuring Bill Bruford actu\u00f3 en Luz de Gas, el 23 de febrero de 2026. Joan Cort\u00e8s lo retrata en INSTANTZZ. Con Pete Roth, Bill Bruford, Mike Pratt","src":"https:\/\/i0.wp.com\/tomajazz.com\/web\/wp-content\/uploads\/2026\/04\/destacada-09-Pt-Rth-Tr-Photo-by-Joan-Cortes-23fbr26-Lz-d-Gs-Bcn-bn.jpg?resize=350%2C200&ssl=1","width":350,"height":200,"srcset":"https:\/\/i0.wp.com\/tomajazz.com\/web\/wp-content\/uploads\/2026\/04\/destacada-09-Pt-Rth-Tr-Photo-by-Joan-Cortes-23fbr26-Lz-d-Gs-Bcn-bn.jpg?resize=350%2C200&ssl=1 1x, https:\/\/i0.wp.com\/tomajazz.com\/web\/wp-content\/uploads\/2026\/04\/destacada-09-Pt-Rth-Tr-Photo-by-Joan-Cortes-23fbr26-Lz-d-Gs-Bcn-bn.jpg?resize=525%2C300&ssl=1 1.5x"},"classes":[]},{"id":102503,"url":"https:\/\/tomajazz.com\/web\/eddie-mejia-jamboree-2025\/","url_meta":{"origin":64057,"position":1},"title":"Eddie Mej\u00eda 4t \u201cPar\u00e9ntesis del Miedo\u201d (Jamboree -sala 1-, 2025-11-14 \/ Barcelona) Por Joan Cort\u00e8s [INSTANTZZ AKA Galer\u00eda fotogr\u00e1fica AKA Fotoblog de jazz, impro\u2026 y algo m\u00e1s]","author":"Tomajazz","date":"4 diciembre, 2025","format":false,"excerpt":"Eddie Mej\u00eda 4t present\u00f3 \u201cPar\u00e9ntesis del Miedo\u201d en Jamboree, Barcelona, el 14 de noviembre de 2025. Joan Cort\u00e8s lo retrata en INSTANTZZ. Actuaron Eddie Mej\u00eda, Bill McHenry, Masa Kamaguchi, Ramon Prats, Magda Garre","rel":"","context":"En \u00ab*_Joan Cort\u00e8s\u00bb","block_context":{"text":"*_Joan Cort\u00e8s","link":"https:\/\/tomajazz.com\/web\/category\/joan-cortes\/"},"img":{"alt_text":"Eddie Mej\u00eda 4t \u201cPar\u00e9ntesis del Miedo\u201d (Jamboree -sala 1-, 2025-11-14 \/ Barcelona) Por Joan Cort\u00e8s [INSTANTZZ AKA Galer\u00eda fotogr\u00e1fica AKA Fotoblog de jazz, impro\u2026 y algo m\u00e1s] - Tomajazz - Eddie Mej\u00eda 4t present\u00f3 \u201cPar\u00e9ntesis del Miedo\u201d en Jamboree, Barcelona, el 14 de noviembre de 2025. Joan Cort\u00e8s lo retrata en INSTANTZZ. Actuaron Eddie Mej\u00eda, Bill McHenry, Masa Kamaguchi, Ramon Prats, Magda Garre\n","src":"https:\/\/i0.wp.com\/tomajazz.com\/web\/wp-content\/uploads\/2025\/12\/destacado-02-dd-Mj-4t-Photo-By-Joan-Cortes-14nov25-Jmbrr.jpg?resize=350%2C200&ssl=1","width":350,"height":200,"srcset":"https:\/\/i0.wp.com\/tomajazz.com\/web\/wp-content\/uploads\/2025\/12\/destacado-02-dd-Mj-4t-Photo-By-Joan-Cortes-14nov25-Jmbrr.jpg?resize=350%2C200&ssl=1 1x, https:\/\/i0.wp.com\/tomajazz.com\/web\/wp-content\/uploads\/2025\/12\/destacado-02-dd-Mj-4t-Photo-By-Joan-Cortes-14nov25-Jmbrr.jpg?resize=525%2C300&ssl=1 1.5x"},"classes":[]},{"id":104805,"url":"https:\/\/tomajazz.com\/web\/bill-frisell-in-my-dreams-2026\/","url_meta":{"origin":64057,"position":2},"title":"Bill Frisell: In My Dreams (Blue Note Records; 2026) Por Carlos Lara [Grabaci\u00f3n de jazz]","author":"Tomajazz","date":"8 abril, 2026","format":false,"excerpt":"In My Dreams (Blue Note Records; 2026) es el t\u00edtulo de la nueva grabaci\u00f3n de Bill Frisell. Carlos Lara la repasa. Con Bill Frisell, Thomas Morgan, Rudy Royston, Jenny Scheinman, Eyvind Kang, Hank Roberts","rel":"","context":"En \u00abGrabaciones...\u00bb","block_context":{"text":"Grabaciones...","link":"https:\/\/tomajazz.com\/web\/category\/contenidos\/textos\/grabaciones\/"},"img":{"alt_text":"Bill Frisell: In My Dreams (Blue Note Records; 2026) Por Carlos Lara [Grabaci\u00f3n de jazz] - Tomajazz - In My Dreams (Blue Note Records; 2026) es el t\u00edtulo de la nueva grabaci\u00f3n de Bill Frisell. Carlos Lara la repasa. Con Bill Frisell, Thomas Morgan, Rudy Royston, Jenny Scheinman, Eyvind Kang, Hank Roberts","src":"https:\/\/i0.wp.com\/tomajazz.com\/web\/wp-content\/uploads\/2026\/04\/Bill-Frisell-In-My-Dreams-Blue-Note-Records-2026-.jpg?resize=350%2C200&ssl=1","width":350,"height":200,"srcset":"https:\/\/i0.wp.com\/tomajazz.com\/web\/wp-content\/uploads\/2026\/04\/Bill-Frisell-In-My-Dreams-Blue-Note-Records-2026-.jpg?resize=350%2C200&ssl=1 1x, https:\/\/i0.wp.com\/tomajazz.com\/web\/wp-content\/uploads\/2026\/04\/Bill-Frisell-In-My-Dreams-Blue-Note-Records-2026-.jpg?resize=525%2C300&ssl=1 1.5x, https:\/\/i0.wp.com\/tomajazz.com\/web\/wp-content\/uploads\/2026\/04\/Bill-Frisell-In-My-Dreams-Blue-Note-Records-2026-.jpg?resize=700%2C400&ssl=1 2x"},"classes":[]},{"id":104036,"url":"https:\/\/tomajazz.com\/web\/mayte-martin-auditori-de-girona-2025\/","url_meta":{"origin":64057,"position":3},"title":"Mayte Mart\u00edn \u201cIn Illo Tempore\u201d (Auditori de Girona, 2025-12-21 \/ Girona) Por Joan Cort\u00e8s [Flamencuras AKA INSTANTZZ AKA Galer\u00eda fotogr\u00e1fica AKA Fotoblog de jazz, impro\u2026 y algo m\u00e1s]","author":"Tomajazz","date":"15 febrero, 2026","format":false,"excerpt":"Mayte Mart\u00edn \u201cIn Illo Tempore\u201d actu\u00f3 en el Auditori de Girona, el 21 de diciembre de 2025. Joan Cort\u00e8s lo retrata en las Flamencuras de INSTANTZZ. Con Mayte Mart\u00edn, Antonio Gonz\u00e1lez, \u00c1ngel Flores, Miquel \u00c0ngel Cordero, David Dom\u00ednguez","rel":"","context":"En \u00abFlamencuras\u00bb","block_context":{"text":"Flamencuras","link":"https:\/\/tomajazz.com\/web\/category\/contenidos\/imagenes\/photoblogs\/flamencuras\/"},"img":{"alt_text":"Mayte Mart\u00edn \u201cIn Illo Tempore\u201d (Auditori de Girona, 2025-12-21 \/ Girona) Por Joan Cort\u00e8s [Flamencuras AKA INSTANTZZ AKA Galer\u00eda fotogr\u00e1fica AKA Fotoblog de jazz, impro\u2026 y algo m\u00e1s] - Tomajazz - Mayte Mart\u00edn \u201cIn Illo Tempore\u201d actu\u00f3 en el Auditori de Girona, el 21 de diciembre de 2025. Joan Cort\u00e8s lo retrata en las Flamencuras de INSTANTZZ. Con Mayte Mart\u00edn, Antonio Gonz\u00e1lez, \u00c1ngel Flores, Miquel \u00c0ngel Cordero, David Dom\u00ednguez\n","src":"https:\/\/i0.wp.com\/tomajazz.com\/web\/wp-content\/uploads\/2026\/02\/destacada-10-Myt-Mrtn-Photo-by-Joan-Cortes-21dsm25-dtr-Grn.jpg?resize=350%2C200&ssl=1","width":350,"height":200,"srcset":"https:\/\/i0.wp.com\/tomajazz.com\/web\/wp-content\/uploads\/2026\/02\/destacada-10-Myt-Mrtn-Photo-by-Joan-Cortes-21dsm25-dtr-Grn.jpg?resize=350%2C200&ssl=1 1x, https:\/\/i0.wp.com\/tomajazz.com\/web\/wp-content\/uploads\/2026\/02\/destacada-10-Myt-Mrtn-Photo-by-Joan-Cortes-21dsm25-dtr-Grn.jpg?resize=525%2C300&ssl=1 1.5x"},"classes":[]},{"id":100978,"url":"https:\/\/tomajazz.com\/web\/chris-cheek-keepers-of-the-eastern-door-2025\/","url_meta":{"origin":64057,"position":4},"title":"Chris Cheek: Keepers of the Eastern Door (Analog Tone Factory; 2025) Por Carlos Lara [Grabaci\u00f3n de jazz]","author":"Tomajazz","date":"26 octubre, 2025","format":false,"excerpt":"Keepers of the Eastern Door (Analog Tone Factory; 2025) es la nueva grabaci\u00f3n de Chris Cheek. Carlos Lara repasa la grabaci\u00f3n. Con Chris Cheek, Bill Frisell, Tony Scherr, Rudy Royston","rel":"","context":"En \u00abGrabaciones...\u00bb","block_context":{"text":"Grabaciones...","link":"https:\/\/tomajazz.com\/web\/category\/contenidos\/textos\/grabaciones\/"},"img":{"alt_text":"Chris Cheek: Keepers of the Eastern Door (Analog Tone Factory; 2025) Por Carlos Lara [Grabaci\u00f3n de jazz] - Tomajazz - Keepers of the Eastern Door (Analog Tone Factory; 2025) es la nueva grabaci\u00f3n de Chris Cheek. Carlos Lara repasa la grabaci\u00f3n. Con Chris Cheek, Bill Frisell, Tony Scherr, Rudy Royston","src":"https:\/\/i0.wp.com\/tomajazz.com\/web\/wp-content\/uploads\/2025\/10\/Chris-Cheek-Keepers-of-the-Eastern-Door-Analog-Tone-Factory-2025-Tomajazz.jpg?resize=350%2C200&ssl=1","width":350,"height":200,"srcset":"https:\/\/i0.wp.com\/tomajazz.com\/web\/wp-content\/uploads\/2025\/10\/Chris-Cheek-Keepers-of-the-Eastern-Door-Analog-Tone-Factory-2025-Tomajazz.jpg?resize=350%2C200&ssl=1 1x, https:\/\/i0.wp.com\/tomajazz.com\/web\/wp-content\/uploads\/2025\/10\/Chris-Cheek-Keepers-of-the-Eastern-Door-Analog-Tone-Factory-2025-Tomajazz.jpg?resize=525%2C300&ssl=1 1.5x, https:\/\/i0.wp.com\/tomajazz.com\/web\/wp-content\/uploads\/2025\/10\/Chris-Cheek-Keepers-of-the-Eastern-Door-Analog-Tone-Factory-2025-Tomajazz.jpg?resize=700%2C400&ssl=1 2x"},"classes":[]},{"id":69691,"url":"https:\/\/tomajazz.com\/web\/instantzz-2022-en-25-imagenes-i\/","url_meta":{"origin":64057,"position":5},"title":"INSTANTZZ: 2022 en 25 im\u00e1genes -jazz, improvisaci\u00f3n y flamenco- (primera parte) Por Joan Cort\u00e8s [INSTANTZZ AKA Galer\u00eda fotogr\u00e1fica AKA Fotoblog de jazz, impro\u2026 y algo m\u00e1s]","author":"Tomajazz","date":"11 enero, 2023","format":false,"excerpt":"En Tomajazz un cl\u00e1sico de todos los inicios de a\u00f1o: 2022 en 25 im\u00e1genes. Joan Cort\u00e9s selecciona la primera parte de este repaso visual. Bill Frisell, Oril Roca, Tigran Hamasyan o Andr\u00e9s Mar\u00edn son algunos de los que aparecen en este recuerdo fotogr\u00e1fico del a\u00f1o reci\u00e9n finalizado.","rel":"","context":"En \u00ab*_Joan Cort\u00e8s\u00bb","block_context":{"text":"*_Joan Cort\u00e8s","link":"https:\/\/tomajazz.com\/web\/category\/joan-cortes\/"},"img":{"alt_text":"En Tomajazz un cl\u00e1sico de todos los inicios de a\u00f1o: 2022 en 25 im\u00e1genes. Joan Cort\u00e9s selecciona la primera parte de este repaso visual. Bill Frisell, Oril Roca, Tigran Hamasyan o Andr\u00e9s Mar\u00edn son algunos de los que aparecen en este recuerdo fotogr\u00e1fico del a\u00f1o reci\u00e9n finalizado.","src":"https:\/\/i0.wp.com\/tomajazz.com\/web\/wp-content\/uploads\/2023\/01\/05_Bll-Frsll-tr-Joan-Cortes_01mg22_dtr-d-Grn_Grn.jpg?resize=350%2C200&ssl=1","width":350,"height":200},"classes":[]}],"_links":{"self":[{"href":"https:\/\/tomajazz.com\/web\/wp-json\/wp\/v2\/posts\/64057","targetHints":{"allow":["GET"]}}],"collection":[{"href":"https:\/\/tomajazz.com\/web\/wp-json\/wp\/v2\/posts"}],"about":[{"href":"https:\/\/tomajazz.com\/web\/wp-json\/wp\/v2\/types\/post"}],"author":[{"embeddable":true,"href":"https:\/\/tomajazz.com\/web\/wp-json\/wp\/v2\/users\/1"}],"replies":[{"embeddable":true,"href":"https:\/\/tomajazz.com\/web\/wp-json\/wp\/v2\/comments?post=64057"}],"version-history":[{"count":2,"href":"https:\/\/tomajazz.com\/web\/wp-json\/wp\/v2\/posts\/64057\/revisions"}],"predecessor-version":[{"id":64071,"href":"https:\/\/tomajazz.com\/web\/wp-json\/wp\/v2\/posts\/64057\/revisions\/64071"}],"wp:featuredmedia":[{"embeddable":true,"href":"https:\/\/tomajazz.com\/web\/wp-json\/wp\/v2\/media\/64061"}],"wp:attachment":[{"href":"https:\/\/tomajazz.com\/web\/wp-json\/wp\/v2\/media?parent=64057"}],"wp:term":[{"taxonomy":"category","embeddable":true,"href":"https:\/\/tomajazz.com\/web\/wp-json\/wp\/v2\/categories?post=64057"},{"taxonomy":"post_tag","embeddable":true,"href":"https:\/\/tomajazz.com\/web\/wp-json\/wp\/v2\/tags?post=64057"}],"curies":[{"name":"wp","href":"https:\/\/api.w.org\/{rel}","templated":true}]}}