{"id":64081,"date":"2022-06-15T18:00:23","date_gmt":"2022-06-15T16:00:23","guid":{"rendered":"https:\/\/www.tomajazz.com\/web\/?p=64081"},"modified":"2022-06-15T16:48:00","modified_gmt":"2022-06-15T14:48:00","slug":"jaki-byard-jazzx5-centennial-508-por-pachi-tapiz-minipodcast-de-jazz","status":"publish","type":"post","link":"https:\/\/tomajazz.com\/web\/jaki-byard-jazzx5-centennial-508-por-pachi-tapiz-minipodcast-de-jazz\/","title":{"rendered":"Jaki Byard. JazzX5 Centennial #508 Por Pachi Tapiz [Minipodcast de jazz]"},"content":{"rendered":"<p><img loading=\"lazy\" decoding=\"async\" class=\"alignleft wp-image-64082 size-medium\" src=\"https:\/\/tomajazz.com\/web\/wp-content\/uploads\/2022\/06\/vv.aa_.-amarcord-Hannibal-Records-1982-200x197.jpg\" alt=\"\" width=\"200\" height=\"197\" title=\"\" srcset=\"https:\/\/tomajazz.com\/web\/wp-content\/uploads\/2022\/06\/vv.aa_.-amarcord-Hannibal-Records-1982-200x197.jpg 200w, https:\/\/tomajazz.com\/web\/wp-content\/uploads\/2022\/06\/vv.aa_.-amarcord-Hannibal-Records-1982.jpg 354w\" sizes=\"auto, (max-width: 200px) 100vw, 200px\" \/>\u00abAmarcord\u00bb<strong><br \/>\n<\/strong><b>Jaki Byard<\/b> (y otros) <em>Amarcord Nino Rota\u00a0<\/em>(Hannibal Records, 1982)<br \/>\nJaki Byard. El tema es una composici\u00f3n de Nino Rota.<\/p>\n<h4>\u00bfSab\u00edas que?<\/h4>\n<ul>\n<li>Jaki Byard naci\u00f3 el 15 de junio de 1922.<\/li>\n<li>Aunque se le conoci\u00f3 como Jaki Byard su verdadero nombre fue John Arthur Jr. Byard.<\/li>\n<li>Aunque se le conoce especialmente como pianista, fue tambi\u00e9n saxofonista, trompetista, contrabajista, chelista, trombonista, guitarrista, baterista, arreglista, compositor y pedagogo musical.<\/li>\n<li>Toda su familia materna tocaba el piano, mientras que su padre fue trompetista en una banda.<\/li>\n<li>Debido a ese motivo tom\u00f3 clases de piano cl\u00e1sico entre los ocho y los diez a\u00f1os.<\/li>\n<li>En la radio, de chaval, escuchaba a Benny Carter, Duke Ellington, Count Basie y a la orquesta de Earl Hines.<\/li>\n<li>Con doce a\u00f1os descubre a Freddie Bates And His Nighthawks, una orquesta local con la que toca entre 1938 y 1941. Aunque lo contrataron como trompetista, termin\u00f3 sent\u00e1ndose al piano.<\/li>\n<li>Es alistado a las fuerzas armadas entre 1941 y 1946, en donde continu\u00f3 form\u00e1ndose como pianista. Tambi\u00e9n comenz\u00f3 a tocar en esa \u00e9poca el tromb\u00f3n. Parte del servicio militar lo pas\u00f3 en Florida, en d\u00f3nde fue un mentor de Cannonball Adderley y su hermano Nat.<\/li>\n<li>Tras dejar el servicio militar se establece en Boston, donde trabaja con distintos grupos.<\/li>\n<li>En 1947 toca el piano con Earl Bostic, con el que girar\u00e1 aproximadamente un a\u00f1o.<\/li>\n<li>En 1947 graba su primer disco con el tr\u00edo de Ray Perry. A continuaci\u00f3n se traslada a Canad\u00e1 donde estudia los saxos bajo y alto. Trabaja durante a\u00f1o y medio en Quebec en la orquesta del trombonista Joe Gordon en donde conoce a Sam Rivers.<\/li>\n<li>De vuelta a Boston, vuelve a trabajar con Earl Bostic (1949-50), y toca simult\u00e1neamente con Charlie Mariano y Herb Pomeroy.<\/li>\n<li>Maynard Ferguson lo llama para tocar con \u00e9l, reemplazando a Joe Zawinul: lo har\u00e1 entre 1959 y 1962.<\/li>\n<li>En 1959 graba el primer disco a su nombre en el sello Candid, aunque no se editar\u00e1 hasta 1979 en Jap\u00f3n.<\/li>\n<li>A principios de los a\u00f1os 60 se instala en Nueva York. Act\u00faa como solista, en un tr\u00edo y finalmente se incorpora a los sextetos de Charles Mingus con quien viaja a Europa en 1964, 1968 y 1970.<\/li>\n<li>En 1965 participa brevemente en los Jazz Messengers de Art Blakey.<\/li>\n<li>Tambi\u00e9n toca como sideman (en directo y\/o disco) junto a Eric Dolphy, Rahsaan Roland Kirk, Booker Ervin o Sam Rivers, entre otros.<\/li>\n<li>A partir de 1969 retoma su actividad pedag\u00f3gica. Primero lo hace en el New England Conservatory y posteriormente en la Universidad de Massachusets, y en la Julius Hartt School of Music entre otras instituciones.<\/li>\n<li>Adem\u00e1s de su labor como docente intercala giras por todo el mundo: Australia (1971), Jap\u00f3n (1971-72), China (1972).<\/li>\n<li>A mediados de los a\u00f1os 70 sustituy\u00f3 en varias ocasiones a Duke Ellington en su orquesta, cuando el l\u00edder estaba indispuesto.<\/li>\n<li>Al finalizar la d\u00e9cada de los a\u00f1os 70 comenz\u00f3 a dirigir al grupo The Apollo Stompers que actuaban regularmente en Boston y Nueva York. Con este grupo gir\u00f3 en los a\u00f1os ochenta. En esa \u00e9poca tambi\u00e9n imparti\u00f3 seminarios por todo el mundo.<\/li>\n<li>En 1988 toca con la Mingus Big Band, y entre 1989 y 1991 toc\u00f3 con su estudiante Ricky Ford.<\/li>\n<li>Desde 1989 hasta su fallecimiento, por una herida de bala en 1999, fue profesor de la Manhattan School Of Music.<\/li>\n<li><em>Amarcord Nino Rota<\/em> (Hannibal Records, 1982) es un disco colectivo en el que Jaki Byard interpretaba los temas \u00abAmarcord\u00bb y \u00abLa Strada\u00bb a piano solo. Carla Bley, Bill Frisell, Steve Lacy, Wynton y Branford Marsalis o Muhal Richard Abrams fueron algunos de los artistas que participaron en esta grabaci\u00f3n.<\/li>\n<\/ul>\n<p style=\"text-align: right;\">\u00a9 <strong>Pachi Tapiz<\/strong>, 2022<\/p>\n<h4>Escuchar Jaki Byard: \u00abAmarcord\u00bb<\/h4>\n<p><iframe loading=\"lazy\" src=\"https:\/\/www.ivoox.com\/player_ej_88467362_6_1.html?c1=444444\" width=\"100%\" height=\"200\" frameborder=\"0\" scrolling=\"no\" allowfullscreen=\"allowfullscreen\"><\/iframe><\/p>\n<h4>En anteriores episodios de JazzX5 \/ HDO \/ LODLMA \/ Maltidos Jazztardos \/ Tomajazz Remembers \/JazzX5 Centennial\u2026<\/h4>\n<blockquote class=\"wp-embedded-content\" data-secret=\"C1mjHRgOqQ\"><p><a href=\"https:\/\/tomajazz.com\/web\/kai-winding-jazzx5-centennial-500-por-pachi-tapiz-minipodcast-de-jazz\/\">Kai Winding. JazzX5 Centennial #500 Por Pachi Tapiz [Minipodcast de jazz]<\/a><\/p><\/blockquote>\n<p><iframe loading=\"lazy\" class=\"wp-embedded-content\" sandbox=\"allow-scripts\" security=\"restricted\" style=\"position: absolute; visibility: hidden;\" title=\"\u00abKai Winding. JazzX5 Centennial #500 Por Pachi Tapiz [Minipodcast de jazz]\u00bb \u2014 Tomajazz\" src=\"https:\/\/tomajazz.com\/web\/kai-winding-jazzx5-centennial-500-por-pachi-tapiz-minipodcast-de-jazz\/embed\/#?secret=zXFdhjWT1n#?secret=C1mjHRgOqQ\" data-secret=\"C1mjHRgOqQ\" width=\"600\" height=\"338\" frameborder=\"0\" marginwidth=\"0\" marginheight=\"0\" scrolling=\"no\"><\/iframe><\/p>\n<blockquote class=\"wp-embedded-content\" data-secret=\"ZV9H7ykXSZ\"><p><a href=\"https:\/\/tomajazz.com\/web\/toots-thielemans-jazzx5-centennial-493-por-pachi-tapiz-minipodcast-de-jazz\/\">Toots Thielemans. JazzX5 Centennial #493 Por Pachi Tapiz [Minipodcast de jazz]<\/a><\/p><\/blockquote>\n<p><iframe loading=\"lazy\" class=\"wp-embedded-content\" sandbox=\"allow-scripts\" security=\"restricted\" style=\"position: absolute; visibility: hidden;\" title=\"\u00abToots Thielemans. JazzX5 Centennial #493 Por Pachi Tapiz [Minipodcast de jazz]\u00bb \u2014 Tomajazz\" src=\"https:\/\/tomajazz.com\/web\/toots-thielemans-jazzx5-centennial-493-por-pachi-tapiz-minipodcast-de-jazz\/embed\/#?secret=FgmJCGwhXJ#?secret=ZV9H7ykXSZ\" data-secret=\"ZV9H7ykXSZ\" width=\"600\" height=\"338\" frameborder=\"0\" marginwidth=\"0\" marginheight=\"0\" scrolling=\"no\"><\/iframe><\/p>\n<blockquote class=\"wp-embedded-content\" data-secret=\"Rv5F3byPzs\"><p><a href=\"https:\/\/tomajazz.com\/web\/aaron-bell-jazzx5-centennial-488-por-pachi-tapiz-minipodcast-de-jazz\/\">Aaron Bell. JazzX5 Centennial #488 Por Pachi Tapiz [Minipodcast de Jazz]<\/a><\/p><\/blockquote>\n<p><iframe loading=\"lazy\" class=\"wp-embedded-content\" sandbox=\"allow-scripts\" security=\"restricted\" style=\"position: absolute; visibility: hidden;\" title=\"\u00abAaron Bell. JazzX5 Centennial #488 Por Pachi Tapiz [Minipodcast de Jazz]\u00bb \u2014 Tomajazz\" src=\"https:\/\/tomajazz.com\/web\/aaron-bell-jazzx5-centennial-488-por-pachi-tapiz-minipodcast-de-jazz\/embed\/#?secret=ruPKf51qPk#?secret=Rv5F3byPzs\" data-secret=\"Rv5F3byPzs\" width=\"600\" height=\"338\" frameborder=\"0\" marginwidth=\"0\" marginheight=\"0\" scrolling=\"no\"><\/iframe><\/p>\n<blockquote class=\"wp-embedded-content\" data-secret=\"S0HazbkWoM\"><p><a href=\"https:\/\/tomajazz.com\/web\/charles-mingus-jazzx5-centennial-487-por-pachi-tapiz-minipodcast-de-jazz\/\">Charles Mingus. JazzX5 Centennial #487 Por Pachi Tapiz [Minipodcast de Jazz]<\/a><\/p><\/blockquote>\n<p><iframe loading=\"lazy\" class=\"wp-embedded-content\" sandbox=\"allow-scripts\" security=\"restricted\" style=\"position: absolute; visibility: hidden;\" title=\"\u00abCharles Mingus. JazzX5 Centennial #487 Por Pachi Tapiz [Minipodcast de Jazz]\u00bb \u2014 Tomajazz\" src=\"https:\/\/tomajazz.com\/web\/charles-mingus-jazzx5-centennial-487-por-pachi-tapiz-minipodcast-de-jazz\/embed\/#?secret=UYgPxI74U6#?secret=S0HazbkWoM\" data-secret=\"S0HazbkWoM\" width=\"600\" height=\"338\" frameborder=\"0\" marginwidth=\"0\" marginheight=\"0\" scrolling=\"no\"><\/iframe><\/p>\n<blockquote class=\"wp-embedded-content\" data-secret=\"4WngaopV4v\"><p><a href=\"https:\/\/tomajazz.com\/web\/mundell-lowe-jazzx5-centennial-486-por-pachi-tapiz-minipodcast-de-jazz\/\">Mundell Lowe. JazzX5 Centennial #486 Por Pachi Tapiz [Minipodcast de Jazz]<\/a><\/p><\/blockquote>\n<p><iframe loading=\"lazy\" class=\"wp-embedded-content\" sandbox=\"allow-scripts\" security=\"restricted\" style=\"position: absolute; visibility: hidden;\" title=\"\u00abMundell Lowe. JazzX5 Centennial #486 Por Pachi Tapiz [Minipodcast de Jazz]\u00bb \u2014 Tomajazz\" src=\"https:\/\/tomajazz.com\/web\/mundell-lowe-jazzx5-centennial-486-por-pachi-tapiz-minipodcast-de-jazz\/embed\/#?secret=gO7taMRYqt#?secret=4WngaopV4v\" data-secret=\"4WngaopV4v\" width=\"600\" height=\"338\" frameborder=\"0\" marginwidth=\"0\" marginheight=\"0\" scrolling=\"no\"><\/iframe><\/p>\n<blockquote class=\"wp-embedded-content\" data-secret=\"Cq9y2j9QOi\"><p><a href=\"https:\/\/tomajazz.com\/web\/carmen-mcrae-jazzx5-centennial-477-por-pachi-tapiz-minipodcast-de-jazz\/\">Carmen McRae. JazzX5 Centennial #477 Por Pachi Tapiz [Minipodcast de Jazz]<\/a><\/p><\/blockquote>\n<p><iframe loading=\"lazy\" class=\"wp-embedded-content\" sandbox=\"allow-scripts\" security=\"restricted\" style=\"position: absolute; visibility: hidden;\" title=\"\u00abCarmen McRae. JazzX5 Centennial #477 Por Pachi Tapiz [Minipodcast de Jazz]\u00bb \u2014 Tomajazz\" src=\"https:\/\/tomajazz.com\/web\/carmen-mcrae-jazzx5-centennial-477-por-pachi-tapiz-minipodcast-de-jazz\/embed\/#?secret=5gdPDNUfUZ#?secret=Cq9y2j9QOi\" data-secret=\"Cq9y2j9QOi\" width=\"600\" height=\"338\" frameborder=\"0\" marginwidth=\"0\" marginheight=\"0\" scrolling=\"no\"><\/iframe><\/p>\n<blockquote class=\"wp-embedded-content\" data-secret=\"uLul2aeclU\"><p><a href=\"https:\/\/tomajazz.com\/web\/duke-jordan-jazzx5-centennial-470-por-pachi-tapiz-minipodcast-de-jazz\/\">Duke Jordan. JazzX5 Centennial #470 Por Pachi Tapiz [Minipodcast de Jazz]<\/a><\/p><\/blockquote>\n<p><iframe loading=\"lazy\" class=\"wp-embedded-content\" sandbox=\"allow-scripts\" security=\"restricted\" style=\"position: absolute; visibility: hidden;\" title=\"\u00abDuke Jordan. JazzX5 Centennial #470 Por Pachi Tapiz [Minipodcast de Jazz]\u00bb \u2014 Tomajazz\" src=\"https:\/\/tomajazz.com\/web\/duke-jordan-jazzx5-centennial-470-por-pachi-tapiz-minipodcast-de-jazz\/embed\/#?secret=a3NQCkH4ML#?secret=uLul2aeclU\" data-secret=\"uLul2aeclU\" width=\"600\" height=\"338\" frameborder=\"0\" marginwidth=\"0\" marginheight=\"0\" scrolling=\"no\"><\/iframe><\/p>\n<blockquote class=\"wp-embedded-content\" data-secret=\"ymncU2XqJm\"><p><a href=\"https:\/\/tomajazz.com\/web\/king-pleasure-jazzx5-centennial-462-por-pachi-tapiz-minipodcast-de-jazz\/\">King Pleasure. JazzX5 Centennial #462 Por Pachi Tapiz [Minipodcast de Jazz]<\/a><\/p><\/blockquote>\n<p><iframe loading=\"lazy\" class=\"wp-embedded-content\" sandbox=\"allow-scripts\" security=\"restricted\" style=\"position: absolute; visibility: hidden;\" title=\"\u00abKing Pleasure. JazzX5 Centennial #462 Por Pachi Tapiz [Minipodcast de Jazz]\u00bb \u2014 Tomajazz\" src=\"https:\/\/tomajazz.com\/web\/king-pleasure-jazzx5-centennial-462-por-pachi-tapiz-minipodcast-de-jazz\/embed\/#?secret=yogdubmEz8#?secret=ymncU2XqJm\" data-secret=\"ymncU2XqJm\" width=\"600\" height=\"338\" frameborder=\"0\" marginwidth=\"0\" marginheight=\"0\" scrolling=\"no\"><\/iframe><\/p>\n<blockquote class=\"wp-embedded-content\" data-secret=\"UYKz7AtS54\"><p><a href=\"https:\/\/tomajazz.com\/web\/joe-wilder-jazzx5-centennial-460-por-pachi-tapiz-minipodcast-de-jazz\/\">Joe Wilder. JazzX5 Centennial #460 Por Pachi Tapiz [Minipodcast de Jazz]<\/a><\/p><\/blockquote>\n<p><iframe loading=\"lazy\" class=\"wp-embedded-content\" sandbox=\"allow-scripts\" security=\"restricted\" style=\"position: absolute; visibility: hidden;\" title=\"\u00abJoe Wilder. JazzX5 Centennial #460 Por Pachi Tapiz [Minipodcast de Jazz]\u00bb \u2014 Tomajazz\" src=\"https:\/\/tomajazz.com\/web\/joe-wilder-jazzx5-centennial-460-por-pachi-tapiz-minipodcast-de-jazz\/embed\/#?secret=1Ziw4MI5ag#?secret=UYKz7AtS54\" data-secret=\"UYKz7AtS54\" width=\"600\" height=\"338\" frameborder=\"0\" marginwidth=\"0\" marginheight=\"0\" scrolling=\"no\"><\/iframe><\/p>\n<blockquote class=\"wp-embedded-content\" data-secret=\"2DhM5I2h1b\"><p><a href=\"https:\/\/tomajazz.com\/web\/eddie-lockjaw-davis-jazzx5-centennial-440-por-pachi-tapiz-minipodcast-de-jazz\/\">Eddie Lockjaw Davis. JazzX5 Centennial #440 Por Pachi Tapiz [Minipodcast de jazz]<\/a><\/p><\/blockquote>\n<p><iframe loading=\"lazy\" class=\"wp-embedded-content\" sandbox=\"allow-scripts\" security=\"restricted\" style=\"position: absolute; visibility: hidden;\" title=\"\u00abEddie Lockjaw Davis. JazzX5 Centennial #440 Por Pachi Tapiz [Minipodcast de jazz]\u00bb \u2014 Tomajazz\" src=\"https:\/\/tomajazz.com\/web\/eddie-lockjaw-davis-jazzx5-centennial-440-por-pachi-tapiz-minipodcast-de-jazz\/embed\/#?secret=2kJ0myKSog#?secret=2DhM5I2h1b\" data-secret=\"2DhM5I2h1b\" width=\"600\" height=\"338\" frameborder=\"0\" marginwidth=\"0\" marginheight=\"0\" scrolling=\"no\"><\/iframe><\/p>\n<blockquote class=\"wp-embedded-content\" data-secret=\"POUpt8Pn4V\"><p><a href=\"https:\/\/tomajazz.com\/web\/jazzx5150-johnny-griffin-eddie-lockjaw-davis-quintet-blues-up-and-down-ow-live-at-the-penthouse-minipodcast\/\">JazzX5#150. Johnny Griffin \/ Eddie \u201cLockjaw\u201d Davis Quintet: Blues Up and Down (Ow! Live at The Penthouse) [Minipodcast]<\/a><\/p><\/blockquote>\n<p><iframe loading=\"lazy\" class=\"wp-embedded-content\" sandbox=\"allow-scripts\" security=\"restricted\" style=\"position: absolute; visibility: hidden;\" title=\"\u00abJazzX5#150. Johnny Griffin \/ Eddie \u201cLockjaw\u201d Davis Quintet: Blues Up and Down (Ow! Live at The Penthouse) [Minipodcast]\u00bb \u2014 Tomajazz\" src=\"https:\/\/tomajazz.com\/web\/jazzx5150-johnny-griffin-eddie-lockjaw-davis-quintet-blues-up-and-down-ow-live-at-the-penthouse-minipodcast\/embed\/#?secret=8GenhfaBXR#?secret=POUpt8Pn4V\" data-secret=\"POUpt8Pn4V\" width=\"600\" height=\"338\" frameborder=\"0\" marginwidth=\"0\" marginheight=\"0\" scrolling=\"no\"><\/iframe><\/p>\n<blockquote class=\"wp-embedded-content\" data-secret=\"TSS7OypOWR\"><p><a href=\"https:\/\/tomajazz.com\/web\/jazzx5-centennial-384-frank-wess-all-too-soon-magic-101-ipo-recordings-2013-minipodcast-de-jazz-por-pachi-tapiz-jazzx5-centennial-001\/\">JazzX5 Centennial #384: Frank Wess. \u00abAll Too Soon\u00bb [Magic 101 (IPO Recordings, 2013)] [Minipodcast de jazz] Por Pachi Tapiz [JazzX5 Centennial 001]<\/a><\/p><\/blockquote>\n<p><iframe loading=\"lazy\" class=\"wp-embedded-content\" sandbox=\"allow-scripts\" security=\"restricted\" style=\"position: absolute; visibility: hidden;\" title=\"\u00abJazzX5 Centennial #384: Frank Wess. \u00abAll Too Soon\u00bb [Magic 101 (IPO Recordings, 2013)] [Minipodcast de jazz] Por Pachi Tapiz [JazzX5 Centennial 001]\u00bb \u2014 Tomajazz\" src=\"https:\/\/tomajazz.com\/web\/jazzx5-centennial-384-frank-wess-all-too-soon-magic-101-ipo-recordings-2013-minipodcast-de-jazz-por-pachi-tapiz-jazzx5-centennial-001\/embed\/#?secret=IR2XUddlqt#?secret=TSS7OypOWR\" data-secret=\"TSS7OypOWR\" width=\"600\" height=\"338\" frameborder=\"0\" marginwidth=\"0\" marginheight=\"0\" scrolling=\"no\"><\/iframe><\/p>\n<blockquote class=\"wp-embedded-content\" data-secret=\"qHzDrEyuhZ\"><p><a href=\"https:\/\/tomajazz.com\/web\/jazzx5-centennial-400-ray-anthony-route-66-the-swing-club-aero-space-records-1999-minipodcast-de-jazz-por-pachi-tapiz-jazzx5-centennial-002\/\">JazzX5 Centennial #400. Ray Anthony: \u201cRoute 66&#8243; [The Swing Club (Aero Space Records, 1999)] [Minipodcast de jazz] Por Pachi Tapiz [JazzX5 Centennial 002]<\/a><\/p><\/blockquote>\n<p><iframe loading=\"lazy\" class=\"wp-embedded-content\" sandbox=\"allow-scripts\" security=\"restricted\" style=\"position: absolute; visibility: hidden;\" title=\"\u00abJazzX5 Centennial #400. Ray Anthony: \u201cRoute 66&#8243; [The Swing Club (Aero Space Records, 1999)] [Minipodcast de jazz] Por Pachi Tapiz [JazzX5 Centennial 002]\u00bb \u2014 Tomajazz\" src=\"https:\/\/tomajazz.com\/web\/jazzx5-centennial-400-ray-anthony-route-66-the-swing-club-aero-space-records-1999-minipodcast-de-jazz-por-pachi-tapiz-jazzx5-centennial-002\/embed\/#?secret=JZUNYBLR92#?secret=qHzDrEyuhZ\" data-secret=\"qHzDrEyuhZ\" width=\"600\" height=\"338\" frameborder=\"0\" marginwidth=\"0\" marginheight=\"0\" scrolling=\"no\"><\/iframe><\/p>\n<h4>M\u00e1s informaci\u00f3n sobre Jaki Byard<\/h4>\n<p>El pianista Ethan Iverson ha publicado en su blog <a href=\"https:\/\/ethaniverson.com\/\" target=\"_blank\" rel=\"noopener\">Do the M@ath<\/a>, una entrada dedicada a Jaki Byard con motivo de su centenario, especialmente recomendable:<\/p>\n<p><a href=\"https:\/\/ethaniverson.com\/the-genius-of-jaki-byard\/\" target=\"_blank\" rel=\"noopener\">The Genius of Jaki&nbsp;Byard<\/a><\/p>\n<p><a href=\"https:\/\/necmusic.edu\/news\/100-years-jaki-byard-honoring-legacy-groundbreaking-musician-nec\" target=\"_blank\" rel=\"noopener\">https:\/\/necmusic.edu\/news\/100-years-jaki-byard-honoring-legacy-groundbreaking-musician-nec<\/a><\/p>\n<p><a href=\"https:\/\/www.wicn.org\/wicn-artist-of-the-month-june-2022-jaki-byard\/\" target=\"_blank\" rel=\"noopener\">https:\/\/www.wicn.org\/wicn-artist-of-the-month-june-2022-jaki-byard\/<\/a><\/p>\n<p><a href=\"https:\/\/tomajazz.com\/web\/?s=byard&amp;submit=Search\" target=\"_blank\" rel=\"noopener\">https:\/\/tomajazz.com\/web\/?s=byard&amp;submit=Search<\/a><\/p>\n<p>&nbsp;<\/p>\n<h4>M\u00e1s informaci\u00f3n sobre JazzX5<\/h4>\n<p><strong>JazzX5<\/strong>\u00a0es un minipodcast de HDO de la Factor\u00eda Tomajazz presentado, editado y producido por\u00a0<strong>Pachi Tapiz<\/strong>.<\/p>\n<p><strong>JazzX5<\/strong>\u00a0comenz\u00f3 su andadura el 24 de junio de 2019.<\/p>\n<p>Todas las entregas de\u00a0<strong>JazzX5<\/strong>\u00a0est\u00e1n disponibles en\u00a0<strong><a href=\"https:\/\/tomajazz.com\/web\/?cat=23120\" target=\"_blank\" rel=\"noopener noreferrer\">https:\/\/tomajazz.com\/web\/?cat=23120<\/a>\u00a0\/\u00a0<a href=\"https:\/\/www.ivoox.com\/jazzx5_bk_list_642835_1.html\" target=\"_blank\" rel=\"noopener noreferrer\">https:\/\/www.ivoox.com\/jazzx5_bk_list_642835_1.html<\/a><\/strong>.<\/p>\n<p>Las sugerencias, quejas, felicitaciones, opiniones y el contacto en general en jazzx5 @ tomajazz.com Tambi\u00e9n por WhatsApp en el tel\u00e9fono de contacto.<\/p>\n<h4>JazzX5 y los podcast de Tomajazz en Telegram<\/h4>\n<p>En Tomajazz hemos abierto un canal de\u00a0<strong>Telegram<\/strong>\u00a0para que est\u00e9s al tanto, al instante, de los nuevos podcast. Puedes suscribirte en\u00a0<a href=\"https:\/\/t.me\/TomajazzPodcast\" target=\"_blank\" rel=\"noopener\">https:\/\/t.me\/TomajazzPodcast<\/a>.<\/p>\n<h4>Pachi Tapiz en Tomajazz<\/h4>\n<p><a href=\"https:\/\/tomajazz.com\/web\/?cat=17847\" target=\"_blank\" rel=\"noopener\">https:\/\/tomajazz.com\/web\/?cat=17847<\/a><\/p>\n","protected":false},"excerpt":{"rendered":"<p>#jakibyard100 En Tomajazz celebramos el centenario del nacimiento de Jaki Byard, el 15 de junio de 1922. Repasamos su biograf\u00eda y escuchamos una gloriosa versi\u00f3n a piano solo de \u00abAmarcord\u00bb de Nino Rota en JazzX5. <\/p>\n<p>JazzX5 es un podcast de Pachi Tapiz. <span class=\"more-link\"><a href=\"https:\/\/tomajazz.com\/web\/jaki-byard-jazzx5-centennial-508-por-pachi-tapiz-minipodcast-de-jazz\/\">Contin\u00faa leyendo<\/a><\/span><\/p>\n","protected":false},"author":1,"featured_media":64083,"comment_status":"open","ping_status":"closed","sticky":false,"template":"","format":"standard","meta":{"jetpack_post_was_ever_published":false,"_jetpack_newsletter_access":"","_jetpack_dont_email_post_to_subs":false,"_jetpack_newsletter_tier_id":0,"_jetpack_memberships_contains_paywalled_content":false,"_jetpack_memberships_contains_paid_content":false,"footnotes":""},"categories":[26409,17847,23120,12814,15518,1038],"tags":[27221,8617,23118,25573,31,15310],"class_list":["entry","author-pachi","has-excerpt","post-64081","post","type-post","status-publish","format-standard","has-post-thumbnail","category-jazzx5-centennial","category-pachi-tapiz","category-jazzx5","category-podcast","category-sonidos","category-contenidos","tag-hannibal-records","tag-jaki-byard","tag-jazzx5","tag-minipodcast","tag-pachi-tapiz","tag-podcast-de-jazz"],"jetpack_featured_media_url":"https:\/\/tomajazz.com\/web\/wp-content\/uploads\/2022\/06\/JazzX5_0508.jpg","jetpack_likes_enabled":true,"jetpack_sharing_enabled":true,"jetpack-related-posts":[{"id":14705,"url":"https:\/\/tomajazz.com\/web\/jaki-byardthe-late-show-highnote-records-2014\/","url_meta":{"origin":64081,"position":0},"title":"Jaki Byard:The Late Show (HighNote Records, 2014)","author":"Tomajazz","date":"15 octubre, 2014","format":false,"excerpt":"Despliegue de recursos y estilos, pero sobre todo de buen gusto sobre el teclado y componiendo es el que exhibe Jaky Byard en The Late Show, el tercer volumen grabado en solitario en el californiano Keystone Korner en agosto de 1979. Sumamente comunicativo, el pianista protagoniza un recital compuesto por\u2026","rel":"","context":"En \u00ab*_Pachi Tapiz\u00bb","block_context":{"text":"*_Pachi Tapiz","link":"https:\/\/tomajazz.com\/web\/category\/pachi-tapiz\/"},"img":{"alt_text":"","src":"https:\/\/i0.wp.com\/tomajazz.com\/web\/wp-content\/uploads\/2014\/10\/Jaki-Byard_The_Late_Show_An_Eveining_with_Jaki_Byard-Live-At-Keystone-Korner-Vol-3_Highnote-records_2014.jpg?resize=350%2C200&ssl=1","width":350,"height":200},"classes":[]},{"id":2497,"url":"https:\/\/tomajazz.com\/web\/en-la-casa-del-mundo-xx-ii-b-s-charles-mingus-1963\/","url_meta":{"origin":64081,"position":1},"title":"En La casa del Mundo (XX): II B.S. (Charles Mingus, 1963)","author":"Tomajazz","date":"28 octubre, 2011","format":false,"excerpt":"Mingus nuevamente en La casa del Mundo. En esta ocasi\u00f3n acompa\u00f1ado por Eric Dolphy, Jaki Byard, Booker Ervin, Don Butterfield, Jerom Richardson, Britt Woodman, Eddie Preston, Richard Williams, Dick Hafer y Walter Perkins. El tema, \"II B.S.\", con un parecido m\u00e1s que sospechoso con \"Haitian Fight Song\" -uno de los\u2026","rel":"","context":"En \u00ab*_Pachi Tapiz\u00bb","block_context":{"text":"*_Pachi Tapiz","link":"https:\/\/tomajazz.com\/web\/category\/pachi-tapiz\/"},"img":{"alt_text":"","src":"https:\/\/i0.wp.com\/tomajazz.com\/web\/wp-content\/uploads\/2009\/07\/Charles-Mingus_Mingus-mingus-mingus-mingus-mingus.jpg?resize=350%2C200&ssl=1","width":350,"height":200,"srcset":"https:\/\/i0.wp.com\/tomajazz.com\/web\/wp-content\/uploads\/2009\/07\/Charles-Mingus_Mingus-mingus-mingus-mingus-mingus.jpg?resize=350%2C200&ssl=1 1x, https:\/\/i0.wp.com\/tomajazz.com\/web\/wp-content\/uploads\/2009\/07\/Charles-Mingus_Mingus-mingus-mingus-mingus-mingus.jpg?resize=525%2C300&ssl=1 1.5x"},"classes":[]},{"id":98607,"url":"https:\/\/tomajazz.com\/web\/charles-mingus-mingus-mingus-mingus-mingus-lp-2023\/","url_meta":{"origin":64081,"position":2},"title":"Charles Mingus: Mingus Mingus Mingus Mingus Mingus (Impulse!; 1964. Reedici\u00f3n LP: Elemental Music; 2023) Por Pachi Tapiz [Grabaci\u00f3n de jazz]","author":"Tomajazz","date":"4 septiembre, 2025","format":false,"excerpt":"Mingus Mingus MIngus MIngus Mingus es una de las obras cl\u00e1sicas de Charles Mingus. Pachi Tapiz repasa la reedici\u00f3n en vinilo del cl\u00e1sico","rel":"","context":"En \u00ab*_Pachi Tapiz\u00bb","block_context":{"text":"*_Pachi Tapiz","link":"https:\/\/tomajazz.com\/web\/category\/pachi-tapiz\/"},"img":{"alt_text":"Charles Mingus: Mingus Mingus Mingus Mingus Mingus (Impulse!; 1964. Reedici\u00f3n LP: Elemental Music; 2023) - Tomajazz","src":"https:\/\/i0.wp.com\/tomajazz.com\/web\/wp-content\/uploads\/2025\/09\/Charles-Mingus-Mingus-Mingus-Mingus-Mingus-Mingus-Impulse-1964-Elemental-Music-2023-Tomajazz.jpg?resize=350%2C200&ssl=1","width":350,"height":200,"srcset":"https:\/\/i0.wp.com\/tomajazz.com\/web\/wp-content\/uploads\/2025\/09\/Charles-Mingus-Mingus-Mingus-Mingus-Mingus-Mingus-Impulse-1964-Elemental-Music-2023-Tomajazz.jpg?resize=350%2C200&ssl=1 1x, https:\/\/i0.wp.com\/tomajazz.com\/web\/wp-content\/uploads\/2025\/09\/Charles-Mingus-Mingus-Mingus-Mingus-Mingus-Mingus-Impulse-1964-Elemental-Music-2023-Tomajazz.jpg?resize=525%2C300&ssl=1 1.5x, https:\/\/i0.wp.com\/tomajazz.com\/web\/wp-content\/uploads\/2025\/09\/Charles-Mingus-Mingus-Mingus-Mingus-Mingus-Mingus-Impulse-1964-Elemental-Music-2023-Tomajazz.jpg?resize=700%2C400&ssl=1 2x"},"classes":[]},{"id":1120,"url":"https:\/\/tomajazz.com\/web\/varios-autores-art%c2%b7i%c2%b7facts-great-performances-from-40-years-of-jazz-at-nec\/","url_meta":{"origin":64081,"position":3},"title":"Varios Autores &#8211; Art\u00b7I\u00b7Facts. Great Performances From 40 Years of Jazz At NEC (","author":"Autor1","date":"17 mayo, 2011","format":false,"excerpt":"El pasado 2009 se cumpli\u00f3 el 40 aniversario de la especialidad en Jazz del New England Conservatory. Fue en su centenario, en 1967, cuando el m\u00fasico y te\u00f3rico del jazz Gunther Schuller, presidente reci\u00e9n elegido del conservatorio, impuls\u00f3 la creaci\u00f3n de los estudios de jazz en el seno de esta\u2026","rel":"","context":"En \u00ab*_Pachi Tapiz\u00bb","block_context":{"text":"*_Pachi Tapiz","link":"https:\/\/tomajazz.com\/web\/category\/pachi-tapiz\/"},"img":{"alt_text":"","src":"https:\/\/i0.wp.com\/www.tomajazz.com\/web\/wp-content\/uploads\/2011\/05\/artifacts1.jpg?resize=350%2C200","width":350,"height":200},"classes":[]},{"id":2943,"url":"https:\/\/tomajazz.com\/web\/new-england-conservatory-jazz-studies-40-anos-dando-la-nota\/","url_meta":{"origin":64081,"position":4},"title":"New England Conservatory Jazz Studies: 40 a\u00f1os dando la nota","author":"Tomajazz","date":"12 febrero, 2010","format":false,"excerpt":"El pasado 2009 se cumpli\u00f3 el 40 aniversario de la especialidad en Jazz del New England Conservatory. Fue en su centenario, en 1967, cuando el m\u00fasico y te\u00f3rico del jazz Gunther Schuller, presidente reci\u00e9n elegido del conservatorio, impuls\u00f3 la creaci\u00f3n de los estudios de jazz en el seno de esta\u2026","rel":"","context":"En \u00abGrabaciones...\u00bb","block_context":{"text":"Grabaciones...","link":"https:\/\/tomajazz.com\/web\/category\/contenidos\/textos\/grabaciones\/"},"img":{"alt_text":"","src":"","width":0,"height":0},"classes":[]},{"id":11042,"url":"https:\/\/tomajazz.com\/web\/charles-mingus-un-encuentro-en-londres-1971\/","url_meta":{"origin":64081,"position":5},"title":"Charles Mingus: un encuentro en Londres (1971) [Entrevista de jazz]","author":"Tomajazz","date":"18 mayo, 2003","format":false,"excerpt":"En 1971 la revista tuvo la oportunidad de entrevistar a Charles Mingus. Con unos d\u00edas de diferencia, dos colaboradores de Jazz Magazine se dan cita con el mismo Charles Mingus. \u00bfEl mismo? Uno no puede estar realmente seguro... Primer encuentro, en Londres, con Mike Hennessey.","rel":"","context":"En \u00abA Fondo\u00bb","block_context":{"text":"A Fondo","link":"https:\/\/tomajazz.com\/web\/category\/contenidos\/afondo\/"},"img":{"alt_text":"Charles Mingus. Bi Centenial, Lower Manhattan. 1976-07-04. Photo by Tom Marcello","src":"https:\/\/i0.wp.com\/tomajazz.com\/web\/wp-content\/uploads\/2014\/03\/Minugs_1976.jpg?resize=350%2C200&ssl=1","width":350,"height":200},"classes":[]}],"_links":{"self":[{"href":"https:\/\/tomajazz.com\/web\/wp-json\/wp\/v2\/posts\/64081","targetHints":{"allow":["GET"]}}],"collection":[{"href":"https:\/\/tomajazz.com\/web\/wp-json\/wp\/v2\/posts"}],"about":[{"href":"https:\/\/tomajazz.com\/web\/wp-json\/wp\/v2\/types\/post"}],"author":[{"embeddable":true,"href":"https:\/\/tomajazz.com\/web\/wp-json\/wp\/v2\/users\/1"}],"replies":[{"embeddable":true,"href":"https:\/\/tomajazz.com\/web\/wp-json\/wp\/v2\/comments?post=64081"}],"version-history":[{"count":7,"href":"https:\/\/tomajazz.com\/web\/wp-json\/wp\/v2\/posts\/64081\/revisions"}],"predecessor-version":[{"id":64091,"href":"https:\/\/tomajazz.com\/web\/wp-json\/wp\/v2\/posts\/64081\/revisions\/64091"}],"wp:featuredmedia":[{"embeddable":true,"href":"https:\/\/tomajazz.com\/web\/wp-json\/wp\/v2\/media\/64083"}],"wp:attachment":[{"href":"https:\/\/tomajazz.com\/web\/wp-json\/wp\/v2\/media?parent=64081"}],"wp:term":[{"taxonomy":"category","embeddable":true,"href":"https:\/\/tomajazz.com\/web\/wp-json\/wp\/v2\/categories?post=64081"},{"taxonomy":"post_tag","embeddable":true,"href":"https:\/\/tomajazz.com\/web\/wp-json\/wp\/v2\/tags?post=64081"}],"curies":[{"name":"wp","href":"https:\/\/api.w.org\/{rel}","templated":true}]}}