{"id":64094,"date":"2022-06-16T10:00:00","date_gmt":"2022-06-16T08:00:00","guid":{"rendered":"https:\/\/www.tomajazz.com\/web\/?p=64094"},"modified":"2024-10-09T20:50:01","modified_gmt":"2024-10-09T18:50:01","slug":"universos-paralelos-emision-16-de-junio-de-2022-t-27-p-35-noticias-de-jazz","status":"publish","type":"post","link":"https:\/\/tomajazz.com\/web\/universos-paralelos-emision-16-de-junio-de-2022-t-27-p-35-noticias-de-jazz\/","title":{"rendered":"Universos Paralelos: emisi\u00f3n 16 de junio de 2022 (T.27 P.35) [Noticias de jazz]"},"content":{"rendered":"<blockquote>\n<p style=\"padding-left: 120px;\"><strong>25+1+1 temporadas en el aire<\/strong> (y unos pocos en la red)&#8230; \u00a1y seguimos descubriendo buena m\u00fasica!<\/p>\n<\/blockquote>\n<div><img loading=\"lazy\" decoding=\"async\" class=\"alignleft wp-image-63402 size-medium\" src=\"https:\/\/tomajazz.com\/web\/wp-content\/uploads\/2022\/05\/Juan-Saiz-Pindio-II-Leo-Records-2022-200x200.jpg\" alt=\"Juan Saiz Pindio II (Leo Records, 2022) Juan Saiz Pindio II (Leo Records, 2022) Por Carlos Lara [Grabaci\u00f3n de jazz]\" width=\"200\" height=\"200\" title=\"\" srcset=\"https:\/\/tomajazz.com\/web\/wp-content\/uploads\/2022\/05\/Juan-Saiz-Pindio-II-Leo-Records-2022-200x200.jpg 200w, https:\/\/tomajazz.com\/web\/wp-content\/uploads\/2022\/05\/Juan-Saiz-Pindio-II-Leo-Records-2022.jpg 600w, https:\/\/tomajazz.com\/web\/wp-content\/uploads\/2022\/05\/Juan-Saiz-Pindio-II-Leo-Records-2022-150x150.jpg 150w, https:\/\/tomajazz.com\/web\/wp-content\/uploads\/2022\/05\/Juan-Saiz-Pindio-II-Leo-Records-2022-465x465.jpg 465w, https:\/\/tomajazz.com\/web\/wp-content\/uploads\/2022\/05\/Juan-Saiz-Pindio-II-Leo-Records-2022-500x500.jpg 500w\" sizes=\"auto, (max-width: 200px) 100vw, 200px\" \/>Ya est\u00e1 disponible una nueva emisi\u00f3n de Universos Paralelos, el programa de radio dirigido por <strong>Sergio Cabanillas<\/strong>.<\/div>\n<div>\n<p>En la emisi\u00f3n del 16 de junio de 2022, con la temporada encarando su final, suenan: Soft Ffog, Juan Saiz, Teis Semey, Ennio Pinillos, Galumphing.<\/p>\n<p>Disponible en <a href=\"https:\/\/universosparalelosradioshow.blogspot.com\/2022\/06\/emision-16062022.html\" target=\"_blank\" rel=\"noopener\">universosparalelosradioshow.blogspot.com.es<\/a><\/p>\n<\/div>\n<div style=\"text-align: right;\">\n<p>\u00a9 <strong>Tomajazz<\/strong>, 2022<\/p>\n<\/div>\n<h4>Escucha el \u00faltimo programa de Universos Paralelos<\/h4>\n<p><a href=\"https:\/\/universosparalelosradioshow.blogspot.com\/2022\/06\/emision-16062022.html\" target=\"_blank\" rel=\"noopener\">https:\/\/universosparalelosradioshow.blogspot.com<\/a><\/p>\n<h4 style=\"text-align: left;\">Anteriormente&#8230; hace casi un a\u00f1o en Universos Paralelos&#8230;<\/h4>\n<blockquote class=\"wp-embedded-content\" data-secret=\"IfUYhqMSRo\"><p><a href=\"https:\/\/tomajazz.com\/web\/universos-paralelos-emision-16-de-marzo-de-2022-t-27-p-24-noticias-de-jazz\/\">Universos Paralelos: emisi\u00f3n 16 de marzo de 2022 (T.27 P.25) [Noticias de jazz]<\/a><\/p><\/blockquote>\n<p><iframe loading=\"lazy\" class=\"wp-embedded-content\" sandbox=\"allow-scripts\" security=\"restricted\" style=\"position: absolute; visibility: hidden;\" title=\"\u00abUniversos Paralelos: emisi\u00f3n 16 de marzo de 2022 (T.27 P.25) [Noticias de jazz]\u00bb \u2014 Tomajazz\" src=\"https:\/\/tomajazz.com\/web\/universos-paralelos-emision-16-de-marzo-de-2022-t-27-p-24-noticias-de-jazz\/embed\/#?secret=ffBvfFVleO#?secret=IfUYhqMSRo\" data-secret=\"IfUYhqMSRo\" width=\"600\" height=\"338\" frameborder=\"0\" marginwidth=\"0\" marginheight=\"0\" scrolling=\"no\"><\/iframe><\/p>\n<h4 style=\"text-align: left;\">Universos Paralelos en Telegram<\/h4>\n<div style=\"text-align: left;\">\u00a1Novedad! Para estar al tanto en primicia de sus nuevos contenidos, <strong>Universos Paralelos<\/strong> ha puesto a disposici\u00f3n de los seguidores del programa un canal de Telegram en <a href=\"https:\/\/universosparalelosradioshow.blogspot.com\/2021\/10\/emision-04102021.html\" target=\"_blank\" rel=\"noopener\">https:\/\/t.me\/universosparalelosradioshow<\/a><\/div>\n<h4 style=\"text-align: left;\">M\u00e1s informaci\u00f3n sobre <strong>Universos Paralelos<\/strong><\/h4>\n<p style=\"text-align: left;\"><a href=\"https:\/\/universosparalelosradioshow.blogspot.com\/\" target=\"_blank\" rel=\"noopener\">https:\/\/universosparalelosradioshow.blogspot.com\/<\/a><\/p>\n<h4 style=\"text-align: left;\">Sergio Cabanillas en Tomajazz<\/h4>\n<p style=\"text-align: left;\"><a href=\"https:\/\/tomajazz.com\/web\/?s=Sergio+cabanillas&amp;submit=Search\" target=\"_blank\" rel=\"noopener\">https:\/\/tomajazz.com\/web\/?s=Sergio+cabanillas&amp;submit=Search<\/a><\/p>\n<p>&nbsp;<\/p>\n","protected":false},"excerpt":{"rendered":"<p>Ya est\u00e1 disponible la edici\u00f3n del 16 de junio de 2022 de Universos Paralelos. El disco destacado es Pindio II (Leo Records, 2022) de Juan Saiz. <\/p>\n<p>Universos Paralelos es un programa de radio de Sergio Cabanillas. <span class=\"more-link\"><a href=\"https:\/\/tomajazz.com\/web\/universos-paralelos-emision-16-de-junio-de-2022-t-27-p-35-noticias-de-jazz\/\">Contin\u00faa leyendo<\/a><\/span><\/p>\n","protected":false},"author":1,"featured_media":63402,"comment_status":"open","ping_status":"closed","sticky":false,"template":"","format":"standard","meta":{"jetpack_post_was_ever_published":false,"_jetpack_newsletter_access":"","_jetpack_dont_email_post_to_subs":false,"_jetpack_newsletter_tier_id":0,"_jetpack_memberships_contains_paywalled_content":false,"_jetpack_memberships_contains_paid_content":false,"footnotes":""},"categories":[15795,17858,1038,31550],"tags":[187,7664],"class_list":["entry","author-pachi","has-excerpt","post-64094","post","type-post","status-publish","format-standard","has-post-thumbnail","category-noticias-2","category-redaccion","category-contenidos","category-universos-paralelos-up","tag-sergio-cabanillas","tag-universos-paralelos"],"jetpack_featured_media_url":"https:\/\/tomajazz.com\/web\/wp-content\/uploads\/2022\/05\/Juan-Saiz-Pindio-II-Leo-Records-2022.jpg","jetpack_likes_enabled":true,"jetpack_sharing_enabled":true,"jetpack-related-posts":[{"id":104496,"url":"https:\/\/tomajazz.com\/web\/universos-paralelos-t31-p22-2025-26\/","url_meta":{"origin":64094,"position":0},"title":"Universos Paralelos: emisi\u00f3n 19 de marzo de 2026 (UP.T.31 P.22) [Noticias de jazz]","author":"Tomajazz","date":"21 marzo, 2026","format":false,"excerpt":"Dwiki Dharmawan, V\u00edctor Ant\u00f3n, Lluc Casares, Tim Garland & Geoffrey Keezer, Ram\u00f3n Garc\u00eda Lara son algunos de los m\u00fasicos que visitan los Universos Paralelos de Sergio Cabanillas en su programa del 19 de marzo de 2026 #Noticiasdejazz","rel":"","context":"En \u00abUniversos Paralelos - UP\u00bb","block_context":{"text":"Universos Paralelos - UP","link":"https:\/\/tomajazz.com\/web\/category\/contenidos\/noticias-2\/universos-paralelos-up\/"},"img":{"alt_text":"Universos Paralelos: emisi\u00f3n 19 de marzo de 2026 (UP.T.31 P.22) [Noticias de jazz] - Tomajazz - Dwiki Dharmawan, V\u00edctor Ant\u00f3n, Lluc Casares, Tim Garland & Geoffrey Keezer, Ram\u00f3n Garc\u00eda Lara son algunos de los m\u00fasicos que visitan los Universos Paralelos de Sergio Cabanillas en su programa del 19 de marzo de 2026 #Noticiasdejazz","src":"https:\/\/i0.wp.com\/tomajazz.com\/web\/wp-content\/uploads\/2026\/03\/destacada-Victor-Anton-Nudos-1080.jpg?resize=350%2C200&ssl=1","width":350,"height":200,"srcset":"https:\/\/i0.wp.com\/tomajazz.com\/web\/wp-content\/uploads\/2026\/03\/destacada-Victor-Anton-Nudos-1080.jpg?resize=350%2C200&ssl=1 1x, https:\/\/i0.wp.com\/tomajazz.com\/web\/wp-content\/uploads\/2026\/03\/destacada-Victor-Anton-Nudos-1080.jpg?resize=525%2C300&ssl=1 1.5x, https:\/\/i0.wp.com\/tomajazz.com\/web\/wp-content\/uploads\/2026\/03\/destacada-Victor-Anton-Nudos-1080.jpg?resize=700%2C400&ssl=1 2x"},"classes":[]},{"id":101719,"url":"https:\/\/tomajazz.com\/web\/universos-paralelos-t31-p09-2025-26\/","url_meta":{"origin":64094,"position":1},"title":"Universos Paralelos: emisi\u00f3n 13 de noviembre de 2025 (UP.T.31 P.09) [Noticias de jazz]","author":"Tomajazz","date":"13 noviembre, 2025","format":false,"excerpt":"En el segundo programa del mes de noviembre de 2025 los Universos Paralelos de Sergio Cabanillas, suena m\u00fasica de Jos\u00e9 Recacha, Simon Phillips \/ Antony Papamichael \/ Jimmy Haslip, Cuarteto Fuerte, Miguel Rodrigues, Third Coast Percussion #Noticiasdejazz","rel":"","context":"En \u00abUniversos Paralelos - UP\u00bb","block_context":{"text":"Universos Paralelos - UP","link":"https:\/\/tomajazz.com\/web\/category\/contenidos\/noticias-2\/universos-paralelos-up\/"},"img":{"alt_text":"Universos Paralelos: emisi\u00f3n 13 de noviembre de 2025 (UP.T.31 P.09) [Noticias de jazz] - Tomajazz - En el segundo programa del mes de noviembre de los Universos Paralelos de Sergio Cabanillas, suena m\u00fasica de Jos\u00e9 Recacha, Simon Phillips \/ Antony Papamichael \/ Jimmy Haslip, Cuarteto Fuerte, Miguel Rodrigues, Third Coast Percussion #Noticiasdejazz","src":"https:\/\/i0.wp.com\/tomajazz.com\/web\/wp-content\/uploads\/2025\/11\/destacada-Jose-Recacha-Aristolochia-1080.jpg?resize=350%2C200&ssl=1","width":350,"height":200,"srcset":"https:\/\/i0.wp.com\/tomajazz.com\/web\/wp-content\/uploads\/2025\/11\/destacada-Jose-Recacha-Aristolochia-1080.jpg?resize=350%2C200&ssl=1 1x, https:\/\/i0.wp.com\/tomajazz.com\/web\/wp-content\/uploads\/2025\/11\/destacada-Jose-Recacha-Aristolochia-1080.jpg?resize=525%2C300&ssl=1 1.5x, https:\/\/i0.wp.com\/tomajazz.com\/web\/wp-content\/uploads\/2025\/11\/destacada-Jose-Recacha-Aristolochia-1080.jpg?resize=700%2C400&ssl=1 2x"},"classes":[]},{"id":104808,"url":"https:\/\/tomajazz.com\/web\/universos-paralelos-t31-p24-2025-26\/","url_meta":{"origin":64094,"position":2},"title":"Universos Paralelos: emisi\u00f3n 9 de abril de 2026 (UP.T.31 P.24) [Noticias de jazz]","author":"Tomajazz","date":"9 abril, 2026","format":false,"excerpt":"En el programa del 9 de abril de 2026 de Universos Paralelos - UP, Sergio Cabanillas selecciona m\u00fasica de las nuevas grabaciones de Hugo Fern\u00e1ndez, Diego Pi\u00f1era 4+4, Ben Wendel, Miguel \u00c2ngelo Trio, Sumrr\u00e1, Pocket Corner.","rel":"","context":"En \u00abUniversos Paralelos - UP\u00bb","block_context":{"text":"Universos Paralelos - UP","link":"https:\/\/tomajazz.com\/web\/category\/contenidos\/noticias-2\/universos-paralelos-up\/"},"img":{"alt_text":"Universos Paralelos: emisi\u00f3n 9 de abril de 2026 (UP.T.31 P.24) [Noticias de jazz] - Tomajazz - En el programa del 9 de abril de 2026 de Universos Paralelos - UP, Sergio Cabanillas selecciona m\u00fasica de las nuevas grabaciones de Hugo Fern\u00e1ndez, Diego Pi\u00f1era 4+4, Ben Wendel, Miguel \u00c2ngelo Trio, Sumrr\u00e1, Pocket Corner.","src":"https:\/\/i0.wp.com\/tomajazz.com\/web\/wp-content\/uploads\/2026\/04\/destacada-02-Hugo-Fernandez-Rivermind-1080.jpg?resize=350%2C200&ssl=1","width":350,"height":200,"srcset":"https:\/\/i0.wp.com\/tomajazz.com\/web\/wp-content\/uploads\/2026\/04\/destacada-02-Hugo-Fernandez-Rivermind-1080.jpg?resize=350%2C200&ssl=1 1x, https:\/\/i0.wp.com\/tomajazz.com\/web\/wp-content\/uploads\/2026\/04\/destacada-02-Hugo-Fernandez-Rivermind-1080.jpg?resize=525%2C300&ssl=1 1.5x, https:\/\/i0.wp.com\/tomajazz.com\/web\/wp-content\/uploads\/2026\/04\/destacada-02-Hugo-Fernandez-Rivermind-1080.jpg?resize=700%2C400&ssl=1 2x"},"classes":[]},{"id":102754,"url":"https:\/\/tomajazz.com\/web\/universos-paralelos-t31-p13-2025-26\/","url_meta":{"origin":64094,"position":3},"title":"Universos Paralelos: emisi\u00f3n 11 de diciembre de 2025 (UP.T.31 P.12+1) [Noticias de jazz]","author":"Tomajazz","date":"11 diciembre, 2025","format":false,"excerpt":"Universos Paralelos de Sergio Cabanillas del 11 de diciembre de 2025. Portada lo nuevo de Emma Rawicz... y mucho m\u00e1s... #Noticiasdejazz","rel":"","context":"En \u00ab*_Redacci\u00f3n\u00bb","block_context":{"text":"*_Redacci\u00f3n","link":"https:\/\/tomajazz.com\/web\/category\/redaccion\/"},"img":{"alt_text":"Universos Paralelos: emisi\u00f3n 11 de diciembre de 2025 (UP.T.31 P.12+1) [Noticias de jazz] - Tomajazz - Universos Paralelos de Sergio Cabanillas del 11 de diciembre de 2025. Portada lo nuevo de Emma Rawicz... y mucho m\u00e1s... #Noticiasdejazz","src":"https:\/\/i0.wp.com\/tomajazz.com\/web\/wp-content\/uploads\/2025\/12\/destadado-Emma-Rawicz-Inkyra-UP-Noticias-Tomajazz.jpg?resize=350%2C200&ssl=1","width":350,"height":200,"srcset":"https:\/\/i0.wp.com\/tomajazz.com\/web\/wp-content\/uploads\/2025\/12\/destadado-Emma-Rawicz-Inkyra-UP-Noticias-Tomajazz.jpg?resize=350%2C200&ssl=1 1x, https:\/\/i0.wp.com\/tomajazz.com\/web\/wp-content\/uploads\/2025\/12\/destadado-Emma-Rawicz-Inkyra-UP-Noticias-Tomajazz.jpg?resize=525%2C300&ssl=1 1.5x, https:\/\/i0.wp.com\/tomajazz.com\/web\/wp-content\/uploads\/2025\/12\/destadado-Emma-Rawicz-Inkyra-UP-Noticias-Tomajazz.jpg?resize=700%2C400&ssl=1 2x"},"classes":[]},{"id":103987,"url":"https:\/\/tomajazz.com\/web\/universos-paralelos-t31-p17-2025-26\/","url_meta":{"origin":64094,"position":4},"title":"Universos Paralelos: emisi\u00f3n 12 de febrero de 2026 (UP.T.31 P.17) [Noticias de jazz]","author":"Tomajazz","date":"12 febrero, 2026","format":false,"excerpt":"Universos Paralelos. Emisi\u00f3n del 12 de febrero de 2026. Sergio Cabanillas selecciona y comenta m\u00fasicas de Eelco Van Zanten, Cuarteto Fuerte, Rai Castells, Weber \/ Morris Big Band, Josep Llu\u00eds Galiana #Noticiasdejazz","rel":"","context":"En \u00abUniversos Paralelos - UP\u00bb","block_context":{"text":"Universos Paralelos - UP","link":"https:\/\/tomajazz.com\/web\/category\/contenidos\/noticias-2\/universos-paralelos-up\/"},"img":{"alt_text":"Universos Paralelos: emisi\u00f3n 12 de febrero de 2026 (UP.T.31 P.17) [Noticias de jazz] - Tomajazz - Universos Paralelos. Emisi\u00f3n del 12 de febrero de 2026. Sergio Cabanillas selecciona y comenta m\u00fasicas de Eelco Van Zanten, Cuarteto Fuerte, Rai Castells, Weber \/ Morris Big Band, Josep Llu\u00eds Galiana #Noticiasdejazz","src":"https:\/\/i0.wp.com\/tomajazz.com\/web\/wp-content\/uploads\/2026\/02\/destacada-Rai-Castells-Shifting-1080.jpg?resize=350%2C200&ssl=1","width":350,"height":200,"srcset":"https:\/\/i0.wp.com\/tomajazz.com\/web\/wp-content\/uploads\/2026\/02\/destacada-Rai-Castells-Shifting-1080.jpg?resize=350%2C200&ssl=1 1x, https:\/\/i0.wp.com\/tomajazz.com\/web\/wp-content\/uploads\/2026\/02\/destacada-Rai-Castells-Shifting-1080.jpg?resize=525%2C300&ssl=1 1.5x, https:\/\/i0.wp.com\/tomajazz.com\/web\/wp-content\/uploads\/2026\/02\/destacada-Rai-Castells-Shifting-1080.jpg?resize=700%2C400&ssl=1 2x"},"classes":[]},{"id":105026,"url":"https:\/\/tomajazz.com\/web\/universos-paralelos-up-t31-p25-2025-26\/","url_meta":{"origin":64094,"position":5},"title":"Universos Paralelos: emisi\u00f3n 16 de abril de 2026 (UP.T.31 P.25) [Noticias de jazz]","author":"Tomajazz","date":"22 abril, 2026","format":false,"excerpt":"En Universos Paralelos del 16 de abril de 2026, Sergio Cabanillas elige lo nuevo de V\u00edctor de Diego como disco de portada. Adem\u00e1s suena m\u00fasica de Juzz, Rai Castells, Manuel \u00c1lvarez Trio, Baptiste Bailly \/ Matthew Baker \/ Efr\u00e9n L\u00f3pez #Noticiasdejazz","rel":"","context":"En \u00ab*_Redacci\u00f3n\u00bb","block_context":{"text":"*_Redacci\u00f3n","link":"https:\/\/tomajazz.com\/web\/category\/redaccion\/"},"img":{"alt_text":"Universos Paralelos: emisi\u00f3n 16 de abril de 2026 (UP.T.31 P.25) [Noticias de jazz] - Tomajazz - En Universos Paralelos del 16 de abril de 2026, Sergio Cabanillas elige lo nuevo de V\u00edctor de Diego como disco de portada. Adem\u00e1s suena m\u00fasica de Juzz, Rai Castells, Manuel \u00c1lvarez Trio, Baptiste Bailly \/ Matthew Baker \/ Efr\u00e9n L\u00f3pez #Noticiasdejazz","src":"https:\/\/i0.wp.com\/tomajazz.com\/web\/wp-content\/uploads\/2026\/04\/portada-Victor-De-Diego-Haize-1080.jpg?resize=350%2C200&ssl=1","width":350,"height":200,"srcset":"https:\/\/i0.wp.com\/tomajazz.com\/web\/wp-content\/uploads\/2026\/04\/portada-Victor-De-Diego-Haize-1080.jpg?resize=350%2C200&ssl=1 1x, https:\/\/i0.wp.com\/tomajazz.com\/web\/wp-content\/uploads\/2026\/04\/portada-Victor-De-Diego-Haize-1080.jpg?resize=525%2C300&ssl=1 1.5x, https:\/\/i0.wp.com\/tomajazz.com\/web\/wp-content\/uploads\/2026\/04\/portada-Victor-De-Diego-Haize-1080.jpg?resize=700%2C400&ssl=1 2x"},"classes":[]}],"_links":{"self":[{"href":"https:\/\/tomajazz.com\/web\/wp-json\/wp\/v2\/posts\/64094","targetHints":{"allow":["GET"]}}],"collection":[{"href":"https:\/\/tomajazz.com\/web\/wp-json\/wp\/v2\/posts"}],"about":[{"href":"https:\/\/tomajazz.com\/web\/wp-json\/wp\/v2\/types\/post"}],"author":[{"embeddable":true,"href":"https:\/\/tomajazz.com\/web\/wp-json\/wp\/v2\/users\/1"}],"replies":[{"embeddable":true,"href":"https:\/\/tomajazz.com\/web\/wp-json\/wp\/v2\/comments?post=64094"}],"version-history":[{"count":3,"href":"https:\/\/tomajazz.com\/web\/wp-json\/wp\/v2\/posts\/64094\/revisions"}],"predecessor-version":[{"id":64097,"href":"https:\/\/tomajazz.com\/web\/wp-json\/wp\/v2\/posts\/64094\/revisions\/64097"}],"wp:featuredmedia":[{"embeddable":true,"href":"https:\/\/tomajazz.com\/web\/wp-json\/wp\/v2\/media\/63402"}],"wp:attachment":[{"href":"https:\/\/tomajazz.com\/web\/wp-json\/wp\/v2\/media?parent=64094"}],"wp:term":[{"taxonomy":"category","embeddable":true,"href":"https:\/\/tomajazz.com\/web\/wp-json\/wp\/v2\/categories?post=64094"},{"taxonomy":"post_tag","embeddable":true,"href":"https:\/\/tomajazz.com\/web\/wp-json\/wp\/v2\/tags?post=64094"}],"curies":[{"name":"wp","href":"https:\/\/api.w.org\/{rel}","templated":true}]}}