{"id":64315,"date":"2022-06-29T18:00:55","date_gmt":"2022-06-29T16:00:55","guid":{"rendered":"https:\/\/www.tomajazz.com\/web\/?p=64315"},"modified":"2022-06-28T21:05:51","modified_gmt":"2022-06-28T19:05:51","slug":"ralph-burns-jazzx5-centennial-510-por-pachi-tapiz-minipodcast-de-jazz","status":"publish","type":"post","link":"https:\/\/tomajazz.com\/web\/ralph-burns-jazzx5-centennial-510-por-pachi-tapiz-minipodcast-de-jazz\/","title":{"rendered":"Ralph Burns. JazzX5 Centennial #510 Por Pachi Tapiz [Minipodcast de jazz]"},"content":{"rendered":"<p><img loading=\"lazy\" decoding=\"async\" class=\"size-full wp-image-64316 alignleft\" src=\"https:\/\/tomajazz.com\/web\/wp-content\/uploads\/2022\/06\/Woody-Herman-Complete-Columbia-Recordings-1945-1947WEB.jpg\" alt=\"\" width=\"200\" height=\"200\" title=\"\" srcset=\"https:\/\/tomajazz.com\/web\/wp-content\/uploads\/2022\/06\/Woody-Herman-Complete-Columbia-Recordings-1945-1947WEB.jpg 200w, https:\/\/tomajazz.com\/web\/wp-content\/uploads\/2022\/06\/Woody-Herman-Complete-Columbia-Recordings-1945-1947WEB-150x150.jpg 150w\" sizes=\"auto, (max-width: 200px) 100vw, 200px\" \/>\u00abCaldonia\u00bb<strong><br \/>\n<\/strong><em>The Complete Columbia Recordings of Woody Herman And His Orchestra &amp; Woodchoppers (1945-1947)\u00a0<\/em>(Mosaic Records)<br \/>\nRalph Burns arreglos y piano. Adem\u00e1s, intervinieron Woody Herman, Pete Candoli, John LaPorta, Flip Phillips, Pete Mondello, Billy Bauer, Chubby Jackson entre otros. Grabado en 1945.<\/p>\n<h4>\u00bfSab\u00edas que?<\/h4>\n<p><b>Ralph Burns\u00a0<\/b>naci\u00f3 el 29 de junio de 1922 en Newton, Massachusetts.<\/p>\n<p>Comienza sus estudios de piano a los siete a\u00f1os. Entre 1938 y 1939 estudi\u00f3 en el New England Conservatory of Music.<\/p>\n<p>En 1940 ingresa en la orquesta de Nick Jerret y posteriomente en la de Charlie Barnet. Para este \u00faltimo arregla composiciones de Duke Ellington y tambi\u00e9n realiza los arreglos de su primera grabaci\u00f3n,\u00a0<em>The Moose<\/em>, en 1943.<\/p>\n<p>A continuaci\u00f3n permanece con la orquesta de Red Norvo, antes de ingresar en la orquesta de Woody Herman en 1944 en primer lugar como pianista, y m\u00e1s adelante como arreglista.<\/p>\n<p>A partir de 1955 se dedica casi exclusivamente a la composici\u00f3n y arreglos para radio, televisi\u00f3n y cine. Combinar\u00e1 este trabajo con algunas grabaciones a su nombre, entre las que destacan algunas con secciones de cuerdas.<\/p>\n<p>En 1965 vuelve a colaborar con Woody Herman.<\/p>\n<p>Uno de sus trabajos jazz\u00edsticos fue la banda sonora de <em>New York, New York<\/em> de Martin Scorsese. En 1979 cre\u00f3 la banda sonora de\u00a0<em>All That Jazz\u00a0<\/em>por la que recibi\u00f3 un premio Oscar. Por su trabajo en otras pel\u00edculas como\u00a0<em>Bananas<\/em>,\u00a0<em>Cabaret, Lenny<\/em>,\u00a0<em>Annie<\/em> o\u00a0<em>Cowboy de ciudad<\/em> recibi\u00f3 nominaciones y gan\u00f3 los premios Oscar, Grammy, Tonya los premios Oscar y a los Grammy.<\/p>\n<p>Falleci\u00f3 en 2001.<\/p>\n<p style=\"text-align: right;\">\u00a9 <strong>Pachi Tapiz<\/strong>, 2022<\/p>\n<h4>Escuchar Woody Herman con Ralph Burns <em>The Complete Columbia Recordings of Woody Herman And His Orchestra &amp; Woodchoppers (1945-1947)<\/em>: \u00abCaldonia\u00bb<\/h4>\n<p><iframe src=\"https:\/\/www.ivoox.com\/player_ej_89108921_6_1.html?c1=444444\" width=\"100%\" height=\"200\" frameborder=\"0\" allowfullscreen=\"\" scrolling=\"no\" loading=\"lazy\"><\/iframe><\/p>\n<h4>M\u00e1s informaci\u00f3n sobre Ralph Burns<\/h4>\n<p><a href=\"https:\/\/en.wikipedia.org\/wiki\/Ralph_Burns\" target=\"_blank\" rel=\"noopener\">https:\/\/en.wikipedia.org\/wiki\/Ralph_Burns<\/a><\/p>\n<p><a href=\"https:\/\/tomajazz.com\/web\/?s=ralph+burns&amp;submit=Search\" target=\"_blank\" rel=\"noopener\">https:\/\/tomajazz.com\/web\/?s=ralph+burns&amp;submit=Search<\/a><\/p>\n<h4>En anteriores episodios de JazzX5 \/ HDO \/ LODLMA \/ Maltidos Jazztardos \/ Tomajazz Remembers \/JazzX5 Centennial\u2026<\/h4>\n<blockquote class=\"wp-embedded-content\" data-secret=\"tETpvcQ7dV\"><p><a href=\"https:\/\/tomajazz.com\/web\/manny-albam-jazzx5-centennial-509-por-pachi-tapiz-minipodcast-de-jazz\/\">Manny Albam. JazzX5 Centennial #509 Por Pachi Tapiz [Minipodcast de jazz]<\/a><\/p><\/blockquote>\n<p><iframe loading=\"lazy\" class=\"wp-embedded-content\" sandbox=\"allow-scripts\" security=\"restricted\" style=\"position: absolute; visibility: hidden;\" title=\"\u00abManny Albam. JazzX5 Centennial #509 Por Pachi Tapiz [Minipodcast de jazz]\u00bb \u2014 Tomajazz\" src=\"https:\/\/tomajazz.com\/web\/manny-albam-jazzx5-centennial-509-por-pachi-tapiz-minipodcast-de-jazz\/embed\/#?secret=25AkgSp972#?secret=tETpvcQ7dV\" data-secret=\"tETpvcQ7dV\" width=\"600\" height=\"338\" frameborder=\"0\" marginwidth=\"0\" marginheight=\"0\" scrolling=\"no\"><\/iframe><\/p>\n<blockquote class=\"wp-embedded-content\" data-secret=\"YUg8O5U7w3\"><p><a href=\"https:\/\/tomajazz.com\/web\/jaki-byard-jazzx5-centennial-508-por-pachi-tapiz-minipodcast-de-jazz\/\">Jaki Byard. JazzX5 Centennial #508 Por Pachi Tapiz [Minipodcast de jazz]<\/a><\/p><\/blockquote>\n<p><iframe loading=\"lazy\" class=\"wp-embedded-content\" sandbox=\"allow-scripts\" security=\"restricted\" style=\"position: absolute; visibility: hidden;\" title=\"\u00abJaki Byard. JazzX5 Centennial #508 Por Pachi Tapiz [Minipodcast de jazz]\u00bb \u2014 Tomajazz\" src=\"https:\/\/tomajazz.com\/web\/jaki-byard-jazzx5-centennial-508-por-pachi-tapiz-minipodcast-de-jazz\/embed\/#?secret=RMCGc3P9ja#?secret=YUg8O5U7w3\" data-secret=\"YUg8O5U7w3\" width=\"600\" height=\"338\" frameborder=\"0\" marginwidth=\"0\" marginheight=\"0\" scrolling=\"no\"><\/iframe><\/p>\n<blockquote class=\"wp-embedded-content\" data-secret=\"LgNLKCtgI6\"><p><a href=\"https:\/\/tomajazz.com\/web\/kai-winding-jazzx5-centennial-500-por-pachi-tapiz-minipodcast-de-jazz\/\">Kai Winding. JazzX5 Centennial #500 Por Pachi Tapiz [Minipodcast de jazz]<\/a><\/p><\/blockquote>\n<p><iframe loading=\"lazy\" class=\"wp-embedded-content\" sandbox=\"allow-scripts\" security=\"restricted\" style=\"position: absolute; visibility: hidden;\" title=\"\u00abKai Winding. JazzX5 Centennial #500 Por Pachi Tapiz [Minipodcast de jazz]\u00bb \u2014 Tomajazz\" src=\"https:\/\/tomajazz.com\/web\/kai-winding-jazzx5-centennial-500-por-pachi-tapiz-minipodcast-de-jazz\/embed\/#?secret=BjX2Ys4a7T#?secret=LgNLKCtgI6\" data-secret=\"LgNLKCtgI6\" width=\"600\" height=\"338\" frameborder=\"0\" marginwidth=\"0\" marginheight=\"0\" scrolling=\"no\"><\/iframe><\/p>\n<blockquote class=\"wp-embedded-content\" data-secret=\"BtWTFSNOxX\"><p><a href=\"https:\/\/tomajazz.com\/web\/toots-thielemans-jazzx5-centennial-493-por-pachi-tapiz-minipodcast-de-jazz\/\">Toots Thielemans. JazzX5 Centennial #493 Por Pachi Tapiz [Minipodcast de jazz]<\/a><\/p><\/blockquote>\n<p><iframe loading=\"lazy\" class=\"wp-embedded-content\" sandbox=\"allow-scripts\" security=\"restricted\" style=\"position: absolute; visibility: hidden;\" title=\"\u00abToots Thielemans. JazzX5 Centennial #493 Por Pachi Tapiz [Minipodcast de jazz]\u00bb \u2014 Tomajazz\" src=\"https:\/\/tomajazz.com\/web\/toots-thielemans-jazzx5-centennial-493-por-pachi-tapiz-minipodcast-de-jazz\/embed\/#?secret=6JOBJMpkhW#?secret=BtWTFSNOxX\" data-secret=\"BtWTFSNOxX\" width=\"600\" height=\"338\" frameborder=\"0\" marginwidth=\"0\" marginheight=\"0\" scrolling=\"no\"><\/iframe><\/p>\n<blockquote class=\"wp-embedded-content\" data-secret=\"MjUXyujRZA\"><p><a href=\"https:\/\/tomajazz.com\/web\/aaron-bell-jazzx5-centennial-488-por-pachi-tapiz-minipodcast-de-jazz\/\">Aaron Bell. JazzX5 Centennial #488 Por Pachi Tapiz [Minipodcast de Jazz]<\/a><\/p><\/blockquote>\n<p><iframe loading=\"lazy\" class=\"wp-embedded-content\" sandbox=\"allow-scripts\" security=\"restricted\" style=\"position: absolute; visibility: hidden;\" title=\"\u00abAaron Bell. JazzX5 Centennial #488 Por Pachi Tapiz [Minipodcast de Jazz]\u00bb \u2014 Tomajazz\" src=\"https:\/\/tomajazz.com\/web\/aaron-bell-jazzx5-centennial-488-por-pachi-tapiz-minipodcast-de-jazz\/embed\/#?secret=oJAGEAZT6B#?secret=MjUXyujRZA\" data-secret=\"MjUXyujRZA\" width=\"600\" height=\"338\" frameborder=\"0\" marginwidth=\"0\" marginheight=\"0\" scrolling=\"no\"><\/iframe><\/p>\n<blockquote class=\"wp-embedded-content\" data-secret=\"8R0GVf9vfp\"><p><a href=\"https:\/\/tomajazz.com\/web\/charles-mingus-jazzx5-centennial-487-por-pachi-tapiz-minipodcast-de-jazz\/\">Charles Mingus. JazzX5 Centennial #487 Por Pachi Tapiz [Minipodcast de Jazz]<\/a><\/p><\/blockquote>\n<p><iframe loading=\"lazy\" class=\"wp-embedded-content\" sandbox=\"allow-scripts\" security=\"restricted\" style=\"position: absolute; visibility: hidden;\" title=\"\u00abCharles Mingus. JazzX5 Centennial #487 Por Pachi Tapiz [Minipodcast de Jazz]\u00bb \u2014 Tomajazz\" src=\"https:\/\/tomajazz.com\/web\/charles-mingus-jazzx5-centennial-487-por-pachi-tapiz-minipodcast-de-jazz\/embed\/#?secret=SagVEvTpPe#?secret=8R0GVf9vfp\" data-secret=\"8R0GVf9vfp\" width=\"600\" height=\"338\" frameborder=\"0\" marginwidth=\"0\" marginheight=\"0\" scrolling=\"no\"><\/iframe><\/p>\n<blockquote class=\"wp-embedded-content\" data-secret=\"nz4bm1e0Pq\"><p><a href=\"https:\/\/tomajazz.com\/web\/mundell-lowe-jazzx5-centennial-486-por-pachi-tapiz-minipodcast-de-jazz\/\">Mundell Lowe. JazzX5 Centennial #486 Por Pachi Tapiz [Minipodcast de Jazz]<\/a><\/p><\/blockquote>\n<p><iframe loading=\"lazy\" class=\"wp-embedded-content\" sandbox=\"allow-scripts\" security=\"restricted\" style=\"position: absolute; visibility: hidden;\" title=\"\u00abMundell Lowe. JazzX5 Centennial #486 Por Pachi Tapiz [Minipodcast de Jazz]\u00bb \u2014 Tomajazz\" src=\"https:\/\/tomajazz.com\/web\/mundell-lowe-jazzx5-centennial-486-por-pachi-tapiz-minipodcast-de-jazz\/embed\/#?secret=T1wi4KHG0p#?secret=nz4bm1e0Pq\" data-secret=\"nz4bm1e0Pq\" width=\"600\" height=\"338\" frameborder=\"0\" marginwidth=\"0\" marginheight=\"0\" scrolling=\"no\"><\/iframe><\/p>\n<blockquote class=\"wp-embedded-content\" data-secret=\"a6LWNBGPjL\"><p><a href=\"https:\/\/tomajazz.com\/web\/carmen-mcrae-jazzx5-centennial-477-por-pachi-tapiz-minipodcast-de-jazz\/\">Carmen McRae. JazzX5 Centennial #477 Por Pachi Tapiz [Minipodcast de Jazz]<\/a><\/p><\/blockquote>\n<p><iframe loading=\"lazy\" class=\"wp-embedded-content\" sandbox=\"allow-scripts\" security=\"restricted\" style=\"position: absolute; visibility: hidden;\" title=\"\u00abCarmen McRae. JazzX5 Centennial #477 Por Pachi Tapiz [Minipodcast de Jazz]\u00bb \u2014 Tomajazz\" src=\"https:\/\/tomajazz.com\/web\/carmen-mcrae-jazzx5-centennial-477-por-pachi-tapiz-minipodcast-de-jazz\/embed\/#?secret=9bbxLwod5X#?secret=a6LWNBGPjL\" data-secret=\"a6LWNBGPjL\" width=\"600\" height=\"338\" frameborder=\"0\" marginwidth=\"0\" marginheight=\"0\" scrolling=\"no\"><\/iframe><\/p>\n<blockquote class=\"wp-embedded-content\" data-secret=\"4lkq36XTdj\"><p><a href=\"https:\/\/tomajazz.com\/web\/duke-jordan-jazzx5-centennial-470-por-pachi-tapiz-minipodcast-de-jazz\/\">Duke Jordan. JazzX5 Centennial #470 Por Pachi Tapiz [Minipodcast de Jazz]<\/a><\/p><\/blockquote>\n<p><iframe loading=\"lazy\" class=\"wp-embedded-content\" sandbox=\"allow-scripts\" security=\"restricted\" style=\"position: absolute; visibility: hidden;\" title=\"\u00abDuke Jordan. JazzX5 Centennial #470 Por Pachi Tapiz [Minipodcast de Jazz]\u00bb \u2014 Tomajazz\" src=\"https:\/\/tomajazz.com\/web\/duke-jordan-jazzx5-centennial-470-por-pachi-tapiz-minipodcast-de-jazz\/embed\/#?secret=BlSwML7KA8#?secret=4lkq36XTdj\" data-secret=\"4lkq36XTdj\" width=\"600\" height=\"338\" frameborder=\"0\" marginwidth=\"0\" marginheight=\"0\" scrolling=\"no\"><\/iframe><\/p>\n<blockquote class=\"wp-embedded-content\" data-secret=\"bZi1tl4Ngq\"><p><a href=\"https:\/\/tomajazz.com\/web\/king-pleasure-jazzx5-centennial-462-por-pachi-tapiz-minipodcast-de-jazz\/\">King Pleasure. JazzX5 Centennial #462 Por Pachi Tapiz [Minipodcast de Jazz]<\/a><\/p><\/blockquote>\n<p><iframe loading=\"lazy\" class=\"wp-embedded-content\" sandbox=\"allow-scripts\" security=\"restricted\" style=\"position: absolute; visibility: hidden;\" title=\"\u00abKing Pleasure. JazzX5 Centennial #462 Por Pachi Tapiz [Minipodcast de Jazz]\u00bb \u2014 Tomajazz\" src=\"https:\/\/tomajazz.com\/web\/king-pleasure-jazzx5-centennial-462-por-pachi-tapiz-minipodcast-de-jazz\/embed\/#?secret=4BKQOXdSAA#?secret=bZi1tl4Ngq\" data-secret=\"bZi1tl4Ngq\" width=\"600\" height=\"338\" frameborder=\"0\" marginwidth=\"0\" marginheight=\"0\" scrolling=\"no\"><\/iframe><\/p>\n<blockquote class=\"wp-embedded-content\" data-secret=\"1vJwfTEYuP\"><p><a href=\"https:\/\/tomajazz.com\/web\/joe-wilder-jazzx5-centennial-460-por-pachi-tapiz-minipodcast-de-jazz\/\">Joe Wilder. JazzX5 Centennial #460 Por Pachi Tapiz [Minipodcast de Jazz]<\/a><\/p><\/blockquote>\n<p><iframe loading=\"lazy\" class=\"wp-embedded-content\" sandbox=\"allow-scripts\" security=\"restricted\" style=\"position: absolute; visibility: hidden;\" title=\"\u00abJoe Wilder. JazzX5 Centennial #460 Por Pachi Tapiz [Minipodcast de Jazz]\u00bb \u2014 Tomajazz\" src=\"https:\/\/tomajazz.com\/web\/joe-wilder-jazzx5-centennial-460-por-pachi-tapiz-minipodcast-de-jazz\/embed\/#?secret=HkmIjoa5X5#?secret=1vJwfTEYuP\" data-secret=\"1vJwfTEYuP\" width=\"600\" height=\"338\" frameborder=\"0\" marginwidth=\"0\" marginheight=\"0\" scrolling=\"no\"><\/iframe><\/p>\n<blockquote class=\"wp-embedded-content\" data-secret=\"EGWRHhQAd9\"><p><a href=\"https:\/\/tomajazz.com\/web\/eddie-lockjaw-davis-jazzx5-centennial-440-por-pachi-tapiz-minipodcast-de-jazz\/\">Eddie Lockjaw Davis. JazzX5 Centennial #440 Por Pachi Tapiz [Minipodcast de jazz]<\/a><\/p><\/blockquote>\n<p><iframe loading=\"lazy\" class=\"wp-embedded-content\" sandbox=\"allow-scripts\" security=\"restricted\" style=\"position: absolute; visibility: hidden;\" title=\"\u00abEddie Lockjaw Davis. JazzX5 Centennial #440 Por Pachi Tapiz [Minipodcast de jazz]\u00bb \u2014 Tomajazz\" src=\"https:\/\/tomajazz.com\/web\/eddie-lockjaw-davis-jazzx5-centennial-440-por-pachi-tapiz-minipodcast-de-jazz\/embed\/#?secret=sVtRoGSQjK#?secret=EGWRHhQAd9\" data-secret=\"EGWRHhQAd9\" width=\"600\" height=\"338\" frameborder=\"0\" marginwidth=\"0\" marginheight=\"0\" scrolling=\"no\"><\/iframe><\/p>\n<blockquote class=\"wp-embedded-content\" data-secret=\"36wQGjX6XL\"><p><a href=\"https:\/\/tomajazz.com\/web\/jazzx5150-johnny-griffin-eddie-lockjaw-davis-quintet-blues-up-and-down-ow-live-at-the-penthouse-minipodcast\/\">JazzX5#150. Johnny Griffin \/ Eddie \u201cLockjaw\u201d Davis Quintet: Blues Up and Down (Ow! Live at The Penthouse) [Minipodcast]<\/a><\/p><\/blockquote>\n<p><iframe loading=\"lazy\" class=\"wp-embedded-content\" sandbox=\"allow-scripts\" security=\"restricted\" style=\"position: absolute; visibility: hidden;\" title=\"\u00abJazzX5#150. Johnny Griffin \/ Eddie \u201cLockjaw\u201d Davis Quintet: Blues Up and Down (Ow! Live at The Penthouse) [Minipodcast]\u00bb \u2014 Tomajazz\" src=\"https:\/\/tomajazz.com\/web\/jazzx5150-johnny-griffin-eddie-lockjaw-davis-quintet-blues-up-and-down-ow-live-at-the-penthouse-minipodcast\/embed\/#?secret=CUpksENF2y#?secret=36wQGjX6XL\" data-secret=\"36wQGjX6XL\" width=\"600\" height=\"338\" frameborder=\"0\" marginwidth=\"0\" marginheight=\"0\" scrolling=\"no\"><\/iframe><\/p>\n<blockquote class=\"wp-embedded-content\" data-secret=\"QMO5FGIA38\"><p><a href=\"https:\/\/tomajazz.com\/web\/jazzx5-centennial-384-frank-wess-all-too-soon-magic-101-ipo-recordings-2013-minipodcast-de-jazz-por-pachi-tapiz-jazzx5-centennial-001\/\">JazzX5 Centennial #384: Frank Wess. \u00abAll Too Soon\u00bb [Magic 101 (IPO Recordings, 2013)] [Minipodcast de jazz] Por Pachi Tapiz [JazzX5 Centennial 001]<\/a><\/p><\/blockquote>\n<p><iframe loading=\"lazy\" class=\"wp-embedded-content\" sandbox=\"allow-scripts\" security=\"restricted\" style=\"position: absolute; visibility: hidden;\" title=\"\u00abJazzX5 Centennial #384: Frank Wess. \u00abAll Too Soon\u00bb [Magic 101 (IPO Recordings, 2013)] [Minipodcast de jazz] Por Pachi Tapiz [JazzX5 Centennial 001]\u00bb \u2014 Tomajazz\" src=\"https:\/\/tomajazz.com\/web\/jazzx5-centennial-384-frank-wess-all-too-soon-magic-101-ipo-recordings-2013-minipodcast-de-jazz-por-pachi-tapiz-jazzx5-centennial-001\/embed\/#?secret=MVTZpulBb8#?secret=QMO5FGIA38\" data-secret=\"QMO5FGIA38\" width=\"600\" height=\"338\" frameborder=\"0\" marginwidth=\"0\" marginheight=\"0\" scrolling=\"no\"><\/iframe><\/p>\n<blockquote class=\"wp-embedded-content\" data-secret=\"oQba5SNzHx\"><p><a href=\"https:\/\/tomajazz.com\/web\/jazzx5-centennial-400-ray-anthony-route-66-the-swing-club-aero-space-records-1999-minipodcast-de-jazz-por-pachi-tapiz-jazzx5-centennial-002\/\">JazzX5 Centennial #400. Ray Anthony: \u201cRoute 66&#8243; [The Swing Club (Aero Space Records, 1999)] [Minipodcast de jazz] Por Pachi Tapiz [JazzX5 Centennial 002]<\/a><\/p><\/blockquote>\n<p><iframe loading=\"lazy\" class=\"wp-embedded-content\" sandbox=\"allow-scripts\" security=\"restricted\" style=\"position: absolute; visibility: hidden;\" title=\"\u00abJazzX5 Centennial #400. Ray Anthony: \u201cRoute 66&#8243; [The Swing Club (Aero Space Records, 1999)] [Minipodcast de jazz] Por Pachi Tapiz [JazzX5 Centennial 002]\u00bb \u2014 Tomajazz\" src=\"https:\/\/tomajazz.com\/web\/jazzx5-centennial-400-ray-anthony-route-66-the-swing-club-aero-space-records-1999-minipodcast-de-jazz-por-pachi-tapiz-jazzx5-centennial-002\/embed\/#?secret=a4ZQY880V2#?secret=oQba5SNzHx\" data-secret=\"oQba5SNzHx\" width=\"600\" height=\"338\" frameborder=\"0\" marginwidth=\"0\" marginheight=\"0\" scrolling=\"no\"><\/iframe><\/p>\n<h4>M\u00e1s informaci\u00f3n sobre JazzX5<\/h4>\n<p><strong>JazzX5<\/strong>\u00a0es un minipodcast de HDO de la Factor\u00eda Tomajazz presentado, editado y producido por\u00a0<strong>Pachi Tapiz<\/strong>.<\/p>\n<p><strong>JazzX5<\/strong>\u00a0comenz\u00f3 su andadura el 24 de junio de 2019.<\/p>\n<p>Todas las entregas de\u00a0<strong>JazzX5<\/strong>\u00a0est\u00e1n disponibles en\u00a0<strong><a href=\"https:\/\/tomajazz.com\/web\/?cat=23120\" target=\"_blank\" rel=\"noopener noreferrer\">https:\/\/tomajazz.com\/web\/?cat=23120<\/a>\u00a0\/\u00a0<a href=\"https:\/\/www.ivoox.com\/jazzx5_bk_list_642835_1.html\" target=\"_blank\" rel=\"noopener noreferrer\">https:\/\/www.ivoox.com\/jazzx5_bk_list_642835_1.html<\/a><\/strong>.<\/p>\n<p>Las sugerencias, quejas, felicitaciones, opiniones y el contacto en general en jazzx5 @ tomajazz.com Tambi\u00e9n por WhatsApp en el tel\u00e9fono de contacto.<\/p>\n<h4>JazzX5 y los podcast de Tomajazz en Telegram<\/h4>\n<p>En Tomajazz hemos abierto un canal de\u00a0<strong>Telegram<\/strong>\u00a0para que est\u00e9s al tanto, al instante, de los nuevos podcast. Puedes suscribirte en\u00a0<a href=\"https:\/\/t.me\/TomajazzPodcast\" target=\"_blank\" rel=\"noopener\">https:\/\/t.me\/TomajazzPodcast<\/a>.<\/p>\n<h4>Pachi Tapiz en Tomajazz<\/h4>\n<p><a href=\"https:\/\/tomajazz.com\/web\/?cat=17847\" target=\"_blank\" rel=\"noopener\">https:\/\/tomajazz.com\/web\/?cat=17847<\/a><\/p>\n","protected":false},"excerpt":{"rendered":"<p>En Tomajazz recordamos al pianista y arreglista Ralph Burns en el centenario de su nacimiento. En JazzX5 lo escuchamos al piano y realizando los arreglos de \u00abCaldonia\u00bb, un cl\u00e1sico de la orquesta de Woody Herman. <\/p>\n<p>JazzX5 es un podcast de Pachi Tapiz. <span class=\"more-link\"><a href=\"https:\/\/tomajazz.com\/web\/ralph-burns-jazzx5-centennial-510-por-pachi-tapiz-minipodcast-de-jazz\/\">Contin\u00faa leyendo<\/a><\/span><\/p>\n","protected":false},"author":1,"featured_media":64317,"comment_status":"open","ping_status":"closed","sticky":false,"template":"","format":"standard","meta":{"jetpack_post_was_ever_published":false,"_jetpack_newsletter_access":"","_jetpack_dont_email_post_to_subs":false,"_jetpack_newsletter_tier_id":0,"_jetpack_memberships_contains_paywalled_content":false,"_jetpack_memberships_contains_paid_content":false,"footnotes":""},"categories":[17847,23120,26409,12814,15518,1038],"tags":[23118,25573,2025,31,15310,8163,2364],"class_list":["entry","author-pachi","has-excerpt","post-64315","post","type-post","status-publish","format-standard","has-post-thumbnail","category-pachi-tapiz","category-jazzx5","category-jazzx5-centennial","category-podcast","category-sonidos","category-contenidos","tag-jazzx5","tag-minipodcast","tag-mosaic","tag-pachi-tapiz","tag-podcast-de-jazz","tag-ralph-burns","tag-woody-herman"],"jetpack_featured_media_url":"https:\/\/tomajazz.com\/web\/wp-content\/uploads\/2022\/06\/JazzX5_0510.jpg","jetpack_likes_enabled":true,"jetpack_sharing_enabled":true,"jetpack-related-posts":[{"id":66787,"url":"https:\/\/tomajazz.com\/web\/danny-bank-jazzx5-centennial\/","url_meta":{"origin":64315,"position":0},"title":"Danny Bank. JazzX5 Centennial #518 Por Pachi Tapiz [Minipodcast de jazz]","author":"Tomajazz","date":"18 septiembre, 2022","format":false,"excerpt":"En Tomajazz recordamos la figura de Danny Bank, nacido en 1922, y que es uno de los saxos bar\u00edtonos m\u00e1s grabados en la historia. En JazzX5 escuchamos uno de los temas en los que particip\u00f3, \"Miles Ahead\" del album hom\u00f3nimo de Miles Davis. JazzX5 es un podcast de Pachi Tapiz.","rel":"","context":"En \u00abJazzX5 Centennial\u00bb","block_context":{"text":"JazzX5 Centennial","link":"https:\/\/tomajazz.com\/web\/category\/contenidos\/sonidos\/podcast\/jazzx5\/jazzx5-centennial\/"},"img":{"alt_text":"Danny Bank. JazzX5 Centennial #518 Por Pachi Tapiz [Minipodcast de jazz]","src":"https:\/\/i0.wp.com\/tomajazz.com\/web\/wp-content\/uploads\/2022\/09\/JazzX5_0518.jpg?resize=350%2C200&ssl=1","width":350,"height":200,"srcset":"https:\/\/i0.wp.com\/tomajazz.com\/web\/wp-content\/uploads\/2022\/09\/JazzX5_0518.jpg?resize=350%2C200&ssl=1 1x, https:\/\/i0.wp.com\/tomajazz.com\/web\/wp-content\/uploads\/2022\/09\/JazzX5_0518.jpg?resize=525%2C300&ssl=1 1.5x, https:\/\/i0.wp.com\/tomajazz.com\/web\/wp-content\/uploads\/2022\/09\/JazzX5_0518.jpg?resize=700%2C400&ssl=1 2x"},"classes":[]},{"id":69133,"url":"https:\/\/tomajazz.com\/web\/rolf-ericson-jazzx5-centennial-1922-2022\/","url_meta":{"origin":64315,"position":1},"title":"Rolf Ericson. JazzX5 Centennial #552 Por Pachi Tapiz [Minipodcast de jazz]","author":"Tomajazz","date":"18 diciembre, 2022","format":false,"excerpt":"En JazzX5 recordamos la figura del trompetista Rolf Ericson, nacido en 1922. Repasamos su biograf\u00eda y escuchamos un tema. JazzX5 es un podcast de Pachi Tapiz.","rel":"","context":"En \u00abJazzX5 Centennial\u00bb","block_context":{"text":"JazzX5 Centennial","link":"https:\/\/tomajazz.com\/web\/category\/contenidos\/sonidos\/podcast\/jazzx5\/jazzx5-centennial\/"},"img":{"alt_text":"En JazzX5 recordamos la figura del trompetista Rolf Ericson, nacido en 1922. Repasamos su biograf\u00eda y escuchamos un tema. JazzX5 es un podcast de Pachi Tapiz.","src":"https:\/\/i0.wp.com\/tomajazz.com\/web\/wp-content\/uploads\/2022\/12\/JazzX5_0552.jpg?resize=350%2C200&ssl=1","width":350,"height":200,"srcset":"https:\/\/i0.wp.com\/tomajazz.com\/web\/wp-content\/uploads\/2022\/12\/JazzX5_0552.jpg?resize=350%2C200&ssl=1 1x, https:\/\/i0.wp.com\/tomajazz.com\/web\/wp-content\/uploads\/2022\/12\/JazzX5_0552.jpg?resize=525%2C300&ssl=1 1.5x, https:\/\/i0.wp.com\/tomajazz.com\/web\/wp-content\/uploads\/2022\/12\/JazzX5_0552.jpg?resize=700%2C400&ssl=1 2x"},"classes":[]},{"id":63581,"url":"https:\/\/tomajazz.com\/web\/graffiti-gianni-narduzzi-dharma-burns-carimbo-porta-jazz-2022-por-pachi-tapiz-jazzx5-501-minipodcast-de-jazz\/","url_meta":{"origin":64315,"position":2},"title":"\u00abGraffiti\u00bb [Gianni Narduzzi Dharma Burns (Carimbo Porta Jazz, 2022)] Por Pachi Tapiz. JazzX5 #501 [Minipodcast de jazz]","author":"Tomajazz","date":"19 mayo, 2022","format":false,"excerpt":"En JazzX5 suena el tema \"Graffitti\" de Dharma Burns (Carimbo Porta Jazz, 2022) de Gianni Narduzzi. JazzX5 es un podcast de Pachi Tapiz.","rel":"","context":"En \u00abJazzX5\u00bb","block_context":{"text":"JazzX5","link":"https:\/\/tomajazz.com\/web\/category\/contenidos\/sonidos\/podcast\/jazzx5\/"},"img":{"alt_text":"","src":"https:\/\/i0.wp.com\/tomajazz.com\/web\/wp-content\/uploads\/2022\/05\/JazzX5_0501.jpg?resize=350%2C200&ssl=1","width":350,"height":200,"srcset":"https:\/\/i0.wp.com\/tomajazz.com\/web\/wp-content\/uploads\/2022\/05\/JazzX5_0501.jpg?resize=350%2C200&ssl=1 1x, https:\/\/i0.wp.com\/tomajazz.com\/web\/wp-content\/uploads\/2022\/05\/JazzX5_0501.jpg?resize=525%2C300&ssl=1 1.5x, https:\/\/i0.wp.com\/tomajazz.com\/web\/wp-content\/uploads\/2022\/05\/JazzX5_0501.jpg?resize=700%2C400&ssl=1 2x"},"classes":[]},{"id":68077,"url":"https:\/\/tomajazz.com\/web\/arv-garrison-centennial-jazzx5\/","url_meta":{"origin":64315,"position":3},"title":"Arv Garrison. JazzX5 Centennial #542 Por Pachi Tapiz [Minipodcast de jazz]","author":"Tomajazz","date":"5 noviembre, 2022","format":false,"excerpt":"En JazzX5 Centennial recordamos la figura de Arv Garrison (1922-1960). Tambi\u00e9n escuchamos al guitarrista tocando con el Charlie Parker Septet en el m\u00edtico \"Yardbird Suite\". JazzX5 es un podcast de Pachi Tapiz.","rel":"","context":"En \u00abJazzX5 Centennial\u00bb","block_context":{"text":"JazzX5 Centennial","link":"https:\/\/tomajazz.com\/web\/category\/contenidos\/sonidos\/podcast\/jazzx5\/jazzx5-centennial\/"},"img":{"alt_text":"","src":"https:\/\/i0.wp.com\/tomajazz.com\/web\/wp-content\/uploads\/2022\/11\/JazzX5_0542.jpg?resize=350%2C200&ssl=1","width":350,"height":200,"srcset":"https:\/\/i0.wp.com\/tomajazz.com\/web\/wp-content\/uploads\/2022\/11\/JazzX5_0542.jpg?resize=350%2C200&ssl=1 1x, https:\/\/i0.wp.com\/tomajazz.com\/web\/wp-content\/uploads\/2022\/11\/JazzX5_0542.jpg?resize=525%2C300&ssl=1 1.5x, https:\/\/i0.wp.com\/tomajazz.com\/web\/wp-content\/uploads\/2022\/11\/JazzX5_0542.jpg?resize=700%2C400&ssl=1 2x"},"classes":[]},{"id":64231,"url":"https:\/\/tomajazz.com\/web\/manny-albam-jazzx5-centennial-509-por-pachi-tapiz-minipodcast-de-jazz\/","url_meta":{"origin":64315,"position":4},"title":"Manny Albam. JazzX5 Centennial #509 Por Pachi Tapiz [Minipodcast de jazz]","author":"Tomajazz","date":"24 junio, 2022","format":false,"excerpt":"El 24 de junio de 2022 se cumple el centenario del nacimiento del saxofonista, compositor y arreglista Manny Albam. Repasamos su trayectoria y en JazzX5 escuchamos el tema \"Headstrong\" de The Jazz Workshop. JazzX5 es un podcast de Pachi Tapiz.","rel":"","context":"En \u00abJazzX5\u00bb","block_context":{"text":"JazzX5","link":"https:\/\/tomajazz.com\/web\/category\/contenidos\/sonidos\/podcast\/jazzx5\/"},"img":{"alt_text":"Manny Albam. JazzX5 Centennial #509 Por Pachi Tapiz [Minipodcast de jazz]","src":"https:\/\/i0.wp.com\/tomajazz.com\/web\/wp-content\/uploads\/2022\/06\/JazzX5_0509.jpg?resize=350%2C200&ssl=1","width":350,"height":200,"srcset":"https:\/\/i0.wp.com\/tomajazz.com\/web\/wp-content\/uploads\/2022\/06\/JazzX5_0509.jpg?resize=350%2C200&ssl=1 1x, https:\/\/i0.wp.com\/tomajazz.com\/web\/wp-content\/uploads\/2022\/06\/JazzX5_0509.jpg?resize=525%2C300&ssl=1 1.5x, https:\/\/i0.wp.com\/tomajazz.com\/web\/wp-content\/uploads\/2022\/06\/JazzX5_0509.jpg?resize=700%2C400&ssl=1 2x"},"classes":[]},{"id":66566,"url":"https:\/\/tomajazz.com\/web\/ernie-wilkins-jazzx5-1922-2022\/","url_meta":{"origin":64315,"position":5},"title":"Ernie Wilkins. JazzX5 Centennial #511 Por Pachi Tapiz [Minipodcast de jazz] AKA \u00abEl retorno\u00bb","author":"Tomajazz","date":"11 septiembre, 2022","format":false,"excerpt":"En JazzX5 recordamos la figura de Ernie Wilkins en el centenario de su nacimiento. Repasamos su figura y escuchamos a la Ernie Wilkins Almost Big Band. JazzX5 es un podcast de Pachi Tapiz.","rel":"","context":"En \u00abJazzX5 Centennial\u00bb","block_context":{"text":"JazzX5 Centennial","link":"https:\/\/tomajazz.com\/web\/category\/contenidos\/sonidos\/podcast\/jazzx5\/jazzx5-centennial\/"},"img":{"alt_text":"","src":"https:\/\/i0.wp.com\/tomajazz.com\/web\/wp-content\/uploads\/2022\/09\/JazzX5_0511.jpg?resize=350%2C200&ssl=1","width":350,"height":200,"srcset":"https:\/\/i0.wp.com\/tomajazz.com\/web\/wp-content\/uploads\/2022\/09\/JazzX5_0511.jpg?resize=350%2C200&ssl=1 1x, https:\/\/i0.wp.com\/tomajazz.com\/web\/wp-content\/uploads\/2022\/09\/JazzX5_0511.jpg?resize=525%2C300&ssl=1 1.5x, https:\/\/i0.wp.com\/tomajazz.com\/web\/wp-content\/uploads\/2022\/09\/JazzX5_0511.jpg?resize=700%2C400&ssl=1 2x"},"classes":[]}],"_links":{"self":[{"href":"https:\/\/tomajazz.com\/web\/wp-json\/wp\/v2\/posts\/64315","targetHints":{"allow":["GET"]}}],"collection":[{"href":"https:\/\/tomajazz.com\/web\/wp-json\/wp\/v2\/posts"}],"about":[{"href":"https:\/\/tomajazz.com\/web\/wp-json\/wp\/v2\/types\/post"}],"author":[{"embeddable":true,"href":"https:\/\/tomajazz.com\/web\/wp-json\/wp\/v2\/users\/1"}],"replies":[{"embeddable":true,"href":"https:\/\/tomajazz.com\/web\/wp-json\/wp\/v2\/comments?post=64315"}],"version-history":[{"count":2,"href":"https:\/\/tomajazz.com\/web\/wp-json\/wp\/v2\/posts\/64315\/revisions"}],"predecessor-version":[{"id":64319,"href":"https:\/\/tomajazz.com\/web\/wp-json\/wp\/v2\/posts\/64315\/revisions\/64319"}],"wp:featuredmedia":[{"embeddable":true,"href":"https:\/\/tomajazz.com\/web\/wp-json\/wp\/v2\/media\/64317"}],"wp:attachment":[{"href":"https:\/\/tomajazz.com\/web\/wp-json\/wp\/v2\/media?parent=64315"}],"wp:term":[{"taxonomy":"category","embeddable":true,"href":"https:\/\/tomajazz.com\/web\/wp-json\/wp\/v2\/categories?post=64315"},{"taxonomy":"post_tag","embeddable":true,"href":"https:\/\/tomajazz.com\/web\/wp-json\/wp\/v2\/tags?post=64315"}],"curies":[{"name":"wp","href":"https:\/\/api.w.org\/{rel}","templated":true}]}}