{"id":64546,"date":"2022-07-11T12:00:59","date_gmt":"2022-07-11T10:00:59","guid":{"rendered":"https:\/\/www.tomajazz.com\/web\/?p=64546"},"modified":"2022-07-12T20:07:22","modified_gmt":"2022-07-12T18:07:22","slug":"manel-camp-big-band-conservatori-illes-balears-auditori-conservatori-illes-balears-palma-de-mallorca-2022-06-16-por-jose-luis-luna-rocafort-instantzz-aka-galeria-fotografica-aka-fotoblog-de-jaz","status":"publish","type":"post","link":"https:\/\/tomajazz.com\/web\/manel-camp-big-band-conservatori-illes-balears-auditori-conservatori-illes-balears-palma-de-mallorca-2022-06-16-por-jose-luis-luna-rocafort-instantzz-aka-galeria-fotografica-aka-fotoblog-de-jaz\/","title":{"rendered":"Manel Camp &#038; Big Band Conservatori Illes Balears (Auditori Conservatori Illes Balears, Palma de Mallorca. 2022-06-16) Por Jos\u00e9 Luis Luna Rocafort [INSTANTZZ AKA Galer\u00eda fotogr\u00e1fica AKA Fotoblog de jazz, impro\u2026 y algo m\u00e1s]"},"content":{"rendered":"<ul>\n<li>Fecha: Jueves, 16 de junio de 2022. 20:00h.<\/li>\n<li>Lugar: Auditori\u00a0Conservatori Illes Balears. Palma de Mallorca<\/li>\n<li>Grupo:<br \/>\n<b>Manel Camp &amp; Big Band Conservatori Illes Balears<br \/>\n<\/b>Manel Camp: direcci\u00f3n, piano<br \/>\nXisca Oliver, Sergi Sell\u00e8s, Pau Vallbona: piano<br \/>\nEsteve Huguet, Jaume Rossell\u00f3, Mart\u00ed Genestar, Goran Levi: guitarra el\u00e9ctrica<br \/>\nLl\u00facia Gomila: contrabajo<br \/>\nJosep Servera,\u00a0Marius Koopmann: bater\u00eda<br \/>\nMiquel Ramon, Pere Miquel Molina: saxo alto<br \/>\nLleonard Mart\u00ednez, J\u00e9r\u00f4me Grin: saxo tenor<br \/>\nMiquel \u00c0ngel Rigo: saxo bar\u00edtono<br \/>\nPep Garau, Gabriel Saitto, Gen\u00eds Navarro, Juan Jos\u00e9 Gallardo: trompeta<br \/>\nJaime de la Cruz, Xema Borr\u00e0s, Sergio Vicente Aranguren: trombones<br \/>\nMiquel Gay\u00e0: tromb\u00f3n\u00a0bajo<br \/>\nAina Tramulles, Cecilia Gim\u00e9nez, Sin\u00e9ad Cormican, Amparo Chust: voz<\/li>\n<\/ul>\n<p style=\"text-align: center;\"><img loading=\"lazy\" decoding=\"async\" class=\"aligncenter size-full wp-image-64547\" src=\"https:\/\/tomajazz.com\/web\/wp-content\/uploads\/2022\/07\/001.jpg\" alt=\"\" width=\"600\" height=\"400\" title=\"\" srcset=\"https:\/\/tomajazz.com\/web\/wp-content\/uploads\/2022\/07\/001.jpg 600w, https:\/\/tomajazz.com\/web\/wp-content\/uploads\/2022\/07\/001-200x133.jpg 200w, https:\/\/tomajazz.com\/web\/wp-content\/uploads\/2022\/07\/001-465x310.jpg 465w\" sizes=\"auto, (max-width: 600px) 100vw, 600px\" \/> <img loading=\"lazy\" decoding=\"async\" class=\"aligncenter size-large wp-image-64548\" src=\"https:\/\/tomajazz.com\/web\/wp-content\/uploads\/2022\/07\/002.jpg\" alt=\"\" width=\"600\" height=\"400\" title=\"\" srcset=\"https:\/\/tomajazz.com\/web\/wp-content\/uploads\/2022\/07\/002.jpg 600w, https:\/\/tomajazz.com\/web\/wp-content\/uploads\/2022\/07\/002-200x133.jpg 200w, https:\/\/tomajazz.com\/web\/wp-content\/uploads\/2022\/07\/002-465x310.jpg 465w\" sizes=\"auto, (max-width: 600px) 100vw, 600px\" \/> <img loading=\"lazy\" decoding=\"async\" class=\"aligncenter size-large wp-image-64549\" src=\"https:\/\/tomajazz.com\/web\/wp-content\/uploads\/2022\/07\/003.jpg\" alt=\"\" width=\"600\" height=\"400\" title=\"\" srcset=\"https:\/\/tomajazz.com\/web\/wp-content\/uploads\/2022\/07\/003.jpg 600w, https:\/\/tomajazz.com\/web\/wp-content\/uploads\/2022\/07\/003-200x133.jpg 200w, https:\/\/tomajazz.com\/web\/wp-content\/uploads\/2022\/07\/003-465x310.jpg 465w\" sizes=\"auto, (max-width: 600px) 100vw, 600px\" \/> <img loading=\"lazy\" decoding=\"async\" class=\"aligncenter size-large wp-image-64550\" src=\"https:\/\/tomajazz.com\/web\/wp-content\/uploads\/2022\/07\/004.jpg\" alt=\"\" width=\"600\" height=\"400\" title=\"\" srcset=\"https:\/\/tomajazz.com\/web\/wp-content\/uploads\/2022\/07\/004.jpg 600w, https:\/\/tomajazz.com\/web\/wp-content\/uploads\/2022\/07\/004-200x133.jpg 200w, https:\/\/tomajazz.com\/web\/wp-content\/uploads\/2022\/07\/004-465x310.jpg 465w\" sizes=\"auto, (max-width: 600px) 100vw, 600px\" \/> <img loading=\"lazy\" decoding=\"async\" class=\"aligncenter size-large wp-image-64551\" src=\"https:\/\/tomajazz.com\/web\/wp-content\/uploads\/2022\/07\/005.jpg\" alt=\"\" width=\"400\" height=\"600\" title=\"\" srcset=\"https:\/\/tomajazz.com\/web\/wp-content\/uploads\/2022\/07\/005.jpg 400w, https:\/\/tomajazz.com\/web\/wp-content\/uploads\/2022\/07\/005-133x200.jpg 133w, https:\/\/tomajazz.com\/web\/wp-content\/uploads\/2022\/07\/005-367x550.jpg 367w, https:\/\/tomajazz.com\/web\/wp-content\/uploads\/2022\/07\/005-333x500.jpg 333w\" sizes=\"auto, (max-width: 400px) 100vw, 400px\" \/> <img loading=\"lazy\" decoding=\"async\" class=\"aligncenter size-large wp-image-64552\" src=\"https:\/\/tomajazz.com\/web\/wp-content\/uploads\/2022\/07\/006.jpg\" alt=\"\" width=\"600\" height=\"400\" title=\"\" srcset=\"https:\/\/tomajazz.com\/web\/wp-content\/uploads\/2022\/07\/006.jpg 600w, https:\/\/tomajazz.com\/web\/wp-content\/uploads\/2022\/07\/006-200x133.jpg 200w, https:\/\/tomajazz.com\/web\/wp-content\/uploads\/2022\/07\/006-465x310.jpg 465w\" sizes=\"auto, (max-width: 600px) 100vw, 600px\" \/> <img loading=\"lazy\" decoding=\"async\" class=\"aligncenter size-large wp-image-64553\" src=\"https:\/\/tomajazz.com\/web\/wp-content\/uploads\/2022\/07\/007.jpg\" alt=\"\" width=\"600\" height=\"400\" title=\"\" srcset=\"https:\/\/tomajazz.com\/web\/wp-content\/uploads\/2022\/07\/007.jpg 600w, https:\/\/tomajazz.com\/web\/wp-content\/uploads\/2022\/07\/007-200x133.jpg 200w, https:\/\/tomajazz.com\/web\/wp-content\/uploads\/2022\/07\/007-465x310.jpg 465w\" sizes=\"auto, (max-width: 600px) 100vw, 600px\" \/> <img loading=\"lazy\" decoding=\"async\" class=\"aligncenter size-large wp-image-64554\" src=\"https:\/\/tomajazz.com\/web\/wp-content\/uploads\/2022\/07\/008.jpg\" alt=\"\" width=\"600\" height=\"400\" title=\"\" srcset=\"https:\/\/tomajazz.com\/web\/wp-content\/uploads\/2022\/07\/008.jpg 600w, https:\/\/tomajazz.com\/web\/wp-content\/uploads\/2022\/07\/008-200x133.jpg 200w, https:\/\/tomajazz.com\/web\/wp-content\/uploads\/2022\/07\/008-465x310.jpg 465w\" sizes=\"auto, (max-width: 600px) 100vw, 600px\" \/> <img loading=\"lazy\" decoding=\"async\" class=\"aligncenter size-large wp-image-64555\" src=\"https:\/\/tomajazz.com\/web\/wp-content\/uploads\/2022\/07\/009.jpg\" alt=\"\" width=\"600\" height=\"400\" title=\"\" srcset=\"https:\/\/tomajazz.com\/web\/wp-content\/uploads\/2022\/07\/009.jpg 600w, https:\/\/tomajazz.com\/web\/wp-content\/uploads\/2022\/07\/009-200x133.jpg 200w, https:\/\/tomajazz.com\/web\/wp-content\/uploads\/2022\/07\/009-465x310.jpg 465w\" sizes=\"auto, (max-width: 600px) 100vw, 600px\" \/> <img loading=\"lazy\" decoding=\"async\" class=\"aligncenter size-large wp-image-64556\" src=\"https:\/\/tomajazz.com\/web\/wp-content\/uploads\/2022\/07\/010.jpg\" alt=\"\" width=\"600\" height=\"400\" title=\"\" srcset=\"https:\/\/tomajazz.com\/web\/wp-content\/uploads\/2022\/07\/010.jpg 600w, https:\/\/tomajazz.com\/web\/wp-content\/uploads\/2022\/07\/010-200x133.jpg 200w, https:\/\/tomajazz.com\/web\/wp-content\/uploads\/2022\/07\/010-465x310.jpg 465w\" sizes=\"auto, (max-width: 600px) 100vw, 600px\" \/> <img loading=\"lazy\" decoding=\"async\" class=\"aligncenter size-large wp-image-64557\" src=\"https:\/\/tomajazz.com\/web\/wp-content\/uploads\/2022\/07\/011.jpg\" alt=\"\" width=\"600\" height=\"400\" title=\"\" srcset=\"https:\/\/tomajazz.com\/web\/wp-content\/uploads\/2022\/07\/011.jpg 600w, https:\/\/tomajazz.com\/web\/wp-content\/uploads\/2022\/07\/011-200x133.jpg 200w, https:\/\/tomajazz.com\/web\/wp-content\/uploads\/2022\/07\/011-465x310.jpg 465w\" sizes=\"auto, (max-width: 600px) 100vw, 600px\" \/> <img loading=\"lazy\" decoding=\"async\" class=\"aligncenter size-large wp-image-64558\" src=\"https:\/\/tomajazz.com\/web\/wp-content\/uploads\/2022\/07\/012.jpg\" alt=\"\" width=\"600\" height=\"400\" title=\"\" srcset=\"https:\/\/tomajazz.com\/web\/wp-content\/uploads\/2022\/07\/012.jpg 600w, https:\/\/tomajazz.com\/web\/wp-content\/uploads\/2022\/07\/012-200x133.jpg 200w, https:\/\/tomajazz.com\/web\/wp-content\/uploads\/2022\/07\/012-465x310.jpg 465w\" sizes=\"auto, (max-width: 600px) 100vw, 600px\" \/> <img loading=\"lazy\" decoding=\"async\" class=\"aligncenter size-large wp-image-64559\" src=\"https:\/\/tomajazz.com\/web\/wp-content\/uploads\/2022\/07\/013.jpg\" alt=\"\" width=\"600\" height=\"400\" title=\"\" srcset=\"https:\/\/tomajazz.com\/web\/wp-content\/uploads\/2022\/07\/013.jpg 600w, https:\/\/tomajazz.com\/web\/wp-content\/uploads\/2022\/07\/013-200x133.jpg 200w, https:\/\/tomajazz.com\/web\/wp-content\/uploads\/2022\/07\/013-465x310.jpg 465w\" sizes=\"auto, (max-width: 600px) 100vw, 600px\" \/> <img loading=\"lazy\" decoding=\"async\" class=\"aligncenter size-large wp-image-64560\" src=\"https:\/\/tomajazz.com\/web\/wp-content\/uploads\/2022\/07\/014.jpg\" alt=\"\" width=\"600\" height=\"400\" title=\"\" srcset=\"https:\/\/tomajazz.com\/web\/wp-content\/uploads\/2022\/07\/014.jpg 600w, https:\/\/tomajazz.com\/web\/wp-content\/uploads\/2022\/07\/014-200x133.jpg 200w, https:\/\/tomajazz.com\/web\/wp-content\/uploads\/2022\/07\/014-465x310.jpg 465w\" sizes=\"auto, (max-width: 600px) 100vw, 600px\" \/> <img loading=\"lazy\" decoding=\"async\" class=\"aligncenter size-large wp-image-64561\" src=\"https:\/\/tomajazz.com\/web\/wp-content\/uploads\/2022\/07\/015.jpg\" alt=\"\" width=\"600\" height=\"400\" title=\"\" srcset=\"https:\/\/tomajazz.com\/web\/wp-content\/uploads\/2022\/07\/015.jpg 600w, https:\/\/tomajazz.com\/web\/wp-content\/uploads\/2022\/07\/015-200x133.jpg 200w, https:\/\/tomajazz.com\/web\/wp-content\/uploads\/2022\/07\/015-465x310.jpg 465w\" sizes=\"auto, (max-width: 600px) 100vw, 600px\" \/> <img loading=\"lazy\" decoding=\"async\" class=\"aligncenter size-large wp-image-64562\" src=\"https:\/\/tomajazz.com\/web\/wp-content\/uploads\/2022\/07\/016.jpg\" alt=\"\" width=\"600\" height=\"400\" title=\"\" srcset=\"https:\/\/tomajazz.com\/web\/wp-content\/uploads\/2022\/07\/016.jpg 600w, https:\/\/tomajazz.com\/web\/wp-content\/uploads\/2022\/07\/016-200x133.jpg 200w, https:\/\/tomajazz.com\/web\/wp-content\/uploads\/2022\/07\/016-465x310.jpg 465w\" sizes=\"auto, (max-width: 600px) 100vw, 600px\" \/> <img loading=\"lazy\" decoding=\"async\" class=\"aligncenter size-large wp-image-64563\" src=\"https:\/\/tomajazz.com\/web\/wp-content\/uploads\/2022\/07\/017.jpg\" alt=\"\" width=\"400\" height=\"600\" title=\"\" srcset=\"https:\/\/tomajazz.com\/web\/wp-content\/uploads\/2022\/07\/017.jpg 400w, https:\/\/tomajazz.com\/web\/wp-content\/uploads\/2022\/07\/017-133x200.jpg 133w, https:\/\/tomajazz.com\/web\/wp-content\/uploads\/2022\/07\/017-367x550.jpg 367w, https:\/\/tomajazz.com\/web\/wp-content\/uploads\/2022\/07\/017-333x500.jpg 333w\" sizes=\"auto, (max-width: 400px) 100vw, 400px\" \/> <img loading=\"lazy\" decoding=\"async\" class=\"aligncenter size-large wp-image-64564\" src=\"https:\/\/tomajazz.com\/web\/wp-content\/uploads\/2022\/07\/018.jpg\" alt=\"\" width=\"600\" height=\"400\" title=\"\" srcset=\"https:\/\/tomajazz.com\/web\/wp-content\/uploads\/2022\/07\/018.jpg 600w, https:\/\/tomajazz.com\/web\/wp-content\/uploads\/2022\/07\/018-200x133.jpg 200w, https:\/\/tomajazz.com\/web\/wp-content\/uploads\/2022\/07\/018-465x310.jpg 465w\" sizes=\"auto, (max-width: 600px) 100vw, 600px\" \/> <img loading=\"lazy\" decoding=\"async\" class=\"aligncenter size-large wp-image-64565\" src=\"https:\/\/tomajazz.com\/web\/wp-content\/uploads\/2022\/07\/019.jpg\" alt=\"\" width=\"600\" height=\"400\" title=\"\" srcset=\"https:\/\/tomajazz.com\/web\/wp-content\/uploads\/2022\/07\/019.jpg 600w, https:\/\/tomajazz.com\/web\/wp-content\/uploads\/2022\/07\/019-200x133.jpg 200w, https:\/\/tomajazz.com\/web\/wp-content\/uploads\/2022\/07\/019-465x310.jpg 465w\" sizes=\"auto, (max-width: 600px) 100vw, 600px\" \/> <img loading=\"lazy\" decoding=\"async\" class=\"aligncenter size-large wp-image-64566\" src=\"https:\/\/tomajazz.com\/web\/wp-content\/uploads\/2022\/07\/020.jpg\" alt=\"\" width=\"600\" height=\"400\" title=\"\" srcset=\"https:\/\/tomajazz.com\/web\/wp-content\/uploads\/2022\/07\/020.jpg 600w, https:\/\/tomajazz.com\/web\/wp-content\/uploads\/2022\/07\/020-200x133.jpg 200w, https:\/\/tomajazz.com\/web\/wp-content\/uploads\/2022\/07\/020-465x310.jpg 465w\" sizes=\"auto, (max-width: 600px) 100vw, 600px\" \/><\/p>\n<p style=\"text-align: right;\">Tomajazz:\u00a0\u00a9\u00a0<strong><a href=\"https:\/\/www.facebook.com\/joseluis.lunarocafort\" target=\"_blank\" rel=\"noopener\">Jos\u00e9 Luis Luna Rocafort<\/a><\/strong>, 2022<\/p>\n<h4>M\u00e1s informaci\u00f3n sobre Big Band Conservatori Illes Balears<\/h4>\n<p><a href=\"https:\/\/conservatorisuperior.com\/es\/category\/big-band-es\/\" target=\"_blank\" rel=\"noopener\">https:\/\/conservatorisuperior.com\/es\/category\/big-band-es\/<\/a><\/p>\n<p><a href=\"https:\/\/tomajazz.com\/web\/?s=big+band+conservatori+illes+balears&amp;submit=Search\" target=\"_blank\" rel=\"noopener\">https:\/\/tomajazz.com\/web\/?s=big+band+conservatori+illes+balears&amp;submit=Search<\/a><\/p>\n<h4>Jos\u00e9 Luis Luna Rocafort en Tomajazz<\/h4>\n<p><a href=\"https:\/\/tomajazz.com\/web\/?cat=17846\" target=\"_blank\" rel=\"noopener\">https:\/\/tomajazz.com\/web\/?cat=17846<\/a><\/p>\n","protected":false},"excerpt":{"rendered":"<p>En INSTANTZZ una galer\u00eda fotogr\u00e1fica de Manel Camp &#038; Big Band Conservatori Illes Balears en el Auditori Conservatori Illes Balears en Palma de Mallorca. Jos\u00e9 Luis Luna Rocafort es el autor de las im\u00e1genes. <span class=\"more-link\"><a href=\"https:\/\/tomajazz.com\/web\/manel-camp-big-band-conservatori-illes-balears-auditori-conservatori-illes-balears-palma-de-mallorca-2022-06-16-por-jose-luis-luna-rocafort-instantzz-aka-galeria-fotografica-aka-fotoblog-de-jaz\/\">Contin\u00faa leyendo<\/a><\/span><\/p>\n","protected":false},"author":1,"featured_media":64550,"comment_status":"open","ping_status":"closed","sticky":false,"template":"","format":"standard","meta":{"jetpack_post_was_ever_published":false,"_jetpack_newsletter_access":"","_jetpack_dont_email_post_to_subs":false,"_jetpack_newsletter_tier_id":0,"_jetpack_memberships_contains_paywalled_content":false,"_jetpack_memberships_contains_paid_content":false,"footnotes":""},"categories":[11261,17846,11262,15516,1038],"tags":[27306,27307,12152,20783,27301,27302,25479,27304,25473,27300,10088,25373,27303,25375,24768,1048,27296,27298,27297,11546,19264,27299,25374,11545,23320,23405,27305,21744,13152,24767],"class_list":["entry","author-pachi","has-excerpt","post-64546","post","type-post","status-publish","format-standard","has-post-thumbnail","category-instantzz","category-jose-luis-luna-rocafort","category-photoblogs","category-imagenes","category-contenidos","tag-aina-tramulles","tag-amparo-chust","tag-cecilia-gimenez","tag-esteve-huguet","tag-gabriel-saitto","tag-genis-navarro","tag-goran-levi","tag-jaime-de-la-cruz","tag-jaume-rossello","tag-jerome-grin","tag-jose-luis-luna-rocafort","tag-josep-servera","tag-juan-jose-gallardo","tag-lleonard-martinez","tag-llucia-gomila","tag-manel-camp","tag-manel-camp-big-band-conservatori-illes-balears","tag-marius-koopmann","tag-marti-genestar","tag-miquel-angel-rigo","tag-miquel-gaya","tag-miquel-ramon","tag-pau-vallbona","tag-pep-garau","tag-pere-miquel-molina","tag-sergi-selles","tag-sergio-vicente-aranguren","tag-sinead-cormican","tag-xema-borras","tag-xisca-oliver"],"jetpack_featured_media_url":"https:\/\/tomajazz.com\/web\/wp-content\/uploads\/2022\/07\/004.jpg","jetpack_likes_enabled":true,"jetpack_sharing_enabled":true,"jetpack-related-posts":[{"id":102261,"url":"https:\/\/tomajazz.com\/web\/big-band-del-conservatori-superior-de-musica-de-les-illes-balears-2025\/","url_meta":{"origin":64546,"position":0},"title":"Big Band del Conservatori Superior de M\u00fasica de les Illes Balears (Auditori\u00a0del Conservatori Superior de M\u00fasica de les Illes Balears. Palma. 2025-11-14) Por Jos\u00e9 Luis Luna Rocafort [INSTANTZZ AKA Galer\u00eda fotogr\u00e1fica AKA Fotoblog de jazz, impro\u2026 y algo m\u00e1s]","author":"Tomajazz","date":"27 noviembre, 2025","format":false,"excerpt":"La Big Band del Conservatori Superior de M\u00fasica de les Illes Balears actu\u00f3 en el Auditori\u00a0del Conservatori Superior de M\u00fasica de les Illes Balears de Palma el 14 de noviembre de 2025. Jos\u00e9 Luis Luna Rocafort lo retrata en INSTANTZZ. Dirigi\u00f3 la Big Band Lluc Casares","rel":"","context":"En \u00abINSTANTZZ\u00bb","block_context":{"text":"INSTANTZZ","link":"https:\/\/tomajazz.com\/web\/category\/contenidos\/imagenes\/photoblogs\/instantzz\/"},"img":{"alt_text":"Big Band del Conservatori Superior de M\u00fasica de les Illes Balears (Auditori\u00a0del Conservatori Superior de M\u00fasica de les Illes Balears. Palma. 2025-11-14) Por Jos\u00e9 Luis Luna Rocafort [INSTANTZZ AKA Galer\u00eda fotogr\u00e1fica AKA Fotoblog de jazz, impro\u2026 y algo m\u00e1s] - Tomajazz - La Big Band del Conservatori Superior de M\u00fasica de les Illes Balears actu\u00f3 en el Auditori\u00a0del Conservatori Superior de M\u00fasica de les Illes Balears de Palma el 14 de noviembre de 2025. Jos\u00e9 Luis Luna Rocafort lo retrata en INSTANTZZ. Dirigi\u00f3 la Big Band Lluc Casares","src":"https:\/\/i0.wp.com\/tomajazz.com\/web\/wp-content\/uploads\/2025\/11\/004-19.jpg?resize=350%2C200&ssl=1","width":350,"height":200,"srcset":"https:\/\/i0.wp.com\/tomajazz.com\/web\/wp-content\/uploads\/2025\/11\/004-19.jpg?resize=350%2C200&ssl=1 1x, https:\/\/i0.wp.com\/tomajazz.com\/web\/wp-content\/uploads\/2025\/11\/004-19.jpg?resize=525%2C300&ssl=1 1.5x"},"classes":[]},{"id":102144,"url":"https:\/\/tomajazz.com\/web\/ensemble-vocal-jazz-auditori-csmib-palma-2025\/","url_meta":{"origin":64546,"position":1},"title":"Ensemble Vocal Jazz (Auditori\u00a0del Conservatori Superior de M\u00fasica de les Illes Balears. Palma. 2025-11-14) Por Jos\u00e9 Luis Luna Rocafort [INSTANTZZ AKA Galer\u00eda fotogr\u00e1fica AKA Fotoblog de jazz, impro\u2026 y algo m\u00e1s]","author":"Tomajazz","date":"25 noviembre, 2025","format":false,"excerpt":"Ensemble Vocal Jazz actu\u00f3 en el Auditori\u00a0del Conservatori Superior de M\u00fasica de les Illes Balears de Palma el 14 de noviembre de 2025. Jos\u00e9 Luis Luna Rocafort lo retrata en INSTANTZZ","rel":"","context":"En \u00abINSTANTZZ\u00bb","block_context":{"text":"INSTANTZZ","link":"https:\/\/tomajazz.com\/web\/category\/contenidos\/imagenes\/photoblogs\/instantzz\/"},"img":{"alt_text":"Ensemble Vocal Jazz (Auditori\u00a0del Conservatori Superior de M\u00fasica de les Illes Balears. Palma. 2025-11-14) Por Jos\u00e9 Luis Luna Rocafort [INSTANTZZ AKA Galer\u00eda fotogr\u00e1fica AKA Fotoblog de jazz, impro\u2026 y algo m\u00e1s] - Tomajazz - Ensemble Vocal Jazz actu\u00f3 en el Auditori\u00a0del Conservatori Superior de M\u00fasica de les Illes Balears de Palma el 14 de noviembre de 2025. Jos\u00e9 Luis Luna Rocafort lo retrata en INSTANTZZ","src":"https:\/\/i0.wp.com\/tomajazz.com\/web\/wp-content\/uploads\/2025\/11\/011-17.jpg?resize=350%2C200&ssl=1","width":350,"height":200,"srcset":"https:\/\/i0.wp.com\/tomajazz.com\/web\/wp-content\/uploads\/2025\/11\/011-17.jpg?resize=350%2C200&ssl=1 1x, https:\/\/i0.wp.com\/tomajazz.com\/web\/wp-content\/uploads\/2025\/11\/011-17.jpg?resize=525%2C300&ssl=1 1.5x"},"classes":[]},{"id":92734,"url":"https:\/\/tomajazz.com\/web\/big-band-conservatori-suoerior-de-musica-de-les-illes-balears-palma-2024\/","url_meta":{"origin":64546,"position":2},"title":"Perico Sambeat &#038; Big Band Conservatori Superior de M\u00fasica de les Illes Balears (I Stage Big Band CSMIB.\u00a0Curso 2024-2025. Palma de Mallorca. 2024-11-15) Por Jos\u00e9 Luis Luna Rocafort [INSTANTZZ AKA Galer\u00eda fotogr\u00e1fica AKA Fotoblog de jazz, impro\u2026 y algo m\u00e1s]","author":"Tomajazz","date":"6 diciembre, 2024","format":false,"excerpt":"Perico Sambeat & Big Band Conservatori Superior de M\u00fasica de les Illes Balears actuaron en el I Stage Big Band CSMIB -\u00a0Curso 2024-2025, en Palma de Mallorca, el 15 de noviembre de 2024. Jos\u00e9 Luis Luna Rocafort los retrata en INSTANTZZ. Perico Sambeat dirigi\u00f3 la Big Band Conservatori Superior de\u2026","rel":"","context":"En \u00ab*_Jos\u00e9 Luis Luna Rocafort\u00bb","block_context":{"text":"*_Jos\u00e9 Luis Luna Rocafort","link":"https:\/\/tomajazz.com\/web\/category\/jose-luis-luna-rocafort\/"},"img":{"alt_text":"Perico Sambeat & Big Band Conservatori Superior de M\u00fasica de les Illes Balears (I Stage Big Band CSMIB.\u00a0Curso 2024-2025. Palma de Mallorca. 2024-11-15) Por Jos\u00e9 Luis Luna Rocafort [INSTANTZZ AKA Galer\u00eda fotogr\u00e1fica AKA Fotoblog de jazz, impro\u2026 y algo m\u00e1s] - Tomajazz - Perico Sambeat & Big Band Conservatori Superior de M\u00fasica de les Illes Balears actuaron en el I Stage Big Band CSMIB -\u00a0Curso 2024-2025, en Palma de Mallorca, el 15 de noviembre de 2024. Jos\u00e9 Luis Luna Rocafort los retrata en INSTANTZZ. Perico Sambeat dirigi\u00f3 la Big Band Conservatori Superior de M\u00fasica de les Illes Balears, integrada por","src":"https:\/\/i0.wp.com\/tomajazz.com\/web\/wp-content\/uploads\/2024\/12\/022.jpg?resize=350%2C200&ssl=1","width":350,"height":200,"srcset":"https:\/\/i0.wp.com\/tomajazz.com\/web\/wp-content\/uploads\/2024\/12\/022.jpg?resize=350%2C200&ssl=1 1x, https:\/\/i0.wp.com\/tomajazz.com\/web\/wp-content\/uploads\/2024\/12\/022.jpg?resize=525%2C300&ssl=1 1.5x"},"classes":[]},{"id":68332,"url":"https:\/\/tomajazz.com\/web\/big-band-conservatori-superior-de-musica-de-les-illes-balears-2022\/","url_meta":{"origin":64546,"position":3},"title":"Big Band Conservatori Superior de M\u00fasica de les Illes Balears (XV Jazz Voyeur Festival 2022. Palma. 2022-11-10) Por Jos\u00e9 Luis Luna Rocafort [INSTANTZZ]","author":"Tomajazz","date":"16 noviembre, 2022","format":false,"excerpt":"En INSTANTZZ una galer\u00eda fotogr\u00e1fica de Jos\u00e9 Luis Luna Rocafort con im\u00e1genes de la Big Band Conservatori Superior de M\u00fasica de les Illes Balears en el XV Jazz Voyeur Festival 2022.","rel":"","context":"En \u00abINSTANTZZ\u00bb","block_context":{"text":"INSTANTZZ","link":"https:\/\/tomajazz.com\/web\/category\/contenidos\/imagenes\/photoblogs\/instantzz\/"},"img":{"alt_text":"En INSTANTZZ una galer\u00eda fotogr\u00e1fica de Jos\u00e9 Luis Luna Rocafort con im\u00e1genes de la Big Band Conservatori Superior de M\u00fasica de les Illes Balears en el XV Jazz Voyeur Festival 2022.","src":"https:\/\/i0.wp.com\/tomajazz.com\/web\/wp-content\/uploads\/2022\/11\/014-5.jpg?resize=350%2C200&ssl=1","width":350,"height":200,"srcset":"https:\/\/i0.wp.com\/tomajazz.com\/web\/wp-content\/uploads\/2022\/11\/014-5.jpg?resize=350%2C200&ssl=1 1x, https:\/\/i0.wp.com\/tomajazz.com\/web\/wp-content\/uploads\/2022\/11\/014-5.jpg?resize=525%2C300&ssl=1 1.5x"},"classes":[]},{"id":103450,"url":"https:\/\/tomajazz.com\/web\/richard-galliano-alternatilla-2025\/","url_meta":{"origin":64546,"position":4},"title":"Richard Galliano \u00abNew Viaggio Trio\u00bb (9\u00ba Alternatilla Jazz Festival 2025. Conservatori Superior de M\u00fasica de les Illes Balears. Palma. 2025-12-07) Por Jos\u00e9 Luis Luna Rocafort [INSTANTZZ AKA Galer\u00eda fotogr\u00e1fica AKA Fotoblog de jazz, impro\u2026 y algo m\u00e1s]","author":"Tomajazz","date":"16 enero, 2026","format":false,"excerpt":"Richard Galliano \"New Viaggio Trio\" actu\u00f3 en el 9\u00ba Alternatilla Jazz Festival, en CSM de les Illes Balears en Palma, el 7 de diciembre de 2025. Jos\u00e9 Luis Luna Rocafort lo retrata en INSTANTZZ. Actuaron Richard Galliano, Adrien Moignard, Philippe Aerts","rel":"","context":"En \u00ab9\u00ba Alternatilla Jazz Festival 2025\u00bb","block_context":{"text":"9\u00ba Alternatilla Jazz Festival 2025","link":"https:\/\/tomajazz.com\/web\/category\/contenidos\/especial-contenidos\/9o-alternatilla-jazz-festival-2025\/"},"img":{"alt_text":"Richard Galliano \"New Viaggio Trio\" (9\u00ba Alternatilla Jazz Festival 2025. Conservatori Superior de M\u00fasica de les Illes Balears. Palma. 2025-12-07) Por Jos\u00e9 Luis Luna Rocafort [INSTANTZZ AKA Galer\u00eda fotogr\u00e1fica AKA Fotoblog de jazz, impro\u2026 y algo m\u00e1s] - Tomajazz - Richard Galliano \"New Viaggio Trio\" actu\u00f3 en el 9\u00ba Alternatilla Jazz Festival, en CSM de les Illes Balears en Palma, el 7 de diciembre de 2025. Jos\u00e9 Luis Luna Rocafort lo retrata en INSTANTZZ. Actuaron Richard Galliano, Adrien Moignard, Philippe Aerts","src":"https:\/\/i0.wp.com\/tomajazz.com\/web\/wp-content\/uploads\/2026\/01\/020-1.jpg?resize=350%2C200&ssl=1","width":350,"height":200,"srcset":"https:\/\/i0.wp.com\/tomajazz.com\/web\/wp-content\/uploads\/2026\/01\/020-1.jpg?resize=350%2C200&ssl=1 1x, https:\/\/i0.wp.com\/tomajazz.com\/web\/wp-content\/uploads\/2026\/01\/020-1.jpg?resize=525%2C300&ssl=1 1.5x"},"classes":[]},{"id":55831,"url":"https:\/\/tomajazz.com\/web\/instantzz-angel-rivero-recital-fin-de-carrera-conservatori-superior-illes-balears-galeria-fotografica-aka-fotoblog-de-jazz-impro-y-algo-mas-por-jose-luis-luna-rocafort\/","url_meta":{"origin":64546,"position":5},"title":"INSTANTZZ: \u00c1ngel Rivero (Recital Fin de Carrera. Conservatori Superior Illes Balears) [Galer\u00eda fotogr\u00e1fica AKA Fotoblog de jazz, impro\u2026 y algo m\u00e1s] Por Jos\u00e9 Luis Luna Rocafort","author":"Tomajazz","date":"21 julio, 2021","format":false,"excerpt":"Contin\u00faan los INSTANTZZ de Jos\u00e9 Luis Luna Rocafort con los Recitales fin de Carrera del Conservatori Superior Illes Balears. En esta ocasi\u00f3n con la actuaci\u00f3n de \u00c1ngel Rivero.","rel":"","context":"En \u00ab*_Jos\u00e9 Luis Luna Rocafort\u00bb","block_context":{"text":"*_Jos\u00e9 Luis Luna Rocafort","link":"https:\/\/tomajazz.com\/web\/category\/jose-luis-luna-rocafort\/"},"img":{"alt_text":"","src":"https:\/\/i0.wp.com\/tomajazz.com\/web\/wp-content\/uploads\/2021\/07\/001-3.jpg?resize=350%2C200&ssl=1","width":350,"height":200,"srcset":"https:\/\/i0.wp.com\/tomajazz.com\/web\/wp-content\/uploads\/2021\/07\/001-3.jpg?resize=350%2C200&ssl=1 1x, https:\/\/i0.wp.com\/tomajazz.com\/web\/wp-content\/uploads\/2021\/07\/001-3.jpg?resize=525%2C300&ssl=1 1.5x"},"classes":[]}],"_links":{"self":[{"href":"https:\/\/tomajazz.com\/web\/wp-json\/wp\/v2\/posts\/64546","targetHints":{"allow":["GET"]}}],"collection":[{"href":"https:\/\/tomajazz.com\/web\/wp-json\/wp\/v2\/posts"}],"about":[{"href":"https:\/\/tomajazz.com\/web\/wp-json\/wp\/v2\/types\/post"}],"author":[{"embeddable":true,"href":"https:\/\/tomajazz.com\/web\/wp-json\/wp\/v2\/users\/1"}],"replies":[{"embeddable":true,"href":"https:\/\/tomajazz.com\/web\/wp-json\/wp\/v2\/comments?post=64546"}],"version-history":[{"count":1,"href":"https:\/\/tomajazz.com\/web\/wp-json\/wp\/v2\/posts\/64546\/revisions"}],"predecessor-version":[{"id":64567,"href":"https:\/\/tomajazz.com\/web\/wp-json\/wp\/v2\/posts\/64546\/revisions\/64567"}],"wp:featuredmedia":[{"embeddable":true,"href":"https:\/\/tomajazz.com\/web\/wp-json\/wp\/v2\/media\/64550"}],"wp:attachment":[{"href":"https:\/\/tomajazz.com\/web\/wp-json\/wp\/v2\/media?parent=64546"}],"wp:term":[{"taxonomy":"category","embeddable":true,"href":"https:\/\/tomajazz.com\/web\/wp-json\/wp\/v2\/categories?post=64546"},{"taxonomy":"post_tag","embeddable":true,"href":"https:\/\/tomajazz.com\/web\/wp-json\/wp\/v2\/tags?post=64546"}],"curies":[{"name":"wp","href":"https:\/\/api.w.org\/{rel}","templated":true}]}}