{"id":65000,"date":"2022-08-02T12:00:29","date_gmt":"2022-08-02T10:00:29","guid":{"rendered":"https:\/\/www.tomajazz.com\/web\/?p=65000"},"modified":"2022-08-03T22:25:17","modified_gmt":"2022-08-03T20:25:17","slug":"celeste-canta-chavela-festival-dona-veu-teatre-la-societat-macanet-de-la-selva-barcelona-2022-06-04-por-joan-cortes-instantzz-aka-galeria-fotografica-aka-fotoblog-de-jazz-impro-y-al","status":"publish","type":"post","link":"https:\/\/tomajazz.com\/web\/celeste-canta-chavela-festival-dona-veu-teatre-la-societat-macanet-de-la-selva-barcelona-2022-06-04-por-joan-cortes-instantzz-aka-galeria-fotografica-aka-fotoblog-de-jazz-impro-y-al\/","title":{"rendered":"Celeste canta Chavela (Festival Dona Veu \/ Teatre La Societat, Ma\u00e7anet de la Selva -Barcelona-. 2022-06-04) Por Joan Cort\u00e8s [INSTANTZZ AKA Galer\u00eda fotogr\u00e1fica AKA Fotoblog de jazz, impro\u2026 y algo m\u00e1s]"},"content":{"rendered":"<ul>\n<li>Fecha: S\u00e1bado, 04 de junio de 2022<\/li>\n<li>Lugar: Teatre La Societat (Ma\u00e7anet de la Selva -Girona-)<\/li>\n<li>Grupo:<br \/>\n<strong>Celeste canta Chavela<br \/>\n<\/strong>Celeste Al\u00edas, voz<br \/>\nSanti Careta, guitarras<br \/>\nOriol Roca, bater\u00eda y guitarra<\/li>\n<\/ul>\n<p style=\"text-align: center;\"><img loading=\"lazy\" decoding=\"async\" class=\"aligncenter size-full wp-image-65001\" src=\"https:\/\/tomajazz.com\/web\/wp-content\/uploads\/2022\/08\/01_Clst-ls-cnt-Chvl-\u00a9Joan-Cortes_04jny22_Fstvl-Dn-V_TlS_MdlS.jpg\" alt=\"\" width=\"600\" height=\"399\" title=\"\" srcset=\"https:\/\/tomajazz.com\/web\/wp-content\/uploads\/2022\/08\/01_Clst-ls-cnt-Chvl-\u00a9Joan-Cortes_04jny22_Fstvl-Dn-V_TlS_MdlS.jpg 600w, https:\/\/tomajazz.com\/web\/wp-content\/uploads\/2022\/08\/01_Clst-ls-cnt-Chvl-\u00a9Joan-Cortes_04jny22_Fstvl-Dn-V_TlS_MdlS-200x133.jpg 200w, https:\/\/tomajazz.com\/web\/wp-content\/uploads\/2022\/08\/01_Clst-ls-cnt-Chvl-\u00a9Joan-Cortes_04jny22_Fstvl-Dn-V_TlS_MdlS-465x309.jpg 465w\" sizes=\"auto, (max-width: 600px) 100vw, 600px\" \/> <img loading=\"lazy\" decoding=\"async\" class=\"aligncenter size-large wp-image-65002\" src=\"https:\/\/tomajazz.com\/web\/wp-content\/uploads\/2022\/08\/02_Clst-ls-cnt-Chvl-\u00a9Joan-Cortes_04jny22_Fstvl-Dn-V_TlS_MdlS.jpg\" alt=\"\" width=\"600\" height=\"399\" title=\"\" srcset=\"https:\/\/tomajazz.com\/web\/wp-content\/uploads\/2022\/08\/02_Clst-ls-cnt-Chvl-\u00a9Joan-Cortes_04jny22_Fstvl-Dn-V_TlS_MdlS.jpg 600w, https:\/\/tomajazz.com\/web\/wp-content\/uploads\/2022\/08\/02_Clst-ls-cnt-Chvl-\u00a9Joan-Cortes_04jny22_Fstvl-Dn-V_TlS_MdlS-200x133.jpg 200w, https:\/\/tomajazz.com\/web\/wp-content\/uploads\/2022\/08\/02_Clst-ls-cnt-Chvl-\u00a9Joan-Cortes_04jny22_Fstvl-Dn-V_TlS_MdlS-465x309.jpg 465w\" sizes=\"auto, (max-width: 600px) 100vw, 600px\" \/> <img loading=\"lazy\" decoding=\"async\" class=\"aligncenter size-large wp-image-65003\" src=\"https:\/\/tomajazz.com\/web\/wp-content\/uploads\/2022\/08\/03_Clst-ls-cnt-Chvl-\u00a9Joan-Cortes_04jny22_Fstvl-Dn-V_TlS_MdlS.jpg\" alt=\"\" width=\"600\" height=\"399\" title=\"\" srcset=\"https:\/\/tomajazz.com\/web\/wp-content\/uploads\/2022\/08\/03_Clst-ls-cnt-Chvl-\u00a9Joan-Cortes_04jny22_Fstvl-Dn-V_TlS_MdlS.jpg 600w, https:\/\/tomajazz.com\/web\/wp-content\/uploads\/2022\/08\/03_Clst-ls-cnt-Chvl-\u00a9Joan-Cortes_04jny22_Fstvl-Dn-V_TlS_MdlS-200x133.jpg 200w, https:\/\/tomajazz.com\/web\/wp-content\/uploads\/2022\/08\/03_Clst-ls-cnt-Chvl-\u00a9Joan-Cortes_04jny22_Fstvl-Dn-V_TlS_MdlS-465x309.jpg 465w\" sizes=\"auto, (max-width: 600px) 100vw, 600px\" \/> <img loading=\"lazy\" decoding=\"async\" class=\"aligncenter size-large wp-image-65004\" src=\"https:\/\/tomajazz.com\/web\/wp-content\/uploads\/2022\/08\/04_Clst-ls-cnt-Chvl-\u00a9Joan-Cortes_04jny22_Fstvl-Dn-V_TlS_MdlS.jpg\" alt=\"\" width=\"600\" height=\"399\" title=\"\" srcset=\"https:\/\/tomajazz.com\/web\/wp-content\/uploads\/2022\/08\/04_Clst-ls-cnt-Chvl-\u00a9Joan-Cortes_04jny22_Fstvl-Dn-V_TlS_MdlS.jpg 600w, https:\/\/tomajazz.com\/web\/wp-content\/uploads\/2022\/08\/04_Clst-ls-cnt-Chvl-\u00a9Joan-Cortes_04jny22_Fstvl-Dn-V_TlS_MdlS-200x133.jpg 200w, https:\/\/tomajazz.com\/web\/wp-content\/uploads\/2022\/08\/04_Clst-ls-cnt-Chvl-\u00a9Joan-Cortes_04jny22_Fstvl-Dn-V_TlS_MdlS-465x309.jpg 465w\" sizes=\"auto, (max-width: 600px) 100vw, 600px\" \/> <img loading=\"lazy\" decoding=\"async\" class=\"aligncenter size-large wp-image-65005\" src=\"https:\/\/tomajazz.com\/web\/wp-content\/uploads\/2022\/08\/05_Clst-ls-cnt-Chvl-\u00a9Joan-Cortes_04jny22_Fstvl-Dn-V_TlS_MdlS.jpg\" alt=\"\" width=\"600\" height=\"399\" title=\"\" srcset=\"https:\/\/tomajazz.com\/web\/wp-content\/uploads\/2022\/08\/05_Clst-ls-cnt-Chvl-\u00a9Joan-Cortes_04jny22_Fstvl-Dn-V_TlS_MdlS.jpg 600w, https:\/\/tomajazz.com\/web\/wp-content\/uploads\/2022\/08\/05_Clst-ls-cnt-Chvl-\u00a9Joan-Cortes_04jny22_Fstvl-Dn-V_TlS_MdlS-200x133.jpg 200w, https:\/\/tomajazz.com\/web\/wp-content\/uploads\/2022\/08\/05_Clst-ls-cnt-Chvl-\u00a9Joan-Cortes_04jny22_Fstvl-Dn-V_TlS_MdlS-465x309.jpg 465w\" sizes=\"auto, (max-width: 600px) 100vw, 600px\" \/> <img loading=\"lazy\" decoding=\"async\" class=\"aligncenter size-large wp-image-65006\" src=\"https:\/\/tomajazz.com\/web\/wp-content\/uploads\/2022\/08\/06_Clst-ls-cnt-Chvl-\u00a9Joan-Cortes_04jny22_Fstvl-Dn-V_TlS_MdlS.jpg\" alt=\"\" width=\"600\" height=\"399\" title=\"\" srcset=\"https:\/\/tomajazz.com\/web\/wp-content\/uploads\/2022\/08\/06_Clst-ls-cnt-Chvl-\u00a9Joan-Cortes_04jny22_Fstvl-Dn-V_TlS_MdlS.jpg 600w, https:\/\/tomajazz.com\/web\/wp-content\/uploads\/2022\/08\/06_Clst-ls-cnt-Chvl-\u00a9Joan-Cortes_04jny22_Fstvl-Dn-V_TlS_MdlS-200x133.jpg 200w, https:\/\/tomajazz.com\/web\/wp-content\/uploads\/2022\/08\/06_Clst-ls-cnt-Chvl-\u00a9Joan-Cortes_04jny22_Fstvl-Dn-V_TlS_MdlS-465x309.jpg 465w\" sizes=\"auto, (max-width: 600px) 100vw, 600px\" \/> <img loading=\"lazy\" decoding=\"async\" class=\"aligncenter size-large wp-image-65007\" src=\"https:\/\/tomajazz.com\/web\/wp-content\/uploads\/2022\/08\/07_Clst-ls-cnt-Chvl-\u00a9Joan-Cortes_04jny22_Fstvl-Dn-V_TlS_MdlS.jpg\" alt=\"\" width=\"600\" height=\"399\" title=\"\" srcset=\"https:\/\/tomajazz.com\/web\/wp-content\/uploads\/2022\/08\/07_Clst-ls-cnt-Chvl-\u00a9Joan-Cortes_04jny22_Fstvl-Dn-V_TlS_MdlS.jpg 600w, https:\/\/tomajazz.com\/web\/wp-content\/uploads\/2022\/08\/07_Clst-ls-cnt-Chvl-\u00a9Joan-Cortes_04jny22_Fstvl-Dn-V_TlS_MdlS-200x133.jpg 200w, https:\/\/tomajazz.com\/web\/wp-content\/uploads\/2022\/08\/07_Clst-ls-cnt-Chvl-\u00a9Joan-Cortes_04jny22_Fstvl-Dn-V_TlS_MdlS-465x309.jpg 465w\" sizes=\"auto, (max-width: 600px) 100vw, 600px\" \/> <img loading=\"lazy\" decoding=\"async\" class=\"aligncenter size-large wp-image-65008\" src=\"https:\/\/tomajazz.com\/web\/wp-content\/uploads\/2022\/08\/08_Clst-ls-cnt-Chvl-\u00a9Joan-Cortes_04jny22_Fstvl-Dn-V_TlS_MdlS.jpg\" alt=\"\" width=\"399\" height=\"600\" title=\"\" srcset=\"https:\/\/tomajazz.com\/web\/wp-content\/uploads\/2022\/08\/08_Clst-ls-cnt-Chvl-\u00a9Joan-Cortes_04jny22_Fstvl-Dn-V_TlS_MdlS.jpg 399w, https:\/\/tomajazz.com\/web\/wp-content\/uploads\/2022\/08\/08_Clst-ls-cnt-Chvl-\u00a9Joan-Cortes_04jny22_Fstvl-Dn-V_TlS_MdlS-133x200.jpg 133w, https:\/\/tomajazz.com\/web\/wp-content\/uploads\/2022\/08\/08_Clst-ls-cnt-Chvl-\u00a9Joan-Cortes_04jny22_Fstvl-Dn-V_TlS_MdlS-366x550.jpg 366w, https:\/\/tomajazz.com\/web\/wp-content\/uploads\/2022\/08\/08_Clst-ls-cnt-Chvl-\u00a9Joan-Cortes_04jny22_Fstvl-Dn-V_TlS_MdlS-333x500.jpg 333w\" sizes=\"auto, (max-width: 399px) 100vw, 399px\" \/> <img loading=\"lazy\" decoding=\"async\" class=\"aligncenter size-large wp-image-65009\" src=\"https:\/\/tomajazz.com\/web\/wp-content\/uploads\/2022\/08\/09_Clst-ls-cnt-Chvl-\u00a9Joan-Cortes_04jny22_Fstvl-Dn-V_TlS_MdlS.jpg\" alt=\"\" width=\"600\" height=\"399\" title=\"\" srcset=\"https:\/\/tomajazz.com\/web\/wp-content\/uploads\/2022\/08\/09_Clst-ls-cnt-Chvl-\u00a9Joan-Cortes_04jny22_Fstvl-Dn-V_TlS_MdlS.jpg 600w, https:\/\/tomajazz.com\/web\/wp-content\/uploads\/2022\/08\/09_Clst-ls-cnt-Chvl-\u00a9Joan-Cortes_04jny22_Fstvl-Dn-V_TlS_MdlS-200x133.jpg 200w, https:\/\/tomajazz.com\/web\/wp-content\/uploads\/2022\/08\/09_Clst-ls-cnt-Chvl-\u00a9Joan-Cortes_04jny22_Fstvl-Dn-V_TlS_MdlS-465x309.jpg 465w\" sizes=\"auto, (max-width: 600px) 100vw, 600px\" \/> <img loading=\"lazy\" decoding=\"async\" class=\"aligncenter size-large wp-image-65010\" src=\"https:\/\/tomajazz.com\/web\/wp-content\/uploads\/2022\/08\/10_Clst-ls-cnt-Chvl-\u00a9Joan-Cortes_04jny22_Fstvl-Dn-V_TlS_MdlS.jpg\" alt=\"\" width=\"600\" height=\"399\" title=\"\" srcset=\"https:\/\/tomajazz.com\/web\/wp-content\/uploads\/2022\/08\/10_Clst-ls-cnt-Chvl-\u00a9Joan-Cortes_04jny22_Fstvl-Dn-V_TlS_MdlS.jpg 600w, https:\/\/tomajazz.com\/web\/wp-content\/uploads\/2022\/08\/10_Clst-ls-cnt-Chvl-\u00a9Joan-Cortes_04jny22_Fstvl-Dn-V_TlS_MdlS-200x133.jpg 200w, https:\/\/tomajazz.com\/web\/wp-content\/uploads\/2022\/08\/10_Clst-ls-cnt-Chvl-\u00a9Joan-Cortes_04jny22_Fstvl-Dn-V_TlS_MdlS-465x309.jpg 465w\" sizes=\"auto, (max-width: 600px) 100vw, 600px\" \/> <img loading=\"lazy\" decoding=\"async\" class=\"aligncenter size-large wp-image-65011\" src=\"https:\/\/tomajazz.com\/web\/wp-content\/uploads\/2022\/08\/11_Clst-ls-cnt-Chvl-\u00a9Joan-Cortes_04jny22_Fstvl-Dn-V_TlS_MdlS.jpg\" alt=\"\" width=\"399\" height=\"600\" title=\"\" srcset=\"https:\/\/tomajazz.com\/web\/wp-content\/uploads\/2022\/08\/11_Clst-ls-cnt-Chvl-\u00a9Joan-Cortes_04jny22_Fstvl-Dn-V_TlS_MdlS.jpg 399w, https:\/\/tomajazz.com\/web\/wp-content\/uploads\/2022\/08\/11_Clst-ls-cnt-Chvl-\u00a9Joan-Cortes_04jny22_Fstvl-Dn-V_TlS_MdlS-133x200.jpg 133w, https:\/\/tomajazz.com\/web\/wp-content\/uploads\/2022\/08\/11_Clst-ls-cnt-Chvl-\u00a9Joan-Cortes_04jny22_Fstvl-Dn-V_TlS_MdlS-366x550.jpg 366w, https:\/\/tomajazz.com\/web\/wp-content\/uploads\/2022\/08\/11_Clst-ls-cnt-Chvl-\u00a9Joan-Cortes_04jny22_Fstvl-Dn-V_TlS_MdlS-333x500.jpg 333w\" sizes=\"auto, (max-width: 399px) 100vw, 399px\" \/> <img loading=\"lazy\" decoding=\"async\" class=\"aligncenter size-large wp-image-65012\" src=\"https:\/\/tomajazz.com\/web\/wp-content\/uploads\/2022\/08\/12_Clst-ls-cnt-Chvl-\u00a9Joan-Cortes_04jny22_Fstvl-Dn-V_TlS_MdlS.jpg\" alt=\"\" width=\"600\" height=\"399\" title=\"\" srcset=\"https:\/\/tomajazz.com\/web\/wp-content\/uploads\/2022\/08\/12_Clst-ls-cnt-Chvl-\u00a9Joan-Cortes_04jny22_Fstvl-Dn-V_TlS_MdlS.jpg 600w, https:\/\/tomajazz.com\/web\/wp-content\/uploads\/2022\/08\/12_Clst-ls-cnt-Chvl-\u00a9Joan-Cortes_04jny22_Fstvl-Dn-V_TlS_MdlS-200x133.jpg 200w, https:\/\/tomajazz.com\/web\/wp-content\/uploads\/2022\/08\/12_Clst-ls-cnt-Chvl-\u00a9Joan-Cortes_04jny22_Fstvl-Dn-V_TlS_MdlS-465x309.jpg 465w\" sizes=\"auto, (max-width: 600px) 100vw, 600px\" \/><\/p>\n<p style=\"text-align: right;\">Tomajazz: \u00a9 <a href=\"https:\/\/www.facebook.com\/joan.cortesbenages\" target=\"_blank\" rel=\"noopener\"><strong>Joan Cort\u00e8s<\/strong><\/a>, 2022<\/p>\n<h4>M\u00e1s informaci\u00f3n sobre Celeste Al\u00edas y Celeste canta Chavela<\/h4>\n<p><a href=\"https:\/\/www.instagram.com\/celestealias\/?hl=es\" target=\"_blank\" rel=\"noopener\">https:\/\/www.instagram.com\/celestealias\/?hl=es<\/a><\/p>\n<p><a href=\"https:\/\/linktr.ee\/Celestealias\" target=\"_blank\" rel=\"noopener\">https:\/\/linktr.ee\/Celestealias<\/a><\/p>\n<p><a href=\"https:\/\/tomajazz.com\/web\/?s=celeste+al%C3%ADas&amp;submit=Search\" target=\"_blank\" rel=\"noopener\">https:\/\/tomajazz.com\/web\/?s=celeste+al%C3%ADas&amp;submit=Search<\/a><\/p>\n<h4>Joan Cort\u00e8s en Tomajazz<\/h4>\n<p><a href=\"https:\/\/tomajazz.com\/web\/?cat=17853\" target=\"_blank\" rel=\"noopener\">https:\/\/tomajazz.com\/web\/?cat=17853<\/a><\/p>\n","protected":false},"excerpt":{"rendered":"<p>En INSTANTZZ una galer\u00eda fotogr\u00e1fica del proyecto Celeste canta Chavela (Festival Dona Veu \/ Teatre La Societat, Ma\u00e7anet de la Selva, Barcelona), con Celeste Al\u00edas, Santi Careta y Oriol Roca. Joan Cort\u00e8s es el autor de las im\u00e1genes. <span class=\"more-link\"><a href=\"https:\/\/tomajazz.com\/web\/celeste-canta-chavela-festival-dona-veu-teatre-la-societat-macanet-de-la-selva-barcelona-2022-06-04-por-joan-cortes-instantzz-aka-galeria-fotografica-aka-fotoblog-de-jazz-impro-y-al\/\">Contin\u00faa leyendo<\/a><\/span><\/p>\n","protected":false},"author":1,"featured_media":65006,"comment_status":"open","ping_status":"closed","sticky":false,"template":"","format":"standard","meta":{"jetpack_post_was_ever_published":false,"_jetpack_newsletter_access":"","_jetpack_dont_email_post_to_subs":false,"_jetpack_newsletter_tier_id":0,"_jetpack_memberships_contains_paywalled_content":false,"_jetpack_memberships_contains_paid_content":false,"footnotes":""},"categories":[11261,17853,11262,15516,1038],"tags":[4754,27416,1041,1045,4755],"class_list":["entry","author-pachi","has-excerpt","post-65000","post","type-post","status-publish","format-standard","has-post-thumbnail","category-instantzz","category-joan-cortes","category-photoblogs","category-imagenes","category-contenidos","tag-celeste-alias","tag-chavela-vargas","tag-joan-cortes","tag-oriol-roca","tag-santi-careta"],"jetpack_featured_media_url":"https:\/\/tomajazz.com\/web\/wp-content\/uploads\/2022\/08\/06_Clst-ls-cnt-Chvl-\u00a9Joan-Cortes_04jny22_Fstvl-Dn-V_TlS_MdlS.jpg","jetpack_likes_enabled":true,"jetpack_sharing_enabled":true,"jetpack-related-posts":[{"id":16149,"url":"https:\/\/tomajazz.com\/web\/instantzz-celeste-canta-antonio-machin-centre-artesa-tradicionarius-cat-barcelona-2014-12-12\/","url_meta":{"origin":65000,"position":0},"title":"INSTANTZZ: Celeste Canta Antonio Mach\u00edn (Centre Artes\u00e0 Tradicion\u00e0rius-CAT, Barcelona. 2014-12-12)","author":"Tomajazz","date":"30 diciembre, 2014","format":false,"excerpt":"Fecha: Viernes, 12 de diciembre de 2014 Lugar: Centre Artes\u00e0 Tradicion\u00e0rius-CAT (Barcelona) Componentes: Celeste Canta Antonio Mach\u00edn Celeste Al\u00edas: voz y maracas Santi Careta: guitarras, loops, banjo y mandolina David Soler: guitarra el\u00e9ctrica, pedal-steel, lap-steel y sampler Oriol Roca: bater\u00eda Txema Rico: escenograf\u00eda Invitados: Alba Careta: trompeta Carlos Cort\u00e9s: percusi\u00f3n\u2026","rel":"","context":"En \u00ab*_Joan Cort\u00e8s\u00bb","block_context":{"text":"*_Joan Cort\u00e8s","link":"https:\/\/tomajazz.com\/web\/category\/joan-cortes\/"},"img":{"alt_text":"","src":"https:\/\/i0.wp.com\/tomajazz.com\/web\/wp-content\/uploads\/2014\/12\/08_CCM-u00A9Joan-Cortu00E8s_12des14_CATBcn.jpg?resize=350%2C200&ssl=1","width":350,"height":200,"srcset":"https:\/\/i0.wp.com\/tomajazz.com\/web\/wp-content\/uploads\/2014\/12\/08_CCM-u00A9Joan-Cortu00E8s_12des14_CATBcn.jpg?resize=350%2C200&ssl=1 1x, https:\/\/i0.wp.com\/tomajazz.com\/web\/wp-content\/uploads\/2014\/12\/08_CCM-u00A9Joan-Cortu00E8s_12des14_CATBcn.jpg?resize=525%2C300&ssl=1 1.5x"},"classes":[]},{"id":21983,"url":"https:\/\/tomajazz.com\/web\/instantzz-celeste-alias-tot-sembla-tan-senzill-homenatge-a-monserrat-abello-cafe-del-liceu-47e-voll-damm-festival-internacional-de-jazz-de-barcelona-barcelona-2015-11-14\/","url_meta":{"origin":65000,"position":1},"title":"INSTANTZZ: Celeste Al\u00edas \u201cTot sembla tan senzill (Homenatge a Monserrat Abell\u00f3)\u201d (Caf\u00e8 del Liceu, 47\u00e8 Voll-Damm Festival Internacional de Jazz de Barcelona, Barcelona. 2015-11-14)","author":"Tomajazz","date":"21 enero, 2016","format":"image","excerpt":"Fecha: S\u00e1bado, 14 de noviembre de 2015 Lugar: Caf\u00e9 del Liceu (Barcelona) Componentes: Celeste Al\u00edas, voz Laia Noguera, rapsoda Santi Careta, guitarra David Mengual, contrabajo Oriol Roca, bater\u00eda \u00a9 Joan Cort\u00e8s, 2016","rel":"","context":"En \u00ab*_Joan Cort\u00e8s\u00bb","block_context":{"text":"*_Joan Cort\u00e8s","link":"https:\/\/tomajazz.com\/web\/category\/joan-cortes\/"},"img":{"alt_text":"","src":"https:\/\/i0.wp.com\/tomajazz.com\/web\/wp-content\/uploads\/2016\/01\/03_Clst-ls-Hmntg-Mntsrrt-bll-%C2%A9Joan-Cort%C3%A8s_14nov15_Cf-Lc_47FIJB_Bcn.jpg?resize=350%2C200&ssl=1","width":350,"height":200,"srcset":"https:\/\/i0.wp.com\/tomajazz.com\/web\/wp-content\/uploads\/2016\/01\/03_Clst-ls-Hmntg-Mntsrrt-bll-%C2%A9Joan-Cort%C3%A8s_14nov15_Cf-Lc_47FIJB_Bcn.jpg?resize=350%2C200&ssl=1 1x, https:\/\/i0.wp.com\/tomajazz.com\/web\/wp-content\/uploads\/2016\/01\/03_Clst-ls-Hmntg-Mntsrrt-bll-%C2%A9Joan-Cort%C3%A8s_14nov15_Cf-Lc_47FIJB_Bcn.jpg?resize=525%2C300&ssl=1 1.5x"},"classes":[]},{"id":104766,"url":"https:\/\/tomajazz.com\/web\/invierno-femenino-2025-26-i\/","url_meta":{"origin":65000,"position":2},"title":"Invierno Femenino 2025-26 [I] Por Joan Cort\u00e8s [INSTANTZZ AKA Galer\u00eda fotogr\u00e1fica AKA Fotoblog de jazz, impro\u2026 y algo m\u00e1s]","author":"Tomajazz","date":"7 abril, 2026","format":false,"excerpt":"Un cl\u00e1sico de Joan Cort\u00e9s en Tomajazz son sus especiales Invierno Femenino, de 2025-26 en esta ocasi\u00f3n. Con Mayte Mart\u00edn, Jordina Mill\u00e0, Maria del Mar Bonet, Laia Puig, Agn\u00e8s Balfeg\u00f3-Celeste Al\u00edas-Neus Calaf, Veus Lliures, N\u00faria Andorr\u00e0, Natsuko Sugao, Ester Quevedo, Anna Ferrer, Luc\u00eda la Bronce","rel":"","context":"En \u00abInvierno Femenino 2025-26\u00bb","block_context":{"text":"Invierno Femenino 2025-26","link":"https:\/\/tomajazz.com\/web\/category\/contenidos\/especial-contenidos\/invierno-femenino-2025-26\/"},"img":{"alt_text":"INSTANTZZ: Invierno Femenino 2025-26 (I) Por Joan Cort\u00e8s [INSTANTZZ AKA Galer\u00eda fotogr\u00e1fica AKA Fotoblog de jazz, impro\u2026 y algo m\u00e1s] - Tomajazz - Un cl\u00e1sico de Joan Cort\u00e9s en Tomajazz son sus especiales Invierno Femenino, de 2025-26 en esta ocasi\u00f3n. Con Mayte Mart\u00edn, Jordina Mill\u00e0, Maria del Mar Bonet, Laia Puig, Agn\u00e8s Balfeg\u00f3-Celeste Al\u00edas-Neus Calaf, Veus Lliures, N\u00faria Andorr\u00e0, Natsuko Sugao, Ester Quevedo, Anna Ferrer, Luc\u00eda la Bronce","src":"https:\/\/i0.wp.com\/tomajazz.com\/web\/wp-content\/uploads\/2026\/04\/destacada-08-Ntsk-Sg-NS-BB-Photo-By-Joan-Cortes-24gnr26-Jmbr-3-Bcn.jpg?resize=350%2C200&ssl=1","width":350,"height":200,"srcset":"https:\/\/i0.wp.com\/tomajazz.com\/web\/wp-content\/uploads\/2026\/04\/destacada-08-Ntsk-Sg-NS-BB-Photo-By-Joan-Cortes-24gnr26-Jmbr-3-Bcn.jpg?resize=350%2C200&ssl=1 1x, https:\/\/i0.wp.com\/tomajazz.com\/web\/wp-content\/uploads\/2026\/04\/destacada-08-Ntsk-Sg-NS-BB-Photo-By-Joan-Cortes-24gnr26-Jmbr-3-Bcn.jpg?resize=525%2C300&ssl=1 1.5x"},"classes":[]},{"id":104323,"url":"https:\/\/tomajazz.com\/web\/veus-lliures-relat-barcelona-2026\/","url_meta":{"origin":65000,"position":3},"title":"Veus Lliures \u201cRelat\u201d (Cicle Guitarres \/ Museu de la M\u00fasica, 2026-01-15 \/ Barcelona) Por Joan Cort\u00e8s [INSTANTZZ AKA Galer\u00eda fotogr\u00e1fica AKA Fotoblog de jazz, impro\u2026 y algo m\u00e1s]","author":"Tomajazz","date":"7 marzo, 2026","format":false,"excerpt":"Veus Lliures \u201cRelat\u201d actu\u00f3 en el Cicle Guitarres del Museu de la M\u00fasica de Barcelona, el 15 de enero de 2026. Joan Cort\u00e8s lo retrata en INSTANTZZ","rel":"","context":"En \u00ab*_Joan Cort\u00e8s\u00bb","block_context":{"text":"*_Joan Cort\u00e8s","link":"https:\/\/tomajazz.com\/web\/category\/joan-cortes\/"},"img":{"alt_text":"Veus Lliures \u201cRelat\u201d (Cicle Guitarres \/ Museu de la M\u00fasica, 2026-01-15 \/ Barcelona) Por Joan Cort\u00e8s [INSTANTZZ AKA Galer\u00eda fotogr\u00e1fica AKA Fotoblog de jazz, impro\u2026 y algo m\u00e1s] - Tomajazz - Veus Lliures \u201cRelat\u201d actu\u00f3 en el Cicle Guitarres del Museu de la M\u00fasica de Barcelona, el 15 de enero de 2026. Joan Cort\u00e8s lo retrata en INSTANTZZ","src":"https:\/\/i0.wp.com\/tomajazz.com\/web\/wp-content\/uploads\/2026\/03\/destacada-04-Vs-Llrs-Photo-By-Joan-Cortes-22gnr26-s-d-l-Msc-Bcn.jpg?resize=350%2C200&ssl=1","width":350,"height":200,"srcset":"https:\/\/i0.wp.com\/tomajazz.com\/web\/wp-content\/uploads\/2026\/03\/destacada-04-Vs-Llrs-Photo-By-Joan-Cortes-22gnr26-s-d-l-Msc-Bcn.jpg?resize=350%2C200&ssl=1 1x, https:\/\/i0.wp.com\/tomajazz.com\/web\/wp-content\/uploads\/2026\/03\/destacada-04-Vs-Llrs-Photo-By-Joan-Cortes-22gnr26-s-d-l-Msc-Bcn.jpg?resize=525%2C300&ssl=1 1.5x"},"classes":[]},{"id":104847,"url":"https:\/\/tomajazz.com\/web\/alba-careta-group-panical-jazz-granollers-2026\/","url_meta":{"origin":65000,"position":4},"title":"Alba Careta Group \u201cPanical\u201d (36\u00e8 Jazz Granollers Festival \/ Casino, 2026-02-27 \/ Granollers -Barcelona-) [II] Por Joan Cort\u00e8s [INSTANTZZ AKA Galer\u00eda fotogr\u00e1fica AKA Fotoblog de jazz, impro\u2026 y algo m\u00e1s]","author":"Tomajazz","date":"12 abril, 2026","format":false,"excerpt":"Alba Careta Group \u201cPanical\u201d actu\u00f3 en el 36\u00e8 Jazz Granollers Festival, el 27 de febrero de 2026. Joan Cort\u00e8s lo retrata en INSTANTZZ. Alba Careta Group \u201cPanical\u201d son Alba Careta, Lucas Mart\u00ednez, Roger Santacana, Giuseppe Campisi, Jordi Pallar\u00e9s","rel":"","context":"En \u00ab36 Jazz Granollers Festival 2026\u00bb","block_context":{"text":"36 Jazz Granollers Festival 2026","link":"https:\/\/tomajazz.com\/web\/category\/contenidos\/especial-contenidos\/36-jazz-granollers-festival-2026\/"},"img":{"alt_text":"Alba Careta Group \u201cPanical\u201d (36\u00e8 Jazz Granollers Festival \/ Casino, 2026-02-27 \/ Granollers -Barcelona-) [II] Por Joan Cort\u00e8s [INSTANTZZ AKA Galer\u00eda fotogr\u00e1fica AKA Fotoblog de jazz, impro\u2026 y algo m\u00e1s] - Tomajazz - Alba Careta Group \u201cPanical\u201d actu\u00f3 en el 36\u00e8 Jazz Granollers Festival, el 27 de febrero de 2026. Joan Cort\u00e8s lo retrata en INSTANTZZ. Alba Careta Group \u201cPanical\u201d son Alba Careta, Lucas Mart\u00ednez, Roger Santacana, Giuseppe Campisi, Jordi Pallar\u00e9s\n","src":"https:\/\/i0.wp.com\/tomajazz.com\/web\/wp-content\/uploads\/2026\/04\/destacada-03-lb-Crt-Grp-Photo-by-Joan-Cortes-27fbr26-36JGF-CG-CR-Grnllrs.jpg?resize=350%2C200&ssl=1","width":350,"height":200,"srcset":"https:\/\/i0.wp.com\/tomajazz.com\/web\/wp-content\/uploads\/2026\/04\/destacada-03-lb-Crt-Grp-Photo-by-Joan-Cortes-27fbr26-36JGF-CG-CR-Grnllrs.jpg?resize=350%2C200&ssl=1 1x, https:\/\/i0.wp.com\/tomajazz.com\/web\/wp-content\/uploads\/2026\/04\/destacada-03-lb-Crt-Grp-Photo-by-Joan-Cortes-27fbr26-36JGF-CG-CR-Grnllrs.jpg?resize=525%2C300&ssl=1 1.5x"},"classes":[]},{"id":104698,"url":"https:\/\/tomajazz.com\/web\/david-mengual-maitia-llibreria-strogoff-2026\/","url_meta":{"origin":65000,"position":5},"title":"David Mengual Maitia (Sangarra \/ Llibreria Strogoff, 2026-02-19 \/ La Garriga -Barcelona-) Por Joan Cort\u00e8s [INSTANTZZ AKA Galer\u00eda fotogr\u00e1fica AKA Fotoblog de jazz, impro\u2026 y algo m\u00e1s]","author":"Tomajazz","date":"4 abril, 2026","format":false,"excerpt":"David Mengual Maitia actu\u00f3 en la Llibreria Strogoff, de La Garriga, Barcelona, el 19 de febrero de 2026. Joan Cort\u00e8s lo retrata en NSTANTZZ. David Mengual Maitia son David Mengual, Joan Mas, Marc Cuevas, Oriol Roca","rel":"","context":"En \u00ab*_Joan Cort\u00e8s\u00bb","block_context":{"text":"*_Joan Cort\u00e8s","link":"https:\/\/tomajazz.com\/web\/category\/joan-cortes\/"},"img":{"alt_text":"David Mengual Maitia (Sangarra \/ Llibreria Strogoff, 2026-02-19 \/ La Garriga -Barcelona-) Por Joan Cort\u00e8s [INSTANTZZ AKA Galer\u00eda fotogr\u00e1fica AKA Fotoblog de jazz, impro\u2026 y algo m\u00e1s] - Tomajazz - David Mengual Maitia actu\u00f3 en la Llibreria Strogoff, de La Garriga, Barcelona, el 19 de febrero de 2026. Joan Cort\u00e8s lo retrata en NSTANTZZ. David Mengual Maitia son David Mengual, Joan Mas, Marc Cuevas, Oriol Roca\n","src":"https:\/\/i0.wp.com\/tomajazz.com\/web\/wp-content\/uploads\/2026\/04\/destacada-08-Dvd-Mngl-Mt-Photo-By-Joan-Cortes-19fbr26-Ll-Strgff-L-Grrg.jpg?resize=350%2C200&ssl=1","width":350,"height":200,"srcset":"https:\/\/i0.wp.com\/tomajazz.com\/web\/wp-content\/uploads\/2026\/04\/destacada-08-Dvd-Mngl-Mt-Photo-By-Joan-Cortes-19fbr26-Ll-Strgff-L-Grrg.jpg?resize=350%2C200&ssl=1 1x, https:\/\/i0.wp.com\/tomajazz.com\/web\/wp-content\/uploads\/2026\/04\/destacada-08-Dvd-Mngl-Mt-Photo-By-Joan-Cortes-19fbr26-Ll-Strgff-L-Grrg.jpg?resize=525%2C300&ssl=1 1.5x"},"classes":[]}],"_links":{"self":[{"href":"https:\/\/tomajazz.com\/web\/wp-json\/wp\/v2\/posts\/65000","targetHints":{"allow":["GET"]}}],"collection":[{"href":"https:\/\/tomajazz.com\/web\/wp-json\/wp\/v2\/posts"}],"about":[{"href":"https:\/\/tomajazz.com\/web\/wp-json\/wp\/v2\/types\/post"}],"author":[{"embeddable":true,"href":"https:\/\/tomajazz.com\/web\/wp-json\/wp\/v2\/users\/1"}],"replies":[{"embeddable":true,"href":"https:\/\/tomajazz.com\/web\/wp-json\/wp\/v2\/comments?post=65000"}],"version-history":[{"count":1,"href":"https:\/\/tomajazz.com\/web\/wp-json\/wp\/v2\/posts\/65000\/revisions"}],"predecessor-version":[{"id":65013,"href":"https:\/\/tomajazz.com\/web\/wp-json\/wp\/v2\/posts\/65000\/revisions\/65013"}],"wp:featuredmedia":[{"embeddable":true,"href":"https:\/\/tomajazz.com\/web\/wp-json\/wp\/v2\/media\/65006"}],"wp:attachment":[{"href":"https:\/\/tomajazz.com\/web\/wp-json\/wp\/v2\/media?parent=65000"}],"wp:term":[{"taxonomy":"category","embeddable":true,"href":"https:\/\/tomajazz.com\/web\/wp-json\/wp\/v2\/categories?post=65000"},{"taxonomy":"post_tag","embeddable":true,"href":"https:\/\/tomajazz.com\/web\/wp-json\/wp\/v2\/tags?post=65000"}],"curies":[{"name":"wp","href":"https:\/\/api.w.org\/{rel}","templated":true}]}}