{"id":65059,"date":"2022-08-03T18:00:13","date_gmt":"2022-08-03T16:00:13","guid":{"rendered":"https:\/\/www.tomajazz.com\/web\/?p=65059"},"modified":"2022-08-05T20:04:21","modified_gmt":"2022-08-05T18:04:21","slug":"calexico-57-jazzaldia-2022-ii-por-jose-luis-luna-rocafort-instantzz-aka-galeria-fotografica-aka-fotoblog-de-jazz-impro-y-algo-mas","status":"publish","type":"post","link":"https:\/\/tomajazz.com\/web\/calexico-57-jazzaldia-2022-ii-por-jose-luis-luna-rocafort-instantzz-aka-galeria-fotografica-aka-fotoblog-de-jazz-impro-y-algo-mas\/","title":{"rendered":"Calexico [57 Jazzaldia 2022 II] Por Jos\u00e9 Luis Luna Rocafort [INSTANTZZ AKA Galer\u00eda fotogr\u00e1fica AKA Fotoblog de jazz, impro\u2026 y algo m\u00e1s]"},"content":{"rendered":"<p><a href=\"https:\/\/jazzaldia.eus\/es\/\" target=\"_blank\" rel=\"noopener\">57\u00ba Jazzaldia 2022<\/a><\/p>\n<ul>\n<li>Fecha: Jueves, 21 de Julio de 2022. 18:30h.<\/li>\n<li>Lugar:\u00a0 Auditorio Kursaal. Donosti.<\/li>\n<li>Grupo:<br \/>\n<b>Calexico<br \/>\n<\/b>Joey Burns:\u00a0voz, guitarra<br \/>\nJohn Convertino:\u00a0bater\u00eda<br \/>\nSergio Mendoza:\u00a0teclados,voz<br \/>\nMartin Wenk:\u00a0trompeta, guitarra,voz<br \/>\nJacob Valenzuela:\u00a0trompeta, voz<br \/>\nScott Colberg:\u00a0bajo, voz<br \/>\nBrian Lopez:\u00a0guitarra, voz<\/li>\n<\/ul>\n<p style=\"text-align: center;\"><img loading=\"lazy\" decoding=\"async\" class=\"aligncenter size-full wp-image-65060\" src=\"https:\/\/tomajazz.com\/web\/wp-content\/uploads\/2022\/08\/001-2.jpg\" alt=\"\" width=\"600\" height=\"400\" title=\"\" srcset=\"https:\/\/tomajazz.com\/web\/wp-content\/uploads\/2022\/08\/001-2.jpg 600w, https:\/\/tomajazz.com\/web\/wp-content\/uploads\/2022\/08\/001-2-200x133.jpg 200w, https:\/\/tomajazz.com\/web\/wp-content\/uploads\/2022\/08\/001-2-465x310.jpg 465w\" sizes=\"auto, (max-width: 600px) 100vw, 600px\" \/> <img loading=\"lazy\" decoding=\"async\" class=\"aligncenter size-large wp-image-65061\" src=\"https:\/\/tomajazz.com\/web\/wp-content\/uploads\/2022\/08\/002-2.jpg\" alt=\"\" width=\"600\" height=\"400\" title=\"\" srcset=\"https:\/\/tomajazz.com\/web\/wp-content\/uploads\/2022\/08\/002-2.jpg 600w, https:\/\/tomajazz.com\/web\/wp-content\/uploads\/2022\/08\/002-2-200x133.jpg 200w, https:\/\/tomajazz.com\/web\/wp-content\/uploads\/2022\/08\/002-2-465x310.jpg 465w\" sizes=\"auto, (max-width: 600px) 100vw, 600px\" \/> <img loading=\"lazy\" decoding=\"async\" class=\"aligncenter size-large wp-image-65062\" src=\"https:\/\/tomajazz.com\/web\/wp-content\/uploads\/2022\/08\/003-2.jpg\" alt=\"\" width=\"600\" height=\"400\" title=\"\" srcset=\"https:\/\/tomajazz.com\/web\/wp-content\/uploads\/2022\/08\/003-2.jpg 600w, https:\/\/tomajazz.com\/web\/wp-content\/uploads\/2022\/08\/003-2-200x133.jpg 200w, https:\/\/tomajazz.com\/web\/wp-content\/uploads\/2022\/08\/003-2-465x310.jpg 465w\" sizes=\"auto, (max-width: 600px) 100vw, 600px\" \/> <img loading=\"lazy\" decoding=\"async\" class=\"aligncenter size-large wp-image-65063\" src=\"https:\/\/tomajazz.com\/web\/wp-content\/uploads\/2022\/08\/004-2.jpg\" alt=\"\" width=\"600\" height=\"400\" title=\"\" srcset=\"https:\/\/tomajazz.com\/web\/wp-content\/uploads\/2022\/08\/004-2.jpg 600w, https:\/\/tomajazz.com\/web\/wp-content\/uploads\/2022\/08\/004-2-200x133.jpg 200w, https:\/\/tomajazz.com\/web\/wp-content\/uploads\/2022\/08\/004-2-465x310.jpg 465w\" sizes=\"auto, (max-width: 600px) 100vw, 600px\" \/> <img loading=\"lazy\" decoding=\"async\" class=\"aligncenter size-large wp-image-65064\" src=\"https:\/\/tomajazz.com\/web\/wp-content\/uploads\/2022\/08\/005-2.jpg\" alt=\"\" width=\"400\" height=\"600\" title=\"\" srcset=\"https:\/\/tomajazz.com\/web\/wp-content\/uploads\/2022\/08\/005-2.jpg 400w, https:\/\/tomajazz.com\/web\/wp-content\/uploads\/2022\/08\/005-2-133x200.jpg 133w, https:\/\/tomajazz.com\/web\/wp-content\/uploads\/2022\/08\/005-2-367x550.jpg 367w, https:\/\/tomajazz.com\/web\/wp-content\/uploads\/2022\/08\/005-2-333x500.jpg 333w\" sizes=\"auto, (max-width: 400px) 100vw, 400px\" \/> <img loading=\"lazy\" decoding=\"async\" class=\"aligncenter size-large wp-image-65065\" src=\"https:\/\/tomajazz.com\/web\/wp-content\/uploads\/2022\/08\/006-2.jpg\" alt=\"\" width=\"600\" height=\"400\" title=\"\" srcset=\"https:\/\/tomajazz.com\/web\/wp-content\/uploads\/2022\/08\/006-2.jpg 600w, https:\/\/tomajazz.com\/web\/wp-content\/uploads\/2022\/08\/006-2-200x133.jpg 200w, https:\/\/tomajazz.com\/web\/wp-content\/uploads\/2022\/08\/006-2-465x310.jpg 465w\" sizes=\"auto, (max-width: 600px) 100vw, 600px\" \/> <img loading=\"lazy\" decoding=\"async\" class=\"aligncenter size-large wp-image-65066\" src=\"https:\/\/tomajazz.com\/web\/wp-content\/uploads\/2022\/08\/007-2.jpg\" alt=\"\" width=\"600\" height=\"400\" title=\"\" srcset=\"https:\/\/tomajazz.com\/web\/wp-content\/uploads\/2022\/08\/007-2.jpg 600w, https:\/\/tomajazz.com\/web\/wp-content\/uploads\/2022\/08\/007-2-200x133.jpg 200w, https:\/\/tomajazz.com\/web\/wp-content\/uploads\/2022\/08\/007-2-465x310.jpg 465w\" sizes=\"auto, (max-width: 600px) 100vw, 600px\" \/> <img loading=\"lazy\" decoding=\"async\" class=\"aligncenter size-large wp-image-65067\" src=\"https:\/\/tomajazz.com\/web\/wp-content\/uploads\/2022\/08\/008-2.jpg\" alt=\"\" width=\"600\" height=\"400\" title=\"\" srcset=\"https:\/\/tomajazz.com\/web\/wp-content\/uploads\/2022\/08\/008-2.jpg 600w, https:\/\/tomajazz.com\/web\/wp-content\/uploads\/2022\/08\/008-2-200x133.jpg 200w, https:\/\/tomajazz.com\/web\/wp-content\/uploads\/2022\/08\/008-2-465x310.jpg 465w\" sizes=\"auto, (max-width: 600px) 100vw, 600px\" \/> <img loading=\"lazy\" decoding=\"async\" class=\"aligncenter size-large wp-image-65068\" src=\"https:\/\/tomajazz.com\/web\/wp-content\/uploads\/2022\/08\/009-2.jpg\" alt=\"\" width=\"600\" height=\"400\" title=\"\" srcset=\"https:\/\/tomajazz.com\/web\/wp-content\/uploads\/2022\/08\/009-2.jpg 600w, https:\/\/tomajazz.com\/web\/wp-content\/uploads\/2022\/08\/009-2-200x133.jpg 200w, https:\/\/tomajazz.com\/web\/wp-content\/uploads\/2022\/08\/009-2-465x310.jpg 465w\" sizes=\"auto, (max-width: 600px) 100vw, 600px\" \/> <img loading=\"lazy\" decoding=\"async\" class=\"aligncenter size-large wp-image-65069\" src=\"https:\/\/tomajazz.com\/web\/wp-content\/uploads\/2022\/08\/010-2.jpg\" alt=\"\" width=\"600\" height=\"400\" title=\"\" srcset=\"https:\/\/tomajazz.com\/web\/wp-content\/uploads\/2022\/08\/010-2.jpg 600w, https:\/\/tomajazz.com\/web\/wp-content\/uploads\/2022\/08\/010-2-200x133.jpg 200w, https:\/\/tomajazz.com\/web\/wp-content\/uploads\/2022\/08\/010-2-465x310.jpg 465w\" sizes=\"auto, (max-width: 600px) 100vw, 600px\" \/> <img loading=\"lazy\" decoding=\"async\" class=\"aligncenter size-large wp-image-65070\" src=\"https:\/\/tomajazz.com\/web\/wp-content\/uploads\/2022\/08\/011-2.jpg\" alt=\"\" width=\"600\" height=\"400\" title=\"\" srcset=\"https:\/\/tomajazz.com\/web\/wp-content\/uploads\/2022\/08\/011-2.jpg 600w, https:\/\/tomajazz.com\/web\/wp-content\/uploads\/2022\/08\/011-2-200x133.jpg 200w, https:\/\/tomajazz.com\/web\/wp-content\/uploads\/2022\/08\/011-2-465x310.jpg 465w\" sizes=\"auto, (max-width: 600px) 100vw, 600px\" \/> <img loading=\"lazy\" decoding=\"async\" class=\"aligncenter size-large wp-image-65071\" src=\"https:\/\/tomajazz.com\/web\/wp-content\/uploads\/2022\/08\/012-2.jpg\" alt=\"\" width=\"600\" height=\"400\" title=\"\" srcset=\"https:\/\/tomajazz.com\/web\/wp-content\/uploads\/2022\/08\/012-2.jpg 600w, https:\/\/tomajazz.com\/web\/wp-content\/uploads\/2022\/08\/012-2-200x133.jpg 200w, https:\/\/tomajazz.com\/web\/wp-content\/uploads\/2022\/08\/012-2-465x310.jpg 465w\" sizes=\"auto, (max-width: 600px) 100vw, 600px\" \/> <img loading=\"lazy\" decoding=\"async\" class=\"aligncenter size-large wp-image-65072\" src=\"https:\/\/tomajazz.com\/web\/wp-content\/uploads\/2022\/08\/013-2.jpg\" alt=\"\" width=\"600\" height=\"400\" title=\"\" srcset=\"https:\/\/tomajazz.com\/web\/wp-content\/uploads\/2022\/08\/013-2.jpg 600w, https:\/\/tomajazz.com\/web\/wp-content\/uploads\/2022\/08\/013-2-200x133.jpg 200w, https:\/\/tomajazz.com\/web\/wp-content\/uploads\/2022\/08\/013-2-465x310.jpg 465w\" sizes=\"auto, (max-width: 600px) 100vw, 600px\" \/> <img loading=\"lazy\" decoding=\"async\" class=\"aligncenter size-large wp-image-65073\" src=\"https:\/\/tomajazz.com\/web\/wp-content\/uploads\/2022\/08\/014-2.jpg\" alt=\"\" width=\"600\" height=\"400\" title=\"\" srcset=\"https:\/\/tomajazz.com\/web\/wp-content\/uploads\/2022\/08\/014-2.jpg 600w, https:\/\/tomajazz.com\/web\/wp-content\/uploads\/2022\/08\/014-2-200x133.jpg 200w, https:\/\/tomajazz.com\/web\/wp-content\/uploads\/2022\/08\/014-2-465x310.jpg 465w\" sizes=\"auto, (max-width: 600px) 100vw, 600px\" \/><\/p>\n<p style=\"text-align: right;\">Tomajazz:\u00a0\u00a9\u00a0<strong><a href=\"https:\/\/www.facebook.com\/joseluis.lunarocafort\" target=\"_blank\" rel=\"noopener\">Jos\u00e9 Luis Luna Rocafort<\/a><\/strong>, 2022<\/p>\n<h4>M\u00e1s informaci\u00f3n sobre Calexico<\/h4>\n<p><a href=\"https:\/\/www.casadecalexico.com\/\" target=\"_blank\" rel=\"noopener\">https:\/\/www.casadecalexico.com\/<\/a><\/p>\n<h4>M\u00e1s informaci\u00f3n sobre Jazzaldia 2022<\/h4>\n<p><a href=\"https:\/\/jazzaldia.eus\/es\/\" target=\"_blank\" rel=\"noopener\">https:\/\/jazzaldia.eus\/es\/<\/a><\/p>\n<h4>57 Jazzaldia 2022 en Tomajazz<\/h4>\n<blockquote class=\"wp-embedded-content\" data-secret=\"WQdKZnD05w\"><p><a href=\"https:\/\/tomajazz.com\/web\/simple-minds-57-jazzaldia-2022-i-por-jose-luis-luna-rocafort-instantzz-aka-galeria-fotografica-aka-fotoblog-de-jazz-impro-y-algo-mas\/\">Simple Minds [57 Jazzaldia 2022 I]  Por Jos\u00e9 Luis Luna Rocafort [INSTANTZZ AKA Galer\u00eda fotogr\u00e1fica AKA Fotoblog de jazz, impro\u2026 y algo m\u00e1s]<\/a><\/p><\/blockquote>\n<p><iframe loading=\"lazy\" class=\"wp-embedded-content\" sandbox=\"allow-scripts\" security=\"restricted\" style=\"position: absolute; visibility: hidden;\" title=\"\u00abSimple Minds [57 Jazzaldia 2022 I]  Por Jos\u00e9 Luis Luna Rocafort [INSTANTZZ AKA Galer\u00eda fotogr\u00e1fica AKA Fotoblog de jazz, impro\u2026 y algo m\u00e1s]\u00bb \u2014 Tomajazz\" src=\"https:\/\/tomajazz.com\/web\/simple-minds-57-jazzaldia-2022-i-por-jose-luis-luna-rocafort-instantzz-aka-galeria-fotografica-aka-fotoblog-de-jazz-impro-y-algo-mas\/embed\/#?secret=g1G9YUHIAc#?secret=WQdKZnD05w\" data-secret=\"WQdKZnD05w\" width=\"600\" height=\"338\" frameborder=\"0\" marginwidth=\"0\" marginheight=\"0\" scrolling=\"no\"><\/iframe><\/p>\n<h4>Jos\u00e9 Luis Luna Rocafort en Tomajazz<\/h4>\n<p><a href=\"https:\/\/tomajazz.com\/web\/?cat=17846\" target=\"_blank\" rel=\"noopener\">https:\/\/tomajazz.com\/web\/?cat=17846<\/a><\/p>\n","protected":false},"excerpt":{"rendered":"<p>Calexico es el segundo grupo que pasa por el especial de INSTANTZZ dedicado al Jazzaldia 2022 de San Sebastian. Jos\u00e9 Luis Luna Rocafort es el autor de las im\u00e1genes. <span class=\"more-link\"><a href=\"https:\/\/tomajazz.com\/web\/calexico-57-jazzaldia-2022-ii-por-jose-luis-luna-rocafort-instantzz-aka-galeria-fotografica-aka-fotoblog-de-jazz-impro-y-algo-mas\/\">Contin\u00faa leyendo<\/a><\/span><\/p>\n","protected":false},"author":1,"featured_media":65069,"comment_status":"open","ping_status":"closed","sticky":false,"template":"","format":"standard","meta":{"_jetpack_newsletter_access":"","_jetpack_dont_email_post_to_subs":false,"_jetpack_newsletter_tier_id":0,"_jetpack_memberships_contains_paywalled_content":false,"_jetpack_feature_clip_id":0,"_jetpack_memberships_contains_paid_content":false,"footnotes":"","jetpack_post_was_ever_published":false},"categories":[11261,17846,27405,11262,15516,1038],"tags":[27067,27438,27439,27437,27430,27066,27409,12424,27429,27435,27408,27431,27432,10088,27434,27436,27433],"class_list":["entry","author-pachi","has-excerpt","post-65059","post","type-post","status-publish","format-standard","has-post-thumbnail","category-instantzz","category-jose-luis-luna-rocafort","category-especial-jazzaldia-2022","category-photoblogs","category-imagenes","category-contenidos","tag-57-donostiako-jazzaldia-2022","tag-57-festival-de-jazz-de-san-sebastian","tag-57-festival-de-jazz-de-san-sebastian-2022","tag-brian-lopez","tag-calexico","tag-donostiako-jazzaldia","tag-donostiako-jazzaldia-2022","tag-festival-de-jazz-de-san-sebastian","tag-festival-de-jazz-de-san-sebastian-2022","tag-jacob-valenzuela","tag-jazzaldia-2022","tag-joey-burns","tag-john-convertino","tag-jose-luis-luna-rocafort","tag-martin-wenk","tag-scott-colbert","tag-sergio-mendoza"],"jetpack_likes_enabled":true,"jetpack_sharing_enabled":true,"jetpack-related-posts":[{"id":106757,"url":"https:\/\/tomajazz.com\/web\/lp-jazzaldia-2026\/","url_meta":{"origin":65059,"position":0},"title":"LP (61 Jazzaldia 2026. Donosti. 2026-07-22) Por Jos\u00e9 Luis Luna Rocafort [INSTANTZZ AKA Galer\u00eda fotogr\u00e1fica AKA Fotoblog de jazz, impro\u2026 y algo m\u00e1s]","author":"Tomajazz","date":"26 agosto, 2026","format":false,"excerpt":"LP actu\u00f3 en el 61 Jazzaldia 2026. Jos\u00e9 Luis Luna Rocafort lo retrata en INSTANTZZ. LP son Laura Pergolizzi, Andrew Martin, J. Ryan Kern, Jermaine Butler, Benjamin Hilzinger","rel":"","context":"En \u00ab61 Festival de Jazz de San Sebasti\u00e1n 2026 \u2013 Jazzaldia 2026\u00bb","block_context":{"text":"61 Festival de Jazz de San Sebasti\u00e1n 2026 \u2013 Jazzaldia 2026","link":"https:\/\/tomajazz.com\/web\/category\/contenidos\/especial-contenidos\/61-festival-de-jazz-de-san-sebastian-2026-jazzaldia-2026\/"},"img":{"alt_text":"LP (61 Jazzaldia 2026. Donosti. 2026-07-22) Por Jos\u00e9 Luis Luna Rocafort [INSTANTZZ AKA Galer\u00eda fotogr\u00e1fica AKA Fotoblog de jazz, impro\u2026 y algo m\u00e1s] - Tomajazz - LP actu\u00f3 en el 61 Jazzaldia 2026. Jos\u00e9 Luis Luna Rocafort lo retrata en INSTANTZZ. LP son Laura Pergolizzi, Andrew Martin, J. Ryan Kern, Jermaine Butler, Benjamin Hilzinger","src":"https:\/\/i0.wp.com\/tomajazz.com\/web\/wp-content\/uploads\/2026\/08\/014-11.jpg?resize=350%2C200&ssl=1","width":350,"height":200,"srcset":"https:\/\/i0.wp.com\/tomajazz.com\/web\/wp-content\/uploads\/2026\/08\/014-11.jpg?resize=350%2C200&ssl=1 1x, https:\/\/i0.wp.com\/tomajazz.com\/web\/wp-content\/uploads\/2026\/08\/014-11.jpg?resize=525%2C300&ssl=1 1.5x"},"classes":[]},{"id":106645,"url":"https:\/\/tomajazz.com\/web\/carmen-lundy-jazzaldia-2026\/","url_meta":{"origin":65059,"position":1},"title":"Carmen Lundy (61 Jazzaldia 2026. Teatro\u00a0Victoria Eugenia. Donosti. 2026-07-22) Por Jos\u00e9 Luis Luna Rocafort [INSTANTZZ AKA Galer\u00eda fotogr\u00e1fica AKA Fotoblog de jazz, impro\u2026 y algo m\u00e1s]","author":"Tomajazz","date":"21 agosto, 2026","format":false,"excerpt":"Carmen Lundy actu\u00f3 en el 61 Jazzaldia 2026. Jos\u00e9 Luis Luna Rocafort lo retrata en INSTANTZZ. Actuaron Carmen Lundy, Andrew Renfroe, Julius Rodr\u00edguez, Darryll Hall, Terreon Gulley","rel":"","context":"En \u00ab61 Festival de Jazz de San Sebasti\u00e1n 2026 \u2013 Jazzaldia 2026\u00bb","block_context":{"text":"61 Festival de Jazz de San Sebasti\u00e1n 2026 \u2013 Jazzaldia 2026","link":"https:\/\/tomajazz.com\/web\/category\/contenidos\/especial-contenidos\/61-festival-de-jazz-de-san-sebastian-2026-jazzaldia-2026\/"},"img":{"alt_text":"Carmen Lundy (61 Jazzaldia 2026. Teatro\u00a0Victoria Eugenia. Donosti. 2026-07-22) Por Jos\u00e9 Luis Luna Rocafort [INSTANTZZ AKA Galer\u00eda fotogr\u00e1fica AKA Fotoblog de jazz, impro\u2026 y algo m\u00e1s] - Tomajazz - Carmen Lundy actu\u00f3 en el 61 Jazzaldia 2026. Jos\u00e9 Luis Luna Rocafort lo retrata en INSTANTZZ. Actuaron Carmen Lundy, Andrew Renfroe, Julius Rodr\u00edguez, Darryll Hall, Terreon Gulley","src":"https:\/\/i0.wp.com\/tomajazz.com\/web\/wp-content\/uploads\/2026\/08\/016-8.jpg?resize=350%2C200&ssl=1","width":350,"height":200,"srcset":"https:\/\/i0.wp.com\/tomajazz.com\/web\/wp-content\/uploads\/2026\/08\/016-8.jpg?resize=350%2C200&ssl=1 1x, https:\/\/i0.wp.com\/tomajazz.com\/web\/wp-content\/uploads\/2026\/08\/016-8.jpg?resize=525%2C300&ssl=1 1.5x"},"classes":[]},{"id":106922,"url":"https:\/\/tomajazz.com\/web\/david-murray-quartet-jazzaldia-2026\/","url_meta":{"origin":65059,"position":2},"title":"David Murray Quartet (61 Jazzaldia 2026. Donosti. 2026-07-23) Por Jos\u00e9 Luis Luna Rocafort [INSTANTZZ AKA Galer\u00eda fotogr\u00e1fica AKA Fotoblog de jazz, impro\u2026 y algo m\u00e1s]","author":"Tomajazz","date":"1 septiembre, 2026","format":false,"excerpt":"David Murray Quartet actu\u00f3 en el 61 Jazzaldia 2026, el 23 de julio de 2026. Jos\u00e9 Luis Luna Rocafort lo retrata en INSTANTZZ. Actuaron David Murray, Marta S\u00e1nchez, Luke Steward, Russell Carter, Francesca Cinelli","rel":"","context":"En \u00ab61 Festival de Jazz de San Sebasti\u00e1n 2026 \u2013 Jazzaldia 2026\u00bb","block_context":{"text":"61 Festival de Jazz de San Sebasti\u00e1n 2026 \u2013 Jazzaldia 2026","link":"https:\/\/tomajazz.com\/web\/category\/contenidos\/especial-contenidos\/61-festival-de-jazz-de-san-sebastian-2026-jazzaldia-2026\/"},"img":{"alt_text":"David Murray Quartet (61 Jazzaldia 2026. Donosti. 2026-07-23) Por Jos\u00e9 Luis Luna Rocafort [INSTANTZZ AKA Galer\u00eda fotogr\u00e1fica AKA Fotoblog de jazz, impro\u2026 y algo m\u00e1s] - Tomajazz - David Murray Quartet actu\u00f3 en el 61 Jazzaldia 2026, el 23 de julio de 2026. Jos\u00e9 Luis Luna Rocafort lo retrata en INSTANTZZ. Actuaron David Murray, Marta S\u00e1nchez, Luke Steward, Russell Carter, Francesca Cinelli","src":"https:\/\/i0.wp.com\/tomajazz.com\/web\/wp-content\/uploads\/2026\/08\/005-17.jpg?resize=350%2C200&ssl=1","width":350,"height":200,"srcset":"https:\/\/i0.wp.com\/tomajazz.com\/web\/wp-content\/uploads\/2026\/08\/005-17.jpg?resize=350%2C200&ssl=1 1x, https:\/\/i0.wp.com\/tomajazz.com\/web\/wp-content\/uploads\/2026\/08\/005-17.jpg?resize=525%2C300&ssl=1 1.5x"},"classes":[]},{"id":65123,"url":"https:\/\/tomajazz.com\/web\/iggy-pop-57-jazzaldia-2022-iii-por-jose-luis-luna-rocafort-instantzz-aka-galeria-fotografica-aka-fotoblog-de-jazz-impro-y-algo-mas\/","url_meta":{"origin":65059,"position":3},"title":"Iggy Pop [57 Jazzaldia 2022 III] Por Jos\u00e9 Luis Luna Rocafort [INSTANTZZ AKA Galer\u00eda fotogr\u00e1fica AKA Fotoblog de jazz, impro\u2026 y algo m\u00e1s]","author":"Tomajazz","date":"5 agosto, 2022","format":false,"excerpt":"Iggy Pop es el protagonista de la tercera entrega en INSTANTZZ dedicada al 57 Jazzaldia 2022. Jos\u00e9 Luis Luna Rocafort es el autor de la galer\u00eda fotogr\u00e1fica.","rel":"","context":"En \u00abINSTANTZZ\u00bb","block_context":{"text":"INSTANTZZ","link":"https:\/\/tomajazz.com\/web\/category\/contenidos\/imagenes\/photoblogs\/instantzz\/"},"img":{"alt_text":"Iggy Pop [57 Jazzaldia 2022 III] Por Jos\u00e9 Luis Luna Rocafort [INSTANTZZ AKA Galer\u00eda fotogr\u00e1fica AKA Fotoblog de jazz, impro\u2026 y algo m\u00e1s]","src":"https:\/\/i0.wp.com\/tomajazz.com\/web\/wp-content\/uploads\/2022\/08\/001-4.jpg?resize=350%2C200&ssl=1","width":350,"height":200,"srcset":"https:\/\/i0.wp.com\/tomajazz.com\/web\/wp-content\/uploads\/2022\/08\/001-4.jpg?resize=350%2C200&ssl=1 1x, https:\/\/i0.wp.com\/tomajazz.com\/web\/wp-content\/uploads\/2022\/08\/001-4.jpg?resize=525%2C300&ssl=1 1.5x"},"classes":[]},{"id":65173,"url":"https:\/\/tomajazz.com\/web\/yann-tiersen-57-jazzaldia-2022-iv-por-jose-luis-luna-rocafort-instantzz-aka-galeria-fotografica-aka-fotoblog-de-jazz-impro-y-algo-mas\/","url_meta":{"origin":65059,"position":4},"title":"Yann Tiersen [57 Jazzaldia 2022 IV] Por Jos\u00e9 Luis Luna Rocafort [INSTANTZZ AKA Galer\u00eda fotogr\u00e1fica AKA Fotoblog de jazz, impro\u2026 y algo m\u00e1s]","author":"Tomajazz","date":"8 agosto, 2022","format":false,"excerpt":"Yann Tiersen es el protagonista de la cuarta entrega en INSTANTZZ dedicado al 57 Jazzaldia 2022. Jos\u00e9 Luis Luna Rocafort es el autor de las fotograf\u00edas. @Jazzaldia","rel":"","context":"En \u00abINSTANTZZ\u00bb","block_context":{"text":"INSTANTZZ","link":"https:\/\/tomajazz.com\/web\/category\/contenidos\/imagenes\/photoblogs\/instantzz\/"},"img":{"alt_text":"Yann Tiersen [57 Jazzaldia 2022 IV] Por Jos\u00e9 Luis Luna Rocafort [INSTANTZZ AKA Galer\u00eda fotogr\u00e1fica AKA Fotoblog de jazz, impro\u2026 y algo m\u00e1s]","src":"https:\/\/i0.wp.com\/tomajazz.com\/web\/wp-content\/uploads\/2022\/08\/001-6.jpg?resize=350%2C200&ssl=1","width":350,"height":200,"srcset":"https:\/\/i0.wp.com\/tomajazz.com\/web\/wp-content\/uploads\/2022\/08\/001-6.jpg?resize=350%2C200&ssl=1 1x, https:\/\/i0.wp.com\/tomajazz.com\/web\/wp-content\/uploads\/2022\/08\/001-6.jpg?resize=525%2C300&ssl=1 1.5x"},"classes":[]},{"id":65490,"url":"https:\/\/tomajazz.com\/web\/gregario-de-luxe-57-jazzaldia-2022\/","url_meta":{"origin":65059,"position":5},"title":"Gregario de Luxe [57 Jazzaldia 2022 VIII] Por Jos\u00e9 Luis Luna Rocafort [INSTANTZZ AKA Galer\u00eda fotogr\u00e1fica AKA Fotoblog de jazz, impro\u2026 y algo m\u00e1s]","author":"Tomajazz","date":"17 agosto, 2022","format":false,"excerpt":"Las im\u00e1genes de Gregario de Luxe a su paso por Jazzaldia 2022 de San Sebasti\u00e1n en la octava entrega del especial en INSTANTZZ. Jos\u00e9 Luis Luna Rocafort es el autor de las im\u00e1genes.","rel":"","context":"En \u00abEspecial Jazzaldia 2022\u00bb","block_context":{"text":"Especial Jazzaldia 2022","link":"https:\/\/tomajazz.com\/web\/category\/contenidos\/especial-contenidos\/especial-jazzaldia-2022\/"},"img":{"alt_text":"Gregario de Luxe [57 Jazzaldia 2022 VIII] Por Jos\u00e9 Luis Luna Rocafort [INSTANTZZ AKA Galer\u00eda fotogr\u00e1fica AKA Fotoblog de jazz, impro\u2026 y algo m\u00e1s]","src":"https:\/\/i0.wp.com\/tomajazz.com\/web\/wp-content\/uploads\/2022\/08\/002-14.jpg?resize=350%2C200&ssl=1","width":350,"height":200,"srcset":"https:\/\/i0.wp.com\/tomajazz.com\/web\/wp-content\/uploads\/2022\/08\/002-14.jpg?resize=350%2C200&ssl=1 1x, https:\/\/i0.wp.com\/tomajazz.com\/web\/wp-content\/uploads\/2022\/08\/002-14.jpg?resize=525%2C300&ssl=1 1.5x"},"classes":[]}],"jetpack_featured_media_url":"https:\/\/tomajazz.com\/web\/wp-content\/uploads\/2022\/08\/010-2.jpg","_links":{"self":[{"href":"https:\/\/tomajazz.com\/web\/wp-json\/wp\/v2\/posts\/65059","targetHints":{"allow":["GET"]}}],"collection":[{"href":"https:\/\/tomajazz.com\/web\/wp-json\/wp\/v2\/posts"}],"about":[{"href":"https:\/\/tomajazz.com\/web\/wp-json\/wp\/v2\/types\/post"}],"author":[{"embeddable":true,"href":"https:\/\/tomajazz.com\/web\/wp-json\/wp\/v2\/users\/1"}],"replies":[{"embeddable":true,"href":"https:\/\/tomajazz.com\/web\/wp-json\/wp\/v2\/comments?post=65059"}],"version-history":[{"count":1,"href":"https:\/\/tomajazz.com\/web\/wp-json\/wp\/v2\/posts\/65059\/revisions"}],"predecessor-version":[{"id":65074,"href":"https:\/\/tomajazz.com\/web\/wp-json\/wp\/v2\/posts\/65059\/revisions\/65074"}],"wp:featuredmedia":[{"embeddable":true,"href":"https:\/\/tomajazz.com\/web\/wp-json\/wp\/v2\/media\/65069"}],"wp:attachment":[{"href":"https:\/\/tomajazz.com\/web\/wp-json\/wp\/v2\/media?parent=65059"}],"wp:term":[{"taxonomy":"category","embeddable":true,"href":"https:\/\/tomajazz.com\/web\/wp-json\/wp\/v2\/categories?post=65059"},{"taxonomy":"post_tag","embeddable":true,"href":"https:\/\/tomajazz.com\/web\/wp-json\/wp\/v2\/tags?post=65059"}],"curies":[{"name":"wp","href":"https:\/\/api.w.org\/{rel}","templated":true}]}}