{"id":65106,"date":"2022-08-05T12:00:52","date_gmt":"2022-08-05T10:00:52","guid":{"rendered":"https:\/\/www.tomajazz.com\/web\/?p=65106"},"modified":"2022-08-07T20:13:57","modified_gmt":"2022-08-07T18:13:57","slug":"veronica-ferreiro-javier-sanchez-especial-jazzene-2022-iii-por-jose-luis-luna-rocafort-instantzz-aka-galeria-fotografica-aka-fotoblog-de-jazz-impro-y-algo-mas","status":"publish","type":"post","link":"https:\/\/tomajazz.com\/web\/veronica-ferreiro-javier-sanchez-especial-jazzene-2022-iii-por-jose-luis-luna-rocafort-instantzz-aka-galeria-fotografica-aka-fotoblog-de-jazz-impro-y-algo-mas\/","title":{"rendered":"Ver\u00f3nica Ferreiro &#038; Javier S\u00e1nchez [Especial Jazze\u00f1e 2022 III]  Por Jos\u00e9 Luis Luna Rocafort [INSTANTZZ AKA Galer\u00eda fotogr\u00e1fica AKA Fotoblog de jazz, impro\u2026 y algo m\u00e1s]"},"content":{"rendered":"<p><a href=\"https:\/\/fundacionsgae.org\/actividad\/seleccionados-jazz-ene-2022\/\" target=\"_blank\" rel=\"noopener\">JazzE\u00f1e 2022. Organizado por la Fundaci\u00f3n SGAE<\/a><\/p>\n<ul>\n<li>Fecha: Viernes, 22 de Julio de 2022. 12:30h.<\/li>\n<li>Lugar:\u00a0 Teatro Victoria Eugenia. Donosti.<\/li>\n<li>Grupo:<br \/>\n<b>Ver\u00f3nica Ferreiro &amp; Javier S\u00e1nchez<br \/>\n<\/b>Ver\u00f3nica Ferreiro: voz<br \/>\nJavier S\u00e1nchez: guitarra el\u00e9ctrica<br \/>\nMois\u00e9s P. S\u00e1nchez: piano y piano el\u00e9ctrico<br \/>\nAnder Garc\u00eda: bajo el\u00e9ctrico y contrabajo<br \/>\nAndr\u00e9s Litwin: bater\u00eda<\/li>\n<\/ul>\n<p style=\"text-align: center;\"><img loading=\"lazy\" decoding=\"async\" class=\"aligncenter size-full wp-image-65107\" src=\"https:\/\/tomajazz.com\/web\/wp-content\/uploads\/2022\/08\/001-3.jpg\" alt=\"\" width=\"600\" height=\"400\" title=\"\" srcset=\"https:\/\/tomajazz.com\/web\/wp-content\/uploads\/2022\/08\/001-3.jpg 600w, https:\/\/tomajazz.com\/web\/wp-content\/uploads\/2022\/08\/001-3-200x133.jpg 200w, https:\/\/tomajazz.com\/web\/wp-content\/uploads\/2022\/08\/001-3-465x310.jpg 465w\" sizes=\"auto, (max-width: 600px) 100vw, 600px\" \/> <img loading=\"lazy\" decoding=\"async\" class=\"aligncenter size-large wp-image-65108\" src=\"https:\/\/tomajazz.com\/web\/wp-content\/uploads\/2022\/08\/002-3.jpg\" alt=\"\" width=\"600\" height=\"400\" title=\"\" srcset=\"https:\/\/tomajazz.com\/web\/wp-content\/uploads\/2022\/08\/002-3.jpg 600w, https:\/\/tomajazz.com\/web\/wp-content\/uploads\/2022\/08\/002-3-200x133.jpg 200w, https:\/\/tomajazz.com\/web\/wp-content\/uploads\/2022\/08\/002-3-465x310.jpg 465w\" sizes=\"auto, (max-width: 600px) 100vw, 600px\" \/> <img loading=\"lazy\" decoding=\"async\" class=\"aligncenter size-large wp-image-65109\" src=\"https:\/\/tomajazz.com\/web\/wp-content\/uploads\/2022\/08\/003-3.jpg\" alt=\"\" width=\"600\" height=\"400\" title=\"\" srcset=\"https:\/\/tomajazz.com\/web\/wp-content\/uploads\/2022\/08\/003-3.jpg 600w, https:\/\/tomajazz.com\/web\/wp-content\/uploads\/2022\/08\/003-3-200x133.jpg 200w, https:\/\/tomajazz.com\/web\/wp-content\/uploads\/2022\/08\/003-3-465x310.jpg 465w\" sizes=\"auto, (max-width: 600px) 100vw, 600px\" \/> <img loading=\"lazy\" decoding=\"async\" class=\"aligncenter size-large wp-image-65110\" src=\"https:\/\/tomajazz.com\/web\/wp-content\/uploads\/2022\/08\/004-3.jpg\" alt=\"\" width=\"400\" height=\"600\" title=\"\" srcset=\"https:\/\/tomajazz.com\/web\/wp-content\/uploads\/2022\/08\/004-3.jpg 400w, https:\/\/tomajazz.com\/web\/wp-content\/uploads\/2022\/08\/004-3-133x200.jpg 133w, https:\/\/tomajazz.com\/web\/wp-content\/uploads\/2022\/08\/004-3-367x550.jpg 367w, https:\/\/tomajazz.com\/web\/wp-content\/uploads\/2022\/08\/004-3-333x500.jpg 333w\" sizes=\"auto, (max-width: 400px) 100vw, 400px\" \/> <img loading=\"lazy\" decoding=\"async\" class=\"aligncenter size-large wp-image-65111\" src=\"https:\/\/tomajazz.com\/web\/wp-content\/uploads\/2022\/08\/005-3.jpg\" alt=\"\" width=\"600\" height=\"400\" title=\"\" srcset=\"https:\/\/tomajazz.com\/web\/wp-content\/uploads\/2022\/08\/005-3.jpg 600w, https:\/\/tomajazz.com\/web\/wp-content\/uploads\/2022\/08\/005-3-200x133.jpg 200w, https:\/\/tomajazz.com\/web\/wp-content\/uploads\/2022\/08\/005-3-465x310.jpg 465w\" sizes=\"auto, (max-width: 600px) 100vw, 600px\" \/> <img loading=\"lazy\" decoding=\"async\" class=\"aligncenter size-large wp-image-65112\" src=\"https:\/\/tomajazz.com\/web\/wp-content\/uploads\/2022\/08\/006-3.jpg\" alt=\"\" width=\"600\" height=\"400\" title=\"\" srcset=\"https:\/\/tomajazz.com\/web\/wp-content\/uploads\/2022\/08\/006-3.jpg 600w, https:\/\/tomajazz.com\/web\/wp-content\/uploads\/2022\/08\/006-3-200x133.jpg 200w, https:\/\/tomajazz.com\/web\/wp-content\/uploads\/2022\/08\/006-3-465x310.jpg 465w\" sizes=\"auto, (max-width: 600px) 100vw, 600px\" \/> <img loading=\"lazy\" decoding=\"async\" class=\"aligncenter size-large wp-image-65113\" src=\"https:\/\/tomajazz.com\/web\/wp-content\/uploads\/2022\/08\/007-3.jpg\" alt=\"\" width=\"600\" height=\"400\" title=\"\" srcset=\"https:\/\/tomajazz.com\/web\/wp-content\/uploads\/2022\/08\/007-3.jpg 600w, https:\/\/tomajazz.com\/web\/wp-content\/uploads\/2022\/08\/007-3-200x133.jpg 200w, https:\/\/tomajazz.com\/web\/wp-content\/uploads\/2022\/08\/007-3-465x310.jpg 465w\" sizes=\"auto, (max-width: 600px) 100vw, 600px\" \/> <img loading=\"lazy\" decoding=\"async\" class=\"aligncenter size-large wp-image-65114\" src=\"https:\/\/tomajazz.com\/web\/wp-content\/uploads\/2022\/08\/008-3.jpg\" alt=\"\" width=\"600\" height=\"400\" title=\"\" srcset=\"https:\/\/tomajazz.com\/web\/wp-content\/uploads\/2022\/08\/008-3.jpg 600w, https:\/\/tomajazz.com\/web\/wp-content\/uploads\/2022\/08\/008-3-200x133.jpg 200w, https:\/\/tomajazz.com\/web\/wp-content\/uploads\/2022\/08\/008-3-465x310.jpg 465w\" sizes=\"auto, (max-width: 600px) 100vw, 600px\" \/> <img loading=\"lazy\" decoding=\"async\" class=\"aligncenter size-large wp-image-65115\" src=\"https:\/\/tomajazz.com\/web\/wp-content\/uploads\/2022\/08\/009-3.jpg\" alt=\"\" width=\"600\" height=\"400\" title=\"\" srcset=\"https:\/\/tomajazz.com\/web\/wp-content\/uploads\/2022\/08\/009-3.jpg 600w, https:\/\/tomajazz.com\/web\/wp-content\/uploads\/2022\/08\/009-3-200x133.jpg 200w, https:\/\/tomajazz.com\/web\/wp-content\/uploads\/2022\/08\/009-3-465x310.jpg 465w\" sizes=\"auto, (max-width: 600px) 100vw, 600px\" \/> <img loading=\"lazy\" decoding=\"async\" class=\"aligncenter size-large wp-image-65116\" src=\"https:\/\/tomajazz.com\/web\/wp-content\/uploads\/2022\/08\/010-3.jpg\" alt=\"\" width=\"600\" height=\"400\" title=\"\" srcset=\"https:\/\/tomajazz.com\/web\/wp-content\/uploads\/2022\/08\/010-3.jpg 600w, https:\/\/tomajazz.com\/web\/wp-content\/uploads\/2022\/08\/010-3-200x133.jpg 200w, https:\/\/tomajazz.com\/web\/wp-content\/uploads\/2022\/08\/010-3-465x310.jpg 465w\" sizes=\"auto, (max-width: 600px) 100vw, 600px\" \/> <img loading=\"lazy\" decoding=\"async\" class=\"aligncenter size-large wp-image-65117\" src=\"https:\/\/tomajazz.com\/web\/wp-content\/uploads\/2022\/08\/011-3.jpg\" alt=\"\" width=\"600\" height=\"400\" title=\"\" srcset=\"https:\/\/tomajazz.com\/web\/wp-content\/uploads\/2022\/08\/011-3.jpg 600w, https:\/\/tomajazz.com\/web\/wp-content\/uploads\/2022\/08\/011-3-200x133.jpg 200w, https:\/\/tomajazz.com\/web\/wp-content\/uploads\/2022\/08\/011-3-465x310.jpg 465w\" sizes=\"auto, (max-width: 600px) 100vw, 600px\" \/> <img loading=\"lazy\" decoding=\"async\" class=\"aligncenter size-large wp-image-65118\" src=\"https:\/\/tomajazz.com\/web\/wp-content\/uploads\/2022\/08\/012-3.jpg\" alt=\"\" width=\"600\" height=\"400\" title=\"\" srcset=\"https:\/\/tomajazz.com\/web\/wp-content\/uploads\/2022\/08\/012-3.jpg 600w, https:\/\/tomajazz.com\/web\/wp-content\/uploads\/2022\/08\/012-3-200x133.jpg 200w, https:\/\/tomajazz.com\/web\/wp-content\/uploads\/2022\/08\/012-3-465x310.jpg 465w\" sizes=\"auto, (max-width: 600px) 100vw, 600px\" \/> <img loading=\"lazy\" decoding=\"async\" class=\"aligncenter size-large wp-image-65119\" src=\"https:\/\/tomajazz.com\/web\/wp-content\/uploads\/2022\/08\/013-3.jpg\" alt=\"\" width=\"600\" height=\"400\" title=\"\" srcset=\"https:\/\/tomajazz.com\/web\/wp-content\/uploads\/2022\/08\/013-3.jpg 600w, https:\/\/tomajazz.com\/web\/wp-content\/uploads\/2022\/08\/013-3-200x133.jpg 200w, https:\/\/tomajazz.com\/web\/wp-content\/uploads\/2022\/08\/013-3-465x310.jpg 465w\" sizes=\"auto, (max-width: 600px) 100vw, 600px\" \/> <img loading=\"lazy\" decoding=\"async\" class=\"aligncenter size-large wp-image-65120\" src=\"https:\/\/tomajazz.com\/web\/wp-content\/uploads\/2022\/08\/014-3.jpg\" alt=\"\" width=\"600\" height=\"400\" title=\"\" srcset=\"https:\/\/tomajazz.com\/web\/wp-content\/uploads\/2022\/08\/014-3.jpg 600w, https:\/\/tomajazz.com\/web\/wp-content\/uploads\/2022\/08\/014-3-200x133.jpg 200w, https:\/\/tomajazz.com\/web\/wp-content\/uploads\/2022\/08\/014-3-465x310.jpg 465w\" sizes=\"auto, (max-width: 600px) 100vw, 600px\" \/><\/p>\n<p style=\"text-align: right;\">Tomajazz:\u00a0\u00a9\u00a0<strong><a href=\"https:\/\/www.facebook.com\/joseluis.lunarocafort\" target=\"_blank\" rel=\"noopener\">Jos\u00e9 Luis Luna Rocafort<\/a><\/strong>, 2022<\/p>\n<h4>M\u00e1s informaci\u00f3n sobre <b>Ver\u00f3nica Ferreiro y Javier S\u00e1nchez<\/b><\/h4>\n<p><a href=\"https:\/\/www.veronicaferreiro.es\/\" target=\"_blank\" rel=\"noopener\">https:\/\/www.veronicaferreiro.es\/<\/a><\/p>\n<p><a href=\"https:\/\/www.facebook.com\/javiersanchezguitar\/\" target=\"_blank\" rel=\"noopener\">https:\/\/www.facebook.com\/javiersanchezguitar\/<\/a><\/p>\n<p><a href=\"https:\/\/tomajazz.com\/web\/?s=veronica+ferreiro&amp;submit=Search\" target=\"_blank\" rel=\"noopener\">https:\/\/tomajazz.com\/web\/?s=veronica+ferreiro&amp;submit=Search<\/a><\/p>\n<p><a href=\"https:\/\/tomajazz.com\/web\/?s=%2Bjavier+%2Bsanchez&amp;submit=Search\" target=\"_blank\" rel=\"noopener\">https:\/\/tomajazz.com\/web\/?s=%2Bjavier+%2Bsanchez&amp;submit=Search<\/a><\/p>\n<h4>JazzE\u00f1e2022 en Tomajazz<\/h4>\n<blockquote class=\"wp-embedded-content\" data-secret=\"guoNDux1UT\"><p><a href=\"https:\/\/tomajazz.com\/web\/chico-perez-especial-jazzene-2022-ii-por-jose-luis-luna-rocafort-instantzz-aka-galeria-fotografica-aka-fotoblog-de-jazz-impro-y-algo-mas\/\">Chico P\u00e9rez [Especial Jazze\u00f1e 2022 II]  Por Jos\u00e9 Luis Luna Rocafort [INSTANTZZ AKA Galer\u00eda fotogr\u00e1fica AKA Fotoblog de jazz, impro\u2026 y algo m\u00e1s]<\/a><\/p><\/blockquote>\n<p><iframe loading=\"lazy\" class=\"wp-embedded-content\" sandbox=\"allow-scripts\" security=\"restricted\" style=\"position: absolute; visibility: hidden;\" title=\"\u00abChico P\u00e9rez [Especial Jazze\u00f1e 2022 II]  Por Jos\u00e9 Luis Luna Rocafort [INSTANTZZ AKA Galer\u00eda fotogr\u00e1fica AKA Fotoblog de jazz, impro\u2026 y algo m\u00e1s]\u00bb \u2014 Tomajazz\" src=\"https:\/\/tomajazz.com\/web\/chico-perez-especial-jazzene-2022-ii-por-jose-luis-luna-rocafort-instantzz-aka-galeria-fotografica-aka-fotoblog-de-jazz-impro-y-algo-mas\/embed\/#?secret=IkAVO8nDBJ#?secret=guoNDux1UT\" data-secret=\"guoNDux1UT\" width=\"600\" height=\"338\" frameborder=\"0\" marginwidth=\"0\" marginheight=\"0\" scrolling=\"no\"><\/iframe><\/p>\n<blockquote class=\"wp-embedded-content\" data-secret=\"2xGlgfGXGX\"><p><a href=\"https:\/\/tomajazz.com\/web\/oreka-tx-especial-jazzene-2022-i-por-jose-luis-luna-rocafort-instantzz-aka-galeria-fotografica-aka-fotoblog-de-jazz-impro-y-algo-mas\/\">Oreka TX [Especial Jazze\u00f1e 2022 I]  Por Jos\u00e9 Luis Luna Rocafort [INSTANTZZ AKA Galer\u00eda fotogr\u00e1fica AKA Fotoblog de jazz, impro\u2026 y algo m\u00e1s]<\/a><\/p><\/blockquote>\n<p><iframe loading=\"lazy\" class=\"wp-embedded-content\" sandbox=\"allow-scripts\" security=\"restricted\" style=\"position: absolute; visibility: hidden;\" title=\"\u00abOreka TX [Especial Jazze\u00f1e 2022 I]  Por Jos\u00e9 Luis Luna Rocafort [INSTANTZZ AKA Galer\u00eda fotogr\u00e1fica AKA Fotoblog de jazz, impro\u2026 y algo m\u00e1s]\u00bb \u2014 Tomajazz\" src=\"https:\/\/tomajazz.com\/web\/oreka-tx-especial-jazzene-2022-i-por-jose-luis-luna-rocafort-instantzz-aka-galeria-fotografica-aka-fotoblog-de-jazz-impro-y-algo-mas\/embed\/#?secret=rZMBB36QSD#?secret=2xGlgfGXGX\" data-secret=\"2xGlgfGXGX\" width=\"600\" height=\"338\" frameborder=\"0\" marginwidth=\"0\" marginheight=\"0\" scrolling=\"no\"><\/iframe><\/p>\n<h4>M\u00e1s informaci\u00f3n sobre JazzE\u00f1e 2022 y las ediciones anteriores de JazzE\u00f1e<\/h4>\n<p><a href=\"https:\/\/fundacionsgae.org\/actividad\/seleccionados-jazz-ene-2022\/\" target=\"_blank\" rel=\"noopener\">https:\/\/fundacionsgae.org\/actividad\/seleccionados-jazz-ene-2022\/<\/a><\/p>\n<p><a href=\"https:\/\/jazzaldia.eus\/es\/jazzene\/\" target=\"_blank\" rel=\"noopener\">https:\/\/jazzaldia.eus\/es\/jazzene\/<\/a><\/p>\n<p><a href=\"https:\/\/tomajazz.com\/web\/?cat=25673\" target=\"_blank\" rel=\"noopener\">Especial JazzE\u00f1e 2021 en Tomajazz<\/a><\/p>\n<p><a href=\"https:\/\/tomajazz.com\/web\/?s=Jazze%C3%B1e&amp;submit=Search\" target=\"_blank\" rel=\"noopener\">JazzE\u00f1e en Tomajazz<\/a><\/p>\n<h4>Jos\u00e9 Luis Luna Rocafort en Tomajazz<\/h4>\n<p><a href=\"https:\/\/tomajazz.com\/web\/?cat=17846\" target=\"_blank\" rel=\"noopener\">https:\/\/tomajazz.com\/web\/?cat=17846<\/a><\/p>\n","protected":false},"excerpt":{"rendered":"<p>Ver\u00f3nica Ferreiro &#038; Javier S\u00e1nchez son los protagonistas de la tercera entrega en Instantzz del Especial JazzE\u00f1e 2022. Jos\u00e9 Luis Luna Rocafort es el autor de las im\u00e1genes. <span class=\"more-link\"><a href=\"https:\/\/tomajazz.com\/web\/veronica-ferreiro-javier-sanchez-especial-jazzene-2022-iii-por-jose-luis-luna-rocafort-instantzz-aka-galeria-fotografica-aka-fotoblog-de-jazz-impro-y-algo-mas\/\">Contin\u00faa leyendo<\/a><\/span><\/p>\n","protected":false},"author":1,"featured_media":65117,"comment_status":"open","ping_status":"closed","sticky":false,"template":"","format":"standard","meta":{"jetpack_post_was_ever_published":false,"_jetpack_newsletter_access":"","_jetpack_dont_email_post_to_subs":false,"_jetpack_newsletter_tier_id":0,"_jetpack_memberships_contains_paywalled_content":false,"_jetpack_memberships_contains_paid_content":false,"footnotes":""},"categories":[27399,17846,11262,15516,11261,1038],"tags":[5077,204,5580,12211,26529,10088,8784,17162,27443],"class_list":["entry","author-pachi","has-excerpt","post-65106","post","type-post","status-publish","format-standard","has-post-thumbnail","category-especial-jazzene-2022","category-jose-luis-luna-rocafort","category-photoblogs","category-imagenes","category-instantzz","category-contenidos","tag-ander-garcia","tag-andres-litwin","tag-javier-sanchez","tag-jazzene","tag-jazzene-2022","tag-jose-luis-luna-rocafort","tag-moises-p-sanchez","tag-veronica-ferreiro","tag-veronica-ferreiro-javier-sanchez"],"jetpack_featured_media_url":"https:\/\/tomajazz.com\/web\/wp-content\/uploads\/2022\/08\/011-3.jpg","jetpack_likes_enabled":true,"jetpack_sharing_enabled":true,"jetpack-related-posts":[{"id":27540,"url":"https:\/\/tomajazz.com\/web\/instantzz-veronica-ferreiro-quinteto-teatro-rialto-valencia-2016-09-30-especial-jazzene-2016-ix-galeria-fotografica\/","url_meta":{"origin":65106,"position":0},"title":"INSTANTZZ: Ver\u00f3nica Ferreiro Quinteto (Teatro Rialto, Valencia. 2016-09-30) [Especial Jazze\u00f1e 2016 IX] [Galer\u00eda fotogr\u00e1fica]","author":"Tomajazz","date":"21 noviembre, 2016","format":false,"excerpt":"Jos\u00e9 Luis Luna Rocafort fotografi\u00f3 al Ver\u00f3nica Ferreiro Quinteto en su actuaci\u00f3n (formato showcase) en el Festival JazzE\u00f1e2016 organizado por la Fundaci\u00f3n SGAE.","rel":"","context":"En \u00ab*_Jos\u00e9 Luis Luna Rocafort\u00bb","block_context":{"text":"*_Jos\u00e9 Luis Luna Rocafort","link":"https:\/\/tomajazz.com\/web\/category\/jose-luis-luna-rocafort\/"},"img":{"alt_text":"","src":"https:\/\/i0.wp.com\/tomajazz.com\/web\/wp-content\/uploads\/2016\/11\/010-4.jpg?resize=350%2C200&ssl=1","width":350,"height":200,"srcset":"https:\/\/i0.wp.com\/tomajazz.com\/web\/wp-content\/uploads\/2016\/11\/010-4.jpg?resize=350%2C200&ssl=1 1x, https:\/\/i0.wp.com\/tomajazz.com\/web\/wp-content\/uploads\/2016\/11\/010-4.jpg?resize=525%2C300&ssl=1 1.5x"},"classes":[]},{"id":65239,"url":"https:\/\/tomajazz.com\/web\/moises-p-sanchez-especial-jazzene-2022-v-por-jose-luis-luna-rocafort-instantzz-aka-galeria-fotografica-aka-fotoblog-de-jazz-impro-y-algo-mas\/","url_meta":{"origin":65106,"position":1},"title":"Mois\u00e9s P. S\u00e1nchez [Especial Jazze\u00f1e 2022 V]  Por Jos\u00e9 Luis Luna Rocafort [INSTANTZZ AKA Galer\u00eda fotogr\u00e1fica AKA Fotoblog de jazz, impro\u2026 y algo m\u00e1s]","author":"Tomajazz","date":"10 agosto, 2022","format":false,"excerpt":"El pianista Mois\u00e9s P. S\u00e1nchez en su participaci\u00f3n en JazzE\u00f1e 2022 es el protagonista de INSTANTZZ. Jos\u00e9 Luis Luna Rocafort es el autor de las fotograf\u00edas. #JazzE\u00f1e #JazzE\u00f1e2022","rel":"","context":"En \u00abEspecial JazzE\u00f1e 2022\u00bb","block_context":{"text":"Especial JazzE\u00f1e 2022","link":"https:\/\/tomajazz.com\/web\/category\/contenidos\/especial-contenidos\/especial-jazzene-2022\/"},"img":{"alt_text":"Mois\u00e9s P. S\u00e1nchez [Especial Jazze\u00f1e 2022 V] Por Jos\u00e9 Luis Luna Rocafort [INSTANTZZ AKA Galer\u00eda fotogr\u00e1fica AKA Fotoblog de jazz, impro\u2026 y algo m\u00e1s]","src":"https:\/\/i0.wp.com\/tomajazz.com\/web\/wp-content\/uploads\/2022\/08\/001-7.jpg?resize=350%2C200&ssl=1","width":350,"height":200,"srcset":"https:\/\/i0.wp.com\/tomajazz.com\/web\/wp-content\/uploads\/2022\/08\/001-7.jpg?resize=350%2C200&ssl=1 1x, https:\/\/i0.wp.com\/tomajazz.com\/web\/wp-content\/uploads\/2022\/08\/001-7.jpg?resize=525%2C300&ssl=1 1.5x"},"classes":[]},{"id":26100,"url":"https:\/\/tomajazz.com\/web\/jazzene-2016-29-de-septiembre-al-1-de-octubre-de-2016-valencia-noticias\/","url_meta":{"origin":65106,"position":2},"title":"JazzE\u00f1e 2016 (29 de septiembre al 1 de octubre de 2016, Valencia) [Noticias]","author":"Tomajazz","date":"1 septiembre, 2016","format":false,"excerpt":"Chiqui Cienfuegos Tr\u00edo, Ern\u00e1n L\u00f3pez-Nussa, Ernesto Aurignac Quintet, Javier Vercher, Joan Monn\u00e9 Tr\u00edo, Joaqu\u00edn Chac\u00f3n \u201cSkytrain\u201d, Luis Verde, Marta S\u00e1nchez Quintet, Noesis Tr\u00edo, Ram\u00f3n D\u00edaz Group, Sinouj y Ver\u00f3nica Ferreiro son los grupos que participar\u00e1n en JazzE\u00f1e 2016 que organizado por la Fundaci\u00f3n SGAE, tendr\u00e1 lugar entre el 29 de\u2026","rel":"","context":"En \u00ab*_Redacci\u00f3n\u00bb","block_context":{"text":"*_Redacci\u00f3n","link":"https:\/\/tomajazz.com\/web\/category\/redaccion\/"},"img":{"alt_text":"","src":"https:\/\/i0.wp.com\/tomajazz.com\/web\/wp-content\/uploads\/2016\/09\/JazzE%C3%B1e-2016.jpg?resize=350%2C200&ssl=1","width":350,"height":200,"srcset":"https:\/\/i0.wp.com\/tomajazz.com\/web\/wp-content\/uploads\/2016\/09\/JazzE%C3%B1e-2016.jpg?resize=350%2C200&ssl=1 1x, https:\/\/i0.wp.com\/tomajazz.com\/web\/wp-content\/uploads\/2016\/09\/JazzE%C3%B1e-2016.jpg?resize=525%2C300&ssl=1 1.5x, https:\/\/i0.wp.com\/tomajazz.com\/web\/wp-content\/uploads\/2016\/09\/JazzE%C3%B1e-2016.jpg?resize=700%2C400&ssl=1 2x, https:\/\/i0.wp.com\/tomajazz.com\/web\/wp-content\/uploads\/2016\/09\/JazzE%C3%B1e-2016.jpg?resize=1050%2C600&ssl=1 3x"},"classes":[]},{"id":27170,"url":"https:\/\/tomajazz.com\/web\/instantzz-marta-sanchez-quintet-teatro-rialto-valencia-2016-09-29-especial-jazzene-2016-iii-galeria-fotografica\/","url_meta":{"origin":65106,"position":3},"title":"INSTANTZZ: Marta S\u00e1nchez Quintet (Teatro Rialto, Valencia. 2016-09-29) [Especial Jazze\u00f1e 2016 III] [Galer\u00eda fotogr\u00e1fica]","author":"Tomajazz","date":"31 octubre, 2016","format":false,"excerpt":"Marta S\u00e1nchez Quintet en la tercera entrega de JazzE\u00f1e 2016 por Jos\u00e9 Luis Luna Rocafort en Instantzz.","rel":"","context":"En \u00ab*_Jos\u00e9 Luis Luna Rocafort\u00bb","block_context":{"text":"*_Jos\u00e9 Luis Luna Rocafort","link":"https:\/\/tomajazz.com\/web\/category\/jose-luis-luna-rocafort\/"},"img":{"alt_text":"","src":"https:\/\/i0.wp.com\/tomajazz.com\/web\/wp-content\/uploads\/2016\/10\/001-2.jpg?resize=350%2C200&ssl=1","width":350,"height":200,"srcset":"https:\/\/i0.wp.com\/tomajazz.com\/web\/wp-content\/uploads\/2016\/10\/001-2.jpg?resize=350%2C200&ssl=1 1x, https:\/\/i0.wp.com\/tomajazz.com\/web\/wp-content\/uploads\/2016\/10\/001-2.jpg?resize=525%2C300&ssl=1 1.5x"},"classes":[]},{"id":56391,"url":"https:\/\/tomajazz.com\/web\/instantzz-ariel-bringuez-quintet-especial-jazzene-2021-i-galeria-fotografica-aka-fotoblog-de-jazz-impro-y-algo-mas-por-jose-luis-luna-rocafort\/","url_meta":{"origin":65106,"position":4},"title":"INSTANTZZ: Ariel Br\u00ednguez Quintet [Especial JazzE\u00f1e 2021 I] [Galer\u00eda fotogr\u00e1fica AKA Fotoblog de jazz, impro\u2026 y algo m\u00e1s] Por Jos\u00e9 Luis Luna Rocafort","author":"Tomajazz","date":"16 agosto, 2021","format":false,"excerpt":"Ariel Br\u00ednguez Quintet es el protagonista del primer reportaje fotogr\u00e1fico de Jos\u00e9 Luis Luna Rocafort dedicado a JazzE\u00f1e 2021.","rel":"","context":"En \u00ab*_Jos\u00e9 Luis Luna Rocafort\u00bb","block_context":{"text":"*_Jos\u00e9 Luis Luna Rocafort","link":"https:\/\/tomajazz.com\/web\/category\/jose-luis-luna-rocafort\/"},"img":{"alt_text":"","src":"https:\/\/i0.wp.com\/tomajazz.com\/web\/wp-content\/uploads\/2021\/08\/01.jpg?resize=350%2C200&ssl=1","width":350,"height":200,"srcset":"https:\/\/i0.wp.com\/tomajazz.com\/web\/wp-content\/uploads\/2021\/08\/01.jpg?resize=350%2C200&ssl=1 1x, https:\/\/i0.wp.com\/tomajazz.com\/web\/wp-content\/uploads\/2021\/08\/01.jpg?resize=525%2C300&ssl=1 1.5x"},"classes":[]},{"id":26455,"url":"https:\/\/tomajazz.com\/web\/hdo-167-jazzene-2016-podcast\/","url_meta":{"origin":65106,"position":5},"title":"HDO 167. JazzE\u00f1e 2016 [Podcast]","author":"Tomajazz","date":"23 septiembre, 2016","format":false,"excerpt":"Entre el mi\u00e9rcoles 28 de septiembre y el s\u00e1bado 1 de octubre de 2016, organizado por la Fundaci\u00f3n SGAE, tendr\u00e1 lugar en Valencia la III edici\u00f3n de JazzE\u00f1e. Entre el jueves 29 y el s\u00e1bado 1 tendr\u00e1n lugar doce conciertos en formato showcase (actuaciones de 45 minutos), con grupos y\u2026","rel":"","context":"En \u00ab*_Pachi Tapiz\u00bb","block_context":{"text":"*_Pachi Tapiz","link":"https:\/\/tomajazz.com\/web\/category\/pachi-tapiz\/"},"img":{"alt_text":"","src":"https:\/\/i0.wp.com\/tomajazz.com\/web\/wp-content\/uploads\/2016\/09\/JazzE%C3%B1e-2016.jpg?resize=350%2C200&ssl=1","width":350,"height":200,"srcset":"https:\/\/i0.wp.com\/tomajazz.com\/web\/wp-content\/uploads\/2016\/09\/JazzE%C3%B1e-2016.jpg?resize=350%2C200&ssl=1 1x, https:\/\/i0.wp.com\/tomajazz.com\/web\/wp-content\/uploads\/2016\/09\/JazzE%C3%B1e-2016.jpg?resize=525%2C300&ssl=1 1.5x, https:\/\/i0.wp.com\/tomajazz.com\/web\/wp-content\/uploads\/2016\/09\/JazzE%C3%B1e-2016.jpg?resize=700%2C400&ssl=1 2x, https:\/\/i0.wp.com\/tomajazz.com\/web\/wp-content\/uploads\/2016\/09\/JazzE%C3%B1e-2016.jpg?resize=1050%2C600&ssl=1 3x"},"classes":[]}],"_links":{"self":[{"href":"https:\/\/tomajazz.com\/web\/wp-json\/wp\/v2\/posts\/65106","targetHints":{"allow":["GET"]}}],"collection":[{"href":"https:\/\/tomajazz.com\/web\/wp-json\/wp\/v2\/posts"}],"about":[{"href":"https:\/\/tomajazz.com\/web\/wp-json\/wp\/v2\/types\/post"}],"author":[{"embeddable":true,"href":"https:\/\/tomajazz.com\/web\/wp-json\/wp\/v2\/users\/1"}],"replies":[{"embeddable":true,"href":"https:\/\/tomajazz.com\/web\/wp-json\/wp\/v2\/comments?post=65106"}],"version-history":[{"count":1,"href":"https:\/\/tomajazz.com\/web\/wp-json\/wp\/v2\/posts\/65106\/revisions"}],"predecessor-version":[{"id":65121,"href":"https:\/\/tomajazz.com\/web\/wp-json\/wp\/v2\/posts\/65106\/revisions\/65121"}],"wp:featuredmedia":[{"embeddable":true,"href":"https:\/\/tomajazz.com\/web\/wp-json\/wp\/v2\/media\/65117"}],"wp:attachment":[{"href":"https:\/\/tomajazz.com\/web\/wp-json\/wp\/v2\/media?parent=65106"}],"wp:term":[{"taxonomy":"category","embeddable":true,"href":"https:\/\/tomajazz.com\/web\/wp-json\/wp\/v2\/categories?post=65106"},{"taxonomy":"post_tag","embeddable":true,"href":"https:\/\/tomajazz.com\/web\/wp-json\/wp\/v2\/tags?post=65106"}],"curies":[{"name":"wp","href":"https:\/\/api.w.org\/{rel}","templated":true}]}}