{"id":65408,"date":"2022-08-15T17:00:00","date_gmt":"2022-08-15T15:00:00","guid":{"rendered":"https:\/\/www.tomajazz.com\/web\/?p=65408"},"modified":"2022-08-25T12:01:54","modified_gmt":"2022-08-25T10:01:54","slug":"sharon-clark-57-jazzaldia-2022-vii-por-jose-luis-luna-rocafort-instantzz-aka-galeria-fotografica-aka-fotoblog-de-jazz-impro-y-algo-mas","status":"publish","type":"post","link":"https:\/\/tomajazz.com\/web\/sharon-clark-57-jazzaldia-2022-vii-por-jose-luis-luna-rocafort-instantzz-aka-galeria-fotografica-aka-fotoblog-de-jazz-impro-y-algo-mas\/","title":{"rendered":"Sharon Clark [57 Jazzaldia 2022 VII] Por Jos\u00e9 Luis Luna Rocafort [INSTANTZZ AKA Galer\u00eda fotogr\u00e1fica AKA Fotoblog de jazz, impro\u2026 y algo m\u00e1s]"},"content":{"rendered":"<p><a href=\"https:\/\/jazzaldia.eus\/es\/\" target=\"_blank\" rel=\"noopener\">57\u00ba Jazzaldia 2022<\/a><\/p>\n<ul>\n<li>Fecha: Viernes, 22 de Julio de 2022. 19:00h.<\/li>\n<li>Lugar: Frigo Gunea. Donosti.<\/li>\n<li>Grupo:<br \/>\n<strong>Sharon Clark<\/strong><br \/>\nSharon Clark: voz<br \/>\nFredrik Carlquist: saxo tenor<br \/>\nMattias Nilsson: piano<br \/>\nIgnasi Gonz\u00e1lez: contrabajo<br \/>\nJo Krause: bater\u00eda<\/li>\n<\/ul>\n<p style=\"text-align: center;\"><img loading=\"lazy\" decoding=\"async\" class=\"aligncenter size-full wp-image-65409\" src=\"https:\/\/tomajazz.com\/web\/wp-content\/uploads\/2022\/08\/001-12.jpg\" alt=\"\" width=\"600\" height=\"400\" title=\"\" srcset=\"https:\/\/tomajazz.com\/web\/wp-content\/uploads\/2022\/08\/001-12.jpg 600w, https:\/\/tomajazz.com\/web\/wp-content\/uploads\/2022\/08\/001-12-200x133.jpg 200w, https:\/\/tomajazz.com\/web\/wp-content\/uploads\/2022\/08\/001-12-465x310.jpg 465w\" sizes=\"auto, (max-width: 600px) 100vw, 600px\" \/> <img loading=\"lazy\" decoding=\"async\" class=\"aligncenter size-large wp-image-65410\" src=\"https:\/\/tomajazz.com\/web\/wp-content\/uploads\/2022\/08\/002-12.jpg\" alt=\"\" width=\"400\" height=\"600\" title=\"\" srcset=\"https:\/\/tomajazz.com\/web\/wp-content\/uploads\/2022\/08\/002-12.jpg 400w, https:\/\/tomajazz.com\/web\/wp-content\/uploads\/2022\/08\/002-12-133x200.jpg 133w, https:\/\/tomajazz.com\/web\/wp-content\/uploads\/2022\/08\/002-12-367x550.jpg 367w, https:\/\/tomajazz.com\/web\/wp-content\/uploads\/2022\/08\/002-12-333x500.jpg 333w\" sizes=\"auto, (max-width: 400px) 100vw, 400px\" \/> <img loading=\"lazy\" decoding=\"async\" class=\"aligncenter size-large wp-image-65411\" src=\"https:\/\/tomajazz.com\/web\/wp-content\/uploads\/2022\/08\/003-12.jpg\" alt=\"\" width=\"600\" height=\"400\" title=\"\" srcset=\"https:\/\/tomajazz.com\/web\/wp-content\/uploads\/2022\/08\/003-12.jpg 600w, https:\/\/tomajazz.com\/web\/wp-content\/uploads\/2022\/08\/003-12-200x133.jpg 200w, https:\/\/tomajazz.com\/web\/wp-content\/uploads\/2022\/08\/003-12-465x310.jpg 465w\" sizes=\"auto, (max-width: 600px) 100vw, 600px\" \/> <img loading=\"lazy\" decoding=\"async\" class=\"aligncenter size-large wp-image-65412\" src=\"https:\/\/tomajazz.com\/web\/wp-content\/uploads\/2022\/08\/004-12.jpg\" alt=\"\" width=\"600\" height=\"400\" title=\"\" srcset=\"https:\/\/tomajazz.com\/web\/wp-content\/uploads\/2022\/08\/004-12.jpg 600w, https:\/\/tomajazz.com\/web\/wp-content\/uploads\/2022\/08\/004-12-200x133.jpg 200w, https:\/\/tomajazz.com\/web\/wp-content\/uploads\/2022\/08\/004-12-465x310.jpg 465w\" sizes=\"auto, (max-width: 600px) 100vw, 600px\" \/> <img loading=\"lazy\" decoding=\"async\" class=\"aligncenter size-large wp-image-65413\" src=\"https:\/\/tomajazz.com\/web\/wp-content\/uploads\/2022\/08\/005-12.jpg\" alt=\"\" width=\"400\" height=\"600\" title=\"\" srcset=\"https:\/\/tomajazz.com\/web\/wp-content\/uploads\/2022\/08\/005-12.jpg 400w, https:\/\/tomajazz.com\/web\/wp-content\/uploads\/2022\/08\/005-12-133x200.jpg 133w, https:\/\/tomajazz.com\/web\/wp-content\/uploads\/2022\/08\/005-12-367x550.jpg 367w, https:\/\/tomajazz.com\/web\/wp-content\/uploads\/2022\/08\/005-12-333x500.jpg 333w\" sizes=\"auto, (max-width: 400px) 100vw, 400px\" \/> <img loading=\"lazy\" decoding=\"async\" class=\"aligncenter size-large wp-image-65414\" src=\"https:\/\/tomajazz.com\/web\/wp-content\/uploads\/2022\/08\/006-12.jpg\" alt=\"\" width=\"600\" height=\"400\" title=\"\" srcset=\"https:\/\/tomajazz.com\/web\/wp-content\/uploads\/2022\/08\/006-12.jpg 600w, https:\/\/tomajazz.com\/web\/wp-content\/uploads\/2022\/08\/006-12-200x133.jpg 200w, https:\/\/tomajazz.com\/web\/wp-content\/uploads\/2022\/08\/006-12-465x310.jpg 465w\" sizes=\"auto, (max-width: 600px) 100vw, 600px\" \/> <img loading=\"lazy\" decoding=\"async\" class=\"aligncenter size-large wp-image-65415\" src=\"https:\/\/tomajazz.com\/web\/wp-content\/uploads\/2022\/08\/007-12.jpg\" alt=\"\" width=\"600\" height=\"400\" title=\"\" srcset=\"https:\/\/tomajazz.com\/web\/wp-content\/uploads\/2022\/08\/007-12.jpg 600w, https:\/\/tomajazz.com\/web\/wp-content\/uploads\/2022\/08\/007-12-200x133.jpg 200w, https:\/\/tomajazz.com\/web\/wp-content\/uploads\/2022\/08\/007-12-465x310.jpg 465w\" sizes=\"auto, (max-width: 600px) 100vw, 600px\" \/> <img loading=\"lazy\" decoding=\"async\" class=\"aligncenter size-large wp-image-65416\" src=\"https:\/\/tomajazz.com\/web\/wp-content\/uploads\/2022\/08\/008-12.jpg\" alt=\"\" width=\"400\" height=\"600\" title=\"\" srcset=\"https:\/\/tomajazz.com\/web\/wp-content\/uploads\/2022\/08\/008-12.jpg 400w, https:\/\/tomajazz.com\/web\/wp-content\/uploads\/2022\/08\/008-12-133x200.jpg 133w, https:\/\/tomajazz.com\/web\/wp-content\/uploads\/2022\/08\/008-12-367x550.jpg 367w, https:\/\/tomajazz.com\/web\/wp-content\/uploads\/2022\/08\/008-12-333x500.jpg 333w\" sizes=\"auto, (max-width: 400px) 100vw, 400px\" \/> <img loading=\"lazy\" decoding=\"async\" class=\"aligncenter size-large wp-image-65417\" src=\"https:\/\/tomajazz.com\/web\/wp-content\/uploads\/2022\/08\/009-12.jpg\" alt=\"\" width=\"600\" height=\"400\" title=\"\" srcset=\"https:\/\/tomajazz.com\/web\/wp-content\/uploads\/2022\/08\/009-12.jpg 600w, https:\/\/tomajazz.com\/web\/wp-content\/uploads\/2022\/08\/009-12-200x133.jpg 200w, https:\/\/tomajazz.com\/web\/wp-content\/uploads\/2022\/08\/009-12-465x310.jpg 465w\" sizes=\"auto, (max-width: 600px) 100vw, 600px\" \/> <img loading=\"lazy\" decoding=\"async\" class=\"aligncenter size-large wp-image-65418\" src=\"https:\/\/tomajazz.com\/web\/wp-content\/uploads\/2022\/08\/010-12.jpg\" alt=\"\" width=\"400\" height=\"600\" title=\"\" srcset=\"https:\/\/tomajazz.com\/web\/wp-content\/uploads\/2022\/08\/010-12.jpg 400w, https:\/\/tomajazz.com\/web\/wp-content\/uploads\/2022\/08\/010-12-133x200.jpg 133w, https:\/\/tomajazz.com\/web\/wp-content\/uploads\/2022\/08\/010-12-367x550.jpg 367w, https:\/\/tomajazz.com\/web\/wp-content\/uploads\/2022\/08\/010-12-333x500.jpg 333w\" sizes=\"auto, (max-width: 400px) 100vw, 400px\" \/> <img loading=\"lazy\" decoding=\"async\" class=\"aligncenter size-large wp-image-65419\" src=\"https:\/\/tomajazz.com\/web\/wp-content\/uploads\/2022\/08\/011-11.jpg\" alt=\"\" width=\"600\" height=\"400\" title=\"\" srcset=\"https:\/\/tomajazz.com\/web\/wp-content\/uploads\/2022\/08\/011-11.jpg 600w, https:\/\/tomajazz.com\/web\/wp-content\/uploads\/2022\/08\/011-11-200x133.jpg 200w, https:\/\/tomajazz.com\/web\/wp-content\/uploads\/2022\/08\/011-11-465x310.jpg 465w\" sizes=\"auto, (max-width: 600px) 100vw, 600px\" \/> <img loading=\"lazy\" decoding=\"async\" class=\"aligncenter size-large wp-image-65420\" src=\"https:\/\/tomajazz.com\/web\/wp-content\/uploads\/2022\/08\/012-11.jpg\" alt=\"\" width=\"600\" height=\"400\" title=\"\" srcset=\"https:\/\/tomajazz.com\/web\/wp-content\/uploads\/2022\/08\/012-11.jpg 600w, https:\/\/tomajazz.com\/web\/wp-content\/uploads\/2022\/08\/012-11-200x133.jpg 200w, https:\/\/tomajazz.com\/web\/wp-content\/uploads\/2022\/08\/012-11-465x310.jpg 465w\" sizes=\"auto, (max-width: 600px) 100vw, 600px\" \/> <img loading=\"lazy\" decoding=\"async\" class=\"aligncenter size-large wp-image-65421\" src=\"https:\/\/tomajazz.com\/web\/wp-content\/uploads\/2022\/08\/013-10.jpg\" alt=\"\" width=\"600\" height=\"400\" title=\"\" srcset=\"https:\/\/tomajazz.com\/web\/wp-content\/uploads\/2022\/08\/013-10.jpg 600w, https:\/\/tomajazz.com\/web\/wp-content\/uploads\/2022\/08\/013-10-200x133.jpg 200w, https:\/\/tomajazz.com\/web\/wp-content\/uploads\/2022\/08\/013-10-465x310.jpg 465w\" sizes=\"auto, (max-width: 600px) 100vw, 600px\" \/> <img loading=\"lazy\" decoding=\"async\" class=\"aligncenter size-large wp-image-65422\" src=\"https:\/\/tomajazz.com\/web\/wp-content\/uploads\/2022\/08\/014-10.jpg\" alt=\"\" width=\"600\" height=\"399\" title=\"\" srcset=\"https:\/\/tomajazz.com\/web\/wp-content\/uploads\/2022\/08\/014-10.jpg 600w, https:\/\/tomajazz.com\/web\/wp-content\/uploads\/2022\/08\/014-10-200x133.jpg 200w, https:\/\/tomajazz.com\/web\/wp-content\/uploads\/2022\/08\/014-10-465x309.jpg 465w\" sizes=\"auto, (max-width: 600px) 100vw, 600px\" \/><\/p>\n<p style=\"text-align: right;\">Tomajazz:\u00a0\u00a9\u00a0<strong><a href=\"https:\/\/www.facebook.com\/joseluis.lunarocafort\" target=\"_blank\" rel=\"noopener\">Jos\u00e9 Luis Luna Rocafort<\/a><\/strong>, 2022<\/p>\n<h4>M\u00e1s informaci\u00f3n sobre Sharon Clark<\/h4>\n<p><a href=\"https:\/\/www.facebook.com\/sharonclarkjazz\" target=\"_blank\" rel=\"noopener\">https:\/\/www.facebook.com\/sharonclarkjazz<\/a><\/p>\n<h4>M\u00e1s informaci\u00f3n sobre Jazzaldia 2022<\/h4>\n<p><a href=\"https:\/\/jazzaldia.eus\/es\/\" target=\"_blank\" rel=\"noopener\">https:\/\/jazzaldia.eus\/es\/<\/a><\/p>\n<h4>57 Jazzaldia 2022 en Tomajazz<\/h4>\n<blockquote class=\"wp-embedded-content\" data-secret=\"3HP2ydye8f\"><p><a href=\"https:\/\/tomajazz.com\/web\/the-international-classic-jazz-all-stars-57-jazzaldia-2022-vi-por-jose-luis-luna-rocafort-instantzz-aka-galeria-fotografica-aka-fotoblog-de-jazz-impro-y-algo-mas\/\">The International Classic Jazz All Stars [57 Jazzaldia 2022 VI] Por Jos\u00e9 Luis Luna Rocafort [INSTANTZZ AKA Galer\u00eda fotogr\u00e1fica AKA Fotoblog de jazz, impro\u2026 y algo m\u00e1s]<\/a><\/p><\/blockquote>\n<p><iframe loading=\"lazy\" class=\"wp-embedded-content\" sandbox=\"allow-scripts\" security=\"restricted\" style=\"position: absolute; visibility: hidden;\" title=\"\u00abThe International Classic Jazz All Stars [57 Jazzaldia 2022 VI] Por Jos\u00e9 Luis Luna Rocafort [INSTANTZZ AKA Galer\u00eda fotogr\u00e1fica AKA Fotoblog de jazz, impro\u2026 y algo m\u00e1s]\u00bb \u2014 Tomajazz\" src=\"https:\/\/tomajazz.com\/web\/the-international-classic-jazz-all-stars-57-jazzaldia-2022-vi-por-jose-luis-luna-rocafort-instantzz-aka-galeria-fotografica-aka-fotoblog-de-jazz-impro-y-algo-mas\/embed\/#?secret=ERhR5zAzoE#?secret=3HP2ydye8f\" data-secret=\"3HP2ydye8f\" width=\"600\" height=\"338\" frameborder=\"0\" marginwidth=\"0\" marginheight=\"0\" scrolling=\"no\"><\/iframe><\/p>\n<blockquote class=\"wp-embedded-content\" data-secret=\"xvkxG3OgeD\"><p><a href=\"https:\/\/tomajazz.com\/web\/sharon-clark-57-jazzaldia-2022-v-por-jose-luis-luna-rocafort-instantzz-aka-galeria-fotografica-aka-fotoblog-de-jazz-impro-y-algo-mas\/\">Sharon Clark [57 Jazzaldia 2022 V] Por Jos\u00e9 Luis Luna Rocafort [INSTANTZZ AKA Galer\u00eda fotogr\u00e1fica AKA Fotoblog de jazz, impro\u2026 y algo m\u00e1s]<\/a><\/p><\/blockquote>\n<p><iframe loading=\"lazy\" class=\"wp-embedded-content\" sandbox=\"allow-scripts\" security=\"restricted\" style=\"position: absolute; visibility: hidden;\" title=\"\u00abSharon Clark [57 Jazzaldia 2022 V] Por Jos\u00e9 Luis Luna Rocafort [INSTANTZZ AKA Galer\u00eda fotogr\u00e1fica AKA Fotoblog de jazz, impro\u2026 y algo m\u00e1s]\u00bb \u2014 Tomajazz\" src=\"https:\/\/tomajazz.com\/web\/sharon-clark-57-jazzaldia-2022-v-por-jose-luis-luna-rocafort-instantzz-aka-galeria-fotografica-aka-fotoblog-de-jazz-impro-y-algo-mas\/embed\/#?secret=pvgeVWNsKv#?secret=xvkxG3OgeD\" data-secret=\"xvkxG3OgeD\" width=\"600\" height=\"338\" frameborder=\"0\" marginwidth=\"0\" marginheight=\"0\" scrolling=\"no\"><\/iframe><\/p>\n<blockquote class=\"wp-embedded-content\" data-secret=\"PaFk8ZPYtm\"><p><a href=\"https:\/\/tomajazz.com\/web\/yann-tiersen-57-jazzaldia-2022-iv-por-jose-luis-luna-rocafort-instantzz-aka-galeria-fotografica-aka-fotoblog-de-jazz-impro-y-algo-mas\/\">Yann Tiersen [57 Jazzaldia 2022 IV] Por Jos\u00e9 Luis Luna Rocafort [INSTANTZZ AKA Galer\u00eda fotogr\u00e1fica AKA Fotoblog de jazz, impro\u2026 y algo m\u00e1s]<\/a><\/p><\/blockquote>\n<p><iframe loading=\"lazy\" class=\"wp-embedded-content\" sandbox=\"allow-scripts\" security=\"restricted\" style=\"position: absolute; visibility: hidden;\" title=\"\u00abYann Tiersen [57 Jazzaldia 2022 IV] Por Jos\u00e9 Luis Luna Rocafort [INSTANTZZ AKA Galer\u00eda fotogr\u00e1fica AKA Fotoblog de jazz, impro\u2026 y algo m\u00e1s]\u00bb \u2014 Tomajazz\" src=\"https:\/\/tomajazz.com\/web\/yann-tiersen-57-jazzaldia-2022-iv-por-jose-luis-luna-rocafort-instantzz-aka-galeria-fotografica-aka-fotoblog-de-jazz-impro-y-algo-mas\/embed\/#?secret=XYTjzJeV54#?secret=PaFk8ZPYtm\" data-secret=\"PaFk8ZPYtm\" width=\"600\" height=\"338\" frameborder=\"0\" marginwidth=\"0\" marginheight=\"0\" scrolling=\"no\"><\/iframe><\/p>\n<blockquote class=\"wp-embedded-content\" data-secret=\"O6LL9TFel4\"><p><a href=\"https:\/\/tomajazz.com\/web\/iggy-pop-57-jazzaldia-2022-iii-por-jose-luis-luna-rocafort-instantzz-aka-galeria-fotografica-aka-fotoblog-de-jazz-impro-y-algo-mas\/\">Iggy Pop [57 Jazzaldia 2022 III] Por Jos\u00e9 Luis Luna Rocafort [INSTANTZZ AKA Galer\u00eda fotogr\u00e1fica AKA Fotoblog de jazz, impro\u2026 y algo m\u00e1s]<\/a><\/p><\/blockquote>\n<p><iframe loading=\"lazy\" class=\"wp-embedded-content\" sandbox=\"allow-scripts\" security=\"restricted\" style=\"position: absolute; visibility: hidden;\" title=\"\u00abIggy Pop [57 Jazzaldia 2022 III] Por Jos\u00e9 Luis Luna Rocafort [INSTANTZZ AKA Galer\u00eda fotogr\u00e1fica AKA Fotoblog de jazz, impro\u2026 y algo m\u00e1s]\u00bb \u2014 Tomajazz\" src=\"https:\/\/tomajazz.com\/web\/iggy-pop-57-jazzaldia-2022-iii-por-jose-luis-luna-rocafort-instantzz-aka-galeria-fotografica-aka-fotoblog-de-jazz-impro-y-algo-mas\/embed\/#?secret=ffqJKhKY3Y#?secret=O6LL9TFel4\" data-secret=\"O6LL9TFel4\" width=\"600\" height=\"338\" frameborder=\"0\" marginwidth=\"0\" marginheight=\"0\" scrolling=\"no\"><\/iframe><\/p>\n<blockquote class=\"wp-embedded-content\" data-secret=\"AFoI5nFLsj\"><p><a href=\"https:\/\/tomajazz.com\/web\/calexico-57-jazzaldia-2022-ii-por-jose-luis-luna-rocafort-instantzz-aka-galeria-fotografica-aka-fotoblog-de-jazz-impro-y-algo-mas\/\">Calexico [57 Jazzaldia 2022 II] Por Jos\u00e9 Luis Luna Rocafort [INSTANTZZ AKA Galer\u00eda fotogr\u00e1fica AKA Fotoblog de jazz, impro\u2026 y algo m\u00e1s]<\/a><\/p><\/blockquote>\n<p><iframe loading=\"lazy\" class=\"wp-embedded-content\" sandbox=\"allow-scripts\" security=\"restricted\" style=\"position: absolute; visibility: hidden;\" title=\"\u00abCalexico [57 Jazzaldia 2022 II] Por Jos\u00e9 Luis Luna Rocafort [INSTANTZZ AKA Galer\u00eda fotogr\u00e1fica AKA Fotoblog de jazz, impro\u2026 y algo m\u00e1s]\u00bb \u2014 Tomajazz\" src=\"https:\/\/tomajazz.com\/web\/calexico-57-jazzaldia-2022-ii-por-jose-luis-luna-rocafort-instantzz-aka-galeria-fotografica-aka-fotoblog-de-jazz-impro-y-algo-mas\/embed\/#?secret=ZQGJTIfVgC#?secret=AFoI5nFLsj\" data-secret=\"AFoI5nFLsj\" width=\"600\" height=\"338\" frameborder=\"0\" marginwidth=\"0\" marginheight=\"0\" scrolling=\"no\"><\/iframe><\/p>\n<blockquote class=\"wp-embedded-content\" data-secret=\"3M15mR1cjk\"><p><a href=\"https:\/\/tomajazz.com\/web\/simple-minds-57-jazzaldia-2022-i-por-jose-luis-luna-rocafort-instantzz-aka-galeria-fotografica-aka-fotoblog-de-jazz-impro-y-algo-mas\/\">Simple Minds [57 Jazzaldia 2022 I]  Por Jos\u00e9 Luis Luna Rocafort [INSTANTZZ AKA Galer\u00eda fotogr\u00e1fica AKA Fotoblog de jazz, impro\u2026 y algo m\u00e1s]<\/a><\/p><\/blockquote>\n<p><iframe loading=\"lazy\" class=\"wp-embedded-content\" sandbox=\"allow-scripts\" security=\"restricted\" style=\"position: absolute; visibility: hidden;\" title=\"\u00abSimple Minds [57 Jazzaldia 2022 I]  Por Jos\u00e9 Luis Luna Rocafort [INSTANTZZ AKA Galer\u00eda fotogr\u00e1fica AKA Fotoblog de jazz, impro\u2026 y algo m\u00e1s]\u00bb \u2014 Tomajazz\" src=\"https:\/\/tomajazz.com\/web\/simple-minds-57-jazzaldia-2022-i-por-jose-luis-luna-rocafort-instantzz-aka-galeria-fotografica-aka-fotoblog-de-jazz-impro-y-algo-mas\/embed\/#?secret=D1ui5glOIV#?secret=3M15mR1cjk\" data-secret=\"3M15mR1cjk\" width=\"600\" height=\"338\" frameborder=\"0\" marginwidth=\"0\" marginheight=\"0\" scrolling=\"no\"><\/iframe><\/p>\n<h4>Jos\u00e9 Luis Luna Rocafort en Tomajazz<\/h4>\n<p><a href=\"https:\/\/tomajazz.com\/web\/?cat=17846\" target=\"_blank\" rel=\"noopener\">https:\/\/tomajazz.com\/web\/?cat=17846<\/a><\/p>\n","protected":false},"excerpt":{"rendered":"<p>Sharon Clark es la protagonista de la s\u00e9ptima entrega dedicada al Jazzaldia 2022 en INSTANTZZ. Jos\u00e9 Luis Luna Rocafort es el autor de las im\u00e1genes. <span class=\"more-link\"><a href=\"https:\/\/tomajazz.com\/web\/sharon-clark-57-jazzaldia-2022-vii-por-jose-luis-luna-rocafort-instantzz-aka-galeria-fotografica-aka-fotoblog-de-jazz-impro-y-algo-mas\/\">Contin\u00faa leyendo<\/a><\/span><\/p>\n","protected":false},"author":1,"featured_media":65409,"comment_status":"open","ping_status":"closed","sticky":false,"template":"","format":"standard","meta":{"_jetpack_newsletter_access":"","_jetpack_dont_email_post_to_subs":false,"_jetpack_newsletter_tier_id":0,"_jetpack_memberships_contains_paywalled_content":false,"_jetpack_feature_clip_id":0,"_jetpack_memberships_contains_paid_content":false,"footnotes":"","jetpack_post_was_ever_published":false},"categories":[27405,17846,11262,15516,11261,1038],"tags":[27067,27438,27439,27066,27409,12424,27429,12499,7179,25455,27408,6189,10088,27464,27463],"class_list":["entry","author-pachi","has-excerpt","post-65408","post","type-post","status-publish","format-standard","has-post-thumbnail","category-especial-jazzaldia-2022","category-jose-luis-luna-rocafort","category-photoblogs","category-imagenes","category-instantzz","category-contenidos","tag-57-donostiako-jazzaldia-2022","tag-57-festival-de-jazz-de-san-sebastian","tag-57-festival-de-jazz-de-san-sebastian-2022","tag-donostiako-jazzaldia","tag-donostiako-jazzaldia-2022","tag-festival-de-jazz-de-san-sebastian","tag-festival-de-jazz-de-san-sebastian-2022","tag-fredrik-carlquist","tag-ignasi-gonzalez","tag-jazzaldia","tag-jazzaldia-2022","tag-jo-krause","tag-jose-luis-luna-rocafort","tag-mattias-nilsson","tag-sharon-clark"],"jetpack_likes_enabled":true,"jetpack_sharing_enabled":true,"jetpack-related-posts":[{"id":65259,"url":"https:\/\/tomajazz.com\/web\/sharon-clark-57-jazzaldia-2022-v-por-jose-luis-luna-rocafort-instantzz-aka-galeria-fotografica-aka-fotoblog-de-jazz-impro-y-algo-mas\/","url_meta":{"origin":65408,"position":0},"title":"Sharon Clark [57 Jazzaldia 2022 V] Por Jos\u00e9 Luis Luna Rocafort [INSTANTZZ AKA Galer\u00eda fotogr\u00e1fica AKA Fotoblog de jazz, impro\u2026 y algo m\u00e1s]","author":"Tomajazz","date":"10 agosto, 2022","format":false,"excerpt":"La cantante Sharon Clark protagoniza la quinta entrega de INSTANTZZ dedicada a Jazzaldia 2022. Jos\u00e9 Luis Luna Rocafort es el autor de la galer\u00eda fotogr\u00e1fica.","rel":"","context":"En \u00ab*_Jos\u00e9 Luis Luna Rocafort\u00bb","block_context":{"text":"*_Jos\u00e9 Luis Luna Rocafort","link":"https:\/\/tomajazz.com\/web\/category\/jose-luis-luna-rocafort\/"},"img":{"alt_text":"Sharon Clark [57 Jazzaldia 2022 V] Por Jos\u00e9 Luis Luna Rocafort [INSTANTZZ AKA Galer\u00eda fotogr\u00e1fica AKA Fotoblog de jazz, impro\u2026 y algo m\u00e1s]","src":"https:\/\/i0.wp.com\/tomajazz.com\/web\/wp-content\/uploads\/2022\/08\/001-8.jpg?resize=350%2C200&ssl=1","width":350,"height":200,"srcset":"https:\/\/i0.wp.com\/tomajazz.com\/web\/wp-content\/uploads\/2022\/08\/001-8.jpg?resize=350%2C200&ssl=1 1x, https:\/\/i0.wp.com\/tomajazz.com\/web\/wp-content\/uploads\/2022\/08\/001-8.jpg?resize=525%2C300&ssl=1 1.5x"},"classes":[]},{"id":106757,"url":"https:\/\/tomajazz.com\/web\/lp-jazzaldia-2026\/","url_meta":{"origin":65408,"position":1},"title":"LP (61 Jazzaldia 2026. Donosti. 2026-07-22) Por Jos\u00e9 Luis Luna Rocafort [INSTANTZZ AKA Galer\u00eda fotogr\u00e1fica AKA Fotoblog de jazz, impro\u2026 y algo m\u00e1s]","author":"Tomajazz","date":"26 agosto, 2026","format":false,"excerpt":"LP actu\u00f3 en el 61 Jazzaldia 2026. Jos\u00e9 Luis Luna Rocafort lo retrata en INSTANTZZ. LP son Laura Pergolizzi, Andrew Martin, J. Ryan Kern, Jermaine Butler, Benjamin Hilzinger","rel":"","context":"En \u00ab61 Festival de Jazz de San Sebasti\u00e1n 2026 \u2013 Jazzaldia 2026\u00bb","block_context":{"text":"61 Festival de Jazz de San Sebasti\u00e1n 2026 \u2013 Jazzaldia 2026","link":"https:\/\/tomajazz.com\/web\/category\/contenidos\/especial-contenidos\/61-festival-de-jazz-de-san-sebastian-2026-jazzaldia-2026\/"},"img":{"alt_text":"LP (61 Jazzaldia 2026. Donosti. 2026-07-22) Por Jos\u00e9 Luis Luna Rocafort [INSTANTZZ AKA Galer\u00eda fotogr\u00e1fica AKA Fotoblog de jazz, impro\u2026 y algo m\u00e1s] - Tomajazz - LP actu\u00f3 en el 61 Jazzaldia 2026. Jos\u00e9 Luis Luna Rocafort lo retrata en INSTANTZZ. LP son Laura Pergolizzi, Andrew Martin, J. Ryan Kern, Jermaine Butler, Benjamin Hilzinger","src":"https:\/\/i0.wp.com\/tomajazz.com\/web\/wp-content\/uploads\/2026\/08\/014-11.jpg?resize=350%2C200&ssl=1","width":350,"height":200,"srcset":"https:\/\/i0.wp.com\/tomajazz.com\/web\/wp-content\/uploads\/2026\/08\/014-11.jpg?resize=350%2C200&ssl=1 1x, https:\/\/i0.wp.com\/tomajazz.com\/web\/wp-content\/uploads\/2026\/08\/014-11.jpg?resize=525%2C300&ssl=1 1.5x"},"classes":[]},{"id":106645,"url":"https:\/\/tomajazz.com\/web\/carmen-lundy-jazzaldia-2026\/","url_meta":{"origin":65408,"position":2},"title":"Carmen Lundy (61 Jazzaldia 2026. Teatro\u00a0Victoria Eugenia. Donosti. 2026-07-22) Por Jos\u00e9 Luis Luna Rocafort [INSTANTZZ AKA Galer\u00eda fotogr\u00e1fica AKA Fotoblog de jazz, impro\u2026 y algo m\u00e1s]","author":"Tomajazz","date":"21 agosto, 2026","format":false,"excerpt":"Carmen Lundy actu\u00f3 en el 61 Jazzaldia 2026. Jos\u00e9 Luis Luna Rocafort lo retrata en INSTANTZZ. Actuaron Carmen Lundy, Andrew Renfroe, Julius Rodr\u00edguez, Darryll Hall, Terreon Gulley","rel":"","context":"En \u00ab61 Festival de Jazz de San Sebasti\u00e1n 2026 \u2013 Jazzaldia 2026\u00bb","block_context":{"text":"61 Festival de Jazz de San Sebasti\u00e1n 2026 \u2013 Jazzaldia 2026","link":"https:\/\/tomajazz.com\/web\/category\/contenidos\/especial-contenidos\/61-festival-de-jazz-de-san-sebastian-2026-jazzaldia-2026\/"},"img":{"alt_text":"Carmen Lundy (61 Jazzaldia 2026. Teatro\u00a0Victoria Eugenia. Donosti. 2026-07-22) Por Jos\u00e9 Luis Luna Rocafort [INSTANTZZ AKA Galer\u00eda fotogr\u00e1fica AKA Fotoblog de jazz, impro\u2026 y algo m\u00e1s] - Tomajazz - Carmen Lundy actu\u00f3 en el 61 Jazzaldia 2026. Jos\u00e9 Luis Luna Rocafort lo retrata en INSTANTZZ. Actuaron Carmen Lundy, Andrew Renfroe, Julius Rodr\u00edguez, Darryll Hall, Terreon Gulley","src":"https:\/\/i0.wp.com\/tomajazz.com\/web\/wp-content\/uploads\/2026\/08\/016-8.jpg?resize=350%2C200&ssl=1","width":350,"height":200,"srcset":"https:\/\/i0.wp.com\/tomajazz.com\/web\/wp-content\/uploads\/2026\/08\/016-8.jpg?resize=350%2C200&ssl=1 1x, https:\/\/i0.wp.com\/tomajazz.com\/web\/wp-content\/uploads\/2026\/08\/016-8.jpg?resize=525%2C300&ssl=1 1.5x"},"classes":[]},{"id":106922,"url":"https:\/\/tomajazz.com\/web\/david-murray-quartet-jazzaldia-2026\/","url_meta":{"origin":65408,"position":3},"title":"David Murray Quartet (61 Jazzaldia 2026. Donosti. 2026-07-23) Por Jos\u00e9 Luis Luna Rocafort [INSTANTZZ AKA Galer\u00eda fotogr\u00e1fica AKA Fotoblog de jazz, impro\u2026 y algo m\u00e1s]","author":"Tomajazz","date":"1 septiembre, 2026","format":false,"excerpt":"David Murray Quartet actu\u00f3 en el 61 Jazzaldia 2026, el 23 de julio de 2026. Jos\u00e9 Luis Luna Rocafort lo retrata en INSTANTZZ. Actuaron David Murray, Marta S\u00e1nchez, Luke Steward, Russell Carter, Francesca Cinelli","rel":"","context":"En \u00ab61 Festival de Jazz de San Sebasti\u00e1n 2026 \u2013 Jazzaldia 2026\u00bb","block_context":{"text":"61 Festival de Jazz de San Sebasti\u00e1n 2026 \u2013 Jazzaldia 2026","link":"https:\/\/tomajazz.com\/web\/category\/contenidos\/especial-contenidos\/61-festival-de-jazz-de-san-sebastian-2026-jazzaldia-2026\/"},"img":{"alt_text":"David Murray Quartet (61 Jazzaldia 2026. Donosti. 2026-07-23) Por Jos\u00e9 Luis Luna Rocafort [INSTANTZZ AKA Galer\u00eda fotogr\u00e1fica AKA Fotoblog de jazz, impro\u2026 y algo m\u00e1s] - Tomajazz - David Murray Quartet actu\u00f3 en el 61 Jazzaldia 2026, el 23 de julio de 2026. Jos\u00e9 Luis Luna Rocafort lo retrata en INSTANTZZ. Actuaron David Murray, Marta S\u00e1nchez, Luke Steward, Russell Carter, Francesca Cinelli","src":"https:\/\/i0.wp.com\/tomajazz.com\/web\/wp-content\/uploads\/2026\/08\/005-17.jpg?resize=350%2C200&ssl=1","width":350,"height":200,"srcset":"https:\/\/i0.wp.com\/tomajazz.com\/web\/wp-content\/uploads\/2026\/08\/005-17.jpg?resize=350%2C200&ssl=1 1x, https:\/\/i0.wp.com\/tomajazz.com\/web\/wp-content\/uploads\/2026\/08\/005-17.jpg?resize=525%2C300&ssl=1 1.5x"},"classes":[]},{"id":65173,"url":"https:\/\/tomajazz.com\/web\/yann-tiersen-57-jazzaldia-2022-iv-por-jose-luis-luna-rocafort-instantzz-aka-galeria-fotografica-aka-fotoblog-de-jazz-impro-y-algo-mas\/","url_meta":{"origin":65408,"position":4},"title":"Yann Tiersen [57 Jazzaldia 2022 IV] Por Jos\u00e9 Luis Luna Rocafort [INSTANTZZ AKA Galer\u00eda fotogr\u00e1fica AKA Fotoblog de jazz, impro\u2026 y algo m\u00e1s]","author":"Tomajazz","date":"8 agosto, 2022","format":false,"excerpt":"Yann Tiersen es el protagonista de la cuarta entrega en INSTANTZZ dedicado al 57 Jazzaldia 2022. Jos\u00e9 Luis Luna Rocafort es el autor de las fotograf\u00edas. @Jazzaldia","rel":"","context":"En \u00abINSTANTZZ\u00bb","block_context":{"text":"INSTANTZZ","link":"https:\/\/tomajazz.com\/web\/category\/contenidos\/imagenes\/photoblogs\/instantzz\/"},"img":{"alt_text":"Yann Tiersen [57 Jazzaldia 2022 IV] Por Jos\u00e9 Luis Luna Rocafort [INSTANTZZ AKA Galer\u00eda fotogr\u00e1fica AKA Fotoblog de jazz, impro\u2026 y algo m\u00e1s]","src":"https:\/\/i0.wp.com\/tomajazz.com\/web\/wp-content\/uploads\/2022\/08\/001-6.jpg?resize=350%2C200&ssl=1","width":350,"height":200,"srcset":"https:\/\/i0.wp.com\/tomajazz.com\/web\/wp-content\/uploads\/2022\/08\/001-6.jpg?resize=350%2C200&ssl=1 1x, https:\/\/i0.wp.com\/tomajazz.com\/web\/wp-content\/uploads\/2022\/08\/001-6.jpg?resize=525%2C300&ssl=1 1.5x"},"classes":[]},{"id":65059,"url":"https:\/\/tomajazz.com\/web\/calexico-57-jazzaldia-2022-ii-por-jose-luis-luna-rocafort-instantzz-aka-galeria-fotografica-aka-fotoblog-de-jazz-impro-y-algo-mas\/","url_meta":{"origin":65408,"position":5},"title":"Calexico [57 Jazzaldia 2022 II] Por Jos\u00e9 Luis Luna Rocafort [INSTANTZZ AKA Galer\u00eda fotogr\u00e1fica AKA Fotoblog de jazz, impro\u2026 y algo m\u00e1s]","author":"Tomajazz","date":"3 agosto, 2022","format":false,"excerpt":"Calexico es el segundo grupo que pasa por el especial de INSTANTZZ dedicado al Jazzaldia 2022 de San Sebastian. Jos\u00e9 Luis Luna Rocafort es el autor de las im\u00e1genes.","rel":"","context":"En \u00abINSTANTZZ\u00bb","block_context":{"text":"INSTANTZZ","link":"https:\/\/tomajazz.com\/web\/category\/contenidos\/imagenes\/photoblogs\/instantzz\/"},"img":{"alt_text":"Calexico [57 Jazzaldia 2022 II] Por Jos\u00e9 Luis Luna Rocafort [INSTANTZZ AKA Galer\u00eda fotogr\u00e1fica AKA Fotoblog de jazz, impro\u2026 y algo m\u00e1s]","src":"https:\/\/i0.wp.com\/tomajazz.com\/web\/wp-content\/uploads\/2022\/08\/010-2.jpg?resize=350%2C200&ssl=1","width":350,"height":200,"srcset":"https:\/\/i0.wp.com\/tomajazz.com\/web\/wp-content\/uploads\/2022\/08\/010-2.jpg?resize=350%2C200&ssl=1 1x, https:\/\/i0.wp.com\/tomajazz.com\/web\/wp-content\/uploads\/2022\/08\/010-2.jpg?resize=525%2C300&ssl=1 1.5x"},"classes":[]}],"jetpack_featured_media_url":"https:\/\/tomajazz.com\/web\/wp-content\/uploads\/2022\/08\/001-12.jpg","_links":{"self":[{"href":"https:\/\/tomajazz.com\/web\/wp-json\/wp\/v2\/posts\/65408","targetHints":{"allow":["GET"]}}],"collection":[{"href":"https:\/\/tomajazz.com\/web\/wp-json\/wp\/v2\/posts"}],"about":[{"href":"https:\/\/tomajazz.com\/web\/wp-json\/wp\/v2\/types\/post"}],"author":[{"embeddable":true,"href":"https:\/\/tomajazz.com\/web\/wp-json\/wp\/v2\/users\/1"}],"replies":[{"embeddable":true,"href":"https:\/\/tomajazz.com\/web\/wp-json\/wp\/v2\/comments?post=65408"}],"version-history":[{"count":1,"href":"https:\/\/tomajazz.com\/web\/wp-json\/wp\/v2\/posts\/65408\/revisions"}],"predecessor-version":[{"id":65423,"href":"https:\/\/tomajazz.com\/web\/wp-json\/wp\/v2\/posts\/65408\/revisions\/65423"}],"wp:featuredmedia":[{"embeddable":true,"href":"https:\/\/tomajazz.com\/web\/wp-json\/wp\/v2\/media\/65409"}],"wp:attachment":[{"href":"https:\/\/tomajazz.com\/web\/wp-json\/wp\/v2\/media?parent=65408"}],"wp:term":[{"taxonomy":"category","embeddable":true,"href":"https:\/\/tomajazz.com\/web\/wp-json\/wp\/v2\/categories?post=65408"},{"taxonomy":"post_tag","embeddable":true,"href":"https:\/\/tomajazz.com\/web\/wp-json\/wp\/v2\/tags?post=65408"}],"curies":[{"name":"wp","href":"https:\/\/api.w.org\/{rel}","templated":true}]}}