{"id":6647,"date":"2013-05-30T22:00:11","date_gmt":"2013-05-30T20:00:11","guid":{"rendered":"http:\/\/www.tomajazz.com\/web\/?p=6647"},"modified":"2016-05-21T20:28:27","modified_gmt":"2016-05-21T18:28:27","slug":"mateo-aleman-una-cita-sobre-las-necesidades","status":"publish","type":"post","link":"https:\/\/tomajazz.com\/web\/mateo-aleman-una-cita-sobre-las-necesidades\/","title":{"rendered":"Mateo Alem\u00e1n: una cita sobre las necesidades"},"content":{"rendered":"<p><a href=\"http:\/\/www.tomajazz.com\/web\/?attachment_id=6648\" rel=\"attachment wp-att-6648\"><img loading=\"lazy\" decoding=\"async\" class=\"alignleft  wp-image-6648\" alt=\"256px-Retrato_de_Mateo_Alem\u00e1n\" src=\"http:\/\/www.tomajazz.com\/web\/wp-content\/uploads\/2013\/05\/256px-Retrato_de_Mateo_Alem\u00e1n.jpg\" width=\"205\" height=\"290\" title=\"\" srcset=\"https:\/\/tomajazz.com\/web\/wp-content\/uploads\/2013\/05\/256px-Retrato_de_Mateo_Alem\u00e1n.jpg 256w, https:\/\/tomajazz.com\/web\/wp-content\/uploads\/2013\/05\/256px-Retrato_de_Mateo_Alem\u00e1n-106x150.jpg 106w, https:\/\/tomajazz.com\/web\/wp-content\/uploads\/2013\/05\/256px-Retrato_de_Mateo_Alem\u00e1n-212x300.jpg 212w, https:\/\/tomajazz.com\/web\/wp-content\/uploads\/2013\/05\/256px-Retrato_de_Mateo_Alem\u00e1n-38x55.jpg 38w\" sizes=\"auto, (max-width: 205px) 100vw, 205px\" \/><\/a>Quien no tiene necesidades propias, mal se acuerda de las ajenas.<\/p>\n<p>Mateo Alem\u00e1n (1547 &#8211; 1614)<\/p>\n","protected":false},"excerpt":{"rendered":"<p>Quien no tiene necesidades propias, mal se acuerda de las ajenas. Mateo Alem\u00e1n (1547 &#8211; 1614)<span class=\"more-link\"><a href=\"https:\/\/tomajazz.com\/web\/mateo-aleman-una-cita-sobre-las-necesidades\/\">Contin\u00faa leyendo<\/a><\/span><\/p>\n","protected":false},"author":1,"featured_media":0,"comment_status":"open","ping_status":"closed","sticky":false,"template":"","format":"standard","meta":{"jetpack_post_was_ever_published":false,"_jetpack_newsletter_access":"","_jetpack_dont_email_post_to_subs":false,"_jetpack_newsletter_tier_id":0,"_jetpack_memberships_contains_paywalled_content":false,"_jetpack_memberships_contains_paid_content":false,"footnotes":""},"categories":[4313,1038,4758],"tags":[4773,6661,16099,16100],"class_list":["entry","author-pachi","post-6647","post","type-post","status-publish","format-standard","category-bun","category-contenidos","category-blogs","tag-cita","tag-mateo-aleman","tag-toma-jazz","tag-tomajazz-toma-jazz"],"jetpack_featured_media_url":"","jetpack_likes_enabled":true,"jetpack_sharing_enabled":true,"jetpack-related-posts":[{"id":100138,"url":"https:\/\/tomajazz.com\/web\/potter-holland-gilmore-kismet-donosti-2025\/","url_meta":{"origin":6647,"position":0},"title":"Chris Potter &#8211; Dave Holland &#8211; Marcus Gilmore \u00abKismet\u00bb (60 Festival de Jazz de San Sebasti\u00e1n 2025. 2025-07-25) Por Antonio Torres (texto y fotos), y Pepe Mateos (fotos) [Concierto de jazz]","author":"Tomajazz","date":"6 octubre, 2025","format":false,"excerpt":"Chris Potter - Dave Holland - Marcus Gilmore \"Kismet\" intervinieron en el 60 Festival de Jazz de San Sebasti\u00e1n 2025. Antonio Torres (texto y fotos), y Pepe Mateos (fotos) repasan la actuaci\u00f3n","rel":"","context":"En \u00ab60 Festival de Jazz de San Sebasti\u00e1n 2025 - Jazzaldia 2025\u00bb","block_context":{"text":"60 Festival de Jazz de San Sebasti\u00e1n 2025 - Jazzaldia 2025","link":"https:\/\/tomajazz.com\/web\/category\/contenidos\/especial-contenidos\/60-festival-de-jazz-de-san-sebastian-2025-jazzaldia-2025\/"},"img":{"alt_text":"Chris Potter - Dave Holland - Marcus Gilmore \"Kismet\" (60 Festival de Jazz de San Sebasti\u00e1n 2025. 2025-07-25) Por Antonio Torres (texto y fotos), y Pepe Mateos (fotos) [Concierto de jazz] - Tomajazz - Chris Potter - Dave Holland - Marcus Gilmore \"Kismet\" intervinieron en el 60 Festival de Jazz de San Sebasti\u00e1n 2025. Antonio Torres (texto y fotos), y Pepe Mateos (fotos) repasan la actuaci\u00f3n","src":"https:\/\/i0.wp.com\/tomajazz.com\/web\/wp-content\/uploads\/2025\/10\/PM4.jpg?resize=350%2C200&ssl=1","width":350,"height":200,"srcset":"https:\/\/i0.wp.com\/tomajazz.com\/web\/wp-content\/uploads\/2025\/10\/PM4.jpg?resize=350%2C200&ssl=1 1x, https:\/\/i0.wp.com\/tomajazz.com\/web\/wp-content\/uploads\/2025\/10\/PM4.jpg?resize=525%2C300&ssl=1 1.5x, https:\/\/i0.wp.com\/tomajazz.com\/web\/wp-content\/uploads\/2025\/10\/PM4.jpg?resize=700%2C400&ssl=1 2x"},"classes":[]},{"id":103317,"url":"https:\/\/tomajazz.com\/web\/jazzahara-2025\/","url_meta":{"origin":6647,"position":1},"title":"Jazzahara 2025 (Zahara de los Atunes, C\u00e1diz. 31 de octubre al 2 de noviembre de 2025) Textos: Antonio Torres. Fotos: Antonio Torres y Pepe Mateos [Conciertos de Jazz]","author":"Tomajazz","date":"12 enero, 2026","format":false,"excerpt":"Jazzahara 2025 se celebr\u00f3 en Zahara de los Atunes, C\u00e1diz, del 31 de octubre al 2 de noviembre de 2025. Antonio Torres y Pepe Mateos repasan los conciertos. Participaron Actuaron Triplanetas, Theo Croker Quartet, Anggie Obin Quartet, Juanfe P\u00e9rez Quartet, J\u00e9ssica Pina Trio","rel":"","context":"En \u00abConciertos...\u00bb","block_context":{"text":"Conciertos...","link":"https:\/\/tomajazz.com\/web\/category\/contenidos\/textos\/conciertos\/"},"img":{"alt_text":"Jazzahara 2025 (Zahara de los Atunes, C\u00e1diz. 31 de octubre al 2 de noviembre de 2025) Textos: Antonio Torres. Fotos: Antonio Torres y Pepe Mateos [Conciertos de Jazz] - Tomajazz - Jazzahara 2025 se celebr\u00f3 en Zahara de los Atunes, C\u00e1diz, del 31 de octubre al 2 de noviembre de 2025. Antonio Torres y Pepe Mateos repasan los conciertos. Participaron Actuaron Triplanetas, Theo Croker Quartet, Anggie Obin Quartet, Juanfe P\u00e9rez Quartet, J\u00e9ssica Pina Trio","src":"https:\/\/i0.wp.com\/tomajazz.com\/web\/wp-content\/uploads\/2026\/01\/JESSICA-PINA-AT-4.jpg?resize=350%2C200&ssl=1","width":350,"height":200,"srcset":"https:\/\/i0.wp.com\/tomajazz.com\/web\/wp-content\/uploads\/2026\/01\/JESSICA-PINA-AT-4.jpg?resize=350%2C200&ssl=1 1x, https:\/\/i0.wp.com\/tomajazz.com\/web\/wp-content\/uploads\/2026\/01\/JESSICA-PINA-AT-4.jpg?resize=525%2C300&ssl=1 1.5x, https:\/\/i0.wp.com\/tomajazz.com\/web\/wp-content\/uploads\/2026\/01\/JESSICA-PINA-AT-4.jpg?resize=700%2C400&ssl=1 2x"},"classes":[]},{"id":90953,"url":"https:\/\/tomajazz.com\/web\/20-anos-en-jazzaldia-de-pepe-mateos-img\/","url_meta":{"origin":6647,"position":2},"title":"20 a\u00f1os consecutivos asistiendo al Jazzaldia Festival de Jazz de San Sebasti\u00e1n (2005-2024) Por Pepe Mateos [INSTANTZZ]","author":"Tomajazz","date":"28 octubre, 2024","format":false,"excerpt":"Pepe Mateos rememora en im\u00e1genes 20 a\u00f1os consecutivos asistiendo al Jazzaldia Festival de Jazz de San Sebasti\u00e1n (2005-2024) las vivencias en la cita donostiarra","rel":"","context":"En \u00abINSTANTZZ\u00bb","block_context":{"text":"INSTANTZZ","link":"https:\/\/tomajazz.com\/web\/category\/contenidos\/imagenes\/photoblogs\/instantzz\/"},"img":{"alt_text":"20 a\u00f1os consecutivos asistiendo al Festival de Jazz de San Sebasti\u00e1n (2005-2024) Por Pepe Mateos [INSTANTZZ] - Tomajazz - Pepe Mateos rememora en im\u00e1genes 20 a\u00f1os consecutivos asistiendo al Jazzaldia Festival de Jazz de San Sebasti\u00e1n (2005-2024) las vivencias en la cita donostiarra","src":"https:\/\/i0.wp.com\/tomajazz.com\/web\/wp-content\/uploads\/2024\/10\/Dave-Holland-John-Scofield-1.jpg?resize=350%2C200&ssl=1","width":350,"height":200,"srcset":"https:\/\/i0.wp.com\/tomajazz.com\/web\/wp-content\/uploads\/2024\/10\/Dave-Holland-John-Scofield-1.jpg?resize=350%2C200&ssl=1 1x, https:\/\/i0.wp.com\/tomajazz.com\/web\/wp-content\/uploads\/2024\/10\/Dave-Holland-John-Scofield-1.jpg?resize=525%2C300&ssl=1 1.5x, https:\/\/i0.wp.com\/tomajazz.com\/web\/wp-content\/uploads\/2024\/10\/Dave-Holland-John-Scofield-1.jpg?resize=700%2C400&ssl=1 2x, https:\/\/i0.wp.com\/tomajazz.com\/web\/wp-content\/uploads\/2024\/10\/Dave-Holland-John-Scofield-1.jpg?resize=1050%2C600&ssl=1 3x, https:\/\/i0.wp.com\/tomajazz.com\/web\/wp-content\/uploads\/2024\/10\/Dave-Holland-John-Scofield-1.jpg?resize=1400%2C800&ssl=1 4x"},"classes":[]},{"id":105062,"url":"https:\/\/tomajazz.com\/web\/duquende-flamenc-on-2026\/","url_meta":{"origin":6647,"position":3},"title":"Duquende (Flamenc-ON 2026 \/ Teatre Sagarra, 2026-03-14 \/ Santa Coloma de Gramenet -Barcelona-) [I] Por Joan Cort\u00e8s [Flamencuras AKA INSTANTZZ AKA Galer\u00eda fotogr\u00e1fica AKA Fotoblog de jazz, impro\u2026 y algo m\u00e1s]","author":"Tomajazz","date":"26 abril, 2026","format":false,"excerpt":"Duquende actu\u00f3 en Flamenc-ON 2026 de Santa Coloma de Gramenet, Barcelona, el 14 de marzo de 2026. Joan Cort\u00e8s lo retrata en las Flamencuras de INSTANTZZ. Actuaron Duquende, Jos\u00e9 Andr\u00e9s Cort\u00e9s, Juan Mateos, Diego Amaya, Sergio de Finizio","rel":"","context":"En \u00abFlamenc-ON 2026\u00bb","block_context":{"text":"Flamenc-ON 2026","link":"https:\/\/tomajazz.com\/web\/category\/contenidos\/especial-contenidos\/flamenc-on-2026\/"},"img":{"alt_text":"Duquende (Flamenc-ON 2026 \/ Teatre Sagarra, 2026-03-14 \/ Santa Coloma de Gramenet -Barcelona-) [I] Por Joan Cort\u00e8s [Flamencuras AKA INSTANTZZ AKA Galer\u00eda fotogr\u00e1fica AKA Fotoblog de jazz, impro\u2026 y algo m\u00e1s] - Tomajazz - Duquende actu\u00f3 en Flamenc-ON 2026 de Santa Coloma de Gramenet, Barcelona, el 14 de marzo de 2026. Joan Cort\u00e8s lo retrata en las Flamencuras de INSTANTZZ. Actuaron Duquende, Jos\u00e9 Andr\u00e9s Cort\u00e9s, Juan Mateos, Diego Amaya, Sergio de Finizio\n","src":"https:\/\/i0.wp.com\/tomajazz.com\/web\/wp-content\/uploads\/2026\/04\/destacada-07-Dqnd-Photo-by-Joan-Cortes-14mrc26-Flmnc-n-TS-SCGr.jpg?resize=350%2C200&ssl=1","width":350,"height":200,"srcset":"https:\/\/i0.wp.com\/tomajazz.com\/web\/wp-content\/uploads\/2026\/04\/destacada-07-Dqnd-Photo-by-Joan-Cortes-14mrc26-Flmnc-n-TS-SCGr.jpg?resize=350%2C200&ssl=1 1x, https:\/\/i0.wp.com\/tomajazz.com\/web\/wp-content\/uploads\/2026\/04\/destacada-07-Dqnd-Photo-by-Joan-Cortes-14mrc26-Flmnc-n-TS-SCGr.jpg?resize=525%2C300&ssl=1 1.5x"},"classes":[]},{"id":97508,"url":"https:\/\/tomajazz.com\/web\/clasijazz-big-band-festival-jazz-vitoria-2025\/","url_meta":{"origin":6647,"position":4},"title":"Clasijazz Big Band. Epitaph (48 Festival de Jazz de Vitoria. 2025-07-16) Por Antonio Torres (texto y fotos), y Pepe Mateos (fotos) [Concierto de jazz]","author":"Tomajazz","date":"5 agosto, 2025","format":false,"excerpt":"Clasijazz Big Band interpret\u00f3 Epitaph de Charles Mingus en el 48 Festival de Jazz de Vitoria 2025. Antonio Torres (texto y fotos), y Pepe Mateos (fotos) relatan y retratan la cita","rel":"","context":"En \u00ab48 Festival de Jazz de Vitoria 2025\u00bb","block_context":{"text":"48 Festival de Jazz de Vitoria 2025","link":"https:\/\/tomajazz.com\/web\/category\/contenidos\/especial-contenidos\/48-festival-de-jazz-de-vitoria-2025\/"},"img":{"alt_text":"Clasijazz Big Band. Epitaph (48 Festival de Jazz de Vitoria. 2025-07-16) Por Antonio Torres (texto y fotos), y Pepe Mateos (fotos) [Concierto de jazz] - Tomajazz - Clasijazz Big Band interpret\u00f3 Epitaph de Charles Mingus en el 48 Festival de Jazz de Vitoria 2025. Antonio Torres (texto y fotos), y Pepe Mateos (fotos) relatan la cita","src":"https:\/\/i0.wp.com\/tomajazz.com\/web\/wp-content\/uploads\/2025\/08\/1U1A9871.jpg?resize=350%2C200&ssl=1","width":350,"height":200,"srcset":"https:\/\/i0.wp.com\/tomajazz.com\/web\/wp-content\/uploads\/2025\/08\/1U1A9871.jpg?resize=350%2C200&ssl=1 1x, https:\/\/i0.wp.com\/tomajazz.com\/web\/wp-content\/uploads\/2025\/08\/1U1A9871.jpg?resize=525%2C300&ssl=1 1.5x"},"classes":[]},{"id":98979,"url":"https:\/\/tomajazz.com\/web\/marc-ribot-dee-dee-bridgewater-donosti-2025\/","url_meta":{"origin":6647,"position":5},"title":"Marc Ribot Hurry Red Telephone &#8211; Dee Dee Bridgewater Quartet: We Exist! (60 Festival de Jazz de San Sebasti\u00e1n 2025. 2025-07-25) Por Antonio Torres (texto y fotos), y Pepe Mateos (fotos) [Concierto de jazz]","author":"Tomajazz","date":"12 septiembre, 2025","format":false,"excerpt":"Marc Ribot Hurry Red Telephone - Dee Dee Bridgewater Quartet: We Exist! actuaron en el 60 Festival de Jazz de San Sebasti\u00e1n 2025. Antonio Torres y Pepe Mateos repasan la cita doble. Actuaron Marc Ribot, Ava Mendoza, Sebastian Steinberg, Chad Taylor, Dee Dee Bridgewater, Carmen Staaf, Rosa Brunello, Evita Polidoro","rel":"","context":"En \u00ab60 Festival de Jazz de San Sebasti\u00e1n 2025 - Jazzaldia 2025\u00bb","block_context":{"text":"60 Festival de Jazz de San Sebasti\u00e1n 2025 - Jazzaldia 2025","link":"https:\/\/tomajazz.com\/web\/category\/contenidos\/especial-contenidos\/60-festival-de-jazz-de-san-sebastian-2025-jazzaldia-2025\/"},"img":{"alt_text":"Marc Ribot Hurry Red Telephone - Dee Dee Bridgewater Quartet: We Exist! (60 Festival de Jazz de San Sebasti\u00e1n 2025. 2025-07-25) Por Antonio Torres (texto y fotos), y Pepe Mateos (fotos) [Concierto de jazz] - Tomajazz - Marc Ribot Hurry Red Telephone - Dee Dee Bridgewater Quartet: We Exist! actuaron en el 60 Festival de Jazz de San Sebasti\u00e1n 2025. Antonio Torres y Pepe Mateos repasan la cita doble. Actuaron Marc Ribot,  Ava Mendoza,  Sebastian Steinberg, Chad Taylor, Dee Dee Bridgewater, Carmen Staaf, Rosa Brunello, Evita Polidoro \n \n","src":"https:\/\/i0.wp.com\/tomajazz.com\/web\/wp-content\/uploads\/2025\/09\/PM1-1-1.jpg?resize=350%2C200&ssl=1","width":350,"height":200,"srcset":"https:\/\/i0.wp.com\/tomajazz.com\/web\/wp-content\/uploads\/2025\/09\/PM1-1-1.jpg?resize=350%2C200&ssl=1 1x, https:\/\/i0.wp.com\/tomajazz.com\/web\/wp-content\/uploads\/2025\/09\/PM1-1-1.jpg?resize=525%2C300&ssl=1 1.5x, https:\/\/i0.wp.com\/tomajazz.com\/web\/wp-content\/uploads\/2025\/09\/PM1-1-1.jpg?resize=700%2C400&ssl=1 2x"},"classes":[]}],"_links":{"self":[{"href":"https:\/\/tomajazz.com\/web\/wp-json\/wp\/v2\/posts\/6647","targetHints":{"allow":["GET"]}}],"collection":[{"href":"https:\/\/tomajazz.com\/web\/wp-json\/wp\/v2\/posts"}],"about":[{"href":"https:\/\/tomajazz.com\/web\/wp-json\/wp\/v2\/types\/post"}],"author":[{"embeddable":true,"href":"https:\/\/tomajazz.com\/web\/wp-json\/wp\/v2\/users\/1"}],"replies":[{"embeddable":true,"href":"https:\/\/tomajazz.com\/web\/wp-json\/wp\/v2\/comments?post=6647"}],"version-history":[{"count":1,"href":"https:\/\/tomajazz.com\/web\/wp-json\/wp\/v2\/posts\/6647\/revisions"}],"predecessor-version":[{"id":6649,"href":"https:\/\/tomajazz.com\/web\/wp-json\/wp\/v2\/posts\/6647\/revisions\/6649"}],"wp:attachment":[{"href":"https:\/\/tomajazz.com\/web\/wp-json\/wp\/v2\/media?parent=6647"}],"wp:term":[{"taxonomy":"category","embeddable":true,"href":"https:\/\/tomajazz.com\/web\/wp-json\/wp\/v2\/categories?post=6647"},{"taxonomy":"post_tag","embeddable":true,"href":"https:\/\/tomajazz.com\/web\/wp-json\/wp\/v2\/tags?post=6647"}],"curies":[{"name":"wp","href":"https:\/\/api.w.org\/{rel}","templated":true}]}}