{"id":66718,"date":"2022-09-17T12:00:18","date_gmt":"2022-09-17T10:00:18","guid":{"rendered":"https:\/\/www.tomajazz.com\/web\/?p=66718"},"modified":"2022-09-16T22:12:30","modified_gmt":"2022-09-16T20:12:30","slug":"piers-faccini-2022","status":"publish","type":"post","link":"https:\/\/tomajazz.com\/web\/piers-faccini-2022\/","title":{"rendered":"Piers Faccini (29\u00e8me Jazz \u00e0 Junas \/ Carri\u00e8res, Junas, Occitanie -France-. 2022-07-21) [IV\/X] Por Joan Cort\u00e8s [INSTANTZZ]"},"content":{"rendered":"<h4><a href=\"https:\/\/www.jazzajunas.fr\/\" target=\"_blank\" rel=\"noopener\">29\u00e8me Festival Jazz \u00e0 Junas<\/a><\/h4>\n<ul>\n<li>Fecha: jueves, 21 de julio de 2022<\/li>\n<li>Lugar: Carri\u00e8res (Junas, Occitanie -France-)<\/li>\n<li>Grupo:<br \/>\n<strong>Piers Faccini \u201cShapes of the fall\u201d<br \/>\n<\/strong>Piers Faccini, guitarra, voz y arm\u00f3nica<br \/>\nMalik Ziad, guembri y mandola<br \/>\nJuliette Serrad, violoncelo<br \/>\nS\u00e9verine Morfin, viola<br \/>\nSimone Prattico, bater\u00eda<\/li>\n<\/ul>\n<p style=\"text-align: center;\"><img loading=\"lazy\" decoding=\"async\" class=\"aligncenter size-full wp-image-66719\" src=\"https:\/\/tomajazz.com\/web\/wp-content\/uploads\/2022\/09\/01_Prs-Fccn-\u00a9Joan-Cortes_21jul22_29Jzz-Jns_Crrrs_Jns.jpg\" alt=\"\" width=\"399\" height=\"600\" title=\"\" srcset=\"https:\/\/tomajazz.com\/web\/wp-content\/uploads\/2022\/09\/01_Prs-Fccn-\u00a9Joan-Cortes_21jul22_29Jzz-Jns_Crrrs_Jns.jpg 399w, https:\/\/tomajazz.com\/web\/wp-content\/uploads\/2022\/09\/01_Prs-Fccn-\u00a9Joan-Cortes_21jul22_29Jzz-Jns_Crrrs_Jns-133x200.jpg 133w, https:\/\/tomajazz.com\/web\/wp-content\/uploads\/2022\/09\/01_Prs-Fccn-\u00a9Joan-Cortes_21jul22_29Jzz-Jns_Crrrs_Jns-366x550.jpg 366w, https:\/\/tomajazz.com\/web\/wp-content\/uploads\/2022\/09\/01_Prs-Fccn-\u00a9Joan-Cortes_21jul22_29Jzz-Jns_Crrrs_Jns-333x500.jpg 333w\" sizes=\"auto, (max-width: 399px) 100vw, 399px\" \/> <img loading=\"lazy\" decoding=\"async\" class=\"aligncenter size-large wp-image-66720\" src=\"https:\/\/tomajazz.com\/web\/wp-content\/uploads\/2022\/09\/02_Prs-Fccn-\u00a9Joan-Cortes_21jul22_29Jzz-Jns_Crrrs_Jns.jpg\" alt=\"\" width=\"600\" height=\"399\" title=\"\" srcset=\"https:\/\/tomajazz.com\/web\/wp-content\/uploads\/2022\/09\/02_Prs-Fccn-\u00a9Joan-Cortes_21jul22_29Jzz-Jns_Crrrs_Jns.jpg 600w, https:\/\/tomajazz.com\/web\/wp-content\/uploads\/2022\/09\/02_Prs-Fccn-\u00a9Joan-Cortes_21jul22_29Jzz-Jns_Crrrs_Jns-200x133.jpg 200w, https:\/\/tomajazz.com\/web\/wp-content\/uploads\/2022\/09\/02_Prs-Fccn-\u00a9Joan-Cortes_21jul22_29Jzz-Jns_Crrrs_Jns-465x309.jpg 465w\" sizes=\"auto, (max-width: 600px) 100vw, 600px\" \/> <img loading=\"lazy\" decoding=\"async\" class=\"aligncenter size-large wp-image-66721\" src=\"https:\/\/tomajazz.com\/web\/wp-content\/uploads\/2022\/09\/03_Prs-Fccn-\u00a9Joan-Cortes_21jul22_29Jzz-Jns_Crrrs_Jns.jpg\" alt=\"\" width=\"399\" height=\"600\" title=\"\" srcset=\"https:\/\/tomajazz.com\/web\/wp-content\/uploads\/2022\/09\/03_Prs-Fccn-\u00a9Joan-Cortes_21jul22_29Jzz-Jns_Crrrs_Jns.jpg 399w, https:\/\/tomajazz.com\/web\/wp-content\/uploads\/2022\/09\/03_Prs-Fccn-\u00a9Joan-Cortes_21jul22_29Jzz-Jns_Crrrs_Jns-133x200.jpg 133w, https:\/\/tomajazz.com\/web\/wp-content\/uploads\/2022\/09\/03_Prs-Fccn-\u00a9Joan-Cortes_21jul22_29Jzz-Jns_Crrrs_Jns-366x550.jpg 366w, https:\/\/tomajazz.com\/web\/wp-content\/uploads\/2022\/09\/03_Prs-Fccn-\u00a9Joan-Cortes_21jul22_29Jzz-Jns_Crrrs_Jns-333x500.jpg 333w\" sizes=\"auto, (max-width: 399px) 100vw, 399px\" \/> <img loading=\"lazy\" decoding=\"async\" class=\"aligncenter size-large wp-image-66722\" src=\"https:\/\/tomajazz.com\/web\/wp-content\/uploads\/2022\/09\/004_Prs-Fccn-\u00a9Joan-Cortes_21jul22_29Jzz-Jns_Crrrs_Jns.jpg\" alt=\"\" width=\"376\" height=\"566\" title=\"\" srcset=\"https:\/\/tomajazz.com\/web\/wp-content\/uploads\/2022\/09\/004_Prs-Fccn-\u00a9Joan-Cortes_21jul22_29Jzz-Jns_Crrrs_Jns.jpg 376w, https:\/\/tomajazz.com\/web\/wp-content\/uploads\/2022\/09\/004_Prs-Fccn-\u00a9Joan-Cortes_21jul22_29Jzz-Jns_Crrrs_Jns-133x200.jpg 133w, https:\/\/tomajazz.com\/web\/wp-content\/uploads\/2022\/09\/004_Prs-Fccn-\u00a9Joan-Cortes_21jul22_29Jzz-Jns_Crrrs_Jns-365x550.jpg 365w, https:\/\/tomajazz.com\/web\/wp-content\/uploads\/2022\/09\/004_Prs-Fccn-\u00a9Joan-Cortes_21jul22_29Jzz-Jns_Crrrs_Jns-332x500.jpg 332w\" sizes=\"auto, (max-width: 376px) 100vw, 376px\" \/> <img loading=\"lazy\" decoding=\"async\" class=\"aligncenter size-large wp-image-66723\" src=\"https:\/\/tomajazz.com\/web\/wp-content\/uploads\/2022\/09\/05_Prs-Fccn-\u00a9Joan-Cortes_21jul22_29Jzz-Jns_Crrrs_Jns.jpg\" alt=\"\" width=\"600\" height=\"399\" title=\"\" srcset=\"https:\/\/tomajazz.com\/web\/wp-content\/uploads\/2022\/09\/05_Prs-Fccn-\u00a9Joan-Cortes_21jul22_29Jzz-Jns_Crrrs_Jns.jpg 600w, https:\/\/tomajazz.com\/web\/wp-content\/uploads\/2022\/09\/05_Prs-Fccn-\u00a9Joan-Cortes_21jul22_29Jzz-Jns_Crrrs_Jns-200x133.jpg 200w, https:\/\/tomajazz.com\/web\/wp-content\/uploads\/2022\/09\/05_Prs-Fccn-\u00a9Joan-Cortes_21jul22_29Jzz-Jns_Crrrs_Jns-465x309.jpg 465w\" sizes=\"auto, (max-width: 600px) 100vw, 600px\" \/> <img loading=\"lazy\" decoding=\"async\" class=\"aligncenter size-large wp-image-66724\" src=\"https:\/\/tomajazz.com\/web\/wp-content\/uploads\/2022\/09\/06_Prs-Fccn-\u00a9Joan-Cortes_21jul22_29Jzz-Jns_Crrrs_Jns.jpg\" alt=\"\" width=\"600\" height=\"399\" title=\"\" srcset=\"https:\/\/tomajazz.com\/web\/wp-content\/uploads\/2022\/09\/06_Prs-Fccn-\u00a9Joan-Cortes_21jul22_29Jzz-Jns_Crrrs_Jns.jpg 600w, https:\/\/tomajazz.com\/web\/wp-content\/uploads\/2022\/09\/06_Prs-Fccn-\u00a9Joan-Cortes_21jul22_29Jzz-Jns_Crrrs_Jns-200x133.jpg 200w, https:\/\/tomajazz.com\/web\/wp-content\/uploads\/2022\/09\/06_Prs-Fccn-\u00a9Joan-Cortes_21jul22_29Jzz-Jns_Crrrs_Jns-465x309.jpg 465w\" sizes=\"auto, (max-width: 600px) 100vw, 600px\" \/> <img loading=\"lazy\" decoding=\"async\" class=\"aligncenter size-large wp-image-66725\" src=\"https:\/\/tomajazz.com\/web\/wp-content\/uploads\/2022\/09\/07_Prs-Fccn-\u00a9Joan-Cortes_21jul22_29Jzz-Jns_Crrrs_Jns.jpg\" alt=\"\" width=\"600\" height=\"399\" title=\"\" srcset=\"https:\/\/tomajazz.com\/web\/wp-content\/uploads\/2022\/09\/07_Prs-Fccn-\u00a9Joan-Cortes_21jul22_29Jzz-Jns_Crrrs_Jns.jpg 600w, https:\/\/tomajazz.com\/web\/wp-content\/uploads\/2022\/09\/07_Prs-Fccn-\u00a9Joan-Cortes_21jul22_29Jzz-Jns_Crrrs_Jns-200x133.jpg 200w, https:\/\/tomajazz.com\/web\/wp-content\/uploads\/2022\/09\/07_Prs-Fccn-\u00a9Joan-Cortes_21jul22_29Jzz-Jns_Crrrs_Jns-465x309.jpg 465w\" sizes=\"auto, (max-width: 600px) 100vw, 600px\" \/> <img loading=\"lazy\" decoding=\"async\" class=\"aligncenter size-large wp-image-66726\" src=\"https:\/\/tomajazz.com\/web\/wp-content\/uploads\/2022\/09\/08_Prs-Fccn-\u00a9Joan-Cortes_21jul22_29Jzz-Jns_Crrrs_Jns.jpg\" alt=\"\" width=\"600\" height=\"399\" title=\"\" srcset=\"https:\/\/tomajazz.com\/web\/wp-content\/uploads\/2022\/09\/08_Prs-Fccn-\u00a9Joan-Cortes_21jul22_29Jzz-Jns_Crrrs_Jns.jpg 600w, https:\/\/tomajazz.com\/web\/wp-content\/uploads\/2022\/09\/08_Prs-Fccn-\u00a9Joan-Cortes_21jul22_29Jzz-Jns_Crrrs_Jns-200x133.jpg 200w, https:\/\/tomajazz.com\/web\/wp-content\/uploads\/2022\/09\/08_Prs-Fccn-\u00a9Joan-Cortes_21jul22_29Jzz-Jns_Crrrs_Jns-465x309.jpg 465w\" sizes=\"auto, (max-width: 600px) 100vw, 600px\" \/> <img loading=\"lazy\" decoding=\"async\" class=\"aligncenter size-large wp-image-66727\" src=\"https:\/\/tomajazz.com\/web\/wp-content\/uploads\/2022\/09\/09_Prs-Fccn-\u00a9Joan-Cortes_21jul22_29Jzz-Jns_Crrrs_Jns.jpg\" alt=\"\" width=\"600\" height=\"399\" title=\"\" srcset=\"https:\/\/tomajazz.com\/web\/wp-content\/uploads\/2022\/09\/09_Prs-Fccn-\u00a9Joan-Cortes_21jul22_29Jzz-Jns_Crrrs_Jns.jpg 600w, https:\/\/tomajazz.com\/web\/wp-content\/uploads\/2022\/09\/09_Prs-Fccn-\u00a9Joan-Cortes_21jul22_29Jzz-Jns_Crrrs_Jns-200x133.jpg 200w, https:\/\/tomajazz.com\/web\/wp-content\/uploads\/2022\/09\/09_Prs-Fccn-\u00a9Joan-Cortes_21jul22_29Jzz-Jns_Crrrs_Jns-465x309.jpg 465w\" sizes=\"auto, (max-width: 600px) 100vw, 600px\" \/> <img loading=\"lazy\" decoding=\"async\" class=\"aligncenter size-large wp-image-66728\" src=\"https:\/\/tomajazz.com\/web\/wp-content\/uploads\/2022\/09\/10_Prs-Fccn-\u00a9Joan-Cortes_21jul22_29Jzz-Jns_Crrrs_Jns.jpg\" alt=\"\" width=\"600\" height=\"399\" title=\"\" srcset=\"https:\/\/tomajazz.com\/web\/wp-content\/uploads\/2022\/09\/10_Prs-Fccn-\u00a9Joan-Cortes_21jul22_29Jzz-Jns_Crrrs_Jns.jpg 600w, https:\/\/tomajazz.com\/web\/wp-content\/uploads\/2022\/09\/10_Prs-Fccn-\u00a9Joan-Cortes_21jul22_29Jzz-Jns_Crrrs_Jns-200x133.jpg 200w, https:\/\/tomajazz.com\/web\/wp-content\/uploads\/2022\/09\/10_Prs-Fccn-\u00a9Joan-Cortes_21jul22_29Jzz-Jns_Crrrs_Jns-465x309.jpg 465w\" sizes=\"auto, (max-width: 600px) 100vw, 600px\" \/> <img loading=\"lazy\" decoding=\"async\" class=\"aligncenter size-large wp-image-66729\" src=\"https:\/\/tomajazz.com\/web\/wp-content\/uploads\/2022\/09\/11_Prs-Fccn-\u00a9Joan-Cortes_21jul22_29Jzz-Jns_Crrrs_Jns.jpg\" alt=\"\" width=\"399\" height=\"600\" title=\"\" srcset=\"https:\/\/tomajazz.com\/web\/wp-content\/uploads\/2022\/09\/11_Prs-Fccn-\u00a9Joan-Cortes_21jul22_29Jzz-Jns_Crrrs_Jns.jpg 399w, https:\/\/tomajazz.com\/web\/wp-content\/uploads\/2022\/09\/11_Prs-Fccn-\u00a9Joan-Cortes_21jul22_29Jzz-Jns_Crrrs_Jns-133x200.jpg 133w, https:\/\/tomajazz.com\/web\/wp-content\/uploads\/2022\/09\/11_Prs-Fccn-\u00a9Joan-Cortes_21jul22_29Jzz-Jns_Crrrs_Jns-366x550.jpg 366w, https:\/\/tomajazz.com\/web\/wp-content\/uploads\/2022\/09\/11_Prs-Fccn-\u00a9Joan-Cortes_21jul22_29Jzz-Jns_Crrrs_Jns-333x500.jpg 333w\" sizes=\"auto, (max-width: 399px) 100vw, 399px\" \/><\/p>\n<p style=\"text-align: right;\">Tomajazz: \u00a9 <a href=\"https:\/\/www.facebook.com\/joan.cortesbenages\" target=\"_blank\" rel=\"noopener\"><strong>Joan Cort\u00e8s<\/strong><\/a>, 2022<\/p>\n<h4>29\u00e8me Festival Jazz \u00e0 Junas en Tomajazz<\/h4>\n<blockquote class=\"wp-embedded-content\" data-secret=\"k5g1hPDTvS\"><p><a href=\"https:\/\/tomajazz.com\/web\/shabaka-hutchings-sons-of-kemet-2022\/\">Shabaka Hutchings \u00abSons of Kemet\u00bb (29\u00e8me Jazz \u00e0 Junas \/ Carri\u00e8res, Junas, Occitanie -France-. 2022-07-20) [III\/X] Por Joan Cort\u00e8s [INSTANTZZ]<\/a><\/p><\/blockquote>\n<p><iframe loading=\"lazy\" class=\"wp-embedded-content\" sandbox=\"allow-scripts\" security=\"restricted\" style=\"position: absolute; visibility: hidden;\" title=\"\u00abShabaka Hutchings \u00abSons of Kemet\u00bb (29\u00e8me Jazz \u00e0 Junas \/ Carri\u00e8res, Junas, Occitanie -France-. 2022-07-20) [III\/X] Por Joan Cort\u00e8s [INSTANTZZ]\u00bb \u2014 Tomajazz\" src=\"https:\/\/tomajazz.com\/web\/shabaka-hutchings-sons-of-kemet-2022\/embed\/#?secret=jbfLY16rS9#?secret=k5g1hPDTvS\" data-secret=\"k5g1hPDTvS\" width=\"600\" height=\"338\" frameborder=\"0\" marginwidth=\"0\" marginheight=\"0\" scrolling=\"no\"><\/iframe><\/p>\n<blockquote class=\"wp-embedded-content\" data-secret=\"2rogyvFbuw\"><p><a href=\"https:\/\/tomajazz.com\/web\/john-surman-quartet-jazz-a-junas-2022\/\">John Surman Quartet (29\u00e8me Jazz \u00e0 Junas \/ Carri\u00e8res, Junas, Occitanie -France-. 2022-07-20) [II\/X]<\/a><\/p><\/blockquote>\n<p><iframe loading=\"lazy\" class=\"wp-embedded-content\" sandbox=\"allow-scripts\" security=\"restricted\" style=\"position: absolute; visibility: hidden;\" title=\"\u00abJohn Surman Quartet (29\u00e8me Jazz \u00e0 Junas \/ Carri\u00e8res, Junas, Occitanie -France-. 2022-07-20) [II\/X]\u00bb \u2014 Tomajazz\" src=\"https:\/\/tomajazz.com\/web\/john-surman-quartet-jazz-a-junas-2022\/embed\/#?secret=SE9dBhmwtR#?secret=2rogyvFbuw\" data-secret=\"2rogyvFbuw\" width=\"600\" height=\"338\" frameborder=\"0\" marginwidth=\"0\" marginheight=\"0\" scrolling=\"no\"><\/iframe><\/p>\n<blockquote class=\"wp-embedded-content\" data-secret=\"KgfG1MuIrh\"><p><a href=\"https:\/\/tomajazz.com\/web\/dave-holland-zakir-hussain-chris-potter-2022\/\">Dave Holland, Zakir Hussain &#038; Chris Potter (29\u00e8me Jazz \u00e0 Junas \/ Carri\u00e8res, Junas, Occitanie -France-. 2022-07-19) [I\/X] Por Joan Cort\u00e8s [INSTANTZZ]<\/a><\/p><\/blockquote>\n<p><iframe loading=\"lazy\" class=\"wp-embedded-content\" sandbox=\"allow-scripts\" security=\"restricted\" style=\"position: absolute; visibility: hidden;\" title=\"\u00abDave Holland, Zakir Hussain &#038; Chris Potter (29\u00e8me Jazz \u00e0 Junas \/ Carri\u00e8res, Junas, Occitanie -France-. 2022-07-19) [I\/X] Por Joan Cort\u00e8s [INSTANTZZ]\u00bb \u2014 Tomajazz\" src=\"https:\/\/tomajazz.com\/web\/dave-holland-zakir-hussain-chris-potter-2022\/embed\/#?secret=byEkUuksZx#?secret=KgfG1MuIrh\" data-secret=\"KgfG1MuIrh\" width=\"600\" height=\"338\" frameborder=\"0\" marginwidth=\"0\" marginheight=\"0\" scrolling=\"no\"><\/iframe><\/p>\n<blockquote class=\"wp-embedded-content\" data-secret=\"4j9EDaUCAI\"><p><a href=\"https:\/\/tomajazz.com\/web\/29eme-jazz-a-junas-2022-i\/\">29\u00e8me Jazz \u00e0 Junas 2022 ( Junas, Occitanie -France-) [I\/II] Por Joan Cort\u00e8s [Conciertos de jazz]<\/a><\/p><\/blockquote>\n<p><iframe loading=\"lazy\" class=\"wp-embedded-content\" sandbox=\"allow-scripts\" security=\"restricted\" style=\"position: absolute; visibility: hidden;\" title=\"\u00ab29\u00e8me Jazz \u00e0 Junas 2022 ( Junas, Occitanie -France-) [I\/II] Por Joan Cort\u00e8s [Conciertos de jazz]\u00bb \u2014 Tomajazz\" src=\"https:\/\/tomajazz.com\/web\/29eme-jazz-a-junas-2022-i\/embed\/#?secret=tuvRJ7EcgQ#?secret=4j9EDaUCAI\" data-secret=\"4j9EDaUCAI\" width=\"600\" height=\"338\" frameborder=\"0\" marginwidth=\"0\" marginheight=\"0\" scrolling=\"no\"><\/iframe><\/p>\n<h4>M\u00e1s informaci\u00f3n sobre Piers Faccini<\/h4>\n<p><a href=\"https:\/\/www.piersfaccini.com\/\" target=\"_blank\" rel=\"noopener\">https:\/\/www.piersfaccini.com\/<\/a><\/p>\n<p><a href=\"https:\/\/tomajazz.com\/web\/?s=faccini&amp;submit=Search\" target=\"_blank\" rel=\"noopener\">https:\/\/tomajazz.com\/web\/?s=faccini&amp;submit=Search<\/a><\/p>\n<h4>Joan Cort\u00e8s en Tomajazz<\/h4>\n<p><a href=\"https:\/\/tomajazz.com\/web\/?cat=17853\" target=\"_blank\" rel=\"noopener\">https:\/\/tomajazz.com\/web\/?cat=17853<\/a><\/p>\n","protected":false},"excerpt":{"rendered":"<p>Piers Faccini \u201cShapes of the fall\u201d es el cuarto grupo del especial de Joan Cort\u00e8s en INSTANTZZ dedicado al 29\u00e8me Jazz \u00e0 Junas. <span class=\"more-link\"><a href=\"https:\/\/tomajazz.com\/web\/piers-faccini-2022\/\">Contin\u00faa leyendo<\/a><\/span><\/p>\n","protected":false},"author":1,"featured_media":66729,"comment_status":"open","ping_status":"closed","sticky":false,"template":"","format":"standard","meta":{"jetpack_post_was_ever_published":false,"_jetpack_newsletter_access":"","_jetpack_dont_email_post_to_subs":false,"_jetpack_newsletter_tier_id":0,"_jetpack_memberships_contains_paywalled_content":false,"_jetpack_memberships_contains_paid_content":false,"footnotes":""},"categories":[27665,17853,11262,15516,11261,1038],"tags":[27647,27666,7119,27648,1041,24055,27737,27644,27736,25694,27646,27738],"class_list":["entry","author-pachi","has-excerpt","post-66718","post","type-post","status-publish","format-standard","has-post-thumbnail","category-especial-29eme-festival-jazz-a-junas-2022","category-joan-cortes","category-photoblogs","category-imagenes","category-instantzz","category-contenidos","tag-29eme-jazz-a-junas","tag-29eme-jazz-a-junas-2022","tag-jazz-a-junas","tag-jazz-a-junas-2022","tag-joan-cortes","tag-juliette-serrad","tag-malik","tag-piers-faccini","tag-piers-faccini-shapes-of-the-fall","tag-severine-morfin","tag-simone-prattico","tag-ziad"],"jetpack_featured_media_url":"https:\/\/tomajazz.com\/web\/wp-content\/uploads\/2022\/09\/11_Prs-Fccn-\u00a9Joan-Cortes_21jul22_29Jzz-Jns_Crrrs_Jns.jpg","jetpack_likes_enabled":true,"jetpack_sharing_enabled":true,"jetpack-related-posts":[{"id":66368,"url":"https:\/\/tomajazz.com\/web\/29eme-jazz-a-junas-2022-i\/","url_meta":{"origin":66718,"position":0},"title":"29\u00e8me Jazz \u00e0 Junas 2022 ( Junas, Occitanie -France-) [I\/II] Por Joan Cort\u00e8s [Conciertos de jazz]","author":"Tomajazz","date":"5 septiembre, 2022","format":false,"excerpt":"Joan Cort\u00e8s repasa Jazz \u00e0 Junas 2022 en la primera entrega en Tomajazz con las actuaciones de Dave Holland-Zakir Hussain-Chris Potter, John Surman Quartet, Shabaka Hutchings y Piers Faccini.","rel":"","context":"En \u00abConciertos...\u00bb","block_context":{"text":"Conciertos...","link":"https:\/\/tomajazz.com\/web\/category\/contenidos\/textos\/conciertos\/"},"img":{"alt_text":"29\u00e8me Jazz \u00e0 Junas 2022 ( Junas, Occitanie -France-) [I\/II] Por Joan Cort\u00e8s [Conciertos de jazz]","src":"https:\/\/i0.wp.com\/tomajazz.com\/web\/wp-content\/uploads\/2022\/09\/02_Jzz-Jns-%C2%A9Joan-Cortes_jll22_Jns.jpg?resize=350%2C200&ssl=1","width":350,"height":200,"srcset":"https:\/\/i0.wp.com\/tomajazz.com\/web\/wp-content\/uploads\/2022\/09\/02_Jzz-Jns-%C2%A9Joan-Cortes_jll22_Jns.jpg?resize=350%2C200&ssl=1 1x, https:\/\/i0.wp.com\/tomajazz.com\/web\/wp-content\/uploads\/2022\/09\/02_Jzz-Jns-%C2%A9Joan-Cortes_jll22_Jns.jpg?resize=525%2C300&ssl=1 1.5x"},"classes":[]},{"id":67654,"url":"https:\/\/tomajazz.com\/web\/29eme-jazz-a-junas-resumen\/","url_meta":{"origin":66718,"position":1},"title":"INSTANTZZ: 29\u00e8me Jazz \u00e0 Junas -resumen en blanco y negro-  Por Joan Cort\u00e8s [INSTANTZZ]","author":"Tomajazz","date":"20 octubre, 2022","format":false,"excerpt":"Joan Cort\u00e8s realiza un repaso fotogr\u00e1fico en blanco y negro del 29\u00e8me Jazz \u00e0 Junas.","rel":"","context":"En \u00abINSTANTZZ\u00bb","block_context":{"text":"INSTANTZZ","link":"https:\/\/tomajazz.com\/web\/category\/contenidos\/imagenes\/photoblogs\/instantzz\/"},"img":{"alt_text":"INSTANTZZ: 29\u00e8me Jazz \u00e0 Junas -resumen en blanco y negro- Por Joan Cort\u00e8s [INSTANTZZ]","src":"https:\/\/i0.wp.com\/tomajazz.com\/web\/wp-content\/uploads\/2022\/10\/10_Gg-Pngn-%C2%A9Joan-Cortes_23jul22_29Jzz-Jns_Crrrs_Jns_bn.jpg?resize=350%2C200&ssl=1","width":350,"height":200,"srcset":"https:\/\/i0.wp.com\/tomajazz.com\/web\/wp-content\/uploads\/2022\/10\/10_Gg-Pngn-%C2%A9Joan-Cortes_23jul22_29Jzz-Jns_Crrrs_Jns_bn.jpg?resize=350%2C200&ssl=1 1x, https:\/\/i0.wp.com\/tomajazz.com\/web\/wp-content\/uploads\/2022\/10\/10_Gg-Pngn-%C2%A9Joan-Cortes_23jul22_29Jzz-Jns_Crrrs_Jns_bn.jpg?resize=525%2C300&ssl=1 1.5x"},"classes":[]},{"id":64648,"url":"https:\/\/tomajazz.com\/web\/19eme-festival-jazz-a-junas-junas-francia-19-a-23-de-julio-de-2022-noticias-de-jazz\/","url_meta":{"origin":66718,"position":2},"title":"29\u00e8me Festival Jazz \u00e0 Junas (Junas, Francia. 19 a 23 de julio de 2022) [Noticias de jazz]","author":"Tomajazz","date":"15 julio, 2022","format":false,"excerpt":"Entre el 19 y el 23 de julio tendr\u00e1 lugar el 29\u00e8me Festival Jazz \u00e0 Junas.","rel":"","context":"En \u00abNoticias\u00bb","block_context":{"text":"Noticias","link":"https:\/\/tomajazz.com\/web\/category\/contenidos\/noticias-2\/"},"img":{"alt_text":"29\u00e8me Festival Jazz \u00e0 Junas (Junas, Francia. 19 a 23 de julio de 2022) [Noticias de jazz]","src":"https:\/\/i0.wp.com\/tomajazz.com\/web\/wp-content\/uploads\/2022\/07\/Cartell-Jazz-a-Junas-2022WEB.jpg?resize=350%2C200&ssl=1","width":350,"height":200},"classes":[]},{"id":66821,"url":"https:\/\/tomajazz.com\/web\/mammal-hands-junas-2022\/","url_meta":{"origin":66718,"position":3},"title":"Mammal Hands (29\u00e8me Jazz \u00e0 Junas \/ Carri\u00e8res, Junas, Occitanie -France-. 2022-07-21) [V\/X] Por Joan Cort\u00e8s [INSTANTZZ]","author":"Tomajazz","date":"20 septiembre, 2022","format":false,"excerpt":"Continuamos en INSTANTZZ con el especial de Joan Cort\u00e8s dedicado al 29\u00e8me Jazz \u00e0 Junas con las im\u00e1genes de la actuaci\u00f3n de Mammal Hands.","rel":"","context":"En \u00abEspecial 29\u00e8me Festival Jazz \u00e0 Junas 2022\u00bb","block_context":{"text":"Especial 29\u00e8me Festival Jazz \u00e0 Junas 2022","link":"https:\/\/tomajazz.com\/web\/category\/contenidos\/especial-contenidos\/especial-29eme-festival-jazz-a-junas-2022\/"},"img":{"alt_text":"Mammal Hands (29\u00e8me Jazz \u00e0 Junas \/ Carri\u00e8res, Junas, Occitanie -France-. 2022-07-21) [V\/X] Por Joan Cort\u00e8s [INSTANTZZ]","src":"https:\/\/i0.wp.com\/tomajazz.com\/web\/wp-content\/uploads\/2022\/09\/04_Mmml-Hnd-%C2%A9Joan-Cortes_21jll22_29Jzz-Jns_Crrrs_Jns.jpg?resize=350%2C200&ssl=1","width":350,"height":200,"srcset":"https:\/\/i0.wp.com\/tomajazz.com\/web\/wp-content\/uploads\/2022\/09\/04_Mmml-Hnd-%C2%A9Joan-Cortes_21jll22_29Jzz-Jns_Crrrs_Jns.jpg?resize=350%2C200&ssl=1 1x, https:\/\/i0.wp.com\/tomajazz.com\/web\/wp-content\/uploads\/2022\/09\/04_Mmml-Hnd-%C2%A9Joan-Cortes_21jll22_29Jzz-Jns_Crrrs_Jns.jpg?resize=525%2C300&ssl=1 1.5x"},"classes":[]},{"id":67090,"url":"https:\/\/tomajazz.com\/web\/yom-junas-2022\/","url_meta":{"origin":66718,"position":4},"title":"YOM (29\u00e8me Jazz \u00e0 Junas \/ Carri\u00e8res, Junas, Occitanie -France-. 2022-07-23) [IX\/X] Por Joan Cort\u00e8s [INSTANTZZ]","author":"Tomajazz","date":"29 septiembre, 2022","format":false,"excerpt":"Yom es el protagonista de INSTANTZZ en su actuaci\u00f3n en el 29\u00e8me Jazz \u00e0 Junas 2022. Joan Cort\u00e8s es el autor de las im\u00e1genes.","rel":"","context":"En \u00abEspecial 29\u00e8me Festival Jazz \u00e0 Junas 2022\u00bb","block_context":{"text":"Especial 29\u00e8me Festival Jazz \u00e0 Junas 2022","link":"https:\/\/tomajazz.com\/web\/category\/contenidos\/especial-contenidos\/especial-29eme-festival-jazz-a-junas-2022\/"},"img":{"alt_text":"YOM (29\u00e8me Jazz \u00e0 Junas \/ Carri\u00e8res, Junas, Occitanie -France-. 2022-07-23) [IX\/X] Por Joan Cort\u00e8s [INSTANTZZ]","src":"https:\/\/i0.wp.com\/tomajazz.com\/web\/wp-content\/uploads\/2022\/09\/03_Ym-L-Jssf-%C2%A9Joan-Cortes_23jul22_29-Jzz-Jns_Crrrs_Jns.jpg?resize=350%2C200&ssl=1","width":350,"height":200,"srcset":"https:\/\/i0.wp.com\/tomajazz.com\/web\/wp-content\/uploads\/2022\/09\/03_Ym-L-Jssf-%C2%A9Joan-Cortes_23jul22_29-Jzz-Jns_Crrrs_Jns.jpg?resize=350%2C200&ssl=1 1x, https:\/\/i0.wp.com\/tomajazz.com\/web\/wp-content\/uploads\/2022\/09\/03_Ym-L-Jssf-%C2%A9Joan-Cortes_23jul22_29-Jzz-Jns_Crrrs_Jns.jpg?resize=525%2C300&ssl=1 1.5x"},"classes":[]},{"id":67153,"url":"https:\/\/tomajazz.com\/web\/gogo-penguin-junas-2022\/","url_meta":{"origin":66718,"position":5},"title":"GoGo Penguin (29\u00e8me Jazz \u00e0 Junas \/ Carri\u00e8res, Junas, Occitanie -France-. 2022-07-23) [X\/X] Por Joan Cort\u00e8s [INSTANTZZ]","author":"Tomajazz","date":"1 octubre, 2022","format":false,"excerpt":"En INSTANTZZ las im\u00e1genes de la actuaci\u00f3n de GoGo Penguin en 29\u00e8me Jazz \u00e0 Junas, 2022. Joan Cort\u00e8s es el autor de las im\u00e1genes.","rel":"","context":"En \u00abINSTANTZZ\u00bb","block_context":{"text":"INSTANTZZ","link":"https:\/\/tomajazz.com\/web\/category\/contenidos\/imagenes\/photoblogs\/instantzz\/"},"img":{"alt_text":"GoGo Penguin (29\u00e8me Jazz \u00e0 Junas \/ Carri\u00e8res, Junas, Occitanie -France-. 2022-07-23) [X\/X] Por Joan Cort\u00e8s [INSTANTZZ]","src":"https:\/\/i0.wp.com\/tomajazz.com\/web\/wp-content\/uploads\/2022\/10\/08_Gg-Pngn-%C2%A9Joan-Cortes_23jul22_29Jzz-Jns_Crrrs_Jns.jpg?resize=350%2C200&ssl=1","width":350,"height":200,"srcset":"https:\/\/i0.wp.com\/tomajazz.com\/web\/wp-content\/uploads\/2022\/10\/08_Gg-Pngn-%C2%A9Joan-Cortes_23jul22_29Jzz-Jns_Crrrs_Jns.jpg?resize=350%2C200&ssl=1 1x, https:\/\/i0.wp.com\/tomajazz.com\/web\/wp-content\/uploads\/2022\/10\/08_Gg-Pngn-%C2%A9Joan-Cortes_23jul22_29Jzz-Jns_Crrrs_Jns.jpg?resize=525%2C300&ssl=1 1.5x"},"classes":[]}],"_links":{"self":[{"href":"https:\/\/tomajazz.com\/web\/wp-json\/wp\/v2\/posts\/66718","targetHints":{"allow":["GET"]}}],"collection":[{"href":"https:\/\/tomajazz.com\/web\/wp-json\/wp\/v2\/posts"}],"about":[{"href":"https:\/\/tomajazz.com\/web\/wp-json\/wp\/v2\/types\/post"}],"author":[{"embeddable":true,"href":"https:\/\/tomajazz.com\/web\/wp-json\/wp\/v2\/users\/1"}],"replies":[{"embeddable":true,"href":"https:\/\/tomajazz.com\/web\/wp-json\/wp\/v2\/comments?post=66718"}],"version-history":[{"count":1,"href":"https:\/\/tomajazz.com\/web\/wp-json\/wp\/v2\/posts\/66718\/revisions"}],"predecessor-version":[{"id":66730,"href":"https:\/\/tomajazz.com\/web\/wp-json\/wp\/v2\/posts\/66718\/revisions\/66730"}],"wp:featuredmedia":[{"embeddable":true,"href":"https:\/\/tomajazz.com\/web\/wp-json\/wp\/v2\/media\/66729"}],"wp:attachment":[{"href":"https:\/\/tomajazz.com\/web\/wp-json\/wp\/v2\/media?parent=66718"}],"wp:term":[{"taxonomy":"category","embeddable":true,"href":"https:\/\/tomajazz.com\/web\/wp-json\/wp\/v2\/categories?post=66718"},{"taxonomy":"post_tag","embeddable":true,"href":"https:\/\/tomajazz.com\/web\/wp-json\/wp\/v2\/tags?post=66718"}],"curies":[{"name":"wp","href":"https:\/\/api.w.org\/{rel}","templated":true}]}}