{"id":6695,"date":"2013-06-03T18:00:38","date_gmt":"2013-06-03T16:00:38","guid":{"rendered":"http:\/\/www.tomajazz.com\/web\/?p=6695"},"modified":"2016-11-13T21:28:40","modified_gmt":"2016-11-13T20:28:40","slug":"tomajazz-recupera-magnus-ostrom-el-hilo-de-la-vida-por-arturo-mora-2","status":"publish","type":"post","link":"https:\/\/tomajazz.com\/web\/tomajazz-recupera-magnus-ostrom-el-hilo-de-la-vida-por-arturo-mora-2\/","title":{"rendered":"Tomajazz recupera&#8230; Magnus \u00d6strom. El hilo de la vida. Por Arturo Mora"},"content":{"rendered":"<p style=\"text-align: justify;\"><span style=\"font-size: 13px; line-height: 19px;\"><a href=\"http:\/\/www.tomajazz.com\/web\/?attachment_id=6681\" rel=\"attachment wp-att-6681\"><img loading=\"lazy\" decoding=\"async\" class=\"alignleft  wp-image-6681\" alt=\"Magnus \u00d6str\u00f6m &quot;Thread Of Life&quot;\" src=\"http:\/\/www.tomajazz.com\/web\/wp-content\/uploads\/2013\/05\/thread_of_life.jpg\" width=\"200\" height=\"178\" title=\"\" srcset=\"https:\/\/tomajazz.com\/web\/wp-content\/uploads\/2013\/05\/thread_of_life.jpg 250w, https:\/\/tomajazz.com\/web\/wp-content\/uploads\/2013\/05\/thread_of_life-150x133.jpg 150w, https:\/\/tomajazz.com\/web\/wp-content\/uploads\/2013\/05\/thread_of_life-61x55.jpg 61w\" sizes=\"auto, (max-width: 200px) 100vw, 200px\" \/><\/a>Que <strong>Esbj\u00f6rn Svensson<\/strong> ha sido uno de los m\u00fasicos m\u00e1s revolucionarios de los \u00faltimos a\u00f1os no lo duda nadie. Que <strong>e.s.t.<\/strong> era m\u00e1s que <strong>Esbj\u00f6rn Svensson<\/strong> tampoco. El contrabajista <strong>Dan Berglund<\/strong> ya dio serias pistas de ello en el disco debut de su nuevo grupo <strong>Tonbruket<\/strong>, pero la aseveraci\u00f3n del bater\u00eda <strong>Magnus \u00d6str\u00f6m<\/strong> a trav\u00e9s de este\u00a0<\/span><em style=\"font-size: 13px; line-height: 19px;\">Thread Of Life\u00a0<\/em><span style=\"font-size: 13px; line-height: 19px;\">es rotunda, demoledora, aplastante. Seguir leyendo&#8230;\u00a0<strong><a title=\"Magnus \u00d6strom. El hilo de la vida. Por Arturo Mora\" href=\"http:\/\/www.tomajazz.com\/web\/?p=6676\" target=\"_blank\">Magnus \u00d6strom. El hilo de la vida. Por Arturo Mora<\/a><\/strong><a title=\"Magnus \u00d6strom. El hilo de la vida. Por Arturo Mora\" href=\"http:\/\/www.tomajazz.com\/web\/?p=6676\">.<\/a><\/span><\/p>\n","protected":false},"excerpt":{"rendered":"<p>Que Esbj\u00f6rn Svensson ha sido uno de los m\u00fasicos m\u00e1s revolucionarios de los \u00faltimos a\u00f1os no lo duda nadie. Que e.s.t. era m\u00e1s que Esbj\u00f6rn Svensson tampoco. El contrabajista Dan Berglund ya dio serias pistas de ello en el disco debut de su nuevo grupo Tonbruket, pero la aseveraci\u00f3n del<span class=\"more-link\"><a href=\"https:\/\/tomajazz.com\/web\/tomajazz-recupera-magnus-ostrom-el-hilo-de-la-vida-por-arturo-mora-2\/\">Contin\u00faa leyendo<\/a><\/span><\/p>\n","protected":false},"author":1,"featured_media":6681,"comment_status":"open","ping_status":"closed","sticky":false,"template":"","format":"standard","meta":{"jetpack_post_was_ever_published":false,"_jetpack_newsletter_access":"","_jetpack_dont_email_post_to_subs":true,"_jetpack_newsletter_tier_id":0,"_jetpack_memberships_contains_paywalled_content":false,"_jetpack_memberships_contains_paid_content":false,"footnotes":""},"categories":[17861,17850,78,7895,15537,5,9,15517,1038,6669],"tags":[1376,260,12651,12696,13,12415,15295,6675,187,16099,77,16100],"class_list":["entry","author-pachi","post-6695","post","type-post","status-publish","format-standard","has-post-thumbnail","category-arturo-mora-rioja","category-sergio-cabanillas","category-afondo","category-disco-antiguo","category-entrevistas","category-grabaciones","category-perfiles","category-textos","category-contenidos","category-tomajazz-recupera","tag-act","tag-arturo-mora-rioja","tag-cd","tag-grabaciones","tag-jazz","tag-jazz-en-espana","tag-jazz-en-espanol","tag-magnus-ostrom","tag-sergio-cabanillas","tag-toma-jazz","tag-tomajazz","tag-tomajazz-toma-jazz"],"jetpack_featured_media_url":"https:\/\/tomajazz.com\/web\/wp-content\/uploads\/2013\/05\/thread_of_life.jpg","jetpack_likes_enabled":true,"jetpack_sharing_enabled":true,"jetpack-related-posts":[{"id":9735,"url":"https:\/\/tomajazz.com\/web\/tomajazz-recupera-magnus-ostrom-la-vida-tras-el-ultimo-globulo-blanco-por-arturo-mora\/","url_meta":{"origin":6695,"position":0},"title":"Tomajazz recupera&#8230; Magnus \u00d6str\u00f6m: la vida tras el \u00faltimo gl\u00f3bulo blanco, por Arturo Mora","author":"Tomajazz","date":"18 diciembre, 2013","format":false,"excerpt":"El tr\u00edo sueco e.s.t., una de las bandas m\u00e1s influyentes de la \u00faltima d\u00e9cada, public\u00f3 hace poco su \u00faltimo disco\u00a0Leucocyte, una serie de temas libremente improvisados en base a una\u00a0jam sessioninformal. La tragedia sobrevino tres meses antes de dicha publicaci\u00f3n con la muerte del pianista Esbj\u00f6rn Svensson en un accidente\u2026","rel":"","context":"En \u00ab*_Arturo Mora Rioja\u00bb","block_context":{"text":"*_Arturo Mora Rioja","link":"https:\/\/tomajazz.com\/web\/category\/arturo-mora-rioja\/"},"img":{"alt_text":"Magnus \u00d6str\u00f6m \u00a9 Sergio Cabanillas","src":"https:\/\/i0.wp.com\/www.tomajazz.com\/web\/wp-content\/uploads\/2013\/11\/magnus_ostrom_5533.jpg?resize=350%2C200","width":350,"height":200},"classes":[]},{"id":10970,"url":"https:\/\/tomajazz.com\/web\/tomajazz-recupera-dan-berglund-magnus-ostrom-arte-en-el-ritmo-por-arturo-mora-y-sergio-cabanillas\/","url_meta":{"origin":6695,"position":1},"title":"Tomajazz recupera&#8230; Dan Berglund &#038; Magnus \u00d6str\u00f6m: arte en el ritmo. Por Arturo Mora y Sergio Cabanillas","author":"Tomajazz","date":"12 marzo, 2014","format":false,"excerpt":"Seis a\u00f1os despu\u00e9s de su primera aparici\u00f3n en el Festival de Jazz de Vitoria, E.S.T. (Esbj\u00f6rn Svensson Trio) reconquist\u00f3 el escenario del Teatro Principal. Seg\u00fan acab\u00f3 el concierto Arturo Mora y Sergio Cabanillas charlaron con la secci\u00f3n r\u00edtmica de la banda: el bajista Dan Berglund y el bater\u00eda Magnus \u00d6str\u00f6m.\u2026","rel":"","context":"En \u00ab*_Arturo Mora Rioja\u00bb","block_context":{"text":"*_Arturo Mora Rioja","link":"https:\/\/tomajazz.com\/web\/category\/arturo-mora-rioja\/"},"img":{"alt_text":"Dan Berglund \u00a9 Sergio Cabanillas, 2007","src":"https:\/\/i0.wp.com\/www.tomajazz.com\/web\/wp-content\/uploads\/2014\/03\/dan_berglund_1-200x133.jpg?resize=350%2C200","width":350,"height":200},"classes":[]},{"id":10971,"url":"https:\/\/tomajazz.com\/web\/tomajazz-recupera-dan-berglund-magnus-ostrom-artistry-in-rhythm-by-arturo-mora-and-sergio-cabanillas\/","url_meta":{"origin":6695,"position":2},"title":"Tomajazz recupera&#8230; Dan Berglund &#038; Magnus \u00d6str\u00f6m: Artistry In Rhythm, by Arturo Mora and Sergio Cabanillas","author":"Tomajazz","date":"12 marzo, 2014","format":false,"excerpt":"Six years after their first appearance in Vitoria\u2019s Jazz Festival, E.S.T. (Esbj\u00f6rn Svensson Trio) reconquered the stage of Teatro Principal. Just after the concert finished Arturo Mora and Sergio Cabanillas talked to the band\u2019s rhythm section: bassist Dan Berglund and drummer Magnus \u00d6str\u00f6m. The tour, Vitoria, technology and other bands\u2026","rel":"","context":"En \u00ab*_Arturo Mora Rioja\u00bb","block_context":{"text":"*_Arturo Mora Rioja","link":"https:\/\/tomajazz.com\/web\/category\/arturo-mora-rioja\/"},"img":{"alt_text":"Magnus \u00d6str\u00f6m & Dan Berglund \u00a9 Sergio Cabanillas, 2007","src":"https:\/\/i0.wp.com\/www.tomajazz.com\/web\/wp-content\/uploads\/2014\/03\/ostrom_berglund-200x133.jpg?resize=350%2C200","width":350,"height":200},"classes":[]},{"id":9734,"url":"https:\/\/tomajazz.com\/web\/tomajazz-recupera-magnus-ostrom-life-after-the-last-white-cell-by-arturo-mora-rioja\/","url_meta":{"origin":6695,"position":3},"title":"Tomajazz recupera&#8230; Magnus \u00d6str\u00f6m: life after the last white cell, by Arturo Mora Rioja","author":"Tomajazz","date":"18 diciembre, 2013","format":false,"excerpt":"The Swedish trio e.s.t., one of the most influential bands of the last decade, recently released their last album,\u00a0Leucocyte, a series of informal jam session-based free improvised tunes. Tragedy struck three months before its release with the death of pianist Esbj\u00f6rn Svensson in a diving accident. Drummer Magnus \u00d6str\u00f6m was\u2026","rel":"","context":"En \u00ab*_Arturo Mora Rioja\u00bb","block_context":{"text":"*_Arturo Mora Rioja","link":"https:\/\/tomajazz.com\/web\/category\/arturo-mora-rioja\/"},"img":{"alt_text":"Magnus \u00d6str\u00f6m \u00a9 Sergio Cabanillas","src":"https:\/\/i0.wp.com\/www.tomajazz.com\/web\/wp-content\/uploads\/2013\/11\/magnus_ostrom_5449.jpg?resize=350%2C200","width":350,"height":200},"classes":[]},{"id":9085,"url":"https:\/\/tomajazz.com\/web\/magnus-ostrom-la-vida-tras-el-ultimo-globulo-blanco-por-arturo-mora\/","url_meta":{"origin":6695,"position":4},"title":"Magnus \u00d6str\u00f6m: la vida tras el \u00faltimo gl\u00f3bulo blanco, por Arturo Mora","author":"Sergio Cabanillas","date":"2 noviembre, 2008","format":false,"excerpt":"El tr\u00edo sueco e.s.t., una de las bandas m\u00e1s influyentes de la \u00faltima d\u00e9cada, public\u00f3 hace poco su \u00faltimo disco Leucocyte, una serie de temas libremente improvisados en base a una jam session informal. La tragedia sobrevino tres meses antes de dicha publicaci\u00f3n con la muerte del pianista Esbj\u00f6rn Svensson\u2026","rel":"","context":"En \u00ab*_Arturo Mora Rioja\u00bb","block_context":{"text":"*_Arturo Mora Rioja","link":"https:\/\/tomajazz.com\/web\/category\/arturo-mora-rioja\/"},"img":{"alt_text":"Magnus \u00d6str\u00f6m \u00a9 Sergio Cabanillas","src":"https:\/\/i0.wp.com\/www.tomajazz.com\/web\/wp-content\/uploads\/2013\/11\/magnus_ostrom_5533.jpg?resize=350%2C200","width":350,"height":200},"classes":[]},{"id":10739,"url":"https:\/\/tomajazz.com\/web\/dan-berglund-magnus-ostrom-arte-en-el-ritmo-por-arturo-mora-y-sergio-cabanillas\/","url_meta":{"origin":6695,"position":5},"title":"Dan Berglund &#038; Magnus \u00d6str\u00f6m: arte en el ritmo. Por Arturo Mora y Sergio Cabanillas.","author":"Sergio Cabanillas","date":"4 diciembre, 2007","format":false,"excerpt":"Seis a\u00f1os despu\u00e9s de su primera aparici\u00f3n en el Festival de Jazz de Vitoria, E.S.T. (Esbj\u00f6rn Svensson Trio) reconquist\u00f3 el escenario del Teatro Principal. Seg\u00fan acab\u00f3 el concierto Arturo Mora y Sergio Cabanillas charlaron con la secci\u00f3n r\u00edtmica de la banda: el bajista Dan Berglund y el bater\u00eda Magnus \u00d6str\u00f6m.\u2026","rel":"","context":"En \u00ab*_Arturo Mora Rioja\u00bb","block_context":{"text":"*_Arturo Mora Rioja","link":"https:\/\/tomajazz.com\/web\/category\/arturo-mora-rioja\/"},"img":{"alt_text":"Magnus \u00d6str\u00f6m, Arturo Mora, Dan Berglund \u00a9 Sergio Cabanillas, 2007","src":"https:\/\/i0.wp.com\/www.tomajazz.com\/web\/wp-content\/uploads\/2014\/03\/magnus_arturo_dan.jpg?resize=350%2C200","width":350,"height":200},"classes":[]}],"_links":{"self":[{"href":"https:\/\/tomajazz.com\/web\/wp-json\/wp\/v2\/posts\/6695","targetHints":{"allow":["GET"]}}],"collection":[{"href":"https:\/\/tomajazz.com\/web\/wp-json\/wp\/v2\/posts"}],"about":[{"href":"https:\/\/tomajazz.com\/web\/wp-json\/wp\/v2\/types\/post"}],"author":[{"embeddable":true,"href":"https:\/\/tomajazz.com\/web\/wp-json\/wp\/v2\/users\/1"}],"replies":[{"embeddable":true,"href":"https:\/\/tomajazz.com\/web\/wp-json\/wp\/v2\/comments?post=6695"}],"version-history":[{"count":7,"href":"https:\/\/tomajazz.com\/web\/wp-json\/wp\/v2\/posts\/6695\/revisions"}],"predecessor-version":[{"id":9550,"href":"https:\/\/tomajazz.com\/web\/wp-json\/wp\/v2\/posts\/6695\/revisions\/9550"}],"wp:featuredmedia":[{"embeddable":true,"href":"https:\/\/tomajazz.com\/web\/wp-json\/wp\/v2\/media\/6681"}],"wp:attachment":[{"href":"https:\/\/tomajazz.com\/web\/wp-json\/wp\/v2\/media?parent=6695"}],"wp:term":[{"taxonomy":"category","embeddable":true,"href":"https:\/\/tomajazz.com\/web\/wp-json\/wp\/v2\/categories?post=6695"},{"taxonomy":"post_tag","embeddable":true,"href":"https:\/\/tomajazz.com\/web\/wp-json\/wp\/v2\/tags?post=6695"}],"curies":[{"name":"wp","href":"https:\/\/api.w.org\/{rel}","templated":true}]}}