{"id":67217,"date":"2022-10-04T12:00:01","date_gmt":"2022-10-04T10:00:01","guid":{"rendered":"https:\/\/www.tomajazz.com\/web\/?p=67217"},"modified":"2022-10-05T23:11:12","modified_gmt":"2022-10-05T21:11:12","slug":"andres-marin-jardin-impuro-2022","status":"publish","type":"post","link":"https:\/\/tomajazz.com\/web\/andres-marin-jardin-impuro-2022\/","title":{"rendered":"Andr\u00e9s Mar\u00edn \u201cJard\u00edn Impuro\u201d (Desvar\u00edo Flamenco 22 \/ Pati de la Seu del Districte de Nou Barris, Barcelona. 2022-07-24) Por Joan Cort\u00e8s [Flamencura AKA INSTANTZZ]"},"content":{"rendered":"<ul>\n<li>Fecha: domingo, 24 de julio de 2022<\/li>\n<li>Lugar: Pati de la Seu del Districte (Nou Barris, Barcelona)<\/li>\n<li>Grupo:<br \/>\n<strong>Andr\u00e9s Mar\u00edn \u201cJard\u00edn Impuro\u201d<br \/>\n<\/strong>Andr\u00e9s Mar\u00edn, baile<br \/>\nJos\u00e9 Valencia, cante<br \/>\nSalvador Guti\u00e9rrez, guitarra flamenca<br \/>\nRa\u00fal Cantizano, guitarras el\u00e9ctricas<br \/>\nDani Su\u00e1rez, bater\u00eda y percusi\u00f3n<\/li>\n<\/ul>\n<p style=\"text-align: center;\"><img loading=\"lazy\" decoding=\"async\" class=\"aligncenter size-full wp-image-67218\" src=\"https:\/\/tomajazz.com\/web\/wp-content\/uploads\/2022\/10\/01_Dsvr-Joan-Cortes_24set22_Dsvr-Flmnc-22_N-Brrs_Bcn.jpg\" alt=\"\" width=\"399\" height=\"600\" title=\"\" srcset=\"https:\/\/tomajazz.com\/web\/wp-content\/uploads\/2022\/10\/01_Dsvr-Joan-Cortes_24set22_Dsvr-Flmnc-22_N-Brrs_Bcn.jpg 399w, https:\/\/tomajazz.com\/web\/wp-content\/uploads\/2022\/10\/01_Dsvr-Joan-Cortes_24set22_Dsvr-Flmnc-22_N-Brrs_Bcn-133x200.jpg 133w, https:\/\/tomajazz.com\/web\/wp-content\/uploads\/2022\/10\/01_Dsvr-Joan-Cortes_24set22_Dsvr-Flmnc-22_N-Brrs_Bcn-366x550.jpg 366w, https:\/\/tomajazz.com\/web\/wp-content\/uploads\/2022\/10\/01_Dsvr-Joan-Cortes_24set22_Dsvr-Flmnc-22_N-Brrs_Bcn-333x500.jpg 333w\" sizes=\"auto, (max-width: 399px) 100vw, 399px\" \/> <img loading=\"lazy\" decoding=\"async\" class=\"aligncenter size-full wp-image-67219\" src=\"https:\/\/tomajazz.com\/web\/wp-content\/uploads\/2022\/10\/02_Dsvr-Joan-Cortes_24set22_Dsvr-Flmnc-22_N-Brrs_Bcn.jpg\" alt=\"\" width=\"399\" height=\"600\" title=\"\" srcset=\"https:\/\/tomajazz.com\/web\/wp-content\/uploads\/2022\/10\/02_Dsvr-Joan-Cortes_24set22_Dsvr-Flmnc-22_N-Brrs_Bcn.jpg 399w, https:\/\/tomajazz.com\/web\/wp-content\/uploads\/2022\/10\/02_Dsvr-Joan-Cortes_24set22_Dsvr-Flmnc-22_N-Brrs_Bcn-133x200.jpg 133w, https:\/\/tomajazz.com\/web\/wp-content\/uploads\/2022\/10\/02_Dsvr-Joan-Cortes_24set22_Dsvr-Flmnc-22_N-Brrs_Bcn-366x550.jpg 366w, https:\/\/tomajazz.com\/web\/wp-content\/uploads\/2022\/10\/02_Dsvr-Joan-Cortes_24set22_Dsvr-Flmnc-22_N-Brrs_Bcn-333x500.jpg 333w\" sizes=\"auto, (max-width: 399px) 100vw, 399px\" \/> <img loading=\"lazy\" decoding=\"async\" class=\"aligncenter size-full wp-image-67220\" src=\"https:\/\/tomajazz.com\/web\/wp-content\/uploads\/2022\/10\/03_Dsvr-Joan-Cortes_24set22_Dsvr-Flmnc-22_N-Brrs_Bcn.jpg\" alt=\"\" width=\"399\" height=\"600\" title=\"\" srcset=\"https:\/\/tomajazz.com\/web\/wp-content\/uploads\/2022\/10\/03_Dsvr-Joan-Cortes_24set22_Dsvr-Flmnc-22_N-Brrs_Bcn.jpg 399w, https:\/\/tomajazz.com\/web\/wp-content\/uploads\/2022\/10\/03_Dsvr-Joan-Cortes_24set22_Dsvr-Flmnc-22_N-Brrs_Bcn-133x200.jpg 133w, https:\/\/tomajazz.com\/web\/wp-content\/uploads\/2022\/10\/03_Dsvr-Joan-Cortes_24set22_Dsvr-Flmnc-22_N-Brrs_Bcn-366x550.jpg 366w, https:\/\/tomajazz.com\/web\/wp-content\/uploads\/2022\/10\/03_Dsvr-Joan-Cortes_24set22_Dsvr-Flmnc-22_N-Brrs_Bcn-333x500.jpg 333w\" sizes=\"auto, (max-width: 399px) 100vw, 399px\" \/> <img loading=\"lazy\" decoding=\"async\" class=\"aligncenter size-full wp-image-67221\" src=\"https:\/\/tomajazz.com\/web\/wp-content\/uploads\/2022\/10\/04_Dsvr-Joan-Cortes_24set22_Dsvr-Flmnc-22_N-Brrs_Bcn.jpg\" alt=\"\" width=\"600\" height=\"399\" title=\"\" srcset=\"https:\/\/tomajazz.com\/web\/wp-content\/uploads\/2022\/10\/04_Dsvr-Joan-Cortes_24set22_Dsvr-Flmnc-22_N-Brrs_Bcn.jpg 600w, https:\/\/tomajazz.com\/web\/wp-content\/uploads\/2022\/10\/04_Dsvr-Joan-Cortes_24set22_Dsvr-Flmnc-22_N-Brrs_Bcn-200x133.jpg 200w, https:\/\/tomajazz.com\/web\/wp-content\/uploads\/2022\/10\/04_Dsvr-Joan-Cortes_24set22_Dsvr-Flmnc-22_N-Brrs_Bcn-465x309.jpg 465w\" sizes=\"auto, (max-width: 600px) 100vw, 600px\" \/> <img loading=\"lazy\" decoding=\"async\" class=\"aligncenter size-full wp-image-67222\" src=\"https:\/\/tomajazz.com\/web\/wp-content\/uploads\/2022\/10\/05_Dsvr-Joan-Cortes_24set22_Dsvr-Flmnc-22_N-Brrs_Bcn.jpg\" alt=\"\" width=\"600\" height=\"399\" title=\"\" srcset=\"https:\/\/tomajazz.com\/web\/wp-content\/uploads\/2022\/10\/05_Dsvr-Joan-Cortes_24set22_Dsvr-Flmnc-22_N-Brrs_Bcn.jpg 600w, https:\/\/tomajazz.com\/web\/wp-content\/uploads\/2022\/10\/05_Dsvr-Joan-Cortes_24set22_Dsvr-Flmnc-22_N-Brrs_Bcn-200x133.jpg 200w, https:\/\/tomajazz.com\/web\/wp-content\/uploads\/2022\/10\/05_Dsvr-Joan-Cortes_24set22_Dsvr-Flmnc-22_N-Brrs_Bcn-465x309.jpg 465w\" sizes=\"auto, (max-width: 600px) 100vw, 600px\" \/> <img loading=\"lazy\" decoding=\"async\" class=\"aligncenter size-full wp-image-67223\" src=\"https:\/\/tomajazz.com\/web\/wp-content\/uploads\/2022\/10\/06_Dsvr-Joan-Cortes_24set22_Dsvr-Flmnc-22_N-Brrs_Bcn.jpg\" alt=\"\" width=\"399\" height=\"600\" title=\"\" srcset=\"https:\/\/tomajazz.com\/web\/wp-content\/uploads\/2022\/10\/06_Dsvr-Joan-Cortes_24set22_Dsvr-Flmnc-22_N-Brrs_Bcn.jpg 399w, https:\/\/tomajazz.com\/web\/wp-content\/uploads\/2022\/10\/06_Dsvr-Joan-Cortes_24set22_Dsvr-Flmnc-22_N-Brrs_Bcn-133x200.jpg 133w, https:\/\/tomajazz.com\/web\/wp-content\/uploads\/2022\/10\/06_Dsvr-Joan-Cortes_24set22_Dsvr-Flmnc-22_N-Brrs_Bcn-366x550.jpg 366w, https:\/\/tomajazz.com\/web\/wp-content\/uploads\/2022\/10\/06_Dsvr-Joan-Cortes_24set22_Dsvr-Flmnc-22_N-Brrs_Bcn-333x500.jpg 333w\" sizes=\"auto, (max-width: 399px) 100vw, 399px\" \/> <img loading=\"lazy\" decoding=\"async\" class=\"aligncenter size-full wp-image-67224\" src=\"https:\/\/tomajazz.com\/web\/wp-content\/uploads\/2022\/10\/07_Dsvr-Joan-Cortes_24set22_Dsvr-Flmnc-22_N-Brrs_Bcn.jpg\" alt=\"\" width=\"600\" height=\"399\" title=\"\" srcset=\"https:\/\/tomajazz.com\/web\/wp-content\/uploads\/2022\/10\/07_Dsvr-Joan-Cortes_24set22_Dsvr-Flmnc-22_N-Brrs_Bcn.jpg 600w, https:\/\/tomajazz.com\/web\/wp-content\/uploads\/2022\/10\/07_Dsvr-Joan-Cortes_24set22_Dsvr-Flmnc-22_N-Brrs_Bcn-200x133.jpg 200w, https:\/\/tomajazz.com\/web\/wp-content\/uploads\/2022\/10\/07_Dsvr-Joan-Cortes_24set22_Dsvr-Flmnc-22_N-Brrs_Bcn-465x309.jpg 465w\" sizes=\"auto, (max-width: 600px) 100vw, 600px\" \/> <img loading=\"lazy\" decoding=\"async\" class=\"aligncenter size-full wp-image-67225\" src=\"https:\/\/tomajazz.com\/web\/wp-content\/uploads\/2022\/10\/08_Dsvr-Joan-Cortes_24set22_Dsvr-Flmnc-22_N-Brrs_Bcn.jpg\" alt=\"\" width=\"399\" height=\"600\" title=\"\" srcset=\"https:\/\/tomajazz.com\/web\/wp-content\/uploads\/2022\/10\/08_Dsvr-Joan-Cortes_24set22_Dsvr-Flmnc-22_N-Brrs_Bcn.jpg 399w, https:\/\/tomajazz.com\/web\/wp-content\/uploads\/2022\/10\/08_Dsvr-Joan-Cortes_24set22_Dsvr-Flmnc-22_N-Brrs_Bcn-133x200.jpg 133w, https:\/\/tomajazz.com\/web\/wp-content\/uploads\/2022\/10\/08_Dsvr-Joan-Cortes_24set22_Dsvr-Flmnc-22_N-Brrs_Bcn-366x550.jpg 366w, https:\/\/tomajazz.com\/web\/wp-content\/uploads\/2022\/10\/08_Dsvr-Joan-Cortes_24set22_Dsvr-Flmnc-22_N-Brrs_Bcn-333x500.jpg 333w\" sizes=\"auto, (max-width: 399px) 100vw, 399px\" \/> <img loading=\"lazy\" decoding=\"async\" class=\"aligncenter size-full wp-image-67226\" src=\"https:\/\/tomajazz.com\/web\/wp-content\/uploads\/2022\/10\/09_Dsvr-Joan-Cortes_24set22_Dsvr-Flmnc-22_N-Brrs_Bcn.jpg\" alt=\"\" width=\"600\" height=\"399\" title=\"\" srcset=\"https:\/\/tomajazz.com\/web\/wp-content\/uploads\/2022\/10\/09_Dsvr-Joan-Cortes_24set22_Dsvr-Flmnc-22_N-Brrs_Bcn.jpg 600w, https:\/\/tomajazz.com\/web\/wp-content\/uploads\/2022\/10\/09_Dsvr-Joan-Cortes_24set22_Dsvr-Flmnc-22_N-Brrs_Bcn-200x133.jpg 200w, https:\/\/tomajazz.com\/web\/wp-content\/uploads\/2022\/10\/09_Dsvr-Joan-Cortes_24set22_Dsvr-Flmnc-22_N-Brrs_Bcn-465x309.jpg 465w\" sizes=\"auto, (max-width: 600px) 100vw, 600px\" \/> <img loading=\"lazy\" decoding=\"async\" class=\"aligncenter size-full wp-image-67227\" src=\"https:\/\/tomajazz.com\/web\/wp-content\/uploads\/2022\/10\/10_Dsvr-Joan-Cortes_24set22_Dsvr-Flmnc-22_N-Brrs_Bcn.jpg\" alt=\"\" width=\"399\" height=\"600\" title=\"\" srcset=\"https:\/\/tomajazz.com\/web\/wp-content\/uploads\/2022\/10\/10_Dsvr-Joan-Cortes_24set22_Dsvr-Flmnc-22_N-Brrs_Bcn.jpg 399w, https:\/\/tomajazz.com\/web\/wp-content\/uploads\/2022\/10\/10_Dsvr-Joan-Cortes_24set22_Dsvr-Flmnc-22_N-Brrs_Bcn-133x200.jpg 133w, https:\/\/tomajazz.com\/web\/wp-content\/uploads\/2022\/10\/10_Dsvr-Joan-Cortes_24set22_Dsvr-Flmnc-22_N-Brrs_Bcn-366x550.jpg 366w, https:\/\/tomajazz.com\/web\/wp-content\/uploads\/2022\/10\/10_Dsvr-Joan-Cortes_24set22_Dsvr-Flmnc-22_N-Brrs_Bcn-333x500.jpg 333w\" sizes=\"auto, (max-width: 399px) 100vw, 399px\" \/> <img loading=\"lazy\" decoding=\"async\" class=\"aligncenter size-full wp-image-67228\" src=\"https:\/\/tomajazz.com\/web\/wp-content\/uploads\/2022\/10\/11_Dsvr-Joan-Cortes_24set22_Dsvr-Flmnc-22_N-Brrs_Bcn.jpg\" alt=\"\" width=\"399\" height=\"600\" title=\"\" srcset=\"https:\/\/tomajazz.com\/web\/wp-content\/uploads\/2022\/10\/11_Dsvr-Joan-Cortes_24set22_Dsvr-Flmnc-22_N-Brrs_Bcn.jpg 399w, https:\/\/tomajazz.com\/web\/wp-content\/uploads\/2022\/10\/11_Dsvr-Joan-Cortes_24set22_Dsvr-Flmnc-22_N-Brrs_Bcn-133x200.jpg 133w, https:\/\/tomajazz.com\/web\/wp-content\/uploads\/2022\/10\/11_Dsvr-Joan-Cortes_24set22_Dsvr-Flmnc-22_N-Brrs_Bcn-366x550.jpg 366w, https:\/\/tomajazz.com\/web\/wp-content\/uploads\/2022\/10\/11_Dsvr-Joan-Cortes_24set22_Dsvr-Flmnc-22_N-Brrs_Bcn-333x500.jpg 333w\" sizes=\"auto, (max-width: 399px) 100vw, 399px\" \/> <img loading=\"lazy\" decoding=\"async\" class=\"aligncenter size-full wp-image-67229\" src=\"https:\/\/tomajazz.com\/web\/wp-content\/uploads\/2022\/10\/12_Dsvr-Joan-Cortes_24set22_Dsvr-Flmnc-22_N-Brrs_Bcn.jpg\" alt=\"\" width=\"600\" height=\"399\" title=\"\" srcset=\"https:\/\/tomajazz.com\/web\/wp-content\/uploads\/2022\/10\/12_Dsvr-Joan-Cortes_24set22_Dsvr-Flmnc-22_N-Brrs_Bcn.jpg 600w, https:\/\/tomajazz.com\/web\/wp-content\/uploads\/2022\/10\/12_Dsvr-Joan-Cortes_24set22_Dsvr-Flmnc-22_N-Brrs_Bcn-200x133.jpg 200w, https:\/\/tomajazz.com\/web\/wp-content\/uploads\/2022\/10\/12_Dsvr-Joan-Cortes_24set22_Dsvr-Flmnc-22_N-Brrs_Bcn-465x309.jpg 465w\" sizes=\"auto, (max-width: 600px) 100vw, 600px\" \/><\/p>\n<p style=\"text-align: right;\">Tomajazz: \u00a9 <a href=\"https:\/\/www.facebook.com\/joan.cortesbenages\" target=\"_blank\" rel=\"noopener\"><strong>Joan Cort\u00e8s<\/strong><\/a>, 2022<\/p>\n<h4>M\u00e1s informaci\u00f3n sobre Andr\u00e9s Mar\u00edn<\/h4>\n<p><a href=\"https:\/\/www.andresmarin.es\/\" target=\"_blank\" rel=\"noopener\">https:\/\/www.andresmarin.es\/<\/a><\/p>\n<p><a href=\"https:\/\/tomajazz.com\/web\/?s=andres+marin&amp;submit=Search\" target=\"_blank\" rel=\"noopener\">https:\/\/tomajazz.com\/web\/?s=andres+marin&amp;submit=Search<\/a><\/p>\n<h4>Joan Cort\u00e8s en Tomajazz<\/h4>\n<p><a href=\"https:\/\/tomajazz.com\/web\/?cat=17853\" target=\"_blank\" rel=\"noopener\">https:\/\/tomajazz.com\/web\/?cat=17853<\/a><\/p>\n","protected":false},"excerpt":{"rendered":"<p>Andr\u00e9s Mar\u00edn \u201cJard\u00edn Impuro\u201d en una Flamencura de Joan Cort\u00e8s. Las fotograf\u00edas las tom\u00f3 en Desvar\u00edo Flamenco 22 en Barcelona. <span class=\"more-link\"><a href=\"https:\/\/tomajazz.com\/web\/andres-marin-jardin-impuro-2022\/\">Contin\u00faa leyendo<\/a><\/span><\/p>\n","protected":false},"author":1,"featured_media":67227,"comment_status":"open","ping_status":"closed","sticky":false,"template":"","format":"standard","meta":{"jetpack_post_was_ever_published":false,"_jetpack_newsletter_access":"","_jetpack_dont_email_post_to_subs":false,"_jetpack_newsletter_tier_id":0,"_jetpack_memberships_contains_paywalled_content":false,"_jetpack_memberships_contains_paid_content":false,"footnotes":""},"categories":[21243,17853,11262,15516,11261,1038],"tags":[22462,27842,27843,1041,25443,14691,13554],"class_list":["entry","author-pachi","has-excerpt","post-67217","post","type-post","status-publish","format-standard","has-post-thumbnail","category-flamencuras","category-joan-cortes","category-photoblogs","category-imagenes","category-instantzz","category-contenidos","tag-andres-marin","tag-andres-marin-jardin-impuro","tag-dani-suarez","tag-joan-cortes","tag-jose-valencia","tag-raul-cantizano","tag-salvador-gutierrez"],"jetpack_featured_media_url":"https:\/\/tomajazz.com\/web\/wp-content\/uploads\/2022\/10\/10_Dsvr-Joan-Cortes_24set22_Dsvr-Flmnc-22_N-Brrs_Bcn.jpg","jetpack_likes_enabled":true,"jetpack_sharing_enabled":true,"jetpack-related-posts":[{"id":58048,"url":"https:\/\/tomajazz.com\/web\/instantzz-patricia-guerrero-dani-de-moron-flamenco-a-nou-barris-21-desvario-pati-de-la-seu-del-districte-de-nou-barris-barcelona-2021-09-19-iii-iv-flamencura-aka-galeria-fotografica-aka\/","url_meta":{"origin":67217,"position":0},"title":"INSTANTZZ: Patricia Guerrero &#038; Dani de Mor\u00f3n [Flamenco a Nou Barris 21: Desvar\u00edo \/ Pati de la Seu del Districte de Nou Barris, Barcelona.  2021-09-19 (III\/IV)]] [Flamencura AKA Galer\u00eda fotogr\u00e1fica AKA Fotoblog de jazz, impro\u2026 y algo m\u00e1s] Por Joan Cort\u00e8s","author":"Tomajazz","date":"23 octubre, 2021","format":false,"excerpt":"Tercera entrega de Joan Cort\u00e8s en la Flamencuras de INSTANTZZ dedicada al ciclo Flamenco a Nou Barris 21. Patricia Guerrero & Dani de Mor\u00f3n son los protagonistas de la galer\u00eda fotogr\u00e1fica.","rel":"","context":"En \u00ab*_Joan Cort\u00e8s\u00bb","block_context":{"text":"*_Joan Cort\u00e8s","link":"https:\/\/tomajazz.com\/web\/category\/joan-cortes\/"},"img":{"alt_text":"","src":"https:\/\/i0.wp.com\/tomajazz.com\/web\/wp-content\/uploads\/2021\/10\/04_Ptrc-Grrr-Dn-d-Mrn-Joan-Cortes_19set21_Pt-S-Dstrct-N-Brr_Bcn.jpg?resize=350%2C200&ssl=1","width":350,"height":200,"srcset":"https:\/\/i0.wp.com\/tomajazz.com\/web\/wp-content\/uploads\/2021\/10\/04_Ptrc-Grrr-Dn-d-Mrn-Joan-Cortes_19set21_Pt-S-Dstrct-N-Brr_Bcn.jpg?resize=350%2C200&ssl=1 1x, https:\/\/i0.wp.com\/tomajazz.com\/web\/wp-content\/uploads\/2021\/10\/04_Ptrc-Grrr-Dn-d-Mrn-Joan-Cortes_19set21_Pt-S-Dstrct-N-Brr_Bcn.jpg?resize=525%2C300&ssl=1 1.5x"},"classes":[]},{"id":58107,"url":"https:\/\/tomajazz.com\/web\/instantzz-jesus-mendez-dani-de-moron-flamenco-a-nou-barris-21-desvario-pati-de-la-seu-del-districte-de-nou-barris-barcelona-2021-09-19-iv-iv-flamencura-aka-galeria-fotografica-aka-fotobl\/","url_meta":{"origin":67217,"position":1},"title":"INSTANTZZ: Jes\u00fas M\u00e9ndez &#038; Dani de Mor\u00f3n [Flamenco a Nou Barris 21: Desvar\u00edo \/ Pati de la Seu del Districte de Nou Barris, Barcelona.  2021-09-19 (IV\/IV)] [Flamencura AKA Galer\u00eda fotogr\u00e1fica AKA Fotoblog de jazz, impro\u2026 y algo m\u00e1s] Por Joan Cort\u00e8s","author":"Tomajazz","date":"26 octubre, 2021","format":false,"excerpt":"Finaliza el repaso de Joan Cort\u00e8s a las actuaciones de Flamenco a Nou Barris 21 con la actuaci\u00f3n de Jes\u00fas M\u00e9ndez y Dani de Mor\u00f3n, que cont\u00f3 con la participaci\u00f3n como invitada especial de Patricia Guerrero.","rel":"","context":"En \u00ab*_Joan Cort\u00e8s\u00bb","block_context":{"text":"*_Joan Cort\u00e8s","link":"https:\/\/tomajazz.com\/web\/category\/joan-cortes\/"},"img":{"alt_text":"","src":"https:\/\/i0.wp.com\/tomajazz.com\/web\/wp-content\/uploads\/2021\/10\/07_Jss-Mndz-Dn-d-Mrn-Joan-Cortes_19set21_S-Dstrct-N-Brr_Bcn_bn.jpg?resize=350%2C200&ssl=1","width":350,"height":200,"srcset":"https:\/\/i0.wp.com\/tomajazz.com\/web\/wp-content\/uploads\/2021\/10\/07_Jss-Mndz-Dn-d-Mrn-Joan-Cortes_19set21_S-Dstrct-N-Brr_Bcn_bn.jpg?resize=350%2C200&ssl=1 1x, https:\/\/i0.wp.com\/tomajazz.com\/web\/wp-content\/uploads\/2021\/10\/07_Jss-Mndz-Dn-d-Mrn-Joan-Cortes_19set21_S-Dstrct-N-Brr_Bcn_bn.jpg?resize=525%2C300&ssl=1 1.5x"},"classes":[]},{"id":58002,"url":"https:\/\/tomajazz.com\/web\/instantzz-leonor-leal-antonio-moreno-flamenco-a-nou-barris-21-desvario-pati-de-la-seu-del-districte-de-nou-barris-barcelona-2021-09-19-ii-iv-flamencura-aka-galeria-fotografica-aka-fotobl\/","url_meta":{"origin":67217,"position":2},"title":"INSTANTZZ: Leonor Leal &#038; Antonio Moreno [Flamenco a Nou Barris 21: Desvar\u00edo \/ Pati de la Seu del Districte de Nou Barris, Barcelona.  2021-09-19 (II\/IV)] [Flamencura AKA Galer\u00eda fotogr\u00e1fica AKA Fotoblog de jazz, impro\u2026 y algo m\u00e1s] Por Joan Cort\u00e8s","author":"Tomajazz","date":"21 octubre, 2021","format":false,"excerpt":"En INSTANTZZ, la segunda Flamencura de Joan Cort\u00e8s tomada en el ciclo Flamenco a Nou Barris 21. Los protagonistas son Leonor Leal & Antonio Moreno, m\u00e1s David Lagos que actu\u00f3 como invitado especial en un tema.","rel":"","context":"En \u00abFlamencuras\u00bb","block_context":{"text":"Flamencuras","link":"https:\/\/tomajazz.com\/web\/category\/contenidos\/imagenes\/photoblogs\/flamencuras\/"},"img":{"alt_text":"","src":"https:\/\/i0.wp.com\/tomajazz.com\/web\/wp-content\/uploads\/2021\/10\/08_Lnr-Ll-ntn-Mrn-Joan-Cortes_19set21_Pt-S-Dstrct-N-Brrs_Bcn.jpg?resize=350%2C200&ssl=1","width":350,"height":200,"srcset":"https:\/\/i0.wp.com\/tomajazz.com\/web\/wp-content\/uploads\/2021\/10\/08_Lnr-Ll-ntn-Mrn-Joan-Cortes_19set21_Pt-S-Dstrct-N-Brrs_Bcn.jpg?resize=350%2C200&ssl=1 1x, https:\/\/i0.wp.com\/tomajazz.com\/web\/wp-content\/uploads\/2021\/10\/08_Lnr-Ll-ntn-Mrn-Joan-Cortes_19set21_Pt-S-Dstrct-N-Brrs_Bcn.jpg?resize=525%2C300&ssl=1 1.5x"},"classes":[]},{"id":57938,"url":"https:\/\/tomajazz.com\/web\/instantzz-david-lagos-alfredo-lagos-flamenco-a-nou-barris-2021-pati-de-la-seu-del-districte-de-nou-barris-barcelona-2021-09-19-i-iv-flamencura-aka-galeria-fotografica-aka-fotoblog-de-jaz\/","url_meta":{"origin":67217,"position":3},"title":"INSTANTZZ: David Lagos &#038; Alfredo Lagos [Flamenco a Nou Barris 2021 \/ Pati de la Seu del Districte de Nou Barris, Barcelona.  2021-09-19 (I\/IV)] [Flamencura AKA Galer\u00eda fotogr\u00e1fica AKA Fotoblog de jazz, impro\u2026 y algo m\u00e1s] Por Joan Cort\u00e8s","author":"Tomajazz","date":"19 octubre, 2021","format":false,"excerpt":"David Lagos y Alfredo Lagos son los protagonistas de una nueva Flamencura de Joan Cort\u00e8s en INSTANTZZ.","rel":"","context":"En \u00abFlamencuras\u00bb","block_context":{"text":"Flamencuras","link":"https:\/\/tomajazz.com\/web\/category\/contenidos\/imagenes\/photoblogs\/flamencuras\/"},"img":{"alt_text":"","src":"https:\/\/i0.wp.com\/tomajazz.com\/web\/wp-content\/uploads\/2021\/10\/07_Dvd-lfrd-Lgs-Joan-Cortes_19set21_Flmnc-N-Brrs_Bcn.jpg?resize=350%2C200&ssl=1","width":350,"height":200},"classes":[]},{"id":87843,"url":"https:\/\/tomajazz.com\/web\/festival-flamenco-desvario-barcelona-2024\/","url_meta":{"origin":67217,"position":4},"title":"Festival Flamenco Desvar\u00edo (Barcelona. 16 al 20 de julio de 2024) [Noticias de jazz]","author":"Tomajazz","date":"9 julio, 2024","format":false,"excerpt":"La cuarta edici\u00f3n del festival flamenco, Desvar\u00edo, se llevar\u00e1 a t\u00e9rmino entre el 16 y 20 de julio de 2024 #Noticias","rel":"","context":"En \u00ab*_Redacci\u00f3n\u00bb","block_context":{"text":"*_Redacci\u00f3n","link":"https:\/\/tomajazz.com\/web\/category\/redaccion\/"},"img":{"alt_text":"Festival Flamenco Desvar\u00edo (Barcelona. 16 al 20 de julio de 2024) [Noticias de jazz] - Tomajazz - La cuarta edici\u00f3n del festival flamenco, Desvar\u00edo, se llevar\u00e1 a t\u00e9rmino entre el 16 y 20 de julio de 2024 #Noticias","src":"https:\/\/i0.wp.com\/tomajazz.com\/web\/wp-content\/uploads\/2024\/07\/Cartel-Desvario-2024-Tomajazz-Noticias.jpg?resize=350%2C200&ssl=1","width":350,"height":200,"srcset":"https:\/\/i0.wp.com\/tomajazz.com\/web\/wp-content\/uploads\/2024\/07\/Cartel-Desvario-2024-Tomajazz-Noticias.jpg?resize=350%2C200&ssl=1 1x, https:\/\/i0.wp.com\/tomajazz.com\/web\/wp-content\/uploads\/2024\/07\/Cartel-Desvario-2024-Tomajazz-Noticias.jpg?resize=525%2C300&ssl=1 1.5x, https:\/\/i0.wp.com\/tomajazz.com\/web\/wp-content\/uploads\/2024\/07\/Cartel-Desvario-2024-Tomajazz-Noticias.jpg?resize=700%2C400&ssl=1 2x"},"classes":[]},{"id":105062,"url":"https:\/\/tomajazz.com\/web\/duquende-flamenc-on-2026\/","url_meta":{"origin":67217,"position":5},"title":"Duquende (Flamenc-ON 2026 \/ Teatre Sagarra, 2026-03-14 \/ Santa Coloma de Gramenet -Barcelona-) [I] Por Joan Cort\u00e8s [Flamencuras AKA INSTANTZZ AKA Galer\u00eda fotogr\u00e1fica AKA Fotoblog de jazz, impro\u2026 y algo m\u00e1s]","author":"Tomajazz","date":"26 abril, 2026","format":false,"excerpt":"Duquende actu\u00f3 en Flamenc-ON 2026 de Santa Coloma de Gramenet, Barcelona, el 14 de marzo de 2026. Joan Cort\u00e8s lo retrata en las Flamencuras de INSTANTZZ. Actuaron Duquende, Jos\u00e9 Andr\u00e9s Cort\u00e9s, Juan Mateos, Diego Amaya, Sergio de Finizio","rel":"","context":"En \u00abFlamenc-ON 2026\u00bb","block_context":{"text":"Flamenc-ON 2026","link":"https:\/\/tomajazz.com\/web\/category\/contenidos\/especial-contenidos\/flamenc-on-2026\/"},"img":{"alt_text":"Duquende (Flamenc-ON 2026 \/ Teatre Sagarra, 2026-03-14 \/ Santa Coloma de Gramenet -Barcelona-) [I] Por Joan Cort\u00e8s [Flamencuras AKA INSTANTZZ AKA Galer\u00eda fotogr\u00e1fica AKA Fotoblog de jazz, impro\u2026 y algo m\u00e1s] - Tomajazz - Duquende actu\u00f3 en Flamenc-ON 2026 de Santa Coloma de Gramenet, Barcelona, el 14 de marzo de 2026. Joan Cort\u00e8s lo retrata en las Flamencuras de INSTANTZZ. Actuaron Duquende, Jos\u00e9 Andr\u00e9s Cort\u00e9s, Juan Mateos, Diego Amaya, Sergio de Finizio\n","src":"https:\/\/i0.wp.com\/tomajazz.com\/web\/wp-content\/uploads\/2026\/04\/destacada-07-Dqnd-Photo-by-Joan-Cortes-14mrc26-Flmnc-n-TS-SCGr.jpg?resize=350%2C200&ssl=1","width":350,"height":200,"srcset":"https:\/\/i0.wp.com\/tomajazz.com\/web\/wp-content\/uploads\/2026\/04\/destacada-07-Dqnd-Photo-by-Joan-Cortes-14mrc26-Flmnc-n-TS-SCGr.jpg?resize=350%2C200&ssl=1 1x, https:\/\/i0.wp.com\/tomajazz.com\/web\/wp-content\/uploads\/2026\/04\/destacada-07-Dqnd-Photo-by-Joan-Cortes-14mrc26-Flmnc-n-TS-SCGr.jpg?resize=525%2C300&ssl=1 1.5x"},"classes":[]}],"_links":{"self":[{"href":"https:\/\/tomajazz.com\/web\/wp-json\/wp\/v2\/posts\/67217","targetHints":{"allow":["GET"]}}],"collection":[{"href":"https:\/\/tomajazz.com\/web\/wp-json\/wp\/v2\/posts"}],"about":[{"href":"https:\/\/tomajazz.com\/web\/wp-json\/wp\/v2\/types\/post"}],"author":[{"embeddable":true,"href":"https:\/\/tomajazz.com\/web\/wp-json\/wp\/v2\/users\/1"}],"replies":[{"embeddable":true,"href":"https:\/\/tomajazz.com\/web\/wp-json\/wp\/v2\/comments?post=67217"}],"version-history":[{"count":2,"href":"https:\/\/tomajazz.com\/web\/wp-json\/wp\/v2\/posts\/67217\/revisions"}],"predecessor-version":[{"id":67306,"href":"https:\/\/tomajazz.com\/web\/wp-json\/wp\/v2\/posts\/67217\/revisions\/67306"}],"wp:featuredmedia":[{"embeddable":true,"href":"https:\/\/tomajazz.com\/web\/wp-json\/wp\/v2\/media\/67227"}],"wp:attachment":[{"href":"https:\/\/tomajazz.com\/web\/wp-json\/wp\/v2\/media?parent=67217"}],"wp:term":[{"taxonomy":"category","embeddable":true,"href":"https:\/\/tomajazz.com\/web\/wp-json\/wp\/v2\/categories?post=67217"},{"taxonomy":"post_tag","embeddable":true,"href":"https:\/\/tomajazz.com\/web\/wp-json\/wp\/v2\/tags?post=67217"}],"curies":[{"name":"wp","href":"https:\/\/api.w.org\/{rel}","templated":true}]}}