{"id":67783,"date":"2022-10-25T17:36:36","date_gmt":"2022-10-25T15:36:36","guid":{"rendered":"https:\/\/www.tomajazz.com\/web\/?p=67783"},"modified":"2022-10-25T17:36:36","modified_gmt":"2022-10-25T15:36:36","slug":"club-de-jazz-busqueda-de-mecenas","status":"publish","type":"post","link":"https:\/\/tomajazz.com\/web\/club-de-jazz-busqueda-de-mecenas\/","title":{"rendered":"Club de Jazz a la b\u00fasqueda de mecenas [Noticias de jazz]"},"content":{"rendered":"<p style=\"text-align: center;\"><img loading=\"lazy\" decoding=\"async\" class=\"aligncenter size-full wp-image-67785\" src=\"https:\/\/tomajazz.com\/web\/wp-content\/uploads\/2022\/10\/Recorte-Club-de-JazzWEB.jpg\" alt=\"\" width=\"640\" height=\"432\" title=\"\" srcset=\"https:\/\/tomajazz.com\/web\/wp-content\/uploads\/2022\/10\/Recorte-Club-de-JazzWEB.jpg 640w, https:\/\/tomajazz.com\/web\/wp-content\/uploads\/2022\/10\/Recorte-Club-de-JazzWEB-200x135.jpg 200w, https:\/\/tomajazz.com\/web\/wp-content\/uploads\/2022\/10\/Recorte-Club-de-JazzWEB-600x405.jpg 600w, https:\/\/tomajazz.com\/web\/wp-content\/uploads\/2022\/10\/Recorte-Club-de-JazzWEB-465x314.jpg 465w\" sizes=\"auto, (max-width: 640px) 100vw, 640px\" \/><\/p>\n<p><strong>Carlos P\u00e9rez Cruz<\/strong>, director del podcast <strong>Club de Jazz<\/strong>, contin\u00faa buscando mecenas para su programa. Tras dar el paso al formato de pago en febrero de 2022 por medio de la plataforma <strong>Patreon<\/strong>, en octubre de 2022 ha llegado al 49% de la financiaci\u00f3n necesaria para su objetivo de sostenibilidad financiera y autosuficiencia.<\/p>\n<h4 style=\"text-align: left;\">M\u00e1s informaci\u00f3n sobre Club de Jazz&#8230;<\/h4>\n<p style=\"text-align: left;\"><a href=\"https:\/\/www.patreon.com\/posts\/vaso-medio-lleno-73751088\" target=\"_blank\" rel=\"noopener\">Aqu\u00ed Carlos P\u00e9rez Cruz explica la situaci\u00f3n de Club de Jazz y los mecenazgos a fecha 25 de octubre de 2022<\/a> y <a href=\"https:\/\/www.patreon.com\/clubdejazzradio\" target=\"_blank\" rel=\"noopener\">aqu\u00ed hay m\u00e1s informaci\u00f3n sobre c\u00f3mo colaborar con este proyecto<\/a>.<\/p>\n<p><a href=\"https:\/\/tomajazz.com\/web\/?s=club+de+jazz&amp;submit=Search\" target=\"_blank\" rel=\"noopener\">https:\/\/tomajazz.com\/web\/?s=club+de+jazz&amp;submit=Search<\/a><\/p>\n","protected":false},"excerpt":{"rendered":"<p>El podcast Club de Jazz, contin\u00faa buscando mecenas para su programa.<span class=\"more-link\"><a href=\"https:\/\/tomajazz.com\/web\/club-de-jazz-busqueda-de-mecenas\/\">Contin\u00faa leyendo<\/a><\/span><\/p>\n","protected":false},"author":1,"featured_media":67785,"comment_status":"open","ping_status":"closed","sticky":false,"template":"","format":"standard","meta":{"jetpack_post_was_ever_published":false,"_jetpack_newsletter_access":"","_jetpack_dont_email_post_to_subs":false,"_jetpack_newsletter_tier_id":0,"_jetpack_memberships_contains_paywalled_content":false,"_jetpack_memberships_contains_paid_content":false,"footnotes":""},"categories":[15795,17858,1038],"tags":[16137],"class_list":["entry","author-pachi","has-excerpt","post-67783","post","type-post","status-publish","format-standard","has-post-thumbnail","category-noticias-2","category-redaccion","category-contenidos","tag-club-de-jazz"],"jetpack_featured_media_url":"https:\/\/tomajazz.com\/web\/wp-content\/uploads\/2022\/10\/Recorte-Club-de-JazzWEB.jpg","jetpack_likes_enabled":true,"jetpack_sharing_enabled":true,"jetpack-related-posts":[{"id":77745,"url":"https:\/\/tomajazz.com\/web\/cierre-milano-jazz-club-2023\/","url_meta":{"origin":67783,"position":0},"title":"Milano Jazz Club cerrar\u00e1 a finales de septiembre [Noticias de jazz]","author":"Tomajazz","date":"27 agosto, 2023","format":false,"excerpt":"Si nada lo impide, Milano Jazz Club de Barcelona cerrar\u00e1 a finales de septiembre de 2023.","rel":"","context":"En \u00ab*_Joan Cort\u00e8s\u00bb","block_context":{"text":"*_Joan Cort\u00e8s","link":"https:\/\/tomajazz.com\/web\/category\/joan-cortes\/"},"img":{"alt_text":"Milano Jazz Club cerrar\u00e1 a finales de octubre [Noticias de jazz] - Tomajazz 9.0 - Si nada lo impide, Milano Jazz Club de Barcelona cerrar\u00e1 a finales de octubre de 2023.","src":"https:\/\/i0.wp.com\/tomajazz.com\/web\/wp-content\/uploads\/2023\/08\/lbrt-Mrqus-tr-Joan-Cortes-14gst23-Mln-Bcn-Milano-Jazz-Club-cerrara-a-finales-de-octubre-INSTANTZZ-Tomajazz.jpg?resize=350%2C200&ssl=1","width":350,"height":200,"srcset":"https:\/\/i0.wp.com\/tomajazz.com\/web\/wp-content\/uploads\/2023\/08\/lbrt-Mrqus-tr-Joan-Cortes-14gst23-Mln-Bcn-Milano-Jazz-Club-cerrara-a-finales-de-octubre-INSTANTZZ-Tomajazz.jpg?resize=350%2C200&ssl=1 1x, https:\/\/i0.wp.com\/tomajazz.com\/web\/wp-content\/uploads\/2023\/08\/lbrt-Mrqus-tr-Joan-Cortes-14gst23-Mln-Bcn-Milano-Jazz-Club-cerrara-a-finales-de-octubre-INSTANTZZ-Tomajazz.jpg?resize=525%2C300&ssl=1 1.5x"},"classes":[]},{"id":104436,"url":"https:\/\/tomajazz.com\/web\/juanma-trujillo-baldo-martinez-cdj25-2026\/","url_meta":{"origin":67783,"position":1},"title":"Juanma Trujillo &#038; Baldo Mart\u00ednez (25 aniversario Club de Jazz \/ Jamboree-01, 2026-02-14 \/ Barcelona) [I] Por Joan Cort\u00e8s [INSTANTZZ AKA Galer\u00eda fotogr\u00e1fica AKA Fotoblog de jazz, impro\u2026 y algo m\u00e1s]","author":"Tomajazz","date":"17 marzo, 2026","format":false,"excerpt":"Juanma Trujillo & Baldo Mart\u00ednez actuaron en Jamboree en el 25 aniversario de Club de Jazz. Joan Cort\u00e8s lo retrata en INSTANTZZ","rel":"","context":"En \u00ab*_Joan Cort\u00e8s\u00bb","block_context":{"text":"*_Joan Cort\u00e8s","link":"https:\/\/tomajazz.com\/web\/category\/joan-cortes\/"},"img":{"alt_text":"Juanma Trujillo & Baldo Mart\u00ednez (25 aniversario Club de Jazz \/ Jamboree-01, 2026-02-14 \/ Barcelona) [I] Por Joan Cort\u00e8s [INSTANTZZ AKA Galer\u00eda fotogr\u00e1fica AKA Fotoblog de jazz, impro\u2026 y algo m\u00e1s] - Tomajazz - Juanma Trujillo & Baldo Mart\u00ednez actuaron en Jamboree en el 25 aniversario de Club de Jazz. Joan Cort\u00e8s lo retrata en INSTANTZZ","src":"https:\/\/i0.wp.com\/tomajazz.com\/web\/wp-content\/uploads\/2026\/03\/destacada-11-Jnm-Trjll-Bld-Mrtnz-Photo-by-Joan-Cortes-14fbr26-25nCdJ-Jmbr01-Bcn.jpg?resize=350%2C200&ssl=1","width":350,"height":200,"srcset":"https:\/\/i0.wp.com\/tomajazz.com\/web\/wp-content\/uploads\/2026\/03\/destacada-11-Jnm-Trjll-Bld-Mrtnz-Photo-by-Joan-Cortes-14fbr26-25nCdJ-Jmbr01-Bcn.jpg?resize=350%2C200&ssl=1 1x, https:\/\/i0.wp.com\/tomajazz.com\/web\/wp-content\/uploads\/2026\/03\/destacada-11-Jnm-Trjll-Bld-Mrtnz-Photo-by-Joan-Cortes-14fbr26-25nCdJ-Jmbr01-Bcn.jpg?resize=525%2C300&ssl=1 1.5x"},"classes":[]},{"id":101399,"url":"https:\/\/tomajazz.com\/web\/tinons-march-reapertura-blue-jazz-club-2025\/","url_meta":{"origin":67783,"position":2},"title":"Tinons March (Reapertura Blue Jazz Club. Hotel Saratoga. Palma. 2025-10-30) Por Jos\u00e9 Luis Luna Rocafort [INSTANTZZ AKA Galer\u00eda fotogr\u00e1fica AKA Fotoblog de jazz, impro\u2026 y algo m\u00e1s]","author":"Tomajazz","date":"5 noviembre, 2025","format":false,"excerpt":"Tinons March actu\u00f3 en la reapertura del Blue Jazz Club del Hotel Saratoga (Palma), el 30 de octubre de 2025. Jos\u00e9 Luis Luna Rocafort retrata el concierto en INSTANTZZ. Actuaron Tinons March, Jaume Riera, Teo Salv\u00e0","rel":"","context":"En \u00abINSTANTZZ\u00bb","block_context":{"text":"INSTANTZZ","link":"https:\/\/tomajazz.com\/web\/category\/contenidos\/imagenes\/photoblogs\/instantzz\/"},"img":{"alt_text":"Tinons March (Reapertura Blue Jazz Club. Hotel Saratoga. Palma. 2025-10-30) Por Jos\u00e9 Luis Luna Rocafort [INSTANTZZ AKA Galer\u00eda fotogr\u00e1fica AKA Fotoblog de jazz, impro\u2026 y algo m\u00e1s] - Tomajazz - Tinons March actu\u00f3 en la reapertura del Blue Jazz Club del Hotel Saratoga (Palma), el 30 de octubre de 2025. Jos\u00e9 Luis Luna Rocafort retrata el concierto en INSTANTZZ. Actuaron Tinons March, Jaume Riera, Teo Salv\u00e0","src":"https:\/\/i0.wp.com\/tomajazz.com\/web\/wp-content\/uploads\/2025\/11\/016-3.jpg?resize=350%2C200&ssl=1","width":350,"height":200,"srcset":"https:\/\/i0.wp.com\/tomajazz.com\/web\/wp-content\/uploads\/2025\/11\/016-3.jpg?resize=350%2C200&ssl=1 1x, https:\/\/i0.wp.com\/tomajazz.com\/web\/wp-content\/uploads\/2025\/11\/016-3.jpg?resize=525%2C300&ssl=1 1.5x"},"classes":[]},{"id":104591,"url":"https:\/\/tomajazz.com\/web\/marco-mezquida-25cdj-2026\/","url_meta":{"origin":67783,"position":3},"title":"Marco Mezquida (25 aniversario Club de Jazz \/ Jamboree-01, 2026-02-14 \/ Barcelona) [y III] Por Joan Cort\u00e8s [INSTANTZZ AKA Galer\u00eda fotogr\u00e1fica AKA Fotoblog de jazz, impro\u2026 y algo m\u00e1s]","author":"Tomajazz","date":"26 marzo, 2026","format":false,"excerpt":"Marco Mezquida actu\u00f3 en Jamboree en la celebraci\u00f3n CDJ25, el 14 de febrero de 2026. Joan Cort\u00e8s lo retrata en INSTANTZZ","rel":"","context":"En \u00abINSTANTZZ\u00bb","block_context":{"text":"INSTANTZZ","link":"https:\/\/tomajazz.com\/web\/category\/contenidos\/imagenes\/photoblogs\/instantzz\/"},"img":{"alt_text":"Marco Mezquida (25 aniversario Club de Jazz \/ Jamboree-01, 2026-02-14 \/ Barcelona) [y III] Por Joan Cort\u00e8s [INSTANTZZ AKA Galer\u00eda fotogr\u00e1fica AKA Fotoblog de jazz, impro\u2026 y algo m\u00e1s] - Tomajazz - Marco Mezquida actu\u00f3 en Jamboree en la celebraci\u00f3n CDJ25, el 14 de febrero de 2026. Joan Cort\u00e8s lo retrata en INSTANTZZ","src":"https:\/\/i0.wp.com\/tomajazz.com\/web\/wp-content\/uploads\/2026\/03\/destacada-10-Mrc-Mzqd-Photo-by-Joan-Cortes-14fbr26-25CdJ-Jmbrr01-Bcn-.jpg?resize=350%2C200&ssl=1","width":350,"height":200,"srcset":"https:\/\/i0.wp.com\/tomajazz.com\/web\/wp-content\/uploads\/2026\/03\/destacada-10-Mrc-Mzqd-Photo-by-Joan-Cortes-14fbr26-25CdJ-Jmbrr01-Bcn-.jpg?resize=350%2C200&ssl=1 1x, https:\/\/i0.wp.com\/tomajazz.com\/web\/wp-content\/uploads\/2026\/03\/destacada-10-Mrc-Mzqd-Photo-by-Joan-Cortes-14fbr26-25CdJ-Jmbrr01-Bcn-.jpg?resize=525%2C300&ssl=1 1.5x"},"classes":[]},{"id":102831,"url":"https:\/\/tomajazz.com\/web\/ivan-melon-lewis-babylon-jazz-club-sorteo-tomajazz-2025\/","url_meta":{"origin":67783,"position":4},"title":"Iv\u00e1n Melon Lewis \u00abLuces y Sombras\u00bb (Sorteo de entradas para el estreno de Babylon Jazz Club de Madrid, el 19 de diciembre de 2025) [Noticias de jazz]","author":"Tomajazz","date":"14 diciembre, 2025","format":false,"excerpt":"En Tomajazz sorteamos una entrada doble para el concierto de Iv\u00e1n Melon Lewis, que estrenar\u00e1 la nueva sala Babylon Jazz Club de Madrid, el 19 de diciembre de 2025 #Noticiasdejazz","rel":"","context":"En \u00ab*_Redacci\u00f3n\u00bb","block_context":{"text":"*_Redacci\u00f3n","link":"https:\/\/tomajazz.com\/web\/category\/redaccion\/"},"img":{"alt_text":"Iv\u00e1n Melon Lewis \"Luces y Sombras\" (Sorteo de entradas para el estreno de Babylon Jazz Club de Madrid, el 19 de diciembre de 2025) [Noticias de jazz] - Tomajazz - En Tomajazz sorteamos una entrada doble para el concierto de Iv\u00e1n Melon Lewis, que estrenar\u00e1 la nueva sala Babylon Jazz Club de Madrid, el  #Noticiasdejazz","src":"https:\/\/i0.wp.com\/tomajazz.com\/web\/wp-content\/uploads\/2025\/12\/Ivan-Melon-Lewis-Babylon-Madrid.jpg?resize=350%2C200&ssl=1","width":350,"height":200,"srcset":"https:\/\/i0.wp.com\/tomajazz.com\/web\/wp-content\/uploads\/2025\/12\/Ivan-Melon-Lewis-Babylon-Madrid.jpg?resize=350%2C200&ssl=1 1x, https:\/\/i0.wp.com\/tomajazz.com\/web\/wp-content\/uploads\/2025\/12\/Ivan-Melon-Lewis-Babylon-Madrid.jpg?resize=525%2C300&ssl=1 1.5x, https:\/\/i0.wp.com\/tomajazz.com\/web\/wp-content\/uploads\/2025\/12\/Ivan-Melon-Lewis-Babylon-Madrid.jpg?resize=700%2C400&ssl=1 2x, https:\/\/i0.wp.com\/tomajazz.com\/web\/wp-content\/uploads\/2025\/12\/Ivan-Melon-Lewis-Babylon-Madrid.jpg?resize=1050%2C600&ssl=1 3x"},"classes":[]},{"id":101377,"url":"https:\/\/tomajazz.com\/web\/triplanetas-enrique-oliver-trio-vitoria-2025\/","url_meta":{"origin":67783,"position":5},"title":"Triplanetas &#8211; Enrique Oliver Tr\u00edo (48 Festival de Jazz de Vitoria. 2025-07-15) Por Jos\u00e9 Luis Luna Rocafort [INSTANTZZ AKA Galer\u00eda fotogr\u00e1fica AKA Fotoblog de jazz, impro\u2026 y algo m\u00e1s]","author":"Tomajazz","date":"4 noviembre, 2025","format":false,"excerpt":"Triplanetas - Enrique Oliver Tr\u00edo participaron en el 48 Festival de Jazz de Vitoria 2025, en el programa Club de Jazz. Jos\u00e9 Luis Luna Rocafort retrata la actuaci\u00f3n en INSTANTZZ. Triplanetas son Daahoud Salim, Juli\u00e1n S\u00e1nchez:, Bori Albero. Enrique Oliver Tr\u00edo son Enrique Oliver, Bori Albero, Andreu Pitarch","rel":"","context":"En \u00ab48 Festival de Jazz de Vitoria 2025\u00bb","block_context":{"text":"48 Festival de Jazz de Vitoria 2025","link":"https:\/\/tomajazz.com\/web\/category\/contenidos\/especial-contenidos\/48-festival-de-jazz-de-vitoria-2025\/"},"img":{"alt_text":"Triplanetas - Enrique Oliver Tr\u00edo (48 Festival de Jazz de Vitoria. 2025-07-15) Por Jos\u00e9 Luis Luna Rocafort [INSTANTZZ AKA Galer\u00eda fotogr\u00e1fica AKA Fotoblog de jazz, impro\u2026 y algo m\u00e1s] - Tomajazz - Triplanetas - Enrique Oliver Tr\u00edo participaron en el 48 Festival de Jazz de Vitoria 2025, en el programa Club de Jazz. Jos\u00e9 Luis Luna Rocafort retrata la actuaci\u00f3n en INSTANTZZ. Triplanetas son Daahoud Salim, Juli\u00e1n S\u00e1nchez:, Bori Albero. Enrique Oliver Tr\u00edo son Enrique Oliver, Bori Albero, Andreu Pitarch","src":"https:\/\/i0.wp.com\/tomajazz.com\/web\/wp-content\/uploads\/2025\/11\/009-2.jpg?resize=350%2C200&ssl=1","width":350,"height":200,"srcset":"https:\/\/i0.wp.com\/tomajazz.com\/web\/wp-content\/uploads\/2025\/11\/009-2.jpg?resize=350%2C200&ssl=1 1x, https:\/\/i0.wp.com\/tomajazz.com\/web\/wp-content\/uploads\/2025\/11\/009-2.jpg?resize=525%2C300&ssl=1 1.5x"},"classes":[]}],"_links":{"self":[{"href":"https:\/\/tomajazz.com\/web\/wp-json\/wp\/v2\/posts\/67783","targetHints":{"allow":["GET"]}}],"collection":[{"href":"https:\/\/tomajazz.com\/web\/wp-json\/wp\/v2\/posts"}],"about":[{"href":"https:\/\/tomajazz.com\/web\/wp-json\/wp\/v2\/types\/post"}],"author":[{"embeddable":true,"href":"https:\/\/tomajazz.com\/web\/wp-json\/wp\/v2\/users\/1"}],"replies":[{"embeddable":true,"href":"https:\/\/tomajazz.com\/web\/wp-json\/wp\/v2\/comments?post=67783"}],"version-history":[{"count":3,"href":"https:\/\/tomajazz.com\/web\/wp-json\/wp\/v2\/posts\/67783\/revisions"}],"predecessor-version":[{"id":67787,"href":"https:\/\/tomajazz.com\/web\/wp-json\/wp\/v2\/posts\/67783\/revisions\/67787"}],"wp:featuredmedia":[{"embeddable":true,"href":"https:\/\/tomajazz.com\/web\/wp-json\/wp\/v2\/media\/67785"}],"wp:attachment":[{"href":"https:\/\/tomajazz.com\/web\/wp-json\/wp\/v2\/media?parent=67783"}],"wp:term":[{"taxonomy":"category","embeddable":true,"href":"https:\/\/tomajazz.com\/web\/wp-json\/wp\/v2\/categories?post=67783"},{"taxonomy":"post_tag","embeddable":true,"href":"https:\/\/tomajazz.com\/web\/wp-json\/wp\/v2\/tags?post=67783"}],"curies":[{"name":"wp","href":"https:\/\/api.w.org\/{rel}","templated":true}]}}