{"id":69007,"date":"2022-12-13T12:00:13","date_gmt":"2022-12-13T11:00:13","guid":{"rendered":"https:\/\/www.tomajazz.com\/web\/?p=69007"},"modified":"2022-12-13T15:54:02","modified_gmt":"2022-12-13T14:54:02","slug":"julian-lage-trio-barcelona-2022","status":"publish","type":"post","link":"https:\/\/tomajazz.com\/web\/julian-lage-trio-barcelona-2022\/","title":{"rendered":"Julian Lage Trio (Pi\u00f1ata, La Nau, 2022-11-01. Barcelona) Por Joan Cort\u00e8s [INSTANTZZ]"},"content":{"rendered":"<ul>\n<li>Fecha: martes, 01 de noviembre de 2022<\/li>\n<li>Lugar: La Nau (Barcelona)<\/li>\n<li>Grupo:<br \/>\n<strong>Julian Lage Trio<br \/>\n<\/strong>Julian Lage, guitarra<br \/>\nJorge Roeder, contrabajo<br \/>\nDave King, bater\u00eda<\/li>\n<\/ul>\n<p style=\"text-align: center;\"><img loading=\"lazy\" decoding=\"async\" class=\"aligncenter size-full wp-image-69008\" src=\"https:\/\/tomajazz.com\/web\/wp-content\/uploads\/2022\/12\/01_Jln-Lg-tr-\u00a9Joan-Cortes_01nvm22_Pnt_LN_Bcn.jpg\" alt=\"\" width=\"600\" height=\"399\" title=\"\" srcset=\"https:\/\/tomajazz.com\/web\/wp-content\/uploads\/2022\/12\/01_Jln-Lg-tr-\u00a9Joan-Cortes_01nvm22_Pnt_LN_Bcn.jpg 600w, https:\/\/tomajazz.com\/web\/wp-content\/uploads\/2022\/12\/01_Jln-Lg-tr-\u00a9Joan-Cortes_01nvm22_Pnt_LN_Bcn-200x133.jpg 200w, https:\/\/tomajazz.com\/web\/wp-content\/uploads\/2022\/12\/01_Jln-Lg-tr-\u00a9Joan-Cortes_01nvm22_Pnt_LN_Bcn-465x309.jpg 465w\" sizes=\"auto, (max-width: 600px) 100vw, 600px\" \/> <img loading=\"lazy\" decoding=\"async\" class=\"aligncenter size-full wp-image-69009\" src=\"https:\/\/tomajazz.com\/web\/wp-content\/uploads\/2022\/12\/02_Jln-Lg-tr-\u00a9Joan-Cortes_01nvm22_Pnt_LN_Bcn.jpg\" alt=\"\" width=\"399\" height=\"600\" title=\"\" srcset=\"https:\/\/tomajazz.com\/web\/wp-content\/uploads\/2022\/12\/02_Jln-Lg-tr-\u00a9Joan-Cortes_01nvm22_Pnt_LN_Bcn.jpg 399w, https:\/\/tomajazz.com\/web\/wp-content\/uploads\/2022\/12\/02_Jln-Lg-tr-\u00a9Joan-Cortes_01nvm22_Pnt_LN_Bcn-133x200.jpg 133w, https:\/\/tomajazz.com\/web\/wp-content\/uploads\/2022\/12\/02_Jln-Lg-tr-\u00a9Joan-Cortes_01nvm22_Pnt_LN_Bcn-366x550.jpg 366w, https:\/\/tomajazz.com\/web\/wp-content\/uploads\/2022\/12\/02_Jln-Lg-tr-\u00a9Joan-Cortes_01nvm22_Pnt_LN_Bcn-333x500.jpg 333w\" sizes=\"auto, (max-width: 399px) 100vw, 399px\" \/> <img loading=\"lazy\" decoding=\"async\" class=\"aligncenter size-full wp-image-69010\" src=\"https:\/\/tomajazz.com\/web\/wp-content\/uploads\/2022\/12\/03_Jln-Lg-tr-\u00a9Joan-Cortes_01nvm22_Pnt_LN_Bcn.jpg\" alt=\"\" width=\"399\" height=\"600\" title=\"\" srcset=\"https:\/\/tomajazz.com\/web\/wp-content\/uploads\/2022\/12\/03_Jln-Lg-tr-\u00a9Joan-Cortes_01nvm22_Pnt_LN_Bcn.jpg 399w, https:\/\/tomajazz.com\/web\/wp-content\/uploads\/2022\/12\/03_Jln-Lg-tr-\u00a9Joan-Cortes_01nvm22_Pnt_LN_Bcn-133x200.jpg 133w, https:\/\/tomajazz.com\/web\/wp-content\/uploads\/2022\/12\/03_Jln-Lg-tr-\u00a9Joan-Cortes_01nvm22_Pnt_LN_Bcn-366x550.jpg 366w, https:\/\/tomajazz.com\/web\/wp-content\/uploads\/2022\/12\/03_Jln-Lg-tr-\u00a9Joan-Cortes_01nvm22_Pnt_LN_Bcn-333x500.jpg 333w\" sizes=\"auto, (max-width: 399px) 100vw, 399px\" \/> <img loading=\"lazy\" decoding=\"async\" class=\"aligncenter size-full wp-image-69011\" src=\"https:\/\/tomajazz.com\/web\/wp-content\/uploads\/2022\/12\/04_Jln-Lg-tr-\u00a9Joan-Cortes_01nvm22_Pnt_LN_Bcn.jpg\" alt=\"\" width=\"399\" height=\"600\" title=\"\" srcset=\"https:\/\/tomajazz.com\/web\/wp-content\/uploads\/2022\/12\/04_Jln-Lg-tr-\u00a9Joan-Cortes_01nvm22_Pnt_LN_Bcn.jpg 399w, https:\/\/tomajazz.com\/web\/wp-content\/uploads\/2022\/12\/04_Jln-Lg-tr-\u00a9Joan-Cortes_01nvm22_Pnt_LN_Bcn-133x200.jpg 133w, https:\/\/tomajazz.com\/web\/wp-content\/uploads\/2022\/12\/04_Jln-Lg-tr-\u00a9Joan-Cortes_01nvm22_Pnt_LN_Bcn-366x550.jpg 366w, https:\/\/tomajazz.com\/web\/wp-content\/uploads\/2022\/12\/04_Jln-Lg-tr-\u00a9Joan-Cortes_01nvm22_Pnt_LN_Bcn-333x500.jpg 333w\" sizes=\"auto, (max-width: 399px) 100vw, 399px\" \/> <img loading=\"lazy\" decoding=\"async\" class=\"aligncenter size-full wp-image-69012\" src=\"https:\/\/tomajazz.com\/web\/wp-content\/uploads\/2022\/12\/05_Jln-Lg-tr-\u00a9Joan-Cortes_01nvm22_Pnt_LN_Bcn.jpg\" alt=\"\" width=\"600\" height=\"399\" title=\"\" srcset=\"https:\/\/tomajazz.com\/web\/wp-content\/uploads\/2022\/12\/05_Jln-Lg-tr-\u00a9Joan-Cortes_01nvm22_Pnt_LN_Bcn.jpg 600w, https:\/\/tomajazz.com\/web\/wp-content\/uploads\/2022\/12\/05_Jln-Lg-tr-\u00a9Joan-Cortes_01nvm22_Pnt_LN_Bcn-200x133.jpg 200w, https:\/\/tomajazz.com\/web\/wp-content\/uploads\/2022\/12\/05_Jln-Lg-tr-\u00a9Joan-Cortes_01nvm22_Pnt_LN_Bcn-465x309.jpg 465w\" sizes=\"auto, (max-width: 600px) 100vw, 600px\" \/> <img loading=\"lazy\" decoding=\"async\" class=\"aligncenter size-full wp-image-69013\" src=\"https:\/\/tomajazz.com\/web\/wp-content\/uploads\/2022\/12\/06_Jln-Lg-tr-\u00a9Joan-Cortes_01nvm22_Pnt_LN_Bcn.jpg\" alt=\"\" width=\"600\" height=\"399\" title=\"\" srcset=\"https:\/\/tomajazz.com\/web\/wp-content\/uploads\/2022\/12\/06_Jln-Lg-tr-\u00a9Joan-Cortes_01nvm22_Pnt_LN_Bcn.jpg 600w, https:\/\/tomajazz.com\/web\/wp-content\/uploads\/2022\/12\/06_Jln-Lg-tr-\u00a9Joan-Cortes_01nvm22_Pnt_LN_Bcn-200x133.jpg 200w, https:\/\/tomajazz.com\/web\/wp-content\/uploads\/2022\/12\/06_Jln-Lg-tr-\u00a9Joan-Cortes_01nvm22_Pnt_LN_Bcn-465x309.jpg 465w\" sizes=\"auto, (max-width: 600px) 100vw, 600px\" \/> <img loading=\"lazy\" decoding=\"async\" class=\"aligncenter size-full wp-image-69014\" src=\"https:\/\/tomajazz.com\/web\/wp-content\/uploads\/2022\/12\/07_Jln-Lg-tr-\u00a9Joan-Cortes_01nvm22_Pnt_LN_Bcn.jpg\" alt=\"\" width=\"600\" height=\"399\" title=\"\" srcset=\"https:\/\/tomajazz.com\/web\/wp-content\/uploads\/2022\/12\/07_Jln-Lg-tr-\u00a9Joan-Cortes_01nvm22_Pnt_LN_Bcn.jpg 600w, https:\/\/tomajazz.com\/web\/wp-content\/uploads\/2022\/12\/07_Jln-Lg-tr-\u00a9Joan-Cortes_01nvm22_Pnt_LN_Bcn-200x133.jpg 200w, https:\/\/tomajazz.com\/web\/wp-content\/uploads\/2022\/12\/07_Jln-Lg-tr-\u00a9Joan-Cortes_01nvm22_Pnt_LN_Bcn-465x309.jpg 465w\" sizes=\"auto, (max-width: 600px) 100vw, 600px\" \/> <img loading=\"lazy\" decoding=\"async\" class=\"aligncenter size-full wp-image-69015\" src=\"https:\/\/tomajazz.com\/web\/wp-content\/uploads\/2022\/12\/08_Jln-Lg-tr-\u00a9Joan-Cortes_01nvm22_Pnt_LN_Bcn.jpg\" alt=\"\" width=\"399\" height=\"600\" title=\"\" srcset=\"https:\/\/tomajazz.com\/web\/wp-content\/uploads\/2022\/12\/08_Jln-Lg-tr-\u00a9Joan-Cortes_01nvm22_Pnt_LN_Bcn.jpg 399w, https:\/\/tomajazz.com\/web\/wp-content\/uploads\/2022\/12\/08_Jln-Lg-tr-\u00a9Joan-Cortes_01nvm22_Pnt_LN_Bcn-133x200.jpg 133w, https:\/\/tomajazz.com\/web\/wp-content\/uploads\/2022\/12\/08_Jln-Lg-tr-\u00a9Joan-Cortes_01nvm22_Pnt_LN_Bcn-366x550.jpg 366w, https:\/\/tomajazz.com\/web\/wp-content\/uploads\/2022\/12\/08_Jln-Lg-tr-\u00a9Joan-Cortes_01nvm22_Pnt_LN_Bcn-333x500.jpg 333w\" sizes=\"auto, (max-width: 399px) 100vw, 399px\" \/> <img loading=\"lazy\" decoding=\"async\" class=\"aligncenter size-full wp-image-69016\" src=\"https:\/\/tomajazz.com\/web\/wp-content\/uploads\/2022\/12\/09_Jln-Lg-tr-\u00a9Joan-Cortes_01nvm22_Pnt_LN_Bcn.jpg\" alt=\"\" width=\"399\" height=\"600\" title=\"\" srcset=\"https:\/\/tomajazz.com\/web\/wp-content\/uploads\/2022\/12\/09_Jln-Lg-tr-\u00a9Joan-Cortes_01nvm22_Pnt_LN_Bcn.jpg 399w, https:\/\/tomajazz.com\/web\/wp-content\/uploads\/2022\/12\/09_Jln-Lg-tr-\u00a9Joan-Cortes_01nvm22_Pnt_LN_Bcn-133x200.jpg 133w, https:\/\/tomajazz.com\/web\/wp-content\/uploads\/2022\/12\/09_Jln-Lg-tr-\u00a9Joan-Cortes_01nvm22_Pnt_LN_Bcn-366x550.jpg 366w, https:\/\/tomajazz.com\/web\/wp-content\/uploads\/2022\/12\/09_Jln-Lg-tr-\u00a9Joan-Cortes_01nvm22_Pnt_LN_Bcn-333x500.jpg 333w\" sizes=\"auto, (max-width: 399px) 100vw, 399px\" \/> <img loading=\"lazy\" decoding=\"async\" class=\"aligncenter size-full wp-image-69017\" src=\"https:\/\/tomajazz.com\/web\/wp-content\/uploads\/2022\/12\/10_Jln-Lg-tr-\u00a9Joan-Cortes_01nvm22_Pnt_LN_Bcn.jpg\" alt=\"\" width=\"399\" height=\"600\" title=\"\" srcset=\"https:\/\/tomajazz.com\/web\/wp-content\/uploads\/2022\/12\/10_Jln-Lg-tr-\u00a9Joan-Cortes_01nvm22_Pnt_LN_Bcn.jpg 399w, https:\/\/tomajazz.com\/web\/wp-content\/uploads\/2022\/12\/10_Jln-Lg-tr-\u00a9Joan-Cortes_01nvm22_Pnt_LN_Bcn-133x200.jpg 133w, https:\/\/tomajazz.com\/web\/wp-content\/uploads\/2022\/12\/10_Jln-Lg-tr-\u00a9Joan-Cortes_01nvm22_Pnt_LN_Bcn-366x550.jpg 366w, https:\/\/tomajazz.com\/web\/wp-content\/uploads\/2022\/12\/10_Jln-Lg-tr-\u00a9Joan-Cortes_01nvm22_Pnt_LN_Bcn-333x500.jpg 333w\" sizes=\"auto, (max-width: 399px) 100vw, 399px\" \/> <img loading=\"lazy\" decoding=\"async\" class=\"aligncenter size-full wp-image-69018\" src=\"https:\/\/tomajazz.com\/web\/wp-content\/uploads\/2022\/12\/11_Jln-Lg-tr-\u00a9Joan-Cortes_01nvm22_Pnt_LN_Bcn.jpg\" alt=\"\" width=\"600\" height=\"399\" title=\"\" srcset=\"https:\/\/tomajazz.com\/web\/wp-content\/uploads\/2022\/12\/11_Jln-Lg-tr-\u00a9Joan-Cortes_01nvm22_Pnt_LN_Bcn.jpg 600w, https:\/\/tomajazz.com\/web\/wp-content\/uploads\/2022\/12\/11_Jln-Lg-tr-\u00a9Joan-Cortes_01nvm22_Pnt_LN_Bcn-200x133.jpg 200w, https:\/\/tomajazz.com\/web\/wp-content\/uploads\/2022\/12\/11_Jln-Lg-tr-\u00a9Joan-Cortes_01nvm22_Pnt_LN_Bcn-465x309.jpg 465w\" sizes=\"auto, (max-width: 600px) 100vw, 600px\" \/><\/p>\n<p style=\"text-align: right;\">Tomajazz: \u00a9 <a href=\"https:\/\/www.facebook.com\/joan.cortesbenages\" target=\"_blank\" rel=\"noopener\"><strong>Joan Cort\u00e8s<\/strong><\/a>, 2022<\/p>\n<h4>M\u00e1s informaci\u00f3n sobre Julian Lage<\/h4>\n<p><a href=\"http:\/\/www.julianlage.com\/\" target=\"_blank\" rel=\"noopener\">http:\/\/www.julianlage.com\/<\/a><\/p>\n<p><a href=\"https:\/\/tomajazz.com\/web\/?s=julian+lage&amp;submit=Search\" target=\"_blank\" rel=\"noopener\">https:\/\/tomajazz.com\/web\/?s=julian+lage&amp;submit=Search<\/a><\/p>\n<h4>Joan Cort\u00e8s en Tomajazz<\/h4>\n<p><a href=\"https:\/\/tomajazz.com\/web\/?cat=17853\" target=\"_blank\" rel=\"noopener\">https:\/\/tomajazz.com\/web\/?cat=17853<\/a><\/p>\n","protected":false},"excerpt":{"rendered":"<p>En INSTANTZZ im\u00e1genes del concierto de Julian Lage Trio en Pi\u00f1ata, La Nau, de Barcelona. Joan Cort\u00e8s es el autor de las im\u00e1genes. <span class=\"more-link\"><a href=\"https:\/\/tomajazz.com\/web\/julian-lage-trio-barcelona-2022\/\">Contin\u00faa leyendo<\/a><\/span><\/p>\n","protected":false},"author":1,"featured_media":69018,"comment_status":"open","ping_status":"closed","sticky":false,"template":"","format":"standard","meta":{"jetpack_post_was_ever_published":false,"_jetpack_newsletter_access":"","_jetpack_dont_email_post_to_subs":false,"_jetpack_newsletter_tier_id":0,"_jetpack_memberships_contains_paywalled_content":false,"_jetpack_memberships_contains_paid_content":false,"footnotes":""},"categories":[11261,17853,11262,15516,1038],"tags":[11339,1041,11285,6377,28239],"class_list":["entry","author-pachi","has-excerpt","post-69007","post","type-post","status-publish","format-standard","has-post-thumbnail","category-instantzz","category-joan-cortes","category-photoblogs","category-imagenes","category-contenidos","tag-dave-king","tag-joan-cortes","tag-jorge-roeder","tag-julian-lage","tag-julian-lage-trio"],"jetpack_featured_media_url":"https:\/\/tomajazz.com\/web\/wp-content\/uploads\/2022\/12\/11_Jln-Lg-tr-\u00a9Joan-Cortes_01nvm22_Pnt_LN_Bcn.jpg","jetpack_likes_enabled":true,"jetpack_sharing_enabled":true,"jetpack-related-posts":[{"id":105012,"url":"https:\/\/tomajazz.com\/web\/lage-lund-trio-granollers-2026\/","url_meta":{"origin":69007,"position":0},"title":"Lage Lund Trio (36\u00e8 Jazz Granollers Festival \/ Casino, 2026-03-13 \/ Granollers -Barcelona-) [y III] Por Joan Cort\u00e8s [INSTANTZZ AKA Galer\u00eda fotogr\u00e1fica AKA Fotoblog de jazz, impro\u2026 y algo m\u00e1s]","author":"Tomajazz","date":"23 abril, 2026","format":false,"excerpt":"Lage Lund Trio actu\u00f3 en el 36\u00e8 Jazz Granollers Festival, el 13 de marzo de 2026. Joan Cort\u00e8s lo retrata en INSTANTZZ. Lage Lund Trio son Lage Lund, Orlando Le Fleming, Greg Hutchinson","rel":"","context":"En \u00ab36 Jazz Granollers Festival 2026\u00bb","block_context":{"text":"36 Jazz Granollers Festival 2026","link":"https:\/\/tomajazz.com\/web\/category\/contenidos\/especial-contenidos\/36-jazz-granollers-festival-2026\/"},"img":{"alt_text":"Lage Lund Trio (36\u00e8 Jazz Granollers Festival \/ Casino, 2026-03-13 \/ Granollers -Barcelona-) [y III] Por Joan Cort\u00e8s [INSTANTZZ AKA Galer\u00eda fotogr\u00e1fica AKA Fotoblog de jazz, impro\u2026 y algo m\u00e1s] - Tomajazz - Lage Lund Trio actu\u00f3 en el 36\u00e8 Jazz Granollers Festival, el 13 de marzo de 2026. Joan Cort\u00e8s lo retrata en INSTANTZZ. Lage Lund Trio son Lage Lund, Orlando Le Fleming, Greg Hutchinson","src":"https:\/\/i0.wp.com\/tomajazz.com\/web\/wp-content\/uploads\/2026\/04\/destacada-02-Lg-Lnd-Photo-by-Joan-Cortes-13mrc26-36JGF-Csn-Gr-bn.jpg?resize=350%2C200&ssl=1","width":350,"height":200,"srcset":"https:\/\/i0.wp.com\/tomajazz.com\/web\/wp-content\/uploads\/2026\/04\/destacada-02-Lg-Lnd-Photo-by-Joan-Cortes-13mrc26-36JGF-Csn-Gr-bn.jpg?resize=350%2C200&ssl=1 1x, https:\/\/i0.wp.com\/tomajazz.com\/web\/wp-content\/uploads\/2026\/04\/destacada-02-Lg-Lnd-Photo-by-Joan-Cortes-13mrc26-36JGF-Csn-Gr-bn.jpg?resize=525%2C300&ssl=1 1.5x"},"classes":[]},{"id":76892,"url":"https:\/\/tomajazz.com\/web\/julian-lage-trio-58-donostiako-jazzaldia\/","url_meta":{"origin":69007,"position":1},"title":"Julian Lage Trio [Especial 58 Donostiako Jazzaldia 2023 I] (Plaza de la Trinidad, San Sebasti\u00e1n. 2023-07-22) Por Jos\u00e9 Luis Luna Rocafort [INSTANTZZ AKA Galer\u00eda fotogr\u00e1fica AKA Fotoblog de jazz, impro\u2026 y algo m\u00e1s]","author":"Tomajazz","date":"2 agosto, 2023","format":false,"excerpt":"Julian Lage Trio es el primer grupo del Especial 58 Donostiako Jazzaldia 2023. El guitarrista actu\u00f3 en \"La Trini\" de San Sebasti\u00e1n el 22 de julio de 2023. Actu\u00f3 junto a Jorge Roeder y Joey Baron. Tambi\u00e9n cont\u00f3 con Bill Frisell como invitado. Jos\u00e9 Luis Luna Rocafort los retrata en\u2026","rel":"","context":"En \u00abEspecial 58 Donostiako Jazzaldia 2023\u00bb","block_context":{"text":"Especial 58 Donostiako Jazzaldia 2023","link":"https:\/\/tomajazz.com\/web\/category\/contenidos\/especial-contenidos\/especial-58-donostiako-jazzaldia-2023\/"},"img":{"alt_text":"Julian Lage Trio [Especial 58 Donostiako Jazzaldia 2023 I] (Plaza de la Trinidad, San Sebasti\u00e1n. 2023-07-22) Por Jos\u00e9 Luis Luna Rocafort [INSTANTZZ AKA Galer\u00eda fotogr\u00e1fica AKA Fotoblog de jazz, impro\u2026 y algo m\u00e1s] - Tomajazz 9.0 - Julian Lage Trio es el primer grupo del Especial 58 Donostiako Jazzaldia 2023. El guitarrista actu\u00f3 en \"La Trini\" de San Sebasti\u00e1n el 22 de julio de 2023. Actu\u00f3 junto a Jorge Roeder y Joey Baron. Tambi\u00e9n cont\u00f3 con Bill Frisell como invitado. Jos\u00e9 Luis Luna Rocafort los retrata en INSTANTZZ.","src":"https:\/\/i0.wp.com\/tomajazz.com\/web\/wp-content\/uploads\/2023\/08\/009-Julian-Lage-Trio-Especial-58-Donostiako-Jazzaldia-2023-Por-Jose-Luis-Luna-Rocafort-INSTANTZZ.jpg?resize=350%2C200&ssl=1","width":350,"height":200,"srcset":"https:\/\/i0.wp.com\/tomajazz.com\/web\/wp-content\/uploads\/2023\/08\/009-Julian-Lage-Trio-Especial-58-Donostiako-Jazzaldia-2023-Por-Jose-Luis-Luna-Rocafort-INSTANTZZ.jpg?resize=350%2C200&ssl=1 1x, https:\/\/i0.wp.com\/tomajazz.com\/web\/wp-content\/uploads\/2023\/08\/009-Julian-Lage-Trio-Especial-58-Donostiako-Jazzaldia-2023-Por-Jose-Luis-Luna-Rocafort-INSTANTZZ.jpg?resize=525%2C300&ssl=1 1.5x"},"classes":[]},{"id":15368,"url":"https:\/\/tomajazz.com\/web\/instantzz-gary-burton-quartet-46-voll-damm-festival-internacional-de-jazz-de-barcelona-lauditori-sala-oriol-martorell-barcelona-2014-11-06\/","url_meta":{"origin":69007,"position":2},"title":"INSTANTZZ: Gary Burton Quartet (46 Voll-Damm Festival Internacional de Jazz de Barcelona, L&#8217;Auditori, Sala Oriol Martorell, Barcelona. 2014-11-06)","author":"Tomajazz","date":"13 noviembre, 2014","format":false,"excerpt":"46 Voll-Damm Festival Internacional De Jazz De Barcelona Gary Burton Quartet Fecha: Jueves, 06 de noviembre de 2014 Lugar: L\u2019Auditori (Sala Oriol Martorell) Componentes: Gary Burton, vibr\u00e1fono Julian Lage, guitarra Jorge Roeder, contrabajo Henry Cole, bater\u00eda Fotograf\u00edas: \u00a9 Joan Cort\u00e8s, 2014","rel":"","context":"En \u00ab*_Joan Cort\u00e8s\u00bb","block_context":{"text":"*_Joan Cort\u00e8s","link":"https:\/\/tomajazz.com\/web\/category\/joan-cortes\/"},"img":{"alt_text":"","src":"https:\/\/i0.wp.com\/tomajazz.com\/web\/wp-content\/uploads\/2014\/11\/06_GB4t-u00A9Joan-Cortu00E8s_06nov14_46FIJB_Bcn.jpg?resize=350%2C200&ssl=1","width":350,"height":200,"srcset":"https:\/\/i0.wp.com\/tomajazz.com\/web\/wp-content\/uploads\/2014\/11\/06_GB4t-u00A9Joan-Cortu00E8s_06nov14_46FIJB_Bcn.jpg?resize=350%2C200&ssl=1 1x, https:\/\/i0.wp.com\/tomajazz.com\/web\/wp-content\/uploads\/2014\/11\/06_GB4t-u00A9Joan-Cortu00E8s_06nov14_46FIJB_Bcn.jpg?resize=525%2C300&ssl=1 1.5x"},"classes":[]},{"id":66709,"url":"https:\/\/tomajazz.com\/web\/julian-lage-view-with-a-room-jazzx5\/","url_meta":{"origin":69007,"position":3},"title":"\u201cChavez\u201d [Julian Lage\u00a0View With A Room (Blue Note, 2022)] Por Pachi Tapiz. JazzX5 #516 [Minipodcast de jazz]","author":"Tomajazz","date":"16 septiembre, 2022","format":false,"excerpt":"El 16 de septiembre se publica la nueva grabaci\u00f3n del guitarrista Julian Lage\u00a0View With A Room, en el sello Blue Note. En el disco toca junto al contrabajista Jorge Roeder y al baterista David King (The Bad Plus), y tambi\u00e9n cuenta con la colaboraci\u00f3n del gran guitarrista Bill Frisell.\u00a0En JazzX5\u2026","rel":"","context":"En \u00ab*_Pachi Tapiz\u00bb","block_context":{"text":"*_Pachi Tapiz","link":"https:\/\/tomajazz.com\/web\/category\/pachi-tapiz\/"},"img":{"alt_text":"\u201cChavez\u201d [Julian Lage View With A Room (Blue Note, 2022)] Por Pachi Tapiz. JazzX5 #516 [Minipodcast de jazz]","src":"https:\/\/i0.wp.com\/tomajazz.com\/web\/wp-content\/uploads\/2022\/09\/JazzX5_0516.jpg?resize=350%2C200&ssl=1","width":350,"height":200,"srcset":"https:\/\/i0.wp.com\/tomajazz.com\/web\/wp-content\/uploads\/2022\/09\/JazzX5_0516.jpg?resize=350%2C200&ssl=1 1x, https:\/\/i0.wp.com\/tomajazz.com\/web\/wp-content\/uploads\/2022\/09\/JazzX5_0516.jpg?resize=525%2C300&ssl=1 1.5x, https:\/\/i0.wp.com\/tomajazz.com\/web\/wp-content\/uploads\/2022\/09\/JazzX5_0516.jpg?resize=700%2C400&ssl=1 2x"},"classes":[]},{"id":101809,"url":"https:\/\/tomajazz.com\/web\/vanesa-aibar-ciutat-flamenco-2025\/","url_meta":{"origin":69007,"position":4},"title":"Vanesa Aibar \u201cCristalizaci\u00f3n IV\u201d (Ciutat Flamenco \/ Nau Bostik, 2025-10-19 \/ Barcelona) Por Joan Cort\u00e8s [Flamencuras AKA INSTANTZZ AKA Galer\u00eda fotogr\u00e1fica AKA Fotoblog de jazz, impro\u2026 y algo m\u00e1s]","author":"Tomajazz","date":"15 noviembre, 2025","format":false,"excerpt":"Vanesa Aibar \u201cCristalizaci\u00f3n IV\u201d actu\u00f3 en Ciutat Flamenco de Barcelona el 19 de octubre de 2025. Joan Cort\u00e8s la retrata en las Flamencuras de INSTANTZZ. Con Vanesa Aibar, Estampa","rel":"","context":"En \u00abFlamencuras\u00bb","block_context":{"text":"Flamencuras","link":"https:\/\/tomajazz.com\/web\/category\/contenidos\/imagenes\/photoblogs\/flamencuras\/"},"img":{"alt_text":"Vanesa Aibar \u201cCristalizaci\u00f3n IV\u201d (Ciutat Flamenco \/ Nau Bostik, 2025-10-19 \/ Barcelona) Por Joan Cort\u00e8s [Flamencuras AKA INSTANTZZ AKA Galer\u00eda fotogr\u00e1fica AKA Fotoblog de jazz, impro\u2026 y algo m\u00e1s] - Tomajazz - Vanesa Aibar \u201cCristalizaci\u00f3n IV\u201d actu\u00f3 en Ciutat Flamenco de Barcelona el 19 de octubre de 2025. Joan Cort\u00e8s la retrata en las Flamencuras de INSTANTZZ. Con Vanesa Aibar, Estampa","src":"https:\/\/i0.wp.com\/tomajazz.com\/web\/wp-content\/uploads\/2025\/11\/destacada-08-Vns-br-Photo-by-Joan-Cortes-10ctb25-Ctt-Flmc-N-Bstk-Bcn.jpg?resize=350%2C200&ssl=1","width":350,"height":200},"classes":[]},{"id":68570,"url":"https:\/\/tomajazz.com\/web\/youn-sun-nah-la-nau-2022-instantzz\/","url_meta":{"origin":69007,"position":5},"title":"Youn Sun Nah \u201cWaking World\u201d (La Nau, 2022-10-17. Barcelona) Por Joan Cort\u00e8s [INSTANTZZ]","author":"Tomajazz","date":"24 noviembre, 2022","format":false,"excerpt":"Joan Cort\u00e8s repasa en INSTANTZZ la actuaci\u00f3n de la cantante Youn Sun Nah en La Nau (Barcelona).","rel":"","context":"En \u00abINSTANTZZ\u00bb","block_context":{"text":"INSTANTZZ","link":"https:\/\/tomajazz.com\/web\/category\/contenidos\/imagenes\/photoblogs\/instantzz\/"},"img":{"alt_text":"Joan Cort\u00e8s repasa en INSTANTZZ la actuaci\u00f3n de la cantante Youn Sun Nah en La Nau (Barcelona).","src":"https:\/\/i0.wp.com\/tomajazz.com\/web\/wp-content\/uploads\/2022\/11\/007_Yn-Sn-Nh-Joan-Cortes_17nvm22_LN_Bcn.jpg?resize=350%2C200&ssl=1","width":350,"height":200,"srcset":"https:\/\/i0.wp.com\/tomajazz.com\/web\/wp-content\/uploads\/2022\/11\/007_Yn-Sn-Nh-Joan-Cortes_17nvm22_LN_Bcn.jpg?resize=350%2C200&ssl=1 1x, https:\/\/i0.wp.com\/tomajazz.com\/web\/wp-content\/uploads\/2022\/11\/007_Yn-Sn-Nh-Joan-Cortes_17nvm22_LN_Bcn.jpg?resize=525%2C300&ssl=1 1.5x"},"classes":[]}],"_links":{"self":[{"href":"https:\/\/tomajazz.com\/web\/wp-json\/wp\/v2\/posts\/69007","targetHints":{"allow":["GET"]}}],"collection":[{"href":"https:\/\/tomajazz.com\/web\/wp-json\/wp\/v2\/posts"}],"about":[{"href":"https:\/\/tomajazz.com\/web\/wp-json\/wp\/v2\/types\/post"}],"author":[{"embeddable":true,"href":"https:\/\/tomajazz.com\/web\/wp-json\/wp\/v2\/users\/1"}],"replies":[{"embeddable":true,"href":"https:\/\/tomajazz.com\/web\/wp-json\/wp\/v2\/comments?post=69007"}],"version-history":[{"count":3,"href":"https:\/\/tomajazz.com\/web\/wp-json\/wp\/v2\/posts\/69007\/revisions"}],"predecessor-version":[{"id":69021,"href":"https:\/\/tomajazz.com\/web\/wp-json\/wp\/v2\/posts\/69007\/revisions\/69021"}],"wp:featuredmedia":[{"embeddable":true,"href":"https:\/\/tomajazz.com\/web\/wp-json\/wp\/v2\/media\/69018"}],"wp:attachment":[{"href":"https:\/\/tomajazz.com\/web\/wp-json\/wp\/v2\/media?parent=69007"}],"wp:term":[{"taxonomy":"category","embeddable":true,"href":"https:\/\/tomajazz.com\/web\/wp-json\/wp\/v2\/categories?post=69007"},{"taxonomy":"post_tag","embeddable":true,"href":"https:\/\/tomajazz.com\/web\/wp-json\/wp\/v2\/tags?post=69007"}],"curies":[{"name":"wp","href":"https:\/\/api.w.org\/{rel}","templated":true}]}}