{"id":6976,"date":"2013-06-20T18:00:23","date_gmt":"2013-06-20T16:00:23","guid":{"rendered":"http:\/\/www.tomajazz.com\/web\/?p=6976"},"modified":"2016-11-14T00:18:42","modified_gmt":"2016-11-13T23:18:42","slug":"juan-ortiz-trio-life-is-too-short-errabal-jazz-2013","status":"publish","type":"post","link":"https:\/\/tomajazz.com\/web\/juan-ortiz-trio-life-is-too-short-errabal-jazz-2013\/","title":{"rendered":"Juan Ortiz Tr\u00edo: Life is too short (Errabal Jazz, 2013)"},"content":{"rendered":"<p style=\"text-align: justify;\"><a href=\"http:\/\/www.tomajazz.com\/web\/?attachment_id=6977\" rel=\"attachment wp-att-6977\"><img loading=\"lazy\" decoding=\"async\" class=\"alignleft  wp-image-6977\" alt=\"juan ortiz trio life is too short\" src=\"http:\/\/www.tomajazz.com\/web\/wp-content\/uploads\/2013\/06\/juan-ortiz-trio-life-is-too-short-300x300.jpg\" width=\"200\" height=\"200\" title=\"\" srcset=\"https:\/\/tomajazz.com\/web\/wp-content\/uploads\/2013\/06\/juan-ortiz-trio-life-is-too-short-300x300.jpg 300w, https:\/\/tomajazz.com\/web\/wp-content\/uploads\/2013\/06\/juan-ortiz-trio-life-is-too-short-150x150.jpg 150w, https:\/\/tomajazz.com\/web\/wp-content\/uploads\/2013\/06\/juan-ortiz-trio-life-is-too-short-55x55.jpg 55w, https:\/\/tomajazz.com\/web\/wp-content\/uploads\/2013\/06\/juan-ortiz-trio-life-is-too-short.jpg 350w\" sizes=\"auto, (max-width: 200px) 100vw, 200px\" \/><\/a>La grabaci\u00f3n del primer disco siempre conlleva algo de incertidumbre sobre la fidelidad a los conceptos musicales con los que se ha trabajado previamente. Pero si el estreno se realiza sobre una actuaci\u00f3n en directo, entonces la apuesta conlleva un valor a\u00f1adido. Aqu\u00ed no valen los maquillajes. El m\u00fasico de jazz se encuentra en su h\u00e1bitat natural y es cuando de verdad se enfrenta con sus verdaderas capacidades. Es lo que subyace en este trabajo del pianista Juan Ortiz, que, como aquel que dice, se ha lanzado sin red al frente de su tr\u00edo, con David Ruiz al contrabajo y Borja Barrueta a la bater\u00eda.<\/p>\n<p style=\"text-align: justify;\">Grabado el a\u00f1o pasado a\u00f1o en la Hacer\u00eda Jazz Club, un peque\u00f1o templo del jazz bilba\u00edno, <em>Life is too short<\/em>\u00a0no defrauda. Sus equilibradas interpretaciones y precisas mediciones de los tempos, hace que el disco se disfrute con agrado. Aunque se encuentran reminiscencias y pinceladas de otros tr\u00edos, este detalle pasa a un segundo plano, frente a la perfecta sincronizaci\u00f3n de los tres instrumentistas.<\/p>\n<p style=\"text-align: justify;\">Juan Ortiz es un gran asimilador de estilos, que sabe plasmar con delicadeza. Se nota que ha aprendido a escuchar detalles del <i>soul, blues, funk<\/i> e incluso de m\u00fasica cl\u00e1sica. La m\u00fasica de este tr\u00edo funciona como una especie de agradecimiento hacia las mismas fuentes de inspiraci\u00f3n. Desde el primer tema \u201cNo Way\u201d, hasta el \u00faltimo, el tradicional \u201cHouse of the Rising Sun\u201d, pasando por un homenaje a John Coltrane en \u201cMomment\u00b4s Notice\u201d, la m\u00fasica surge precisa y cristalina. El trabajo de Juan Ortiz se ve ensalzado y arropado por dos fieles como David Ruiz y Borja Barrueta, que aportan en su justa medida todo lo necesario para que el trabajo en definitiva haya sido satisfactorio.<\/p>\n<p style=\"text-align: right;\">Carlos Lara<\/p>\n<p>Juan Ortiz Tr\u00edo: <em>Life is too short<\/em><\/p>\n<p>M\u00fasicos: Juan Ortiz (piano), David Ruiz (contrabajo) y Borja Barrueta (bater\u00eda).<\/p>\n<p>&nbsp;<\/p>\n<p>Composiciones: \u201cNo way\u201d, \u201cThanks Mr. Benny\u201d, \u201cObsession\u201d, \u201cFour points of view\u201d, \u201cA dog called jazz\u201d, \u201cAnother uphill morning\u201d, \u201cMomment\u00b4s Notice\u201d, \u201cLife is too short\u201d, y \u201cHouse of the rising sun\u201d.<\/p>\n<p>Temas compuestos por Juan Ortiz excepto \u201cMomment\u00b4s Notice\u201d (John Coltrane) y \u201cHouse of the rising sun\u201d (tradicional).<\/p>\n<p>&nbsp;<\/p>\n<p>Grabado en directo el 24 de mayo de 2012 en La Hacer\u00eda Jazz Club de Bilbao.<\/p>\n<p>Ilustraciones de Naiel Ibarrola<\/p>\n<p>&nbsp;<\/p>\n<p>Editado en 2013 por Errabal Jazz. ER 057<\/p>\n","protected":false},"excerpt":{"rendered":"<p>La grabaci\u00f3n del primer disco siempre conlleva algo de incertidumbre sobre la fidelidad a los conceptos musicales con los que se ha trabajado previamente. Pero si el estreno se realiza sobre una actuaci\u00f3n en directo, entonces la apuesta conlleva un valor a\u00f1adido. Aqu\u00ed no valen los maquillajes. El m\u00fasico de<span class=\"more-link\"><a href=\"https:\/\/tomajazz.com\/web\/juan-ortiz-trio-life-is-too-short-errabal-jazz-2013\/\">Contin\u00faa leyendo<\/a><\/span><\/p>\n","protected":false},"author":1,"featured_media":0,"comment_status":"open","ping_status":"closed","sticky":false,"template":"","format":"standard","meta":{"jetpack_post_was_ever_published":false,"_jetpack_newsletter_access":"","_jetpack_dont_email_post_to_subs":true,"_jetpack_newsletter_tier_id":0,"_jetpack_memberships_contains_paywalled_content":false,"_jetpack_memberships_contains_paid_content":false,"footnotes":""},"categories":[17849,17892,5,1038],"tags":[6791,84,12651,6790,4990,12696,13,12415,15295,6789,6788,16099,77,16100],"class_list":["entry","author-pachi","post-6976","post","type-post","status-publish","format-standard","category-carlos-lara","category-naiel-ibarrola","category-grabaciones","category-contenidos","tag-borja-barrueta","tag-carlos-lara","tag-cd","tag-david-ruiz","tag-errabal-jazz","tag-grabaciones","tag-jazz","tag-jazz-en-espana","tag-jazz-en-espanol","tag-juan-ortiz","tag-juan-ortiz-trio","tag-toma-jazz","tag-tomajazz","tag-tomajazz-toma-jazz"],"jetpack_featured_media_url":"","jetpack_likes_enabled":true,"jetpack_sharing_enabled":true,"jetpack-related-posts":[{"id":103883,"url":"https:\/\/tomajazz.com\/web\/simon-nabatov-trio-guilt-free-pleasures-2026\/","url_meta":{"origin":6976,"position":0},"title":"Simon Nabatov Trio: Guilt-free Pleasures (Simon Nabatov; 2026) Por Carlos Lara [Grabaci\u00f3n de jazz]","author":"Tomajazz","date":"3 febrero, 2026","format":false,"excerpt":"Guilt-free Pleasures (Simon Nabatov; 2026) es lo nuevo de Simon Nabatov Trio. Carlos Lara repasa la grabaci\u00f3n. Con Simon Nabatov, Roger Kintopf, Dominik Mahnig","rel":"","context":"En \u00ab*_Carlos Lara\u00bb","block_context":{"text":"*_Carlos Lara","link":"https:\/\/tomajazz.com\/web\/category\/carlos-lara\/"},"img":{"alt_text":"Simon Nabatov Trio: Guilt-free Pleasures (Simon Nabatov; 2026) Por Carlos Lara [Grabaci\u00f3n de jazz] - Tomajazz - Guilt-free Pleasures (Simon Nabatov; 2026) es lo nuevo de Simon Nabatov Trio. Carlos Lara repasa la grabaci\u00f3n. Con Simon Nabatov, Roger Kintopf, Dominik Mahnig","src":"https:\/\/i0.wp.com\/tomajazz.com\/web\/wp-content\/uploads\/2026\/02\/Guilt-free-Pleasures.jpg?resize=350%2C200&ssl=1","width":350,"height":200},"classes":[]},{"id":101417,"url":"https:\/\/tomajazz.com\/web\/cesar-joaniquet-live-at-jazz-cava-2025\/","url_meta":{"origin":6976,"position":1},"title":"C\u00e8sar Joaniquet: Live at Jazz Cava (UnderPool Records; 2025) Por Carlos Lara [Grabaci\u00f3n de jazz]","author":"Tomajazz","date":"5 noviembre, 2025","format":false,"excerpt":"Live at Jazz Cava (UnderPool Records; 2025) es la nueva grabaci\u00f3n de C\u00e8sar Joaniquet:. Carlos Lara repasa la grabaci\u00f3n. Con C\u00e8sar Joaniquet, Artur Tu\u017anik), Brice Soniano, Kasper Tom Christiansen","rel":"","context":"En \u00abGrabaciones...\u00bb","block_context":{"text":"Grabaciones...","link":"https:\/\/tomajazz.com\/web\/category\/contenidos\/textos\/grabaciones\/"},"img":{"alt_text":"C\u00e8sar Joaniquet: Live at Jazz Cava (UnderPool Records; 2025) Por Carlos Lara [Grabaci\u00f3n de jazz] - Tomajazz - Live at Jazz Cava (UnderPool Records; 2025) es la nueva grabaci\u00f3n de C\u00e8sar Joaniquet:. Carlos Lara repasa la grabaci\u00f3n. Con C\u00e8sar Joaniquet, Artur Tu\u017anik), Brice Soniano, Kasper Tom Christiansen","src":"https:\/\/i0.wp.com\/tomajazz.com\/web\/wp-content\/uploads\/2025\/11\/Cesar-Joaniquet-Live-at-Jazz-Cava-UnderPool-Records-2025.jpg?resize=350%2C200&ssl=1","width":350,"height":200},"classes":[]},{"id":101300,"url":"https:\/\/tomajazz.com\/web\/james-brandon-lewis-apple-cores-2025\/","url_meta":{"origin":6976,"position":2},"title":"James Brandon Lewis: Apple Cores (Anti-Records; 2025) Por Carlos Lara [Grabaci\u00f3n de jazz]","author":"Tomajazz","date":"3 noviembre, 2025","format":false,"excerpt":"Apple Cores (Anti-Records; 2025) es una grabaci\u00f3n de James Brandon Lewis publicada hace unos meses. Carlos Lara repasa la grabaci\u00f3n. Con James Brandon Lewis, Josh Werner, Chad Taylor, Guilherme Monteiro, Stephane San Juan","rel":"","context":"En \u00abGrabaciones...\u00bb","block_context":{"text":"Grabaciones...","link":"https:\/\/tomajazz.com\/web\/category\/contenidos\/textos\/grabaciones\/"},"img":{"alt_text":"James Brandon Lewis: Apple Cores (Anti-Records; 2025) Por Carlos Lara [Grabaci\u00f3n de jazz] - Tomajazz - Apple Cores (Anti-Records; 2025) es una grabaci\u00f3n de James Brandon Lewis publicada hace unos meses. Carlos Lara repasa la grabaci\u00f3n. Con James Brandon Lewis, Josh Werner, Chad Taylor, Guilherme Monteiro, Stephane San Juan\n","src":"https:\/\/i0.wp.com\/tomajazz.com\/web\/wp-content\/uploads\/2025\/11\/James-Brandon-Lewis-Apple-Cores-Anti-Records-2025-Tomajazz.jpg?resize=350%2C200&ssl=1","width":350,"height":200,"srcset":"https:\/\/i0.wp.com\/tomajazz.com\/web\/wp-content\/uploads\/2025\/11\/James-Brandon-Lewis-Apple-Cores-Anti-Records-2025-Tomajazz.jpg?resize=350%2C200&ssl=1 1x, https:\/\/i0.wp.com\/tomajazz.com\/web\/wp-content\/uploads\/2025\/11\/James-Brandon-Lewis-Apple-Cores-Anti-Records-2025-Tomajazz.jpg?resize=525%2C300&ssl=1 1.5x, https:\/\/i0.wp.com\/tomajazz.com\/web\/wp-content\/uploads\/2025\/11\/James-Brandon-Lewis-Apple-Cores-Anti-Records-2025-Tomajazz.jpg?resize=700%2C400&ssl=1 2x"},"classes":[]},{"id":102455,"url":"https:\/\/tomajazz.com\/web\/marty-ehrlich-trio-exaltation-this-time-2025\/","url_meta":{"origin":6976,"position":3},"title":"Marty Ehrlich Trio Exaltation: This Time (Sunnyside Records; 2025) Por Carlos Lara [Grabaci\u00f3n de jazz]","author":"Tomajazz","date":"2 diciembre, 2025","format":false,"excerpt":"This Time (Sunnyside Records; 2025) es la nueva grabaci\u00f3n de Marty Ehrlich Trio Exaltation: Carlos Lara repasa la grabaci\u00f3n. Con Marty Ehrlich, John Hebert, Nasheet Waits","rel":"","context":"En \u00abGrabaciones...\u00bb","block_context":{"text":"Grabaciones...","link":"https:\/\/tomajazz.com\/web\/category\/contenidos\/textos\/grabaciones\/"},"img":{"alt_text":"Marty Ehrlich Trio Exaltation: This Time (Sunnyside Records; 2025) Por Carlos Lara [Grabaci\u00f3n de jazz] - Tomajazz - This Time (Sunnyside Records; 2025) es la nueva grabaci\u00f3n de Marty Ehrlich Trio Exaltation: Carlos Lara repasa la grabaci\u00f3n. Con Marty Ehrlich, John Hebert, Nasheet Waits","src":"https:\/\/i0.wp.com\/tomajazz.com\/web\/wp-content\/uploads\/2025\/12\/Marty-Ehrlich-Trio-Exaltation-This-Time-Sunnyside-Records-2025-Tomajazz.jpg?resize=350%2C200&ssl=1","width":350,"height":200,"srcset":"https:\/\/i0.wp.com\/tomajazz.com\/web\/wp-content\/uploads\/2025\/12\/Marty-Ehrlich-Trio-Exaltation-This-Time-Sunnyside-Records-2025-Tomajazz.jpg?resize=350%2C200&ssl=1 1x, https:\/\/i0.wp.com\/tomajazz.com\/web\/wp-content\/uploads\/2025\/12\/Marty-Ehrlich-Trio-Exaltation-This-Time-Sunnyside-Records-2025-Tomajazz.jpg?resize=525%2C300&ssl=1 1.5x, https:\/\/i0.wp.com\/tomajazz.com\/web\/wp-content\/uploads\/2025\/12\/Marty-Ehrlich-Trio-Exaltation-This-Time-Sunnyside-Records-2025-Tomajazz.jpg?resize=700%2C400&ssl=1 2x"},"classes":[]},{"id":103232,"url":"https:\/\/tomajazz.com\/web\/steve-lehman-the-music-of-anthony-braxton-2025\/","url_meta":{"origin":6976,"position":4},"title":"Steve Lehman Trio + Mark Turner: The Music of Anthony Braxton (Pi Recordings: 2025) Por Carlos Lara [Grabaci\u00f3n de jazz]","author":"Tomajazz","date":"8 enero, 2026","format":false,"excerpt":"The Music of Anthony Braxton (Pi Recordings: 2025) es lo nuevo de Steve Lehman Trio + Mark Turner. Carlos Lara repasa la grabaci\u00f3n. Con Steve Lehman, Mark Turner, Matt Brewer, Damion Reid","rel":"","context":"En \u00abGrabaciones...\u00bb","block_context":{"text":"Grabaciones...","link":"https:\/\/tomajazz.com\/web\/category\/contenidos\/textos\/grabaciones\/"},"img":{"alt_text":"Steve Lehman Trio + Mark Turner: The Music of Anthony Braxton (Pi Recordings: 2025) Por Carlos Lara [Grabaci\u00f3n de jazz] - Tomajazz - The Music of Anthony Braxton (Pi Recordings: 2025) es lo nuevo de Steve Lehman Trio + Mark Turner. Carlos Lara repasa la grabaci\u00f3n. Con Steve Lehman, Mark Turner, Matt Brewer, Damion Reid","src":"https:\/\/i0.wp.com\/tomajazz.com\/web\/wp-content\/uploads\/2026\/01\/Steve-Lehman-Trio-Mark-Turner-The-Music-of-Anthony-Braxton-Pi-Recordings-2025-Tomajazz.jpg?resize=350%2C200&ssl=1","width":350,"height":200,"srcset":"https:\/\/i0.wp.com\/tomajazz.com\/web\/wp-content\/uploads\/2026\/01\/Steve-Lehman-Trio-Mark-Turner-The-Music-of-Anthony-Braxton-Pi-Recordings-2025-Tomajazz.jpg?resize=350%2C200&ssl=1 1x, https:\/\/i0.wp.com\/tomajazz.com\/web\/wp-content\/uploads\/2026\/01\/Steve-Lehman-Trio-Mark-Turner-The-Music-of-Anthony-Braxton-Pi-Recordings-2025-Tomajazz.jpg?resize=525%2C300&ssl=1 1.5x, https:\/\/i0.wp.com\/tomajazz.com\/web\/wp-content\/uploads\/2026\/01\/Steve-Lehman-Trio-Mark-Turner-The-Music-of-Anthony-Braxton-Pi-Recordings-2025-Tomajazz.jpg?resize=700%2C400&ssl=1 2x"},"classes":[]},{"id":104979,"url":"https:\/\/tomajazz.com\/web\/dave-holland-vital-spark-2026\/","url_meta":{"origin":6976,"position":5},"title":"Dave Holland: Vital Spark (Music of Kenny Wheeler) (Edition Records, 2026) Por Carlos Lara [Grabaci\u00f3n de jazz]","author":"Tomajazz","date":"20 abril, 2026","format":false,"excerpt":"Vital Spark (Music of Kenny Wheeler) (Edition Records, 2026) es la nueva grabaci\u00f3n de Dave Holland. Carlos Lara repasa la grabaci\u00f3n. Con Norma Winstone, Mark Lockheart, John Parricelli, Nikki Iles, Dave Holland, James Maddren, The London Vocal Project","rel":"","context":"En \u00abGrabaciones...\u00bb","block_context":{"text":"Grabaciones...","link":"https:\/\/tomajazz.com\/web\/category\/contenidos\/textos\/grabaciones\/"},"img":{"alt_text":"Dave Holland: Vital Spark (Music of Kenny Wheeler) (Edition Records, 2026) Por Carlos Lara [Grabaci\u00f3n de jazz] - Tomajazz - Vital Spark (Music of Kenny Wheeler) (Edition Records, 2026) es la nueva grabaci\u00f3n de Dave Holland. Carlos Lara repasa la grabaci\u00f3n. Con Norma Winstone, Mark Lockheart, John Parricelli, Nikki Iles, Dave Holland, James Maddren, The London Vocal Project \n","src":"https:\/\/i0.wp.com\/tomajazz.com\/web\/wp-content\/uploads\/2026\/04\/Dave-Holland-Vital-Spark-Music-of-Kenny-Wheeler-Edition-Records-2026.jpg?resize=350%2C200&ssl=1","width":350,"height":200,"srcset":"https:\/\/i0.wp.com\/tomajazz.com\/web\/wp-content\/uploads\/2026\/04\/Dave-Holland-Vital-Spark-Music-of-Kenny-Wheeler-Edition-Records-2026.jpg?resize=350%2C200&ssl=1 1x, https:\/\/i0.wp.com\/tomajazz.com\/web\/wp-content\/uploads\/2026\/04\/Dave-Holland-Vital-Spark-Music-of-Kenny-Wheeler-Edition-Records-2026.jpg?resize=525%2C300&ssl=1 1.5x, https:\/\/i0.wp.com\/tomajazz.com\/web\/wp-content\/uploads\/2026\/04\/Dave-Holland-Vital-Spark-Music-of-Kenny-Wheeler-Edition-Records-2026.jpg?resize=700%2C400&ssl=1 2x"},"classes":[]}],"_links":{"self":[{"href":"https:\/\/tomajazz.com\/web\/wp-json\/wp\/v2\/posts\/6976","targetHints":{"allow":["GET"]}}],"collection":[{"href":"https:\/\/tomajazz.com\/web\/wp-json\/wp\/v2\/posts"}],"about":[{"href":"https:\/\/tomajazz.com\/web\/wp-json\/wp\/v2\/types\/post"}],"author":[{"embeddable":true,"href":"https:\/\/tomajazz.com\/web\/wp-json\/wp\/v2\/users\/1"}],"replies":[{"embeddable":true,"href":"https:\/\/tomajazz.com\/web\/wp-json\/wp\/v2\/comments?post=6976"}],"version-history":[{"count":2,"href":"https:\/\/tomajazz.com\/web\/wp-json\/wp\/v2\/posts\/6976\/revisions"}],"predecessor-version":[{"id":7000,"href":"https:\/\/tomajazz.com\/web\/wp-json\/wp\/v2\/posts\/6976\/revisions\/7000"}],"wp:attachment":[{"href":"https:\/\/tomajazz.com\/web\/wp-json\/wp\/v2\/media?parent=6976"}],"wp:term":[{"taxonomy":"category","embeddable":true,"href":"https:\/\/tomajazz.com\/web\/wp-json\/wp\/v2\/categories?post=6976"},{"taxonomy":"post_tag","embeddable":true,"href":"https:\/\/tomajazz.com\/web\/wp-json\/wp\/v2\/tags?post=6976"}],"curies":[{"name":"wp","href":"https:\/\/api.w.org\/{rel}","templated":true}]}}