{"id":7084,"date":"2013-06-28T11:00:21","date_gmt":"2013-06-28T09:00:21","guid":{"rendered":"http:\/\/www.tomajazz.com\/web\/?p=7084"},"modified":"2016-11-13T21:28:36","modified_gmt":"2016-11-13T20:28:36","slug":"tomajazz-recupera-vijay-iyer-entrevista-por-juan-antonio-rico","status":"publish","type":"post","link":"https:\/\/tomajazz.com\/web\/tomajazz-recupera-vijay-iyer-entrevista-por-juan-antonio-rico\/","title":{"rendered":"Tomajazz recupera&#8230; Vijay Iyer. Entrevista por Juan Antonio Rico"},"content":{"rendered":"<p style=\"text-align: left;\"><a href=\"http:\/\/www.tomajazz.com\/web\/?attachment_id=6579\" rel=\"attachment wp-att-6579\"><img loading=\"lazy\" decoding=\"async\" class=\"alignleft size-full wp-image-6579\" alt=\"Vijay Iyer, photo by Sergio Cabanillas\" src=\"http:\/\/www.tomajazz.com\/web\/wp-content\/uploads\/2013\/05\/vijay_iyer_5854.jpg\" width=\"300\" height=\"200\" title=\"\" srcset=\"https:\/\/tomajazz.com\/web\/wp-content\/uploads\/2013\/05\/vijay_iyer_5854.jpg 300w, https:\/\/tomajazz.com\/web\/wp-content\/uploads\/2013\/05\/vijay_iyer_5854-150x100.jpg 150w, https:\/\/tomajazz.com\/web\/wp-content\/uploads\/2013\/05\/vijay_iyer_5854-82x55.jpg 82w, https:\/\/tomajazz.com\/web\/wp-content\/uploads\/2013\/05\/vijay_iyer_5854-60x40.jpg 60w, https:\/\/tomajazz.com\/web\/wp-content\/uploads\/2013\/05\/vijay_iyer_5854-120x80.jpg 120w\" sizes=\"auto, (max-width: 300px) 100vw, 300px\" \/><\/a>JUAN ANTONIO RICO: Esto nos lleva a una pregunta que ten\u00eda pensada para m\u00e1s adelante: qu\u00e9 es el jazz en 2012, un concepto que parece abarcar \u00e1reas cada vez m\u00e1s amplias.<\/p>\n<p style=\"text-align: left;\">VIJAY IYER: Pienso en el jazz como una comunidad con ciertos valores y una tradici\u00f3n com\u00fan, m\u00e1s que en un estilo o un g\u00e9nero. En los \u00faltimos cincuenta a\u00f1os han pasado tantas cosas\u2026 Pienso en lo que ha hecho Ornette [Coleman], y [Anthony] Braxton, e incluso gente con la que he colaborado, Steve Coleman, Roscoe Mitchell,\u2026 Han abierto nuevos caminos, han ido m\u00e1s all\u00e1 de lo que hab\u00eda. No, el jazz no es solo una categor\u00eda.<\/p>\n<p>Leer:\u00a0<a title=\"Vijay Iyer. Entrevista por Juan Antonio Rico\" href=\"http:\/\/www.tomajazz.com\/web\/?p=6574\"><strong>Vijay Iyer. Entrevista por Juan Antonio Rico<\/strong><\/a><\/p>\n","protected":false},"excerpt":{"rendered":"<p>JUAN ANTONIO RICO: Esto nos lleva a una pregunta que ten\u00eda pensada para m\u00e1s adelante: qu\u00e9 es el jazz en 2012, un concepto que parece abarcar \u00e1reas cada vez m\u00e1s amplias. VIJAY IYER: Pienso en el jazz como una comunidad con ciertos valores y una tradici\u00f3n com\u00fan, m\u00e1s que en<span class=\"more-link\"><a href=\"https:\/\/tomajazz.com\/web\/tomajazz-recupera-vijay-iyer-entrevista-por-juan-antonio-rico\/\">Contin\u00faa leyendo<\/a><\/span><\/p>\n","protected":false},"author":1,"featured_media":6579,"comment_status":"open","ping_status":"closed","sticky":false,"template":"","format":"standard","meta":{"jetpack_post_was_ever_published":false,"_jetpack_newsletter_access":"","_jetpack_dont_email_post_to_subs":true,"_jetpack_newsletter_tier_id":0,"_jetpack_memberships_contains_paywalled_content":false,"_jetpack_memberships_contains_paid_content":false,"footnotes":""},"categories":[17850,78,15537,9,15517,1038,6669],"tags":[6646,6648,6645,1099,6647,187,6650,6649,16099,16100,1230],"class_list":["entry","author-pachi","post-7084","post","type-post","status-publish","format-standard","has-post-thumbnail","category-sergio-cabanillas","category-afondo","category-entrevistas","category-perfiles","category-textos","category-contenidos","category-tomajazz-recupera","tag-diego-ortega","tag-fieldwork","tag-juan-antonio-rico","tag-marcus-gilmore","tag-rudresh-mahanthappa","tag-sergio-cabanillas","tag-stephan-crup","tag-steve-lehman","tag-toma-jazz","tag-tomajazz-toma-jazz","tag-vijay-iyer"],"jetpack_featured_media_url":"https:\/\/tomajazz.com\/web\/wp-content\/uploads\/2013\/05\/vijay_iyer_5854.jpg","jetpack_likes_enabled":true,"jetpack_sharing_enabled":true,"jetpack-related-posts":[{"id":6574,"url":"https:\/\/tomajazz.com\/web\/vijay-iyer-entrevista-por-juan-antonio-rico\/","url_meta":{"origin":7084,"position":0},"title":"Vijay Iyer [Entrevista de jazz] Por Juan Antonio Rico","author":"Sergio Cabanillas","date":"26 mayo, 2012","format":false,"excerpt":"Juan Antonio Rico entrevist\u00f3 al pianista Vijay Iyer.","rel":"","context":"En \u00ab*_Juan Antonio Rico\u00bb","block_context":{"text":"*_Juan Antonio Rico","link":"https:\/\/tomajazz.com\/web\/category\/_juan-antonio-rico\/"},"img":{"alt_text":"Vijay Iyer, photo by Sergio Cabanillas","src":"https:\/\/i0.wp.com\/www.tomajazz.com\/web\/wp-content\/uploads\/2013\/05\/vijay_iyer_5854.jpg?resize=350%2C200","width":350,"height":200},"classes":[]},{"id":385,"url":"https:\/\/tomajazz.com\/web\/vijay-iyer-piano-solo\/","url_meta":{"origin":7084,"position":1},"title":"Vijay Iyer \u00abpiano solo\u00bb. \u201cLa universalidad del jazz fuente de renovaci\u00f3n y futuro\u201d. 19\u00ba Ciclo Jazz es Primavera-II Festival Eurojazz 2011. Ellas crean. C.M.U. San Juan Evangelista (Madrid).","author":"Autor1","date":"26 marzo, 2011","format":false,"excerpt":"La \u00faltima vez que Vijay Iyer pis\u00f3 el escenario del Johnny fue acompa\u00f1ando al grupo de Wadada Leo Smith hace dos a\u00f1os. En aquella ocasi\u00f3n lo pudimos ver haciendo sus aportaciones con el Fender Rhodes, pero la s\u00f3lida personalidad del l\u00edder (y del conjunto) en cierta forma contribuy\u00f3 a que\u2026","rel":"","context":"En \u00abConciertos...\u00bb","block_context":{"text":"Conciertos...","link":"https:\/\/tomajazz.com\/web\/category\/contenidos\/textos\/conciertos\/"},"img":{"alt_text":"","src":"https:\/\/i0.wp.com\/www.tomajazz.com\/web\/wp-content\/uploads\/2011\/03\/vijay_iyer.jpg?resize=350%2C200","width":350,"height":200},"classes":[]},{"id":54693,"url":"https:\/\/tomajazz.com\/web\/vijay-iyer-tyshawn-sorey-linda-may-han-oh-uneasy-ecm-2021-grabacion-de-jazz-por-rudy-de-juana\/","url_meta":{"origin":7084,"position":2},"title":"Vijay Iyer, Tyshawn Sorey, Linda May Han Oh: Uneasy (ECM, 2021) [Grabaci\u00f3n de jazz] Por Rudy de Juana","author":"Tomajazz","date":"17 mayo, 2021","format":false,"excerpt":"Rudy de Juana repasa \"Uneasy\" (ECM), la nueva grabaci\u00f3n del nuevo tr\u00edo del pianista Vijay Iyer.","rel":"","context":"En \u00abTextos\u00bb","block_context":{"text":"Textos","link":"https:\/\/tomajazz.com\/web\/category\/contenidos\/textos\/"},"img":{"alt_text":"","src":"https:\/\/i0.wp.com\/tomajazz.com\/web\/wp-content\/uploads\/2021\/05\/Vijay-Iyer_Uneasy.jpg?resize=350%2C200&ssl=1","width":350,"height":200,"srcset":"https:\/\/i0.wp.com\/tomajazz.com\/web\/wp-content\/uploads\/2021\/05\/Vijay-Iyer_Uneasy.jpg?resize=350%2C200&ssl=1 1x, https:\/\/i0.wp.com\/tomajazz.com\/web\/wp-content\/uploads\/2021\/05\/Vijay-Iyer_Uneasy.jpg?resize=525%2C300&ssl=1 1.5x, https:\/\/i0.wp.com\/tomajazz.com\/web\/wp-content\/uploads\/2021\/05\/Vijay-Iyer_Uneasy.jpg?resize=700%2C400&ssl=1 2x"},"classes":[]},{"id":32304,"url":"https:\/\/tomajazz.com\/web\/hdo-312-vijay-iyer-nate-wooley-tim-berne-de-voces-personales-y-de-lo-mejor-de-2017-podcast\/","url_meta":{"origin":7084,"position":3},"title":"HDO 312. Vijay Iyer, Nate Wooley, Tim Berne: de voces personales (y de lo mejor de 2017) [Podcast]","author":"Tomajazz","date":"20 septiembre, 2017","format":false,"excerpt":"Tres voces personales en la entrega 312 con tres grabaciones reci\u00e9n estrenadas, y todas ellas m\u00e1s que recomendables, puesto que es muy elevado el grado de verosimilitud de que las tres est\u00e9n entre lo mejor del a\u00f1o 2017 en esas listas que comenzar\u00e1n a aparecer unos meses antes del final\u2026","rel":"","context":"En \u00ab*_Pachi Tapiz\u00bb","block_context":{"text":"*_Pachi Tapiz","link":"https:\/\/tomajazz.com\/web\/category\/pachi-tapiz\/"},"img":{"alt_text":"","src":"https:\/\/i0.wp.com\/tomajazz.com\/web\/wp-content\/uploads\/2017\/09\/Tim-Bernes-Snakeoil_Incidentals_ECM_2017-e1505843271619.jpg?resize=350%2C200&ssl=1","width":350,"height":200,"srcset":"https:\/\/i0.wp.com\/tomajazz.com\/web\/wp-content\/uploads\/2017\/09\/Tim-Bernes-Snakeoil_Incidentals_ECM_2017-e1505843271619.jpg?resize=350%2C200&ssl=1 1x, https:\/\/i0.wp.com\/tomajazz.com\/web\/wp-content\/uploads\/2017\/09\/Tim-Bernes-Snakeoil_Incidentals_ECM_2017-e1505843271619.jpg?resize=525%2C300&ssl=1 1.5x"},"classes":[]},{"id":60563,"url":"https:\/\/tomajazz.com\/web\/instantzz-vijay-iyer-trio-uneasy-53e-festival-de-jazz-de-barcelona-conservatori-del-liceu-barcelona-2021-11-08-iv-xiii-galeria-fotografica-aka-fotoblog-de-jazz-impro\/","url_meta":{"origin":7084,"position":4},"title":"INSTANTZZ: Vijay Iyer Trio \u201cUneasy\u201d (53\u00e8 Festival de Jazz de Barcelona \/ Conservatori del Liceu, Barcelona. 2021-11-08) (IV\/XIII) [Galer\u00eda fotogr\u00e1fica AKA Fotoblog de jazz, impro\u2026 y algo m\u00e1s] Por Joan Cort\u00e8s","author":"Tomajazz","date":"25 enero, 2022","format":false,"excerpt":"En INSTANTZZ una galer\u00eda fotogr\u00e1fica de Joan Cort\u00e8s con la actuaci\u00f3n de Vijay Iyer Trio \"Uneasy\" en la edici\u00f3n 53\u00aa del Festival de Jazz de Barcelona.","rel":"","context":"En \u00abINSTANTZZ\u00bb","block_context":{"text":"INSTANTZZ","link":"https:\/\/tomajazz.com\/web\/category\/contenidos\/imagenes\/photoblogs\/instantzz\/"},"img":{"alt_text":"INSTANTZZ: Vijay Iyer Trio \u201cUneasy\u201d (53\u00e8 Festival de Jazz de Barcelona \/ Conservatori del Liceu, Barcelona. 2021-11-08) (IV\/XIII) [Galer\u00eda fotogr\u00e1fica AKA Fotoblog de jazz, impro\u2026 y algo m\u00e1s] Por Joan Cort\u00e8s","src":"https:\/\/i0.wp.com\/tomajazz.com\/web\/wp-content\/uploads\/2022\/01\/09_Vjy-yr-Tr-Joan-Cortes_08nov21_Cnsrvtr-Lc_53FJBcn.jpg?resize=350%2C200&ssl=1","width":350,"height":200},"classes":[]},{"id":56280,"url":"https:\/\/tomajazz.com\/web\/jazzx5235-vijay-iyer-tyshawn-sorey-linda-may-han-oh-drummers-song-uneasy-ecm-2021-minipodcast-por-pachi-tapiz\/","url_meta":{"origin":7084,"position":5},"title":"JazzX5#235. Vijay Iyer, Tyshawn Sorey, Linda May Han Oh: \u00abDrummer&#8217;s Song\u00bb [Uneasy (ECM, 2021)] [Minipodcast] Por Pachi Tapiz","author":"Tomajazz","date":"9 agosto, 2021","format":false,"excerpt":"En JazzX5 la composici\u00f3n de Geri Allen \"Drummer's Song\" interpretada por el tr\u00edo formado por Vijay Iyer, Tyshawn Sorey, Linda May Han Oh que aparece en la grabaci\u00f3n Uneasy (ECM, 2021)","rel":"","context":"En \u00ab*_Pachi Tapiz\u00bb","block_context":{"text":"*_Pachi Tapiz","link":"https:\/\/tomajazz.com\/web\/category\/pachi-tapiz\/"},"img":{"alt_text":"","src":"https:\/\/i0.wp.com\/tomajazz.com\/web\/wp-content\/uploads\/2021\/08\/JazzX5_235.jpg?resize=350%2C200&ssl=1","width":350,"height":200,"srcset":"https:\/\/i0.wp.com\/tomajazz.com\/web\/wp-content\/uploads\/2021\/08\/JazzX5_235.jpg?resize=350%2C200&ssl=1 1x, https:\/\/i0.wp.com\/tomajazz.com\/web\/wp-content\/uploads\/2021\/08\/JazzX5_235.jpg?resize=525%2C300&ssl=1 1.5x, https:\/\/i0.wp.com\/tomajazz.com\/web\/wp-content\/uploads\/2021\/08\/JazzX5_235.jpg?resize=700%2C400&ssl=1 2x"},"classes":[]}],"_links":{"self":[{"href":"https:\/\/tomajazz.com\/web\/wp-json\/wp\/v2\/posts\/7084","targetHints":{"allow":["GET"]}}],"collection":[{"href":"https:\/\/tomajazz.com\/web\/wp-json\/wp\/v2\/posts"}],"about":[{"href":"https:\/\/tomajazz.com\/web\/wp-json\/wp\/v2\/types\/post"}],"author":[{"embeddable":true,"href":"https:\/\/tomajazz.com\/web\/wp-json\/wp\/v2\/users\/1"}],"replies":[{"embeddable":true,"href":"https:\/\/tomajazz.com\/web\/wp-json\/wp\/v2\/comments?post=7084"}],"version-history":[{"count":4,"href":"https:\/\/tomajazz.com\/web\/wp-json\/wp\/v2\/posts\/7084\/revisions"}],"predecessor-version":[{"id":9541,"href":"https:\/\/tomajazz.com\/web\/wp-json\/wp\/v2\/posts\/7084\/revisions\/9541"}],"wp:featuredmedia":[{"embeddable":true,"href":"https:\/\/tomajazz.com\/web\/wp-json\/wp\/v2\/media\/6579"}],"wp:attachment":[{"href":"https:\/\/tomajazz.com\/web\/wp-json\/wp\/v2\/media?parent=7084"}],"wp:term":[{"taxonomy":"category","embeddable":true,"href":"https:\/\/tomajazz.com\/web\/wp-json\/wp\/v2\/categories?post=7084"},{"taxonomy":"post_tag","embeddable":true,"href":"https:\/\/tomajazz.com\/web\/wp-json\/wp\/v2\/tags?post=7084"}],"curies":[{"name":"wp","href":"https:\/\/api.w.org\/{rel}","templated":true}]}}