{"id":71453,"date":"2023-02-25T12:00:05","date_gmt":"2023-02-25T11:00:05","guid":{"rendered":"https:\/\/www.tomajazz.com\/web\/?p=71453"},"modified":"2023-02-25T10:10:37","modified_gmt":"2023-02-25T09:10:37","slug":"flavio-boltro-fabio-giachino-barcelona-2022","status":"publish","type":"post","link":"https:\/\/tomajazz.com\/web\/flavio-boltro-fabio-giachino-barcelona-2022\/","title":{"rendered":"Flavio Boltro &#038; Fabio Giachino (Milano Jazz Club, 2022-12-28. Barcelona) Por Joan Cort\u00e8s [INSTANTZZ AKA Galer\u00eda fotogr\u00e1fica AKA Fotoblog de jazz, impro\u2026 y algo m\u00e1s]"},"content":{"rendered":"<h3><strong>Flavio Boltro &amp; Fabio Giachino<\/strong><\/h3>\n<ul>\n<li>Fecha: Mi\u00e9rcoles, 28 de diciembre de 2022<\/li>\n<li>Lugar: Milano Jazz Club (Barcelona)<\/li>\n<li>Componentes:<br \/>\nFlavio Boltro, trompeta<br \/>\nFabio Giachino, piano<br \/>\nMauro Battisti, contrabajo -invitado especial en la parte final-<\/li>\n<\/ul>\n<p style=\"text-align: center;\"><img loading=\"lazy\" decoding=\"async\" class=\"aligncenter size-full wp-image-71454\" src=\"https:\/\/tomajazz.com\/web\/wp-content\/uploads\/2023\/02\/01_Flv-Bltr-Fv-Gchn-\u00a9Joan-Cortes_28des22_Mln-Jzz-Clb_Bcn_bn-copia.jpg\" alt=\"\" width=\"600\" height=\"399\" title=\"\" srcset=\"https:\/\/tomajazz.com\/web\/wp-content\/uploads\/2023\/02\/01_Flv-Bltr-Fv-Gchn-\u00a9Joan-Cortes_28des22_Mln-Jzz-Clb_Bcn_bn-copia.jpg 600w, https:\/\/tomajazz.com\/web\/wp-content\/uploads\/2023\/02\/01_Flv-Bltr-Fv-Gchn-\u00a9Joan-Cortes_28des22_Mln-Jzz-Clb_Bcn_bn-copia-300x200.jpg 300w, https:\/\/tomajazz.com\/web\/wp-content\/uploads\/2023\/02\/01_Flv-Bltr-Fv-Gchn-\u00a9Joan-Cortes_28des22_Mln-Jzz-Clb_Bcn_bn-copia-465x309.jpg 465w\" sizes=\"auto, (max-width: 600px) 100vw, 600px\" \/> <img loading=\"lazy\" decoding=\"async\" class=\"aligncenter size-large wp-image-71455\" src=\"https:\/\/tomajazz.com\/web\/wp-content\/uploads\/2023\/02\/02_Flv-Bltr-Fv-Gchn-\u00a9Joan-Cortes_28des22_Mln-Jzz-Clb_Bcn_bn-copia.jpg\" alt=\"\" width=\"399\" height=\"600\" title=\"\" srcset=\"https:\/\/tomajazz.com\/web\/wp-content\/uploads\/2023\/02\/02_Flv-Bltr-Fv-Gchn-\u00a9Joan-Cortes_28des22_Mln-Jzz-Clb_Bcn_bn-copia.jpg 399w, https:\/\/tomajazz.com\/web\/wp-content\/uploads\/2023\/02\/02_Flv-Bltr-Fv-Gchn-\u00a9Joan-Cortes_28des22_Mln-Jzz-Clb_Bcn_bn-copia-200x300.jpg 200w, https:\/\/tomajazz.com\/web\/wp-content\/uploads\/2023\/02\/02_Flv-Bltr-Fv-Gchn-\u00a9Joan-Cortes_28des22_Mln-Jzz-Clb_Bcn_bn-copia-366x550.jpg 366w, https:\/\/tomajazz.com\/web\/wp-content\/uploads\/2023\/02\/02_Flv-Bltr-Fv-Gchn-\u00a9Joan-Cortes_28des22_Mln-Jzz-Clb_Bcn_bn-copia-333x500.jpg 333w\" sizes=\"auto, (max-width: 399px) 100vw, 399px\" \/> <img loading=\"lazy\" decoding=\"async\" class=\"aligncenter size-large wp-image-71456\" src=\"https:\/\/tomajazz.com\/web\/wp-content\/uploads\/2023\/02\/03_Flv-Bltr-Fv-Gchn-\u00a9Joan-Cortes_28des22_Mln-Jzz-Clb_Bcn_bn-copia.jpg\" alt=\"\" width=\"600\" height=\"399\" title=\"\" srcset=\"https:\/\/tomajazz.com\/web\/wp-content\/uploads\/2023\/02\/03_Flv-Bltr-Fv-Gchn-\u00a9Joan-Cortes_28des22_Mln-Jzz-Clb_Bcn_bn-copia.jpg 600w, https:\/\/tomajazz.com\/web\/wp-content\/uploads\/2023\/02\/03_Flv-Bltr-Fv-Gchn-\u00a9Joan-Cortes_28des22_Mln-Jzz-Clb_Bcn_bn-copia-300x200.jpg 300w, https:\/\/tomajazz.com\/web\/wp-content\/uploads\/2023\/02\/03_Flv-Bltr-Fv-Gchn-\u00a9Joan-Cortes_28des22_Mln-Jzz-Clb_Bcn_bn-copia-465x309.jpg 465w\" sizes=\"auto, (max-width: 600px) 100vw, 600px\" \/> <img loading=\"lazy\" decoding=\"async\" class=\"aligncenter size-large wp-image-71457\" src=\"https:\/\/tomajazz.com\/web\/wp-content\/uploads\/2023\/02\/04_Flv-Bltr-Fv-Gchn-\u00a9Joan-Cortes_28des22_Mln-Jzz-Clb_Bcn_bn-copia.jpg\" alt=\"\" width=\"399\" height=\"600\" title=\"\" srcset=\"https:\/\/tomajazz.com\/web\/wp-content\/uploads\/2023\/02\/04_Flv-Bltr-Fv-Gchn-\u00a9Joan-Cortes_28des22_Mln-Jzz-Clb_Bcn_bn-copia.jpg 399w, https:\/\/tomajazz.com\/web\/wp-content\/uploads\/2023\/02\/04_Flv-Bltr-Fv-Gchn-\u00a9Joan-Cortes_28des22_Mln-Jzz-Clb_Bcn_bn-copia-200x300.jpg 200w, https:\/\/tomajazz.com\/web\/wp-content\/uploads\/2023\/02\/04_Flv-Bltr-Fv-Gchn-\u00a9Joan-Cortes_28des22_Mln-Jzz-Clb_Bcn_bn-copia-366x550.jpg 366w, https:\/\/tomajazz.com\/web\/wp-content\/uploads\/2023\/02\/04_Flv-Bltr-Fv-Gchn-\u00a9Joan-Cortes_28des22_Mln-Jzz-Clb_Bcn_bn-copia-333x500.jpg 333w\" sizes=\"auto, (max-width: 399px) 100vw, 399px\" \/> <img loading=\"lazy\" decoding=\"async\" class=\"aligncenter size-large wp-image-71458\" src=\"https:\/\/tomajazz.com\/web\/wp-content\/uploads\/2023\/02\/05_Flv-Bltr-Fv-Gchn-\u00a9Joan-Cortes_28des22_Mln-Jzz-Clb_Bcn-copia.jpg\" alt=\"\" width=\"600\" height=\"399\" title=\"\" srcset=\"https:\/\/tomajazz.com\/web\/wp-content\/uploads\/2023\/02\/05_Flv-Bltr-Fv-Gchn-\u00a9Joan-Cortes_28des22_Mln-Jzz-Clb_Bcn-copia.jpg 600w, https:\/\/tomajazz.com\/web\/wp-content\/uploads\/2023\/02\/05_Flv-Bltr-Fv-Gchn-\u00a9Joan-Cortes_28des22_Mln-Jzz-Clb_Bcn-copia-300x200.jpg 300w, https:\/\/tomajazz.com\/web\/wp-content\/uploads\/2023\/02\/05_Flv-Bltr-Fv-Gchn-\u00a9Joan-Cortes_28des22_Mln-Jzz-Clb_Bcn-copia-465x309.jpg 465w\" sizes=\"auto, (max-width: 600px) 100vw, 600px\" \/> <img loading=\"lazy\" decoding=\"async\" class=\"aligncenter size-large wp-image-71459\" src=\"https:\/\/tomajazz.com\/web\/wp-content\/uploads\/2023\/02\/06_Flv-Bltr-Fv-Gchn-\u00a9Joan-Cortes_28des22_Mln-Jzz-Clb_Bcn_bn-copia.jpg\" alt=\"\" width=\"600\" height=\"399\" title=\"\" srcset=\"https:\/\/tomajazz.com\/web\/wp-content\/uploads\/2023\/02\/06_Flv-Bltr-Fv-Gchn-\u00a9Joan-Cortes_28des22_Mln-Jzz-Clb_Bcn_bn-copia.jpg 600w, https:\/\/tomajazz.com\/web\/wp-content\/uploads\/2023\/02\/06_Flv-Bltr-Fv-Gchn-\u00a9Joan-Cortes_28des22_Mln-Jzz-Clb_Bcn_bn-copia-300x200.jpg 300w, https:\/\/tomajazz.com\/web\/wp-content\/uploads\/2023\/02\/06_Flv-Bltr-Fv-Gchn-\u00a9Joan-Cortes_28des22_Mln-Jzz-Clb_Bcn_bn-copia-465x309.jpg 465w\" sizes=\"auto, (max-width: 600px) 100vw, 600px\" \/> <img loading=\"lazy\" decoding=\"async\" class=\"aligncenter size-large wp-image-71460\" src=\"https:\/\/tomajazz.com\/web\/wp-content\/uploads\/2023\/02\/07_Flv-Bltr-Fv-Gchn-\u00a9Joan-Cortes_28des22_Mln-Jzz-Clb_Bcn_bn-copia.jpg\" alt=\"\" width=\"399\" height=\"600\" title=\"\" srcset=\"https:\/\/tomajazz.com\/web\/wp-content\/uploads\/2023\/02\/07_Flv-Bltr-Fv-Gchn-\u00a9Joan-Cortes_28des22_Mln-Jzz-Clb_Bcn_bn-copia.jpg 399w, https:\/\/tomajazz.com\/web\/wp-content\/uploads\/2023\/02\/07_Flv-Bltr-Fv-Gchn-\u00a9Joan-Cortes_28des22_Mln-Jzz-Clb_Bcn_bn-copia-200x300.jpg 200w, https:\/\/tomajazz.com\/web\/wp-content\/uploads\/2023\/02\/07_Flv-Bltr-Fv-Gchn-\u00a9Joan-Cortes_28des22_Mln-Jzz-Clb_Bcn_bn-copia-366x550.jpg 366w, https:\/\/tomajazz.com\/web\/wp-content\/uploads\/2023\/02\/07_Flv-Bltr-Fv-Gchn-\u00a9Joan-Cortes_28des22_Mln-Jzz-Clb_Bcn_bn-copia-333x500.jpg 333w\" sizes=\"auto, (max-width: 399px) 100vw, 399px\" \/> <img loading=\"lazy\" decoding=\"async\" class=\"aligncenter size-large wp-image-71461\" src=\"https:\/\/tomajazz.com\/web\/wp-content\/uploads\/2023\/02\/08_Flv-Bltr-Fv-Gchn-\u00a9Joan-Cortes_28des22_Mln-Jzz-Clb_Bcn_bn-copia.jpg\" alt=\"\" width=\"399\" height=\"600\" title=\"\" srcset=\"https:\/\/tomajazz.com\/web\/wp-content\/uploads\/2023\/02\/08_Flv-Bltr-Fv-Gchn-\u00a9Joan-Cortes_28des22_Mln-Jzz-Clb_Bcn_bn-copia.jpg 399w, https:\/\/tomajazz.com\/web\/wp-content\/uploads\/2023\/02\/08_Flv-Bltr-Fv-Gchn-\u00a9Joan-Cortes_28des22_Mln-Jzz-Clb_Bcn_bn-copia-200x300.jpg 200w, https:\/\/tomajazz.com\/web\/wp-content\/uploads\/2023\/02\/08_Flv-Bltr-Fv-Gchn-\u00a9Joan-Cortes_28des22_Mln-Jzz-Clb_Bcn_bn-copia-366x550.jpg 366w, https:\/\/tomajazz.com\/web\/wp-content\/uploads\/2023\/02\/08_Flv-Bltr-Fv-Gchn-\u00a9Joan-Cortes_28des22_Mln-Jzz-Clb_Bcn_bn-copia-333x500.jpg 333w\" sizes=\"auto, (max-width: 399px) 100vw, 399px\" \/> <img loading=\"lazy\" decoding=\"async\" class=\"aligncenter size-large wp-image-71462\" src=\"https:\/\/tomajazz.com\/web\/wp-content\/uploads\/2023\/02\/09_Flv-Bltr-Fv-Gchn-\u00a9Joan-Cortes_28des22_Mln-Jzz-Clb_Bcn_bn.jpg\" alt=\"\" width=\"399\" height=\"600\" title=\"\" srcset=\"https:\/\/tomajazz.com\/web\/wp-content\/uploads\/2023\/02\/09_Flv-Bltr-Fv-Gchn-\u00a9Joan-Cortes_28des22_Mln-Jzz-Clb_Bcn_bn.jpg 399w, https:\/\/tomajazz.com\/web\/wp-content\/uploads\/2023\/02\/09_Flv-Bltr-Fv-Gchn-\u00a9Joan-Cortes_28des22_Mln-Jzz-Clb_Bcn_bn-200x300.jpg 200w, https:\/\/tomajazz.com\/web\/wp-content\/uploads\/2023\/02\/09_Flv-Bltr-Fv-Gchn-\u00a9Joan-Cortes_28des22_Mln-Jzz-Clb_Bcn_bn-366x550.jpg 366w, https:\/\/tomajazz.com\/web\/wp-content\/uploads\/2023\/02\/09_Flv-Bltr-Fv-Gchn-\u00a9Joan-Cortes_28des22_Mln-Jzz-Clb_Bcn_bn-333x500.jpg 333w\" sizes=\"auto, (max-width: 399px) 100vw, 399px\" \/> <img loading=\"lazy\" decoding=\"async\" class=\"aligncenter size-large wp-image-71463\" src=\"https:\/\/tomajazz.com\/web\/wp-content\/uploads\/2023\/02\/10_Flv-Bltr-Fv-Gchn-\u00a9Joan-Cortes_28des22_Mln-Jzz-Clb_Bcn_bn.jpg\" alt=\"\" width=\"600\" height=\"399\" title=\"\" srcset=\"https:\/\/tomajazz.com\/web\/wp-content\/uploads\/2023\/02\/10_Flv-Bltr-Fv-Gchn-\u00a9Joan-Cortes_28des22_Mln-Jzz-Clb_Bcn_bn.jpg 600w, https:\/\/tomajazz.com\/web\/wp-content\/uploads\/2023\/02\/10_Flv-Bltr-Fv-Gchn-\u00a9Joan-Cortes_28des22_Mln-Jzz-Clb_Bcn_bn-300x200.jpg 300w, https:\/\/tomajazz.com\/web\/wp-content\/uploads\/2023\/02\/10_Flv-Bltr-Fv-Gchn-\u00a9Joan-Cortes_28des22_Mln-Jzz-Clb_Bcn_bn-465x309.jpg 465w\" sizes=\"auto, (max-width: 600px) 100vw, 600px\" \/> <img loading=\"lazy\" decoding=\"async\" class=\"aligncenter size-large wp-image-71464\" src=\"https:\/\/tomajazz.com\/web\/wp-content\/uploads\/2023\/02\/11_Flv-Bltr-Fv-Gchn-\u00a9Joan-Cortes_28des22_Mln-Jzz-Clb_Bcn_bn.jpg\" alt=\"\" width=\"399\" height=\"600\" title=\"\" srcset=\"https:\/\/tomajazz.com\/web\/wp-content\/uploads\/2023\/02\/11_Flv-Bltr-Fv-Gchn-\u00a9Joan-Cortes_28des22_Mln-Jzz-Clb_Bcn_bn.jpg 399w, https:\/\/tomajazz.com\/web\/wp-content\/uploads\/2023\/02\/11_Flv-Bltr-Fv-Gchn-\u00a9Joan-Cortes_28des22_Mln-Jzz-Clb_Bcn_bn-200x300.jpg 200w, https:\/\/tomajazz.com\/web\/wp-content\/uploads\/2023\/02\/11_Flv-Bltr-Fv-Gchn-\u00a9Joan-Cortes_28des22_Mln-Jzz-Clb_Bcn_bn-366x550.jpg 366w, https:\/\/tomajazz.com\/web\/wp-content\/uploads\/2023\/02\/11_Flv-Bltr-Fv-Gchn-\u00a9Joan-Cortes_28des22_Mln-Jzz-Clb_Bcn_bn-333x500.jpg 333w\" sizes=\"auto, (max-width: 399px) 100vw, 399px\" \/><\/p>\n<p style=\"text-align: right;\">Tomajazz: \u00a9 <a href=\"https:\/\/www.facebook.com\/joan.cortesbenages\" target=\"_blank\" rel=\"noopener\"><strong>Joan Cort\u00e8s<\/strong><\/a>, 2023<\/p>\n<h4>M\u00e1s informaci\u00f3n<\/h4>\n<p><a href=\"https:\/\/www.facebook.com\/FlavioBoltromusic\/\" target=\"_blank\" rel=\"noopener\">https:\/\/www.facebook.com\/FlavioBoltromusic\/<\/a><\/p>\n<p><a href=\"https:\/\/www.fabiogiachino.com\/\" target=\"_blank\" rel=\"noopener\">https:\/\/www.fabiogiachino.com\/<\/a><\/p>\n<p><a href=\"https:\/\/tomajazz.com\/web\/?s=Flavio+Boltro+&amp;submit=Search\" target=\"_blank\" rel=\"noopener\">https:\/\/tomajazz.com\/web\/?s=Flavio+Boltro+&amp;submit=Search<\/a><\/p>\n<p><a href=\"https:\/\/tomajazz.com\/web\/?s=Fabio+Giachino&amp;submit=Search\" target=\"_blank\" rel=\"noopener\">https:\/\/tomajazz.com\/web\/?s=Fabio+Giachino&amp;submit=Search<\/a><\/p>\n<h4>Joan Cort\u00e8s en Tomajazz<\/h4>\n<p><a href=\"https:\/\/tomajazz.com\/web\/?cat=17853\" target=\"_blank\" rel=\"noopener\">https:\/\/tomajazz.com\/web\/?cat=17853<\/a><\/p>\n","protected":false},"excerpt":{"rendered":"<p>Flavio Boltro y Fabio Giachino actuaron en Milano Jazz Club de Barcelona, en diciembre de 2022. Joan Cort\u00e8s los retrata en INSTANTZZ.<span class=\"more-link\"><a href=\"https:\/\/tomajazz.com\/web\/flavio-boltro-fabio-giachino-barcelona-2022\/\">Contin\u00faa leyendo<\/a><\/span><\/p>\n","protected":false},"author":1,"featured_media":71459,"comment_status":"open","ping_status":"closed","sticky":false,"template":"","format":"standard","meta":{"jetpack_post_was_ever_published":false,"_jetpack_newsletter_access":"","_jetpack_dont_email_post_to_subs":false,"_jetpack_newsletter_tier_id":0,"_jetpack_memberships_contains_paywalled_content":false,"_jetpack_memberships_contains_paid_content":false,"footnotes":""},"categories":[11261,17853,11262,15516,1038],"tags":[28437,26793,28436,1041,28438,28439],"class_list":["entry","author-pachi","has-excerpt","post-71453","post","type-post","status-publish","format-standard","has-post-thumbnail","category-instantzz","category-joan-cortes","category-photoblogs","category-imagenes","category-contenidos","tag-fabio-giachino","tag-flavio-boltro","tag-flavio-boltro-fabio-giachino","tag-joan-cortes","tag-mauro-battisti","tag-milano-jazz-club"],"jetpack_featured_media_url":"https:\/\/tomajazz.com\/web\/wp-content\/uploads\/2023\/02\/06_Flv-Bltr-Fv-Gchn-\u00a9Joan-Cortes_28des22_Mln-Jzz-Clb_Bcn_bn-copia.jpg","jetpack_likes_enabled":true,"jetpack_sharing_enabled":true,"jetpack-related-posts":[{"id":78077,"url":"https:\/\/tomajazz.com\/web\/milano-jazz-club-monografico-2023\/","url_meta":{"origin":71453,"position":0},"title":"Milano Jazz Club -monogr\u00e1fico ante su cierre- (Instantzz de actuaciones del 17-nov-22 al 14-ago-23. Barcelona) Por Joan Cort\u00e8s [INSTANTZZ AKA Galer\u00eda fotogr\u00e1fica AKA Fotoblog de jazz, impro\u2026 y algo m\u00e1s]","author":"Tomajazz","date":"5 septiembre, 2023","format":false,"excerpt":"Ante el cierre, si nada lo remedia, de Milano Jazz Club, dedicamos un monogr\u00e1fico de Joan Cort\u00e8s en Instantzz con im\u00e1genes de actuaciones entre los a\u00f1os 2022 y 2023.","rel":"","context":"En \u00abINSTANTZZ\u00bb","block_context":{"text":"INSTANTZZ","link":"https:\/\/tomajazz.com\/web\/category\/contenidos\/imagenes\/photoblogs\/instantzz\/"},"img":{"alt_text":"Milano Jazz Club -monogr\u00e1fico ante su cierre- (Instantzz de actuaciones del 17-nov-22 al 14-ago-23. Barcelona) Por Joan Cort\u00e8s [INSTANTZZ AKA Galer\u00eda fotogr\u00e1fica AKA Fotoblog de jazz, impro\u2026 y algo m\u00e1s] - Tomajazz 9.0 - Ante el cierre, si nada lo remedia, de Milano Jazz Club, dedicamos un monogr\u00e1fico de Joan Cort\u00e8s en Instantzz con im\u00e1genes de actuaciones entre los a\u00f1os 2022 y 2023.","src":"https:\/\/i0.wp.com\/tomajazz.com\/web\/wp-content\/uploads\/2023\/09\/07-Tm-Schs-Tr-Joan-Cortes-9mg23-Mln-Jzz-Clb-Bcn.jpg?resize=350%2C200&ssl=1","width":350,"height":200,"srcset":"https:\/\/i0.wp.com\/tomajazz.com\/web\/wp-content\/uploads\/2023\/09\/07-Tm-Schs-Tr-Joan-Cortes-9mg23-Mln-Jzz-Clb-Bcn.jpg?resize=350%2C200&ssl=1 1x, https:\/\/i0.wp.com\/tomajazz.com\/web\/wp-content\/uploads\/2023\/09\/07-Tm-Schs-Tr-Joan-Cortes-9mg23-Mln-Jzz-Clb-Bcn.jpg?resize=525%2C300&ssl=1 1.5x"},"classes":[]},{"id":62056,"url":"https:\/\/tomajazz.com\/web\/concert-homenatge-le-nuvole-di-pier-paolo-iii-jazz-palma-festival-2022-02-08-por-jose-luis-luna-rocafort-instantzz-aka-galeria-fotografica-aka-fotoblog-de-jazz-impro-y-algo-mas\/","url_meta":{"origin":71453,"position":1},"title":"Concert Homenatge \u00abLe Nuvole di Pier Paolo\u00bb (III Jazz Palma Festival. 2022-02-08) Por Jos\u00e9 Luis Luna Rocafort [INSTANTZZ AKA Galer\u00eda fotogr\u00e1fica AKA Fotoblog de jazz, impro\u2026 y algo m\u00e1s]","author":"Tomajazz","date":"18 marzo, 2022","format":false,"excerpt":"Le Nuvole di Pier Paolo, el homenaje a Pier Paolo Pasolini con Daniele Sepe, Flavio Boltro y Emilia Zamuner entre otros, protagonizan el INSTANTZZ de Jos\u00e9 Luis Luna Rocafort. La galer\u00eda fotogr\u00e1fica se tom\u00f3 en el III Jazz Palma Festival.","rel":"","context":"En \u00abINSTANTZZ\u00bb","block_context":{"text":"INSTANTZZ","link":"https:\/\/tomajazz.com\/web\/category\/contenidos\/imagenes\/photoblogs\/instantzz\/"},"img":{"alt_text":"Concert Homenatge \"Le Nuvole di Pier Paolo\" (III Jazz Palma Festival. 2022-02-08) Por Jos\u00e9 Luis Luna Rocafort [INSTANTZZ AKA Galer\u00eda fotogr\u00e1fica AKA Fotoblog de jazz, impro\u2026 y algo m\u00e1s]","src":"https:\/\/i0.wp.com\/tomajazz.com\/web\/wp-content\/uploads\/2022\/03\/002-7.jpg?resize=350%2C200&ssl=1","width":350,"height":200,"srcset":"https:\/\/i0.wp.com\/tomajazz.com\/web\/wp-content\/uploads\/2022\/03\/002-7.jpg?resize=350%2C200&ssl=1 1x, https:\/\/i0.wp.com\/tomajazz.com\/web\/wp-content\/uploads\/2022\/03\/002-7.jpg?resize=525%2C300&ssl=1 1.5x"},"classes":[]},{"id":104748,"url":"https:\/\/tomajazz.com\/web\/ivan-lewis-trio-jaca-club-de-jazz-2026\/","url_meta":{"origin":71453,"position":2},"title":"Iv\u00e1n Lewis Tr\u00edo \u201cLuces y sombras\u201d (Ciclo Jaca Club de Jazz 2026. Palacio de Congresos, Jaca. 2026-03-28) Por Fabio Galicia [INSTANTZZ AKA Galer\u00eda fotogr\u00e1fica AKA Fotoblog de jazz, impro\u2026 y algo m\u00e1s]","author":"Tomajazz","date":"6 abril, 2026","format":false,"excerpt":"Iv\u00e1n Lewis Tr\u00edo \u201cLuces y sombras\u201d actu\u00f3 en el Ciclo Jaca Club de Jazz 2026, el 28 de marzo de 2026. Fabio Galicia lo retrata en INSTANTZZ. Actuaron Iv\u00e1n Lewis, Yandy Mart\u00ednez, Georvis Pico","rel":"","context":"En \u00abINSTANTZZ\u00bb","block_context":{"text":"INSTANTZZ","link":"https:\/\/tomajazz.com\/web\/category\/contenidos\/imagenes\/photoblogs\/instantzz\/"},"img":{"alt_text":"Iv\u00e1n Lewis Tr\u00edo \u201cLuces y sombras\u201d (Ciclo Jaca Club de Jazz 2026. Palacio de Congresos, Jaca. 2026-03-28) Por Fabio Galicia [INSTANTZZ AKA Galer\u00eda fotogr\u00e1fica AKA Fotoblog de jazz, impro\u2026 y algo m\u00e1s] - Tomajazz - Iv\u00e1n Lewis Tr\u00edo \u201cLuces y sombras\u201d actu\u00f3 en el Ciclo Jaca Club de Jazz 2026, el 28 de marzo de 2026. Fabio Galicia lo retrata en INSTANTZZ. Actuaron","src":"https:\/\/i0.wp.com\/tomajazz.com\/web\/wp-content\/uploads\/2026\/04\/260328-IVAN-LEWIS-9.jpg?resize=350%2C200&ssl=1","width":350,"height":200,"srcset":"https:\/\/i0.wp.com\/tomajazz.com\/web\/wp-content\/uploads\/2026\/04\/260328-IVAN-LEWIS-9.jpg?resize=350%2C200&ssl=1 1x, https:\/\/i0.wp.com\/tomajazz.com\/web\/wp-content\/uploads\/2026\/04\/260328-IVAN-LEWIS-9.jpg?resize=525%2C300&ssl=1 1.5x, https:\/\/i0.wp.com\/tomajazz.com\/web\/wp-content\/uploads\/2026\/04\/260328-IVAN-LEWIS-9.jpg?resize=700%2C400&ssl=1 2x, https:\/\/i0.wp.com\/tomajazz.com\/web\/wp-content\/uploads\/2026\/04\/260328-IVAN-LEWIS-9.jpg?resize=1050%2C600&ssl=1 3x"},"classes":[]},{"id":104895,"url":"https:\/\/tomajazz.com\/web\/olga-pericet-jaca-2026\/","url_meta":{"origin":71453,"position":3},"title":"Olga Pericet \u201cBaile Sonoro\u201d (Palacio de Congresos, Jaca. 2026-03-28) Por Fabio Galicia [Flamencuras AKA INSTANTZZ AKA Galer\u00eda fotogr\u00e1fica AKA Fotoblog de jazz, impro\u2026 y algo m\u00e1s]","author":"Tomajazz","date":"15 abril, 2026","format":false,"excerpt":"Olga Pericet \u201cBaile Sonoro\u201d actu\u00f3 en el Palacio de Congresos de Jaca, el 28 de marzo de 2026. Fabio Galicia lo retrata en las Flamencuras de INSTANTZZ. Con Jos\u00e9 Manuel Le\u00f3n, Mercedes Cort\u00e9s, Olga Pericet","rel":"","context":"En \u00abFlamencuras\u00bb","block_context":{"text":"Flamencuras","link":"https:\/\/tomajazz.com\/web\/category\/contenidos\/imagenes\/photoblogs\/flamencuras\/"},"img":{"alt_text":"Olga Pericet \u201cBaile Sonoro\u201d (Palacio de Congresos, Jaca. 2026-03-28) Por Fabio Galicia [Flamencuras AKA INSTANTZZ AKA Galer\u00eda fotogr\u00e1fica AKA Fotoblog de jazz, impro\u2026 y algo m\u00e1s] - Tomajazz - Olga Pericet \u201cBaile Sonoro\u201d actu\u00f3 en el Palacio de Congresos de Jaca, el 28 de marzo de 2026. Fabio Galicia lo retrata en las Flamencuras de INSTANTZZ. Con Jos\u00e9 Manuel Le\u00f3n, Mercedes Cort\u00e9s, Olga Pericet\n","src":"https:\/\/i0.wp.com\/tomajazz.com\/web\/wp-content\/uploads\/2026\/04\/Olga-Pericet-29.jpg?resize=350%2C200&ssl=1","width":350,"height":200,"srcset":"https:\/\/i0.wp.com\/tomajazz.com\/web\/wp-content\/uploads\/2026\/04\/Olga-Pericet-29.jpg?resize=350%2C200&ssl=1 1x, https:\/\/i0.wp.com\/tomajazz.com\/web\/wp-content\/uploads\/2026\/04\/Olga-Pericet-29.jpg?resize=525%2C300&ssl=1 1.5x, https:\/\/i0.wp.com\/tomajazz.com\/web\/wp-content\/uploads\/2026\/04\/Olga-Pericet-29.jpg?resize=700%2C400&ssl=1 2x, https:\/\/i0.wp.com\/tomajazz.com\/web\/wp-content\/uploads\/2026\/04\/Olga-Pericet-29.jpg?resize=1050%2C600&ssl=1 3x"},"classes":[]},{"id":104681,"url":"https:\/\/tomajazz.com\/web\/abe-rabade-jaca-club-de-jazz-2026\/","url_meta":{"origin":71453,"position":4},"title":"Abe R\u00e1bade (Ciclo Jaca Club de Jazz 2026. Palacio de Congresos, Jaca. 2026-03-21) Por Fabio Galicia [INSTANTZZ AKA Galer\u00eda fotogr\u00e1fica AKA Fotoblog de jazz, impro\u2026 y algo m\u00e1s]","author":"Tomajazz","date":"3 abril, 2026","format":false,"excerpt":"Abe R\u00e1bade actu\u00f3 en el Ciclo Jaca Club de Jazz 2026, el 21 de marzo de 2026. Fabio Galicia lo retrata en INSTANTZZ. Actuaron Abe R\u00e1bade y Ariel Br\u00ednguez","rel":"","context":"En \u00abINSTANTZZ\u00bb","block_context":{"text":"INSTANTZZ","link":"https:\/\/tomajazz.com\/web\/category\/contenidos\/imagenes\/photoblogs\/instantzz\/"},"img":{"alt_text":"Abe R\u00e1bade (Ciclo Jaca Club de Jazz 2026. Palacio de Congresos, Jaca. 2026-03-21) Por Fabio Galicia [INSTANTZZ AKA Galer\u00eda fotogr\u00e1fica AKA Fotoblog de jazz, impro\u2026 y algo m\u00e1s] - Tomajazz - Abe R\u00e1bade actu\u00f3 en el Ciclo Jaca Club de Jazz 2026, el 21 de marzo de 2026. Fabio Galicia lo retrata en INSTANTZZ. Actuaron Abe R\u00e1bade y Ariel Br\u00ednguez","src":"https:\/\/i0.wp.com\/tomajazz.com\/web\/wp-content\/uploads\/2026\/04\/2603021-ABE-RABADE-12.jpg?resize=350%2C200&ssl=1","width":350,"height":200,"srcset":"https:\/\/i0.wp.com\/tomajazz.com\/web\/wp-content\/uploads\/2026\/04\/2603021-ABE-RABADE-12.jpg?resize=350%2C200&ssl=1 1x, https:\/\/i0.wp.com\/tomajazz.com\/web\/wp-content\/uploads\/2026\/04\/2603021-ABE-RABADE-12.jpg?resize=525%2C300&ssl=1 1.5x, https:\/\/i0.wp.com\/tomajazz.com\/web\/wp-content\/uploads\/2026\/04\/2603021-ABE-RABADE-12.jpg?resize=700%2C400&ssl=1 2x, https:\/\/i0.wp.com\/tomajazz.com\/web\/wp-content\/uploads\/2026\/04\/2603021-ABE-RABADE-12.jpg?resize=1050%2C600&ssl=1 3x"},"classes":[]},{"id":104436,"url":"https:\/\/tomajazz.com\/web\/juanma-trujillo-baldo-martinez-cdj25-2026\/","url_meta":{"origin":71453,"position":5},"title":"Juanma Trujillo &#038; Baldo Mart\u00ednez (25 aniversario Club de Jazz \/ Jamboree-01, 2026-02-14 \/ Barcelona) [I] Por Joan Cort\u00e8s [INSTANTZZ AKA Galer\u00eda fotogr\u00e1fica AKA Fotoblog de jazz, impro\u2026 y algo m\u00e1s]","author":"Tomajazz","date":"17 marzo, 2026","format":false,"excerpt":"Juanma Trujillo & Baldo Mart\u00ednez actuaron en Jamboree en el 25 aniversario de Club de Jazz. Joan Cort\u00e8s lo retrata en INSTANTZZ","rel":"","context":"En \u00ab*_Joan Cort\u00e8s\u00bb","block_context":{"text":"*_Joan Cort\u00e8s","link":"https:\/\/tomajazz.com\/web\/category\/joan-cortes\/"},"img":{"alt_text":"Juanma Trujillo & Baldo Mart\u00ednez (25 aniversario Club de Jazz \/ Jamboree-01, 2026-02-14 \/ Barcelona) [I] Por Joan Cort\u00e8s [INSTANTZZ AKA Galer\u00eda fotogr\u00e1fica AKA Fotoblog de jazz, impro\u2026 y algo m\u00e1s] - Tomajazz - Juanma Trujillo & Baldo Mart\u00ednez actuaron en Jamboree en el 25 aniversario de Club de Jazz. Joan Cort\u00e8s lo retrata en INSTANTZZ","src":"https:\/\/i0.wp.com\/tomajazz.com\/web\/wp-content\/uploads\/2026\/03\/destacada-11-Jnm-Trjll-Bld-Mrtnz-Photo-by-Joan-Cortes-14fbr26-25nCdJ-Jmbr01-Bcn.jpg?resize=350%2C200&ssl=1","width":350,"height":200,"srcset":"https:\/\/i0.wp.com\/tomajazz.com\/web\/wp-content\/uploads\/2026\/03\/destacada-11-Jnm-Trjll-Bld-Mrtnz-Photo-by-Joan-Cortes-14fbr26-25nCdJ-Jmbr01-Bcn.jpg?resize=350%2C200&ssl=1 1x, https:\/\/i0.wp.com\/tomajazz.com\/web\/wp-content\/uploads\/2026\/03\/destacada-11-Jnm-Trjll-Bld-Mrtnz-Photo-by-Joan-Cortes-14fbr26-25nCdJ-Jmbr01-Bcn.jpg?resize=525%2C300&ssl=1 1.5x"},"classes":[]}],"_links":{"self":[{"href":"https:\/\/tomajazz.com\/web\/wp-json\/wp\/v2\/posts\/71453","targetHints":{"allow":["GET"]}}],"collection":[{"href":"https:\/\/tomajazz.com\/web\/wp-json\/wp\/v2\/posts"}],"about":[{"href":"https:\/\/tomajazz.com\/web\/wp-json\/wp\/v2\/types\/post"}],"author":[{"embeddable":true,"href":"https:\/\/tomajazz.com\/web\/wp-json\/wp\/v2\/users\/1"}],"replies":[{"embeddable":true,"href":"https:\/\/tomajazz.com\/web\/wp-json\/wp\/v2\/comments?post=71453"}],"version-history":[{"count":1,"href":"https:\/\/tomajazz.com\/web\/wp-json\/wp\/v2\/posts\/71453\/revisions"}],"predecessor-version":[{"id":71465,"href":"https:\/\/tomajazz.com\/web\/wp-json\/wp\/v2\/posts\/71453\/revisions\/71465"}],"wp:featuredmedia":[{"embeddable":true,"href":"https:\/\/tomajazz.com\/web\/wp-json\/wp\/v2\/media\/71459"}],"wp:attachment":[{"href":"https:\/\/tomajazz.com\/web\/wp-json\/wp\/v2\/media?parent=71453"}],"wp:term":[{"taxonomy":"category","embeddable":true,"href":"https:\/\/tomajazz.com\/web\/wp-json\/wp\/v2\/categories?post=71453"},{"taxonomy":"post_tag","embeddable":true,"href":"https:\/\/tomajazz.com\/web\/wp-json\/wp\/v2\/tags?post=71453"}],"curies":[{"name":"wp","href":"https:\/\/api.w.org\/{rel}","templated":true}]}}