{"id":72618,"date":"2023-03-27T12:00:27","date_gmt":"2023-03-27T10:00:27","guid":{"rendered":"https:\/\/www.tomajazz.com\/web\/?p=72618"},"modified":"2023-03-26T22:18:57","modified_gmt":"2023-03-26T20:18:57","slug":"ni-jota-ni-jazz-jaca-club-de-jazz-2023","status":"publish","type":"post","link":"https:\/\/tomajazz.com\/web\/ni-jota-ni-jazz-jaca-club-de-jazz-2023\/","title":{"rendered":"Ni Jota Ni Jazz &#038; friends (Jaca Club de Jazz 2023) Por Fabio Galicia [INSTANTZZ AKA Galer\u00eda fotogr\u00e1fica AKA Fotoblog de jazz, impro\u2026 y algo m\u00e1s]"},"content":{"rendered":"<h3>Jaca Club de Jazz 2023<\/h3>\n<h3>Ni Jota Ni Jazz &amp; friends<\/h3>\n<ul>\n<li>Lugar:\u00a0 Palacio de Congresos (Jaca)<\/li>\n<li>Fecha y hora: 20.30 h, del s\u00e1bado 25 de marzo de 2023<\/li>\n<li>Componentes:<br \/>\nAlicia Canguero: guitarra y voz<br \/>\nAbel Berdejo: guitarra manouche<br \/>\nMario Cantabrana: contrabajo y guitarrra<\/li>\n<\/ul>\n<p style=\"text-align: center;\"><img loading=\"lazy\" decoding=\"async\" class=\"aligncenter size-full wp-image-72619\" title=\"Ni Jota Ni Jazz &amp; friends (Jaca Club de Jazz 2023) Por Fabio Galicia [INSTANTZZ AKA Galer\u00eda fotogr\u00e1fica AKA Fotoblog de jazz, impro\u2026 y algo m\u00e1s] Tomajazz 9.0 Ni Jota ni Jazz 1 Ni Jota Ni Jazz friends Jaca Club de Jazz 2023 Por Fabio Galicia\" src=\"https:\/\/tomajazz.com\/web\/wp-content\/uploads\/2023\/03\/Ni-Jota-ni-Jazz-1-Ni-Jota-Ni-Jazz-friends-Jaca-Club-de-Jazz-2023-Por-Fabio-Galicia-.jpg\" alt=\"Ni Jota Ni Jazz &amp; friends (Jaca Club de Jazz 2023) Por Fabio Galicia [INSTANTZZ AKA Galer\u00eda fotogr\u00e1fica AKA Fotoblog de jazz, impro\u2026 y algo m\u00e1s] - Tomajazz 9.0 - Ni Jota Ni Jazz &amp; friends fue el grupo encargado de finalizar el ciclo Jaca Club de Jazz 2023. Fabio Galicia los retrata en INSTANTZZ.\" width=\"600\" height=\"401\" srcset=\"https:\/\/tomajazz.com\/web\/wp-content\/uploads\/2023\/03\/Ni-Jota-ni-Jazz-1-Ni-Jota-Ni-Jazz-friends-Jaca-Club-de-Jazz-2023-Por-Fabio-Galicia-.jpg 600w, https:\/\/tomajazz.com\/web\/wp-content\/uploads\/2023\/03\/Ni-Jota-ni-Jazz-1-Ni-Jota-Ni-Jazz-friends-Jaca-Club-de-Jazz-2023-Por-Fabio-Galicia--300x201.jpg 300w, https:\/\/tomajazz.com\/web\/wp-content\/uploads\/2023\/03\/Ni-Jota-ni-Jazz-1-Ni-Jota-Ni-Jazz-friends-Jaca-Club-de-Jazz-2023-Por-Fabio-Galicia--465x311.jpg 465w\" sizes=\"auto, (max-width: 600px) 100vw, 600px\" \/> <img loading=\"lazy\" decoding=\"async\" class=\"aligncenter size-large wp-image-72620\" title=\"Ni Jota Ni Jazz &amp; friends (Jaca Club de Jazz 2023) Por Fabio Galicia [INSTANTZZ AKA Galer\u00eda fotogr\u00e1fica AKA Fotoblog de jazz, impro\u2026 y algo m\u00e1s] Tomajazz 9.0 Ni Jota ni Jazz 2 Ni Jota Ni Jazz friends Jaca Club de Jazz 2023 Por Fabio Galicia\" src=\"https:\/\/tomajazz.com\/web\/wp-content\/uploads\/2023\/03\/Ni-Jota-ni-Jazz-2-Ni-Jota-Ni-Jazz-friends-Jaca-Club-de-Jazz-2023-Por-Fabio-Galicia-.jpg\" alt=\"Ni Jota Ni Jazz &amp; friends (Jaca Club de Jazz 2023) Por Fabio Galicia [INSTANTZZ AKA Galer\u00eda fotogr\u00e1fica AKA Fotoblog de jazz, impro\u2026 y algo m\u00e1s] - Tomajazz 9.0 - Ni Jota Ni Jazz &amp; friends fue el grupo encargado de finalizar el ciclo Jaca Club de Jazz 2023. Fabio Galicia los retrata en INSTANTZZ.\" width=\"600\" height=\"401\" srcset=\"https:\/\/tomajazz.com\/web\/wp-content\/uploads\/2023\/03\/Ni-Jota-ni-Jazz-2-Ni-Jota-Ni-Jazz-friends-Jaca-Club-de-Jazz-2023-Por-Fabio-Galicia-.jpg 600w, https:\/\/tomajazz.com\/web\/wp-content\/uploads\/2023\/03\/Ni-Jota-ni-Jazz-2-Ni-Jota-Ni-Jazz-friends-Jaca-Club-de-Jazz-2023-Por-Fabio-Galicia--300x201.jpg 300w, https:\/\/tomajazz.com\/web\/wp-content\/uploads\/2023\/03\/Ni-Jota-ni-Jazz-2-Ni-Jota-Ni-Jazz-friends-Jaca-Club-de-Jazz-2023-Por-Fabio-Galicia--465x311.jpg 465w\" sizes=\"auto, (max-width: 600px) 100vw, 600px\" \/> <img loading=\"lazy\" decoding=\"async\" class=\"aligncenter size-large wp-image-72621\" title=\"Ni Jota Ni Jazz &amp; friends (Jaca Club de Jazz 2023) Por Fabio Galicia [INSTANTZZ AKA Galer\u00eda fotogr\u00e1fica AKA Fotoblog de jazz, impro\u2026 y algo m\u00e1s] Tomajazz 9.0 Ni Jota ni Jazz 4 Ni Jota Ni Jazz friends Jaca Club de Jazz 2023 Por Fabio Galicia\" src=\"https:\/\/tomajazz.com\/web\/wp-content\/uploads\/2023\/03\/Ni-Jota-ni-Jazz-4-Ni-Jota-Ni-Jazz-friends-Jaca-Club-de-Jazz-2023-Por-Fabio-Galicia-.jpg\" alt=\"Ni Jota Ni Jazz &amp; friends (Jaca Club de Jazz 2023) Por Fabio Galicia [INSTANTZZ AKA Galer\u00eda fotogr\u00e1fica AKA Fotoblog de jazz, impro\u2026 y algo m\u00e1s] - Tomajazz 9.0 - Ni Jota Ni Jazz &amp; friends fue el grupo encargado de finalizar el ciclo Jaca Club de Jazz 2023. Fabio Galicia los retrata en INSTANTZZ.\" width=\"600\" height=\"400\" srcset=\"https:\/\/tomajazz.com\/web\/wp-content\/uploads\/2023\/03\/Ni-Jota-ni-Jazz-4-Ni-Jota-Ni-Jazz-friends-Jaca-Club-de-Jazz-2023-Por-Fabio-Galicia-.jpg 600w, https:\/\/tomajazz.com\/web\/wp-content\/uploads\/2023\/03\/Ni-Jota-ni-Jazz-4-Ni-Jota-Ni-Jazz-friends-Jaca-Club-de-Jazz-2023-Por-Fabio-Galicia--300x200.jpg 300w, https:\/\/tomajazz.com\/web\/wp-content\/uploads\/2023\/03\/Ni-Jota-ni-Jazz-4-Ni-Jota-Ni-Jazz-friends-Jaca-Club-de-Jazz-2023-Por-Fabio-Galicia--465x310.jpg 465w\" sizes=\"auto, (max-width: 600px) 100vw, 600px\" \/> <img loading=\"lazy\" decoding=\"async\" class=\"aligncenter size-large wp-image-72622\" title=\"Ni Jota Ni Jazz &amp; friends (Jaca Club de Jazz 2023) Por Fabio Galicia [INSTANTZZ AKA Galer\u00eda fotogr\u00e1fica AKA Fotoblog de jazz, impro\u2026 y algo m\u00e1s] Tomajazz 9.0 Ni Jota ni Jazz 6 Ni Jota Ni Jazz friends Jaca Club de Jazz 2023 Por Fabio Galicia\" src=\"https:\/\/tomajazz.com\/web\/wp-content\/uploads\/2023\/03\/Ni-Jota-ni-Jazz-6-Ni-Jota-Ni-Jazz-friends-Jaca-Club-de-Jazz-2023-Por-Fabio-Galicia-.jpg\" alt=\"Ni Jota Ni Jazz &amp; friends (Jaca Club de Jazz 2023) Por Fabio Galicia [INSTANTZZ AKA Galer\u00eda fotogr\u00e1fica AKA Fotoblog de jazz, impro\u2026 y algo m\u00e1s] - Tomajazz 9.0 - Ni Jota Ni Jazz &amp; friends fue el grupo encargado de finalizar el ciclo Jaca Club de Jazz 2023. Fabio Galicia los retrata en INSTANTZZ.\" width=\"600\" height=\"401\" srcset=\"https:\/\/tomajazz.com\/web\/wp-content\/uploads\/2023\/03\/Ni-Jota-ni-Jazz-6-Ni-Jota-Ni-Jazz-friends-Jaca-Club-de-Jazz-2023-Por-Fabio-Galicia-.jpg 600w, https:\/\/tomajazz.com\/web\/wp-content\/uploads\/2023\/03\/Ni-Jota-ni-Jazz-6-Ni-Jota-Ni-Jazz-friends-Jaca-Club-de-Jazz-2023-Por-Fabio-Galicia--300x201.jpg 300w, https:\/\/tomajazz.com\/web\/wp-content\/uploads\/2023\/03\/Ni-Jota-ni-Jazz-6-Ni-Jota-Ni-Jazz-friends-Jaca-Club-de-Jazz-2023-Por-Fabio-Galicia--465x311.jpg 465w\" sizes=\"auto, (max-width: 600px) 100vw, 600px\" \/> <img loading=\"lazy\" decoding=\"async\" class=\"aligncenter size-large wp-image-72623\" title=\"Ni Jota Ni Jazz &amp; friends (Jaca Club de Jazz 2023) Por Fabio Galicia [INSTANTZZ AKA Galer\u00eda fotogr\u00e1fica AKA Fotoblog de jazz, impro\u2026 y algo m\u00e1s] Tomajazz 9.0 Ni Jota ni Jazz 7 Ni Jota Ni Jazz friends Jaca Club de Jazz 2023 Por Fabio Galicia\" src=\"https:\/\/tomajazz.com\/web\/wp-content\/uploads\/2023\/03\/Ni-Jota-ni-Jazz-7-Ni-Jota-Ni-Jazz-friends-Jaca-Club-de-Jazz-2023-Por-Fabio-Galicia-.jpg\" alt=\"Ni Jota Ni Jazz &amp; friends (Jaca Club de Jazz 2023) Por Fabio Galicia [INSTANTZZ AKA Galer\u00eda fotogr\u00e1fica AKA Fotoblog de jazz, impro\u2026 y algo m\u00e1s] - Tomajazz 9.0 - Ni Jota Ni Jazz &amp; friends fue el grupo encargado de finalizar el ciclo Jaca Club de Jazz 2023. Fabio Galicia los retrata en INSTANTZZ.\" width=\"600\" height=\"401\" srcset=\"https:\/\/tomajazz.com\/web\/wp-content\/uploads\/2023\/03\/Ni-Jota-ni-Jazz-7-Ni-Jota-Ni-Jazz-friends-Jaca-Club-de-Jazz-2023-Por-Fabio-Galicia-.jpg 600w, https:\/\/tomajazz.com\/web\/wp-content\/uploads\/2023\/03\/Ni-Jota-ni-Jazz-7-Ni-Jota-Ni-Jazz-friends-Jaca-Club-de-Jazz-2023-Por-Fabio-Galicia--300x201.jpg 300w, https:\/\/tomajazz.com\/web\/wp-content\/uploads\/2023\/03\/Ni-Jota-ni-Jazz-7-Ni-Jota-Ni-Jazz-friends-Jaca-Club-de-Jazz-2023-Por-Fabio-Galicia--465x311.jpg 465w\" sizes=\"auto, (max-width: 600px) 100vw, 600px\" \/> <img loading=\"lazy\" decoding=\"async\" class=\"aligncenter size-large wp-image-72624\" title=\"Ni Jota Ni Jazz &amp; friends (Jaca Club de Jazz 2023) Por Fabio Galicia [INSTANTZZ AKA Galer\u00eda fotogr\u00e1fica AKA Fotoblog de jazz, impro\u2026 y algo m\u00e1s] Tomajazz 9.0 Ni Jota ni Jazz 9 Ni Jota Ni Jazz friends Jaca Club de Jazz 2023 Por Fabio Galicia\" src=\"https:\/\/tomajazz.com\/web\/wp-content\/uploads\/2023\/03\/Ni-Jota-ni-Jazz-9-Ni-Jota-Ni-Jazz-friends-Jaca-Club-de-Jazz-2023-Por-Fabio-Galicia-.jpg\" alt=\"Ni Jota Ni Jazz &amp; friends (Jaca Club de Jazz 2023) Por Fabio Galicia [INSTANTZZ AKA Galer\u00eda fotogr\u00e1fica AKA Fotoblog de jazz, impro\u2026 y algo m\u00e1s] - Tomajazz 9.0 - Ni Jota Ni Jazz &amp; friends fue el grupo encargado de finalizar el ciclo Jaca Club de Jazz 2023. Fabio Galicia los retrata en INSTANTZZ.\" width=\"401\" height=\"600\" srcset=\"https:\/\/tomajazz.com\/web\/wp-content\/uploads\/2023\/03\/Ni-Jota-ni-Jazz-9-Ni-Jota-Ni-Jazz-friends-Jaca-Club-de-Jazz-2023-Por-Fabio-Galicia-.jpg 401w, https:\/\/tomajazz.com\/web\/wp-content\/uploads\/2023\/03\/Ni-Jota-ni-Jazz-9-Ni-Jota-Ni-Jazz-friends-Jaca-Club-de-Jazz-2023-Por-Fabio-Galicia--201x300.jpg 201w, https:\/\/tomajazz.com\/web\/wp-content\/uploads\/2023\/03\/Ni-Jota-ni-Jazz-9-Ni-Jota-Ni-Jazz-friends-Jaca-Club-de-Jazz-2023-Por-Fabio-Galicia--368x550.jpg 368w, https:\/\/tomajazz.com\/web\/wp-content\/uploads\/2023\/03\/Ni-Jota-ni-Jazz-9-Ni-Jota-Ni-Jazz-friends-Jaca-Club-de-Jazz-2023-Por-Fabio-Galicia--334x500.jpg 334w\" sizes=\"auto, (max-width: 401px) 100vw, 401px\" \/> <img loading=\"lazy\" decoding=\"async\" class=\"aligncenter size-large wp-image-72625\" title=\"Ni Jota Ni Jazz &amp; friends (Jaca Club de Jazz 2023) Por Fabio Galicia [INSTANTZZ AKA Galer\u00eda fotogr\u00e1fica AKA Fotoblog de jazz, impro\u2026 y algo m\u00e1s] Tomajazz 9.0 Ni Jota ni Jazz 10 Ni Jota Ni Jazz friends Jaca Club de Jazz 2023 Por Fabio Galicia\" src=\"https:\/\/tomajazz.com\/web\/wp-content\/uploads\/2023\/03\/Ni-Jota-ni-Jazz-10-Ni-Jota-Ni-Jazz-friends-Jaca-Club-de-Jazz-2023-Por-Fabio-Galicia-.jpg\" alt=\"Ni Jota Ni Jazz &amp; friends (Jaca Club de Jazz 2023) Por Fabio Galicia [INSTANTZZ AKA Galer\u00eda fotogr\u00e1fica AKA Fotoblog de jazz, impro\u2026 y algo m\u00e1s] - Tomajazz 9.0 - Ni Jota Ni Jazz &amp; friends fue el grupo encargado de finalizar el ciclo Jaca Club de Jazz 2023. Fabio Galicia los retrata en INSTANTZZ.\" width=\"400\" height=\"600\" srcset=\"https:\/\/tomajazz.com\/web\/wp-content\/uploads\/2023\/03\/Ni-Jota-ni-Jazz-10-Ni-Jota-Ni-Jazz-friends-Jaca-Club-de-Jazz-2023-Por-Fabio-Galicia-.jpg 400w, https:\/\/tomajazz.com\/web\/wp-content\/uploads\/2023\/03\/Ni-Jota-ni-Jazz-10-Ni-Jota-Ni-Jazz-friends-Jaca-Club-de-Jazz-2023-Por-Fabio-Galicia--200x300.jpg 200w, https:\/\/tomajazz.com\/web\/wp-content\/uploads\/2023\/03\/Ni-Jota-ni-Jazz-10-Ni-Jota-Ni-Jazz-friends-Jaca-Club-de-Jazz-2023-Por-Fabio-Galicia--367x550.jpg 367w, https:\/\/tomajazz.com\/web\/wp-content\/uploads\/2023\/03\/Ni-Jota-ni-Jazz-10-Ni-Jota-Ni-Jazz-friends-Jaca-Club-de-Jazz-2023-Por-Fabio-Galicia--333x500.jpg 333w\" sizes=\"auto, (max-width: 400px) 100vw, 400px\" \/> <img loading=\"lazy\" decoding=\"async\" class=\"aligncenter size-large wp-image-72626\" title=\"Ni Jota Ni Jazz &amp; friends (Jaca Club de Jazz 2023) Por Fabio Galicia [INSTANTZZ AKA Galer\u00eda fotogr\u00e1fica AKA Fotoblog de jazz, impro\u2026 y algo m\u00e1s] Tomajazz 9.0 Ni Jota ni Jazz 11 Ni Jota Ni Jazz friends Jaca Club de Jazz 2023 Por Fabio Galicia\" src=\"https:\/\/tomajazz.com\/web\/wp-content\/uploads\/2023\/03\/Ni-Jota-ni-Jazz-11-Ni-Jota-Ni-Jazz-friends-Jaca-Club-de-Jazz-2023-Por-Fabio-Galicia-.jpg\" alt=\"Ni Jota Ni Jazz &amp; friends (Jaca Club de Jazz 2023) Por Fabio Galicia [INSTANTZZ AKA Galer\u00eda fotogr\u00e1fica AKA Fotoblog de jazz, impro\u2026 y algo m\u00e1s] - Tomajazz 9.0 - Ni Jota Ni Jazz &amp; friends fue el grupo encargado de finalizar el ciclo Jaca Club de Jazz 2023. Fabio Galicia los retrata en INSTANTZZ.\" width=\"401\" height=\"600\" srcset=\"https:\/\/tomajazz.com\/web\/wp-content\/uploads\/2023\/03\/Ni-Jota-ni-Jazz-11-Ni-Jota-Ni-Jazz-friends-Jaca-Club-de-Jazz-2023-Por-Fabio-Galicia-.jpg 401w, https:\/\/tomajazz.com\/web\/wp-content\/uploads\/2023\/03\/Ni-Jota-ni-Jazz-11-Ni-Jota-Ni-Jazz-friends-Jaca-Club-de-Jazz-2023-Por-Fabio-Galicia--201x300.jpg 201w, https:\/\/tomajazz.com\/web\/wp-content\/uploads\/2023\/03\/Ni-Jota-ni-Jazz-11-Ni-Jota-Ni-Jazz-friends-Jaca-Club-de-Jazz-2023-Por-Fabio-Galicia--368x550.jpg 368w, https:\/\/tomajazz.com\/web\/wp-content\/uploads\/2023\/03\/Ni-Jota-ni-Jazz-11-Ni-Jota-Ni-Jazz-friends-Jaca-Club-de-Jazz-2023-Por-Fabio-Galicia--334x500.jpg 334w\" sizes=\"auto, (max-width: 401px) 100vw, 401px\" \/> <img loading=\"lazy\" decoding=\"async\" class=\"aligncenter size-large wp-image-72627\" title=\"Ni Jota Ni Jazz &amp; friends (Jaca Club de Jazz 2023) Por Fabio Galicia [INSTANTZZ AKA Galer\u00eda fotogr\u00e1fica AKA Fotoblog de jazz, impro\u2026 y algo m\u00e1s] Tomajazz 9.0 Ni Jota ni Jazz 12 Ni Jota Ni Jazz friends Jaca Club de Jazz 2023 Por Fabio Galicia\" src=\"https:\/\/tomajazz.com\/web\/wp-content\/uploads\/2023\/03\/Ni-Jota-ni-Jazz-12-Ni-Jota-Ni-Jazz-friends-Jaca-Club-de-Jazz-2023-Por-Fabio-Galicia-.jpg\" alt=\"Ni Jota Ni Jazz &amp; friends (Jaca Club de Jazz 2023) Por Fabio Galicia [INSTANTZZ AKA Galer\u00eda fotogr\u00e1fica AKA Fotoblog de jazz, impro\u2026 y algo m\u00e1s] - Tomajazz 9.0 - Ni Jota Ni Jazz &amp; friends fue el grupo encargado de finalizar el ciclo Jaca Club de Jazz 2023. Fabio Galicia los retrata en INSTANTZZ.\" width=\"600\" height=\"400\" srcset=\"https:\/\/tomajazz.com\/web\/wp-content\/uploads\/2023\/03\/Ni-Jota-ni-Jazz-12-Ni-Jota-Ni-Jazz-friends-Jaca-Club-de-Jazz-2023-Por-Fabio-Galicia-.jpg 600w, https:\/\/tomajazz.com\/web\/wp-content\/uploads\/2023\/03\/Ni-Jota-ni-Jazz-12-Ni-Jota-Ni-Jazz-friends-Jaca-Club-de-Jazz-2023-Por-Fabio-Galicia--300x200.jpg 300w, https:\/\/tomajazz.com\/web\/wp-content\/uploads\/2023\/03\/Ni-Jota-ni-Jazz-12-Ni-Jota-Ni-Jazz-friends-Jaca-Club-de-Jazz-2023-Por-Fabio-Galicia--465x310.jpg 465w\" sizes=\"auto, (max-width: 600px) 100vw, 600px\" \/> <img loading=\"lazy\" decoding=\"async\" class=\"aligncenter size-large wp-image-72628\" title=\"Ni Jota Ni Jazz &amp; friends (Jaca Club de Jazz 2023) Por Fabio Galicia [INSTANTZZ AKA Galer\u00eda fotogr\u00e1fica AKA Fotoblog de jazz, impro\u2026 y algo m\u00e1s] Tomajazz 9.0 Ni Jota ni Jazz 14 Ni Jota Ni Jazz friends Jaca Club de Jazz 2023 Por Fabio Galicia\" src=\"https:\/\/tomajazz.com\/web\/wp-content\/uploads\/2023\/03\/Ni-Jota-ni-Jazz-14-Ni-Jota-Ni-Jazz-friends-Jaca-Club-de-Jazz-2023-Por-Fabio-Galicia-.jpg\" alt=\"Ni Jota Ni Jazz &amp; friends (Jaca Club de Jazz 2023) Por Fabio Galicia [INSTANTZZ AKA Galer\u00eda fotogr\u00e1fica AKA Fotoblog de jazz, impro\u2026 y algo m\u00e1s] - Tomajazz 9.0 - Ni Jota Ni Jazz &amp; friends fue el grupo encargado de finalizar el ciclo Jaca Club de Jazz 2023. Fabio Galicia los retrata en INSTANTZZ.\" width=\"600\" height=\"401\" srcset=\"https:\/\/tomajazz.com\/web\/wp-content\/uploads\/2023\/03\/Ni-Jota-ni-Jazz-14-Ni-Jota-Ni-Jazz-friends-Jaca-Club-de-Jazz-2023-Por-Fabio-Galicia-.jpg 600w, https:\/\/tomajazz.com\/web\/wp-content\/uploads\/2023\/03\/Ni-Jota-ni-Jazz-14-Ni-Jota-Ni-Jazz-friends-Jaca-Club-de-Jazz-2023-Por-Fabio-Galicia--300x201.jpg 300w, https:\/\/tomajazz.com\/web\/wp-content\/uploads\/2023\/03\/Ni-Jota-ni-Jazz-14-Ni-Jota-Ni-Jazz-friends-Jaca-Club-de-Jazz-2023-Por-Fabio-Galicia--465x311.jpg 465w\" sizes=\"auto, (max-width: 600px) 100vw, 600px\" \/> <img loading=\"lazy\" decoding=\"async\" class=\"aligncenter size-large wp-image-72629\" title=\"Ni Jota Ni Jazz &amp; friends (Jaca Club de Jazz 2023) Por Fabio Galicia [INSTANTZZ AKA Galer\u00eda fotogr\u00e1fica AKA Fotoblog de jazz, impro\u2026 y algo m\u00e1s] Tomajazz 9.0 Ni Jota ni Jazz 15 Ni Jota Ni Jazz friends Jaca Club de Jazz 2023 Por Fabio Galicia\" src=\"https:\/\/tomajazz.com\/web\/wp-content\/uploads\/2023\/03\/Ni-Jota-ni-Jazz-15-Ni-Jota-Ni-Jazz-friends-Jaca-Club-de-Jazz-2023-Por-Fabio-Galicia-.jpg\" alt=\"Ni Jota Ni Jazz &amp; friends (Jaca Club de Jazz 2023) Por Fabio Galicia [INSTANTZZ AKA Galer\u00eda fotogr\u00e1fica AKA Fotoblog de jazz, impro\u2026 y algo m\u00e1s] - Tomajazz 9.0 - Ni Jota Ni Jazz &amp; friends fue el grupo encargado de finalizar el ciclo Jaca Club de Jazz 2023. Fabio Galicia los retrata en INSTANTZZ.\" width=\"600\" height=\"401\" srcset=\"https:\/\/tomajazz.com\/web\/wp-content\/uploads\/2023\/03\/Ni-Jota-ni-Jazz-15-Ni-Jota-Ni-Jazz-friends-Jaca-Club-de-Jazz-2023-Por-Fabio-Galicia-.jpg 600w, https:\/\/tomajazz.com\/web\/wp-content\/uploads\/2023\/03\/Ni-Jota-ni-Jazz-15-Ni-Jota-Ni-Jazz-friends-Jaca-Club-de-Jazz-2023-Por-Fabio-Galicia--300x201.jpg 300w, https:\/\/tomajazz.com\/web\/wp-content\/uploads\/2023\/03\/Ni-Jota-ni-Jazz-15-Ni-Jota-Ni-Jazz-friends-Jaca-Club-de-Jazz-2023-Por-Fabio-Galicia--465x311.jpg 465w\" sizes=\"auto, (max-width: 600px) 100vw, 600px\" \/> <img loading=\"lazy\" decoding=\"async\" class=\"aligncenter size-large wp-image-72630\" title=\"Ni Jota Ni Jazz &amp; friends (Jaca Club de Jazz 2023) Por Fabio Galicia [INSTANTZZ AKA Galer\u00eda fotogr\u00e1fica AKA Fotoblog de jazz, impro\u2026 y algo m\u00e1s] Tomajazz 9.0 Ni Jota ni Jazz 16 Ni Jota Ni Jazz friends Jaca Club de Jazz 2023 Por Fabio Galicia\" src=\"https:\/\/tomajazz.com\/web\/wp-content\/uploads\/2023\/03\/Ni-Jota-ni-Jazz-16-Ni-Jota-Ni-Jazz-friends-Jaca-Club-de-Jazz-2023-Por-Fabio-Galicia-.jpg\" alt=\"Ni Jota Ni Jazz &amp; friends (Jaca Club de Jazz 2023) Por Fabio Galicia [INSTANTZZ AKA Galer\u00eda fotogr\u00e1fica AKA Fotoblog de jazz, impro\u2026 y algo m\u00e1s] - Tomajazz 9.0 - Ni Jota Ni Jazz &amp; friends fue el grupo encargado de finalizar el ciclo Jaca Club de Jazz 2023. Fabio Galicia los retrata en INSTANTZZ.\" width=\"600\" height=\"400\" srcset=\"https:\/\/tomajazz.com\/web\/wp-content\/uploads\/2023\/03\/Ni-Jota-ni-Jazz-16-Ni-Jota-Ni-Jazz-friends-Jaca-Club-de-Jazz-2023-Por-Fabio-Galicia-.jpg 600w, https:\/\/tomajazz.com\/web\/wp-content\/uploads\/2023\/03\/Ni-Jota-ni-Jazz-16-Ni-Jota-Ni-Jazz-friends-Jaca-Club-de-Jazz-2023-Por-Fabio-Galicia--300x200.jpg 300w, https:\/\/tomajazz.com\/web\/wp-content\/uploads\/2023\/03\/Ni-Jota-ni-Jazz-16-Ni-Jota-Ni-Jazz-friends-Jaca-Club-de-Jazz-2023-Por-Fabio-Galicia--465x310.jpg 465w\" sizes=\"auto, (max-width: 600px) 100vw, 600px\" \/> <img loading=\"lazy\" decoding=\"async\" class=\"aligncenter size-large wp-image-72631\" title=\"Ni Jota Ni Jazz &amp; friends (Jaca Club de Jazz 2023) Por Fabio Galicia [INSTANTZZ AKA Galer\u00eda fotogr\u00e1fica AKA Fotoblog de jazz, impro\u2026 y algo m\u00e1s] Tomajazz 9.0 Ni Jota ni Jazz 17 Ni Jota Ni Jazz friends Jaca Club de Jazz 2023 Por Fabio Galicia\" src=\"https:\/\/tomajazz.com\/web\/wp-content\/uploads\/2023\/03\/Ni-Jota-ni-Jazz-17-Ni-Jota-Ni-Jazz-friends-Jaca-Club-de-Jazz-2023-Por-Fabio-Galicia-.jpg\" alt=\"Ni Jota Ni Jazz &amp; friends (Jaca Club de Jazz 2023) Por Fabio Galicia [INSTANTZZ AKA Galer\u00eda fotogr\u00e1fica AKA Fotoblog de jazz, impro\u2026 y algo m\u00e1s] - Tomajazz 9.0 - Ni Jota Ni Jazz &amp; friends fue el grupo encargado de finalizar el ciclo Jaca Club de Jazz 2023. Fabio Galicia los retrata en INSTANTZZ.\" width=\"400\" height=\"600\" srcset=\"https:\/\/tomajazz.com\/web\/wp-content\/uploads\/2023\/03\/Ni-Jota-ni-Jazz-17-Ni-Jota-Ni-Jazz-friends-Jaca-Club-de-Jazz-2023-Por-Fabio-Galicia-.jpg 400w, https:\/\/tomajazz.com\/web\/wp-content\/uploads\/2023\/03\/Ni-Jota-ni-Jazz-17-Ni-Jota-Ni-Jazz-friends-Jaca-Club-de-Jazz-2023-Por-Fabio-Galicia--200x300.jpg 200w, https:\/\/tomajazz.com\/web\/wp-content\/uploads\/2023\/03\/Ni-Jota-ni-Jazz-17-Ni-Jota-Ni-Jazz-friends-Jaca-Club-de-Jazz-2023-Por-Fabio-Galicia--367x550.jpg 367w, https:\/\/tomajazz.com\/web\/wp-content\/uploads\/2023\/03\/Ni-Jota-ni-Jazz-17-Ni-Jota-Ni-Jazz-friends-Jaca-Club-de-Jazz-2023-Por-Fabio-Galicia--333x500.jpg 333w\" sizes=\"auto, (max-width: 400px) 100vw, 400px\" \/> <img loading=\"lazy\" decoding=\"async\" class=\"aligncenter size-large wp-image-72632\" title=\"Ni Jota Ni Jazz &amp; friends (Jaca Club de Jazz 2023) Por Fabio Galicia [INSTANTZZ AKA Galer\u00eda fotogr\u00e1fica AKA Fotoblog de jazz, impro\u2026 y algo m\u00e1s] Tomajazz 9.0 Ni Jota ni Jazz 18 Ni Jota Ni Jazz friends Jaca Club de Jazz 2023 Por Fabio Galicia\" src=\"https:\/\/tomajazz.com\/web\/wp-content\/uploads\/2023\/03\/Ni-Jota-ni-Jazz-18-Ni-Jota-Ni-Jazz-friends-Jaca-Club-de-Jazz-2023-Por-Fabio-Galicia-.jpg\" alt=\"Ni Jota Ni Jazz &amp; friends (Jaca Club de Jazz 2023) Por Fabio Galicia [INSTANTZZ AKA Galer\u00eda fotogr\u00e1fica AKA Fotoblog de jazz, impro\u2026 y algo m\u00e1s] - Tomajazz 9.0 - Ni Jota Ni Jazz &amp; friends fue el grupo encargado de finalizar el ciclo Jaca Club de Jazz 2023. Fabio Galicia los retrata en INSTANTZZ.\" width=\"600\" height=\"401\" srcset=\"https:\/\/tomajazz.com\/web\/wp-content\/uploads\/2023\/03\/Ni-Jota-ni-Jazz-18-Ni-Jota-Ni-Jazz-friends-Jaca-Club-de-Jazz-2023-Por-Fabio-Galicia-.jpg 600w, https:\/\/tomajazz.com\/web\/wp-content\/uploads\/2023\/03\/Ni-Jota-ni-Jazz-18-Ni-Jota-Ni-Jazz-friends-Jaca-Club-de-Jazz-2023-Por-Fabio-Galicia--300x201.jpg 300w, https:\/\/tomajazz.com\/web\/wp-content\/uploads\/2023\/03\/Ni-Jota-ni-Jazz-18-Ni-Jota-Ni-Jazz-friends-Jaca-Club-de-Jazz-2023-Por-Fabio-Galicia--465x311.jpg 465w\" sizes=\"auto, (max-width: 600px) 100vw, 600px\" \/> <img loading=\"lazy\" decoding=\"async\" class=\"aligncenter size-large wp-image-72633\" title=\"Ni Jota Ni Jazz &amp; friends (Jaca Club de Jazz 2023) Por Fabio Galicia [INSTANTZZ AKA Galer\u00eda fotogr\u00e1fica AKA Fotoblog de jazz, impro\u2026 y algo m\u00e1s] Tomajazz 9.0 Ni Jota ni Jazz 21 Ni Jota Ni Jazz friends Jaca Club de Jazz 2023 Por Fabio Galicia\" src=\"https:\/\/tomajazz.com\/web\/wp-content\/uploads\/2023\/03\/Ni-Jota-ni-Jazz-21-Ni-Jota-Ni-Jazz-friends-Jaca-Club-de-Jazz-2023-Por-Fabio-Galicia-.jpg\" alt=\"Ni Jota Ni Jazz &amp; friends (Jaca Club de Jazz 2023) Por Fabio Galicia [INSTANTZZ AKA Galer\u00eda fotogr\u00e1fica AKA Fotoblog de jazz, impro\u2026 y algo m\u00e1s] - Tomajazz 9.0 - Ni Jota Ni Jazz &amp; friends fue el grupo encargado de finalizar el ciclo Jaca Club de Jazz 2023. Fabio Galicia los retrata en INSTANTZZ.\" width=\"600\" height=\"400\" srcset=\"https:\/\/tomajazz.com\/web\/wp-content\/uploads\/2023\/03\/Ni-Jota-ni-Jazz-21-Ni-Jota-Ni-Jazz-friends-Jaca-Club-de-Jazz-2023-Por-Fabio-Galicia-.jpg 600w, https:\/\/tomajazz.com\/web\/wp-content\/uploads\/2023\/03\/Ni-Jota-ni-Jazz-21-Ni-Jota-Ni-Jazz-friends-Jaca-Club-de-Jazz-2023-Por-Fabio-Galicia--300x200.jpg 300w, https:\/\/tomajazz.com\/web\/wp-content\/uploads\/2023\/03\/Ni-Jota-ni-Jazz-21-Ni-Jota-Ni-Jazz-friends-Jaca-Club-de-Jazz-2023-Por-Fabio-Galicia--465x310.jpg 465w\" sizes=\"auto, (max-width: 600px) 100vw, 600px\" \/><\/p>\n<p style=\"text-align: right;\">Tomajazz: \u00a9\u00a0<a href=\"https:\/\/www.flickr.com\/photos\/fgjazzgz\" target=\"_blank\" rel=\"noopener noreferrer\"><strong>Fabio Galicia<\/strong><\/a>, 2023<\/p>\n<h3>M\u00e1s informaci\u00f3n<\/h3>\n<p><a href=\"https:\/\/nijotanijazz.com\/\" target=\"_blank\" rel=\"noopener\">https:\/\/nijotanijazz.com\/<\/a><\/p>\n<p><a href=\"https:\/\/tomajazz.com\/web\/?s=ni+jota+ni+jazz&amp;submit=Search\" target=\"_blank\" rel=\"noopener\">https:\/\/tomajazz.com\/web\/?s=ni+jota+ni+jazz&amp;submit=Search<\/a><\/p>\n<h3>Especial Jaca Club de Jazz 2023 en Tomajazz<\/h3>\n<blockquote class=\"wp-embedded-content\" data-secret=\"NWp2ltJvt9\"><p><a href=\"https:\/\/tomajazz.com\/web\/ana-carla-maza-jaca-club-de-jazz-2023\/\">Ana Carla Maza (Jaca Club de Jazz 2023) Por Fabio Galicia [INSTANTZZ AKA Galer\u00eda fotogr\u00e1fica AKA Fotoblog de jazz, impro\u2026 y algo m\u00e1s]<\/a><\/p><\/blockquote>\n<p><iframe loading=\"lazy\" class=\"wp-embedded-content\" sandbox=\"allow-scripts\" security=\"restricted\" style=\"position: absolute; visibility: hidden;\" title=\"\u00abAna Carla Maza (Jaca Club de Jazz 2023) Por Fabio Galicia [INSTANTZZ AKA Galer\u00eda fotogr\u00e1fica AKA Fotoblog de jazz, impro\u2026 y algo m\u00e1s]\u00bb \u2014 Tomajazz\" src=\"https:\/\/tomajazz.com\/web\/ana-carla-maza-jaca-club-de-jazz-2023\/embed\/#?secret=i3gYYT6qNO#?secret=NWp2ltJvt9\" data-secret=\"NWp2ltJvt9\" width=\"600\" height=\"338\" frameborder=\"0\" marginwidth=\"0\" marginheight=\"0\" scrolling=\"no\"><\/iframe><\/p>\n<blockquote class=\"wp-embedded-content\" data-secret=\"tCEem0Qe5n\"><p><a href=\"https:\/\/tomajazz.com\/web\/matthieu-saglio-quartet-jaca-2023\/\">Matthieu Saglio Quartet (Jaca Club de Jazz 2023) Por Fabio Galicia [INSTANTZZ AKA Galer\u00eda fotogr\u00e1fica AKA Fotoblog de jazz, impro\u2026 y algo m\u00e1s]<\/a><\/p><\/blockquote>\n<p><iframe loading=\"lazy\" class=\"wp-embedded-content\" sandbox=\"allow-scripts\" security=\"restricted\" style=\"position: absolute; visibility: hidden;\" title=\"\u00abMatthieu Saglio Quartet (Jaca Club de Jazz 2023) Por Fabio Galicia [INSTANTZZ AKA Galer\u00eda fotogr\u00e1fica AKA Fotoblog de jazz, impro\u2026 y algo m\u00e1s]\u00bb \u2014 Tomajazz\" src=\"https:\/\/tomajazz.com\/web\/matthieu-saglio-quartet-jaca-2023\/embed\/#?secret=fexESdDRjC#?secret=tCEem0Qe5n\" data-secret=\"tCEem0Qe5n\" width=\"600\" height=\"338\" frameborder=\"0\" marginwidth=\"0\" marginheight=\"0\" scrolling=\"no\"><\/iframe><\/p>\n<h4>Fabio Galicia en Tomajazz<\/h4>\n<p><a href=\"https:\/\/tomajazz.com\/web\/?cat=22655\" target=\"_blank\" rel=\"noopener\">https:\/\/tomajazz.com\/web\/?cat=22655<\/a><\/p>\n","protected":false},"excerpt":{"rendered":"<p>Ni Jota Ni Jazz &#038; friends fue el grupo encargado de finalizar el ciclo Jaca Club de Jazz 2023. Fabio Galicia los retrata en INSTANTZZ.<span class=\"more-link\"><a href=\"https:\/\/tomajazz.com\/web\/ni-jota-ni-jazz-jaca-club-de-jazz-2023\/\">Contin\u00faa leyendo<\/a><\/span><\/p>\n","protected":false},"author":1,"featured_media":72623,"comment_status":"open","ping_status":"closed","sticky":false,"template":"","format":"standard","meta":{"jetpack_post_was_ever_published":false,"_jetpack_newsletter_access":"","_jetpack_dont_email_post_to_subs":false,"_jetpack_newsletter_tier_id":0,"_jetpack_memberships_contains_paywalled_content":false,"_jetpack_memberships_contains_paid_content":false,"footnotes":""},"categories":[11261,22655,28581,11262,15516,1038],"tags":[28627,28626,22659,25619,28421,28628,28625],"class_list":["entry","author-pachi","has-excerpt","post-72618","post","type-post","status-publish","format-standard","has-post-thumbnail","category-instantzz","category-_fabio-galicia","category-especial-jaca-club-de-jazz-2023","category-photoblogs","category-imagenes","category-contenidos","tag-abel-berdejo","tag-alicia-canguero","tag-fabio-galicia","tag-jaca-club-de-jazz","tag-jaca-club-de-jazz-2023","tag-mario-cantabrana","tag-ni-jota-ni-jazz"],"jetpack_featured_media_url":"https:\/\/tomajazz.com\/web\/wp-content\/uploads\/2023\/03\/Ni-Jota-ni-Jazz-7-Ni-Jota-Ni-Jazz-friends-Jaca-Club-de-Jazz-2023-Por-Fabio-Galicia-.jpg","jetpack_likes_enabled":true,"jetpack_sharing_enabled":true,"jetpack-related-posts":[{"id":104681,"url":"https:\/\/tomajazz.com\/web\/abe-rabade-jaca-club-de-jazz-2026\/","url_meta":{"origin":72618,"position":0},"title":"Abe R\u00e1bade (Ciclo Jaca Club de Jazz 2026. Palacio de Congresos, Jaca. 2026-03-21) Por Fabio Galicia [INSTANTZZ AKA Galer\u00eda fotogr\u00e1fica AKA Fotoblog de jazz, impro\u2026 y algo m\u00e1s]","author":"Tomajazz","date":"3 abril, 2026","format":false,"excerpt":"Abe R\u00e1bade actu\u00f3 en el Ciclo Jaca Club de Jazz 2026, el 21 de marzo de 2026. Fabio Galicia lo retrata en INSTANTZZ. Actuaron Abe R\u00e1bade y Ariel Br\u00ednguez","rel":"","context":"En \u00abINSTANTZZ\u00bb","block_context":{"text":"INSTANTZZ","link":"https:\/\/tomajazz.com\/web\/category\/contenidos\/imagenes\/photoblogs\/instantzz\/"},"img":{"alt_text":"Abe R\u00e1bade (Ciclo Jaca Club de Jazz 2026. Palacio de Congresos, Jaca. 2026-03-21) Por Fabio Galicia [INSTANTZZ AKA Galer\u00eda fotogr\u00e1fica AKA Fotoblog de jazz, impro\u2026 y algo m\u00e1s] - Tomajazz - Abe R\u00e1bade actu\u00f3 en el Ciclo Jaca Club de Jazz 2026, el 21 de marzo de 2026. Fabio Galicia lo retrata en INSTANTZZ. Actuaron Abe R\u00e1bade y Ariel Br\u00ednguez","src":"https:\/\/i0.wp.com\/tomajazz.com\/web\/wp-content\/uploads\/2026\/04\/2603021-ABE-RABADE-12.jpg?resize=350%2C200&ssl=1","width":350,"height":200,"srcset":"https:\/\/i0.wp.com\/tomajazz.com\/web\/wp-content\/uploads\/2026\/04\/2603021-ABE-RABADE-12.jpg?resize=350%2C200&ssl=1 1x, https:\/\/i0.wp.com\/tomajazz.com\/web\/wp-content\/uploads\/2026\/04\/2603021-ABE-RABADE-12.jpg?resize=525%2C300&ssl=1 1.5x, https:\/\/i0.wp.com\/tomajazz.com\/web\/wp-content\/uploads\/2026\/04\/2603021-ABE-RABADE-12.jpg?resize=700%2C400&ssl=1 2x, https:\/\/i0.wp.com\/tomajazz.com\/web\/wp-content\/uploads\/2026\/04\/2603021-ABE-RABADE-12.jpg?resize=1050%2C600&ssl=1 3x"},"classes":[]},{"id":104748,"url":"https:\/\/tomajazz.com\/web\/ivan-lewis-trio-jaca-club-de-jazz-2026\/","url_meta":{"origin":72618,"position":1},"title":"Iv\u00e1n Lewis Tr\u00edo \u201cLuces y sombras\u201d (Ciclo Jaca Club de Jazz 2026. Palacio de Congresos, Jaca. 2026-03-28) Por Fabio Galicia [INSTANTZZ AKA Galer\u00eda fotogr\u00e1fica AKA Fotoblog de jazz, impro\u2026 y algo m\u00e1s]","author":"Tomajazz","date":"6 abril, 2026","format":false,"excerpt":"Iv\u00e1n Lewis Tr\u00edo \u201cLuces y sombras\u201d actu\u00f3 en el Ciclo Jaca Club de Jazz 2026, el 28 de marzo de 2026. Fabio Galicia lo retrata en INSTANTZZ. Actuaron Iv\u00e1n Lewis, Yandy Mart\u00ednez, Georvis Pico","rel":"","context":"En \u00abINSTANTZZ\u00bb","block_context":{"text":"INSTANTZZ","link":"https:\/\/tomajazz.com\/web\/category\/contenidos\/imagenes\/photoblogs\/instantzz\/"},"img":{"alt_text":"Iv\u00e1n Lewis Tr\u00edo \u201cLuces y sombras\u201d (Ciclo Jaca Club de Jazz 2026. Palacio de Congresos, Jaca. 2026-03-28) Por Fabio Galicia [INSTANTZZ AKA Galer\u00eda fotogr\u00e1fica AKA Fotoblog de jazz, impro\u2026 y algo m\u00e1s] - Tomajazz - Iv\u00e1n Lewis Tr\u00edo \u201cLuces y sombras\u201d actu\u00f3 en el Ciclo Jaca Club de Jazz 2026, el 28 de marzo de 2026. Fabio Galicia lo retrata en INSTANTZZ. Actuaron","src":"https:\/\/i0.wp.com\/tomajazz.com\/web\/wp-content\/uploads\/2026\/04\/260328-IVAN-LEWIS-9.jpg?resize=350%2C200&ssl=1","width":350,"height":200,"srcset":"https:\/\/i0.wp.com\/tomajazz.com\/web\/wp-content\/uploads\/2026\/04\/260328-IVAN-LEWIS-9.jpg?resize=350%2C200&ssl=1 1x, https:\/\/i0.wp.com\/tomajazz.com\/web\/wp-content\/uploads\/2026\/04\/260328-IVAN-LEWIS-9.jpg?resize=525%2C300&ssl=1 1.5x, https:\/\/i0.wp.com\/tomajazz.com\/web\/wp-content\/uploads\/2026\/04\/260328-IVAN-LEWIS-9.jpg?resize=700%2C400&ssl=1 2x, https:\/\/i0.wp.com\/tomajazz.com\/web\/wp-content\/uploads\/2026\/04\/260328-IVAN-LEWIS-9.jpg?resize=1050%2C600&ssl=1 3x"},"classes":[]},{"id":104895,"url":"https:\/\/tomajazz.com\/web\/olga-pericet-jaca-2026\/","url_meta":{"origin":72618,"position":2},"title":"Olga Pericet \u201cBaile Sonoro\u201d (Palacio de Congresos, Jaca. 2026-03-28) Por Fabio Galicia [Flamencuras AKA INSTANTZZ AKA Galer\u00eda fotogr\u00e1fica AKA Fotoblog de jazz, impro\u2026 y algo m\u00e1s]","author":"Tomajazz","date":"15 abril, 2026","format":false,"excerpt":"Olga Pericet \u201cBaile Sonoro\u201d actu\u00f3 en el Palacio de Congresos de Jaca, el 28 de marzo de 2026. Fabio Galicia lo retrata en las Flamencuras de INSTANTZZ. Con Jos\u00e9 Manuel Le\u00f3n, Mercedes Cort\u00e9s, Olga Pericet","rel":"","context":"En \u00abFlamencuras\u00bb","block_context":{"text":"Flamencuras","link":"https:\/\/tomajazz.com\/web\/category\/contenidos\/imagenes\/photoblogs\/flamencuras\/"},"img":{"alt_text":"Olga Pericet \u201cBaile Sonoro\u201d (Palacio de Congresos, Jaca. 2026-03-28) Por Fabio Galicia [Flamencuras AKA INSTANTZZ AKA Galer\u00eda fotogr\u00e1fica AKA Fotoblog de jazz, impro\u2026 y algo m\u00e1s] - Tomajazz - Olga Pericet \u201cBaile Sonoro\u201d actu\u00f3 en el Palacio de Congresos de Jaca, el 28 de marzo de 2026. Fabio Galicia lo retrata en las Flamencuras de INSTANTZZ. Con Jos\u00e9 Manuel Le\u00f3n, Mercedes Cort\u00e9s, Olga Pericet\n","src":"https:\/\/i0.wp.com\/tomajazz.com\/web\/wp-content\/uploads\/2026\/04\/Olga-Pericet-29.jpg?resize=350%2C200&ssl=1","width":350,"height":200,"srcset":"https:\/\/i0.wp.com\/tomajazz.com\/web\/wp-content\/uploads\/2026\/04\/Olga-Pericet-29.jpg?resize=350%2C200&ssl=1 1x, https:\/\/i0.wp.com\/tomajazz.com\/web\/wp-content\/uploads\/2026\/04\/Olga-Pericet-29.jpg?resize=525%2C300&ssl=1 1.5x, https:\/\/i0.wp.com\/tomajazz.com\/web\/wp-content\/uploads\/2026\/04\/Olga-Pericet-29.jpg?resize=700%2C400&ssl=1 2x, https:\/\/i0.wp.com\/tomajazz.com\/web\/wp-content\/uploads\/2026\/04\/Olga-Pericet-29.jpg?resize=1050%2C600&ssl=1 3x"},"classes":[]},{"id":72363,"url":"https:\/\/tomajazz.com\/web\/ana-carla-maza-jaca-club-de-jazz-2023\/","url_meta":{"origin":72618,"position":3},"title":"Ana Carla Maza (Jaca Club de Jazz 2023) Por Fabio Galicia [INSTANTZZ AKA Galer\u00eda fotogr\u00e1fica AKA Fotoblog de jazz, impro\u2026 y algo m\u00e1s]","author":"Tomajazz","date":"19 marzo, 2023","format":false,"excerpt":"Ana Carla Maza actu\u00f3 en el ciclo Jaca Club de Jazz 2023. Fabio Galicia es el autor de las im\u00e1genes de la galer\u00eda fotogr\u00e1fica en INSTANTZZ.","rel":"","context":"En \u00abEspecial Jaca Club de Jazz 2023\u00bb","block_context":{"text":"Especial Jaca Club de Jazz 2023","link":"https:\/\/tomajazz.com\/web\/category\/contenidos\/especial-contenidos\/especial-jaca-club-de-jazz-2023\/"},"img":{"alt_text":"Ana Carla Maza (Jaca Club de Jazz 2023) Por Fabio Galicia [INSTANTZZ AKA Galer\u00eda fotogr\u00e1fica AKA Fotoblog de jazz, impro\u2026 y algo m\u00e1s] - Tomajazz 9.0 -","src":"https:\/\/i0.wp.com\/tomajazz.com\/web\/wp-content\/uploads\/2023\/03\/ana-carla-maza-4-jaca-club-de-jazz-2023-por-fabio-galicia-tomajazz-.jpg?resize=350%2C200&ssl=1","width":350,"height":200,"srcset":"https:\/\/i0.wp.com\/tomajazz.com\/web\/wp-content\/uploads\/2023\/03\/ana-carla-maza-4-jaca-club-de-jazz-2023-por-fabio-galicia-tomajazz-.jpg?resize=350%2C200&ssl=1 1x, https:\/\/i0.wp.com\/tomajazz.com\/web\/wp-content\/uploads\/2023\/03\/ana-carla-maza-4-jaca-club-de-jazz-2023-por-fabio-galicia-tomajazz-.jpg?resize=525%2C300&ssl=1 1.5x"},"classes":[]},{"id":72025,"url":"https:\/\/tomajazz.com\/web\/matthieu-saglio-quartet-jaca-2023\/","url_meta":{"origin":72618,"position":4},"title":"Matthieu Saglio Quartet (Jaca Club de Jazz 2023) Por Fabio Galicia [INSTANTZZ AKA Galer\u00eda fotogr\u00e1fica AKA Fotoblog de jazz, impro\u2026 y algo m\u00e1s]","author":"Tomajazz","date":"12 marzo, 2023","format":false,"excerpt":"Matthieu Saglio Quartet inaugur\u00f3 el ciclo Jaca Club de Jazz 2023. Fabio Galicia retrata el concierto en INSTANTZZ.","rel":"","context":"En \u00abEspecial Jaca Club de Jazz 2023\u00bb","block_context":{"text":"Especial Jaca Club de Jazz 2023","link":"https:\/\/tomajazz.com\/web\/category\/contenidos\/especial-contenidos\/especial-jaca-club-de-jazz-2023\/"},"img":{"alt_text":"Matthieu Saglio Quartet (Jaca Club de Jazz 2023) Por Fabio Galicia [INSTANTZZ AKA Galer\u00eda fotogr\u00e1fica AKA Fotoblog de jazz, impro\u2026 y algo m\u00e1s] Matthieu Saglio 8 Tomajazz 9.0 - Matthieu Saglio Quartet inaugur\u00f3 el ciclo Jaca Club de Jazz 2023. Fabio Galicia retrata el concierto en INSTANTZZ.","src":"https:\/\/i0.wp.com\/tomajazz.com\/web\/wp-content\/uploads\/2023\/03\/Matthieu-Saglio-8.jpg?resize=350%2C200&ssl=1","width":350,"height":200,"srcset":"https:\/\/i0.wp.com\/tomajazz.com\/web\/wp-content\/uploads\/2023\/03\/Matthieu-Saglio-8.jpg?resize=350%2C200&ssl=1 1x, https:\/\/i0.wp.com\/tomajazz.com\/web\/wp-content\/uploads\/2023\/03\/Matthieu-Saglio-8.jpg?resize=525%2C300&ssl=1 1.5x"},"classes":[]},{"id":84805,"url":"https:\/\/tomajazz.com\/web\/viki-lafuente-the-banned-jaca-2024\/","url_meta":{"origin":72618,"position":5},"title":"Viki Lafuente &#038; The Banned (Jaca Club de Jazz. Palacio de Congresos, Jaca. 2024-03-09) Por Fabio Galicia [INSTANTZZ AKA Galer\u00eda fotogr\u00e1fica AKA Fotoblog de jazz, impro\u2026 y algo m\u00e1s]","author":"Tomajazz","date":"17 marzo, 2024","format":false,"excerpt":"Viki Lafuente & The Banned actu\u00f3 en el Jaca Club de Jazz, en el Palacio de Congresos de Jaca, el 9 de marzo de 2024. Fabio Galicia retrata a la cantante en INSTANTZZ. Actuaron Viki Lafuente, Alex Com\u00edn, Jes\u00fas Mart\u00ed, Israel Tubilleja","rel":"","context":"En \u00abINSTANTZZ\u00bb","block_context":{"text":"INSTANTZZ","link":"https:\/\/tomajazz.com\/web\/category\/contenidos\/imagenes\/photoblogs\/instantzz\/"},"img":{"alt_text":"Viki Lafuente & The Banned (Jaca Club de Jazz. Palacio de Congresos, Jaca. 2024-03-09) Por Fabio Galicia [INSTANTZZ AKA Galer\u00eda fotogr\u00e1fica AKA Fotoblog de jazz, impro\u2026 y algo m\u00e1s] - Tomajazz - Viki Lafuente & The Banned actu\u00f3 en el Jaca Club de Jazz, en el Palacio de Congresos de Jaca, el 9 de marzo de 2024. Fabio Galicia retrata a la cantante en INSTANTZZ. Actuaron Viki Lafuente, Alex Com\u00edn, Jes\u00fas Mart\u00ed, Israel Tubilleja","src":"https:\/\/i0.wp.com\/tomajazz.com\/web\/wp-content\/uploads\/2024\/03\/Viki-Lafuente-The-Banned-9.jpg?resize=350%2C200&ssl=1","width":350,"height":200,"srcset":"https:\/\/i0.wp.com\/tomajazz.com\/web\/wp-content\/uploads\/2024\/03\/Viki-Lafuente-The-Banned-9.jpg?resize=350%2C200&ssl=1 1x, https:\/\/i0.wp.com\/tomajazz.com\/web\/wp-content\/uploads\/2024\/03\/Viki-Lafuente-The-Banned-9.jpg?resize=525%2C300&ssl=1 1.5x"},"classes":[]}],"_links":{"self":[{"href":"https:\/\/tomajazz.com\/web\/wp-json\/wp\/v2\/posts\/72618","targetHints":{"allow":["GET"]}}],"collection":[{"href":"https:\/\/tomajazz.com\/web\/wp-json\/wp\/v2\/posts"}],"about":[{"href":"https:\/\/tomajazz.com\/web\/wp-json\/wp\/v2\/types\/post"}],"author":[{"embeddable":true,"href":"https:\/\/tomajazz.com\/web\/wp-json\/wp\/v2\/users\/1"}],"replies":[{"embeddable":true,"href":"https:\/\/tomajazz.com\/web\/wp-json\/wp\/v2\/comments?post=72618"}],"version-history":[{"count":1,"href":"https:\/\/tomajazz.com\/web\/wp-json\/wp\/v2\/posts\/72618\/revisions"}],"predecessor-version":[{"id":72634,"href":"https:\/\/tomajazz.com\/web\/wp-json\/wp\/v2\/posts\/72618\/revisions\/72634"}],"wp:featuredmedia":[{"embeddable":true,"href":"https:\/\/tomajazz.com\/web\/wp-json\/wp\/v2\/media\/72623"}],"wp:attachment":[{"href":"https:\/\/tomajazz.com\/web\/wp-json\/wp\/v2\/media?parent=72618"}],"wp:term":[{"taxonomy":"category","embeddable":true,"href":"https:\/\/tomajazz.com\/web\/wp-json\/wp\/v2\/categories?post=72618"},{"taxonomy":"post_tag","embeddable":true,"href":"https:\/\/tomajazz.com\/web\/wp-json\/wp\/v2\/tags?post=72618"}],"curies":[{"name":"wp","href":"https:\/\/api.w.org\/{rel}","templated":true}]}}